{"id":5210,"date":"2024-03-10T14:21:02","date_gmt":"2024-03-10T14:21:02","guid":{"rendered":"https:\/\/www.alumni.space\/la-marcha-de-conductores-experimentados-un-reto-importante-para-la-logistica\/"},"modified":"2026-04-02T12:06:24","modified_gmt":"2026-04-02T12:06:24","slug":"la-marcha-de-conductores-experimentados-un-reto-importante-para-la-logistica","status":"publish","type":"post","link":"https:\/\/www.alumni.space\/es\/la-marcha-de-conductores-experimentados-un-reto-importante-para-la-logistica\/","title":{"rendered":"La marcha de conductores experimentados: un reto importante para la log\u00edstica"},"content":{"rendered":"<p>El sector de la log\u00edstica se encuentra en un punto de inflexi\u00f3n, con la marcha masiva de <strong>conductores experimentados<\/strong>. Esto plantea un reto estrat\u00e9gico que repercute directamente en la <strong>gesti\u00f3n de los recursos humanos<\/strong> y en el rendimiento de <strong>los equipos log\u00edsticos<\/strong>. El envejecimiento de los profesionales del transporte por carretera, unido a la <strong>escasez de conductores<\/strong>, est\u00e1 creando una tensi\u00f3n que afecta a la continuidad y a la eficacia operativa.  <\/p><div id=\"ez-toc-container\" class=\"ez-toc-v2_0_82_2 counter-flat ez-toc-counter ez-toc-grey ez-toc-container-direction\">\n<div class=\"ez-toc-title-container\"><p class=\"ez-toc-title\" style=\"cursor:inherit\">En este art\u00edculo se trata lo siguiente:<\/p>\n<\/div><nav><ul class='ez-toc-list ez-toc-list-level-1 ' ><li class='ez-toc-page-1'><a class=\"ez-toc-link ez-toc-heading-1\" href=\"https:\/\/www.alumni.space\/es\/la-marcha-de-conductores-experimentados-un-reto-importante-para-la-logistica\/#Impacto_de_la_marcha_de_conductores_experimentados_en_el_rendimiento_logistico\" >Impacto de la marcha de conductores experimentados en el rendimiento log\u00edstico<\/a><\/li><li class='ez-toc-page-1'><a class=\"ez-toc-link ez-toc-heading-2\" href=\"https:\/\/www.alumni.space\/es\/la-marcha-de-conductores-experimentados-un-reto-importante-para-la-logistica\/#Los_fundamentos_del_Conge_de_Fin_dActivite_y_su_papel_en_la_gestion_de_las_salidas\" >Los fundamentos del Cong\u00e9 de Fin d&#8217;Activit\u00e9 y su papel en la gesti\u00f3n de las salidas<\/a><\/li><li class='ez-toc-page-1'><a class=\"ez-toc-link ez-toc-heading-3\" href=\"https:\/\/www.alumni.space\/es\/la-marcha-de-conductores-experimentados-un-reto-importante-para-la-logistica\/#Retos_de_la_contratacion_y_condiciones_de_trabajo_en_el_contexto_actual\" >Retos de la contrataci\u00f3n y condiciones de trabajo en el contexto actual<\/a><\/li><li class='ez-toc-page-1'><a class=\"ez-toc-link ez-toc-heading-4\" href=\"https:\/\/www.alumni.space\/es\/la-marcha-de-conductores-experimentados-un-reto-importante-para-la-logistica\/#Promover_la_transferencia_de_competencias_para_una_red_logistica_resistente\" >Promover la transferencia de competencias para una red log\u00edstica resistente<\/a><\/li><\/ul><\/nav><\/div>\n<h2 class=\"wp-block-heading\"><span class=\"ez-toc-section\" id=\"Impacto_de_la_marcha_de_conductores_experimentados_en_el_rendimiento_logistico\"><\/span>Impacto de la marcha de conductores experimentados en el rendimiento log\u00edstico<span class=\"ez-toc-section-end\"><\/span><\/h2><p>La <strong>marcha de<\/strong> los conductores veteranos supone una p\u00e9rdida considerable de experiencia y conocimientos. La <strong>jubilaci\u00f3n de<\/strong> conductores se lleva por delante el talento que domina las rutas, la forma de afrontar los imprevistos y el conocimiento de los protocolos de seguridad. Estas salidas aceleran el riesgo de una ca\u00edda de la calidad y la capacidad de respuesta en las operaciones log\u00edsticas diarias.  <\/p><p>Uno de los principales retos es la capacidad de mantener <strong>la continuidad operativa<\/strong> a pesar de la elevada rotaci\u00f3n de personal. Las dificultades de contrataci\u00f3n se est\u00e1n agudizando, lo que se refleja en unos \u00edndices alarmantes, con 22.000 vacantes registradas en 2023, y previsiones de 70.000 para 2033, seg\u00fan un estudio de la Uni\u00f3n TLF. Esta situaci\u00f3n est\u00e1 socavando la planificaci\u00f3n del transporte y ejerciendo presi\u00f3n sobre los equipos restantes.  <\/p><figure class=\"wp-block-image size-full\"><img decoding=\"async\" width=\"1280\" height=\"768\" src=\"https:\/\/www.alumni.space\/wp-content\/uploads\/2026\/03\/Depart-des-conducteurs-experimentes-un-enjeu-majeur-pour-la-logistique-1.jpg\" data-orig-src=\"https:\/\/www.alumni.space\/wp-content\/uploads\/2026\/03\/Depart-des-conducteurs-experimentes-un-enjeu-majeur-pour-la-logistique-1.jpg\" alt=\"Inf\u00f3rmate sobre la problem\u00e1tica de la marcha de conductores experimentados y su gran impacto en el sector log\u00edstico, as\u00ed como sobre las estrategias para hacerle frente.\" class=\"lazyload wp-image-3270\" srcset=\"data:image\/svg+xml,%3Csvg%20xmlns%3D%27http%3A%2F%2Fwww.w3.org%2F2000%2Fsvg%27%20width%3D%271280%27%20height%3D%27768%27%20viewBox%3D%270%200%201280%20768%27%3E%3Crect%20width%3D%271280%27%20height%3D%27768%27%20fill-opacity%3D%220%22%2F%3E%3C%2Fsvg%3E\" data-srcset=\"https:\/\/www.alumni.space\/wp-content\/uploads\/2026\/03\/Depart-des-conducteurs-experimentes-un-enjeu-majeur-pour-la-logistique-1-200x120.jpg 200w, https:\/\/www.alumni.space\/wp-content\/uploads\/2026\/03\/Depart-des-conducteurs-experimentes-un-enjeu-majeur-pour-la-logistique-1-300x180.jpg 300w, https:\/\/www.alumni.space\/wp-content\/uploads\/2026\/03\/Depart-des-conducteurs-experimentes-un-enjeu-majeur-pour-la-logistique-1-400x240.jpg 400w, https:\/\/www.alumni.space\/wp-content\/uploads\/2026\/03\/Depart-des-conducteurs-experimentes-un-enjeu-majeur-pour-la-logistique-1-600x360.jpg 600w, https:\/\/www.alumni.space\/wp-content\/uploads\/2026\/03\/Depart-des-conducteurs-experimentes-un-enjeu-majeur-pour-la-logistique-1-768x461.jpg 768w, https:\/\/www.alumni.space\/wp-content\/uploads\/2026\/03\/Depart-des-conducteurs-experimentes-un-enjeu-majeur-pour-la-logistique-1-800x480.jpg 800w, https:\/\/www.alumni.space\/wp-content\/uploads\/2026\/03\/Depart-des-conducteurs-experimentes-un-enjeu-majeur-pour-la-logistique-1-1024x614.jpg 1024w, https:\/\/www.alumni.space\/wp-content\/uploads\/2026\/03\/Depart-des-conducteurs-experimentes-un-enjeu-majeur-pour-la-logistique-1-1200x720.jpg 1200w, https:\/\/www.alumni.space\/wp-content\/uploads\/2026\/03\/Depart-des-conducteurs-experimentes-un-enjeu-majeur-pour-la-logistique-1.jpg 1280w\" data-sizes=\"auto\" data-orig-sizes=\"(max-width: 1280px) 100vw, 1280px\" \/><\/figure><h3 class=\"wp-block-heading\"><span class=\"ez-toc-section\" id=\"Los_fundamentos_del_Conge_de_Fin_dActivite_y_su_papel_en_la_gestion_de_las_salidas\"><\/span>Los fundamentos del Cong\u00e9 de Fin d&#8217;Activit\u00e9 y su papel en la gesti\u00f3n de las salidas<span class=\"ez-toc-section-end\"><\/span><\/h3><p><strong>El Cong\u00e9 de Fin d&#8217;Activit\u00e9 (CFA<\/strong> ) es un mecanismo social clave creado para permitir a los conductores veteranos dejar su trabajo antes de la edad legal de jubilaci\u00f3n, debido a la ardua naturaleza de la profesi\u00f3n. Creado en 1996, se basa en un protocolo negociado entre los interlocutores sociales y el Estado, que reconoce las exigencias del trabajo: largas horas en la carretera, estr\u00e9s y riesgos para la salud. <\/p><p>El r\u00e9gimen se aplica no s\u00f3lo a los conductores de mercanc\u00edas, sino tambi\u00e9n a los de los sectores de pasajeros, mudanzas y transporte de fondos. Permite la jubilaci\u00f3n anticipada durante un m\u00e1ximo de cinco a\u00f1os, en funci\u00f3n de la antig\u00fcedad y la pertenencia a una empresa cubierta por el convenio colectivo. <\/p><p>Para apoyar esta transici\u00f3n, es aconsejable integrar herramientas de gesti\u00f3n digital para preservar <strong>el capital de experiencia<\/strong>. En particular, la <a href=\"https:\/\/www.alumni.space\/es\/la-marcha-de-conductores-experimentados-un-reto-importante-para-la-logistica\/\">plataforma alumni.space<\/a> facilita la transmisi\u00f3n de conocimientos a trav\u00e9s de la tutor\u00eda, la red de antiguos alumnos y la animaci\u00f3n comunitaria, reduciendo as\u00ed el impacto del abandono en el rendimiento log\u00edstico. <\/p><h2 class=\"wp-block-heading\"><span class=\"ez-toc-section\" id=\"Retos_de_la_contratacion_y_condiciones_de_trabajo_en_el_contexto_actual\"><\/span>Retos de la contrataci\u00f3n y condiciones de trabajo en el contexto actual<span class=\"ez-toc-section-end\"><\/span><\/h2><p>La actual escasez de trabajadores cualificados se debe a un desequilibrio demogr\u00e1fico: por cada persona que abandona la profesi\u00f3n, s\u00f3lo se presentan tres nuevos contratados. A pesar de un aumento salarial del 17% en dos a\u00f1os, las condiciones de trabajo siguen siendo un obst\u00e1culo importante para el atractivo de la profesi\u00f3n. La falta de infraestructuras adecuadas, como aparcamientos seguros, o el hecho de que a algunos clientes no se les permita acceder a los aseos, mina la motivaci\u00f3n de los conductores.  <\/p><p>Este deterioro de la imagen profesional est\u00e1 dificultando la atracci\u00f3n de nuevos talentos a este sector cr\u00edtico. Esto se combina con una mayor competencia en el mercado de trabajo, donde la relaci\u00f3n entre solicitantes y vacantes ha descendido a 1,4 en 2024. <\/p><p>Las organizaciones interesadas en reducir <strong>la rotaci\u00f3n de personal<\/strong> y mejorar las condiciones de trabajo pueden inspirarse en las mejores pr\u00e1cticas propuestas en la <a href=\"https:\/\/www.aft-dev.com\/actualites\/reduire-turn-over-dans-transport-routier-marchandises-stimuler-attractivite\">plataforma AFT<\/a>. En particular, incluyen la formaci\u00f3n continua, la promoci\u00f3n de la profesi\u00f3n y el compromiso a largo plazo a trav\u00e9s de las comunidades profesionales. <\/p><h3 class=\"wp-block-heading\"><span class=\"ez-toc-section\" id=\"Promover_la_transferencia_de_competencias_para_una_red_logistica_resistente\"><\/span>Promover la transferencia de competencias para una red log\u00edstica resistente<span class=\"ez-toc-section-end\"><\/span><\/h3><p>En este contexto, el uso de la <strong>tutor\u00eda<\/strong> intergeneracional es un m\u00e9todo probado para garantizar <strong>la continuidad operativa<\/strong> y aprovechar la experiencia de los conductores veteranos. El emparejamiento de conductores veteranos y noveles enriquece la integraci\u00f3n de los nuevos reclutas, al tiempo que limita la p\u00e9rdida de conocimientos. <\/p><p>La gesti\u00f3n activa de las comunidades de antiguos alumnos, con el apoyo de una plataforma SaaS, proporciona un marco s\u00f3lido para gestionar estos intercambios. Facilita la organizaci\u00f3n de<strong>eventos<\/strong>, la difusi\u00f3n de contenidos t\u00e9cnicos y la cooptaci\u00f3n por parte de los antiguos alumnos, reforzando el compromiso a largo plazo con el sector. <\/p><p>Este planteamiento tambi\u00e9n ayuda a desarrollar una red de profesionales comprometidos con la calidad, el intercambio de buenas pr\u00e1cticas y la seguridad, aspectos todos ellos esenciales ante los retos log\u00edsticos actuales.<\/p>","protected":false},"excerpt":{"rendered":"<p>El sector de la log\u00edstica se encuentra en un punto  [&#8230;]<\/p>\n","protected":false},"author":1,"featured_media":5212,"comment_status":"closed","ping_status":"","sticky":false,"template":"","format":"standard","meta":{"_ayudawp_aiss_exclude":false,"footnotes":""},"categories":[75],"tags":[],"class_list":["post-5210","post","type-post","status-publish","format-standard","has-post-thumbnail","hentry","category-recursos-humanos"],"yoast_head":"<!-- This site is optimized with the Yoast SEO plugin v27.4 - https:\/\/yoast.com\/product\/yoast-seo-wordpress\/ -->\n<title>Pro fugas: un reto clave para la log\u00edstica<\/title>\n<meta name=\"description\" content=\"Descubre c\u00f3mo est\u00e1 afectando a la log\u00edstica la marcha de conductores experimentados, y qu\u00e9 podemos hacer para afrontar este reto crucial.\" \/>\n<meta name=\"robots\" content=\"index, follow, max-snippet:-1, max-image-preview:large, max-video-preview:-1\" \/>\n<link rel=\"canonical\" href=\"https:\/\/www.alumni.space\/es\/la-marcha-de-conductores-experimentados-un-reto-importante-para-la-logistica\/\" \/>\n<meta property=\"og:locale\" content=\"es_ES\" \/>\n<meta property=\"og:type\" content=\"article\" \/>\n<meta property=\"og:title\" content=\"Pro fugas: un reto clave para la log\u00edstica\" \/>\n<meta property=\"og:description\" content=\"Descubre c\u00f3mo est\u00e1 afectando a la log\u00edstica la marcha de conductores experimentados, y qu\u00e9 podemos hacer para afrontar este reto crucial.\" \/>\n<meta property=\"og:url\" content=\"https:\/\/www.alumni.space\/es\/la-marcha-de-conductores-experimentados-un-reto-importante-para-la-logistica\/\" \/>\n<meta property=\"og:site_name\" content=\"Alumni.space\" \/>\n<meta property=\"article:published_time\" content=\"2024-03-10T14:21:02+00:00\" \/>\n<meta property=\"article:modified_time\" content=\"2026-04-02T12:06:24+00:00\" \/>\n<meta property=\"og:image\" content=\"https:\/\/www.alumni.space\/wp-content\/uploads\/2026\/03\/Depart-des-conducteurs-experimentes-un-enjeu-majeur-pour-la-logistique.jpg\" \/>\n\t<meta property=\"og:image:width\" content=\"1280\" \/>\n\t<meta property=\"og:image:height\" content=\"768\" \/>\n\t<meta property=\"og:image:type\" content=\"image\/jpeg\" \/>\n<meta name=\"author\" content=\"admin\" \/>\n<meta name=\"twitter:card\" content=\"summary_large_image\" \/>\n<meta name=\"twitter:label1\" content=\"Escrito por\" \/>\n\t<meta name=\"twitter:data1\" content=\"admin\" \/>\n\t<meta name=\"twitter:label2\" content=\"Tiempo de lectura\" \/>\n\t<meta name=\"twitter:data2\" content=\"4 minutos\" \/>\n<script type=\"application\/ld+json\" class=\"yoast-schema-graph\">{\"@context\":\"https:\\\/\\\/schema.org\",\"@graph\":[{\"@type\":\"Article\",\"@id\":\"https:\\\/\\\/www.alumni.space\\\/es\\\/la-marcha-de-conductores-experimentados-un-reto-importante-para-la-logistica\\\/#article\",\"isPartOf\":{\"@id\":\"https:\\\/\\\/www.alumni.space\\\/es\\\/la-marcha-de-conductores-experimentados-un-reto-importante-para-la-logistica\\\/\"},\"author\":{\"name\":\"admin\",\"@id\":\"https:\\\/\\\/www.alumni.space\\\/es\\\/#\\\/schema\\\/person\\\/fede362a57876edda476a61f05ce5b15\"},\"headline\":\"La marcha de conductores experimentados: un reto importante para la log\u00edstica\",\"datePublished\":\"2024-03-10T14:21:02+00:00\",\"dateModified\":\"2026-04-02T12:06:24+00:00\",\"mainEntityOfPage\":{\"@id\":\"https:\\\/\\\/www.alumni.space\\\/es\\\/la-marcha-de-conductores-experimentados-un-reto-importante-para-la-logistica\\\/\"},\"wordCount\":803,\"image\":{\"@id\":\"https:\\\/\\\/www.alumni.space\\\/es\\\/la-marcha-de-conductores-experimentados-un-reto-importante-para-la-logistica\\\/#primaryimage\"},\"thumbnailUrl\":\"https:\\\/\\\/www.alumni.space\\\/wp-content\\\/uploads\\\/2026\\\/03\\\/Depart-des-conducteurs-experimentes-un-enjeu-majeur-pour-la-logistique.jpg\",\"articleSection\":[\"Recursos Humanos\"],\"inLanguage\":\"es\"},{\"@type\":\"WebPage\",\"@id\":\"https:\\\/\\\/www.alumni.space\\\/es\\\/la-marcha-de-conductores-experimentados-un-reto-importante-para-la-logistica\\\/\",\"url\":\"https:\\\/\\\/www.alumni.space\\\/es\\\/la-marcha-de-conductores-experimentados-un-reto-importante-para-la-logistica\\\/\",\"name\":\"Pro fugas: un reto clave para la log\u00edstica\",\"isPartOf\":{\"@id\":\"https:\\\/\\\/www.alumni.space\\\/es\\\/#website\"},\"primaryImageOfPage\":{\"@id\":\"https:\\\/\\\/www.alumni.space\\\/es\\\/la-marcha-de-conductores-experimentados-un-reto-importante-para-la-logistica\\\/#primaryimage\"},\"image\":{\"@id\":\"https:\\\/\\\/www.alumni.space\\\/es\\\/la-marcha-de-conductores-experimentados-un-reto-importante-para-la-logistica\\\/#primaryimage\"},\"thumbnailUrl\":\"https:\\\/\\\/www.alumni.space\\\/wp-content\\\/uploads\\\/2026\\\/03\\\/Depart-des-conducteurs-experimentes-un-enjeu-majeur-pour-la-logistique.jpg\",\"datePublished\":\"2024-03-10T14:21:02+00:00\",\"dateModified\":\"2026-04-02T12:06:24+00:00\",\"author\":{\"@id\":\"https:\\\/\\\/www.alumni.space\\\/es\\\/#\\\/schema\\\/person\\\/fede362a57876edda476a61f05ce5b15\"},\"description\":\"Descubre c\u00f3mo est\u00e1 afectando a la log\u00edstica la marcha de conductores experimentados, y qu\u00e9 podemos hacer para afrontar este reto crucial.\",\"breadcrumb\":{\"@id\":\"https:\\\/\\\/www.alumni.space\\\/es\\\/la-marcha-de-conductores-experimentados-un-reto-importante-para-la-logistica\\\/#breadcrumb\"},\"inLanguage\":\"es\",\"potentialAction\":[{\"@type\":\"ReadAction\",\"target\":[\"https:\\\/\\\/www.alumni.space\\\/es\\\/la-marcha-de-conductores-experimentados-un-reto-importante-para-la-logistica\\\/\"]}]},{\"@type\":\"ImageObject\",\"inLanguage\":\"es\",\"@id\":\"https:\\\/\\\/www.alumni.space\\\/es\\\/la-marcha-de-conductores-experimentados-un-reto-importante-para-la-logistica\\\/#primaryimage\",\"url\":\"https:\\\/\\\/www.alumni.space\\\/wp-content\\\/uploads\\\/2026\\\/03\\\/Depart-des-conducteurs-experimentes-un-enjeu-majeur-pour-la-logistique.jpg\",\"contentUrl\":\"https:\\\/\\\/www.alumni.space\\\/wp-content\\\/uploads\\\/2026\\\/03\\\/Depart-des-conducteurs-experimentes-un-enjeu-majeur-pour-la-logistique.jpg\",\"width\":1280,\"height\":768,\"caption\":\"Descubre c\u00f3mo la marcha de conductores experimentados est\u00e1 teniendo un impacto crucial en el sector log\u00edstico, y qu\u00e9 retos hay que superar para garantizar la continuidad de las operaciones.\"},{\"@type\":\"BreadcrumbList\",\"@id\":\"https:\\\/\\\/www.alumni.space\\\/es\\\/la-marcha-de-conductores-experimentados-un-reto-importante-para-la-logistica\\\/#breadcrumb\",\"itemListElement\":[{\"@type\":\"ListItem\",\"position\":1,\"name\":\"Home\",\"item\":\"https:\\\/\\\/www.alumni.space\\\/es\\\/plataforma-de-tutoria-y-gestion-de-antiguos-alumnos\\\/\"},{\"@type\":\"ListItem\",\"position\":2,\"name\":\"La marcha de conductores experimentados: un reto importante para la log\u00edstica\"}]},{\"@type\":\"WebSite\",\"@id\":\"https:\\\/\\\/www.alumni.space\\\/es\\\/#website\",\"url\":\"https:\\\/\\\/www.alumni.space\\\/es\\\/\",\"name\":\"Alumni.space\",\"description\":\"My WordPress Blog\",\"potentialAction\":[{\"@type\":\"SearchAction\",\"target\":{\"@type\":\"EntryPoint\",\"urlTemplate\":\"https:\\\/\\\/www.alumni.space\\\/es\\\/?s={search_term_string}\"},\"query-input\":{\"@type\":\"PropertyValueSpecification\",\"valueRequired\":true,\"valueName\":\"search_term_string\"}}],\"inLanguage\":\"es\"},{\"@type\":\"Person\",\"@id\":\"https:\\\/\\\/www.alumni.space\\\/es\\\/#\\\/schema\\\/person\\\/fede362a57876edda476a61f05ce5b15\",\"name\":\"admin\",\"image\":{\"@type\":\"ImageObject\",\"inLanguage\":\"es\",\"@id\":\"https:\\\/\\\/secure.gravatar.com\\\/avatar\\\/318e234ae94f90d4d629428d6b983c08e31181c28f579e08a021180d759ea651?s=96&d=mm&r=g\",\"url\":\"https:\\\/\\\/secure.gravatar.com\\\/avatar\\\/318e234ae94f90d4d629428d6b983c08e31181c28f579e08a021180d759ea651?s=96&d=mm&r=g\",\"contentUrl\":\"https:\\\/\\\/secure.gravatar.com\\\/avatar\\\/318e234ae94f90d4d629428d6b983c08e31181c28f579e08a021180d759ea651?s=96&d=mm&r=g\",\"caption\":\"admin\"},\"description\":\"Nicolas Laustriat a construit sa sp\u00e9cialit\u00e9 sur un sujet que beaucoup d\u2019organisations d\u00e9couvrent trop tard : ce qui dispara\u00eet quand les gens partent. Dipl\u00f4m\u00e9 en conception de produit industriel, il bifurque vers le digital fin 1996, il couvre les transformations marques, RH, la fid\u00e9lisation, la marque employeur. Sur le terrain, il rep\u00e8re un angle mort r\u00e9current : l\u2019entreprise investit dans le recrutement, la formation, les process\u2026 puis laisse filer le lien au moment du d\u00e9part, avec une perte de savoir et d\u2019influence qui se paie en silence. Il se sp\u00e9cialise alors sur les communaut\u00e9s d\u2019alumni, le mentorat, l\u2019entraide interg\u00e9n\u00e9rationnelle et la transmission d\u2019expertise. Il passe du \u201cconstat\u201d aux m\u00e9thodes : animation, gouvernance, segmentation, rituels, mesure d\u2019engagement, articulation avec la RSE et l\u2019employabilit\u00e9. Il interviewe DRH, responsables formation, directions d\u2019\u00e9coles, associations et fondations, avec une obsession : transformer un r\u00e9seau dormant en m\u00e9canisme utile (cooptation, mentorat, job board, entraide, \u00e9v\u00e9nements, contenus). Son style : direct, orient\u00e9 action, sans folklore. Sa conviction : une communaut\u00e9 n\u2019a pas besoin de bruit, elle a besoin de raisons de revenir.\",\"sameAs\":[\"https:\\\/\\\/www.alumni.space\"]}]}<\/script>\n<!-- \/ Yoast SEO plugin. -->","yoast_head_json":{"title":"Pro fugas: un reto clave para la log\u00edstica","description":"Descubre c\u00f3mo est\u00e1 afectando a la log\u00edstica la marcha de conductores experimentados, y qu\u00e9 podemos hacer para afrontar este reto crucial.","robots":{"index":"index","follow":"follow","max-snippet":"max-snippet:-1","max-image-preview":"max-image-preview:large","max-video-preview":"max-video-preview:-1"},"canonical":"https:\/\/www.alumni.space\/es\/la-marcha-de-conductores-experimentados-un-reto-importante-para-la-logistica\/","og_locale":"es_ES","og_type":"article","og_title":"Pro fugas: un reto clave para la log\u00edstica","og_description":"Descubre c\u00f3mo est\u00e1 afectando a la log\u00edstica la marcha de conductores experimentados, y qu\u00e9 podemos hacer para afrontar este reto crucial.","og_url":"https:\/\/www.alumni.space\/es\/la-marcha-de-conductores-experimentados-un-reto-importante-para-la-logistica\/","og_site_name":"Alumni.space","article_published_time":"2024-03-10T14:21:02+00:00","article_modified_time":"2026-04-02T12:06:24+00:00","og_image":[{"width":1280,"height":768,"url":"https:\/\/www.alumni.space\/wp-content\/uploads\/2026\/03\/Depart-des-conducteurs-experimentes-un-enjeu-majeur-pour-la-logistique.jpg","type":"image\/jpeg"}],"author":"admin","twitter_card":"summary_large_image","twitter_misc":{"Escrito por":"admin","Tiempo de lectura":"4 minutos"},"schema":{"@context":"https:\/\/schema.org","@graph":[{"@type":"Article","@id":"https:\/\/www.alumni.space\/es\/la-marcha-de-conductores-experimentados-un-reto-importante-para-la-logistica\/#article","isPartOf":{"@id":"https:\/\/www.alumni.space\/es\/la-marcha-de-conductores-experimentados-un-reto-importante-para-la-logistica\/"},"author":{"name":"admin","@id":"https:\/\/www.alumni.space\/es\/#\/schema\/person\/fede362a57876edda476a61f05ce5b15"},"headline":"La marcha de conductores experimentados: un reto importante para la log\u00edstica","datePublished":"2024-03-10T14:21:02+00:00","dateModified":"2026-04-02T12:06:24+00:00","mainEntityOfPage":{"@id":"https:\/\/www.alumni.space\/es\/la-marcha-de-conductores-experimentados-un-reto-importante-para-la-logistica\/"},"wordCount":803,"image":{"@id":"https:\/\/www.alumni.space\/es\/la-marcha-de-conductores-experimentados-un-reto-importante-para-la-logistica\/#primaryimage"},"thumbnailUrl":"https:\/\/www.alumni.space\/wp-content\/uploads\/2026\/03\/Depart-des-conducteurs-experimentes-un-enjeu-majeur-pour-la-logistique.jpg","articleSection":["Recursos Humanos"],"inLanguage":"es"},{"@type":"WebPage","@id":"https:\/\/www.alumni.space\/es\/la-marcha-de-conductores-experimentados-un-reto-importante-para-la-logistica\/","url":"https:\/\/www.alumni.space\/es\/la-marcha-de-conductores-experimentados-un-reto-importante-para-la-logistica\/","name":"Pro fugas: un reto clave para la log\u00edstica","isPartOf":{"@id":"https:\/\/www.alumni.space\/es\/#website"},"primaryImageOfPage":{"@id":"https:\/\/www.alumni.space\/es\/la-marcha-de-conductores-experimentados-un-reto-importante-para-la-logistica\/#primaryimage"},"image":{"@id":"https:\/\/www.alumni.space\/es\/la-marcha-de-conductores-experimentados-un-reto-importante-para-la-logistica\/#primaryimage"},"thumbnailUrl":"https:\/\/www.alumni.space\/wp-content\/uploads\/2026\/03\/Depart-des-conducteurs-experimentes-un-enjeu-majeur-pour-la-logistique.jpg","datePublished":"2024-03-10T14:21:02+00:00","dateModified":"2026-04-02T12:06:24+00:00","author":{"@id":"https:\/\/www.alumni.space\/es\/#\/schema\/person\/fede362a57876edda476a61f05ce5b15"},"description":"Descubre c\u00f3mo est\u00e1 afectando a la log\u00edstica la marcha de conductores experimentados, y qu\u00e9 podemos hacer para afrontar este reto crucial.","breadcrumb":{"@id":"https:\/\/www.alumni.space\/es\/la-marcha-de-conductores-experimentados-un-reto-importante-para-la-logistica\/#breadcrumb"},"inLanguage":"es","potentialAction":[{"@type":"ReadAction","target":["https:\/\/www.alumni.space\/es\/la-marcha-de-conductores-experimentados-un-reto-importante-para-la-logistica\/"]}]},{"@type":"ImageObject","inLanguage":"es","@id":"https:\/\/www.alumni.space\/es\/la-marcha-de-conductores-experimentados-un-reto-importante-para-la-logistica\/#primaryimage","url":"https:\/\/www.alumni.space\/wp-content\/uploads\/2026\/03\/Depart-des-conducteurs-experimentes-un-enjeu-majeur-pour-la-logistique.jpg","contentUrl":"https:\/\/www.alumni.space\/wp-content\/uploads\/2026\/03\/Depart-des-conducteurs-experimentes-un-enjeu-majeur-pour-la-logistique.jpg","width":1280,"height":768,"caption":"Descubre c\u00f3mo la marcha de conductores experimentados est\u00e1 teniendo un impacto crucial en el sector log\u00edstico, y qu\u00e9 retos hay que superar para garantizar la continuidad de las operaciones."},{"@type":"BreadcrumbList","@id":"https:\/\/www.alumni.space\/es\/la-marcha-de-conductores-experimentados-un-reto-importante-para-la-logistica\/#breadcrumb","itemListElement":[{"@type":"ListItem","position":1,"name":"Home","item":"https:\/\/www.alumni.space\/es\/plataforma-de-tutoria-y-gestion-de-antiguos-alumnos\/"},{"@type":"ListItem","position":2,"name":"La marcha de conductores experimentados: un reto importante para la log\u00edstica"}]},{"@type":"WebSite","@id":"https:\/\/www.alumni.space\/es\/#website","url":"https:\/\/www.alumni.space\/es\/","name":"Alumni.space","description":"My WordPress Blog","potentialAction":[{"@type":"SearchAction","target":{"@type":"EntryPoint","urlTemplate":"https:\/\/www.alumni.space\/es\/?s={search_term_string}"},"query-input":{"@type":"PropertyValueSpecification","valueRequired":true,"valueName":"search_term_string"}}],"inLanguage":"es"},{"@type":"Person","@id":"https:\/\/www.alumni.space\/es\/#\/schema\/person\/fede362a57876edda476a61f05ce5b15","name":"admin","image":{"@type":"ImageObject","inLanguage":"es","@id":"https:\/\/secure.gravatar.com\/avatar\/318e234ae94f90d4d629428d6b983c08e31181c28f579e08a021180d759ea651?s=96&d=mm&r=g","url":"https:\/\/secure.gravatar.com\/avatar\/318e234ae94f90d4d629428d6b983c08e31181c28f579e08a021180d759ea651?s=96&d=mm&r=g","contentUrl":"https:\/\/secure.gravatar.com\/avatar\/318e234ae94f90d4d629428d6b983c08e31181c28f579e08a021180d759ea651?s=96&d=mm&r=g","caption":"admin"},"description":"Nicolas Laustriat a construit sa sp\u00e9cialit\u00e9 sur un sujet que beaucoup d\u2019organisations d\u00e9couvrent trop tard : ce qui dispara\u00eet quand les gens partent. Dipl\u00f4m\u00e9 en conception de produit industriel, il bifurque vers le digital fin 1996, il couvre les transformations marques, RH, la fid\u00e9lisation, la marque employeur. Sur le terrain, il rep\u00e8re un angle mort r\u00e9current : l\u2019entreprise investit dans le recrutement, la formation, les process\u2026 puis laisse filer le lien au moment du d\u00e9part, avec une perte de savoir et d\u2019influence qui se paie en silence. Il se sp\u00e9cialise alors sur les communaut\u00e9s d\u2019alumni, le mentorat, l\u2019entraide interg\u00e9n\u00e9rationnelle et la transmission d\u2019expertise. Il passe du \u201cconstat\u201d aux m\u00e9thodes : animation, gouvernance, segmentation, rituels, mesure d\u2019engagement, articulation avec la RSE et l\u2019employabilit\u00e9. Il interviewe DRH, responsables formation, directions d\u2019\u00e9coles, associations et fondations, avec une obsession : transformer un r\u00e9seau dormant en m\u00e9canisme utile (cooptation, mentorat, job board, entraide, \u00e9v\u00e9nements, contenus). Son style : direct, orient\u00e9 action, sans folklore. Sa conviction : une communaut\u00e9 n\u2019a pas besoin de bruit, elle a besoin de raisons de revenir.","sameAs":["https:\/\/www.alumni.space"]}]}},"_links":{"self":[{"href":"https:\/\/www.alumni.space\/es\/wp-json\/wp\/v2\/posts\/5210","targetHints":{"allow":["GET"]}}],"collection":[{"href":"https:\/\/www.alumni.space\/es\/wp-json\/wp\/v2\/posts"}],"about":[{"href":"https:\/\/www.alumni.space\/es\/wp-json\/wp\/v2\/types\/post"}],"author":[{"embeddable":true,"href":"https:\/\/www.alumni.space\/es\/wp-json\/wp\/v2\/users\/1"}],"replies":[{"embeddable":true,"href":"https:\/\/www.alumni.space\/es\/wp-json\/wp\/v2\/comments?post=5210"}],"version-history":[{"count":1,"href":"https:\/\/www.alumni.space\/es\/wp-json\/wp\/v2\/posts\/5210\/revisions"}],"predecessor-version":[{"id":5215,"href":"https:\/\/www.alumni.space\/es\/wp-json\/wp\/v2\/posts\/5210\/revisions\/5215"}],"wp:featuredmedia":[{"embeddable":true,"href":"https:\/\/www.alumni.space\/es\/wp-json\/wp\/v2\/media\/5212"}],"wp:attachment":[{"href":"https:\/\/www.alumni.space\/es\/wp-json\/wp\/v2\/media?parent=5210"}],"wp:term":[{"taxonomy":"category","embeddable":true,"href":"https:\/\/www.alumni.space\/es\/wp-json\/wp\/v2\/categories?post=5210"},{"taxonomy":"post_tag","embeddable":true,"href":"https:\/\/www.alumni.space\/es\/wp-json\/wp\/v2\/tags?post=5210"}],"curies":[{"name":"wp","href":"https:\/\/api.w.org\/{rel}","templated":true}]}}