{"id":5205,"date":"2025-12-13T22:02:27","date_gmt":"2025-12-13T22:02:27","guid":{"rendered":"https:\/\/www.alumni.space\/testimonios-de-antiguos-empleados-que-se-han-convertido-en-mentores\/"},"modified":"2026-03-28T10:48:33","modified_gmt":"2026-03-28T10:48:33","slug":"testimonios-de-antiguos-empleados-que-se-han-convertido-en-mentores","status":"publish","type":"post","link":"https:\/\/www.alumni.space\/es\/testimonios-de-antiguos-empleados-que-se-han-convertido-en-mentores\/","title":{"rendered":"Testimonios de antiguos empleados que se han convertido en mentores"},"content":{"rendered":"<p>La marcha de un empleado experimentado ya no significa el fin de una colaboraci\u00f3n fruct\u00edfera. En 2026, las organizaciones visionarias est\u00e1n convirtiendo este punto de inflexi\u00f3n en una fortaleza estrat\u00e9gica. <strong>Los antiguos empleados<\/strong> se convierten en pilares de la <strong>transmisi\u00f3n<\/strong>, evitando la vaporizaci\u00f3n de conocimientos cr\u00edticos. Esta din\u00e1mica refuerza la imagen del empleador ante los contratados que buscan<strong>inspiraci\u00f3n<\/strong> y sentido.   <\/p><div id=\"ez-toc-container\" class=\"ez-toc-v2_0_82_2 counter-flat ez-toc-counter ez-toc-grey ez-toc-container-direction\">\n<div class=\"ez-toc-title-container\"><p class=\"ez-toc-title\" style=\"cursor:inherit\">En este art\u00edculo se trata lo siguiente:<\/p>\n<\/div><nav><ul class='ez-toc-list ez-toc-list-level-1 ' ><li class='ez-toc-page-1'><a class=\"ez-toc-link ez-toc-heading-1\" href=\"https:\/\/www.alumni.space\/es\/testimonios-de-antiguos-empleados-que-se-han-convertido-en-mentores\/#El_arte_de_transformar_un_legado_profesional_en_una_palanca_de_crecimiento\" >El arte de transformar un legado profesional en una palanca de crecimiento<\/a><\/li><li class='ez-toc-page-1'><a class=\"ez-toc-link ez-toc-heading-2\" href=\"https:\/\/www.alumni.space\/es\/testimonios-de-antiguos-empleados-que-se-han-convertido-en-mentores\/#La_vitalidad_de_una_red_comprometida_con_el_futuro\" >La vitalidad de una red comprometida con el futuro<\/a><\/li><li class='ez-toc-page-1'><a class=\"ez-toc-link ez-toc-heading-3\" href=\"https:\/\/www.alumni.space\/es\/testimonios-de-antiguos-empleados-que-se-han-convertido-en-mentores\/#Reunion_y_revelacion_el_espejo_de_la_tutoria_activa\" >Reuni\u00f3n y revelaci\u00f3n: el espejo de la tutor\u00eda activa<\/a><\/li><\/ul><\/nav><\/div>\n<h2 class=\"wp-block-heading\"><span class=\"ez-toc-section\" id=\"El_arte_de_transformar_un_legado_profesional_en_una_palanca_de_crecimiento\"><\/span>El arte de transformar un legado profesional en una palanca de crecimiento<span class=\"ez-toc-section-end\"><\/span><\/h2><p>Sandrine Jarry encarna este cambio con br\u00edo. Esta gestora administrativa dedica parte de su tiempo a orientar a los estudiantes hacia carreras en la funci\u00f3n p\u00fablica. Ofrece los c\u00f3digos del \u00e9xito a perfiles alejados de las redes tradicionales de influencia. Sus <strong>testimonios<\/strong> revelan un inmenso placer al ver florecer a sus protegidos y romper sus propios techos de cristal. Les anima a atreverse a emprender ambiciosas trayectorias profesionales. Al unirse a <a href=\"https:\/\/la-cordee.org\/temoignage-etre-mentor-cest-une-experience-differente-a-chaque-fois\/\">esta enriquecedora experiencia de tutor\u00eda<\/a>, contribuye activamente a construir una sociedad m\u00e1s justa. Su <strong>tutor\u00eda<\/strong> se centra en la escucha activa y en derribar las barreras psicol\u00f3gicas.      <\/p><figure class=\"wp-block-image size-full\"><img decoding=\"async\" width=\"1280\" height=\"768\" src=\"https:\/\/www.alumni.space\/wp-content\/uploads\/2026\/03\/Temoignages-danciens-salaries-devenus-mentors-1.jpg\" data-orig-src=\"https:\/\/www.alumni.space\/wp-content\/uploads\/2026\/03\/Temoignages-danciens-salaries-devenus-mentors-1.jpg\" alt=\"descubre las inspiradoras historias de antiguos empleados que han decidido convertirse en mentores para guiar y apoyar a las nuevas generaciones.\" class=\"lazyload wp-image-3528\" srcset=\"data:image\/svg+xml,%3Csvg%20xmlns%3D%27http%3A%2F%2Fwww.w3.org%2F2000%2Fsvg%27%20width%3D%271280%27%20height%3D%27768%27%20viewBox%3D%270%200%201280%20768%27%3E%3Crect%20width%3D%271280%27%20height%3D%27768%27%20fill-opacity%3D%220%22%2F%3E%3C%2Fsvg%3E\" data-srcset=\"https:\/\/www.alumni.space\/wp-content\/uploads\/2026\/03\/Temoignages-danciens-salaries-devenus-mentors-1-200x120.jpg 200w, https:\/\/www.alumni.space\/wp-content\/uploads\/2026\/03\/Temoignages-danciens-salaries-devenus-mentors-1-300x180.jpg 300w, https:\/\/www.alumni.space\/wp-content\/uploads\/2026\/03\/Temoignages-danciens-salaries-devenus-mentors-1-400x240.jpg 400w, https:\/\/www.alumni.space\/wp-content\/uploads\/2026\/03\/Temoignages-danciens-salaries-devenus-mentors-1-600x360.jpg 600w, https:\/\/www.alumni.space\/wp-content\/uploads\/2026\/03\/Temoignages-danciens-salaries-devenus-mentors-1-768x461.jpg 768w, https:\/\/www.alumni.space\/wp-content\/uploads\/2026\/03\/Temoignages-danciens-salaries-devenus-mentors-1-800x480.jpg 800w, https:\/\/www.alumni.space\/wp-content\/uploads\/2026\/03\/Temoignages-danciens-salaries-devenus-mentors-1-1024x614.jpg 1024w, https:\/\/www.alumni.space\/wp-content\/uploads\/2026\/03\/Temoignages-danciens-salaries-devenus-mentors-1-1200x720.jpg 1200w, https:\/\/www.alumni.space\/wp-content\/uploads\/2026\/03\/Temoignages-danciens-salaries-devenus-mentors-1.jpg 1280w\" data-sizes=\"auto\" data-orig-sizes=\"(max-width: 1280px) 100vw, 1280px\" \/><\/figure><h3 class=\"wp-block-heading\"><span class=\"ez-toc-section\" id=\"La_vitalidad_de_una_red_comprometida_con_el_futuro\"><\/span>La vitalidad de una red comprometida con el futuro<span class=\"ez-toc-section-end\"><\/span><\/h3><p>Un plan dirigido a los antiguos miembros forma parte de la estrategia de responsabilidad social al ampliar el impacto de la estructura m\u00e1s all\u00e1 de la finalizaci\u00f3n de los contratos. Estimula el intercambio de competencias y la apertura entre generaciones. Este m\u00e9todo frena la diluci\u00f3n de los conocimientos al capitalizar la experiencia de <strong>los mentores<\/strong>. Para la direcci\u00f3n, valida una filosof\u00eda de crecimiento humano y benevolencia. Los resultados son una mayor lealtad y unos indicadores de rendimiento claros para los equipos de RRHH. El atractivo de la marca aumenta gracias a embajadores sinceros que valoran su <strong>experiencia profesional<\/strong> pasada. Un <a href=\"https:\/\/www.alumni.space\/es\/tutoria-de-jovenes-talentos-por-tus-antiguos-empleados\/\">programa como \u00e9ste, dedicado a los j\u00f3venes talentos<\/a>, proporciona una seguridad duradera para el futuro de la organizaci\u00f3n.      <\/p><h2 class=\"wp-block-heading\"><span class=\"ez-toc-section\" id=\"Reunion_y_revelacion_el_espejo_de_la_tutoria_activa\"><\/span>Reuni\u00f3n y revelaci\u00f3n: el espejo de la tutor\u00eda activa<span class=\"ez-toc-section-end\"><\/span><\/h2><p>Morgane Baucher relata una sorprendente confrontaci\u00f3n con sus antiguos modelos de conducta. Cuando los recibi\u00f3 en sus propios despachos, se dio cuenta de la evidente discrepancia entre sus valores. Su inter\u00e9s por el beneficio inmediato chocaba con sus convicciones actuales. Esta etapa de su <strong>carrera<\/strong> subraya su madurez y su \u00e9xito independiente. Expresa su gratitud por las lecciones que ha aprendido, al tiempo que celebra su propia evoluci\u00f3n. <strong>La tutor\u00eda<\/strong> es un poderoso espejo para <strong>el desarrollo personal<\/strong>. Este tipo de encuentro refuerza la certeza de que <strong>el coaching<\/strong> debe basarse en valores humanos s\u00f3lidos para dar fruto.      <\/p><p>Implantar una plataforma como <strong>Alumni.space<\/strong> facilita la gesti\u00f3n de estas comunidades activas sin a\u00f1adir procesos internos. Automatiza el emparejamiento de las parejas y centraliza los recursos documentales necesarios. Los responsables se benefician de una gesti\u00f3n simplificada y de un importante ahorro de tiempo. Para industrializar estos intercambios y abandonar los archivos manuales, una herramienta SaaS dedicada sigue siendo la mejor opci\u00f3n. Esta tecnolog\u00eda re\u00fane a todos los actores clave en torno a un proyecto com\u00fan: desarrollar el talento del ma\u00f1ana.    <\/p><p>Recibe una oferta personalizada<\/p>","protected":false},"excerpt":{"rendered":"<p>La marcha de un empleado experimentado ya no significa el  [&#8230;]<\/p>\n","protected":false},"author":1,"featured_media":5207,"comment_status":"closed","ping_status":"closed","sticky":false,"template":"","format":"standard","meta":{"_ayudawp_aiss_exclude":false,"footnotes":""},"categories":[73],"tags":[],"class_list":["post-5205","post","type-post","status-publish","format-standard","has-post-thumbnail","hentry","category-tutoria"],"yoast_head":"<!-- This site is optimized with the Yoast SEO plugin v27.4 - https:\/\/yoast.com\/product\/yoast-seo-wordpress\/ -->\n<title>De empleados a mentores: historias inspiradoras<\/title>\n<meta name=\"description\" content=\"Descubre las inspiradoras historias de antiguos empleados que se han convertido en mentores, y c\u00f3mo apoyan el \u00e9xito profesional.\" \/>\n<meta name=\"robots\" content=\"index, follow, max-snippet:-1, max-image-preview:large, max-video-preview:-1\" \/>\n<link rel=\"canonical\" href=\"https:\/\/www.alumni.space\/es\/testimonios-de-antiguos-empleados-que-se-han-convertido-en-mentores\/\" \/>\n<meta property=\"og:locale\" content=\"es_ES\" \/>\n<meta property=\"og:type\" content=\"article\" \/>\n<meta property=\"og:title\" content=\"De empleados a mentores: historias inspiradoras\" \/>\n<meta property=\"og:description\" content=\"Descubre las inspiradoras historias de antiguos empleados que se han convertido en mentores, y c\u00f3mo apoyan el \u00e9xito profesional.\" \/>\n<meta property=\"og:url\" content=\"https:\/\/www.alumni.space\/es\/testimonios-de-antiguos-empleados-que-se-han-convertido-en-mentores\/\" \/>\n<meta property=\"og:site_name\" content=\"Alumni.space\" \/>\n<meta property=\"article:published_time\" content=\"2025-12-13T22:02:27+00:00\" \/>\n<meta property=\"article:modified_time\" content=\"2026-03-28T10:48:33+00:00\" \/>\n<meta property=\"og:image\" content=\"https:\/\/www.alumni.space\/wp-content\/uploads\/2026\/03\/Temoignages-danciens-salaries-devenus-mentors.jpg\" \/>\n\t<meta property=\"og:image:width\" content=\"1280\" \/>\n\t<meta property=\"og:image:height\" content=\"768\" \/>\n\t<meta property=\"og:image:type\" content=\"image\/jpeg\" \/>\n<meta name=\"author\" content=\"admin\" \/>\n<meta name=\"twitter:card\" content=\"summary_large_image\" \/>\n<meta name=\"twitter:label1\" content=\"Escrito por\" \/>\n\t<meta name=\"twitter:data1\" content=\"admin\" \/>\n\t<meta name=\"twitter:label2\" content=\"Tiempo de lectura\" \/>\n\t<meta name=\"twitter:data2\" content=\"3 minutos\" \/>\n<script type=\"application\/ld+json\" class=\"yoast-schema-graph\">{\"@context\":\"https:\\\/\\\/schema.org\",\"@graph\":[{\"@type\":\"Article\",\"@id\":\"https:\\\/\\\/www.alumni.space\\\/es\\\/testimonios-de-antiguos-empleados-que-se-han-convertido-en-mentores\\\/#article\",\"isPartOf\":{\"@id\":\"https:\\\/\\\/www.alumni.space\\\/es\\\/testimonios-de-antiguos-empleados-que-se-han-convertido-en-mentores\\\/\"},\"author\":{\"name\":\"admin\",\"@id\":\"https:\\\/\\\/www.alumni.space\\\/es\\\/#\\\/schema\\\/person\\\/fede362a57876edda476a61f05ce5b15\"},\"headline\":\"Testimonios de antiguos empleados que se han convertido en mentores\",\"datePublished\":\"2025-12-13T22:02:27+00:00\",\"dateModified\":\"2026-03-28T10:48:33+00:00\",\"mainEntityOfPage\":{\"@id\":\"https:\\\/\\\/www.alumni.space\\\/es\\\/testimonios-de-antiguos-empleados-que-se-han-convertido-en-mentores\\\/\"},\"wordCount\":540,\"image\":{\"@id\":\"https:\\\/\\\/www.alumni.space\\\/es\\\/testimonios-de-antiguos-empleados-que-se-han-convertido-en-mentores\\\/#primaryimage\"},\"thumbnailUrl\":\"https:\\\/\\\/www.alumni.space\\\/wp-content\\\/uploads\\\/2026\\\/03\\\/Temoignages-danciens-salaries-devenus-mentors.jpg\",\"articleSection\":[\"Tutor\u00eda\"],\"inLanguage\":\"es\"},{\"@type\":\"WebPage\",\"@id\":\"https:\\\/\\\/www.alumni.space\\\/es\\\/testimonios-de-antiguos-empleados-que-se-han-convertido-en-mentores\\\/\",\"url\":\"https:\\\/\\\/www.alumni.space\\\/es\\\/testimonios-de-antiguos-empleados-que-se-han-convertido-en-mentores\\\/\",\"name\":\"De empleados a mentores: historias inspiradoras\",\"isPartOf\":{\"@id\":\"https:\\\/\\\/www.alumni.space\\\/es\\\/#website\"},\"primaryImageOfPage\":{\"@id\":\"https:\\\/\\\/www.alumni.space\\\/es\\\/testimonios-de-antiguos-empleados-que-se-han-convertido-en-mentores\\\/#primaryimage\"},\"image\":{\"@id\":\"https:\\\/\\\/www.alumni.space\\\/es\\\/testimonios-de-antiguos-empleados-que-se-han-convertido-en-mentores\\\/#primaryimage\"},\"thumbnailUrl\":\"https:\\\/\\\/www.alumni.space\\\/wp-content\\\/uploads\\\/2026\\\/03\\\/Temoignages-danciens-salaries-devenus-mentors.jpg\",\"datePublished\":\"2025-12-13T22:02:27+00:00\",\"dateModified\":\"2026-03-28T10:48:33+00:00\",\"author\":{\"@id\":\"https:\\\/\\\/www.alumni.space\\\/es\\\/#\\\/schema\\\/person\\\/fede362a57876edda476a61f05ce5b15\"},\"description\":\"Descubre las inspiradoras historias de antiguos empleados que se han convertido en mentores, y c\u00f3mo apoyan el \u00e9xito profesional.\",\"breadcrumb\":{\"@id\":\"https:\\\/\\\/www.alumni.space\\\/es\\\/testimonios-de-antiguos-empleados-que-se-han-convertido-en-mentores\\\/#breadcrumb\"},\"inLanguage\":\"es\",\"potentialAction\":[{\"@type\":\"ReadAction\",\"target\":[\"https:\\\/\\\/www.alumni.space\\\/es\\\/testimonios-de-antiguos-empleados-que-se-han-convertido-en-mentores\\\/\"]}]},{\"@type\":\"ImageObject\",\"inLanguage\":\"es\",\"@id\":\"https:\\\/\\\/www.alumni.space\\\/es\\\/testimonios-de-antiguos-empleados-que-se-han-convertido-en-mentores\\\/#primaryimage\",\"url\":\"https:\\\/\\\/www.alumni.space\\\/wp-content\\\/uploads\\\/2026\\\/03\\\/Temoignages-danciens-salaries-devenus-mentors.jpg\",\"contentUrl\":\"https:\\\/\\\/www.alumni.space\\\/wp-content\\\/uploads\\\/2026\\\/03\\\/Temoignages-danciens-salaries-devenus-mentors.jpg\",\"width\":1280,\"height\":768,\"caption\":\"descubre las inspiradoras historias de antiguos empleados que han decidido convertirse en mentores para apoyar y guiar a la nueva generaci\u00f3n.\"},{\"@type\":\"BreadcrumbList\",\"@id\":\"https:\\\/\\\/www.alumni.space\\\/es\\\/testimonios-de-antiguos-empleados-que-se-han-convertido-en-mentores\\\/#breadcrumb\",\"itemListElement\":[{\"@type\":\"ListItem\",\"position\":1,\"name\":\"Home\",\"item\":\"https:\\\/\\\/www.alumni.space\\\/es\\\/plataforma-de-tutoria-y-gestion-de-antiguos-alumnos\\\/\"},{\"@type\":\"ListItem\",\"position\":2,\"name\":\"Testimonios de antiguos empleados que se han convertido en mentores\"}]},{\"@type\":\"WebSite\",\"@id\":\"https:\\\/\\\/www.alumni.space\\\/es\\\/#website\",\"url\":\"https:\\\/\\\/www.alumni.space\\\/es\\\/\",\"name\":\"Alumni.space\",\"description\":\"My WordPress Blog\",\"potentialAction\":[{\"@type\":\"SearchAction\",\"target\":{\"@type\":\"EntryPoint\",\"urlTemplate\":\"https:\\\/\\\/www.alumni.space\\\/es\\\/?s={search_term_string}\"},\"query-input\":{\"@type\":\"PropertyValueSpecification\",\"valueRequired\":true,\"valueName\":\"search_term_string\"}}],\"inLanguage\":\"es\"},{\"@type\":\"Person\",\"@id\":\"https:\\\/\\\/www.alumni.space\\\/es\\\/#\\\/schema\\\/person\\\/fede362a57876edda476a61f05ce5b15\",\"name\":\"admin\",\"image\":{\"@type\":\"ImageObject\",\"inLanguage\":\"es\",\"@id\":\"https:\\\/\\\/secure.gravatar.com\\\/avatar\\\/318e234ae94f90d4d629428d6b983c08e31181c28f579e08a021180d759ea651?s=96&d=mm&r=g\",\"url\":\"https:\\\/\\\/secure.gravatar.com\\\/avatar\\\/318e234ae94f90d4d629428d6b983c08e31181c28f579e08a021180d759ea651?s=96&d=mm&r=g\",\"contentUrl\":\"https:\\\/\\\/secure.gravatar.com\\\/avatar\\\/318e234ae94f90d4d629428d6b983c08e31181c28f579e08a021180d759ea651?s=96&d=mm&r=g\",\"caption\":\"admin\"},\"description\":\"Nicolas Laustriat a construit sa sp\u00e9cialit\u00e9 sur un sujet que beaucoup d\u2019organisations d\u00e9couvrent trop tard : ce qui dispara\u00eet quand les gens partent. Dipl\u00f4m\u00e9 en conception de produit industriel, il bifurque vers le digital fin 1996, il couvre les transformations marques, RH, la fid\u00e9lisation, la marque employeur. Sur le terrain, il rep\u00e8re un angle mort r\u00e9current : l\u2019entreprise investit dans le recrutement, la formation, les process\u2026 puis laisse filer le lien au moment du d\u00e9part, avec une perte de savoir et d\u2019influence qui se paie en silence. Il se sp\u00e9cialise alors sur les communaut\u00e9s d\u2019alumni, le mentorat, l\u2019entraide interg\u00e9n\u00e9rationnelle et la transmission d\u2019expertise. Il passe du \u201cconstat\u201d aux m\u00e9thodes : animation, gouvernance, segmentation, rituels, mesure d\u2019engagement, articulation avec la RSE et l\u2019employabilit\u00e9. Il interviewe DRH, responsables formation, directions d\u2019\u00e9coles, associations et fondations, avec une obsession : transformer un r\u00e9seau dormant en m\u00e9canisme utile (cooptation, mentorat, job board, entraide, \u00e9v\u00e9nements, contenus). Son style : direct, orient\u00e9 action, sans folklore. Sa conviction : une communaut\u00e9 n\u2019a pas besoin de bruit, elle a besoin de raisons de revenir.\",\"sameAs\":[\"https:\\\/\\\/www.alumni.space\"]}]}<\/script>\n<!-- \/ Yoast SEO plugin. -->","yoast_head_json":{"title":"De empleados a mentores: historias inspiradoras","description":"Descubre las inspiradoras historias de antiguos empleados que se han convertido en mentores, y c\u00f3mo apoyan el \u00e9xito profesional.","robots":{"index":"index","follow":"follow","max-snippet":"max-snippet:-1","max-image-preview":"max-image-preview:large","max-video-preview":"max-video-preview:-1"},"canonical":"https:\/\/www.alumni.space\/es\/testimonios-de-antiguos-empleados-que-se-han-convertido-en-mentores\/","og_locale":"es_ES","og_type":"article","og_title":"De empleados a mentores: historias inspiradoras","og_description":"Descubre las inspiradoras historias de antiguos empleados que se han convertido en mentores, y c\u00f3mo apoyan el \u00e9xito profesional.","og_url":"https:\/\/www.alumni.space\/es\/testimonios-de-antiguos-empleados-que-se-han-convertido-en-mentores\/","og_site_name":"Alumni.space","article_published_time":"2025-12-13T22:02:27+00:00","article_modified_time":"2026-03-28T10:48:33+00:00","og_image":[{"width":1280,"height":768,"url":"https:\/\/www.alumni.space\/wp-content\/uploads\/2026\/03\/Temoignages-danciens-salaries-devenus-mentors.jpg","type":"image\/jpeg"}],"author":"admin","twitter_card":"summary_large_image","twitter_misc":{"Escrito por":"admin","Tiempo de lectura":"3 minutos"},"schema":{"@context":"https:\/\/schema.org","@graph":[{"@type":"Article","@id":"https:\/\/www.alumni.space\/es\/testimonios-de-antiguos-empleados-que-se-han-convertido-en-mentores\/#article","isPartOf":{"@id":"https:\/\/www.alumni.space\/es\/testimonios-de-antiguos-empleados-que-se-han-convertido-en-mentores\/"},"author":{"name":"admin","@id":"https:\/\/www.alumni.space\/es\/#\/schema\/person\/fede362a57876edda476a61f05ce5b15"},"headline":"Testimonios de antiguos empleados que se han convertido en mentores","datePublished":"2025-12-13T22:02:27+00:00","dateModified":"2026-03-28T10:48:33+00:00","mainEntityOfPage":{"@id":"https:\/\/www.alumni.space\/es\/testimonios-de-antiguos-empleados-que-se-han-convertido-en-mentores\/"},"wordCount":540,"image":{"@id":"https:\/\/www.alumni.space\/es\/testimonios-de-antiguos-empleados-que-se-han-convertido-en-mentores\/#primaryimage"},"thumbnailUrl":"https:\/\/www.alumni.space\/wp-content\/uploads\/2026\/03\/Temoignages-danciens-salaries-devenus-mentors.jpg","articleSection":["Tutor\u00eda"],"inLanguage":"es"},{"@type":"WebPage","@id":"https:\/\/www.alumni.space\/es\/testimonios-de-antiguos-empleados-que-se-han-convertido-en-mentores\/","url":"https:\/\/www.alumni.space\/es\/testimonios-de-antiguos-empleados-que-se-han-convertido-en-mentores\/","name":"De empleados a mentores: historias inspiradoras","isPartOf":{"@id":"https:\/\/www.alumni.space\/es\/#website"},"primaryImageOfPage":{"@id":"https:\/\/www.alumni.space\/es\/testimonios-de-antiguos-empleados-que-se-han-convertido-en-mentores\/#primaryimage"},"image":{"@id":"https:\/\/www.alumni.space\/es\/testimonios-de-antiguos-empleados-que-se-han-convertido-en-mentores\/#primaryimage"},"thumbnailUrl":"https:\/\/www.alumni.space\/wp-content\/uploads\/2026\/03\/Temoignages-danciens-salaries-devenus-mentors.jpg","datePublished":"2025-12-13T22:02:27+00:00","dateModified":"2026-03-28T10:48:33+00:00","author":{"@id":"https:\/\/www.alumni.space\/es\/#\/schema\/person\/fede362a57876edda476a61f05ce5b15"},"description":"Descubre las inspiradoras historias de antiguos empleados que se han convertido en mentores, y c\u00f3mo apoyan el \u00e9xito profesional.","breadcrumb":{"@id":"https:\/\/www.alumni.space\/es\/testimonios-de-antiguos-empleados-que-se-han-convertido-en-mentores\/#breadcrumb"},"inLanguage":"es","potentialAction":[{"@type":"ReadAction","target":["https:\/\/www.alumni.space\/es\/testimonios-de-antiguos-empleados-que-se-han-convertido-en-mentores\/"]}]},{"@type":"ImageObject","inLanguage":"es","@id":"https:\/\/www.alumni.space\/es\/testimonios-de-antiguos-empleados-que-se-han-convertido-en-mentores\/#primaryimage","url":"https:\/\/www.alumni.space\/wp-content\/uploads\/2026\/03\/Temoignages-danciens-salaries-devenus-mentors.jpg","contentUrl":"https:\/\/www.alumni.space\/wp-content\/uploads\/2026\/03\/Temoignages-danciens-salaries-devenus-mentors.jpg","width":1280,"height":768,"caption":"descubre las inspiradoras historias de antiguos empleados que han decidido convertirse en mentores para apoyar y guiar a la nueva generaci\u00f3n."},{"@type":"BreadcrumbList","@id":"https:\/\/www.alumni.space\/es\/testimonios-de-antiguos-empleados-que-se-han-convertido-en-mentores\/#breadcrumb","itemListElement":[{"@type":"ListItem","position":1,"name":"Home","item":"https:\/\/www.alumni.space\/es\/plataforma-de-tutoria-y-gestion-de-antiguos-alumnos\/"},{"@type":"ListItem","position":2,"name":"Testimonios de antiguos empleados que se han convertido en mentores"}]},{"@type":"WebSite","@id":"https:\/\/www.alumni.space\/es\/#website","url":"https:\/\/www.alumni.space\/es\/","name":"Alumni.space","description":"My WordPress Blog","potentialAction":[{"@type":"SearchAction","target":{"@type":"EntryPoint","urlTemplate":"https:\/\/www.alumni.space\/es\/?s={search_term_string}"},"query-input":{"@type":"PropertyValueSpecification","valueRequired":true,"valueName":"search_term_string"}}],"inLanguage":"es"},{"@type":"Person","@id":"https:\/\/www.alumni.space\/es\/#\/schema\/person\/fede362a57876edda476a61f05ce5b15","name":"admin","image":{"@type":"ImageObject","inLanguage":"es","@id":"https:\/\/secure.gravatar.com\/avatar\/318e234ae94f90d4d629428d6b983c08e31181c28f579e08a021180d759ea651?s=96&d=mm&r=g","url":"https:\/\/secure.gravatar.com\/avatar\/318e234ae94f90d4d629428d6b983c08e31181c28f579e08a021180d759ea651?s=96&d=mm&r=g","contentUrl":"https:\/\/secure.gravatar.com\/avatar\/318e234ae94f90d4d629428d6b983c08e31181c28f579e08a021180d759ea651?s=96&d=mm&r=g","caption":"admin"},"description":"Nicolas Laustriat a construit sa sp\u00e9cialit\u00e9 sur un sujet que beaucoup d\u2019organisations d\u00e9couvrent trop tard : ce qui dispara\u00eet quand les gens partent. Dipl\u00f4m\u00e9 en conception de produit industriel, il bifurque vers le digital fin 1996, il couvre les transformations marques, RH, la fid\u00e9lisation, la marque employeur. Sur le terrain, il rep\u00e8re un angle mort r\u00e9current : l\u2019entreprise investit dans le recrutement, la formation, les process\u2026 puis laisse filer le lien au moment du d\u00e9part, avec une perte de savoir et d\u2019influence qui se paie en silence. Il se sp\u00e9cialise alors sur les communaut\u00e9s d\u2019alumni, le mentorat, l\u2019entraide interg\u00e9n\u00e9rationnelle et la transmission d\u2019expertise. Il passe du \u201cconstat\u201d aux m\u00e9thodes : animation, gouvernance, segmentation, rituels, mesure d\u2019engagement, articulation avec la RSE et l\u2019employabilit\u00e9. Il interviewe DRH, responsables formation, directions d\u2019\u00e9coles, associations et fondations, avec une obsession : transformer un r\u00e9seau dormant en m\u00e9canisme utile (cooptation, mentorat, job board, entraide, \u00e9v\u00e9nements, contenus). Son style : direct, orient\u00e9 action, sans folklore. Sa conviction : une communaut\u00e9 n\u2019a pas besoin de bruit, elle a besoin de raisons de revenir.","sameAs":["https:\/\/www.alumni.space"]}]}},"_links":{"self":[{"href":"https:\/\/www.alumni.space\/es\/wp-json\/wp\/v2\/posts\/5205","targetHints":{"allow":["GET"]}}],"collection":[{"href":"https:\/\/www.alumni.space\/es\/wp-json\/wp\/v2\/posts"}],"about":[{"href":"https:\/\/www.alumni.space\/es\/wp-json\/wp\/v2\/types\/post"}],"author":[{"embeddable":true,"href":"https:\/\/www.alumni.space\/es\/wp-json\/wp\/v2\/users\/1"}],"replies":[{"embeddable":true,"href":"https:\/\/www.alumni.space\/es\/wp-json\/wp\/v2\/comments?post=5205"}],"version-history":[{"count":1,"href":"https:\/\/www.alumni.space\/es\/wp-json\/wp\/v2\/posts\/5205\/revisions"}],"predecessor-version":[{"id":5209,"href":"https:\/\/www.alumni.space\/es\/wp-json\/wp\/v2\/posts\/5205\/revisions\/5209"}],"wp:featuredmedia":[{"embeddable":true,"href":"https:\/\/www.alumni.space\/es\/wp-json\/wp\/v2\/media\/5207"}],"wp:attachment":[{"href":"https:\/\/www.alumni.space\/es\/wp-json\/wp\/v2\/media?parent=5205"}],"wp:term":[{"taxonomy":"category","embeddable":true,"href":"https:\/\/www.alumni.space\/es\/wp-json\/wp\/v2\/categories?post=5205"},{"taxonomy":"post_tag","embeddable":true,"href":"https:\/\/www.alumni.space\/es\/wp-json\/wp\/v2\/tags?post=5205"}],"curies":[{"name":"wp","href":"https:\/\/api.w.org\/{rel}","templated":true}]}}