{"id":5039,"date":"2025-01-27T21:05:09","date_gmt":"2025-01-27T21:05:09","guid":{"rendered":"https:\/\/www.alumni.space\/el-sector-agricola-como-evitar-la-perdida-de-conocimientos-de-los-agricultores\/"},"modified":"2026-03-28T10:45:49","modified_gmt":"2026-03-28T10:45:49","slug":"el-sector-agricola-como-evitar-la-perdida-de-conocimientos-de-los-agricultores","status":"publish","type":"post","link":"https:\/\/www.alumni.space\/es\/el-sector-agricola-como-evitar-la-perdida-de-conocimientos-de-los-agricultores\/","title":{"rendered":"El sector agr\u00edcola: \u00bfc\u00f3mo evitar la p\u00e9rdida de conocimientos de los agricultores?"},"content":{"rendered":"<div id=\"ez-toc-container\" class=\"ez-toc-v2_0_82_2 counter-flat ez-toc-counter ez-toc-grey ez-toc-container-direction\">\n<div class=\"ez-toc-title-container\"><p class=\"ez-toc-title\" style=\"cursor:inherit\">En este art\u00edculo se trata lo siguiente:<\/p>\n<\/div><nav><ul class='ez-toc-list ez-toc-list-level-1 ' ><li class='ez-toc-page-1'><a class=\"ez-toc-link ez-toc-heading-1\" href=\"https:\/\/www.alumni.space\/es\/el-sector-agricola-como-evitar-la-perdida-de-conocimientos-de-los-agricultores\/#Evitar_la_desaparicion_de_los_conocimientos_agricolas_en_el_sector_agrario\" >Evitar la desaparici\u00f3n de los conocimientos agr\u00edcolas en el sector agrario<\/a><\/li><li class='ez-toc-page-1'><a class=\"ez-toc-link ez-toc-heading-2\" href=\"https:\/\/www.alumni.space\/es\/el-sector-agricola-como-evitar-la-perdida-de-conocimientos-de-los-agricultores\/#Reconocimiento_y_mejora_de_los_conocimientos_de_los_agricultores_para_una_mejor_integracion\" >Reconocimiento y mejora de los conocimientos de los agricultores para una mejor integraci\u00f3n<\/a><\/li><li class='ez-toc-page-1'><a class=\"ez-toc-link ez-toc-heading-3\" href=\"https:\/\/www.alumni.space\/es\/el-sector-agricola-como-evitar-la-perdida-de-conocimientos-de-los-agricultores\/#Metodos_eficaces_para_transmitir_y_perpetuar_los_conocimientos_agricolas\" >M\u00e9todos eficaces para transmitir y perpetuar los conocimientos agr\u00edcolas<\/a><\/li><li class='ez-toc-page-1'><a class=\"ez-toc-link ez-toc-heading-4\" href=\"https:\/\/www.alumni.space\/es\/el-sector-agricola-como-evitar-la-perdida-de-conocimientos-de-los-agricultores\/#Casos_reales_y_factores_de_exito_para_la_proteccion_sostenible_del_conocimiento\" >Casos reales y factores de \u00e9xito para la protecci\u00f3n sostenible del conocimiento<\/a><\/li><\/ul><\/nav><\/div>\n<h2 class=\"wp-block-heading\"><span class=\"ez-toc-section\" id=\"Evitar_la_desaparicion_de_los_conocimientos_agricolas_en_el_sector_agrario\"><\/span>Evitar la desaparici\u00f3n de los conocimientos agr\u00edcolas en el sector agrario<span class=\"ez-toc-section-end\"><\/span><\/h2><p>El <strong>sector agr\u00edcola<\/strong> se enfrenta a un reto crucial: salvaguardar <strong>el saber hacer de los agricultores<\/strong>, un verdadero tesoro para <strong>transmitir los conocimientos<\/strong> necesarios para <strong>una agricultura sostenible<\/strong>. Este saber hacer local, arraigado en la experiencia cotidiana de los agricultores, representa una palanca esencial para <strong>preservar las tradiciones<\/strong> y adaptarse a los retos actuales, en particular el cambio clim\u00e1tico y la seguridad alimentaria. <\/p><p>La p\u00e9rdida generalizada de conocimientos agr\u00edcolas tradicionales conlleva importantes riesgos econ\u00f3micos y sociales. Tiene un impacto negativo en la capacidad de las explotaciones para llevar a cabo una <strong>agricultura familiar<\/strong> sostenible, al tiempo que debilita el tejido rural local. Por tanto, el reto consiste en poner en marcha mecanismos sostenibles que garanticen la continuidad de estas <strong>pr\u00e1cticas agr\u00edcolas ancestrales<\/strong> y el buen uso de <strong>los conocimientos locales<\/strong>.  <\/p><figure class=\"wp-block-image size-full\"><img decoding=\"async\" width=\"1280\" height=\"768\" src=\"https:\/\/www.alumni.space\/wp-content\/uploads\/2026\/03\/La-filiere-agricole-comment-eviter-la-perte-des-savoirs-paysans-1-1.jpg\" data-orig-src=\"https:\/\/www.alumni.space\/wp-content\/uploads\/2026\/03\/La-filiere-agricole-comment-eviter-la-perte-des-savoirs-paysans-1-1.jpg\" alt=\"Inf\u00f3rmate sobre los retos a los que se enfrenta el sector agr\u00edcola y las estrategias para preservar los conocimientos agr\u00edcolas, que son esenciales para transmitir las pr\u00e1cticas agr\u00edcolas tradicionales.\" class=\"lazyload wp-image-3279\" srcset=\"data:image\/svg+xml,%3Csvg%20xmlns%3D%27http%3A%2F%2Fwww.w3.org%2F2000%2Fsvg%27%20width%3D%271280%27%20height%3D%27768%27%20viewBox%3D%270%200%201280%20768%27%3E%3Crect%20width%3D%271280%27%20height%3D%27768%27%20fill-opacity%3D%220%22%2F%3E%3C%2Fsvg%3E\" data-srcset=\"https:\/\/www.alumni.space\/wp-content\/uploads\/2026\/03\/La-filiere-agricole-comment-eviter-la-perte-des-savoirs-paysans-1-1-200x120.jpg 200w, https:\/\/www.alumni.space\/wp-content\/uploads\/2026\/03\/La-filiere-agricole-comment-eviter-la-perte-des-savoirs-paysans-1-1-300x180.jpg 300w, https:\/\/www.alumni.space\/wp-content\/uploads\/2026\/03\/La-filiere-agricole-comment-eviter-la-perte-des-savoirs-paysans-1-1-400x240.jpg 400w, https:\/\/www.alumni.space\/wp-content\/uploads\/2026\/03\/La-filiere-agricole-comment-eviter-la-perte-des-savoirs-paysans-1-1-600x360.jpg 600w, https:\/\/www.alumni.space\/wp-content\/uploads\/2026\/03\/La-filiere-agricole-comment-eviter-la-perte-des-savoirs-paysans-1-1-768x461.jpg 768w, https:\/\/www.alumni.space\/wp-content\/uploads\/2026\/03\/La-filiere-agricole-comment-eviter-la-perte-des-savoirs-paysans-1-1-800x480.jpg 800w, https:\/\/www.alumni.space\/wp-content\/uploads\/2026\/03\/La-filiere-agricole-comment-eviter-la-perte-des-savoirs-paysans-1-1-1024x614.jpg 1024w, https:\/\/www.alumni.space\/wp-content\/uploads\/2026\/03\/La-filiere-agricole-comment-eviter-la-perte-des-savoirs-paysans-1-1-1200x720.jpg 1200w, https:\/\/www.alumni.space\/wp-content\/uploads\/2026\/03\/La-filiere-agricole-comment-eviter-la-perte-des-savoirs-paysans-1-1.jpg 1280w\" data-sizes=\"auto\" data-orig-sizes=\"(max-width: 1280px) 100vw, 1280px\" \/><\/figure><h3 class=\"wp-block-heading\"><span class=\"ez-toc-section\" id=\"Reconocimiento_y_mejora_de_los_conocimientos_de_los_agricultores_para_una_mejor_integracion\"><\/span>Reconocimiento y mejora de los conocimientos de los agricultores para una mejor integraci\u00f3n<span class=\"ez-toc-section-end\"><\/span><\/h3><p>En los \u00faltimos a\u00f1os, las iniciativas colectivas han ilustrado la importancia de poner de relieve estos conocimientos, en relaci\u00f3n con su contexto geogr\u00e1fico y cultural espec\u00edfico. Grupos de trabajo especializados trabajan para identificar estos conocimientos, fomentar su uso y garantizar su protecci\u00f3n mediante la colaboraci\u00f3n entre <strong>agricultores<\/strong>, investigadores e instituciones. <\/p><p>Un impacto tangible en el desarrollo de la autonom\u00eda de los agricultores puede verse en la din\u00e1mica en la que los conocimientos antiguos inspiran pr\u00e1cticas innovadoras, reforzando as\u00ed la resiliencia frente a los riesgos clim\u00e1ticos. Los conocimientos locales se convierten entonces en una fuerza motriz de la innovaci\u00f3n agr\u00edcola, fundamental para garantizar la continuidad de las explotaciones y la seguridad alimentaria a escala regional. <\/p><p>Por ejemplo, el <a href=\"https:\/\/www.transrural-initiatives.org\/ressources\/anciens-dossiers\/savoirs-paysans\/\">dossier Iniciativas Transrurales<\/a> explora los procesos hist\u00f3ricos y contempor\u00e1neos implicados en la destrucci\u00f3n y recuperaci\u00f3n del conocimiento campesino, ofreciendo valiosas pistas metodol\u00f3gicas para los implicados.<\/p><h2 class=\"wp-block-heading\"><span class=\"ez-toc-section\" id=\"Metodos_eficaces_para_transmitir_y_perpetuar_los_conocimientos_agricolas\"><\/span>M\u00e9todos eficaces para transmitir y perpetuar los conocimientos agr\u00edcolas<span class=\"ez-toc-section-end\"><\/span><\/h2><p>Es esencial aplicar una estrategia rigurosa. Se basa en la creaci\u00f3n de comunidades de intercambio, el despliegue de sistemas de tutor\u00eda y la creaci\u00f3n de foros participativos para fomentar el apoyo mutuo intergeneracional. Hoy en d\u00eda, la industrializaci\u00f3n del intercambio de conocimientos pasa por plataformas especializadas que evitan la necesidad de utilizar herramientas dispersas, lo que simplifica el acceso a los recursos y aumenta el compromiso a largo plazo.  <\/p><p>Una amplia gama de contenidos -hojas de informaci\u00f3n pr\u00e1ctica, podcasts, v\u00eddeos- acompa\u00f1ada de un calendario de rituales regulares garantiza que la informaci\u00f3n se transmita sin problemas y se adapte a las necesidades de los miembros. Estas herramientas est\u00e1n respaldadas por un cuidadoso seguimiento de los indicadores clave de rendimiento (KPI) para medir el impacto de las acciones en la adopci\u00f3n de las mejores pr\u00e1cticas. <\/p><p>En particular, este modelo fomenta <strong>la cooptaci\u00f3n<\/strong> e impulsa una <strong>red de antiguos alumnos<\/strong> comprometida y a largo plazo, arraigada en aut\u00e9nticos valores agr\u00edcolas. Una soluci\u00f3n digital como<a href=\"https:\/\/www.alumni.space\/es\/el-sector-agricola-como-evitar-la-perdida-de-conocimientos-de-los-agricultores\/\">alumni.space<\/a> es una forma eficaz de coordinar estas operaciones y maximizar el tiempo ahorrado, evitando al mismo tiempo los costes adicionales asociados a la dispersi\u00f3n de datos. <\/p><h3 class=\"wp-block-heading\"><span class=\"ez-toc-section\" id=\"Casos_reales_y_factores_de_exito_para_la_proteccion_sostenible_del_conocimiento\"><\/span>Casos reales y factores de \u00e9xito para la protecci\u00f3n sostenible del conocimiento<span class=\"ez-toc-section-end\"><\/span><\/h3><p>En algunas regiones, la iniciativa <a href=\"https:\/\/semoir-agricole.fr\/agriculture-durable\/valoriser-et-sauvegarder-les-savoir-faire-agricoles-traditionnels\/\">de promover los conocimientos tradicionales<\/a> ha dado lugar a un aumento significativo de la biodiversidad local y a una importante adaptaci\u00f3n de las pr\u00e1cticas al cambio clim\u00e1tico. Estos \u00e9xitos demuestran el papel de estos conocimientos en la construcci\u00f3n de un modelo agr\u00edcola resiliente, que combine tradici\u00f3n e innovaci\u00f3n. <\/p><p>La estrecha colaboraci\u00f3n entre los actores institucionales, los colectivos de agricultores y las plataformas de gesti\u00f3n comunitaria garantiza que no haya lagunas en la transmisi\u00f3n de conocimientos. Favorece la creaci\u00f3n de parejas mentor-mentor y potencia la dimensi\u00f3n asociativa o fundacional, aspecto fundamental para garantizar la sostenibilidad de las redes locales. <\/p><p>Un seguimiento regular y una comunicaci\u00f3n bien orientada consolidan estas din\u00e1micas, promueven a los embajadores de las pr\u00e1cticas ancestrales y alimentan una cultura de compromiso esencial para la continuidad de la agricultura en las regiones.<\/p>","protected":false},"excerpt":{"rendered":"<p>Evitar la desaparici\u00f3n de los conocimientos agr\u00edcolas en el sector  [&#8230;]<\/p>\n","protected":false},"author":1,"featured_media":5042,"comment_status":"closed","ping_status":"closed","sticky":false,"template":"","format":"standard","meta":{"_ayudawp_aiss_exclude":false,"footnotes":""},"categories":[74],"tags":[],"class_list":["post-5039","post","type-post","status-publish","format-standard","has-post-thumbnail","hentry","category-intercambio-de-conocimientos"],"yoast_head":"<!-- This site is optimized with the Yoast SEO plugin v27.4 - https:\/\/yoast.com\/product\/yoast-seo-wordpress\/ -->\n<title>Preservar los conocimientos de los agricultores: retos y soluciones agr\u00edcolas<\/title>\n<meta name=\"description\" content=\"Averigua c\u00f3mo preservar los conocimientos de los agricultores en el sector agrario y evitar que se pierdan, algo esencial para un futuro sostenible.\" \/>\n<meta name=\"robots\" content=\"index, follow, max-snippet:-1, max-image-preview:large, max-video-preview:-1\" \/>\n<link rel=\"canonical\" href=\"https:\/\/www.alumni.space\/es\/el-sector-agricola-como-evitar-la-perdida-de-conocimientos-de-los-agricultores\/\" \/>\n<meta property=\"og:locale\" content=\"es_ES\" \/>\n<meta property=\"og:type\" content=\"article\" \/>\n<meta property=\"og:title\" content=\"Preservar los conocimientos de los agricultores: retos y soluciones agr\u00edcolas\" \/>\n<meta property=\"og:description\" content=\"Averigua c\u00f3mo preservar los conocimientos de los agricultores en el sector agrario y evitar que se pierdan, algo esencial para un futuro sostenible.\" \/>\n<meta property=\"og:url\" content=\"https:\/\/www.alumni.space\/es\/el-sector-agricola-como-evitar-la-perdida-de-conocimientos-de-los-agricultores\/\" \/>\n<meta property=\"og:site_name\" content=\"Alumni.space\" \/>\n<meta property=\"article:published_time\" content=\"2025-01-27T21:05:09+00:00\" \/>\n<meta property=\"article:modified_time\" content=\"2026-03-28T10:45:49+00:00\" \/>\n<meta property=\"og:image\" content=\"https:\/\/www.alumni.space\/wp-content\/uploads\/2026\/03\/La-filiere-agricole-comment-eviter-la-perte-des-savoirs-paysans-.jpg\" \/>\n\t<meta property=\"og:image:width\" content=\"1280\" \/>\n\t<meta property=\"og:image:height\" content=\"768\" \/>\n\t<meta property=\"og:image:type\" content=\"image\/jpeg\" \/>\n<meta name=\"author\" content=\"admin\" \/>\n<meta name=\"twitter:card\" content=\"summary_large_image\" \/>\n<meta name=\"twitter:label1\" content=\"Escrito por\" \/>\n\t<meta name=\"twitter:data1\" content=\"admin\" \/>\n\t<meta name=\"twitter:label2\" content=\"Tiempo de lectura\" \/>\n\t<meta name=\"twitter:data2\" content=\"4 minutos\" \/>\n<script type=\"application\/ld+json\" class=\"yoast-schema-graph\">{\"@context\":\"https:\\\/\\\/schema.org\",\"@graph\":[{\"@type\":\"Article\",\"@id\":\"https:\\\/\\\/www.alumni.space\\\/es\\\/el-sector-agricola-como-evitar-la-perdida-de-conocimientos-de-los-agricultores\\\/#article\",\"isPartOf\":{\"@id\":\"https:\\\/\\\/www.alumni.space\\\/es\\\/el-sector-agricola-como-evitar-la-perdida-de-conocimientos-de-los-agricultores\\\/\"},\"author\":{\"name\":\"admin\",\"@id\":\"https:\\\/\\\/www.alumni.space\\\/es\\\/#\\\/schema\\\/person\\\/fede362a57876edda476a61f05ce5b15\"},\"headline\":\"El sector agr\u00edcola: \u00bfc\u00f3mo evitar la p\u00e9rdida de conocimientos de los agricultores?\",\"datePublished\":\"2025-01-27T21:05:09+00:00\",\"dateModified\":\"2026-03-28T10:45:49+00:00\",\"mainEntityOfPage\":{\"@id\":\"https:\\\/\\\/www.alumni.space\\\/es\\\/el-sector-agricola-como-evitar-la-perdida-de-conocimientos-de-los-agricultores\\\/\"},\"wordCount\":721,\"image\":{\"@id\":\"https:\\\/\\\/www.alumni.space\\\/es\\\/el-sector-agricola-como-evitar-la-perdida-de-conocimientos-de-los-agricultores\\\/#primaryimage\"},\"thumbnailUrl\":\"https:\\\/\\\/www.alumni.space\\\/wp-content\\\/uploads\\\/2026\\\/03\\\/La-filiere-agricole-comment-eviter-la-perte-des-savoirs-paysans-.jpg\",\"articleSection\":[\"Intercambio de conocimientos\"],\"inLanguage\":\"es\"},{\"@type\":\"WebPage\",\"@id\":\"https:\\\/\\\/www.alumni.space\\\/es\\\/el-sector-agricola-como-evitar-la-perdida-de-conocimientos-de-los-agricultores\\\/\",\"url\":\"https:\\\/\\\/www.alumni.space\\\/es\\\/el-sector-agricola-como-evitar-la-perdida-de-conocimientos-de-los-agricultores\\\/\",\"name\":\"Preservar los conocimientos de los agricultores: retos y soluciones agr\u00edcolas\",\"isPartOf\":{\"@id\":\"https:\\\/\\\/www.alumni.space\\\/es\\\/#website\"},\"primaryImageOfPage\":{\"@id\":\"https:\\\/\\\/www.alumni.space\\\/es\\\/el-sector-agricola-como-evitar-la-perdida-de-conocimientos-de-los-agricultores\\\/#primaryimage\"},\"image\":{\"@id\":\"https:\\\/\\\/www.alumni.space\\\/es\\\/el-sector-agricola-como-evitar-la-perdida-de-conocimientos-de-los-agricultores\\\/#primaryimage\"},\"thumbnailUrl\":\"https:\\\/\\\/www.alumni.space\\\/wp-content\\\/uploads\\\/2026\\\/03\\\/La-filiere-agricole-comment-eviter-la-perte-des-savoirs-paysans-.jpg\",\"datePublished\":\"2025-01-27T21:05:09+00:00\",\"dateModified\":\"2026-03-28T10:45:49+00:00\",\"author\":{\"@id\":\"https:\\\/\\\/www.alumni.space\\\/es\\\/#\\\/schema\\\/person\\\/fede362a57876edda476a61f05ce5b15\"},\"description\":\"Averigua c\u00f3mo preservar los conocimientos de los agricultores en el sector agrario y evitar que se pierdan, algo esencial para un futuro sostenible.\",\"breadcrumb\":{\"@id\":\"https:\\\/\\\/www.alumni.space\\\/es\\\/el-sector-agricola-como-evitar-la-perdida-de-conocimientos-de-los-agricultores\\\/#breadcrumb\"},\"inLanguage\":\"es\",\"potentialAction\":[{\"@type\":\"ReadAction\",\"target\":[\"https:\\\/\\\/www.alumni.space\\\/es\\\/el-sector-agricola-como-evitar-la-perdida-de-conocimientos-de-los-agricultores\\\/\"]}]},{\"@type\":\"ImageObject\",\"inLanguage\":\"es\",\"@id\":\"https:\\\/\\\/www.alumni.space\\\/es\\\/el-sector-agricola-como-evitar-la-perdida-de-conocimientos-de-los-agricultores\\\/#primaryimage\",\"url\":\"https:\\\/\\\/www.alumni.space\\\/wp-content\\\/uploads\\\/2026\\\/03\\\/La-filiere-agricole-comment-eviter-la-perte-des-savoirs-paysans-.jpg\",\"contentUrl\":\"https:\\\/\\\/www.alumni.space\\\/wp-content\\\/uploads\\\/2026\\\/03\\\/La-filiere-agricole-comment-eviter-la-perte-des-savoirs-paysans-.jpg\",\"width\":1280,\"height\":768,\"caption\":\"Inf\u00f3rmate sobre los retos a los que se enfrenta el sector agr\u00edcola y sobre c\u00f3mo preservar y transmitir los conocimientos agr\u00edcolas esenciales para la sostenibilidad y la innovaci\u00f3n agr\u00edcola.\"},{\"@type\":\"BreadcrumbList\",\"@id\":\"https:\\\/\\\/www.alumni.space\\\/es\\\/el-sector-agricola-como-evitar-la-perdida-de-conocimientos-de-los-agricultores\\\/#breadcrumb\",\"itemListElement\":[{\"@type\":\"ListItem\",\"position\":1,\"name\":\"Home\",\"item\":\"https:\\\/\\\/www.alumni.space\\\/es\\\/plataforma-de-tutoria-y-gestion-de-antiguos-alumnos\\\/\"},{\"@type\":\"ListItem\",\"position\":2,\"name\":\"El sector agr\u00edcola: \u00bfc\u00f3mo evitar la p\u00e9rdida de conocimientos de los agricultores?\"}]},{\"@type\":\"WebSite\",\"@id\":\"https:\\\/\\\/www.alumni.space\\\/es\\\/#website\",\"url\":\"https:\\\/\\\/www.alumni.space\\\/es\\\/\",\"name\":\"Alumni.space\",\"description\":\"My WordPress Blog\",\"potentialAction\":[{\"@type\":\"SearchAction\",\"target\":{\"@type\":\"EntryPoint\",\"urlTemplate\":\"https:\\\/\\\/www.alumni.space\\\/es\\\/?s={search_term_string}\"},\"query-input\":{\"@type\":\"PropertyValueSpecification\",\"valueRequired\":true,\"valueName\":\"search_term_string\"}}],\"inLanguage\":\"es\"},{\"@type\":\"Person\",\"@id\":\"https:\\\/\\\/www.alumni.space\\\/es\\\/#\\\/schema\\\/person\\\/fede362a57876edda476a61f05ce5b15\",\"name\":\"admin\",\"image\":{\"@type\":\"ImageObject\",\"inLanguage\":\"es\",\"@id\":\"https:\\\/\\\/secure.gravatar.com\\\/avatar\\\/318e234ae94f90d4d629428d6b983c08e31181c28f579e08a021180d759ea651?s=96&d=mm&r=g\",\"url\":\"https:\\\/\\\/secure.gravatar.com\\\/avatar\\\/318e234ae94f90d4d629428d6b983c08e31181c28f579e08a021180d759ea651?s=96&d=mm&r=g\",\"contentUrl\":\"https:\\\/\\\/secure.gravatar.com\\\/avatar\\\/318e234ae94f90d4d629428d6b983c08e31181c28f579e08a021180d759ea651?s=96&d=mm&r=g\",\"caption\":\"admin\"},\"description\":\"Nicolas Laustriat a construit sa sp\u00e9cialit\u00e9 sur un sujet que beaucoup d\u2019organisations d\u00e9couvrent trop tard : ce qui dispara\u00eet quand les gens partent. Dipl\u00f4m\u00e9 en conception de produit industriel, il bifurque vers le digital fin 1996, il couvre les transformations marques, RH, la fid\u00e9lisation, la marque employeur. Sur le terrain, il rep\u00e8re un angle mort r\u00e9current : l\u2019entreprise investit dans le recrutement, la formation, les process\u2026 puis laisse filer le lien au moment du d\u00e9part, avec une perte de savoir et d\u2019influence qui se paie en silence. Il se sp\u00e9cialise alors sur les communaut\u00e9s d\u2019alumni, le mentorat, l\u2019entraide interg\u00e9n\u00e9rationnelle et la transmission d\u2019expertise. Il passe du \u201cconstat\u201d aux m\u00e9thodes : animation, gouvernance, segmentation, rituels, mesure d\u2019engagement, articulation avec la RSE et l\u2019employabilit\u00e9. Il interviewe DRH, responsables formation, directions d\u2019\u00e9coles, associations et fondations, avec une obsession : transformer un r\u00e9seau dormant en m\u00e9canisme utile (cooptation, mentorat, job board, entraide, \u00e9v\u00e9nements, contenus). Son style : direct, orient\u00e9 action, sans folklore. Sa conviction : une communaut\u00e9 n\u2019a pas besoin de bruit, elle a besoin de raisons de revenir.\",\"sameAs\":[\"https:\\\/\\\/www.alumni.space\"]}]}<\/script>\n<!-- \/ Yoast SEO plugin. -->","yoast_head_json":{"title":"Preservar los conocimientos de los agricultores: retos y soluciones agr\u00edcolas","description":"Averigua c\u00f3mo preservar los conocimientos de los agricultores en el sector agrario y evitar que se pierdan, algo esencial para un futuro sostenible.","robots":{"index":"index","follow":"follow","max-snippet":"max-snippet:-1","max-image-preview":"max-image-preview:large","max-video-preview":"max-video-preview:-1"},"canonical":"https:\/\/www.alumni.space\/es\/el-sector-agricola-como-evitar-la-perdida-de-conocimientos-de-los-agricultores\/","og_locale":"es_ES","og_type":"article","og_title":"Preservar los conocimientos de los agricultores: retos y soluciones agr\u00edcolas","og_description":"Averigua c\u00f3mo preservar los conocimientos de los agricultores en el sector agrario y evitar que se pierdan, algo esencial para un futuro sostenible.","og_url":"https:\/\/www.alumni.space\/es\/el-sector-agricola-como-evitar-la-perdida-de-conocimientos-de-los-agricultores\/","og_site_name":"Alumni.space","article_published_time":"2025-01-27T21:05:09+00:00","article_modified_time":"2026-03-28T10:45:49+00:00","og_image":[{"width":1280,"height":768,"url":"https:\/\/www.alumni.space\/wp-content\/uploads\/2026\/03\/La-filiere-agricole-comment-eviter-la-perte-des-savoirs-paysans-.jpg","type":"image\/jpeg"}],"author":"admin","twitter_card":"summary_large_image","twitter_misc":{"Escrito por":"admin","Tiempo de lectura":"4 minutos"},"schema":{"@context":"https:\/\/schema.org","@graph":[{"@type":"Article","@id":"https:\/\/www.alumni.space\/es\/el-sector-agricola-como-evitar-la-perdida-de-conocimientos-de-los-agricultores\/#article","isPartOf":{"@id":"https:\/\/www.alumni.space\/es\/el-sector-agricola-como-evitar-la-perdida-de-conocimientos-de-los-agricultores\/"},"author":{"name":"admin","@id":"https:\/\/www.alumni.space\/es\/#\/schema\/person\/fede362a57876edda476a61f05ce5b15"},"headline":"El sector agr\u00edcola: \u00bfc\u00f3mo evitar la p\u00e9rdida de conocimientos de los agricultores?","datePublished":"2025-01-27T21:05:09+00:00","dateModified":"2026-03-28T10:45:49+00:00","mainEntityOfPage":{"@id":"https:\/\/www.alumni.space\/es\/el-sector-agricola-como-evitar-la-perdida-de-conocimientos-de-los-agricultores\/"},"wordCount":721,"image":{"@id":"https:\/\/www.alumni.space\/es\/el-sector-agricola-como-evitar-la-perdida-de-conocimientos-de-los-agricultores\/#primaryimage"},"thumbnailUrl":"https:\/\/www.alumni.space\/wp-content\/uploads\/2026\/03\/La-filiere-agricole-comment-eviter-la-perte-des-savoirs-paysans-.jpg","articleSection":["Intercambio de conocimientos"],"inLanguage":"es"},{"@type":"WebPage","@id":"https:\/\/www.alumni.space\/es\/el-sector-agricola-como-evitar-la-perdida-de-conocimientos-de-los-agricultores\/","url":"https:\/\/www.alumni.space\/es\/el-sector-agricola-como-evitar-la-perdida-de-conocimientos-de-los-agricultores\/","name":"Preservar los conocimientos de los agricultores: retos y soluciones agr\u00edcolas","isPartOf":{"@id":"https:\/\/www.alumni.space\/es\/#website"},"primaryImageOfPage":{"@id":"https:\/\/www.alumni.space\/es\/el-sector-agricola-como-evitar-la-perdida-de-conocimientos-de-los-agricultores\/#primaryimage"},"image":{"@id":"https:\/\/www.alumni.space\/es\/el-sector-agricola-como-evitar-la-perdida-de-conocimientos-de-los-agricultores\/#primaryimage"},"thumbnailUrl":"https:\/\/www.alumni.space\/wp-content\/uploads\/2026\/03\/La-filiere-agricole-comment-eviter-la-perte-des-savoirs-paysans-.jpg","datePublished":"2025-01-27T21:05:09+00:00","dateModified":"2026-03-28T10:45:49+00:00","author":{"@id":"https:\/\/www.alumni.space\/es\/#\/schema\/person\/fede362a57876edda476a61f05ce5b15"},"description":"Averigua c\u00f3mo preservar los conocimientos de los agricultores en el sector agrario y evitar que se pierdan, algo esencial para un futuro sostenible.","breadcrumb":{"@id":"https:\/\/www.alumni.space\/es\/el-sector-agricola-como-evitar-la-perdida-de-conocimientos-de-los-agricultores\/#breadcrumb"},"inLanguage":"es","potentialAction":[{"@type":"ReadAction","target":["https:\/\/www.alumni.space\/es\/el-sector-agricola-como-evitar-la-perdida-de-conocimientos-de-los-agricultores\/"]}]},{"@type":"ImageObject","inLanguage":"es","@id":"https:\/\/www.alumni.space\/es\/el-sector-agricola-como-evitar-la-perdida-de-conocimientos-de-los-agricultores\/#primaryimage","url":"https:\/\/www.alumni.space\/wp-content\/uploads\/2026\/03\/La-filiere-agricole-comment-eviter-la-perte-des-savoirs-paysans-.jpg","contentUrl":"https:\/\/www.alumni.space\/wp-content\/uploads\/2026\/03\/La-filiere-agricole-comment-eviter-la-perte-des-savoirs-paysans-.jpg","width":1280,"height":768,"caption":"Inf\u00f3rmate sobre los retos a los que se enfrenta el sector agr\u00edcola y sobre c\u00f3mo preservar y transmitir los conocimientos agr\u00edcolas esenciales para la sostenibilidad y la innovaci\u00f3n agr\u00edcola."},{"@type":"BreadcrumbList","@id":"https:\/\/www.alumni.space\/es\/el-sector-agricola-como-evitar-la-perdida-de-conocimientos-de-los-agricultores\/#breadcrumb","itemListElement":[{"@type":"ListItem","position":1,"name":"Home","item":"https:\/\/www.alumni.space\/es\/plataforma-de-tutoria-y-gestion-de-antiguos-alumnos\/"},{"@type":"ListItem","position":2,"name":"El sector agr\u00edcola: \u00bfc\u00f3mo evitar la p\u00e9rdida de conocimientos de los agricultores?"}]},{"@type":"WebSite","@id":"https:\/\/www.alumni.space\/es\/#website","url":"https:\/\/www.alumni.space\/es\/","name":"Alumni.space","description":"My WordPress Blog","potentialAction":[{"@type":"SearchAction","target":{"@type":"EntryPoint","urlTemplate":"https:\/\/www.alumni.space\/es\/?s={search_term_string}"},"query-input":{"@type":"PropertyValueSpecification","valueRequired":true,"valueName":"search_term_string"}}],"inLanguage":"es"},{"@type":"Person","@id":"https:\/\/www.alumni.space\/es\/#\/schema\/person\/fede362a57876edda476a61f05ce5b15","name":"admin","image":{"@type":"ImageObject","inLanguage":"es","@id":"https:\/\/secure.gravatar.com\/avatar\/318e234ae94f90d4d629428d6b983c08e31181c28f579e08a021180d759ea651?s=96&d=mm&r=g","url":"https:\/\/secure.gravatar.com\/avatar\/318e234ae94f90d4d629428d6b983c08e31181c28f579e08a021180d759ea651?s=96&d=mm&r=g","contentUrl":"https:\/\/secure.gravatar.com\/avatar\/318e234ae94f90d4d629428d6b983c08e31181c28f579e08a021180d759ea651?s=96&d=mm&r=g","caption":"admin"},"description":"Nicolas Laustriat a construit sa sp\u00e9cialit\u00e9 sur un sujet que beaucoup d\u2019organisations d\u00e9couvrent trop tard : ce qui dispara\u00eet quand les gens partent. Dipl\u00f4m\u00e9 en conception de produit industriel, il bifurque vers le digital fin 1996, il couvre les transformations marques, RH, la fid\u00e9lisation, la marque employeur. Sur le terrain, il rep\u00e8re un angle mort r\u00e9current : l\u2019entreprise investit dans le recrutement, la formation, les process\u2026 puis laisse filer le lien au moment du d\u00e9part, avec une perte de savoir et d\u2019influence qui se paie en silence. Il se sp\u00e9cialise alors sur les communaut\u00e9s d\u2019alumni, le mentorat, l\u2019entraide interg\u00e9n\u00e9rationnelle et la transmission d\u2019expertise. Il passe du \u201cconstat\u201d aux m\u00e9thodes : animation, gouvernance, segmentation, rituels, mesure d\u2019engagement, articulation avec la RSE et l\u2019employabilit\u00e9. Il interviewe DRH, responsables formation, directions d\u2019\u00e9coles, associations et fondations, avec une obsession : transformer un r\u00e9seau dormant en m\u00e9canisme utile (cooptation, mentorat, job board, entraide, \u00e9v\u00e9nements, contenus). Son style : direct, orient\u00e9 action, sans folklore. Sa conviction : une communaut\u00e9 n\u2019a pas besoin de bruit, elle a besoin de raisons de revenir.","sameAs":["https:\/\/www.alumni.space"]}]}},"_links":{"self":[{"href":"https:\/\/www.alumni.space\/es\/wp-json\/wp\/v2\/posts\/5039","targetHints":{"allow":["GET"]}}],"collection":[{"href":"https:\/\/www.alumni.space\/es\/wp-json\/wp\/v2\/posts"}],"about":[{"href":"https:\/\/www.alumni.space\/es\/wp-json\/wp\/v2\/types\/post"}],"author":[{"embeddable":true,"href":"https:\/\/www.alumni.space\/es\/wp-json\/wp\/v2\/users\/1"}],"replies":[{"embeddable":true,"href":"https:\/\/www.alumni.space\/es\/wp-json\/wp\/v2\/comments?post=5039"}],"version-history":[{"count":1,"href":"https:\/\/www.alumni.space\/es\/wp-json\/wp\/v2\/posts\/5039\/revisions"}],"predecessor-version":[{"id":5043,"href":"https:\/\/www.alumni.space\/es\/wp-json\/wp\/v2\/posts\/5039\/revisions\/5043"}],"wp:featuredmedia":[{"embeddable":true,"href":"https:\/\/www.alumni.space\/es\/wp-json\/wp\/v2\/media\/5042"}],"wp:attachment":[{"href":"https:\/\/www.alumni.space\/es\/wp-json\/wp\/v2\/media?parent=5039"}],"wp:term":[{"taxonomy":"category","embeddable":true,"href":"https:\/\/www.alumni.space\/es\/wp-json\/wp\/v2\/categories?post=5039"},{"taxonomy":"post_tag","embeddable":true,"href":"https:\/\/www.alumni.space\/es\/wp-json\/wp\/v2\/tags?post=5039"}],"curies":[{"name":"wp","href":"https:\/\/api.w.org\/{rel}","templated":true}]}}