{"id":5003,"date":"2024-09-07T12:34:56","date_gmt":"2024-09-07T12:34:56","guid":{"rendered":"https:\/\/www.alumni.space\/el-valor-anadido-de-un-programa-de-antiguos-alumnos-para-tu-marca-de-empleador\/"},"modified":"2026-04-02T12:07:10","modified_gmt":"2026-04-02T12:07:10","slug":"el-valor-anadido-de-un-programa-de-antiguos-alumnos-para-tu-marca-de-empleador","status":"publish","type":"post","link":"https:\/\/www.alumni.space\/es\/el-valor-anadido-de-un-programa-de-antiguos-alumnos-para-tu-marca-de-empleador\/","title":{"rendered":"El valor a\u00f1adido de un programa de antiguos alumnos para tu marca de empleador"},"content":{"rendered":"<p>Breve resumen: un programa de antiguos alumnos transforma las relaciones dispersas en una red activa, \u00fatil para la contrataci\u00f3n, el desarrollo de competencias y la sensibilizaci\u00f3n de los empleadores. El siguiente art\u00edculo describe los retos, el m\u00e9todo operativo y los indicadores para ayudarte a decidir y actuar con rapidez. <\/p><p>Resumen: centrarse en los beneficios cuantificables para los departamentos de RRHH, comit\u00e9s de empresa, escuelas, centros de formaci\u00f3n de aprendices, asociaciones y fundaciones. Ilustraciones pr\u00e1cticas al final, con un claro incentivo para pasar a la fase de industrializaci\u00f3n a trav\u00e9s de una plataforma espec\u00edfica. <\/p><div id=\"ez-toc-container\" class=\"ez-toc-v2_0_82_2 counter-flat ez-toc-counter ez-toc-grey ez-toc-container-direction\">\n<div class=\"ez-toc-title-container\"><p class=\"ez-toc-title\" style=\"cursor:inherit\">En este art\u00edculo se trata lo siguiente:<\/p>\n<\/div><nav><ul class='ez-toc-list ez-toc-list-level-1 ' ><li class='ez-toc-page-1'><a class=\"ez-toc-link ez-toc-heading-1\" href=\"https:\/\/www.alumni.space\/es\/el-valor-anadido-de-un-programa-de-antiguos-alumnos-para-tu-marca-de-empleador\/#Impacto_de_un_programa_de_antiguos_alumnos_en_la_marca_del_empleador_y_la_contratacion\" >Impacto de un programa de antiguos alumnos en la marca del empleador y la contrataci\u00f3n<\/a><\/li><li class='ez-toc-page-1'><a class=\"ez-toc-link ez-toc-heading-2\" href=\"https:\/\/www.alumni.space\/es\/el-valor-anadido-de-un-programa-de-antiguos-alumnos-para-tu-marca-de-empleador\/#Implementacion_operativa_para_RRHH_escuelas_y_asociaciones\" >Implementaci\u00f3n operativa para RRHH, escuelas y asociaciones<\/a><\/li><li class='ez-toc-page-1'><a class=\"ez-toc-link ez-toc-heading-3\" href=\"https:\/\/www.alumni.space\/es\/el-valor-anadido-de-un-programa-de-antiguos-alumnos-para-tu-marca-de-empleador\/#KPI_prioritarios_y_beneficios_directos_para_los_responsables_de_la_toma_de_decisiones\" >KPI prioritarios y beneficios directos para los responsables de la toma de decisiones<\/a><\/li><li class='ez-toc-page-1'><a class=\"ez-toc-link ez-toc-heading-4\" href=\"https:\/\/www.alumni.space\/es\/el-valor-anadido-de-un-programa-de-antiguos-alumnos-para-tu-marca-de-empleador\/#Caso_practico_Deltis_lanzado_en_12_semanas\" >Caso pr\u00e1ctico: Deltis, lanzado en 12 semanas<\/a><\/li><\/ul><\/nav><\/div>\n<h2 class=\"wp-block-heading\"><span class=\"ez-toc-section\" id=\"Impacto_de_un_programa_de_antiguos_alumnos_en_la_marca_del_empleador_y_la_contratacion\"><\/span>Impacto de un programa de antiguos alumnos en la marca del empleador y la contrataci\u00f3n<span class=\"ez-toc-section-end\"><\/span><\/h2><p>La p\u00e9rdida de conocimientos cuando la gente se va conlleva costes ocultos: tiempos de integraci\u00f3n m\u00e1s largos y diluci\u00f3n de la memoria colectiva. Un programa de antiguos alumnos reduce este despilfarro activando una red de antiguos alumnos que comparten competencias y oportunidades. <\/p><p>La presencia de una red estructurada mejora la <strong>creaci\u00f3n de redes<\/strong> y la <strong>visibilidad<\/strong>, al tiempo que aumenta la <strong>reputaci\u00f3n<\/strong> y la <strong>lealtad<\/strong>. El resultado directo: menos rotaci\u00f3n de personal y m\u00e1s candidaturas cualificadas por cooptaci\u00f3n. <\/p><figure class=\"wp-block-image size-full\"><img decoding=\"async\" width=\"1344\" height=\"768\" src=\"https:\/\/www.alumni.space\/wp-content\/uploads\/2026\/03\/La-valeur-ajoutee-dun-programme-alumni-dans-votre-marque-employeur-1.jpg\" data-orig-src=\"https:\/\/www.alumni.space\/wp-content\/uploads\/2026\/03\/La-valeur-ajoutee-dun-programme-alumni-dans-votre-marque-employeur-1.jpg\" alt=\"descubre c\u00f3mo un programa de antiguos alumnos puede reforzar tu marca de empleador fidelizando a tus antiguos empleados y elevando el perfil de tu empresa.\" class=\"lazyload wp-image-3396\" srcset=\"data:image\/svg+xml,%3Csvg%20xmlns%3D%27http%3A%2F%2Fwww.w3.org%2F2000%2Fsvg%27%20width%3D%271344%27%20height%3D%27768%27%20viewBox%3D%270%200%201344%20768%27%3E%3Crect%20width%3D%271344%27%20height%3D%27768%27%20fill-opacity%3D%220%22%2F%3E%3C%2Fsvg%3E\" data-srcset=\"https:\/\/www.alumni.space\/wp-content\/uploads\/2026\/03\/La-valeur-ajoutee-dun-programme-alumni-dans-votre-marque-employeur-1-200x114.jpg 200w, https:\/\/www.alumni.space\/wp-content\/uploads\/2026\/03\/La-valeur-ajoutee-dun-programme-alumni-dans-votre-marque-employeur-1-300x171.jpg 300w, https:\/\/www.alumni.space\/wp-content\/uploads\/2026\/03\/La-valeur-ajoutee-dun-programme-alumni-dans-votre-marque-employeur-1-400x229.jpg 400w, https:\/\/www.alumni.space\/wp-content\/uploads\/2026\/03\/La-valeur-ajoutee-dun-programme-alumni-dans-votre-marque-employeur-1-600x343.jpg 600w, https:\/\/www.alumni.space\/wp-content\/uploads\/2026\/03\/La-valeur-ajoutee-dun-programme-alumni-dans-votre-marque-employeur-1-768x439.jpg 768w, https:\/\/www.alumni.space\/wp-content\/uploads\/2026\/03\/La-valeur-ajoutee-dun-programme-alumni-dans-votre-marque-employeur-1-800x457.jpg 800w, https:\/\/www.alumni.space\/wp-content\/uploads\/2026\/03\/La-valeur-ajoutee-dun-programme-alumni-dans-votre-marque-employeur-1-1024x585.jpg 1024w, https:\/\/www.alumni.space\/wp-content\/uploads\/2026\/03\/La-valeur-ajoutee-dun-programme-alumni-dans-votre-marque-employeur-1-1200x686.jpg 1200w, https:\/\/www.alumni.space\/wp-content\/uploads\/2026\/03\/La-valeur-ajoutee-dun-programme-alumni-dans-votre-marque-employeur-1.jpg 1344w\" data-sizes=\"auto\" data-orig-sizes=\"(max-width: 1344px) 100vw, 1344px\" \/><\/figure><h3 class=\"wp-block-heading\"><span class=\"ez-toc-section\" id=\"Implementacion_operativa_para_RRHH_escuelas_y_asociaciones\"><\/span>Implementaci\u00f3n operativa para RRHH, escuelas y asociaciones<span class=\"ez-toc-section-end\"><\/span><\/h3><p>Proceso recomendado: definir un piloto, segmentar la audiencia (antiguos alumnos por a\u00f1o, l\u00ednea de negocio, ubicaci\u00f3n), formalizar rituales anuales y v\u00edas de tutor\u00eda. Una plataforma evita las hojas de c\u00e1lculo y facilita la gesti\u00f3n de perfiles, eventos, ofertas y bolsas de trabajo. <\/p><p>Unirse a un club local ayuda a activar la <strong>comunidad<\/strong> y la <strong>colaboraci\u00f3n<\/strong> entre generaciones. Para una gu\u00eda pr\u00e1ctica, consulta la ficha sobre la <a href=\"https:\/\/www.alumni.space\/es\/como-crear-un-club-de-antiguos-alumnos\/\">creaci\u00f3n de un club de antiguos alumnos<\/a> y los comentarios sobre la <a href=\"https:\/\/www.alumni.space\/es\/antiguos-alumnos-como-crear-una-dinamica-de-red-sostenible\/\">din\u00e1mica de la red<\/a>. Rituales recomendados: reuni\u00f3n de direcci\u00f3n mensual, campa\u00f1a de compromiso trimestral, seguimiento de las parejas mentor\/alumno.  <\/p><p>Frase clave: lanzar un piloto dirigido a 50 antiguos alumnos para evaluar la adopci\u00f3n y el valor en seis semanas.<\/p><h2 class=\"wp-block-heading\"><span class=\"ez-toc-section\" id=\"KPI_prioritarios_y_beneficios_directos_para_los_responsables_de_la_toma_de_decisiones\"><\/span>KPI prioritarios y beneficios directos para los responsables de la toma de decisiones<span class=\"ez-toc-section-end\"><\/span><\/h2><p>Indicadores que deben seguirse: tasa de participaci\u00f3n en actos, horas de tutor\u00eda, n\u00famero de vacantes publicadas en la bolsa de trabajo, proporci\u00f3n de contrataciones por cooptaci\u00f3n. Estas medidas se traducen en beneficios concretos para la gobernanza y la comunicaci\u00f3n. <\/p><p>Desde el punto de vista de la RSC, una plataforma de antiguos alumnos ampl\u00eda la responsabilidad social de la organizaci\u00f3n garantizando la transferencia de habilidades, la inclusi\u00f3n intergeneracional, el apoyo a la empleabilidad y el voluntariado de habilidades. Capitalizar la experiencia de los antiguos alumnos reduce el desperdicio de conocimientos y demuestra una cultura de <strong>atenci\u00f3n<\/strong> orientada al desarrollo. Las cifras recogidas (participaci\u00f3n, horas de tutor\u00eda, comentarios) proporcionan una gesti\u00f3n unificada para RRHH, RSC y comunicaci\u00f3n.  <\/p><p>Para saber m\u00e1s sobre la medici\u00f3n del impacto, consulta la p\u00e1gina dedicada a la <a href=\"https:\/\/www.alumni.space\/es\/como-medir-el-impacto-de-un-programa-de-tutoria-empresarial\/\">medici\u00f3n del impacto de la tutor\u00eda<\/a> y el programa detallado de <a href=\"https:\/\/www.alumni.space\/es\/como-crear-un-programa-de-tutoria-con-tus-antiguos-alumnos\/\">tutor\u00eda de antiguos alumnos<\/a>. Frase clave: los KPI sencillos generan decisiones r\u00e1pidas. <\/p><h3 class=\"wp-block-heading\"><span class=\"ez-toc-section\" id=\"Caso_practico_Deltis_lanzado_en_12_semanas\"><\/span>Caso pr\u00e1ctico: Deltis, lanzado en 12 semanas<span class=\"ez-toc-section-end\"><\/span><\/h3><p>Contexto: Una PYME tecnol\u00f3gica ficticia que experimentaba una elevada rotaci\u00f3n de personal y una deriva procedimental tras varias salidas clave. Deltis puso en marcha un itinerario para antiguos alumnos, junto con tutor\u00edas y una bolsa de trabajo basada en una plataforma SaaS. <\/p><p>Acciones realizadas: creaci\u00f3n de un comit\u00e9 piloto, importaci\u00f3n de perfiles, calendario de eventos locales, m\u00f3dulos de tutor\u00eda dirigidos por referentes empresariales. Resultados observados: aceleraci\u00f3n de la incorporaci\u00f3n, aumento de la <strong>fidelidad de<\/strong> los antiguos alumnos, aumento de la contrataci\u00f3n a trav\u00e9s de la red. Para aprovechar estas palancas, consulta la p\u00e1gina sobre <a href=\"https:\/\/www.alumni.space\/es\/antiguos-alumnos-y-contratacion-por-que-tus-antiguos-empleados-son-reclutadores-naturales\/\">contrataci\u00f3n natural a trav\u00e9s de la red de antiguos alumnos<\/a> y las mejores pr\u00e1cticas para <a href=\"https:\/\/www.alumni.space\/es\/como-implicar-a-los-antiguos-alumnos-en-tus-actos-corporativos\/\">implicar a los antiguos alumnos en los eventos<\/a>.  <\/p><p>Frase clave: el despliegue gradual, dirigido por un responsable de RRHH, convierte un coste oculto en una ventaja competitiva medible.<\/p><p>Acci\u00f3n inmediata recomendada: definir un piloto de 8-12 semanas, elegir una plataforma para industrializar la gesti\u00f3n de perfiles, tutor\u00edas, ofertas y contenidos, automatizar los seguimientos y medir tres KPI clave. <a href=\"https:\/\/www.alumni.space\/es\/programas-de-antiguos-alumnos-una-poderosa-herramienta-indirecta-de-fidelizacion\/\">Pide una demostraci\u00f3n<\/a> para ver c\u00f3mo pasar de un archivo Excel a una comunidad activa.<\/p>","protected":false},"excerpt":{"rendered":"<p>Breve resumen: un programa de antiguos alumnos transforma las relaciones  [&#8230;]<\/p>\n","protected":false},"author":1,"featured_media":5005,"comment_status":"closed","ping_status":"closed","sticky":false,"template":"","format":"standard","meta":{"_ayudawp_aiss_exclude":false,"footnotes":""},"categories":[72],"tags":[],"class_list":["post-5003","post","type-post","status-publish","format-standard","has-post-thumbnail","hentry","category-antiguos-alumnos"],"yoast_head":"<!-- This site is optimized with the Yoast SEO plugin v27.4 - https:\/\/yoast.com\/product\/yoast-seo-wordpress\/ -->\n<title>Programa Alumni: Impulsa tu Marca de Empleador<\/title>\n<meta name=\"description\" content=\"Descubre c\u00f3mo un programa de antiguos alumnos refuerza tu marca de empleador reteniendo el talento y mejorando tu red profesional.\" \/>\n<meta name=\"robots\" content=\"index, follow, max-snippet:-1, max-image-preview:large, max-video-preview:-1\" \/>\n<link rel=\"canonical\" href=\"https:\/\/www.alumni.space\/es\/el-valor-anadido-de-un-programa-de-antiguos-alumnos-para-tu-marca-de-empleador\/\" \/>\n<meta property=\"og:locale\" content=\"es_ES\" \/>\n<meta property=\"og:type\" content=\"article\" \/>\n<meta property=\"og:title\" content=\"Programa Alumni: Impulsa tu Marca de Empleador\" \/>\n<meta property=\"og:description\" content=\"Descubre c\u00f3mo un programa de antiguos alumnos refuerza tu marca de empleador reteniendo el talento y mejorando tu red profesional.\" \/>\n<meta property=\"og:url\" content=\"https:\/\/www.alumni.space\/es\/el-valor-anadido-de-un-programa-de-antiguos-alumnos-para-tu-marca-de-empleador\/\" \/>\n<meta property=\"og:site_name\" content=\"Alumni.space\" \/>\n<meta property=\"article:published_time\" content=\"2024-09-07T12:34:56+00:00\" \/>\n<meta property=\"article:modified_time\" content=\"2026-04-02T12:07:10+00:00\" \/>\n<meta property=\"og:image\" content=\"https:\/\/www.alumni.space\/wp-content\/uploads\/2026\/03\/La-valeur-ajoutee-dun-programme-alumni-dans-votre-marque-employeur.jpg\" \/>\n\t<meta property=\"og:image:width\" content=\"1344\" \/>\n\t<meta property=\"og:image:height\" content=\"768\" \/>\n\t<meta property=\"og:image:type\" content=\"image\/jpeg\" \/>\n<meta name=\"author\" content=\"admin\" \/>\n<meta name=\"twitter:card\" content=\"summary_large_image\" \/>\n<meta name=\"twitter:label1\" content=\"Escrito por\" \/>\n\t<meta name=\"twitter:data1\" content=\"admin\" \/>\n\t<meta name=\"twitter:label2\" content=\"Tiempo de lectura\" \/>\n\t<meta name=\"twitter:data2\" content=\"4 minutos\" \/>\n<script type=\"application\/ld+json\" class=\"yoast-schema-graph\">{\"@context\":\"https:\\\/\\\/schema.org\",\"@graph\":[{\"@type\":\"Article\",\"@id\":\"https:\\\/\\\/www.alumni.space\\\/es\\\/el-valor-anadido-de-un-programa-de-antiguos-alumnos-para-tu-marca-de-empleador\\\/#article\",\"isPartOf\":{\"@id\":\"https:\\\/\\\/www.alumni.space\\\/es\\\/el-valor-anadido-de-un-programa-de-antiguos-alumnos-para-tu-marca-de-empleador\\\/\"},\"author\":{\"name\":\"admin\",\"@id\":\"https:\\\/\\\/www.alumni.space\\\/es\\\/#\\\/schema\\\/person\\\/fede362a57876edda476a61f05ce5b15\"},\"headline\":\"El valor a\u00f1adido de un programa de antiguos alumnos para tu marca de empleador\",\"datePublished\":\"2024-09-07T12:34:56+00:00\",\"dateModified\":\"2026-04-02T12:07:10+00:00\",\"mainEntityOfPage\":{\"@id\":\"https:\\\/\\\/www.alumni.space\\\/es\\\/el-valor-anadido-de-un-programa-de-antiguos-alumnos-para-tu-marca-de-empleador\\\/\"},\"wordCount\":757,\"image\":{\"@id\":\"https:\\\/\\\/www.alumni.space\\\/es\\\/el-valor-anadido-de-un-programa-de-antiguos-alumnos-para-tu-marca-de-empleador\\\/#primaryimage\"},\"thumbnailUrl\":\"https:\\\/\\\/www.alumni.space\\\/wp-content\\\/uploads\\\/2026\\\/03\\\/La-valeur-ajoutee-dun-programme-alumni-dans-votre-marque-employeur.jpg\",\"articleSection\":[\"Antiguos alumnos\"],\"inLanguage\":\"es\"},{\"@type\":\"WebPage\",\"@id\":\"https:\\\/\\\/www.alumni.space\\\/es\\\/el-valor-anadido-de-un-programa-de-antiguos-alumnos-para-tu-marca-de-empleador\\\/\",\"url\":\"https:\\\/\\\/www.alumni.space\\\/es\\\/el-valor-anadido-de-un-programa-de-antiguos-alumnos-para-tu-marca-de-empleador\\\/\",\"name\":\"Programa Alumni: Impulsa tu Marca de Empleador\",\"isPartOf\":{\"@id\":\"https:\\\/\\\/www.alumni.space\\\/es\\\/#website\"},\"primaryImageOfPage\":{\"@id\":\"https:\\\/\\\/www.alumni.space\\\/es\\\/el-valor-anadido-de-un-programa-de-antiguos-alumnos-para-tu-marca-de-empleador\\\/#primaryimage\"},\"image\":{\"@id\":\"https:\\\/\\\/www.alumni.space\\\/es\\\/el-valor-anadido-de-un-programa-de-antiguos-alumnos-para-tu-marca-de-empleador\\\/#primaryimage\"},\"thumbnailUrl\":\"https:\\\/\\\/www.alumni.space\\\/wp-content\\\/uploads\\\/2026\\\/03\\\/La-valeur-ajoutee-dun-programme-alumni-dans-votre-marque-employeur.jpg\",\"datePublished\":\"2024-09-07T12:34:56+00:00\",\"dateModified\":\"2026-04-02T12:07:10+00:00\",\"author\":{\"@id\":\"https:\\\/\\\/www.alumni.space\\\/es\\\/#\\\/schema\\\/person\\\/fede362a57876edda476a61f05ce5b15\"},\"description\":\"Descubre c\u00f3mo un programa de antiguos alumnos refuerza tu marca de empleador reteniendo el talento y mejorando tu red profesional.\",\"breadcrumb\":{\"@id\":\"https:\\\/\\\/www.alumni.space\\\/es\\\/el-valor-anadido-de-un-programa-de-antiguos-alumnos-para-tu-marca-de-empleador\\\/#breadcrumb\"},\"inLanguage\":\"es\",\"potentialAction\":[{\"@type\":\"ReadAction\",\"target\":[\"https:\\\/\\\/www.alumni.space\\\/es\\\/el-valor-anadido-de-un-programa-de-antiguos-alumnos-para-tu-marca-de-empleador\\\/\"]}]},{\"@type\":\"ImageObject\",\"inLanguage\":\"es\",\"@id\":\"https:\\\/\\\/www.alumni.space\\\/es\\\/el-valor-anadido-de-un-programa-de-antiguos-alumnos-para-tu-marca-de-empleador\\\/#primaryimage\",\"url\":\"https:\\\/\\\/www.alumni.space\\\/wp-content\\\/uploads\\\/2026\\\/03\\\/La-valeur-ajoutee-dun-programme-alumni-dans-votre-marque-employeur.jpg\",\"contentUrl\":\"https:\\\/\\\/www.alumni.space\\\/wp-content\\\/uploads\\\/2026\\\/03\\\/La-valeur-ajoutee-dun-programme-alumni-dans-votre-marque-employeur.jpg\",\"width\":1344,\"height\":768,\"caption\":\"descubre c\u00f3mo un programa de antiguos alumnos puede reforzar tu marca de empleador creando relaciones, reteniendo el talento y potenciando tu red profesional.\"},{\"@type\":\"BreadcrumbList\",\"@id\":\"https:\\\/\\\/www.alumni.space\\\/es\\\/el-valor-anadido-de-un-programa-de-antiguos-alumnos-para-tu-marca-de-empleador\\\/#breadcrumb\",\"itemListElement\":[{\"@type\":\"ListItem\",\"position\":1,\"name\":\"Home\",\"item\":\"https:\\\/\\\/www.alumni.space\\\/es\\\/plataforma-de-tutoria-y-gestion-de-antiguos-alumnos\\\/\"},{\"@type\":\"ListItem\",\"position\":2,\"name\":\"El valor a\u00f1adido de un programa de antiguos alumnos para tu marca de empleador\"}]},{\"@type\":\"WebSite\",\"@id\":\"https:\\\/\\\/www.alumni.space\\\/es\\\/#website\",\"url\":\"https:\\\/\\\/www.alumni.space\\\/es\\\/\",\"name\":\"Alumni.space\",\"description\":\"My WordPress Blog\",\"potentialAction\":[{\"@type\":\"SearchAction\",\"target\":{\"@type\":\"EntryPoint\",\"urlTemplate\":\"https:\\\/\\\/www.alumni.space\\\/es\\\/?s={search_term_string}\"},\"query-input\":{\"@type\":\"PropertyValueSpecification\",\"valueRequired\":true,\"valueName\":\"search_term_string\"}}],\"inLanguage\":\"es\"},{\"@type\":\"Person\",\"@id\":\"https:\\\/\\\/www.alumni.space\\\/es\\\/#\\\/schema\\\/person\\\/fede362a57876edda476a61f05ce5b15\",\"name\":\"admin\",\"image\":{\"@type\":\"ImageObject\",\"inLanguage\":\"es\",\"@id\":\"https:\\\/\\\/secure.gravatar.com\\\/avatar\\\/318e234ae94f90d4d629428d6b983c08e31181c28f579e08a021180d759ea651?s=96&d=mm&r=g\",\"url\":\"https:\\\/\\\/secure.gravatar.com\\\/avatar\\\/318e234ae94f90d4d629428d6b983c08e31181c28f579e08a021180d759ea651?s=96&d=mm&r=g\",\"contentUrl\":\"https:\\\/\\\/secure.gravatar.com\\\/avatar\\\/318e234ae94f90d4d629428d6b983c08e31181c28f579e08a021180d759ea651?s=96&d=mm&r=g\",\"caption\":\"admin\"},\"description\":\"Nicolas Laustriat a construit sa sp\u00e9cialit\u00e9 sur un sujet que beaucoup d\u2019organisations d\u00e9couvrent trop tard : ce qui dispara\u00eet quand les gens partent. Dipl\u00f4m\u00e9 en conception de produit industriel, il bifurque vers le digital fin 1996, il couvre les transformations marques, RH, la fid\u00e9lisation, la marque employeur. Sur le terrain, il rep\u00e8re un angle mort r\u00e9current : l\u2019entreprise investit dans le recrutement, la formation, les process\u2026 puis laisse filer le lien au moment du d\u00e9part, avec une perte de savoir et d\u2019influence qui se paie en silence. Il se sp\u00e9cialise alors sur les communaut\u00e9s d\u2019alumni, le mentorat, l\u2019entraide interg\u00e9n\u00e9rationnelle et la transmission d\u2019expertise. Il passe du \u201cconstat\u201d aux m\u00e9thodes : animation, gouvernance, segmentation, rituels, mesure d\u2019engagement, articulation avec la RSE et l\u2019employabilit\u00e9. Il interviewe DRH, responsables formation, directions d\u2019\u00e9coles, associations et fondations, avec une obsession : transformer un r\u00e9seau dormant en m\u00e9canisme utile (cooptation, mentorat, job board, entraide, \u00e9v\u00e9nements, contenus). Son style : direct, orient\u00e9 action, sans folklore. Sa conviction : une communaut\u00e9 n\u2019a pas besoin de bruit, elle a besoin de raisons de revenir.\",\"sameAs\":[\"https:\\\/\\\/www.alumni.space\"]}]}<\/script>\n<!-- \/ Yoast SEO plugin. -->","yoast_head_json":{"title":"Programa Alumni: Impulsa tu Marca de Empleador","description":"Descubre c\u00f3mo un programa de antiguos alumnos refuerza tu marca de empleador reteniendo el talento y mejorando tu red profesional.","robots":{"index":"index","follow":"follow","max-snippet":"max-snippet:-1","max-image-preview":"max-image-preview:large","max-video-preview":"max-video-preview:-1"},"canonical":"https:\/\/www.alumni.space\/es\/el-valor-anadido-de-un-programa-de-antiguos-alumnos-para-tu-marca-de-empleador\/","og_locale":"es_ES","og_type":"article","og_title":"Programa Alumni: Impulsa tu Marca de Empleador","og_description":"Descubre c\u00f3mo un programa de antiguos alumnos refuerza tu marca de empleador reteniendo el talento y mejorando tu red profesional.","og_url":"https:\/\/www.alumni.space\/es\/el-valor-anadido-de-un-programa-de-antiguos-alumnos-para-tu-marca-de-empleador\/","og_site_name":"Alumni.space","article_published_time":"2024-09-07T12:34:56+00:00","article_modified_time":"2026-04-02T12:07:10+00:00","og_image":[{"width":1344,"height":768,"url":"https:\/\/www.alumni.space\/wp-content\/uploads\/2026\/03\/La-valeur-ajoutee-dun-programme-alumni-dans-votre-marque-employeur.jpg","type":"image\/jpeg"}],"author":"admin","twitter_card":"summary_large_image","twitter_misc":{"Escrito por":"admin","Tiempo de lectura":"4 minutos"},"schema":{"@context":"https:\/\/schema.org","@graph":[{"@type":"Article","@id":"https:\/\/www.alumni.space\/es\/el-valor-anadido-de-un-programa-de-antiguos-alumnos-para-tu-marca-de-empleador\/#article","isPartOf":{"@id":"https:\/\/www.alumni.space\/es\/el-valor-anadido-de-un-programa-de-antiguos-alumnos-para-tu-marca-de-empleador\/"},"author":{"name":"admin","@id":"https:\/\/www.alumni.space\/es\/#\/schema\/person\/fede362a57876edda476a61f05ce5b15"},"headline":"El valor a\u00f1adido de un programa de antiguos alumnos para tu marca de empleador","datePublished":"2024-09-07T12:34:56+00:00","dateModified":"2026-04-02T12:07:10+00:00","mainEntityOfPage":{"@id":"https:\/\/www.alumni.space\/es\/el-valor-anadido-de-un-programa-de-antiguos-alumnos-para-tu-marca-de-empleador\/"},"wordCount":757,"image":{"@id":"https:\/\/www.alumni.space\/es\/el-valor-anadido-de-un-programa-de-antiguos-alumnos-para-tu-marca-de-empleador\/#primaryimage"},"thumbnailUrl":"https:\/\/www.alumni.space\/wp-content\/uploads\/2026\/03\/La-valeur-ajoutee-dun-programme-alumni-dans-votre-marque-employeur.jpg","articleSection":["Antiguos alumnos"],"inLanguage":"es"},{"@type":"WebPage","@id":"https:\/\/www.alumni.space\/es\/el-valor-anadido-de-un-programa-de-antiguos-alumnos-para-tu-marca-de-empleador\/","url":"https:\/\/www.alumni.space\/es\/el-valor-anadido-de-un-programa-de-antiguos-alumnos-para-tu-marca-de-empleador\/","name":"Programa Alumni: Impulsa tu Marca de Empleador","isPartOf":{"@id":"https:\/\/www.alumni.space\/es\/#website"},"primaryImageOfPage":{"@id":"https:\/\/www.alumni.space\/es\/el-valor-anadido-de-un-programa-de-antiguos-alumnos-para-tu-marca-de-empleador\/#primaryimage"},"image":{"@id":"https:\/\/www.alumni.space\/es\/el-valor-anadido-de-un-programa-de-antiguos-alumnos-para-tu-marca-de-empleador\/#primaryimage"},"thumbnailUrl":"https:\/\/www.alumni.space\/wp-content\/uploads\/2026\/03\/La-valeur-ajoutee-dun-programme-alumni-dans-votre-marque-employeur.jpg","datePublished":"2024-09-07T12:34:56+00:00","dateModified":"2026-04-02T12:07:10+00:00","author":{"@id":"https:\/\/www.alumni.space\/es\/#\/schema\/person\/fede362a57876edda476a61f05ce5b15"},"description":"Descubre c\u00f3mo un programa de antiguos alumnos refuerza tu marca de empleador reteniendo el talento y mejorando tu red profesional.","breadcrumb":{"@id":"https:\/\/www.alumni.space\/es\/el-valor-anadido-de-un-programa-de-antiguos-alumnos-para-tu-marca-de-empleador\/#breadcrumb"},"inLanguage":"es","potentialAction":[{"@type":"ReadAction","target":["https:\/\/www.alumni.space\/es\/el-valor-anadido-de-un-programa-de-antiguos-alumnos-para-tu-marca-de-empleador\/"]}]},{"@type":"ImageObject","inLanguage":"es","@id":"https:\/\/www.alumni.space\/es\/el-valor-anadido-de-un-programa-de-antiguos-alumnos-para-tu-marca-de-empleador\/#primaryimage","url":"https:\/\/www.alumni.space\/wp-content\/uploads\/2026\/03\/La-valeur-ajoutee-dun-programme-alumni-dans-votre-marque-employeur.jpg","contentUrl":"https:\/\/www.alumni.space\/wp-content\/uploads\/2026\/03\/La-valeur-ajoutee-dun-programme-alumni-dans-votre-marque-employeur.jpg","width":1344,"height":768,"caption":"descubre c\u00f3mo un programa de antiguos alumnos puede reforzar tu marca de empleador creando relaciones, reteniendo el talento y potenciando tu red profesional."},{"@type":"BreadcrumbList","@id":"https:\/\/www.alumni.space\/es\/el-valor-anadido-de-un-programa-de-antiguos-alumnos-para-tu-marca-de-empleador\/#breadcrumb","itemListElement":[{"@type":"ListItem","position":1,"name":"Home","item":"https:\/\/www.alumni.space\/es\/plataforma-de-tutoria-y-gestion-de-antiguos-alumnos\/"},{"@type":"ListItem","position":2,"name":"El valor a\u00f1adido de un programa de antiguos alumnos para tu marca de empleador"}]},{"@type":"WebSite","@id":"https:\/\/www.alumni.space\/es\/#website","url":"https:\/\/www.alumni.space\/es\/","name":"Alumni.space","description":"My WordPress Blog","potentialAction":[{"@type":"SearchAction","target":{"@type":"EntryPoint","urlTemplate":"https:\/\/www.alumni.space\/es\/?s={search_term_string}"},"query-input":{"@type":"PropertyValueSpecification","valueRequired":true,"valueName":"search_term_string"}}],"inLanguage":"es"},{"@type":"Person","@id":"https:\/\/www.alumni.space\/es\/#\/schema\/person\/fede362a57876edda476a61f05ce5b15","name":"admin","image":{"@type":"ImageObject","inLanguage":"es","@id":"https:\/\/secure.gravatar.com\/avatar\/318e234ae94f90d4d629428d6b983c08e31181c28f579e08a021180d759ea651?s=96&d=mm&r=g","url":"https:\/\/secure.gravatar.com\/avatar\/318e234ae94f90d4d629428d6b983c08e31181c28f579e08a021180d759ea651?s=96&d=mm&r=g","contentUrl":"https:\/\/secure.gravatar.com\/avatar\/318e234ae94f90d4d629428d6b983c08e31181c28f579e08a021180d759ea651?s=96&d=mm&r=g","caption":"admin"},"description":"Nicolas Laustriat a construit sa sp\u00e9cialit\u00e9 sur un sujet que beaucoup d\u2019organisations d\u00e9couvrent trop tard : ce qui dispara\u00eet quand les gens partent. Dipl\u00f4m\u00e9 en conception de produit industriel, il bifurque vers le digital fin 1996, il couvre les transformations marques, RH, la fid\u00e9lisation, la marque employeur. Sur le terrain, il rep\u00e8re un angle mort r\u00e9current : l\u2019entreprise investit dans le recrutement, la formation, les process\u2026 puis laisse filer le lien au moment du d\u00e9part, avec une perte de savoir et d\u2019influence qui se paie en silence. Il se sp\u00e9cialise alors sur les communaut\u00e9s d\u2019alumni, le mentorat, l\u2019entraide interg\u00e9n\u00e9rationnelle et la transmission d\u2019expertise. Il passe du \u201cconstat\u201d aux m\u00e9thodes : animation, gouvernance, segmentation, rituels, mesure d\u2019engagement, articulation avec la RSE et l\u2019employabilit\u00e9. Il interviewe DRH, responsables formation, directions d\u2019\u00e9coles, associations et fondations, avec une obsession : transformer un r\u00e9seau dormant en m\u00e9canisme utile (cooptation, mentorat, job board, entraide, \u00e9v\u00e9nements, contenus). Son style : direct, orient\u00e9 action, sans folklore. Sa conviction : une communaut\u00e9 n\u2019a pas besoin de bruit, elle a besoin de raisons de revenir.","sameAs":["https:\/\/www.alumni.space"]}]}},"_links":{"self":[{"href":"https:\/\/www.alumni.space\/es\/wp-json\/wp\/v2\/posts\/5003","targetHints":{"allow":["GET"]}}],"collection":[{"href":"https:\/\/www.alumni.space\/es\/wp-json\/wp\/v2\/posts"}],"about":[{"href":"https:\/\/www.alumni.space\/es\/wp-json\/wp\/v2\/types\/post"}],"author":[{"embeddable":true,"href":"https:\/\/www.alumni.space\/es\/wp-json\/wp\/v2\/users\/1"}],"replies":[{"embeddable":true,"href":"https:\/\/www.alumni.space\/es\/wp-json\/wp\/v2\/comments?post=5003"}],"version-history":[{"count":4,"href":"https:\/\/www.alumni.space\/es\/wp-json\/wp\/v2\/posts\/5003\/revisions"}],"predecessor-version":[{"id":7117,"href":"https:\/\/www.alumni.space\/es\/wp-json\/wp\/v2\/posts\/5003\/revisions\/7117"}],"wp:featuredmedia":[{"embeddable":true,"href":"https:\/\/www.alumni.space\/es\/wp-json\/wp\/v2\/media\/5005"}],"wp:attachment":[{"href":"https:\/\/www.alumni.space\/es\/wp-json\/wp\/v2\/media?parent=5003"}],"wp:term":[{"taxonomy":"category","embeddable":true,"href":"https:\/\/www.alumni.space\/es\/wp-json\/wp\/v2\/categories?post=5003"},{"taxonomy":"post_tag","embeddable":true,"href":"https:\/\/www.alumni.space\/es\/wp-json\/wp\/v2\/tags?post=5003"}],"curies":[{"name":"wp","href":"https:\/\/api.w.org\/{rel}","templated":true}]}}