{"id":4974,"date":"2024-12-01T19:29:25","date_gmt":"2024-12-01T19:29:25","guid":{"rendered":"https:\/\/www.alumni.space\/preparar-la-salida-de-contables-senior-una-cuestion-de-urgencia\/"},"modified":"2026-04-02T09:19:51","modified_gmt":"2026-04-02T09:19:51","slug":"preparar-la-salida-de-contables-senior-una-cuestion-de-urgencia","status":"publish","type":"post","link":"https:\/\/www.alumni.space\/es\/preparar-la-salida-de-contables-senior-una-cuestion-de-urgencia\/","title":{"rendered":"Preparar la salida de contables senior: una cuesti\u00f3n de urgencia"},"content":{"rendered":"<p>Preparar la jubilaci\u00f3n de los contables senior es una prioridad clave. Su marcha imprevista supone una p\u00e9rdida importante de <strong>competencias<\/strong> y <strong>conocimientos<\/strong>, que repercute en la continuidad y el rendimiento de las empresas. Poner en marcha un <strong>plan<\/strong> estructurado ayuda a optimizar la gesti\u00f3n de la <strong>transferencia de<\/strong> conocimientos y a mantener el <strong>tejido empresarial<\/strong> a largo plazo.  <\/p><div id=\"ez-toc-container\" class=\"ez-toc-v2_0_82_2 counter-flat ez-toc-counter ez-toc-grey ez-toc-container-direction\">\n<div class=\"ez-toc-title-container\"><p class=\"ez-toc-title\" style=\"cursor:inherit\">En este art\u00edculo se trata lo siguiente:<\/p>\n<\/div><nav><ul class='ez-toc-list ez-toc-list-level-1 ' ><li class='ez-toc-page-1'><a class=\"ez-toc-link ez-toc-heading-1\" href=\"https:\/\/www.alumni.space\/es\/preparar-la-salida-de-contables-senior-una-cuestion-de-urgencia\/#Anticiparse_a_la_salida_de_contables_senior_para_asegurar_la_transferencia_de_competencias\" >Anticiparse a la salida de contables senior para asegurar la transferencia de competencias<\/a><\/li><li class='ez-toc-page-1'><a class=\"ez-toc-link ez-toc-heading-2\" href=\"https:\/\/www.alumni.space\/es\/preparar-la-salida-de-contables-senior-una-cuestion-de-urgencia\/#Planificacion_cuidadosa_para_una_sucesion_exitosa\" >Planificaci\u00f3n cuidadosa para una sucesi\u00f3n exitosa<\/a><\/li><li class='ez-toc-page-1'><a class=\"ez-toc-link ez-toc-heading-3\" href=\"https:\/\/www.alumni.space\/es\/preparar-la-salida-de-contables-senior-una-cuestion-de-urgencia\/#Mantener_el_compromiso_y_la_continuidad_de_la_red_posterior_a_la_partida\" >Mantener el compromiso y la continuidad de la red posterior a la partida<\/a><\/li><li class='ez-toc-page-1'><a class=\"ez-toc-link ez-toc-heading-4\" href=\"https:\/\/www.alumni.space\/es\/preparar-la-salida-de-contables-senior-una-cuestion-de-urgencia\/#Caso_practico_prevenir_la_desorganizacion_mediante_la_anticipacion\" >Caso pr\u00e1ctico: prevenir la desorganizaci\u00f3n mediante la anticipaci\u00f3n<\/a><\/li><li class='ez-toc-page-1'><a class=\"ez-toc-link ez-toc-heading-5\" href=\"https:\/\/www.alumni.space\/es\/preparar-la-salida-de-contables-senior-una-cuestion-de-urgencia\/#Implicar_a_los_responsables_en_la_gestion_estrategica_de_la_jubilacion\" >Implicar a los responsables en la gesti\u00f3n estrat\u00e9gica de la jubilaci\u00f3n<\/a><\/li><\/ul><\/nav><\/div>\n<h2 class=\"wp-block-heading\"><span class=\"ez-toc-section\" id=\"Anticiparse_a_la_salida_de_contables_senior_para_asegurar_la_transferencia_de_competencias\"><\/span>Anticiparse a la salida de contables senior para asegurar la transferencia de competencias<span class=\"ez-toc-section-end\"><\/span><\/h2><p>Cuando los profesionales experimentados se marchan, existe el riesgo de que se pierda su experiencia. Sin un sistema organizado para compartir la experiencia, las empresas tienen dificultades para mantener los niveles de calidad e integrar eficazmente al nuevo personal. Debe elaborarse un plan de sucesi\u00f3n en cuanto se notifiquen los planes de jubilaci\u00f3n.  <\/p><figure class=\"wp-block-image size-full\"><img decoding=\"async\" width=\"1280\" height=\"768\" src=\"https:\/\/www.alumni.space\/wp-content\/uploads\/2026\/03\/Preparer-le-depart-des-experts-comptables-seniors-une-urgence-1.jpg\" data-orig-src=\"https:\/\/www.alumni.space\/wp-content\/uploads\/2026\/03\/Preparer-le-depart-des-experts-comptables-seniors-une-urgence-1.jpg\" alt=\"descubre por qu\u00e9 es urgente prepararse para la marcha de los contables senior y c\u00f3mo garantizar la continuidad y la transferencia de competencias clave dentro de tu empresa.\" class=\"lazyload wp-image-3264\" srcset=\"data:image\/svg+xml,%3Csvg%20xmlns%3D%27http%3A%2F%2Fwww.w3.org%2F2000%2Fsvg%27%20width%3D%271280%27%20height%3D%27768%27%20viewBox%3D%270%200%201280%20768%27%3E%3Crect%20width%3D%271280%27%20height%3D%27768%27%20fill-opacity%3D%220%22%2F%3E%3C%2Fsvg%3E\" data-srcset=\"https:\/\/www.alumni.space\/wp-content\/uploads\/2026\/03\/Preparer-le-depart-des-experts-comptables-seniors-une-urgence-1-200x120.jpg 200w, https:\/\/www.alumni.space\/wp-content\/uploads\/2026\/03\/Preparer-le-depart-des-experts-comptables-seniors-une-urgence-1-300x180.jpg 300w, https:\/\/www.alumni.space\/wp-content\/uploads\/2026\/03\/Preparer-le-depart-des-experts-comptables-seniors-une-urgence-1-400x240.jpg 400w, https:\/\/www.alumni.space\/wp-content\/uploads\/2026\/03\/Preparer-le-depart-des-experts-comptables-seniors-une-urgence-1-600x360.jpg 600w, https:\/\/www.alumni.space\/wp-content\/uploads\/2026\/03\/Preparer-le-depart-des-experts-comptables-seniors-une-urgence-1-768x461.jpg 768w, https:\/\/www.alumni.space\/wp-content\/uploads\/2026\/03\/Preparer-le-depart-des-experts-comptables-seniors-une-urgence-1-800x480.jpg 800w, https:\/\/www.alumni.space\/wp-content\/uploads\/2026\/03\/Preparer-le-depart-des-experts-comptables-seniors-une-urgence-1-1024x614.jpg 1024w, https:\/\/www.alumni.space\/wp-content\/uploads\/2026\/03\/Preparer-le-depart-des-experts-comptables-seniors-une-urgence-1-1200x720.jpg 1200w, https:\/\/www.alumni.space\/wp-content\/uploads\/2026\/03\/Preparer-le-depart-des-experts-comptables-seniors-une-urgence-1.jpg 1280w\" data-sizes=\"auto\" data-orig-sizes=\"(max-width: 1280px) 100vw, 1280px\" \/><\/figure><p>Una herramienta digital dedicada a gestionar y animar comunidades profesionales, como <a href=\"https:\/\/www.alumni.space\/es\/como-podemos-evitar-una-perdida-de-conocimientos-en-nuestros-centros-de-trabajo-cuando-se-marchan-los-expertos\/\">alumni.space<\/a>, simplifica el seguimiento de los intercambios intergeneracionales. La plataforma fomenta la creaci\u00f3n de <strong>parejas mentor-alumno<\/strong>, promueve el intercambio de experiencias y organiza eventos espec\u00edficos en torno a la <strong>transmisi\u00f3n de conocimientos<\/strong>. <\/p><h3 class=\"wp-block-heading\"><span class=\"ez-toc-section\" id=\"Planificacion_cuidadosa_para_una_sucesion_exitosa\"><\/span>Planificaci\u00f3n cuidadosa para una sucesi\u00f3n exitosa<span class=\"ez-toc-section-end\"><\/span><\/h3><p>Definir un calendario preciso, que incluya etapas para la transferencia gradual de responsabilidades, limita las interrupciones operativas. Este protocolo tambi\u00e9n anima al personal subalterno a desarrollar sus competencias mediante sesiones de formaci\u00f3n espec\u00edficas, acompa\u00f1adas de una validaci\u00f3n de lo aprendido. <\/p><p>En este contexto, la implantaci\u00f3n de cuadros de seguimiento de indicadores clave de rendimiento (KPI) en torno a la adopci\u00f3n de las l\u00edneas de negocio y la calidad de los rituales de <strong>transmisi\u00f3n<\/strong> permite una gobernanza transparente.<\/p><h2 class=\"wp-block-heading\"><span class=\"ez-toc-section\" id=\"Mantener_el_compromiso_y_la_continuidad_de_la_red_posterior_a_la_partida\"><\/span>Mantener el compromiso y la continuidad de la red posterior a la partida<span class=\"ez-toc-section-end\"><\/span><\/h2><p>Los censores jurados de cuentas jubilados representan un activo importante en t\u00e9rminos de relaciones. Mantenerlos conectados dentro de una comunidad profesional activa ayuda a evitar la desorganizaci\u00f3n de la red y a mantener una din\u00e1mica de apoyo mutuo a largo plazo. <\/p><p>La disponibilidad de una bolsa de trabajo, de contenidos documentales y de herramientas de cooptaci\u00f3n integradas en la plataforma <a href=\"https:\/\/www.alumni.space\/es\/alumni-como-aumentar-tu-sentido-de-pertenencia-despues-de-marcharte\/\">alumni.space<\/a> refuerza el sentimiento de pertenencia. Estos recursos tambi\u00e9n facilitan una mejor integraci\u00f3n del talento y fomentan el compromiso a largo plazo. <\/p><h3 class=\"wp-block-heading\"><span class=\"ez-toc-section\" id=\"Caso_practico_prevenir_la_desorganizacion_mediante_la_anticipacion\"><\/span>Caso pr\u00e1ctico: prevenir la desorganizaci\u00f3n mediante la anticipaci\u00f3n<span class=\"ez-toc-section-end\"><\/span><\/h3><p>Una consultor\u00eda regional introdujo un programa estructurado con apoyo paso a paso. El resultado ha sido una reducci\u00f3n del tiempo necesario para integrar a los nuevos contratados y un descenso significativo del n\u00famero de errores de traspaso. Estas iniciativas demuestran la importancia de un enfoque proactivo y sistem\u00e1tico.  <\/p><p>El coste oculto de una partida descuidada puede medirse en tiempo perdido, productividad reducida y da\u00f1o a la imagen de marca. La eficacia de la gesti\u00f3n puede mejorarse digitalizando los procesos de <strong>transmisi\u00f3n<\/strong>, evitando as\u00ed el uso improductivo de archivos dispersos. <\/p><h2 class=\"wp-block-heading\"><span class=\"ez-toc-section\" id=\"Implicar_a_los_responsables_en_la_gestion_estrategica_de_la_jubilacion\"><\/span>Implicar a los responsables en la gesti\u00f3n estrat\u00e9gica de la jubilaci\u00f3n<span class=\"ez-toc-section-end\"><\/span><\/h2><p>Los RRHH, la direcci\u00f3n, los \u00f3rganos de gobierno, las escuelas y las organizaciones de formaci\u00f3n deben trabajar juntos en torno a una visi\u00f3n compartida. Los riesgos asociados a las bajas imprevistas afectan a todas las partes interesadas del sector. Una comunidad estructurada como la de alumni.space proporciona marcos s\u00f3lidos para la r\u00e1pida adopci\u00f3n de las mejores pr\u00e1cticas, el cumplimiento y la gesti\u00f3n eficaz.  <\/p><p>Al automatizar el seguimiento de las competencias, las ofertas de tutor\u00eda y los eventos de intercambio, la plataforma ayuda a los responsables a ahorrar un tiempo precioso y evitar costes elevados. Los KPI peri\u00f3dicos garantizan un seguimiento continuo del rendimiento del sistema. <\/p><p>Debe prestarse especial atenci\u00f3n al impacto financiero de la marcha de los expertos senior. Puedes encontrar referencias y consejos adecuados en <a href=\"https:\/\/www.alumni.space\/es\/jubilaciones-masivas-que-impacto-tendran-en-las-profesiones-financieras\/\">los recursos de expertos sobre las cuestiones financieras<\/a> asociadas a la jubilaci\u00f3n. <\/p>","protected":false},"excerpt":{"rendered":"<p>Preparar la jubilaci\u00f3n de los contables senior es una prioridad  [&#8230;]<\/p>\n","protected":false},"author":1,"featured_media":4976,"comment_status":"closed","ping_status":"closed","sticky":false,"template":"","format":"standard","meta":{"_ayudawp_aiss_exclude":false,"footnotes":""},"categories":[75],"tags":[],"class_list":["post-4974","post","type-post","status-publish","format-standard","has-post-thumbnail","hentry","category-recursos-humanos"],"yoast_head":"<!-- This site is optimized with the Yoast SEO plugin v27.4 - https:\/\/yoast.com\/product\/yoast-seo-wordpress\/ -->\n<title>Emergencia: preparaci\u00f3n para la salida de contables senior<\/title>\n<meta name=\"description\" content=\"Preparar la salida de los contables senior: una cuesti\u00f3n de urgencia para garantizar la transmisi\u00f3n de conocimientos y la continuidad de las actividades.\" \/>\n<meta name=\"robots\" content=\"index, follow, max-snippet:-1, max-image-preview:large, max-video-preview:-1\" \/>\n<link rel=\"canonical\" href=\"https:\/\/www.alumni.space\/es\/preparar-la-salida-de-contables-senior-una-cuestion-de-urgencia\/\" \/>\n<meta property=\"og:locale\" content=\"es_ES\" \/>\n<meta property=\"og:type\" content=\"article\" \/>\n<meta property=\"og:title\" content=\"Emergencia: preparaci\u00f3n para la salida de contables senior\" \/>\n<meta property=\"og:description\" content=\"Preparar la salida de los contables senior: una cuesti\u00f3n de urgencia para garantizar la transmisi\u00f3n de conocimientos y la continuidad de las actividades.\" \/>\n<meta property=\"og:url\" content=\"https:\/\/www.alumni.space\/es\/preparar-la-salida-de-contables-senior-una-cuestion-de-urgencia\/\" \/>\n<meta property=\"og:site_name\" content=\"Alumni.space\" \/>\n<meta property=\"article:published_time\" content=\"2024-12-01T19:29:25+00:00\" \/>\n<meta property=\"article:modified_time\" content=\"2026-04-02T09:19:51+00:00\" \/>\n<meta property=\"og:image\" content=\"https:\/\/www.alumni.space\/wp-content\/uploads\/2026\/03\/Preparer-le-depart-des-experts-comptables-seniors-une-urgence.jpg\" \/>\n\t<meta property=\"og:image:width\" content=\"1280\" \/>\n\t<meta property=\"og:image:height\" content=\"768\" \/>\n\t<meta property=\"og:image:type\" content=\"image\/jpeg\" \/>\n<meta name=\"author\" content=\"admin\" \/>\n<meta name=\"twitter:card\" content=\"summary_large_image\" \/>\n<meta name=\"twitter:label1\" content=\"Escrito por\" \/>\n\t<meta name=\"twitter:data1\" content=\"admin\" \/>\n\t<meta name=\"twitter:label2\" content=\"Tiempo de lectura\" \/>\n\t<meta name=\"twitter:data2\" content=\"3 minutos\" \/>\n<script type=\"application\/ld+json\" class=\"yoast-schema-graph\">{\"@context\":\"https:\\\/\\\/schema.org\",\"@graph\":[{\"@type\":\"Article\",\"@id\":\"https:\\\/\\\/www.alumni.space\\\/es\\\/preparar-la-salida-de-contables-senior-una-cuestion-de-urgencia\\\/#article\",\"isPartOf\":{\"@id\":\"https:\\\/\\\/www.alumni.space\\\/es\\\/preparar-la-salida-de-contables-senior-una-cuestion-de-urgencia\\\/\"},\"author\":{\"name\":\"admin\",\"@id\":\"https:\\\/\\\/www.alumni.space\\\/es\\\/#\\\/schema\\\/person\\\/fede362a57876edda476a61f05ce5b15\"},\"headline\":\"Preparar la salida de contables senior: una cuesti\u00f3n de urgencia\",\"datePublished\":\"2024-12-01T19:29:25+00:00\",\"dateModified\":\"2026-04-02T09:19:51+00:00\",\"mainEntityOfPage\":{\"@id\":\"https:\\\/\\\/www.alumni.space\\\/es\\\/preparar-la-salida-de-contables-senior-una-cuestion-de-urgencia\\\/\"},\"wordCount\":655,\"image\":{\"@id\":\"https:\\\/\\\/www.alumni.space\\\/es\\\/preparar-la-salida-de-contables-senior-una-cuestion-de-urgencia\\\/#primaryimage\"},\"thumbnailUrl\":\"https:\\\/\\\/www.alumni.space\\\/wp-content\\\/uploads\\\/2026\\\/03\\\/Preparer-le-depart-des-experts-comptables-seniors-une-urgence.jpg\",\"articleSection\":[\"Recursos Humanos\"],\"inLanguage\":\"es\"},{\"@type\":\"WebPage\",\"@id\":\"https:\\\/\\\/www.alumni.space\\\/es\\\/preparar-la-salida-de-contables-senior-una-cuestion-de-urgencia\\\/\",\"url\":\"https:\\\/\\\/www.alumni.space\\\/es\\\/preparar-la-salida-de-contables-senior-una-cuestion-de-urgencia\\\/\",\"name\":\"Emergencia: preparaci\u00f3n para la salida de contables senior\",\"isPartOf\":{\"@id\":\"https:\\\/\\\/www.alumni.space\\\/es\\\/#website\"},\"primaryImageOfPage\":{\"@id\":\"https:\\\/\\\/www.alumni.space\\\/es\\\/preparar-la-salida-de-contables-senior-una-cuestion-de-urgencia\\\/#primaryimage\"},\"image\":{\"@id\":\"https:\\\/\\\/www.alumni.space\\\/es\\\/preparar-la-salida-de-contables-senior-una-cuestion-de-urgencia\\\/#primaryimage\"},\"thumbnailUrl\":\"https:\\\/\\\/www.alumni.space\\\/wp-content\\\/uploads\\\/2026\\\/03\\\/Preparer-le-depart-des-experts-comptables-seniors-une-urgence.jpg\",\"datePublished\":\"2024-12-01T19:29:25+00:00\",\"dateModified\":\"2026-04-02T09:19:51+00:00\",\"author\":{\"@id\":\"https:\\\/\\\/www.alumni.space\\\/es\\\/#\\\/schema\\\/person\\\/fede362a57876edda476a61f05ce5b15\"},\"description\":\"Preparar la salida de los contables senior: una cuesti\u00f3n de urgencia para garantizar la transmisi\u00f3n de conocimientos y la continuidad de las actividades.\",\"breadcrumb\":{\"@id\":\"https:\\\/\\\/www.alumni.space\\\/es\\\/preparar-la-salida-de-contables-senior-una-cuestion-de-urgencia\\\/#breadcrumb\"},\"inLanguage\":\"es\",\"potentialAction\":[{\"@type\":\"ReadAction\",\"target\":[\"https:\\\/\\\/www.alumni.space\\\/es\\\/preparar-la-salida-de-contables-senior-una-cuestion-de-urgencia\\\/\"]}]},{\"@type\":\"ImageObject\",\"inLanguage\":\"es\",\"@id\":\"https:\\\/\\\/www.alumni.space\\\/es\\\/preparar-la-salida-de-contables-senior-una-cuestion-de-urgencia\\\/#primaryimage\",\"url\":\"https:\\\/\\\/www.alumni.space\\\/wp-content\\\/uploads\\\/2026\\\/03\\\/Preparer-le-depart-des-experts-comptables-seniors-une-urgence.jpg\",\"contentUrl\":\"https:\\\/\\\/www.alumni.space\\\/wp-content\\\/uploads\\\/2026\\\/03\\\/Preparer-le-depart-des-experts-comptables-seniors-une-urgence.jpg\",\"width\":1280,\"height\":768,\"caption\":\"Descubre por qu\u00e9 es urgente prepararse para la marcha de los contables senior y c\u00f3mo garantizar una transici\u00f3n fluida para tu empresa.\"},{\"@type\":\"BreadcrumbList\",\"@id\":\"https:\\\/\\\/www.alumni.space\\\/es\\\/preparar-la-salida-de-contables-senior-una-cuestion-de-urgencia\\\/#breadcrumb\",\"itemListElement\":[{\"@type\":\"ListItem\",\"position\":1,\"name\":\"Home\",\"item\":\"https:\\\/\\\/www.alumni.space\\\/es\\\/plataforma-de-tutoria-y-gestion-de-antiguos-alumnos\\\/\"},{\"@type\":\"ListItem\",\"position\":2,\"name\":\"Preparar la salida de contables senior: una cuesti\u00f3n de urgencia\"}]},{\"@type\":\"WebSite\",\"@id\":\"https:\\\/\\\/www.alumni.space\\\/es\\\/#website\",\"url\":\"https:\\\/\\\/www.alumni.space\\\/es\\\/\",\"name\":\"Alumni.space\",\"description\":\"My WordPress Blog\",\"potentialAction\":[{\"@type\":\"SearchAction\",\"target\":{\"@type\":\"EntryPoint\",\"urlTemplate\":\"https:\\\/\\\/www.alumni.space\\\/es\\\/?s={search_term_string}\"},\"query-input\":{\"@type\":\"PropertyValueSpecification\",\"valueRequired\":true,\"valueName\":\"search_term_string\"}}],\"inLanguage\":\"es\"},{\"@type\":\"Person\",\"@id\":\"https:\\\/\\\/www.alumni.space\\\/es\\\/#\\\/schema\\\/person\\\/fede362a57876edda476a61f05ce5b15\",\"name\":\"admin\",\"image\":{\"@type\":\"ImageObject\",\"inLanguage\":\"es\",\"@id\":\"https:\\\/\\\/secure.gravatar.com\\\/avatar\\\/318e234ae94f90d4d629428d6b983c08e31181c28f579e08a021180d759ea651?s=96&d=mm&r=g\",\"url\":\"https:\\\/\\\/secure.gravatar.com\\\/avatar\\\/318e234ae94f90d4d629428d6b983c08e31181c28f579e08a021180d759ea651?s=96&d=mm&r=g\",\"contentUrl\":\"https:\\\/\\\/secure.gravatar.com\\\/avatar\\\/318e234ae94f90d4d629428d6b983c08e31181c28f579e08a021180d759ea651?s=96&d=mm&r=g\",\"caption\":\"admin\"},\"description\":\"Nicolas Laustriat a construit sa sp\u00e9cialit\u00e9 sur un sujet que beaucoup d\u2019organisations d\u00e9couvrent trop tard : ce qui dispara\u00eet quand les gens partent. Dipl\u00f4m\u00e9 en conception de produit industriel, il bifurque vers le digital fin 1996, il couvre les transformations marques, RH, la fid\u00e9lisation, la marque employeur. Sur le terrain, il rep\u00e8re un angle mort r\u00e9current : l\u2019entreprise investit dans le recrutement, la formation, les process\u2026 puis laisse filer le lien au moment du d\u00e9part, avec une perte de savoir et d\u2019influence qui se paie en silence. Il se sp\u00e9cialise alors sur les communaut\u00e9s d\u2019alumni, le mentorat, l\u2019entraide interg\u00e9n\u00e9rationnelle et la transmission d\u2019expertise. Il passe du \u201cconstat\u201d aux m\u00e9thodes : animation, gouvernance, segmentation, rituels, mesure d\u2019engagement, articulation avec la RSE et l\u2019employabilit\u00e9. Il interviewe DRH, responsables formation, directions d\u2019\u00e9coles, associations et fondations, avec une obsession : transformer un r\u00e9seau dormant en m\u00e9canisme utile (cooptation, mentorat, job board, entraide, \u00e9v\u00e9nements, contenus). Son style : direct, orient\u00e9 action, sans folklore. Sa conviction : une communaut\u00e9 n\u2019a pas besoin de bruit, elle a besoin de raisons de revenir.\",\"sameAs\":[\"https:\\\/\\\/www.alumni.space\"]}]}<\/script>\n<!-- \/ Yoast SEO plugin. -->","yoast_head_json":{"title":"Emergencia: preparaci\u00f3n para la salida de contables senior","description":"Preparar la salida de los contables senior: una cuesti\u00f3n de urgencia para garantizar la transmisi\u00f3n de conocimientos y la continuidad de las actividades.","robots":{"index":"index","follow":"follow","max-snippet":"max-snippet:-1","max-image-preview":"max-image-preview:large","max-video-preview":"max-video-preview:-1"},"canonical":"https:\/\/www.alumni.space\/es\/preparar-la-salida-de-contables-senior-una-cuestion-de-urgencia\/","og_locale":"es_ES","og_type":"article","og_title":"Emergencia: preparaci\u00f3n para la salida de contables senior","og_description":"Preparar la salida de los contables senior: una cuesti\u00f3n de urgencia para garantizar la transmisi\u00f3n de conocimientos y la continuidad de las actividades.","og_url":"https:\/\/www.alumni.space\/es\/preparar-la-salida-de-contables-senior-una-cuestion-de-urgencia\/","og_site_name":"Alumni.space","article_published_time":"2024-12-01T19:29:25+00:00","article_modified_time":"2026-04-02T09:19:51+00:00","og_image":[{"width":1280,"height":768,"url":"https:\/\/www.alumni.space\/wp-content\/uploads\/2026\/03\/Preparer-le-depart-des-experts-comptables-seniors-une-urgence.jpg","type":"image\/jpeg"}],"author":"admin","twitter_card":"summary_large_image","twitter_misc":{"Escrito por":"admin","Tiempo de lectura":"3 minutos"},"schema":{"@context":"https:\/\/schema.org","@graph":[{"@type":"Article","@id":"https:\/\/www.alumni.space\/es\/preparar-la-salida-de-contables-senior-una-cuestion-de-urgencia\/#article","isPartOf":{"@id":"https:\/\/www.alumni.space\/es\/preparar-la-salida-de-contables-senior-una-cuestion-de-urgencia\/"},"author":{"name":"admin","@id":"https:\/\/www.alumni.space\/es\/#\/schema\/person\/fede362a57876edda476a61f05ce5b15"},"headline":"Preparar la salida de contables senior: una cuesti\u00f3n de urgencia","datePublished":"2024-12-01T19:29:25+00:00","dateModified":"2026-04-02T09:19:51+00:00","mainEntityOfPage":{"@id":"https:\/\/www.alumni.space\/es\/preparar-la-salida-de-contables-senior-una-cuestion-de-urgencia\/"},"wordCount":655,"image":{"@id":"https:\/\/www.alumni.space\/es\/preparar-la-salida-de-contables-senior-una-cuestion-de-urgencia\/#primaryimage"},"thumbnailUrl":"https:\/\/www.alumni.space\/wp-content\/uploads\/2026\/03\/Preparer-le-depart-des-experts-comptables-seniors-une-urgence.jpg","articleSection":["Recursos Humanos"],"inLanguage":"es"},{"@type":"WebPage","@id":"https:\/\/www.alumni.space\/es\/preparar-la-salida-de-contables-senior-una-cuestion-de-urgencia\/","url":"https:\/\/www.alumni.space\/es\/preparar-la-salida-de-contables-senior-una-cuestion-de-urgencia\/","name":"Emergencia: preparaci\u00f3n para la salida de contables senior","isPartOf":{"@id":"https:\/\/www.alumni.space\/es\/#website"},"primaryImageOfPage":{"@id":"https:\/\/www.alumni.space\/es\/preparar-la-salida-de-contables-senior-una-cuestion-de-urgencia\/#primaryimage"},"image":{"@id":"https:\/\/www.alumni.space\/es\/preparar-la-salida-de-contables-senior-una-cuestion-de-urgencia\/#primaryimage"},"thumbnailUrl":"https:\/\/www.alumni.space\/wp-content\/uploads\/2026\/03\/Preparer-le-depart-des-experts-comptables-seniors-une-urgence.jpg","datePublished":"2024-12-01T19:29:25+00:00","dateModified":"2026-04-02T09:19:51+00:00","author":{"@id":"https:\/\/www.alumni.space\/es\/#\/schema\/person\/fede362a57876edda476a61f05ce5b15"},"description":"Preparar la salida de los contables senior: una cuesti\u00f3n de urgencia para garantizar la transmisi\u00f3n de conocimientos y la continuidad de las actividades.","breadcrumb":{"@id":"https:\/\/www.alumni.space\/es\/preparar-la-salida-de-contables-senior-una-cuestion-de-urgencia\/#breadcrumb"},"inLanguage":"es","potentialAction":[{"@type":"ReadAction","target":["https:\/\/www.alumni.space\/es\/preparar-la-salida-de-contables-senior-una-cuestion-de-urgencia\/"]}]},{"@type":"ImageObject","inLanguage":"es","@id":"https:\/\/www.alumni.space\/es\/preparar-la-salida-de-contables-senior-una-cuestion-de-urgencia\/#primaryimage","url":"https:\/\/www.alumni.space\/wp-content\/uploads\/2026\/03\/Preparer-le-depart-des-experts-comptables-seniors-une-urgence.jpg","contentUrl":"https:\/\/www.alumni.space\/wp-content\/uploads\/2026\/03\/Preparer-le-depart-des-experts-comptables-seniors-une-urgence.jpg","width":1280,"height":768,"caption":"Descubre por qu\u00e9 es urgente prepararse para la marcha de los contables senior y c\u00f3mo garantizar una transici\u00f3n fluida para tu empresa."},{"@type":"BreadcrumbList","@id":"https:\/\/www.alumni.space\/es\/preparar-la-salida-de-contables-senior-una-cuestion-de-urgencia\/#breadcrumb","itemListElement":[{"@type":"ListItem","position":1,"name":"Home","item":"https:\/\/www.alumni.space\/es\/plataforma-de-tutoria-y-gestion-de-antiguos-alumnos\/"},{"@type":"ListItem","position":2,"name":"Preparar la salida de contables senior: una cuesti\u00f3n de urgencia"}]},{"@type":"WebSite","@id":"https:\/\/www.alumni.space\/es\/#website","url":"https:\/\/www.alumni.space\/es\/","name":"Alumni.space","description":"My WordPress Blog","potentialAction":[{"@type":"SearchAction","target":{"@type":"EntryPoint","urlTemplate":"https:\/\/www.alumni.space\/es\/?s={search_term_string}"},"query-input":{"@type":"PropertyValueSpecification","valueRequired":true,"valueName":"search_term_string"}}],"inLanguage":"es"},{"@type":"Person","@id":"https:\/\/www.alumni.space\/es\/#\/schema\/person\/fede362a57876edda476a61f05ce5b15","name":"admin","image":{"@type":"ImageObject","inLanguage":"es","@id":"https:\/\/secure.gravatar.com\/avatar\/318e234ae94f90d4d629428d6b983c08e31181c28f579e08a021180d759ea651?s=96&d=mm&r=g","url":"https:\/\/secure.gravatar.com\/avatar\/318e234ae94f90d4d629428d6b983c08e31181c28f579e08a021180d759ea651?s=96&d=mm&r=g","contentUrl":"https:\/\/secure.gravatar.com\/avatar\/318e234ae94f90d4d629428d6b983c08e31181c28f579e08a021180d759ea651?s=96&d=mm&r=g","caption":"admin"},"description":"Nicolas Laustriat a construit sa sp\u00e9cialit\u00e9 sur un sujet que beaucoup d\u2019organisations d\u00e9couvrent trop tard : ce qui dispara\u00eet quand les gens partent. Dipl\u00f4m\u00e9 en conception de produit industriel, il bifurque vers le digital fin 1996, il couvre les transformations marques, RH, la fid\u00e9lisation, la marque employeur. Sur le terrain, il rep\u00e8re un angle mort r\u00e9current : l\u2019entreprise investit dans le recrutement, la formation, les process\u2026 puis laisse filer le lien au moment du d\u00e9part, avec une perte de savoir et d\u2019influence qui se paie en silence. Il se sp\u00e9cialise alors sur les communaut\u00e9s d\u2019alumni, le mentorat, l\u2019entraide interg\u00e9n\u00e9rationnelle et la transmission d\u2019expertise. Il passe du \u201cconstat\u201d aux m\u00e9thodes : animation, gouvernance, segmentation, rituels, mesure d\u2019engagement, articulation avec la RSE et l\u2019employabilit\u00e9. Il interviewe DRH, responsables formation, directions d\u2019\u00e9coles, associations et fondations, avec une obsession : transformer un r\u00e9seau dormant en m\u00e9canisme utile (cooptation, mentorat, job board, entraide, \u00e9v\u00e9nements, contenus). Son style : direct, orient\u00e9 action, sans folklore. Sa conviction : une communaut\u00e9 n\u2019a pas besoin de bruit, elle a besoin de raisons de revenir.","sameAs":["https:\/\/www.alumni.space"]}]}},"_links":{"self":[{"href":"https:\/\/www.alumni.space\/es\/wp-json\/wp\/v2\/posts\/4974","targetHints":{"allow":["GET"]}}],"collection":[{"href":"https:\/\/www.alumni.space\/es\/wp-json\/wp\/v2\/posts"}],"about":[{"href":"https:\/\/www.alumni.space\/es\/wp-json\/wp\/v2\/types\/post"}],"author":[{"embeddable":true,"href":"https:\/\/www.alumni.space\/es\/wp-json\/wp\/v2\/users\/1"}],"replies":[{"embeddable":true,"href":"https:\/\/www.alumni.space\/es\/wp-json\/wp\/v2\/comments?post=4974"}],"version-history":[{"count":3,"href":"https:\/\/www.alumni.space\/es\/wp-json\/wp\/v2\/posts\/4974\/revisions"}],"predecessor-version":[{"id":6726,"href":"https:\/\/www.alumni.space\/es\/wp-json\/wp\/v2\/posts\/4974\/revisions\/6726"}],"wp:featuredmedia":[{"embeddable":true,"href":"https:\/\/www.alumni.space\/es\/wp-json\/wp\/v2\/media\/4976"}],"wp:attachment":[{"href":"https:\/\/www.alumni.space\/es\/wp-json\/wp\/v2\/media?parent=4974"}],"wp:term":[{"taxonomy":"category","embeddable":true,"href":"https:\/\/www.alumni.space\/es\/wp-json\/wp\/v2\/categories?post=4974"},{"taxonomy":"post_tag","embeddable":true,"href":"https:\/\/www.alumni.space\/es\/wp-json\/wp\/v2\/tags?post=4974"}],"curies":[{"name":"wp","href":"https:\/\/api.w.org\/{rel}","templated":true}]}}