{"id":4961,"date":"2025-09-08T01:23:00","date_gmt":"2025-09-08T01:23:00","guid":{"rendered":"https:\/\/www.alumni.space\/como-incluir-a-tus-antiguos-empleados-en-tu-estrategia-de-formacion\/"},"modified":"2026-03-28T10:46:47","modified_gmt":"2026-03-28T10:46:47","slug":"como-incluir-a-tus-antiguos-empleados-en-tu-estrategia-de-formacion","status":"publish","type":"post","link":"https:\/\/www.alumni.space\/es\/como-incluir-a-tus-antiguos-empleados-en-tu-estrategia-de-formacion\/","title":{"rendered":"C\u00f3mo incluir a tus antiguos empleados en tu estrategia de formaci\u00f3n"},"content":{"rendered":"<p>Integrar a los antiguos empleados en la estrategia de formaci\u00f3n optimiza la transferencia de conocimientos y mantiene una red activa. Un texto orientado a la acci\u00f3n para responsables de RRHH, departamentos de formaci\u00f3n, escuelas y asociaciones, con m\u00e9todos operativos e indicadores de gesti\u00f3n. <\/p><div id=\"ez-toc-container\" class=\"ez-toc-v2_0_82_2 counter-flat ez-toc-counter ez-toc-grey ez-toc-container-direction\">\n<div class=\"ez-toc-title-container\"><p class=\"ez-toc-title\" style=\"cursor:inherit\">En este art\u00edculo se trata lo siguiente:<\/p>\n<\/div><nav><ul class='ez-toc-list ez-toc-list-level-1 ' ><li class='ez-toc-page-1'><a class=\"ez-toc-link ez-toc-heading-1\" href=\"https:\/\/www.alumni.space\/es\/como-incluir-a-tus-antiguos-empleados-en-tu-estrategia-de-formacion\/#Integrar_a_los_antiguos_empleados_en_la_estrategia_de_formacion_retos_para_los_responsables_de_la_toma_de_decisiones\" >Integrar a los antiguos empleados en la estrategia de formaci\u00f3n: retos para los responsables de la toma de decisiones<\/a><\/li><li class='ez-toc-page-1'><a class=\"ez-toc-link ez-toc-heading-2\" href=\"https:\/\/www.alumni.space\/es\/como-incluir-a-tus-antiguos-empleados-en-tu-estrategia-de-formacion\/#Metodo_para_movilizar_a_los_antiguos_empleados_en_torno_a_la_tutoria_y_lamejora_de_las_competencias\" >M\u00e9todo para movilizar a los antiguos empleados en torno a la tutor\u00eda y lamejora de las competencias<\/a><\/li><li class='ez-toc-page-1'><a class=\"ez-toc-link ez-toc-heading-3\" href=\"https:\/\/www.alumni.space\/es\/como-incluir-a-tus-antiguos-empleados-en-tu-estrategia-de-formacion\/#Mecanismos_operativos_para_la_reinsercion_profesional_y_el_reciclaje_de_competencias\" >Mecanismos operativos para la reinserci\u00f3n profesional y el reciclaje de competencias<\/a><\/li><li class='ez-toc-page-1'><a class=\"ez-toc-link ez-toc-heading-4\" href=\"https:\/\/www.alumni.space\/es\/como-incluir-a-tus-antiguos-empleados-en-tu-estrategia-de-formacion\/#Seguimiento_y_KPI_para_la_gestion_del_talento_el_compromiso_de_los_empleados_y_la_memoria_colectiva\" >Seguimiento y KPI para la gesti\u00f3n del talento, el compromiso de los empleados y la memoria colectiva<\/a><\/li><\/ul><\/nav><\/div>\n<h2 class=\"wp-block-heading\"><span class=\"ez-toc-section\" id=\"Integrar_a_los_antiguos_empleados_en_la_estrategia_de_formacion_retos_para_los_responsables_de_la_toma_de_decisiones\"><\/span>Integrar a los <strong>antiguos<\/strong> empleados en la <strong>estrategia de formaci\u00f3n<\/strong>: retos para los responsables de la toma de decisiones<span class=\"ez-toc-section-end\"><\/span><\/h2><p>Coste oculto para los equipos: fuga de competencias, ralentizaci\u00f3n de proyectos cr\u00edticos, p\u00e9rdida de imagen ante el talento. Una salida no supervisada conlleva una <strong>p\u00e9rdida de memoria organizativa<\/strong> y reduce la fluidez de las trayectorias profesionales internas. <\/p><p>Caso pr\u00e1ctico: Atelier Nova, una PYME industrial, vio c\u00f3mo un jefe de taller abandonaba la empresa sin un traslado formal. Consecuencias inmediatas: procedimientos no escritos, paradas de producci\u00f3n prolongadas y recurso a costosos proveedores de servicios. Conclusi\u00f3n: la experiencia no documentada genera costes operativos directos.  <\/p><figure class=\"wp-block-image size-full\"><img decoding=\"async\" width=\"1344\" height=\"768\" src=\"https:\/\/www.alumni.space\/wp-content\/uploads\/2026\/03\/Comment-integrer-vos-anciens-salaries-dans-votre-strategie-de-formation-1.jpg\" data-orig-src=\"https:\/\/www.alumni.space\/wp-content\/uploads\/2026\/03\/Comment-integrer-vos-anciens-salaries-dans-votre-strategie-de-formation-1.jpg\" alt=\"Averigua c\u00f3mo puedes integrar eficazmente a tus antiguos empleados en tu estrategia de formaci\u00f3n para mejorar sus competencias y aprovechar al m\u00e1ximo su experiencia en tu empresa.\" class=\"lazyload wp-image-3387\" srcset=\"data:image\/svg+xml,%3Csvg%20xmlns%3D%27http%3A%2F%2Fwww.w3.org%2F2000%2Fsvg%27%20width%3D%271344%27%20height%3D%27768%27%20viewBox%3D%270%200%201344%20768%27%3E%3Crect%20width%3D%271344%27%20height%3D%27768%27%20fill-opacity%3D%220%22%2F%3E%3C%2Fsvg%3E\" data-srcset=\"https:\/\/www.alumni.space\/wp-content\/uploads\/2026\/03\/Comment-integrer-vos-anciens-salaries-dans-votre-strategie-de-formation-1-200x114.jpg 200w, https:\/\/www.alumni.space\/wp-content\/uploads\/2026\/03\/Comment-integrer-vos-anciens-salaries-dans-votre-strategie-de-formation-1-300x171.jpg 300w, https:\/\/www.alumni.space\/wp-content\/uploads\/2026\/03\/Comment-integrer-vos-anciens-salaries-dans-votre-strategie-de-formation-1-400x229.jpg 400w, https:\/\/www.alumni.space\/wp-content\/uploads\/2026\/03\/Comment-integrer-vos-anciens-salaries-dans-votre-strategie-de-formation-1-600x343.jpg 600w, https:\/\/www.alumni.space\/wp-content\/uploads\/2026\/03\/Comment-integrer-vos-anciens-salaries-dans-votre-strategie-de-formation-1-768x439.jpg 768w, https:\/\/www.alumni.space\/wp-content\/uploads\/2026\/03\/Comment-integrer-vos-anciens-salaries-dans-votre-strategie-de-formation-1-800x457.jpg 800w, https:\/\/www.alumni.space\/wp-content\/uploads\/2026\/03\/Comment-integrer-vos-anciens-salaries-dans-votre-strategie-de-formation-1-1024x585.jpg 1024w, https:\/\/www.alumni.space\/wp-content\/uploads\/2026\/03\/Comment-integrer-vos-anciens-salaries-dans-votre-strategie-de-formation-1-1200x686.jpg 1200w, https:\/\/www.alumni.space\/wp-content\/uploads\/2026\/03\/Comment-integrer-vos-anciens-salaries-dans-votre-strategie-de-formation-1.jpg 1344w\" data-sizes=\"auto\" data-orig-sizes=\"(max-width: 1344px) 100vw, 1344px\" \/><\/figure><h2 class=\"wp-block-heading\"><span class=\"ez-toc-section\" id=\"Metodo_para_movilizar_a_los_antiguos_empleados_en_torno_a_la_tutoria_y_lamejora_de_las_competencias\"><\/span>M\u00e9todo para movilizar a los antiguos empleados en torno a la <strong>tutor\u00eda<\/strong> y la<strong>mejora de las competencias<\/strong><span class=\"ez-toc-section-end\"><\/span><\/h2><p>Fase 1, identificaci\u00f3n: identificar las competencias cr\u00edticas y los antiguos empleados dispuestos a prestar apoyo. La segmentaci\u00f3n por profesiones, antig\u00fcedad y disponibilidad facilita la creaci\u00f3n de trayectorias profesionales espec\u00edficas. <\/p><p>Fase 2, ritualizaci\u00f3n: pacto de tutor\u00eda, calendario de talleres breves, m\u00f3dulos de <strong>formaci\u00f3n continua<\/strong> y sesiones de feedback. Una plataforma SaaS evita el uso de hojas de c\u00e1lculo dispersas y centraliza perfiles, eventos, ofertas y <strong>bolsas de trabajo<\/strong>. Para industrializar estos usos, consulta una gu\u00eda sobre c\u00f3mo <a href=\"https:\/\/www.alumni.space\/es\/como-podemos-evitar-la-perdida-de-experiencia-en-el-mantenimiento-industrial\/\">evitar la p\u00e9rdida de experiencia<\/a>.  <\/p><p>Caso pr\u00e1ctico: un centro de ense\u00f1anza superior puso en marcha emparejamientos mensuales entre antiguos alumnos y reci\u00e9n licenciados, generando cooptaci\u00f3n y cerrando brechas de competencias durante dos semestres. Conclusi\u00f3n: unas normas sencillas + un calendario regular producen una r\u00e1pida adopci\u00f3n. <\/p><h3 class=\"wp-block-heading\"><span class=\"ez-toc-section\" id=\"Mecanismos_operativos_para_la_reinsercion_profesional_y_el_reciclaje_de_competencias\"><\/span>Mecanismos operativos para la <strong>reinserci\u00f3n profesional<\/strong> y el <strong>reciclaje de competencias<\/strong><span class=\"ez-toc-section-end\"><\/span><\/h3><p>Eventos regulares: veladas tem\u00e1ticas, talleres sobre carreras profesionales, clases magistrales impartidas por antiguos alumnos. La visibilidad de las vacantes internas y la cooptaci\u00f3n a trav\u00e9s de un espacio dedicado aumenta la movilidad interna y la tasa de contrataci\u00f3n por recomendaci\u00f3n. <\/p><p>Herramientas pr\u00e1cticas: \u00e1rea de publicaciones, biblioteca de documentos, sistema de amigos, bolsa de trabajo. Caso pr\u00e1ctico: un CFA que ha activado una red de antiguos alumnos ha acelerado el<strong>perfeccionamiento de<\/strong> los aprendices y ha reducido el recurso a la contrataci\u00f3n externa, lo que demuestra el impacto en los costes de contrataci\u00f3n. <\/p><p>Para proporcionar un marco para los programas de mentoring <a href=\"https:\/\/www.alumni.space\/es\/5-ejemplos-de-grandes-empresas-que-triunfan-gracias-a-la-tutoria\/\">corporativo, lee el estudio sobre el \u00e9xito del mentoring corporativo<\/a> y el impacto en la marca empleador. Conclusi\u00f3n: la visibilidad de las ofertas y los rituales de facilitaci\u00f3n impulsan el compromiso. <\/p><h2 class=\"wp-block-heading\"><span class=\"ez-toc-section\" id=\"Seguimiento_y_KPI_para_la_gestion_del_talento_el_compromiso_de_los_empleados_y_la_memoria_colectiva\"><\/span>Seguimiento y KPI para la gesti\u00f3n del talento, el <strong>compromiso de los empleados<\/strong> y la memoria colectiva<span class=\"ez-toc-section-end\"><\/span><\/h2><p>KPI recomendados: tasa de inscripci\u00f3n de antiguos alumnos, horas de tutor\u00eda realizadas, vacantes publicadas en la <strong>bolsa de trabajo<\/strong>, tasa de cooptaci\u00f3n, indicadores cualitativos basados en la retroalimentaci\u00f3n. Un panel de control centralizado facilita la gobernanza y la elaboraci\u00f3n de informes de RSC. <\/p><p>Enlaces \u00fatiles para supervisar impactos concretos: <a href=\"https:\/\/www.alumni.space\/es\/la-importancia-de-la-memoria-organizativa-para-limitar-la-perdida-de-conocimientos\/\">aqu\u00ed<\/a> encontrar\u00e1s un art\u00edculo sobre la mejora de la memoria organizativa y la gesti\u00f3n del capital de experiencia, as\u00ed como un recurso sobre c\u00f3mo volver a implicar a antiguos empleados <a href=\"https:\/\/www.alumni.space\/es\/vuelve-a-implicar-a-tus-antiguos-empleados-mediante-misiones-puntuales\/\">, disponible aqu\u00ed<\/a>. Perspectiva: unas m\u00e9tricas sencillas, un seguimiento regular y una comunicaci\u00f3n estructurada mejoran el atractivo y la lealtad. <\/p><p>Qu\u00e9 lanzar esta semana: definir un piloto, segmentar a 50 antiguos alumnos prioritarios, planificar dos talleres y crear un itinerario inicial de tutor\u00eda. <strong>alumni.space<\/strong> centraliza perfiles, eventos, tutor\u00edas, contenidos y ofertas, evitando hojas de c\u00e1lculo dispersas y m\u00faltiples herramientas. <\/p><p><strong>Solicita una demostraci\u00f3n<\/strong><\/p>","protected":false},"excerpt":{"rendered":"<p>Integrar a los antiguos empleados en la estrategia de formaci\u00f3n  [&#8230;]<\/p>\n","protected":false},"author":1,"featured_media":4963,"comment_status":"closed","ping_status":"closed","sticky":false,"template":"","format":"standard","meta":{"_ayudawp_aiss_exclude":false,"footnotes":""},"categories":[72],"tags":[],"class_list":["post-4961","post","type-post","status-publish","format-standard","has-post-thumbnail","hentry","category-antiguos-alumnos"],"yoast_head":"<!-- This site is optimized with the Yoast SEO plugin v27.4 - https:\/\/yoast.com\/product\/yoast-seo-wordpress\/ -->\n<title>Reintegra a los antiguos empleados en tu estrategia de formaci\u00f3n<\/title>\n<meta name=\"description\" content=\"Averigua c\u00f3mo puedes integrar eficazmente a tus antiguos empleados en tu estrategia de formaci\u00f3n para potenciar las capacidades y el rendimiento de tu empresa.\" \/>\n<meta name=\"robots\" content=\"index, follow, max-snippet:-1, max-image-preview:large, max-video-preview:-1\" \/>\n<link rel=\"canonical\" href=\"https:\/\/www.alumni.space\/es\/como-incluir-a-tus-antiguos-empleados-en-tu-estrategia-de-formacion\/\" \/>\n<meta property=\"og:locale\" content=\"es_ES\" \/>\n<meta property=\"og:type\" content=\"article\" \/>\n<meta property=\"og:title\" content=\"Reintegra a los antiguos empleados en tu estrategia de formaci\u00f3n\" \/>\n<meta property=\"og:description\" content=\"Averigua c\u00f3mo puedes integrar eficazmente a tus antiguos empleados en tu estrategia de formaci\u00f3n para potenciar las capacidades y el rendimiento de tu empresa.\" \/>\n<meta property=\"og:url\" content=\"https:\/\/www.alumni.space\/es\/como-incluir-a-tus-antiguos-empleados-en-tu-estrategia-de-formacion\/\" \/>\n<meta property=\"og:site_name\" content=\"Alumni.space\" \/>\n<meta property=\"article:published_time\" content=\"2025-09-08T01:23:00+00:00\" \/>\n<meta property=\"article:modified_time\" content=\"2026-03-28T10:46:47+00:00\" \/>\n<meta property=\"og:image\" content=\"https:\/\/www.alumni.space\/wp-content\/uploads\/2026\/03\/Comment-integrer-vos-anciens-salaries-dans-votre-strategie-de-formation.jpg\" \/>\n\t<meta property=\"og:image:width\" content=\"1344\" \/>\n\t<meta property=\"og:image:height\" content=\"768\" \/>\n\t<meta property=\"og:image:type\" content=\"image\/jpeg\" \/>\n<meta name=\"author\" content=\"admin\" \/>\n<meta name=\"twitter:card\" content=\"summary_large_image\" \/>\n<meta name=\"twitter:label1\" content=\"Escrito por\" \/>\n\t<meta name=\"twitter:data1\" content=\"admin\" \/>\n\t<meta name=\"twitter:label2\" content=\"Tiempo de lectura\" \/>\n\t<meta name=\"twitter:data2\" content=\"3 minutos\" \/>\n<script type=\"application\/ld+json\" class=\"yoast-schema-graph\">{\"@context\":\"https:\\\/\\\/schema.org\",\"@graph\":[{\"@type\":\"Article\",\"@id\":\"https:\\\/\\\/www.alumni.space\\\/es\\\/como-incluir-a-tus-antiguos-empleados-en-tu-estrategia-de-formacion\\\/#article\",\"isPartOf\":{\"@id\":\"https:\\\/\\\/www.alumni.space\\\/es\\\/como-incluir-a-tus-antiguos-empleados-en-tu-estrategia-de-formacion\\\/\"},\"author\":{\"name\":\"admin\",\"@id\":\"https:\\\/\\\/www.alumni.space\\\/es\\\/#\\\/schema\\\/person\\\/fede362a57876edda476a61f05ce5b15\"},\"headline\":\"C\u00f3mo incluir a tus antiguos empleados en tu estrategia de formaci\u00f3n\",\"datePublished\":\"2025-09-08T01:23:00+00:00\",\"dateModified\":\"2026-03-28T10:46:47+00:00\",\"mainEntityOfPage\":{\"@id\":\"https:\\\/\\\/www.alumni.space\\\/es\\\/como-incluir-a-tus-antiguos-empleados-en-tu-estrategia-de-formacion\\\/\"},\"wordCount\":657,\"image\":{\"@id\":\"https:\\\/\\\/www.alumni.space\\\/es\\\/como-incluir-a-tus-antiguos-empleados-en-tu-estrategia-de-formacion\\\/#primaryimage\"},\"thumbnailUrl\":\"https:\\\/\\\/www.alumni.space\\\/wp-content\\\/uploads\\\/2026\\\/03\\\/Comment-integrer-vos-anciens-salaries-dans-votre-strategie-de-formation.jpg\",\"articleSection\":[\"Antiguos alumnos\"],\"inLanguage\":\"es\"},{\"@type\":\"WebPage\",\"@id\":\"https:\\\/\\\/www.alumni.space\\\/es\\\/como-incluir-a-tus-antiguos-empleados-en-tu-estrategia-de-formacion\\\/\",\"url\":\"https:\\\/\\\/www.alumni.space\\\/es\\\/como-incluir-a-tus-antiguos-empleados-en-tu-estrategia-de-formacion\\\/\",\"name\":\"Reintegra a los antiguos empleados en tu estrategia de formaci\u00f3n\",\"isPartOf\":{\"@id\":\"https:\\\/\\\/www.alumni.space\\\/es\\\/#website\"},\"primaryImageOfPage\":{\"@id\":\"https:\\\/\\\/www.alumni.space\\\/es\\\/como-incluir-a-tus-antiguos-empleados-en-tu-estrategia-de-formacion\\\/#primaryimage\"},\"image\":{\"@id\":\"https:\\\/\\\/www.alumni.space\\\/es\\\/como-incluir-a-tus-antiguos-empleados-en-tu-estrategia-de-formacion\\\/#primaryimage\"},\"thumbnailUrl\":\"https:\\\/\\\/www.alumni.space\\\/wp-content\\\/uploads\\\/2026\\\/03\\\/Comment-integrer-vos-anciens-salaries-dans-votre-strategie-de-formation.jpg\",\"datePublished\":\"2025-09-08T01:23:00+00:00\",\"dateModified\":\"2026-03-28T10:46:47+00:00\",\"author\":{\"@id\":\"https:\\\/\\\/www.alumni.space\\\/es\\\/#\\\/schema\\\/person\\\/fede362a57876edda476a61f05ce5b15\"},\"description\":\"Averigua c\u00f3mo puedes integrar eficazmente a tus antiguos empleados en tu estrategia de formaci\u00f3n para potenciar las capacidades y el rendimiento de tu empresa.\",\"breadcrumb\":{\"@id\":\"https:\\\/\\\/www.alumni.space\\\/es\\\/como-incluir-a-tus-antiguos-empleados-en-tu-estrategia-de-formacion\\\/#breadcrumb\"},\"inLanguage\":\"es\",\"potentialAction\":[{\"@type\":\"ReadAction\",\"target\":[\"https:\\\/\\\/www.alumni.space\\\/es\\\/como-incluir-a-tus-antiguos-empleados-en-tu-estrategia-de-formacion\\\/\"]}]},{\"@type\":\"ImageObject\",\"inLanguage\":\"es\",\"@id\":\"https:\\\/\\\/www.alumni.space\\\/es\\\/como-incluir-a-tus-antiguos-empleados-en-tu-estrategia-de-formacion\\\/#primaryimage\",\"url\":\"https:\\\/\\\/www.alumni.space\\\/wp-content\\\/uploads\\\/2026\\\/03\\\/Comment-integrer-vos-anciens-salaries-dans-votre-strategie-de-formation.jpg\",\"contentUrl\":\"https:\\\/\\\/www.alumni.space\\\/wp-content\\\/uploads\\\/2026\\\/03\\\/Comment-integrer-vos-anciens-salaries-dans-votre-strategie-de-formation.jpg\",\"width\":1344,\"height\":768,\"caption\":\"Descubre c\u00f3mo integrar eficazmente a tus antiguos empleados en tu estrategia de formaci\u00f3n, para que puedas aprovechar su experiencia y reforzar las competencias de tu equipo.\"},{\"@type\":\"BreadcrumbList\",\"@id\":\"https:\\\/\\\/www.alumni.space\\\/es\\\/como-incluir-a-tus-antiguos-empleados-en-tu-estrategia-de-formacion\\\/#breadcrumb\",\"itemListElement\":[{\"@type\":\"ListItem\",\"position\":1,\"name\":\"Home\",\"item\":\"https:\\\/\\\/www.alumni.space\\\/es\\\/plataforma-de-tutoria-y-gestion-de-antiguos-alumnos\\\/\"},{\"@type\":\"ListItem\",\"position\":2,\"name\":\"C\u00f3mo incluir a tus antiguos empleados en tu estrategia de formaci\u00f3n\"}]},{\"@type\":\"WebSite\",\"@id\":\"https:\\\/\\\/www.alumni.space\\\/es\\\/#website\",\"url\":\"https:\\\/\\\/www.alumni.space\\\/es\\\/\",\"name\":\"Alumni.space\",\"description\":\"My WordPress Blog\",\"potentialAction\":[{\"@type\":\"SearchAction\",\"target\":{\"@type\":\"EntryPoint\",\"urlTemplate\":\"https:\\\/\\\/www.alumni.space\\\/es\\\/?s={search_term_string}\"},\"query-input\":{\"@type\":\"PropertyValueSpecification\",\"valueRequired\":true,\"valueName\":\"search_term_string\"}}],\"inLanguage\":\"es\"},{\"@type\":\"Person\",\"@id\":\"https:\\\/\\\/www.alumni.space\\\/es\\\/#\\\/schema\\\/person\\\/fede362a57876edda476a61f05ce5b15\",\"name\":\"admin\",\"image\":{\"@type\":\"ImageObject\",\"inLanguage\":\"es\",\"@id\":\"https:\\\/\\\/secure.gravatar.com\\\/avatar\\\/318e234ae94f90d4d629428d6b983c08e31181c28f579e08a021180d759ea651?s=96&d=mm&r=g\",\"url\":\"https:\\\/\\\/secure.gravatar.com\\\/avatar\\\/318e234ae94f90d4d629428d6b983c08e31181c28f579e08a021180d759ea651?s=96&d=mm&r=g\",\"contentUrl\":\"https:\\\/\\\/secure.gravatar.com\\\/avatar\\\/318e234ae94f90d4d629428d6b983c08e31181c28f579e08a021180d759ea651?s=96&d=mm&r=g\",\"caption\":\"admin\"},\"description\":\"Nicolas Laustriat a construit sa sp\u00e9cialit\u00e9 sur un sujet que beaucoup d\u2019organisations d\u00e9couvrent trop tard : ce qui dispara\u00eet quand les gens partent. Dipl\u00f4m\u00e9 en conception de produit industriel, il bifurque vers le digital fin 1996, il couvre les transformations marques, RH, la fid\u00e9lisation, la marque employeur. Sur le terrain, il rep\u00e8re un angle mort r\u00e9current : l\u2019entreprise investit dans le recrutement, la formation, les process\u2026 puis laisse filer le lien au moment du d\u00e9part, avec une perte de savoir et d\u2019influence qui se paie en silence. Il se sp\u00e9cialise alors sur les communaut\u00e9s d\u2019alumni, le mentorat, l\u2019entraide interg\u00e9n\u00e9rationnelle et la transmission d\u2019expertise. Il passe du \u201cconstat\u201d aux m\u00e9thodes : animation, gouvernance, segmentation, rituels, mesure d\u2019engagement, articulation avec la RSE et l\u2019employabilit\u00e9. Il interviewe DRH, responsables formation, directions d\u2019\u00e9coles, associations et fondations, avec une obsession : transformer un r\u00e9seau dormant en m\u00e9canisme utile (cooptation, mentorat, job board, entraide, \u00e9v\u00e9nements, contenus). Son style : direct, orient\u00e9 action, sans folklore. Sa conviction : une communaut\u00e9 n\u2019a pas besoin de bruit, elle a besoin de raisons de revenir.\",\"sameAs\":[\"https:\\\/\\\/www.alumni.space\"]}]}<\/script>\n<!-- \/ Yoast SEO plugin. -->","yoast_head_json":{"title":"Reintegra a los antiguos empleados en tu estrategia de formaci\u00f3n","description":"Averigua c\u00f3mo puedes integrar eficazmente a tus antiguos empleados en tu estrategia de formaci\u00f3n para potenciar las capacidades y el rendimiento de tu empresa.","robots":{"index":"index","follow":"follow","max-snippet":"max-snippet:-1","max-image-preview":"max-image-preview:large","max-video-preview":"max-video-preview:-1"},"canonical":"https:\/\/www.alumni.space\/es\/como-incluir-a-tus-antiguos-empleados-en-tu-estrategia-de-formacion\/","og_locale":"es_ES","og_type":"article","og_title":"Reintegra a los antiguos empleados en tu estrategia de formaci\u00f3n","og_description":"Averigua c\u00f3mo puedes integrar eficazmente a tus antiguos empleados en tu estrategia de formaci\u00f3n para potenciar las capacidades y el rendimiento de tu empresa.","og_url":"https:\/\/www.alumni.space\/es\/como-incluir-a-tus-antiguos-empleados-en-tu-estrategia-de-formacion\/","og_site_name":"Alumni.space","article_published_time":"2025-09-08T01:23:00+00:00","article_modified_time":"2026-03-28T10:46:47+00:00","og_image":[{"width":1344,"height":768,"url":"https:\/\/www.alumni.space\/wp-content\/uploads\/2026\/03\/Comment-integrer-vos-anciens-salaries-dans-votre-strategie-de-formation.jpg","type":"image\/jpeg"}],"author":"admin","twitter_card":"summary_large_image","twitter_misc":{"Escrito por":"admin","Tiempo de lectura":"3 minutos"},"schema":{"@context":"https:\/\/schema.org","@graph":[{"@type":"Article","@id":"https:\/\/www.alumni.space\/es\/como-incluir-a-tus-antiguos-empleados-en-tu-estrategia-de-formacion\/#article","isPartOf":{"@id":"https:\/\/www.alumni.space\/es\/como-incluir-a-tus-antiguos-empleados-en-tu-estrategia-de-formacion\/"},"author":{"name":"admin","@id":"https:\/\/www.alumni.space\/es\/#\/schema\/person\/fede362a57876edda476a61f05ce5b15"},"headline":"C\u00f3mo incluir a tus antiguos empleados en tu estrategia de formaci\u00f3n","datePublished":"2025-09-08T01:23:00+00:00","dateModified":"2026-03-28T10:46:47+00:00","mainEntityOfPage":{"@id":"https:\/\/www.alumni.space\/es\/como-incluir-a-tus-antiguos-empleados-en-tu-estrategia-de-formacion\/"},"wordCount":657,"image":{"@id":"https:\/\/www.alumni.space\/es\/como-incluir-a-tus-antiguos-empleados-en-tu-estrategia-de-formacion\/#primaryimage"},"thumbnailUrl":"https:\/\/www.alumni.space\/wp-content\/uploads\/2026\/03\/Comment-integrer-vos-anciens-salaries-dans-votre-strategie-de-formation.jpg","articleSection":["Antiguos alumnos"],"inLanguage":"es"},{"@type":"WebPage","@id":"https:\/\/www.alumni.space\/es\/como-incluir-a-tus-antiguos-empleados-en-tu-estrategia-de-formacion\/","url":"https:\/\/www.alumni.space\/es\/como-incluir-a-tus-antiguos-empleados-en-tu-estrategia-de-formacion\/","name":"Reintegra a los antiguos empleados en tu estrategia de formaci\u00f3n","isPartOf":{"@id":"https:\/\/www.alumni.space\/es\/#website"},"primaryImageOfPage":{"@id":"https:\/\/www.alumni.space\/es\/como-incluir-a-tus-antiguos-empleados-en-tu-estrategia-de-formacion\/#primaryimage"},"image":{"@id":"https:\/\/www.alumni.space\/es\/como-incluir-a-tus-antiguos-empleados-en-tu-estrategia-de-formacion\/#primaryimage"},"thumbnailUrl":"https:\/\/www.alumni.space\/wp-content\/uploads\/2026\/03\/Comment-integrer-vos-anciens-salaries-dans-votre-strategie-de-formation.jpg","datePublished":"2025-09-08T01:23:00+00:00","dateModified":"2026-03-28T10:46:47+00:00","author":{"@id":"https:\/\/www.alumni.space\/es\/#\/schema\/person\/fede362a57876edda476a61f05ce5b15"},"description":"Averigua c\u00f3mo puedes integrar eficazmente a tus antiguos empleados en tu estrategia de formaci\u00f3n para potenciar las capacidades y el rendimiento de tu empresa.","breadcrumb":{"@id":"https:\/\/www.alumni.space\/es\/como-incluir-a-tus-antiguos-empleados-en-tu-estrategia-de-formacion\/#breadcrumb"},"inLanguage":"es","potentialAction":[{"@type":"ReadAction","target":["https:\/\/www.alumni.space\/es\/como-incluir-a-tus-antiguos-empleados-en-tu-estrategia-de-formacion\/"]}]},{"@type":"ImageObject","inLanguage":"es","@id":"https:\/\/www.alumni.space\/es\/como-incluir-a-tus-antiguos-empleados-en-tu-estrategia-de-formacion\/#primaryimage","url":"https:\/\/www.alumni.space\/wp-content\/uploads\/2026\/03\/Comment-integrer-vos-anciens-salaries-dans-votre-strategie-de-formation.jpg","contentUrl":"https:\/\/www.alumni.space\/wp-content\/uploads\/2026\/03\/Comment-integrer-vos-anciens-salaries-dans-votre-strategie-de-formation.jpg","width":1344,"height":768,"caption":"Descubre c\u00f3mo integrar eficazmente a tus antiguos empleados en tu estrategia de formaci\u00f3n, para que puedas aprovechar su experiencia y reforzar las competencias de tu equipo."},{"@type":"BreadcrumbList","@id":"https:\/\/www.alumni.space\/es\/como-incluir-a-tus-antiguos-empleados-en-tu-estrategia-de-formacion\/#breadcrumb","itemListElement":[{"@type":"ListItem","position":1,"name":"Home","item":"https:\/\/www.alumni.space\/es\/plataforma-de-tutoria-y-gestion-de-antiguos-alumnos\/"},{"@type":"ListItem","position":2,"name":"C\u00f3mo incluir a tus antiguos empleados en tu estrategia de formaci\u00f3n"}]},{"@type":"WebSite","@id":"https:\/\/www.alumni.space\/es\/#website","url":"https:\/\/www.alumni.space\/es\/","name":"Alumni.space","description":"My WordPress Blog","potentialAction":[{"@type":"SearchAction","target":{"@type":"EntryPoint","urlTemplate":"https:\/\/www.alumni.space\/es\/?s={search_term_string}"},"query-input":{"@type":"PropertyValueSpecification","valueRequired":true,"valueName":"search_term_string"}}],"inLanguage":"es"},{"@type":"Person","@id":"https:\/\/www.alumni.space\/es\/#\/schema\/person\/fede362a57876edda476a61f05ce5b15","name":"admin","image":{"@type":"ImageObject","inLanguage":"es","@id":"https:\/\/secure.gravatar.com\/avatar\/318e234ae94f90d4d629428d6b983c08e31181c28f579e08a021180d759ea651?s=96&d=mm&r=g","url":"https:\/\/secure.gravatar.com\/avatar\/318e234ae94f90d4d629428d6b983c08e31181c28f579e08a021180d759ea651?s=96&d=mm&r=g","contentUrl":"https:\/\/secure.gravatar.com\/avatar\/318e234ae94f90d4d629428d6b983c08e31181c28f579e08a021180d759ea651?s=96&d=mm&r=g","caption":"admin"},"description":"Nicolas Laustriat a construit sa sp\u00e9cialit\u00e9 sur un sujet que beaucoup d\u2019organisations d\u00e9couvrent trop tard : ce qui dispara\u00eet quand les gens partent. Dipl\u00f4m\u00e9 en conception de produit industriel, il bifurque vers le digital fin 1996, il couvre les transformations marques, RH, la fid\u00e9lisation, la marque employeur. Sur le terrain, il rep\u00e8re un angle mort r\u00e9current : l\u2019entreprise investit dans le recrutement, la formation, les process\u2026 puis laisse filer le lien au moment du d\u00e9part, avec une perte de savoir et d\u2019influence qui se paie en silence. Il se sp\u00e9cialise alors sur les communaut\u00e9s d\u2019alumni, le mentorat, l\u2019entraide interg\u00e9n\u00e9rationnelle et la transmission d\u2019expertise. Il passe du \u201cconstat\u201d aux m\u00e9thodes : animation, gouvernance, segmentation, rituels, mesure d\u2019engagement, articulation avec la RSE et l\u2019employabilit\u00e9. Il interviewe DRH, responsables formation, directions d\u2019\u00e9coles, associations et fondations, avec une obsession : transformer un r\u00e9seau dormant en m\u00e9canisme utile (cooptation, mentorat, job board, entraide, \u00e9v\u00e9nements, contenus). Son style : direct, orient\u00e9 action, sans folklore. Sa conviction : une communaut\u00e9 n\u2019a pas besoin de bruit, elle a besoin de raisons de revenir.","sameAs":["https:\/\/www.alumni.space"]}]}},"_links":{"self":[{"href":"https:\/\/www.alumni.space\/es\/wp-json\/wp\/v2\/posts\/4961","targetHints":{"allow":["GET"]}}],"collection":[{"href":"https:\/\/www.alumni.space\/es\/wp-json\/wp\/v2\/posts"}],"about":[{"href":"https:\/\/www.alumni.space\/es\/wp-json\/wp\/v2\/types\/post"}],"author":[{"embeddable":true,"href":"https:\/\/www.alumni.space\/es\/wp-json\/wp\/v2\/users\/1"}],"replies":[{"embeddable":true,"href":"https:\/\/www.alumni.space\/es\/wp-json\/wp\/v2\/comments?post=4961"}],"version-history":[{"count":1,"href":"https:\/\/www.alumni.space\/es\/wp-json\/wp\/v2\/posts\/4961\/revisions"}],"predecessor-version":[{"id":4965,"href":"https:\/\/www.alumni.space\/es\/wp-json\/wp\/v2\/posts\/4961\/revisions\/4965"}],"wp:featuredmedia":[{"embeddable":true,"href":"https:\/\/www.alumni.space\/es\/wp-json\/wp\/v2\/media\/4963"}],"wp:attachment":[{"href":"https:\/\/www.alumni.space\/es\/wp-json\/wp\/v2\/media?parent=4961"}],"wp:term":[{"taxonomy":"category","embeddable":true,"href":"https:\/\/www.alumni.space\/es\/wp-json\/wp\/v2\/categories?post=4961"},{"taxonomy":"post_tag","embeddable":true,"href":"https:\/\/www.alumni.space\/es\/wp-json\/wp\/v2\/tags?post=4961"}],"curies":[{"name":"wp","href":"https:\/\/api.w.org\/{rel}","templated":true}]}}