{"id":4926,"date":"2024-12-07T01:04:15","date_gmt":"2024-12-07T01:04:15","guid":{"rendered":"https:\/\/www.alumni.space\/historias-inspiradoras-de-mentores-empresariales\/"},"modified":"2026-04-02T12:06:04","modified_gmt":"2026-04-02T12:06:04","slug":"historias-inspiradoras-de-mentores-empresariales","status":"publish","type":"post","link":"https:\/\/www.alumni.space\/es\/historias-inspiradoras-de-mentores-empresariales\/","title":{"rendered":"Historias inspiradoras de mentores empresariales"},"content":{"rendered":"<p>Compartir conocimientos es un poderoso motor para el crecimiento de las organizaciones en 2026. La transmisi\u00f3n de conocimientos ya no se limita a una simple transferencia t\u00e9cnica, sino que se convierte en una aut\u00e9ntica aventura humana que potencia el rendimiento global. Las empresas que optan por estructurar estos intercambios est\u00e1n viendo resultados concretos en cuanto al compromiso de sus equipos.  <\/p><p>El sistema <strong>alumni.space<\/strong> es una palanca estrat\u00e9gica para orquestar esta din\u00e1mica. Al conectar generaciones, esta herramienta transforma el conocimiento latente en un activo din\u00e1mico y valorado. Los responsables de la toma de decisiones encontrar\u00e1n en ella una forma eficaz de limitar la p\u00e9rdida de conocimientos cr\u00edticos, reforzando al mismo tiempo el sentimiento de pertenencia.  <\/p><div id=\"ez-toc-container\" class=\"ez-toc-v2_0_82_2 counter-flat ez-toc-counter ez-toc-grey ez-toc-container-direction\">\n<div class=\"ez-toc-title-container\"><p class=\"ez-toc-title\" style=\"cursor:inherit\">En este art\u00edculo se trata lo siguiente:<\/p>\n<\/div><nav><ul class='ez-toc-list ez-toc-list-level-1 ' ><li class='ez-toc-page-1'><a class=\"ez-toc-link ez-toc-heading-1\" href=\"https:\/\/www.alumni.space\/es\/historias-inspiradoras-de-mentores-empresariales\/#Situar_la_experiencia_profesional_en_lo_mas_alto_de_la_estrategia\" >Situar la experiencia profesional en lo m\u00e1s alto de la estrategia<\/a><\/li><li class='ez-toc-page-1'><a class=\"ez-toc-link ez-toc-heading-2\" href=\"https:\/\/www.alumni.space\/es\/historias-inspiradoras-de-mentores-empresariales\/#Impulsar_el_liderazgo_compartiendo_conocimientos\" >Impulsar el liderazgo compartiendo conocimientos<\/a><\/li><li class='ez-toc-page-1'><a class=\"ez-toc-link ez-toc-heading-3\" href=\"https:\/\/www.alumni.space\/es\/historias-inspiradoras-de-mentores-empresariales\/#Historias_de_exito_y_testimonios_inspiradores_sobre_el_terreno\" >Historias de \u00e9xito y testimonios inspiradores sobre el terreno<\/a><\/li><li class='ez-toc-page-1'><a class=\"ez-toc-link ez-toc-heading-4\" href=\"https:\/\/www.alumni.space\/es\/historias-inspiradoras-de-mentores-empresariales\/#El_extraordinario_camino_de_Jeanne_hacia_la_excelencia\" >El extraordinario camino de Jeanne hacia la excelencia<\/a><\/li><li class='ez-toc-page-1'><a class=\"ez-toc-link ez-toc-heading-5\" href=\"https:\/\/www.alumni.space\/es\/historias-inspiradoras-de-mentores-empresariales\/#Impacto_social_y_desarrollo_personal_en_la_oficina\" >Impacto social y desarrollo personal en la oficina<\/a><\/li><\/ul><\/nav><\/div>\n<h2 class=\"wp-block-heading\"><span class=\"ez-toc-section\" id=\"Situar_la_experiencia_profesional_en_lo_mas_alto_de_la_estrategia\"><\/span>Situar la experiencia profesional en lo m\u00e1s alto de la estrategia<span class=\"ez-toc-section-end\"><\/span><\/h2><p>La marcha de un empleado experimentado suele crear un vac\u00edo t\u00e9cnico dif\u00edcil de llenar. Movilizar una <a href=\"https:\/\/www.alumni.space\/es\/testimonios-de-antiguos-empleados-que-se-han-convertido-en-mentores\/\">red de antiguos empleados<\/a> proporciona una valiosa continuidad en t\u00e9rminos de preservaci\u00f3n de los m\u00e9todos de trabajo. Este enfoque hace que los procesos internos sean m\u00e1s seguros y ofrece a los reci\u00e9n llegados un punto de referencia s\u00f3lido desde el momento en que se incorporan a la empresa.  <\/p><figure class=\"wp-block-image size-full\"><img decoding=\"async\" width=\"1280\" height=\"768\" src=\"https:\/\/www.alumni.space\/wp-content\/uploads\/2026\/03\/Les-temoignages-inspirants-de-mentors-en-entreprise-1.jpg\" data-orig-src=\"https:\/\/www.alumni.space\/wp-content\/uploads\/2026\/03\/Les-temoignages-inspirants-de-mentors-en-entreprise-1.jpg\" alt=\"Descubre las inspiradoras historias de los mentores internos y aprende de su experiencia para impulsar tu carrera y tu desarrollo profesional.\" class=\"lazyload wp-image-3540\" srcset=\"data:image\/svg+xml,%3Csvg%20xmlns%3D%27http%3A%2F%2Fwww.w3.org%2F2000%2Fsvg%27%20width%3D%271280%27%20height%3D%27768%27%20viewBox%3D%270%200%201280%20768%27%3E%3Crect%20width%3D%271280%27%20height%3D%27768%27%20fill-opacity%3D%220%22%2F%3E%3C%2Fsvg%3E\" data-srcset=\"https:\/\/www.alumni.space\/wp-content\/uploads\/2026\/03\/Les-temoignages-inspirants-de-mentors-en-entreprise-1-200x120.jpg 200w, https:\/\/www.alumni.space\/wp-content\/uploads\/2026\/03\/Les-temoignages-inspirants-de-mentors-en-entreprise-1-300x180.jpg 300w, https:\/\/www.alumni.space\/wp-content\/uploads\/2026\/03\/Les-temoignages-inspirants-de-mentors-en-entreprise-1-400x240.jpg 400w, https:\/\/www.alumni.space\/wp-content\/uploads\/2026\/03\/Les-temoignages-inspirants-de-mentors-en-entreprise-1-600x360.jpg 600w, https:\/\/www.alumni.space\/wp-content\/uploads\/2026\/03\/Les-temoignages-inspirants-de-mentors-en-entreprise-1-768x461.jpg 768w, https:\/\/www.alumni.space\/wp-content\/uploads\/2026\/03\/Les-temoignages-inspirants-de-mentors-en-entreprise-1-800x480.jpg 800w, https:\/\/www.alumni.space\/wp-content\/uploads\/2026\/03\/Les-temoignages-inspirants-de-mentors-en-entreprise-1-1024x614.jpg 1024w, https:\/\/www.alumni.space\/wp-content\/uploads\/2026\/03\/Les-temoignages-inspirants-de-mentors-en-entreprise-1-1200x720.jpg 1200w, https:\/\/www.alumni.space\/wp-content\/uploads\/2026\/03\/Les-temoignages-inspirants-de-mentors-en-entreprise-1.jpg 1280w\" data-sizes=\"auto\" data-orig-sizes=\"(max-width: 1280px) 100vw, 1280px\" \/><\/figure><p>El apoyo entre iguales te ayuda a desarrollar tus habilidades m\u00e1s r\u00e1pidamente que con la formaci\u00f3n tradicional. Los debates se centran en cuestiones de la vida real, evitando teor\u00edas desconectadas del terreno. Esta transmisi\u00f3n directa forja una cultura de excelencia en la que cada error del pasado se convierte en una lecci\u00f3n compartida con amabilidad.  <\/p><p>El uso de una plataforma dedicada simplifica la identificaci\u00f3n de los pares pertinentes en funci\u00f3n de las necesidades espec\u00edficas de cada proyecto. <strong>Alumni.space<\/strong> centraliza estas interacciones, garantizando una visibilidad total de los progresos realizados. Los responsables de RRHH disponen entonces de indicadores precisos para medir el impacto de estas relaciones en la retenci\u00f3n del talento. <\/p><h3 class=\"wp-block-heading\"><span class=\"ez-toc-section\" id=\"Impulsar_el_liderazgo_compartiendo_conocimientos\"><\/span>Impulsar el liderazgo compartiendo conocimientos<span class=\"ez-toc-section-end\"><\/span><\/h3><p>El papel de <strong>los mentores<\/strong> va mucho m\u00e1s all\u00e1 de la simple supervisi\u00f3n t\u00e9cnica e incluye el liderazgo. Estos gu\u00edas experimentados comparten los sutiles c\u00f3digos de la toma de decisiones en entornos complejos. Su presencia tranquiliza e impulsa a los futuros directivos hacia mayores responsabilidades con una confianza renovada.  <\/p><p>Un directivo que invierte en este proceso refuerza su credibilidad y su influencia natural dentro de la organizaci\u00f3n. Este enfoque encarna valores de generosidad y apertura, esenciales para atraer a los perfiles m\u00e1s exigentes del mercado. <strong>La motivaci\u00f3n<\/strong> del personal se dispara cuando percibe una inversi\u00f3n real en su \u00e9xito personal.  <\/p><h2 class=\"wp-block-heading\"><span class=\"ez-toc-section\" id=\"Historias_de_exito_y_testimonios_inspiradores_sobre_el_terreno\"><\/span>Historias de \u00e9xito y testimonios inspiradores sobre el terreno<span class=\"ez-toc-section-end\"><\/span><\/h2><p>Marie Dupont, fundadora de una innovadora start-up de tecnolog\u00eda verde, ha transformado su proyecto con la ayuda de una experta mirada externa. Sus dudas iniciales dieron paso a una potente estrategia de marketing tras unas pocas sesiones de debate con su gu\u00eda. Este apoyo facilit\u00f3 una importante ronda de recaudaci\u00f3n de fondos, demostrando la eficacia de estas <a href=\"https:\/\/henrypanky.com\/histoires-de-reussite-limpact-des-mentors-dans-lentrepreneuriat\/\">historias de \u00e9xito empresarial<\/a> basadas en la confianza.  <\/p><p>Marc, experto en innovaci\u00f3n, ha visto evolucionar radicalmente su visi\u00f3n de los m\u00e9todos \u00e1giles gracias al contacto con un mentor experimentado. Adaptarse constantemente a las fluctuaciones del mercado se ha convertido en una segunda naturaleza para su equipo de desarrollo. Siguiendo estas pautas, ha aumentado su base de clientes al tiempo que ha optimizado dr\u00e1sticamente sus recursos internos.  <\/p><p>El aspecto emocional desempe\u00f1a un papel fundamental en estos viajes, como se\u00f1ala Sophie tras su audaz transici\u00f3n profesional. Su coach fue capaz de transformar sus miedos en verdaderas herramientas para progresar, construyendo una autoestima inquebrantable. Su negocio actual prospera gracias a la resiliencia que adquiri\u00f3 durante esas horas de di\u00e1logo constructivo y desinteresado.  <\/p><h3 class=\"wp-block-heading\"><span class=\"ez-toc-section\" id=\"El_extraordinario_camino_de_Jeanne_hacia_la_excelencia\"><\/span>El extraordinario camino de Jeanne hacia la excelencia<span class=\"ez-toc-section-end\"><\/span><\/h3><p>A los 22 a\u00f1os, Jeanne fue capaz de convertir una intuici\u00f3n nacida de sus viajes en un s\u00f3lido proyecto empresarial llamado Busco Roomies. Conocer a Christophe a trav\u00e9s de un programa de <strong>coaching<\/strong> especializado fue el catalizador para estructurar su oferta internacional de habitaciones compartidas. Esta colaboraci\u00f3n le permiti\u00f3 pasar de una idea abstracta a un plan de empresa validado por expertos del sector.  <\/p><p>Su ritmo semanal le impuso el rigor necesario para superar con \u00e9xito las etapas administrativas y financieras. Esta aventura la llev\u00f3 hasta el H\u00f4tel de Matignon, una ilustraci\u00f3n perfecta del impacto de un <strong>apoyo<\/strong> de calidad en la carrera de las j\u00f3venes empresas de nueva creaci\u00f3n. Jeanne piensa ahora transmitir esta ayuda en cuanto su empresa haya alcanzado la plena madurez.  <\/p><h2 class=\"wp-block-heading\"><span class=\"ez-toc-section\" id=\"Impacto_social_y_desarrollo_personal_en_la_oficina\"><\/span>Impacto social y desarrollo personal en la oficina<span class=\"ez-toc-section-end\"><\/span><\/h2><p>La integraci\u00f3n de una herramienta de gesti\u00f3n comunitaria transforma la visi\u00f3n tradicional de los recursos humanos. El compromiso social adopta la forma de un apoyo que perdura m\u00e1s all\u00e1 del contrato de trabajo, favoreciendo la circulaci\u00f3n fluida de competencias entre \u00e9pocas. Este sistema mejora la empleabilidad colectiva y fomenta la donaci\u00f3n de competencias, limitando la desaparici\u00f3n de activos estrat\u00e9gicos.  <\/p><p>La cultura interna brilla con luz propia, demostrando un entorno protector en el que cada etapa de la carrera profesional se beneficia de un s\u00f3lido apoyo. Los embajadores naturales que surgen refuerzan el atractivo y simplifican el proceso de cooptaci\u00f3n. Para descubrir otras historias de \u00e9xito, lee estos <a href=\"https:\/\/www.alumni.space\/es\/testimonios-como-la-tutoria-ha-cambiado-la-vida-de-jovenes-talentos\/\">testimonios sobre la gesti\u00f3n del talento<\/a> en las redes activas.  <\/p><p>Este enfoque alinea los objetivos de comunicaci\u00f3n con los imperativos de la responsabilidad social corporativa. Los indicadores de impacto, como el volumen de horas compartidas o los comentarios, proporcionan pruebas tangibles de los compromisos adquiridos. El <strong>desarrollo personal<\/strong> de los participantes se convierte as\u00ed en un pilar central de la marca empleadora, visible y medible por todos.  <\/p><p>La durabilidad de los v\u00ednculos creados a trav\u00e9s de <strong>alumni.space<\/strong> garantiza una base de datos viva y cualificada para futuras oportunidades de negocio. Cultivar estas <a href=\"https:\/\/www.alumni.space\/es\/testimonios-antiguos-empleados-convertidos-en-socios-de-confianza\/\">asociaciones basadas en la confianza<\/a> garantiza una ventaja en un mundo profesional en constante cambio. Ayudarse mutuamente ya no es una opci\u00f3n, sino una necesidad absoluta para navegar con \u00e9xito por los retos econ\u00f3micos actuales.  <\/p><p><ototoolbox><br\/>    <strong>Solicita una demostraci\u00f3n<\/strong><br\/><\/ototoolbox><\/p>","protected":false},"excerpt":{"rendered":"<p>Compartir conocimientos es un poderoso motor para el crecimiento de  [&#8230;]<\/p>\n","protected":false},"author":1,"featured_media":4928,"comment_status":"closed","ping_status":"closed","sticky":false,"template":"","format":"standard","meta":{"_ayudawp_aiss_exclude":false,"footnotes":""},"categories":[73],"tags":[],"class_list":["post-4926","post","type-post","status-publish","format-standard","has-post-thumbnail","hentry","category-tutoria"],"yoast_head":"<!-- This site is optimized with the Yoast SEO plugin v27.4 - https:\/\/yoast.com\/product\/yoast-seo-wordpress\/ -->\n<title>Mentores de empresa: testimonios inspiradores<\/title>\n<meta name=\"description\" content=\"Descubre testimonios inspiradores de mentores internos para impulsar tu carrera y liderazgo con sus inestimables consejos y experiencia.\" \/>\n<meta name=\"robots\" content=\"index, follow, max-snippet:-1, max-image-preview:large, max-video-preview:-1\" \/>\n<link rel=\"canonical\" href=\"https:\/\/www.alumni.space\/es\/historias-inspiradoras-de-mentores-empresariales\/\" \/>\n<meta property=\"og:locale\" content=\"es_ES\" \/>\n<meta property=\"og:type\" content=\"article\" \/>\n<meta property=\"og:title\" content=\"Mentores de empresa: testimonios inspiradores\" \/>\n<meta property=\"og:description\" content=\"Descubre testimonios inspiradores de mentores internos para impulsar tu carrera y liderazgo con sus inestimables consejos y experiencia.\" \/>\n<meta property=\"og:url\" content=\"https:\/\/www.alumni.space\/es\/historias-inspiradoras-de-mentores-empresariales\/\" \/>\n<meta property=\"og:site_name\" content=\"Alumni.space\" \/>\n<meta property=\"article:published_time\" content=\"2024-12-07T01:04:15+00:00\" \/>\n<meta property=\"article:modified_time\" content=\"2026-04-02T12:06:04+00:00\" \/>\n<meta property=\"og:image\" content=\"https:\/\/www.alumni.space\/wp-content\/uploads\/2026\/03\/Les-temoignages-inspirants-de-mentors-en-entreprise.jpg\" \/>\n\t<meta property=\"og:image:width\" content=\"1280\" \/>\n\t<meta property=\"og:image:height\" content=\"768\" \/>\n\t<meta property=\"og:image:type\" content=\"image\/jpeg\" \/>\n<meta name=\"author\" content=\"admin\" \/>\n<meta name=\"twitter:card\" content=\"summary_large_image\" \/>\n<meta name=\"twitter:label1\" content=\"Escrito por\" \/>\n\t<meta name=\"twitter:data1\" content=\"admin\" \/>\n\t<meta name=\"twitter:label2\" content=\"Tiempo de lectura\" \/>\n\t<meta name=\"twitter:data2\" content=\"5 minutos\" \/>\n<script type=\"application\/ld+json\" class=\"yoast-schema-graph\">{\"@context\":\"https:\\\/\\\/schema.org\",\"@graph\":[{\"@type\":\"Article\",\"@id\":\"https:\\\/\\\/www.alumni.space\\\/es\\\/historias-inspiradoras-de-mentores-empresariales\\\/#article\",\"isPartOf\":{\"@id\":\"https:\\\/\\\/www.alumni.space\\\/es\\\/historias-inspiradoras-de-mentores-empresariales\\\/\"},\"author\":{\"name\":\"admin\",\"@id\":\"https:\\\/\\\/www.alumni.space\\\/es\\\/#\\\/schema\\\/person\\\/fede362a57876edda476a61f05ce5b15\"},\"headline\":\"Historias inspiradoras de mentores empresariales\",\"datePublished\":\"2024-12-07T01:04:15+00:00\",\"dateModified\":\"2026-04-02T12:06:04+00:00\",\"mainEntityOfPage\":{\"@id\":\"https:\\\/\\\/www.alumni.space\\\/es\\\/historias-inspiradoras-de-mentores-empresariales\\\/\"},\"wordCount\":1049,\"image\":{\"@id\":\"https:\\\/\\\/www.alumni.space\\\/es\\\/historias-inspiradoras-de-mentores-empresariales\\\/#primaryimage\"},\"thumbnailUrl\":\"https:\\\/\\\/www.alumni.space\\\/wp-content\\\/uploads\\\/2026\\\/03\\\/Les-temoignages-inspirants-de-mentors-en-entreprise.jpg\",\"articleSection\":[\"Tutor\u00eda\"],\"inLanguage\":\"es\"},{\"@type\":\"WebPage\",\"@id\":\"https:\\\/\\\/www.alumni.space\\\/es\\\/historias-inspiradoras-de-mentores-empresariales\\\/\",\"url\":\"https:\\\/\\\/www.alumni.space\\\/es\\\/historias-inspiradoras-de-mentores-empresariales\\\/\",\"name\":\"Mentores de empresa: testimonios inspiradores\",\"isPartOf\":{\"@id\":\"https:\\\/\\\/www.alumni.space\\\/es\\\/#website\"},\"primaryImageOfPage\":{\"@id\":\"https:\\\/\\\/www.alumni.space\\\/es\\\/historias-inspiradoras-de-mentores-empresariales\\\/#primaryimage\"},\"image\":{\"@id\":\"https:\\\/\\\/www.alumni.space\\\/es\\\/historias-inspiradoras-de-mentores-empresariales\\\/#primaryimage\"},\"thumbnailUrl\":\"https:\\\/\\\/www.alumni.space\\\/wp-content\\\/uploads\\\/2026\\\/03\\\/Les-temoignages-inspirants-de-mentors-en-entreprise.jpg\",\"datePublished\":\"2024-12-07T01:04:15+00:00\",\"dateModified\":\"2026-04-02T12:06:04+00:00\",\"author\":{\"@id\":\"https:\\\/\\\/www.alumni.space\\\/es\\\/#\\\/schema\\\/person\\\/fede362a57876edda476a61f05ce5b15\"},\"description\":\"Descubre testimonios inspiradores de mentores internos para impulsar tu carrera y liderazgo con sus inestimables consejos y experiencia.\",\"breadcrumb\":{\"@id\":\"https:\\\/\\\/www.alumni.space\\\/es\\\/historias-inspiradoras-de-mentores-empresariales\\\/#breadcrumb\"},\"inLanguage\":\"es\",\"potentialAction\":[{\"@type\":\"ReadAction\",\"target\":[\"https:\\\/\\\/www.alumni.space\\\/es\\\/historias-inspiradoras-de-mentores-empresariales\\\/\"]}]},{\"@type\":\"ImageObject\",\"inLanguage\":\"es\",\"@id\":\"https:\\\/\\\/www.alumni.space\\\/es\\\/historias-inspiradoras-de-mentores-empresariales\\\/#primaryimage\",\"url\":\"https:\\\/\\\/www.alumni.space\\\/wp-content\\\/uploads\\\/2026\\\/03\\\/Les-temoignages-inspirants-de-mentors-en-entreprise.jpg\",\"contentUrl\":\"https:\\\/\\\/www.alumni.space\\\/wp-content\\\/uploads\\\/2026\\\/03\\\/Les-temoignages-inspirants-de-mentors-en-entreprise.jpg\",\"width\":1280,\"height\":768,\"caption\":\"descubre las inspiradoras historias de mentores de empresa, que comparten sus experiencias y consejos sobre c\u00f3mo guiar y motivar a los profesionales hacia el \u00e9xito.\"},{\"@type\":\"BreadcrumbList\",\"@id\":\"https:\\\/\\\/www.alumni.space\\\/es\\\/historias-inspiradoras-de-mentores-empresariales\\\/#breadcrumb\",\"itemListElement\":[{\"@type\":\"ListItem\",\"position\":1,\"name\":\"Home\",\"item\":\"https:\\\/\\\/www.alumni.space\\\/es\\\/plataforma-de-tutoria-y-gestion-de-antiguos-alumnos\\\/\"},{\"@type\":\"ListItem\",\"position\":2,\"name\":\"Historias inspiradoras de mentores empresariales\"}]},{\"@type\":\"WebSite\",\"@id\":\"https:\\\/\\\/www.alumni.space\\\/es\\\/#website\",\"url\":\"https:\\\/\\\/www.alumni.space\\\/es\\\/\",\"name\":\"Alumni.space\",\"description\":\"My WordPress Blog\",\"potentialAction\":[{\"@type\":\"SearchAction\",\"target\":{\"@type\":\"EntryPoint\",\"urlTemplate\":\"https:\\\/\\\/www.alumni.space\\\/es\\\/?s={search_term_string}\"},\"query-input\":{\"@type\":\"PropertyValueSpecification\",\"valueRequired\":true,\"valueName\":\"search_term_string\"}}],\"inLanguage\":\"es\"},{\"@type\":\"Person\",\"@id\":\"https:\\\/\\\/www.alumni.space\\\/es\\\/#\\\/schema\\\/person\\\/fede362a57876edda476a61f05ce5b15\",\"name\":\"admin\",\"image\":{\"@type\":\"ImageObject\",\"inLanguage\":\"es\",\"@id\":\"https:\\\/\\\/secure.gravatar.com\\\/avatar\\\/318e234ae94f90d4d629428d6b983c08e31181c28f579e08a021180d759ea651?s=96&d=mm&r=g\",\"url\":\"https:\\\/\\\/secure.gravatar.com\\\/avatar\\\/318e234ae94f90d4d629428d6b983c08e31181c28f579e08a021180d759ea651?s=96&d=mm&r=g\",\"contentUrl\":\"https:\\\/\\\/secure.gravatar.com\\\/avatar\\\/318e234ae94f90d4d629428d6b983c08e31181c28f579e08a021180d759ea651?s=96&d=mm&r=g\",\"caption\":\"admin\"},\"description\":\"Nicolas Laustriat a construit sa sp\u00e9cialit\u00e9 sur un sujet que beaucoup d\u2019organisations d\u00e9couvrent trop tard : ce qui dispara\u00eet quand les gens partent. Dipl\u00f4m\u00e9 en conception de produit industriel, il bifurque vers le digital fin 1996, il couvre les transformations marques, RH, la fid\u00e9lisation, la marque employeur. Sur le terrain, il rep\u00e8re un angle mort r\u00e9current : l\u2019entreprise investit dans le recrutement, la formation, les process\u2026 puis laisse filer le lien au moment du d\u00e9part, avec une perte de savoir et d\u2019influence qui se paie en silence. Il se sp\u00e9cialise alors sur les communaut\u00e9s d\u2019alumni, le mentorat, l\u2019entraide interg\u00e9n\u00e9rationnelle et la transmission d\u2019expertise. Il passe du \u201cconstat\u201d aux m\u00e9thodes : animation, gouvernance, segmentation, rituels, mesure d\u2019engagement, articulation avec la RSE et l\u2019employabilit\u00e9. Il interviewe DRH, responsables formation, directions d\u2019\u00e9coles, associations et fondations, avec une obsession : transformer un r\u00e9seau dormant en m\u00e9canisme utile (cooptation, mentorat, job board, entraide, \u00e9v\u00e9nements, contenus). Son style : direct, orient\u00e9 action, sans folklore. Sa conviction : une communaut\u00e9 n\u2019a pas besoin de bruit, elle a besoin de raisons de revenir.\",\"sameAs\":[\"https:\\\/\\\/www.alumni.space\"]}]}<\/script>\n<!-- \/ Yoast SEO plugin. -->","yoast_head_json":{"title":"Mentores de empresa: testimonios inspiradores","description":"Descubre testimonios inspiradores de mentores internos para impulsar tu carrera y liderazgo con sus inestimables consejos y experiencia.","robots":{"index":"index","follow":"follow","max-snippet":"max-snippet:-1","max-image-preview":"max-image-preview:large","max-video-preview":"max-video-preview:-1"},"canonical":"https:\/\/www.alumni.space\/es\/historias-inspiradoras-de-mentores-empresariales\/","og_locale":"es_ES","og_type":"article","og_title":"Mentores de empresa: testimonios inspiradores","og_description":"Descubre testimonios inspiradores de mentores internos para impulsar tu carrera y liderazgo con sus inestimables consejos y experiencia.","og_url":"https:\/\/www.alumni.space\/es\/historias-inspiradoras-de-mentores-empresariales\/","og_site_name":"Alumni.space","article_published_time":"2024-12-07T01:04:15+00:00","article_modified_time":"2026-04-02T12:06:04+00:00","og_image":[{"width":1280,"height":768,"url":"https:\/\/www.alumni.space\/wp-content\/uploads\/2026\/03\/Les-temoignages-inspirants-de-mentors-en-entreprise.jpg","type":"image\/jpeg"}],"author":"admin","twitter_card":"summary_large_image","twitter_misc":{"Escrito por":"admin","Tiempo de lectura":"5 minutos"},"schema":{"@context":"https:\/\/schema.org","@graph":[{"@type":"Article","@id":"https:\/\/www.alumni.space\/es\/historias-inspiradoras-de-mentores-empresariales\/#article","isPartOf":{"@id":"https:\/\/www.alumni.space\/es\/historias-inspiradoras-de-mentores-empresariales\/"},"author":{"name":"admin","@id":"https:\/\/www.alumni.space\/es\/#\/schema\/person\/fede362a57876edda476a61f05ce5b15"},"headline":"Historias inspiradoras de mentores empresariales","datePublished":"2024-12-07T01:04:15+00:00","dateModified":"2026-04-02T12:06:04+00:00","mainEntityOfPage":{"@id":"https:\/\/www.alumni.space\/es\/historias-inspiradoras-de-mentores-empresariales\/"},"wordCount":1049,"image":{"@id":"https:\/\/www.alumni.space\/es\/historias-inspiradoras-de-mentores-empresariales\/#primaryimage"},"thumbnailUrl":"https:\/\/www.alumni.space\/wp-content\/uploads\/2026\/03\/Les-temoignages-inspirants-de-mentors-en-entreprise.jpg","articleSection":["Tutor\u00eda"],"inLanguage":"es"},{"@type":"WebPage","@id":"https:\/\/www.alumni.space\/es\/historias-inspiradoras-de-mentores-empresariales\/","url":"https:\/\/www.alumni.space\/es\/historias-inspiradoras-de-mentores-empresariales\/","name":"Mentores de empresa: testimonios inspiradores","isPartOf":{"@id":"https:\/\/www.alumni.space\/es\/#website"},"primaryImageOfPage":{"@id":"https:\/\/www.alumni.space\/es\/historias-inspiradoras-de-mentores-empresariales\/#primaryimage"},"image":{"@id":"https:\/\/www.alumni.space\/es\/historias-inspiradoras-de-mentores-empresariales\/#primaryimage"},"thumbnailUrl":"https:\/\/www.alumni.space\/wp-content\/uploads\/2026\/03\/Les-temoignages-inspirants-de-mentors-en-entreprise.jpg","datePublished":"2024-12-07T01:04:15+00:00","dateModified":"2026-04-02T12:06:04+00:00","author":{"@id":"https:\/\/www.alumni.space\/es\/#\/schema\/person\/fede362a57876edda476a61f05ce5b15"},"description":"Descubre testimonios inspiradores de mentores internos para impulsar tu carrera y liderazgo con sus inestimables consejos y experiencia.","breadcrumb":{"@id":"https:\/\/www.alumni.space\/es\/historias-inspiradoras-de-mentores-empresariales\/#breadcrumb"},"inLanguage":"es","potentialAction":[{"@type":"ReadAction","target":["https:\/\/www.alumni.space\/es\/historias-inspiradoras-de-mentores-empresariales\/"]}]},{"@type":"ImageObject","inLanguage":"es","@id":"https:\/\/www.alumni.space\/es\/historias-inspiradoras-de-mentores-empresariales\/#primaryimage","url":"https:\/\/www.alumni.space\/wp-content\/uploads\/2026\/03\/Les-temoignages-inspirants-de-mentors-en-entreprise.jpg","contentUrl":"https:\/\/www.alumni.space\/wp-content\/uploads\/2026\/03\/Les-temoignages-inspirants-de-mentors-en-entreprise.jpg","width":1280,"height":768,"caption":"descubre las inspiradoras historias de mentores de empresa, que comparten sus experiencias y consejos sobre c\u00f3mo guiar y motivar a los profesionales hacia el \u00e9xito."},{"@type":"BreadcrumbList","@id":"https:\/\/www.alumni.space\/es\/historias-inspiradoras-de-mentores-empresariales\/#breadcrumb","itemListElement":[{"@type":"ListItem","position":1,"name":"Home","item":"https:\/\/www.alumni.space\/es\/plataforma-de-tutoria-y-gestion-de-antiguos-alumnos\/"},{"@type":"ListItem","position":2,"name":"Historias inspiradoras de mentores empresariales"}]},{"@type":"WebSite","@id":"https:\/\/www.alumni.space\/es\/#website","url":"https:\/\/www.alumni.space\/es\/","name":"Alumni.space","description":"My WordPress Blog","potentialAction":[{"@type":"SearchAction","target":{"@type":"EntryPoint","urlTemplate":"https:\/\/www.alumni.space\/es\/?s={search_term_string}"},"query-input":{"@type":"PropertyValueSpecification","valueRequired":true,"valueName":"search_term_string"}}],"inLanguage":"es"},{"@type":"Person","@id":"https:\/\/www.alumni.space\/es\/#\/schema\/person\/fede362a57876edda476a61f05ce5b15","name":"admin","image":{"@type":"ImageObject","inLanguage":"es","@id":"https:\/\/secure.gravatar.com\/avatar\/318e234ae94f90d4d629428d6b983c08e31181c28f579e08a021180d759ea651?s=96&d=mm&r=g","url":"https:\/\/secure.gravatar.com\/avatar\/318e234ae94f90d4d629428d6b983c08e31181c28f579e08a021180d759ea651?s=96&d=mm&r=g","contentUrl":"https:\/\/secure.gravatar.com\/avatar\/318e234ae94f90d4d629428d6b983c08e31181c28f579e08a021180d759ea651?s=96&d=mm&r=g","caption":"admin"},"description":"Nicolas Laustriat a construit sa sp\u00e9cialit\u00e9 sur un sujet que beaucoup d\u2019organisations d\u00e9couvrent trop tard : ce qui dispara\u00eet quand les gens partent. Dipl\u00f4m\u00e9 en conception de produit industriel, il bifurque vers le digital fin 1996, il couvre les transformations marques, RH, la fid\u00e9lisation, la marque employeur. Sur le terrain, il rep\u00e8re un angle mort r\u00e9current : l\u2019entreprise investit dans le recrutement, la formation, les process\u2026 puis laisse filer le lien au moment du d\u00e9part, avec une perte de savoir et d\u2019influence qui se paie en silence. Il se sp\u00e9cialise alors sur les communaut\u00e9s d\u2019alumni, le mentorat, l\u2019entraide interg\u00e9n\u00e9rationnelle et la transmission d\u2019expertise. Il passe du \u201cconstat\u201d aux m\u00e9thodes : animation, gouvernance, segmentation, rituels, mesure d\u2019engagement, articulation avec la RSE et l\u2019employabilit\u00e9. Il interviewe DRH, responsables formation, directions d\u2019\u00e9coles, associations et fondations, avec une obsession : transformer un r\u00e9seau dormant en m\u00e9canisme utile (cooptation, mentorat, job board, entraide, \u00e9v\u00e9nements, contenus). Son style : direct, orient\u00e9 action, sans folklore. Sa conviction : une communaut\u00e9 n\u2019a pas besoin de bruit, elle a besoin de raisons de revenir.","sameAs":["https:\/\/www.alumni.space"]}]}},"_links":{"self":[{"href":"https:\/\/www.alumni.space\/es\/wp-json\/wp\/v2\/posts\/4926","targetHints":{"allow":["GET"]}}],"collection":[{"href":"https:\/\/www.alumni.space\/es\/wp-json\/wp\/v2\/posts"}],"about":[{"href":"https:\/\/www.alumni.space\/es\/wp-json\/wp\/v2\/types\/post"}],"author":[{"embeddable":true,"href":"https:\/\/www.alumni.space\/es\/wp-json\/wp\/v2\/users\/1"}],"replies":[{"embeddable":true,"href":"https:\/\/www.alumni.space\/es\/wp-json\/wp\/v2\/comments?post=4926"}],"version-history":[{"count":3,"href":"https:\/\/www.alumni.space\/es\/wp-json\/wp\/v2\/posts\/4926\/revisions"}],"predecessor-version":[{"id":7030,"href":"https:\/\/www.alumni.space\/es\/wp-json\/wp\/v2\/posts\/4926\/revisions\/7030"}],"wp:featuredmedia":[{"embeddable":true,"href":"https:\/\/www.alumni.space\/es\/wp-json\/wp\/v2\/media\/4928"}],"wp:attachment":[{"href":"https:\/\/www.alumni.space\/es\/wp-json\/wp\/v2\/media?parent=4926"}],"wp:term":[{"taxonomy":"category","embeddable":true,"href":"https:\/\/www.alumni.space\/es\/wp-json\/wp\/v2\/categories?post=4926"},{"taxonomy":"post_tag","embeddable":true,"href":"https:\/\/www.alumni.space\/es\/wp-json\/wp\/v2\/tags?post=4926"}],"curies":[{"name":"wp","href":"https:\/\/api.w.org\/{rel}","templated":true}]}}