{"id":4895,"date":"2025-05-16T13:22:27","date_gmt":"2025-05-16T13:22:27","guid":{"rendered":"https:\/\/www.alumni.space\/antiguos-empleados-para-reforzar-tu-imagen-de-marca\/"},"modified":"2026-04-02T09:20:07","modified_gmt":"2026-04-02T09:20:07","slug":"antiguos-empleados-para-reforzar-tu-imagen-de-marca","status":"publish","type":"post","link":"https:\/\/www.alumni.space\/es\/antiguos-empleados-para-reforzar-tu-imagen-de-marca\/","title":{"rendered":"Antiguos empleados para reforzar tu imagen de marca"},"content":{"rendered":"<p>Resumen: Movilizar a los <strong>antiguos<\/strong> empleados como palanca estrat\u00e9gica para reforzar la<strong>imagen de marca<\/strong>, apoyar la contrataci\u00f3n y consolidar el <strong>capital humano<\/strong>.<\/p><div id=\"ez-toc-container\" class=\"ez-toc-v2_0_82_2 counter-flat ez-toc-counter ez-toc-grey ez-toc-container-direction\">\n<div class=\"ez-toc-title-container\"><p class=\"ez-toc-title\" style=\"cursor:inherit\">En este art\u00edculo se trata lo siguiente:<\/p>\n<\/div><nav><ul class='ez-toc-list ez-toc-list-level-1 ' ><li class='ez-toc-page-1'><a class=\"ez-toc-link ez-toc-heading-1\" href=\"https:\/\/www.alumni.space\/es\/antiguos-empleados-para-reforzar-tu-imagen-de-marca\/#Antiguos_empleados_palanca_concreta_para_la_imagen_de_marca_y_la_marca_empleador\" >Antiguos empleados: palanca concreta para la imagen de marca y la marca empleador<\/a><\/li><li class='ez-toc-page-1'><a class=\"ez-toc-link ez-toc-heading-2\" href=\"https:\/\/www.alumni.space\/es\/antiguos-empleados-para-reforzar-tu-imagen-de-marca\/#Tutoria_intergeneracional_compromiso_y_transmision\" >Tutor\u00eda intergeneracional, compromiso y transmisi\u00f3n<\/a><\/li><li class='ez-toc-page-1'><a class=\"ez-toc-link ez-toc-heading-3\" href=\"https:\/\/www.alumni.space\/es\/antiguos-empleados-para-reforzar-tu-imagen-de-marca\/#Salidas_positivas_y_retencion_convertir_cada_salida_en_un_activo\" >Salidas positivas y retenci\u00f3n: convertir cada salida en un activo<\/a><\/li><li class='ez-toc-page-1'><a class=\"ez-toc-link ez-toc-heading-4\" href=\"https:\/\/www.alumni.space\/es\/antiguos-empleados-para-reforzar-tu-imagen-de-marca\/#Testimonios_estudios_de_casos_e_impulso_de_la_reputacion_corporativa\" >Testimonios, estudios de casos e impulso de la reputaci\u00f3n corporativa<\/a><\/li><li class='ez-toc-page-1'><a class=\"ez-toc-link ez-toc-heading-5\" href=\"https:\/\/www.alumni.space\/es\/antiguos-empleados-para-reforzar-tu-imagen-de-marca\/#Organizacion_practica_rituales_gobernanza_e_indicadores_para_impulsar_el_impacto\" >Organizaci\u00f3n pr\u00e1ctica: rituales, gobernanza e indicadores para impulsar el impacto<\/a><\/li><\/ul><\/nav><\/div>\n<h2 class=\"wp-block-heading\"><span class=\"ez-toc-section\" id=\"Antiguos_empleados_palanca_concreta_para_la_imagen_de_marca_y_la_marca_empleador\"><\/span>Antiguos empleados: palanca concreta para la imagen de marca y la <strong>marca empleador<\/strong><span class=\"ez-toc-section-end\"><\/span><\/h2><p><strong>Los antiguos empleados<\/strong> forman una red viva capaz de amplificar <strong>la reputaci\u00f3n de<\/strong> la empresa m\u00e1s all\u00e1 de las campa\u00f1as tradicionales. Su progresi\u00f3n profesional es un testimonio de la calidad de las trayectorias profesionales internas y transforma cada \u00e9xito individual en una prueba social cre\u00edble. <\/p><p>Atelier Nova, la empresa ficticia utilizada aqu\u00ed, ha creado un directorio de antiguos alumnos para fomentar <strong>la creaci\u00f3n de redes<\/strong> entre los equipos actuales y los antiguos alumnos. El resultado: recomendaciones cualificadas, invitaciones a conferencias y un mayor inter\u00e9s de los reclutadores externos. <\/p><p>Perspectiva clave: invertir en la relaci\u00f3n posterior al contrato produce un retorno de imagen inmediato y duradero.<\/p><figure class=\"wp-block-image size-full\"><img decoding=\"async\" width=\"1344\" height=\"768\" src=\"https:\/\/www.alumni.space\/wp-content\/uploads\/2026\/03\/Des-anciens-salaries-pour-renforcer-votre-image-de-marque-2-1.jpg\" data-orig-src=\"https:\/\/www.alumni.space\/wp-content\/uploads\/2026\/03\/Des-anciens-salaries-pour-renforcer-votre-image-de-marque-2-1.jpg\" alt=\"Descubre c\u00f3mo los antiguos empleados pueden reforzar la credibilidad y la imagen de marca de tu empresa gracias a su experiencia y a su red de contactos.\" class=\"lazyload wp-image-3429\" srcset=\"data:image\/svg+xml,%3Csvg%20xmlns%3D%27http%3A%2F%2Fwww.w3.org%2F2000%2Fsvg%27%20width%3D%271344%27%20height%3D%27768%27%20viewBox%3D%270%200%201344%20768%27%3E%3Crect%20width%3D%271344%27%20height%3D%27768%27%20fill-opacity%3D%220%22%2F%3E%3C%2Fsvg%3E\" data-srcset=\"https:\/\/www.alumni.space\/wp-content\/uploads\/2026\/03\/Des-anciens-salaries-pour-renforcer-votre-image-de-marque-2-1-200x114.jpg 200w, https:\/\/www.alumni.space\/wp-content\/uploads\/2026\/03\/Des-anciens-salaries-pour-renforcer-votre-image-de-marque-2-1-300x171.jpg 300w, https:\/\/www.alumni.space\/wp-content\/uploads\/2026\/03\/Des-anciens-salaries-pour-renforcer-votre-image-de-marque-2-1-400x229.jpg 400w, https:\/\/www.alumni.space\/wp-content\/uploads\/2026\/03\/Des-anciens-salaries-pour-renforcer-votre-image-de-marque-2-1-600x343.jpg 600w, https:\/\/www.alumni.space\/wp-content\/uploads\/2026\/03\/Des-anciens-salaries-pour-renforcer-votre-image-de-marque-2-1-768x439.jpg 768w, https:\/\/www.alumni.space\/wp-content\/uploads\/2026\/03\/Des-anciens-salaries-pour-renforcer-votre-image-de-marque-2-1-800x457.jpg 800w, https:\/\/www.alumni.space\/wp-content\/uploads\/2026\/03\/Des-anciens-salaries-pour-renforcer-votre-image-de-marque-2-1-1024x585.jpg 1024w, https:\/\/www.alumni.space\/wp-content\/uploads\/2026\/03\/Des-anciens-salaries-pour-renforcer-votre-image-de-marque-2-1-1200x686.jpg 1200w, https:\/\/www.alumni.space\/wp-content\/uploads\/2026\/03\/Des-anciens-salaries-pour-renforcer-votre-image-de-marque-2-1.jpg 1344w\" data-sizes=\"auto\" data-orig-sizes=\"(max-width: 1344px) 100vw, 1344px\" \/><\/figure><h3 class=\"wp-block-heading\"><span class=\"ez-toc-section\" id=\"Tutoria_intergeneracional_compromiso_y_transmision\"><\/span>Tutor\u00eda intergeneracional, <strong>compromiso<\/strong> y transmisi\u00f3n<span class=\"ez-toc-section-end\"><\/span><\/h3><p>La tutor\u00eda gestionada a trav\u00e9s de una plataforma estructurada transforma la experiencia de los juniors. Los programas cortos, los emparejamientos espec\u00edficos y el acceso a los comentarios de los antiguos alumnos aceleran la incorporaci\u00f3n y el desarrollo de habilidades. <\/p><p>Para industrializar estos rituales, consulta un recurso dedicado a la <a href=\"https:\/\/www.alumni.space\/es\/el-impacto-de-la-tutoria-intergeneracional-con-antiguos-empleados\/\">tutor\u00eda intergeneracional<\/a> que te ayude a definir el ritmo y los indicadores de impacto. Otra referencia para formalizar la implicaci\u00f3n de los antiguos alumnos se encuentra en un archivo de estrategia <a href=\"https:\/\/www.alumni.space\/es\/antiguos-empleados-actores-clave-en-tu-estrategia-de-influencia\/\">de influencia disponible aqu\u00ed: plataforma alumni.space &#8211; estrategia de influencia<\/a>. <\/p><p>Idea clave: estructurar la tutor\u00eda mediante una herramienta evita la fragmentaci\u00f3n de los intercambios y la p\u00e9rdida de conocimientos.<\/p><h2 class=\"wp-block-heading\"><span class=\"ez-toc-section\" id=\"Salidas_positivas_y_retencion_convertir_cada_salida_en_un_activo\"><\/span>Salidas positivas y <strong>retenci\u00f3n<\/strong>: convertir cada salida en un activo<span class=\"ez-toc-section-end\"><\/span><\/h2><p>Gestionar las salidas con protocolos de reconocimiento y traspasos organizados reduce el riesgo de fuga de conocimientos. Las entrevistas de salida orientadas a la capitalizaci\u00f3n, los documentos de traspaso y las oportunidades de reinversi\u00f3n profesional crean un c\u00edrculo virtuoso. <\/p><p>Un programa formalizado facilita la retroalimentaci\u00f3n \u00abboomerang\u00bb y refuerza la confianza de los equipos existentes. Para la aplicaci\u00f3n operativa, el testimonio de una consultor\u00eda especializada proporciona directrices pr\u00e1cticas para el <a href=\"https:\/\/www.onerh.fr\/salaries-ambassadeurs-marque-employeur\/\">programa \u00abUn RH\u00bb<\/a> y formatos de publicaci\u00f3n. <\/p><p>Idea clave: celebrar una salida se convierte en un vector de atractivo y una prueba de que la <strong>marca empleadora<\/strong> cumple sus compromisos.<\/p><h3 class=\"wp-block-heading\"><span class=\"ez-toc-section\" id=\"Testimonios_estudios_de_casos_e_impulso_de_la_reputacion_corporativa\"><\/span>Testimonios, estudios de casos e impulso de la <strong>reputaci\u00f3n corporativa<\/strong><span class=\"ez-toc-section-end\"><\/span><\/h3><p>Los testimonios de antiguos empleados que han alcanzado puestos clave proporcionan pruebas objetivas del potencial para aumentar la responsabilidad. Destacar estas trayectorias profesionales en formatos breves refuerza la <strong>comunicaci\u00f3n externa<\/strong> y da credibilidad a las ofertas de empleo. <\/p><p>Un dossier sectorial sobre el impacto de los antiguos empleados en la reputaci\u00f3n ofrece marcos y estudios de casos pr\u00e1cticos: <a href=\"https:\/\/corporatealumni.fr\/anciens-collaborateurs-reputation-entreprise\/\">recurso Corporate Alumni<\/a>. Para una r\u00e1pida integraci\u00f3n t\u00e9cnica, se utiliza una soluci\u00f3n SaaS para centralizar perfiles, eventos y tutor\u00edas, evitando hojas de c\u00e1lculo dispersas. <\/p><p>Idea clave: la prueba social y los estudios de casos aceleran las decisiones de contrataci\u00f3n y la confianza de los inversores.<\/p><h2 class=\"wp-block-heading\"><span class=\"ez-toc-section\" id=\"Organizacion_practica_rituales_gobernanza_e_indicadores_para_impulsar_el_impacto\"><\/span>Organizaci\u00f3n pr\u00e1ctica: rituales, gobernanza e indicadores para impulsar el impacto<span class=\"ez-toc-section-end\"><\/span><\/h2><p>Estructurar una red de antiguos alumnos requiere la designaci\u00f3n de un piloto, la segmentaci\u00f3n de perfiles y un calendario de eventos. Rituales recomendados: reuniones trimestrales, seminarios web tem\u00e1ticos y campa\u00f1as de patrocinio espec\u00edficas. <\/p><p>KPI relevantes para los responsables de la toma de decisiones: tasas de compromiso, horas de tutor\u00eda comunicadas, cooptaciones generadas y comentarios cualitativos sobre <strong>la reputaci\u00f3n corporativa<\/strong>. Para industrializar estas m\u00e9tricas y vincular RRHH, RSC y comunicaci\u00f3n, una plataforma espec\u00edfica ofrece informes centralizados y flujos de trabajo automatizados, reduciendo los costes administrativos y consolidando <strong>el capital humano<\/strong>. <\/p><p>Para inspirarte en una lista de control de la activaci\u00f3n y en ejemplos pr\u00e1cticos, consulta un recurso operativo sobre la coordinaci\u00f3n de antiguos empleados: <a href=\"https:\/\/www.alumni.space\/es\/por-que-tus-antiguos-empleados-son-tus-mejores-embajadores-y-mentores\/\">los embajadores de antiguos empleados<\/a>.<\/p><p>Visi\u00f3n clave: la direcci\u00f3n mediante KPI breves mantiene la alineaci\u00f3n entre los objetivos de RRHH y la imagen externa.<\/p><p>Para industrializar el enfoque y probar un caso piloto, <a href=\"https:\/\/www.alumni.space\/es\/antiguos-empleados-actores-clave-en-tu-estrategia-de-influencia\/\">Solicitar una demostraci\u00f3n<\/a> te permite explorar escenarios, rituales y cuadros de mando adaptados al contexto de tu organizaci\u00f3n.<\/p>","protected":false},"excerpt":{"rendered":"<p>Resumen: Movilizar a los antiguos empleados como palanca estrat\u00e9gica para  [&#8230;]<\/p>\n","protected":false},"author":1,"featured_media":4896,"comment_status":"closed","ping_status":"","sticky":false,"template":"","format":"standard","meta":{"_ayudawp_aiss_exclude":false,"footnotes":""},"categories":[72],"tags":[],"class_list":["post-4895","post","type-post","status-publish","format-standard","has-post-thumbnail","hentry","category-antiguos-alumnos"],"yoast_head":"<!-- This site is optimized with the Yoast SEO plugin v27.4 - https:\/\/yoast.com\/product\/yoast-seo-wordpress\/ -->\n<title>Antiguos empleados, activos para tu imagen de marca<\/title>\n<meta name=\"description\" content=\"Mejora tu imagen de marca con la experiencia de antiguos empleados comprometidos y motivados para impulsar tu reputaci\u00f3n.\" \/>\n<meta name=\"robots\" content=\"index, follow, max-snippet:-1, max-image-preview:large, max-video-preview:-1\" \/>\n<link rel=\"canonical\" href=\"https:\/\/www.alumni.space\/es\/antiguos-empleados-para-reforzar-tu-imagen-de-marca\/\" \/>\n<meta property=\"og:locale\" content=\"es_ES\" \/>\n<meta property=\"og:type\" content=\"article\" \/>\n<meta property=\"og:title\" content=\"Antiguos empleados, activos para tu imagen de marca\" \/>\n<meta property=\"og:description\" content=\"Mejora tu imagen de marca con la experiencia de antiguos empleados comprometidos y motivados para impulsar tu reputaci\u00f3n.\" \/>\n<meta property=\"og:url\" content=\"https:\/\/www.alumni.space\/es\/antiguos-empleados-para-reforzar-tu-imagen-de-marca\/\" \/>\n<meta property=\"og:site_name\" content=\"Alumni.space\" \/>\n<meta property=\"article:published_time\" content=\"2025-05-16T13:22:27+00:00\" \/>\n<meta property=\"article:modified_time\" content=\"2026-04-02T09:20:07+00:00\" \/>\n<meta property=\"og:image\" content=\"https:\/\/www.alumni.space\/wp-content\/uploads\/2026\/03\/Des-anciens-salaries-pour-renforcer-votre-image-de-marque-2.jpg\" \/>\n\t<meta property=\"og:image:width\" content=\"1344\" \/>\n\t<meta property=\"og:image:height\" content=\"768\" \/>\n\t<meta property=\"og:image:type\" content=\"image\/jpeg\" \/>\n<meta name=\"author\" content=\"admin\" \/>\n<meta name=\"twitter:card\" content=\"summary_large_image\" \/>\n<meta name=\"twitter:label1\" content=\"Escrito por\" \/>\n\t<meta name=\"twitter:data1\" content=\"admin\" \/>\n\t<meta name=\"twitter:label2\" content=\"Tiempo de lectura\" \/>\n\t<meta name=\"twitter:data2\" content=\"4 minutos\" \/>\n<script type=\"application\/ld+json\" class=\"yoast-schema-graph\">{\"@context\":\"https:\\\/\\\/schema.org\",\"@graph\":[{\"@type\":\"Article\",\"@id\":\"https:\\\/\\\/www.alumni.space\\\/es\\\/antiguos-empleados-para-reforzar-tu-imagen-de-marca\\\/#article\",\"isPartOf\":{\"@id\":\"https:\\\/\\\/www.alumni.space\\\/es\\\/antiguos-empleados-para-reforzar-tu-imagen-de-marca\\\/\"},\"author\":{\"name\":\"admin\",\"@id\":\"https:\\\/\\\/www.alumni.space\\\/es\\\/#\\\/schema\\\/person\\\/fede362a57876edda476a61f05ce5b15\"},\"headline\":\"Antiguos empleados para reforzar tu imagen de marca\",\"datePublished\":\"2025-05-16T13:22:27+00:00\",\"dateModified\":\"2026-04-02T09:20:07+00:00\",\"mainEntityOfPage\":{\"@id\":\"https:\\\/\\\/www.alumni.space\\\/es\\\/antiguos-empleados-para-reforzar-tu-imagen-de-marca\\\/\"},\"wordCount\":720,\"image\":{\"@id\":\"https:\\\/\\\/www.alumni.space\\\/es\\\/antiguos-empleados-para-reforzar-tu-imagen-de-marca\\\/#primaryimage\"},\"thumbnailUrl\":\"https:\\\/\\\/www.alumni.space\\\/wp-content\\\/uploads\\\/2026\\\/03\\\/Des-anciens-salaries-pour-renforcer-votre-image-de-marque-2.jpg\",\"articleSection\":[\"Antiguos alumnos\"],\"inLanguage\":\"es\"},{\"@type\":\"WebPage\",\"@id\":\"https:\\\/\\\/www.alumni.space\\\/es\\\/antiguos-empleados-para-reforzar-tu-imagen-de-marca\\\/\",\"url\":\"https:\\\/\\\/www.alumni.space\\\/es\\\/antiguos-empleados-para-reforzar-tu-imagen-de-marca\\\/\",\"name\":\"Antiguos empleados, activos para tu imagen de marca\",\"isPartOf\":{\"@id\":\"https:\\\/\\\/www.alumni.space\\\/es\\\/#website\"},\"primaryImageOfPage\":{\"@id\":\"https:\\\/\\\/www.alumni.space\\\/es\\\/antiguos-empleados-para-reforzar-tu-imagen-de-marca\\\/#primaryimage\"},\"image\":{\"@id\":\"https:\\\/\\\/www.alumni.space\\\/es\\\/antiguos-empleados-para-reforzar-tu-imagen-de-marca\\\/#primaryimage\"},\"thumbnailUrl\":\"https:\\\/\\\/www.alumni.space\\\/wp-content\\\/uploads\\\/2026\\\/03\\\/Des-anciens-salaries-pour-renforcer-votre-image-de-marque-2.jpg\",\"datePublished\":\"2025-05-16T13:22:27+00:00\",\"dateModified\":\"2026-04-02T09:20:07+00:00\",\"author\":{\"@id\":\"https:\\\/\\\/www.alumni.space\\\/es\\\/#\\\/schema\\\/person\\\/fede362a57876edda476a61f05ce5b15\"},\"description\":\"Mejora tu imagen de marca con la experiencia de antiguos empleados comprometidos y motivados para impulsar tu reputaci\u00f3n.\",\"breadcrumb\":{\"@id\":\"https:\\\/\\\/www.alumni.space\\\/es\\\/antiguos-empleados-para-reforzar-tu-imagen-de-marca\\\/#breadcrumb\"},\"inLanguage\":\"es\",\"potentialAction\":[{\"@type\":\"ReadAction\",\"target\":[\"https:\\\/\\\/www.alumni.space\\\/es\\\/antiguos-empleados-para-reforzar-tu-imagen-de-marca\\\/\"]}]},{\"@type\":\"ImageObject\",\"inLanguage\":\"es\",\"@id\":\"https:\\\/\\\/www.alumni.space\\\/es\\\/antiguos-empleados-para-reforzar-tu-imagen-de-marca\\\/#primaryimage\",\"url\":\"https:\\\/\\\/www.alumni.space\\\/wp-content\\\/uploads\\\/2026\\\/03\\\/Des-anciens-salaries-pour-renforcer-votre-image-de-marque-2.jpg\",\"contentUrl\":\"https:\\\/\\\/www.alumni.space\\\/wp-content\\\/uploads\\\/2026\\\/03\\\/Des-anciens-salaries-pour-renforcer-votre-image-de-marque-2.jpg\",\"width\":1344,\"height\":768,\"caption\":\"descubre c\u00f3mo los antiguos empleados pueden convertirse en valiosos embajadores para reforzar y mejorar tu imagen de marca.\"},{\"@type\":\"BreadcrumbList\",\"@id\":\"https:\\\/\\\/www.alumni.space\\\/es\\\/antiguos-empleados-para-reforzar-tu-imagen-de-marca\\\/#breadcrumb\",\"itemListElement\":[{\"@type\":\"ListItem\",\"position\":1,\"name\":\"Home\",\"item\":\"https:\\\/\\\/www.alumni.space\\\/es\\\/plataforma-de-tutoria-y-gestion-de-antiguos-alumnos\\\/\"},{\"@type\":\"ListItem\",\"position\":2,\"name\":\"Antiguos empleados para reforzar tu imagen de marca\"}]},{\"@type\":\"WebSite\",\"@id\":\"https:\\\/\\\/www.alumni.space\\\/es\\\/#website\",\"url\":\"https:\\\/\\\/www.alumni.space\\\/es\\\/\",\"name\":\"Alumni.space\",\"description\":\"My WordPress Blog\",\"potentialAction\":[{\"@type\":\"SearchAction\",\"target\":{\"@type\":\"EntryPoint\",\"urlTemplate\":\"https:\\\/\\\/www.alumni.space\\\/es\\\/?s={search_term_string}\"},\"query-input\":{\"@type\":\"PropertyValueSpecification\",\"valueRequired\":true,\"valueName\":\"search_term_string\"}}],\"inLanguage\":\"es\"},{\"@type\":\"Person\",\"@id\":\"https:\\\/\\\/www.alumni.space\\\/es\\\/#\\\/schema\\\/person\\\/fede362a57876edda476a61f05ce5b15\",\"name\":\"admin\",\"image\":{\"@type\":\"ImageObject\",\"inLanguage\":\"es\",\"@id\":\"https:\\\/\\\/secure.gravatar.com\\\/avatar\\\/318e234ae94f90d4d629428d6b983c08e31181c28f579e08a021180d759ea651?s=96&d=mm&r=g\",\"url\":\"https:\\\/\\\/secure.gravatar.com\\\/avatar\\\/318e234ae94f90d4d629428d6b983c08e31181c28f579e08a021180d759ea651?s=96&d=mm&r=g\",\"contentUrl\":\"https:\\\/\\\/secure.gravatar.com\\\/avatar\\\/318e234ae94f90d4d629428d6b983c08e31181c28f579e08a021180d759ea651?s=96&d=mm&r=g\",\"caption\":\"admin\"},\"description\":\"Nicolas Laustriat a construit sa sp\u00e9cialit\u00e9 sur un sujet que beaucoup d\u2019organisations d\u00e9couvrent trop tard : ce qui dispara\u00eet quand les gens partent. Dipl\u00f4m\u00e9 en conception de produit industriel, il bifurque vers le digital fin 1996, il couvre les transformations marques, RH, la fid\u00e9lisation, la marque employeur. Sur le terrain, il rep\u00e8re un angle mort r\u00e9current : l\u2019entreprise investit dans le recrutement, la formation, les process\u2026 puis laisse filer le lien au moment du d\u00e9part, avec une perte de savoir et d\u2019influence qui se paie en silence. Il se sp\u00e9cialise alors sur les communaut\u00e9s d\u2019alumni, le mentorat, l\u2019entraide interg\u00e9n\u00e9rationnelle et la transmission d\u2019expertise. Il passe du \u201cconstat\u201d aux m\u00e9thodes : animation, gouvernance, segmentation, rituels, mesure d\u2019engagement, articulation avec la RSE et l\u2019employabilit\u00e9. Il interviewe DRH, responsables formation, directions d\u2019\u00e9coles, associations et fondations, avec une obsession : transformer un r\u00e9seau dormant en m\u00e9canisme utile (cooptation, mentorat, job board, entraide, \u00e9v\u00e9nements, contenus). Son style : direct, orient\u00e9 action, sans folklore. Sa conviction : une communaut\u00e9 n\u2019a pas besoin de bruit, elle a besoin de raisons de revenir.\",\"sameAs\":[\"https:\\\/\\\/www.alumni.space\"]}]}<\/script>\n<!-- \/ Yoast SEO plugin. -->","yoast_head_json":{"title":"Antiguos empleados, activos para tu imagen de marca","description":"Mejora tu imagen de marca con la experiencia de antiguos empleados comprometidos y motivados para impulsar tu reputaci\u00f3n.","robots":{"index":"index","follow":"follow","max-snippet":"max-snippet:-1","max-image-preview":"max-image-preview:large","max-video-preview":"max-video-preview:-1"},"canonical":"https:\/\/www.alumni.space\/es\/antiguos-empleados-para-reforzar-tu-imagen-de-marca\/","og_locale":"es_ES","og_type":"article","og_title":"Antiguos empleados, activos para tu imagen de marca","og_description":"Mejora tu imagen de marca con la experiencia de antiguos empleados comprometidos y motivados para impulsar tu reputaci\u00f3n.","og_url":"https:\/\/www.alumni.space\/es\/antiguos-empleados-para-reforzar-tu-imagen-de-marca\/","og_site_name":"Alumni.space","article_published_time":"2025-05-16T13:22:27+00:00","article_modified_time":"2026-04-02T09:20:07+00:00","og_image":[{"width":1344,"height":768,"url":"https:\/\/www.alumni.space\/wp-content\/uploads\/2026\/03\/Des-anciens-salaries-pour-renforcer-votre-image-de-marque-2.jpg","type":"image\/jpeg"}],"author":"admin","twitter_card":"summary_large_image","twitter_misc":{"Escrito por":"admin","Tiempo de lectura":"4 minutos"},"schema":{"@context":"https:\/\/schema.org","@graph":[{"@type":"Article","@id":"https:\/\/www.alumni.space\/es\/antiguos-empleados-para-reforzar-tu-imagen-de-marca\/#article","isPartOf":{"@id":"https:\/\/www.alumni.space\/es\/antiguos-empleados-para-reforzar-tu-imagen-de-marca\/"},"author":{"name":"admin","@id":"https:\/\/www.alumni.space\/es\/#\/schema\/person\/fede362a57876edda476a61f05ce5b15"},"headline":"Antiguos empleados para reforzar tu imagen de marca","datePublished":"2025-05-16T13:22:27+00:00","dateModified":"2026-04-02T09:20:07+00:00","mainEntityOfPage":{"@id":"https:\/\/www.alumni.space\/es\/antiguos-empleados-para-reforzar-tu-imagen-de-marca\/"},"wordCount":720,"image":{"@id":"https:\/\/www.alumni.space\/es\/antiguos-empleados-para-reforzar-tu-imagen-de-marca\/#primaryimage"},"thumbnailUrl":"https:\/\/www.alumni.space\/wp-content\/uploads\/2026\/03\/Des-anciens-salaries-pour-renforcer-votre-image-de-marque-2.jpg","articleSection":["Antiguos alumnos"],"inLanguage":"es"},{"@type":"WebPage","@id":"https:\/\/www.alumni.space\/es\/antiguos-empleados-para-reforzar-tu-imagen-de-marca\/","url":"https:\/\/www.alumni.space\/es\/antiguos-empleados-para-reforzar-tu-imagen-de-marca\/","name":"Antiguos empleados, activos para tu imagen de marca","isPartOf":{"@id":"https:\/\/www.alumni.space\/es\/#website"},"primaryImageOfPage":{"@id":"https:\/\/www.alumni.space\/es\/antiguos-empleados-para-reforzar-tu-imagen-de-marca\/#primaryimage"},"image":{"@id":"https:\/\/www.alumni.space\/es\/antiguos-empleados-para-reforzar-tu-imagen-de-marca\/#primaryimage"},"thumbnailUrl":"https:\/\/www.alumni.space\/wp-content\/uploads\/2026\/03\/Des-anciens-salaries-pour-renforcer-votre-image-de-marque-2.jpg","datePublished":"2025-05-16T13:22:27+00:00","dateModified":"2026-04-02T09:20:07+00:00","author":{"@id":"https:\/\/www.alumni.space\/es\/#\/schema\/person\/fede362a57876edda476a61f05ce5b15"},"description":"Mejora tu imagen de marca con la experiencia de antiguos empleados comprometidos y motivados para impulsar tu reputaci\u00f3n.","breadcrumb":{"@id":"https:\/\/www.alumni.space\/es\/antiguos-empleados-para-reforzar-tu-imagen-de-marca\/#breadcrumb"},"inLanguage":"es","potentialAction":[{"@type":"ReadAction","target":["https:\/\/www.alumni.space\/es\/antiguos-empleados-para-reforzar-tu-imagen-de-marca\/"]}]},{"@type":"ImageObject","inLanguage":"es","@id":"https:\/\/www.alumni.space\/es\/antiguos-empleados-para-reforzar-tu-imagen-de-marca\/#primaryimage","url":"https:\/\/www.alumni.space\/wp-content\/uploads\/2026\/03\/Des-anciens-salaries-pour-renforcer-votre-image-de-marque-2.jpg","contentUrl":"https:\/\/www.alumni.space\/wp-content\/uploads\/2026\/03\/Des-anciens-salaries-pour-renforcer-votre-image-de-marque-2.jpg","width":1344,"height":768,"caption":"descubre c\u00f3mo los antiguos empleados pueden convertirse en valiosos embajadores para reforzar y mejorar tu imagen de marca."},{"@type":"BreadcrumbList","@id":"https:\/\/www.alumni.space\/es\/antiguos-empleados-para-reforzar-tu-imagen-de-marca\/#breadcrumb","itemListElement":[{"@type":"ListItem","position":1,"name":"Home","item":"https:\/\/www.alumni.space\/es\/plataforma-de-tutoria-y-gestion-de-antiguos-alumnos\/"},{"@type":"ListItem","position":2,"name":"Antiguos empleados para reforzar tu imagen de marca"}]},{"@type":"WebSite","@id":"https:\/\/www.alumni.space\/es\/#website","url":"https:\/\/www.alumni.space\/es\/","name":"Alumni.space","description":"My WordPress Blog","potentialAction":[{"@type":"SearchAction","target":{"@type":"EntryPoint","urlTemplate":"https:\/\/www.alumni.space\/es\/?s={search_term_string}"},"query-input":{"@type":"PropertyValueSpecification","valueRequired":true,"valueName":"search_term_string"}}],"inLanguage":"es"},{"@type":"Person","@id":"https:\/\/www.alumni.space\/es\/#\/schema\/person\/fede362a57876edda476a61f05ce5b15","name":"admin","image":{"@type":"ImageObject","inLanguage":"es","@id":"https:\/\/secure.gravatar.com\/avatar\/318e234ae94f90d4d629428d6b983c08e31181c28f579e08a021180d759ea651?s=96&d=mm&r=g","url":"https:\/\/secure.gravatar.com\/avatar\/318e234ae94f90d4d629428d6b983c08e31181c28f579e08a021180d759ea651?s=96&d=mm&r=g","contentUrl":"https:\/\/secure.gravatar.com\/avatar\/318e234ae94f90d4d629428d6b983c08e31181c28f579e08a021180d759ea651?s=96&d=mm&r=g","caption":"admin"},"description":"Nicolas Laustriat a construit sa sp\u00e9cialit\u00e9 sur un sujet que beaucoup d\u2019organisations d\u00e9couvrent trop tard : ce qui dispara\u00eet quand les gens partent. Dipl\u00f4m\u00e9 en conception de produit industriel, il bifurque vers le digital fin 1996, il couvre les transformations marques, RH, la fid\u00e9lisation, la marque employeur. Sur le terrain, il rep\u00e8re un angle mort r\u00e9current : l\u2019entreprise investit dans le recrutement, la formation, les process\u2026 puis laisse filer le lien au moment du d\u00e9part, avec une perte de savoir et d\u2019influence qui se paie en silence. Il se sp\u00e9cialise alors sur les communaut\u00e9s d\u2019alumni, le mentorat, l\u2019entraide interg\u00e9n\u00e9rationnelle et la transmission d\u2019expertise. Il passe du \u201cconstat\u201d aux m\u00e9thodes : animation, gouvernance, segmentation, rituels, mesure d\u2019engagement, articulation avec la RSE et l\u2019employabilit\u00e9. Il interviewe DRH, responsables formation, directions d\u2019\u00e9coles, associations et fondations, avec une obsession : transformer un r\u00e9seau dormant en m\u00e9canisme utile (cooptation, mentorat, job board, entraide, \u00e9v\u00e9nements, contenus). Son style : direct, orient\u00e9 action, sans folklore. Sa conviction : une communaut\u00e9 n\u2019a pas besoin de bruit, elle a besoin de raisons de revenir.","sameAs":["https:\/\/www.alumni.space"]}]}},"_links":{"self":[{"href":"https:\/\/www.alumni.space\/es\/wp-json\/wp\/v2\/posts\/4895","targetHints":{"allow":["GET"]}}],"collection":[{"href":"https:\/\/www.alumni.space\/es\/wp-json\/wp\/v2\/posts"}],"about":[{"href":"https:\/\/www.alumni.space\/es\/wp-json\/wp\/v2\/types\/post"}],"author":[{"embeddable":true,"href":"https:\/\/www.alumni.space\/es\/wp-json\/wp\/v2\/users\/1"}],"replies":[{"embeddable":true,"href":"https:\/\/www.alumni.space\/es\/wp-json\/wp\/v2\/comments?post=4895"}],"version-history":[{"count":3,"href":"https:\/\/www.alumni.space\/es\/wp-json\/wp\/v2\/posts\/4895\/revisions"}],"predecessor-version":[{"id":6738,"href":"https:\/\/www.alumni.space\/es\/wp-json\/wp\/v2\/posts\/4895\/revisions\/6738"}],"wp:featuredmedia":[{"embeddable":true,"href":"https:\/\/www.alumni.space\/es\/wp-json\/wp\/v2\/media\/4896"}],"wp:attachment":[{"href":"https:\/\/www.alumni.space\/es\/wp-json\/wp\/v2\/media?parent=4895"}],"wp:term":[{"taxonomy":"category","embeddable":true,"href":"https:\/\/www.alumni.space\/es\/wp-json\/wp\/v2\/categories?post=4895"},{"taxonomy":"post_tag","embeddable":true,"href":"https:\/\/www.alumni.space\/es\/wp-json\/wp\/v2\/tags?post=4895"}],"curies":[{"name":"wp","href":"https:\/\/api.w.org\/{rel}","templated":true}]}}