{"id":4829,"date":"2025-05-16T22:18:10","date_gmt":"2025-05-16T22:18:10","guid":{"rendered":"https:\/\/www.alumni.space\/como-se-anticipa-la-industria-del-automovil-a-la-perdida-de-conocimientos-tecnicos\/"},"modified":"2026-03-28T10:45:53","modified_gmt":"2026-03-28T10:45:53","slug":"como-se-anticipa-la-industria-del-automovil-a-la-perdida-de-conocimientos-tecnicos","status":"publish","type":"post","link":"https:\/\/www.alumni.space\/es\/como-se-anticipa-la-industria-del-automovil-a-la-perdida-de-conocimientos-tecnicos\/","title":{"rendered":"\u00bfC\u00f3mo se anticipa la industria del autom\u00f3vil a la p\u00e9rdida de conocimientos t\u00e9cnicos?"},"content":{"rendered":"<div id=\"ez-toc-container\" class=\"ez-toc-v2_0_82_2 counter-flat ez-toc-counter ez-toc-grey ez-toc-container-direction\">\n<div class=\"ez-toc-title-container\"><p class=\"ez-toc-title\" style=\"cursor:inherit\">En este art\u00edculo se trata lo siguiente:<\/p>\n<\/div><nav><ul class='ez-toc-list ez-toc-list-level-1 ' ><li class='ez-toc-page-1'><a class=\"ez-toc-link ez-toc-heading-1\" href=\"https:\/\/www.alumni.space\/es\/como-se-anticipa-la-industria-del-automovil-a-la-perdida-de-conocimientos-tecnicos\/#Anticipar_la_perdida_de_conocimientos_tecnicos_en_la_industria_del_automovil_problemas_y_realidades\" >Anticipar la p\u00e9rdida de conocimientos t\u00e9cnicos en la industria del autom\u00f3vil: problemas y realidades<\/a><\/li><li class='ez-toc-page-1'><a class=\"ez-toc-link ez-toc-heading-2\" href=\"https:\/\/www.alumni.space\/es\/como-se-anticipa-la-industria-del-automovil-a-la-perdida-de-conocimientos-tecnicos\/#Las_consecuencias_de_las_opciones_estrategicas_de_externalizacion_en_la_perdida_de_conocimientos_tecnicos\" >Las consecuencias de las opciones estrat\u00e9gicas de externalizaci\u00f3n en la p\u00e9rdida de conocimientos t\u00e9cnicos<\/a><\/li><li class='ez-toc-page-1'><a class=\"ez-toc-link ez-toc-heading-3\" href=\"https:\/\/www.alumni.space\/es\/como-se-anticipa-la-industria-del-automovil-a-la-perdida-de-conocimientos-tecnicos\/#La_rapida_transformacion_y_la_necesidad_de_innovacion_educativa_en_la_movilidad_con_bajas_emisiones_de_carbono\" >La r\u00e1pida transformaci\u00f3n y la necesidad de innovaci\u00f3n educativa en la movilidad con bajas emisiones de carbono<\/a><\/li><li class='ez-toc-page-1'><a class=\"ez-toc-link ez-toc-heading-4\" href=\"https:\/\/www.alumni.space\/es\/como-se-anticipa-la-industria-del-automovil-a-la-perdida-de-conocimientos-tecnicos\/#Integrar_a_la_comunidad_industrial_para_preservar_la_experiencia_y_apoyar_el_cambio\" >Integrar a la comunidad industrial para preservar la experiencia y apoyar el cambio<\/a><\/li><li class='ez-toc-page-1'><a class=\"ez-toc-link ez-toc-heading-5\" href=\"https:\/\/www.alumni.space\/es\/como-se-anticipa-la-industria-del-automovil-a-la-perdida-de-conocimientos-tecnicos\/#Movilizar_los_recursos_humanos_hacia_la_innovacion_tecnologica_y_la_continuidad_de_las_competencias\" >Movilizar los recursos humanos hacia la innovaci\u00f3n tecnol\u00f3gica y la continuidad de las competencias<\/a><\/li><li class='ez-toc-page-1'><a class=\"ez-toc-link ez-toc-heading-6\" href=\"https:\/\/www.alumni.space\/es\/como-se-anticipa-la-industria-del-automovil-a-la-perdida-de-conocimientos-tecnicos\/#Aplicar_un_enfoque_estructurado_para_evitar_la_perdida_de_conocimientos_tecnicos_en_la_industria_del_automovil\" >Aplicar un enfoque estructurado para evitar la p\u00e9rdida de conocimientos t\u00e9cnicos en la industria del autom\u00f3vil<\/a><\/li><\/ul><\/nav><\/div>\n<h2 class=\"wp-block-heading\"><span class=\"ez-toc-section\" id=\"Anticipar_la_perdida_de_conocimientos_tecnicos_en_la_industria_del_automovil_problemas_y_realidades\"><\/span>Anticipar la p\u00e9rdida de conocimientos t\u00e9cnicos en la industria del autom\u00f3vil: problemas y realidades<span class=\"ez-toc-section-end\"><\/span><\/h2><p>La industria del autom\u00f3vil est\u00e1 atravesando una fase de profundos cambios, que pone de relieve un problema importante: la <strong>p\u00e9rdida de conocimientos t\u00e9cnicos<\/strong>. Ante el cambio tecnol\u00f3gico y la r\u00e1pida evoluci\u00f3n de los m\u00e9todos de producci\u00f3n, la cuesti\u00f3n de c\u00f3mo <strong>transmitir las competencias<\/strong> se est\u00e1 volviendo crucial para que la industria sobreviva. Esta cuesti\u00f3n afecta no s\u00f3lo a <strong>los recursos humanos<\/strong>, sino tambi\u00e9n a la estrategia global, sobre todo en materia de <strong>formaci\u00f3n profesional<\/strong> y desarrollo de competencias.  <\/p><figure class=\"wp-block-image size-full\"><img decoding=\"async\" width=\"1280\" height=\"768\" src=\"https:\/\/www.alumni.space\/wp-content\/uploads\/2026\/03\/Comment-lindustrie-automobile-anticipe-t-elle-la-perte-des-savoir-faire-1-1.jpg\" data-orig-src=\"https:\/\/www.alumni.space\/wp-content\/uploads\/2026\/03\/Comment-lindustrie-automobile-anticipe-t-elle-la-perte-des-savoir-faire-1-1.jpg\" alt=\"descubre c\u00f3mo la industria del autom\u00f3vil se prepara para el futuro anticip\u00e1ndose a la p\u00e9rdida de conocimientos t\u00e9cnicos mediante la innovaci\u00f3n, la formaci\u00f3n y la transferencia de competencias.\" class=\"lazyload wp-image-3285\" srcset=\"data:image\/svg+xml,%3Csvg%20xmlns%3D%27http%3A%2F%2Fwww.w3.org%2F2000%2Fsvg%27%20width%3D%271280%27%20height%3D%27768%27%20viewBox%3D%270%200%201280%20768%27%3E%3Crect%20width%3D%271280%27%20height%3D%27768%27%20fill-opacity%3D%220%22%2F%3E%3C%2Fsvg%3E\" data-srcset=\"https:\/\/www.alumni.space\/wp-content\/uploads\/2026\/03\/Comment-lindustrie-automobile-anticipe-t-elle-la-perte-des-savoir-faire-1-1-200x120.jpg 200w, https:\/\/www.alumni.space\/wp-content\/uploads\/2026\/03\/Comment-lindustrie-automobile-anticipe-t-elle-la-perte-des-savoir-faire-1-1-300x180.jpg 300w, https:\/\/www.alumni.space\/wp-content\/uploads\/2026\/03\/Comment-lindustrie-automobile-anticipe-t-elle-la-perte-des-savoir-faire-1-1-400x240.jpg 400w, https:\/\/www.alumni.space\/wp-content\/uploads\/2026\/03\/Comment-lindustrie-automobile-anticipe-t-elle-la-perte-des-savoir-faire-1-1-600x360.jpg 600w, https:\/\/www.alumni.space\/wp-content\/uploads\/2026\/03\/Comment-lindustrie-automobile-anticipe-t-elle-la-perte-des-savoir-faire-1-1-768x461.jpg 768w, https:\/\/www.alumni.space\/wp-content\/uploads\/2026\/03\/Comment-lindustrie-automobile-anticipe-t-elle-la-perte-des-savoir-faire-1-1-800x480.jpg 800w, https:\/\/www.alumni.space\/wp-content\/uploads\/2026\/03\/Comment-lindustrie-automobile-anticipe-t-elle-la-perte-des-savoir-faire-1-1-1024x614.jpg 1024w, https:\/\/www.alumni.space\/wp-content\/uploads\/2026\/03\/Comment-lindustrie-automobile-anticipe-t-elle-la-perte-des-savoir-faire-1-1-1200x720.jpg 1200w, https:\/\/www.alumni.space\/wp-content\/uploads\/2026\/03\/Comment-lindustrie-automobile-anticipe-t-elle-la-perte-des-savoir-faire-1-1.jpg 1280w\" data-sizes=\"auto\" data-orig-sizes=\"(max-width: 1280px) 100vw, 1280px\" \/><\/figure><h3 class=\"wp-block-heading\"><span class=\"ez-toc-section\" id=\"Las_consecuencias_de_las_opciones_estrategicas_de_externalizacion_en_la_perdida_de_conocimientos_tecnicos\"><\/span>Las consecuencias de las opciones estrat\u00e9gicas de externalizaci\u00f3n en la p\u00e9rdida de conocimientos t\u00e9cnicos<span class=\"ez-toc-section-end\"><\/span><\/h3><p>La industria europea del autom\u00f3vil ha experimentado cambios estructurales marcados por las estrategias de subcontrataci\u00f3n, sobre todo entre los grandes grupos que se concentran en su actividad principal. Estas decisiones, destinadas a aumentar la rentabilidad y el precio de las acciones, han socavado los v\u00ednculos de subcontrataci\u00f3n de la industria local. El antiguo jefe del grupo Arche, la principal fundici\u00f3n de aluminio para autom\u00f3viles de Francia, ilustra c\u00f3mo esta externalizaci\u00f3n gradual ha contribuido a la desaparici\u00f3n de muchas plantas, sacrificando una experiencia inestimable.  <\/p><p>Esta p\u00e9rdida tiene implicaciones de gran alcance: no s\u00f3lo afecta a la cadena de valor industrial, sino que tambi\u00e9n fomenta el declive de competencias espec\u00edficas dif\u00edciles de recrear o importar. Al mismo tiempo, los actores asi\u00e1ticos se han beneficiado de la transferencia de tecnolog\u00eda, ascendiendo en la cadena de valor gracias a una integraci\u00f3n total y a una gran capacidad de innovaci\u00f3n en todas las fases de la producci\u00f3n. <\/p><p>Para mantener una ventaja competitiva, se est\u00e1 haciendo imperativo identificar y abordar los riesgos asociados a la p\u00e9rdida de conocimientos empresariales. Implantar un sistema de <strong>transferencia de competencias<\/strong>, apoyado por herramientas digitales de gesti\u00f3n y animaci\u00f3n de comunidades, es una respuesta adecuada. <\/p><h3 class=\"wp-block-heading\"><span class=\"ez-toc-section\" id=\"La_rapida_transformacion_y_la_necesidad_de_innovacion_educativa_en_la_movilidad_con_bajas_emisiones_de_carbono\"><\/span>La r\u00e1pida transformaci\u00f3n y la necesidad de innovaci\u00f3n educativa en la movilidad con bajas emisiones de carbono<span class=\"ez-toc-section-end\"><\/span><\/h3><p>La aparici\u00f3n de los veh\u00edculos el\u00e9ctricos y la necesidad de reducir la huella de carbono est\u00e1n aumentando la complejidad industrial. La transici\u00f3n hacia arquitecturas m\u00e1s ligeras y eficientes energ\u00e9ticamente, con una proporci\u00f3n cada vez mayor de materiales de origen biol\u00f3gico o reciclados, tambi\u00e9n est\u00e1 obligando a los actores a revisar sus procesos de <strong>mantenimiento industrial<\/strong> y su enfoque de la <strong>formaci\u00f3n profesional<\/strong>. <\/p><p>Al mismo tiempo, la electr\u00f3nica y el software son cada vez m\u00e1s importantes, y representar\u00e1n casi el 35% del valor de un coche el\u00e9ctrico en 2030. Este cambio exige una redefinici\u00f3n de los perfiles t\u00e9cnicos y una renovaci\u00f3n de las competencias vinculadas a las t\u00e9cnicas de producci\u00f3n y a la innovaci\u00f3n. <\/p><p>La adopci\u00f3n de soluciones de digitalizaci\u00f3n y coordinaci\u00f3n de las redes de expertos permite capitalizar los conocimientos acumulados y acelerar el desarrollo de las competencias, facilitando los intercambios entre generaciones, en particular mediante la tutor\u00eda y la cooptaci\u00f3n.<\/p><h3 class=\"wp-block-heading\"><span class=\"ez-toc-section\" id=\"Integrar_a_la_comunidad_industrial_para_preservar_la_experiencia_y_apoyar_el_cambio\"><\/span>Integrar a la comunidad industrial para preservar la experiencia y apoyar el cambio<span class=\"ez-toc-section-end\"><\/span><\/h3><p>La p\u00e9rdida de know-how puede mitigarse con una fuerte pol\u00edtica de implicaci\u00f3n de la comunidad. Reunir a antiguos empleados, formar parejas de mentores y disc\u00edpulos y desarrollar el apoyo mutuo entre profesionales son acciones esenciales para estructurar la <strong>memoria organizativa<\/strong> y evitar una ruptura en la transmisi\u00f3n. Esto se aplica tanto a los departamentos de recursos humanos como a las ramas t\u00e9cnicas y los organismos de formaci\u00f3n.  <\/p><p>Los responsables de la toma de decisiones deben dirigir esta din\u00e1mica utilizando indicadores claros para medir la asimilaci\u00f3n de los sistemas y el desarrollo de competencias compartidas. Una plataforma SaaS de gesti\u00f3n y animaci\u00f3n de comunidades facilita esta gobernanza federando las redes de antiguos alumnos, los eventos, las ofertas de empleo y los conocimientos t\u00e9cnicos, evitando as\u00ed la dispersi\u00f3n de herramientas y la p\u00e9rdida de informaci\u00f3n. <\/p><p>Integrar soluciones digitales no s\u00f3lo optimiza el tiempo dedicado a la formaci\u00f3n y la transferencia de conocimientos industriales, sino que tambi\u00e9n limita el coste oculto de olvidar conocimientos esenciales cuando un experto abandona la empresa.<\/p><h2 class=\"wp-block-heading\"><span class=\"ez-toc-section\" id=\"Movilizar_los_recursos_humanos_hacia_la_innovacion_tecnologica_y_la_continuidad_de_las_competencias\"><\/span>Movilizar los recursos humanos hacia la innovaci\u00f3n tecnol\u00f3gica y la continuidad de las competencias<span class=\"ez-toc-section-end\"><\/span><\/h2><p>Las iniciativas actuales promueven el aprendizaje permanente y la innovaci\u00f3n educativa para apoyar la transformaci\u00f3n industrial. En un sector que se enfrenta a la deslocalizaci\u00f3n de los centros de producci\u00f3n a Asia, recuperar la industria exigir\u00e1 programas m\u00e1s coherentes de integraci\u00f3n, formaci\u00f3n profesional y reconocimiento del talento, en el marco de un di\u00e1logo m\u00e1s estrecho entre escuelas, centros de formaci\u00f3n, asociaciones y empresas. <\/p><p>Las campa\u00f1as de cooptaci\u00f3n espec\u00edficas, la organizaci\u00f3n peri\u00f3dica de actos y la creaci\u00f3n de bibliotecas documentales espec\u00edficas contribuyen a reforzar los v\u00ednculos entre generaciones y favorecen la transmisi\u00f3n de experiencias en un contexto industrial cada vez m\u00e1s digitalizado.<\/p><p>Las redes de antiguos alumnos parecen ser una palanca estrat\u00e9gica para fidelizar a los talentos, mejorar la imagen de marca entre los empleados directivos y fomentar el compromiso a largo plazo, ofreciendo continuidad al saber hacer y al esp\u00edritu de innovaci\u00f3n dentro de la empresa.<\/p><h3 class=\"wp-block-heading\"><span class=\"ez-toc-section\" id=\"Aplicar_un_enfoque_estructurado_para_evitar_la_perdida_de_conocimientos_tecnicos_en_la_industria_del_automovil\"><\/span>Aplicar un enfoque estructurado para evitar la p\u00e9rdida de conocimientos t\u00e9cnicos en la industria del autom\u00f3vil<span class=\"ez-toc-section-end\"><\/span><\/h3><p>El reto consiste en establecer un ritual en el que la transmisi\u00f3n se convierta en parte integrante de la rutina diaria de los equipos. Es esencial identificar las competencias cr\u00edticas, definir las funciones de cada actor (mentores, expertos, recursos humanos) y programar ciclos regulares de intercambio y formaci\u00f3n. <\/p><p>El apoyo de una plataforma colaborativa evita la proliferaci\u00f3n de herramientas dispares y facilita la gesti\u00f3n de estos sistemas. La visibilidad que ofrecen estos sistemas permite controlar la adopci\u00f3n, aprovechar el tiempo invertido y ajustar las estrategias en tiempo real. <\/p><p>Para ampliar estas reflexiones y visualizar experiencias concretas de preservaci\u00f3n del saber hacer en la industria, <a href=\"https:\/\/www.alumni.space\/es\/como-podemos-evitar-la-perdida-de-experiencia-en-el-mantenimiento-industrial\/\">la consulta de este recurso<\/a> abre v\u00edas de actuaci\u00f3n que pueden aplicarse inmediatamente. Del mismo modo, <a href=\"https:\/\/www.entreprises.gouv.fr\/files\/files\/Publications\/2022\/Themas\/4-transformations-et-defis-de-la-filiere-auto.pdf\">esta visi\u00f3n global de la transformaci\u00f3n del sector<\/a> proporciona un marco s\u00f3lido para integrar la dimensi\u00f3n industrial en una din\u00e1mica comunitaria. <\/p>","protected":false},"excerpt":{"rendered":"<p>Anticipar la p\u00e9rdida de conocimientos t\u00e9cnicos en la industria del  [&#8230;]<\/p>\n","protected":false},"author":1,"featured_media":4831,"comment_status":"closed","ping_status":"closed","sticky":false,"template":"","format":"standard","meta":{"_ayudawp_aiss_exclude":false,"footnotes":""},"categories":[74],"tags":[],"class_list":["post-4829","post","type-post","status-publish","format-standard","has-post-thumbnail","hentry","category-intercambio-de-conocimientos"],"yoast_head":"<!-- This site is optimized with the Yoast SEO plugin v27.4 - https:\/\/yoast.com\/product\/yoast-seo-wordpress\/ -->\n<title>La industria del autom\u00f3vil: preservar el saber hacer frente a los retos<\/title>\n<meta name=\"description\" content=\"Descubre c\u00f3mo la industria automovil\u00edstica se prepara para el futuro previendo la p\u00e9rdida de conocimientos t\u00e9cnicos, esencial para seguir siendo competitiva e innovadora.\" \/>\n<meta name=\"robots\" content=\"index, follow, max-snippet:-1, max-image-preview:large, max-video-preview:-1\" \/>\n<link rel=\"canonical\" href=\"https:\/\/www.alumni.space\/es\/como-se-anticipa-la-industria-del-automovil-a-la-perdida-de-conocimientos-tecnicos\/\" \/>\n<meta property=\"og:locale\" content=\"es_ES\" \/>\n<meta property=\"og:type\" content=\"article\" \/>\n<meta property=\"og:title\" content=\"La industria del autom\u00f3vil: preservar el saber hacer frente a los retos\" \/>\n<meta property=\"og:description\" content=\"Descubre c\u00f3mo la industria automovil\u00edstica se prepara para el futuro previendo la p\u00e9rdida de conocimientos t\u00e9cnicos, esencial para seguir siendo competitiva e innovadora.\" \/>\n<meta property=\"og:url\" content=\"https:\/\/www.alumni.space\/es\/como-se-anticipa-la-industria-del-automovil-a-la-perdida-de-conocimientos-tecnicos\/\" \/>\n<meta property=\"og:site_name\" content=\"Alumni.space\" \/>\n<meta property=\"article:published_time\" content=\"2025-05-16T22:18:10+00:00\" \/>\n<meta property=\"article:modified_time\" content=\"2026-03-28T10:45:53+00:00\" \/>\n<meta property=\"og:image\" content=\"https:\/\/www.alumni.space\/wp-content\/uploads\/2026\/03\/Comment-lindustrie-automobile-anticipe-t-elle-la-perte-des-savoir-faire-.jpg\" \/>\n\t<meta property=\"og:image:width\" content=\"1280\" \/>\n\t<meta property=\"og:image:height\" content=\"768\" \/>\n\t<meta property=\"og:image:type\" content=\"image\/jpeg\" \/>\n<meta name=\"author\" content=\"admin\" \/>\n<meta name=\"twitter:card\" content=\"summary_large_image\" \/>\n<meta name=\"twitter:label1\" content=\"Escrito por\" \/>\n\t<meta name=\"twitter:data1\" content=\"admin\" \/>\n\t<meta name=\"twitter:label2\" content=\"Tiempo de lectura\" \/>\n\t<meta name=\"twitter:data2\" content=\"5 minutos\" \/>\n<script type=\"application\/ld+json\" class=\"yoast-schema-graph\">{\"@context\":\"https:\\\/\\\/schema.org\",\"@graph\":[{\"@type\":\"Article\",\"@id\":\"https:\\\/\\\/www.alumni.space\\\/es\\\/como-se-anticipa-la-industria-del-automovil-a-la-perdida-de-conocimientos-tecnicos\\\/#article\",\"isPartOf\":{\"@id\":\"https:\\\/\\\/www.alumni.space\\\/es\\\/como-se-anticipa-la-industria-del-automovil-a-la-perdida-de-conocimientos-tecnicos\\\/\"},\"author\":{\"name\":\"admin\",\"@id\":\"https:\\\/\\\/www.alumni.space\\\/es\\\/#\\\/schema\\\/person\\\/fede362a57876edda476a61f05ce5b15\"},\"headline\":\"\u00bfC\u00f3mo se anticipa la industria del autom\u00f3vil a la p\u00e9rdida de conocimientos t\u00e9cnicos?\",\"datePublished\":\"2025-05-16T22:18:10+00:00\",\"dateModified\":\"2026-03-28T10:45:53+00:00\",\"mainEntityOfPage\":{\"@id\":\"https:\\\/\\\/www.alumni.space\\\/es\\\/como-se-anticipa-la-industria-del-automovil-a-la-perdida-de-conocimientos-tecnicos\\\/\"},\"wordCount\":1113,\"image\":{\"@id\":\"https:\\\/\\\/www.alumni.space\\\/es\\\/como-se-anticipa-la-industria-del-automovil-a-la-perdida-de-conocimientos-tecnicos\\\/#primaryimage\"},\"thumbnailUrl\":\"https:\\\/\\\/www.alumni.space\\\/wp-content\\\/uploads\\\/2026\\\/03\\\/Comment-lindustrie-automobile-anticipe-t-elle-la-perte-des-savoir-faire-.jpg\",\"articleSection\":[\"Intercambio de conocimientos\"],\"inLanguage\":\"es\"},{\"@type\":\"WebPage\",\"@id\":\"https:\\\/\\\/www.alumni.space\\\/es\\\/como-se-anticipa-la-industria-del-automovil-a-la-perdida-de-conocimientos-tecnicos\\\/\",\"url\":\"https:\\\/\\\/www.alumni.space\\\/es\\\/como-se-anticipa-la-industria-del-automovil-a-la-perdida-de-conocimientos-tecnicos\\\/\",\"name\":\"La industria del autom\u00f3vil: preservar el saber hacer frente a los retos\",\"isPartOf\":{\"@id\":\"https:\\\/\\\/www.alumni.space\\\/es\\\/#website\"},\"primaryImageOfPage\":{\"@id\":\"https:\\\/\\\/www.alumni.space\\\/es\\\/como-se-anticipa-la-industria-del-automovil-a-la-perdida-de-conocimientos-tecnicos\\\/#primaryimage\"},\"image\":{\"@id\":\"https:\\\/\\\/www.alumni.space\\\/es\\\/como-se-anticipa-la-industria-del-automovil-a-la-perdida-de-conocimientos-tecnicos\\\/#primaryimage\"},\"thumbnailUrl\":\"https:\\\/\\\/www.alumni.space\\\/wp-content\\\/uploads\\\/2026\\\/03\\\/Comment-lindustrie-automobile-anticipe-t-elle-la-perte-des-savoir-faire-.jpg\",\"datePublished\":\"2025-05-16T22:18:10+00:00\",\"dateModified\":\"2026-03-28T10:45:53+00:00\",\"author\":{\"@id\":\"https:\\\/\\\/www.alumni.space\\\/es\\\/#\\\/schema\\\/person\\\/fede362a57876edda476a61f05ce5b15\"},\"description\":\"Descubre c\u00f3mo la industria automovil\u00edstica se prepara para el futuro previendo la p\u00e9rdida de conocimientos t\u00e9cnicos, esencial para seguir siendo competitiva e innovadora.\",\"breadcrumb\":{\"@id\":\"https:\\\/\\\/www.alumni.space\\\/es\\\/como-se-anticipa-la-industria-del-automovil-a-la-perdida-de-conocimientos-tecnicos\\\/#breadcrumb\"},\"inLanguage\":\"es\",\"potentialAction\":[{\"@type\":\"ReadAction\",\"target\":[\"https:\\\/\\\/www.alumni.space\\\/es\\\/como-se-anticipa-la-industria-del-automovil-a-la-perdida-de-conocimientos-tecnicos\\\/\"]}]},{\"@type\":\"ImageObject\",\"inLanguage\":\"es\",\"@id\":\"https:\\\/\\\/www.alumni.space\\\/es\\\/como-se-anticipa-la-industria-del-automovil-a-la-perdida-de-conocimientos-tecnicos\\\/#primaryimage\",\"url\":\"https:\\\/\\\/www.alumni.space\\\/wp-content\\\/uploads\\\/2026\\\/03\\\/Comment-lindustrie-automobile-anticipe-t-elle-la-perte-des-savoir-faire-.jpg\",\"contentUrl\":\"https:\\\/\\\/www.alumni.space\\\/wp-content\\\/uploads\\\/2026\\\/03\\\/Comment-lindustrie-automobile-anticipe-t-elle-la-perte-des-savoir-faire-.jpg\",\"width\":1280,\"height\":768,\"caption\":\"descubre c\u00f3mo la industria del autom\u00f3vil se prepara para el futuro anticip\u00e1ndose y preservando su experiencia frente a los cambios tecnol\u00f3gicos y los retos del mercado.\"},{\"@type\":\"BreadcrumbList\",\"@id\":\"https:\\\/\\\/www.alumni.space\\\/es\\\/como-se-anticipa-la-industria-del-automovil-a-la-perdida-de-conocimientos-tecnicos\\\/#breadcrumb\",\"itemListElement\":[{\"@type\":\"ListItem\",\"position\":1,\"name\":\"Home\",\"item\":\"https:\\\/\\\/www.alumni.space\\\/es\\\/plataforma-de-tutoria-y-gestion-de-antiguos-alumnos\\\/\"},{\"@type\":\"ListItem\",\"position\":2,\"name\":\"\u00bfC\u00f3mo se anticipa la industria del autom\u00f3vil a la p\u00e9rdida de conocimientos t\u00e9cnicos?\"}]},{\"@type\":\"WebSite\",\"@id\":\"https:\\\/\\\/www.alumni.space\\\/es\\\/#website\",\"url\":\"https:\\\/\\\/www.alumni.space\\\/es\\\/\",\"name\":\"Alumni.space\",\"description\":\"My WordPress Blog\",\"potentialAction\":[{\"@type\":\"SearchAction\",\"target\":{\"@type\":\"EntryPoint\",\"urlTemplate\":\"https:\\\/\\\/www.alumni.space\\\/es\\\/?s={search_term_string}\"},\"query-input\":{\"@type\":\"PropertyValueSpecification\",\"valueRequired\":true,\"valueName\":\"search_term_string\"}}],\"inLanguage\":\"es\"},{\"@type\":\"Person\",\"@id\":\"https:\\\/\\\/www.alumni.space\\\/es\\\/#\\\/schema\\\/person\\\/fede362a57876edda476a61f05ce5b15\",\"name\":\"admin\",\"image\":{\"@type\":\"ImageObject\",\"inLanguage\":\"es\",\"@id\":\"https:\\\/\\\/secure.gravatar.com\\\/avatar\\\/318e234ae94f90d4d629428d6b983c08e31181c28f579e08a021180d759ea651?s=96&d=mm&r=g\",\"url\":\"https:\\\/\\\/secure.gravatar.com\\\/avatar\\\/318e234ae94f90d4d629428d6b983c08e31181c28f579e08a021180d759ea651?s=96&d=mm&r=g\",\"contentUrl\":\"https:\\\/\\\/secure.gravatar.com\\\/avatar\\\/318e234ae94f90d4d629428d6b983c08e31181c28f579e08a021180d759ea651?s=96&d=mm&r=g\",\"caption\":\"admin\"},\"description\":\"Nicolas Laustriat a construit sa sp\u00e9cialit\u00e9 sur un sujet que beaucoup d\u2019organisations d\u00e9couvrent trop tard : ce qui dispara\u00eet quand les gens partent. Dipl\u00f4m\u00e9 en conception de produit industriel, il bifurque vers le digital fin 1996, il couvre les transformations marques, RH, la fid\u00e9lisation, la marque employeur. Sur le terrain, il rep\u00e8re un angle mort r\u00e9current : l\u2019entreprise investit dans le recrutement, la formation, les process\u2026 puis laisse filer le lien au moment du d\u00e9part, avec une perte de savoir et d\u2019influence qui se paie en silence. Il se sp\u00e9cialise alors sur les communaut\u00e9s d\u2019alumni, le mentorat, l\u2019entraide interg\u00e9n\u00e9rationnelle et la transmission d\u2019expertise. Il passe du \u201cconstat\u201d aux m\u00e9thodes : animation, gouvernance, segmentation, rituels, mesure d\u2019engagement, articulation avec la RSE et l\u2019employabilit\u00e9. Il interviewe DRH, responsables formation, directions d\u2019\u00e9coles, associations et fondations, avec une obsession : transformer un r\u00e9seau dormant en m\u00e9canisme utile (cooptation, mentorat, job board, entraide, \u00e9v\u00e9nements, contenus). Son style : direct, orient\u00e9 action, sans folklore. Sa conviction : une communaut\u00e9 n\u2019a pas besoin de bruit, elle a besoin de raisons de revenir.\",\"sameAs\":[\"https:\\\/\\\/www.alumni.space\"]}]}<\/script>\n<!-- \/ Yoast SEO plugin. -->","yoast_head_json":{"title":"La industria del autom\u00f3vil: preservar el saber hacer frente a los retos","description":"Descubre c\u00f3mo la industria automovil\u00edstica se prepara para el futuro previendo la p\u00e9rdida de conocimientos t\u00e9cnicos, esencial para seguir siendo competitiva e innovadora.","robots":{"index":"index","follow":"follow","max-snippet":"max-snippet:-1","max-image-preview":"max-image-preview:large","max-video-preview":"max-video-preview:-1"},"canonical":"https:\/\/www.alumni.space\/es\/como-se-anticipa-la-industria-del-automovil-a-la-perdida-de-conocimientos-tecnicos\/","og_locale":"es_ES","og_type":"article","og_title":"La industria del autom\u00f3vil: preservar el saber hacer frente a los retos","og_description":"Descubre c\u00f3mo la industria automovil\u00edstica se prepara para el futuro previendo la p\u00e9rdida de conocimientos t\u00e9cnicos, esencial para seguir siendo competitiva e innovadora.","og_url":"https:\/\/www.alumni.space\/es\/como-se-anticipa-la-industria-del-automovil-a-la-perdida-de-conocimientos-tecnicos\/","og_site_name":"Alumni.space","article_published_time":"2025-05-16T22:18:10+00:00","article_modified_time":"2026-03-28T10:45:53+00:00","og_image":[{"width":1280,"height":768,"url":"https:\/\/www.alumni.space\/wp-content\/uploads\/2026\/03\/Comment-lindustrie-automobile-anticipe-t-elle-la-perte-des-savoir-faire-.jpg","type":"image\/jpeg"}],"author":"admin","twitter_card":"summary_large_image","twitter_misc":{"Escrito por":"admin","Tiempo de lectura":"5 minutos"},"schema":{"@context":"https:\/\/schema.org","@graph":[{"@type":"Article","@id":"https:\/\/www.alumni.space\/es\/como-se-anticipa-la-industria-del-automovil-a-la-perdida-de-conocimientos-tecnicos\/#article","isPartOf":{"@id":"https:\/\/www.alumni.space\/es\/como-se-anticipa-la-industria-del-automovil-a-la-perdida-de-conocimientos-tecnicos\/"},"author":{"name":"admin","@id":"https:\/\/www.alumni.space\/es\/#\/schema\/person\/fede362a57876edda476a61f05ce5b15"},"headline":"\u00bfC\u00f3mo se anticipa la industria del autom\u00f3vil a la p\u00e9rdida de conocimientos t\u00e9cnicos?","datePublished":"2025-05-16T22:18:10+00:00","dateModified":"2026-03-28T10:45:53+00:00","mainEntityOfPage":{"@id":"https:\/\/www.alumni.space\/es\/como-se-anticipa-la-industria-del-automovil-a-la-perdida-de-conocimientos-tecnicos\/"},"wordCount":1113,"image":{"@id":"https:\/\/www.alumni.space\/es\/como-se-anticipa-la-industria-del-automovil-a-la-perdida-de-conocimientos-tecnicos\/#primaryimage"},"thumbnailUrl":"https:\/\/www.alumni.space\/wp-content\/uploads\/2026\/03\/Comment-lindustrie-automobile-anticipe-t-elle-la-perte-des-savoir-faire-.jpg","articleSection":["Intercambio de conocimientos"],"inLanguage":"es"},{"@type":"WebPage","@id":"https:\/\/www.alumni.space\/es\/como-se-anticipa-la-industria-del-automovil-a-la-perdida-de-conocimientos-tecnicos\/","url":"https:\/\/www.alumni.space\/es\/como-se-anticipa-la-industria-del-automovil-a-la-perdida-de-conocimientos-tecnicos\/","name":"La industria del autom\u00f3vil: preservar el saber hacer frente a los retos","isPartOf":{"@id":"https:\/\/www.alumni.space\/es\/#website"},"primaryImageOfPage":{"@id":"https:\/\/www.alumni.space\/es\/como-se-anticipa-la-industria-del-automovil-a-la-perdida-de-conocimientos-tecnicos\/#primaryimage"},"image":{"@id":"https:\/\/www.alumni.space\/es\/como-se-anticipa-la-industria-del-automovil-a-la-perdida-de-conocimientos-tecnicos\/#primaryimage"},"thumbnailUrl":"https:\/\/www.alumni.space\/wp-content\/uploads\/2026\/03\/Comment-lindustrie-automobile-anticipe-t-elle-la-perte-des-savoir-faire-.jpg","datePublished":"2025-05-16T22:18:10+00:00","dateModified":"2026-03-28T10:45:53+00:00","author":{"@id":"https:\/\/www.alumni.space\/es\/#\/schema\/person\/fede362a57876edda476a61f05ce5b15"},"description":"Descubre c\u00f3mo la industria automovil\u00edstica se prepara para el futuro previendo la p\u00e9rdida de conocimientos t\u00e9cnicos, esencial para seguir siendo competitiva e innovadora.","breadcrumb":{"@id":"https:\/\/www.alumni.space\/es\/como-se-anticipa-la-industria-del-automovil-a-la-perdida-de-conocimientos-tecnicos\/#breadcrumb"},"inLanguage":"es","potentialAction":[{"@type":"ReadAction","target":["https:\/\/www.alumni.space\/es\/como-se-anticipa-la-industria-del-automovil-a-la-perdida-de-conocimientos-tecnicos\/"]}]},{"@type":"ImageObject","inLanguage":"es","@id":"https:\/\/www.alumni.space\/es\/como-se-anticipa-la-industria-del-automovil-a-la-perdida-de-conocimientos-tecnicos\/#primaryimage","url":"https:\/\/www.alumni.space\/wp-content\/uploads\/2026\/03\/Comment-lindustrie-automobile-anticipe-t-elle-la-perte-des-savoir-faire-.jpg","contentUrl":"https:\/\/www.alumni.space\/wp-content\/uploads\/2026\/03\/Comment-lindustrie-automobile-anticipe-t-elle-la-perte-des-savoir-faire-.jpg","width":1280,"height":768,"caption":"descubre c\u00f3mo la industria del autom\u00f3vil se prepara para el futuro anticip\u00e1ndose y preservando su experiencia frente a los cambios tecnol\u00f3gicos y los retos del mercado."},{"@type":"BreadcrumbList","@id":"https:\/\/www.alumni.space\/es\/como-se-anticipa-la-industria-del-automovil-a-la-perdida-de-conocimientos-tecnicos\/#breadcrumb","itemListElement":[{"@type":"ListItem","position":1,"name":"Home","item":"https:\/\/www.alumni.space\/es\/plataforma-de-tutoria-y-gestion-de-antiguos-alumnos\/"},{"@type":"ListItem","position":2,"name":"\u00bfC\u00f3mo se anticipa la industria del autom\u00f3vil a la p\u00e9rdida de conocimientos t\u00e9cnicos?"}]},{"@type":"WebSite","@id":"https:\/\/www.alumni.space\/es\/#website","url":"https:\/\/www.alumni.space\/es\/","name":"Alumni.space","description":"My WordPress Blog","potentialAction":[{"@type":"SearchAction","target":{"@type":"EntryPoint","urlTemplate":"https:\/\/www.alumni.space\/es\/?s={search_term_string}"},"query-input":{"@type":"PropertyValueSpecification","valueRequired":true,"valueName":"search_term_string"}}],"inLanguage":"es"},{"@type":"Person","@id":"https:\/\/www.alumni.space\/es\/#\/schema\/person\/fede362a57876edda476a61f05ce5b15","name":"admin","image":{"@type":"ImageObject","inLanguage":"es","@id":"https:\/\/secure.gravatar.com\/avatar\/318e234ae94f90d4d629428d6b983c08e31181c28f579e08a021180d759ea651?s=96&d=mm&r=g","url":"https:\/\/secure.gravatar.com\/avatar\/318e234ae94f90d4d629428d6b983c08e31181c28f579e08a021180d759ea651?s=96&d=mm&r=g","contentUrl":"https:\/\/secure.gravatar.com\/avatar\/318e234ae94f90d4d629428d6b983c08e31181c28f579e08a021180d759ea651?s=96&d=mm&r=g","caption":"admin"},"description":"Nicolas Laustriat a construit sa sp\u00e9cialit\u00e9 sur un sujet que beaucoup d\u2019organisations d\u00e9couvrent trop tard : ce qui dispara\u00eet quand les gens partent. Dipl\u00f4m\u00e9 en conception de produit industriel, il bifurque vers le digital fin 1996, il couvre les transformations marques, RH, la fid\u00e9lisation, la marque employeur. Sur le terrain, il rep\u00e8re un angle mort r\u00e9current : l\u2019entreprise investit dans le recrutement, la formation, les process\u2026 puis laisse filer le lien au moment du d\u00e9part, avec une perte de savoir et d\u2019influence qui se paie en silence. Il se sp\u00e9cialise alors sur les communaut\u00e9s d\u2019alumni, le mentorat, l\u2019entraide interg\u00e9n\u00e9rationnelle et la transmission d\u2019expertise. Il passe du \u201cconstat\u201d aux m\u00e9thodes : animation, gouvernance, segmentation, rituels, mesure d\u2019engagement, articulation avec la RSE et l\u2019employabilit\u00e9. Il interviewe DRH, responsables formation, directions d\u2019\u00e9coles, associations et fondations, avec une obsession : transformer un r\u00e9seau dormant en m\u00e9canisme utile (cooptation, mentorat, job board, entraide, \u00e9v\u00e9nements, contenus). Son style : direct, orient\u00e9 action, sans folklore. Sa conviction : une communaut\u00e9 n\u2019a pas besoin de bruit, elle a besoin de raisons de revenir.","sameAs":["https:\/\/www.alumni.space"]}]}},"_links":{"self":[{"href":"https:\/\/www.alumni.space\/es\/wp-json\/wp\/v2\/posts\/4829","targetHints":{"allow":["GET"]}}],"collection":[{"href":"https:\/\/www.alumni.space\/es\/wp-json\/wp\/v2\/posts"}],"about":[{"href":"https:\/\/www.alumni.space\/es\/wp-json\/wp\/v2\/types\/post"}],"author":[{"embeddable":true,"href":"https:\/\/www.alumni.space\/es\/wp-json\/wp\/v2\/users\/1"}],"replies":[{"embeddable":true,"href":"https:\/\/www.alumni.space\/es\/wp-json\/wp\/v2\/comments?post=4829"}],"version-history":[{"count":3,"href":"https:\/\/www.alumni.space\/es\/wp-json\/wp\/v2\/posts\/4829\/revisions"}],"predecessor-version":[{"id":6450,"href":"https:\/\/www.alumni.space\/es\/wp-json\/wp\/v2\/posts\/4829\/revisions\/6450"}],"wp:featuredmedia":[{"embeddable":true,"href":"https:\/\/www.alumni.space\/es\/wp-json\/wp\/v2\/media\/4831"}],"wp:attachment":[{"href":"https:\/\/www.alumni.space\/es\/wp-json\/wp\/v2\/media?parent=4829"}],"wp:term":[{"taxonomy":"category","embeddable":true,"href":"https:\/\/www.alumni.space\/es\/wp-json\/wp\/v2\/categories?post=4829"},{"taxonomy":"post_tag","embeddable":true,"href":"https:\/\/www.alumni.space\/es\/wp-json\/wp\/v2\/tags?post=4829"}],"curies":[{"name":"wp","href":"https:\/\/api.w.org\/{rel}","templated":true}]}}