{"id":4778,"date":"2025-07-06T07:39:03","date_gmt":"2025-07-06T07:39:03","guid":{"rendered":"https:\/\/www.alumni.space\/las-profesiones-juridicas-se-enfrentan-al-reto-de-transferir-conocimientos\/"},"modified":"2026-04-02T12:08:04","modified_gmt":"2026-04-02T12:08:04","slug":"las-profesiones-juridicas-se-enfrentan-al-reto-de-transferir-conocimientos","status":"publish","type":"post","link":"https:\/\/www.alumni.space\/es\/las-profesiones-juridicas-se-enfrentan-al-reto-de-transferir-conocimientos\/","title":{"rendered":"Las profesiones jur\u00eddicas se enfrentan al reto de transferir conocimientos"},"content":{"rendered":"<div id=\"ez-toc-container\" class=\"ez-toc-v2_0_82_2 counter-flat ez-toc-counter ez-toc-grey ez-toc-container-direction\">\n<div class=\"ez-toc-title-container\"><p class=\"ez-toc-title\" style=\"cursor:inherit\">En este art\u00edculo se trata lo siguiente:<\/p>\n<\/div><nav><ul class='ez-toc-list ez-toc-list-level-1 ' ><li class='ez-toc-page-1'><a class=\"ez-toc-link ez-toc-heading-1\" href=\"https:\/\/www.alumni.space\/es\/las-profesiones-juridicas-se-enfrentan-al-reto-de-transferir-conocimientos\/#La_transferencia_de_conocimientos_en_la_abogacia_un_reto_estrategico\" >La transferencia de conocimientos en la abogac\u00eda: un reto estrat\u00e9gico<\/a><\/li><li class='ez-toc-page-1'><a class=\"ez-toc-link ez-toc-heading-2\" href=\"https:\/\/www.alumni.space\/es\/las-profesiones-juridicas-se-enfrentan-al-reto-de-transferir-conocimientos\/#Complejidad_de_la_transferencia_de_conocimientos_cuestiones_especificas_de_la_profesion_juridica\" >Complejidad de la transferencia de conocimientos: cuestiones espec\u00edficas de la profesi\u00f3n jur\u00eddica<\/a><\/li><li class='ez-toc-page-1'><a class=\"ez-toc-link ez-toc-heading-3\" href=\"https:\/\/www.alumni.space\/es\/las-profesiones-juridicas-se-enfrentan-al-reto-de-transferir-conocimientos\/#Aplicar_una_politica_eficaz_de_transferencia_de_conocimientos_digitales\" >Aplicar una pol\u00edtica eficaz de transferencia de conocimientos digitales<\/a><\/li><li class='ez-toc-page-1'><a class=\"ez-toc-link ez-toc-heading-4\" href=\"https:\/\/www.alumni.space\/es\/las-profesiones-juridicas-se-enfrentan-al-reto-de-transferir-conocimientos\/#Integrar_la_tutoria_como_palanca_de_continuidad_e_innovacion\" >Integrar la tutor\u00eda como palanca de continuidad e innovaci\u00f3n<\/a><\/li><li class='ez-toc-page-1'><a class=\"ez-toc-link ez-toc-heading-5\" href=\"https:\/\/www.alumni.space\/es\/las-profesiones-juridicas-se-enfrentan-al-reto-de-transferir-conocimientos\/#Poner_en_marcha_una_dinamica_virtuosa_de_gestion_del_conocimiento_en_Derecho\" >Poner en marcha una din\u00e1mica virtuosa de gesti\u00f3n del conocimiento en Derecho<\/a><\/li><\/ul><\/nav><\/div>\n<h2 class=\"wp-block-heading\"><span class=\"ez-toc-section\" id=\"La_transferencia_de_conocimientos_en_la_abogacia_un_reto_estrategico\"><\/span>La transferencia de conocimientos en la abogac\u00eda: un reto estrat\u00e9gico<span class=\"ez-toc-section-end\"><\/span><\/h2><p>El sector jur\u00eddico se enfrenta a un reto importante: <strong>preservar y transmitir los conocimientos especializados que<\/strong> ha acumulado a lo largo de los a\u00f1os. La creciente complejidad de los casos, la digitalizaci\u00f3n del conocimiento y la mayor movilidad de los profesionales aumentan el <strong>riesgo de perder la experiencia.<\/strong> Sin un sistema estructurado, los bufetes y departamentos jur\u00eddicos sufren las consecuencias de una <strong>memoria organizativa debilitada<\/strong>, con un impacto directo en la calidad de los servicios y la agilidad operativa.  <\/p><p>La <strong>transferencia de conocimientos<\/strong> es, por tanto, esencial para garantizar la continuidad y la mejora del servicio jur\u00eddico. Sin embargo, muchos sectores siguen teniendo dificultades para establecer rituales eficaces de intercambio de conocimientos, a pesar de que cada vez son m\u00e1s conscientes de su importancia. <\/p><figure class=\"wp-block-image size-full\"><img decoding=\"async\" width=\"1280\" height=\"768\" src=\"https:\/\/www.alumni.space\/wp-content\/uploads\/2026\/03\/Les-metiers-juridiques-confrontes-au-defi-du-transfert-des-savoirs-2-1.jpg\" data-orig-src=\"https:\/\/www.alumni.space\/wp-content\/uploads\/2026\/03\/Les-metiers-juridiques-confrontes-au-defi-du-transfert-des-savoirs-2-1.jpg\" alt=\"averiguar c\u00f3mo afrontan las profesiones jur\u00eddicas el reto crucial de transferir conocimientos para garantizar la continuidad de las competencias y la eficacia de las pr\u00e1cticas profesionales.\" class=\"lazyload wp-image-3300\" srcset=\"data:image\/svg+xml,%3Csvg%20xmlns%3D%27http%3A%2F%2Fwww.w3.org%2F2000%2Fsvg%27%20width%3D%271280%27%20height%3D%27768%27%20viewBox%3D%270%200%201280%20768%27%3E%3Crect%20width%3D%271280%27%20height%3D%27768%27%20fill-opacity%3D%220%22%2F%3E%3C%2Fsvg%3E\" data-srcset=\"https:\/\/www.alumni.space\/wp-content\/uploads\/2026\/03\/Les-metiers-juridiques-confrontes-au-defi-du-transfert-des-savoirs-2-1-200x120.jpg 200w, https:\/\/www.alumni.space\/wp-content\/uploads\/2026\/03\/Les-metiers-juridiques-confrontes-au-defi-du-transfert-des-savoirs-2-1-300x180.jpg 300w, https:\/\/www.alumni.space\/wp-content\/uploads\/2026\/03\/Les-metiers-juridiques-confrontes-au-defi-du-transfert-des-savoirs-2-1-400x240.jpg 400w, https:\/\/www.alumni.space\/wp-content\/uploads\/2026\/03\/Les-metiers-juridiques-confrontes-au-defi-du-transfert-des-savoirs-2-1-600x360.jpg 600w, https:\/\/www.alumni.space\/wp-content\/uploads\/2026\/03\/Les-metiers-juridiques-confrontes-au-defi-du-transfert-des-savoirs-2-1-768x461.jpg 768w, https:\/\/www.alumni.space\/wp-content\/uploads\/2026\/03\/Les-metiers-juridiques-confrontes-au-defi-du-transfert-des-savoirs-2-1-800x480.jpg 800w, https:\/\/www.alumni.space\/wp-content\/uploads\/2026\/03\/Les-metiers-juridiques-confrontes-au-defi-du-transfert-des-savoirs-2-1-1024x614.jpg 1024w, https:\/\/www.alumni.space\/wp-content\/uploads\/2026\/03\/Les-metiers-juridiques-confrontes-au-defi-du-transfert-des-savoirs-2-1-1200x720.jpg 1200w, https:\/\/www.alumni.space\/wp-content\/uploads\/2026\/03\/Les-metiers-juridiques-confrontes-au-defi-du-transfert-des-savoirs-2-1.jpg 1280w\" data-sizes=\"auto\" data-orig-sizes=\"(max-width: 1280px) 100vw, 1280px\" \/><\/figure><h3 class=\"wp-block-heading\"><span class=\"ez-toc-section\" id=\"Complejidad_de_la_transferencia_de_conocimientos_cuestiones_especificas_de_la_profesion_juridica\"><\/span>Complejidad de la transferencia de conocimientos: cuestiones espec\u00edficas de la profesi\u00f3n jur\u00eddica<span class=\"ez-toc-section-end\"><\/span><\/h3><p>En la profesi\u00f3n jur\u00eddica, la pericia se basa no s\u00f3lo en los conocimientos t\u00e9cnicos, sino tambi\u00e9n en una fuerte dimensi\u00f3n de experiencia contextual. Por tanto, la transmisi\u00f3n de conocimientos incluye el dominio de casos delicados, la comprensi\u00f3n de los procedimientos internos y la apropiaci\u00f3n de las estrategias de los clientes. Este contexto amplifica los retos de la transferencia, sobre todo teniendo en cuenta la evoluci\u00f3n de la pir\u00e1mide de edad, que obliga a sustituir r\u00e1pidamente a los equipos.  <\/p><p>La gesti\u00f3n del conocimiento jur\u00eddico debe incorporar herramientas y procesos adecuados. Esto va m\u00e1s all\u00e1 de la <strong>formaci\u00f3n jur\u00eddica<\/strong> inicial para abarcar un aprendizaje organizativo m\u00e1s amplio, que incluya la tutor\u00eda y los intercambios intergeneracionales. Sin esto, la p\u00e9rdida de conocimientos va acompa\u00f1ada de un deterioro del capital de experiencia y de dificultades para garantizar la integraci\u00f3n sin problemas de los nuevos talentos.  <\/p><h3 class=\"wp-block-heading\"><span class=\"ez-toc-section\" id=\"Aplicar_una_politica_eficaz_de_transferencia_de_conocimientos_digitales\"><\/span>Aplicar una pol\u00edtica eficaz de transferencia de conocimientos digitales<span class=\"ez-toc-section-end\"><\/span><\/h3><p>La digitalizaci\u00f3n del conocimiento est\u00e1 revolucionando la forma en que circula la informaci\u00f3n en los bufetes y departamentos jur\u00eddicos. Adoptar una plataforma SaaS dedicada a la gesti\u00f3n y animaci\u00f3n de comunidades, como<a href=\"https:\/\/www.alumni.space\/es\/como-se-establece-un-plan-de-transferencia-de-competencias-de-la-empresa\/\">alumni.space<\/a>, es una respuesta estrat\u00e9gica. Centralizar los perfiles, gestionar las ofertas, compartir espacios y organizar eventos facilita el aprendizaje continuo y participativo.  <\/p><p>Este tipo de herramienta refuerza el compromiso de los empleados, fomentando la tutor\u00eda y el intercambio de conocimientos. Tambi\u00e9n permite a los responsables evitar la complejidad de las hojas de c\u00e1lculo o las herramientas dispersas, garantizando una gesti\u00f3n m\u00e1s precisa y ahorrando tiempo de an\u00e1lisis. Para los departamentos de RRHH, anticiparse a la pir\u00e1mide de edad se simplifica gracias a una mejor cartograf\u00eda de las competencias y al seguimiento de las interacciones entre generaciones.  <\/p><h3 class=\"wp-block-heading\"><span class=\"ez-toc-section\" id=\"Integrar_la_tutoria_como_palanca_de_continuidad_e_innovacion\"><\/span>Integrar la tutor\u00eda como palanca de continuidad e innovaci\u00f3n<span class=\"ez-toc-section-end\"><\/span><\/h3><p>La tutor\u00eda desempe\u00f1a un papel central en la estrategia de transferencia. M\u00e1s all\u00e1 del aspecto formal, esta relaci\u00f3n estimula el intercambio personalizado y el desarrollo profesional. Las parejas de abogados senior y junior favorecen la difusi\u00f3n del saber hacer t\u00e1cito, a menudo dif\u00edcil de digitalizar, al tiempo que impulsan la cultura corporativa.  <\/p><p>Una aplicaci\u00f3n eficaz se basa en un marco estructurado, con objetivos claros, un seguimiento regular y un reconocimiento gratificante. Las empresas que adoptan estas pr\u00e1cticas suelen observar una reducci\u00f3n de la rotaci\u00f3n de personal, una mejor integraci\u00f3n y un fortalecimiento de la red interna, lo que fomenta la cooptaci\u00f3n y el voluntariado. <\/p><p>Para los profesionales que deseen estructurar su pol\u00edtica, recursos como <a href=\"https:\/\/www.alumni.space\/es\/la-tutoria-como-solucion-a-la-perdida-de-conocimientos-internos\/\">las mejores pr\u00e1cticas en tutor\u00eda<\/a> ofrecen directrices concretas y operativas.<\/p><h2 class=\"wp-block-heading\"><span class=\"ez-toc-section\" id=\"Poner_en_marcha_una_dinamica_virtuosa_de_gestion_del_conocimiento_en_Derecho\"><\/span>Poner en marcha una din\u00e1mica virtuosa de gesti\u00f3n del conocimiento en Derecho<span class=\"ez-toc-section-end\"><\/span><\/h2><p>Desplegar una estrategia sostenible requiere una clara segmentaci\u00f3n de funciones, un calendario de rituales adecuados e indicadores relevantes para evaluar los resultados. Crear una biblioteca de documentos viva, accesible a trav\u00e9s de una plataforma comunitaria segura, facilita la autonom\u00eda de los empleados y evita la duplicaci\u00f3n de esfuerzos. <\/p><p>Un seguimiento regular tambi\u00e9n nos permite medir la adopci\u00f3n de las herramientas y la calidad de los intercambios. Al implicar a los actores clave &#8211; RRHH, directivos, expertos senior y junior &#8211; esta din\u00e1mica favorece un c\u00edrculo virtuoso en el que se consolidan y enriquecen los conocimientos. <\/p><p>Este tipo de enfoque evita el coste invisible asociado a la p\u00e9rdida silenciosa de conocimientos, al tiempo que refuerza la imagen de marca ante el talento y los clientes, deseosos de evolucionar en un entorno que valora el <strong>intercambio de conocimientos<\/strong> y el aprendizaje organizativo.<\/p><p>Para industrializar este enfoque, una plataforma integrada evita las perturbaciones causadas por la fragmentaci\u00f3n de las herramientas y fomenta un compromiso duradero con la comunidad.<\/p><p><a href=\"https:\/\/www.alumni.space\/es\/como-estan-preparando-las-empresas-lideres-a-la-proxima-generacion-de-trabajadores-mayores\/\">Descubrir c\u00f3mo anticiparse a la renovaci\u00f3n generacional<\/a> se convierte en un paso clave en esta transformaci\u00f3n.<\/p>","protected":false},"excerpt":{"rendered":"<p>La transferencia de conocimientos en la abogac\u00eda: un reto estrat\u00e9gicoEl  [&#8230;]<\/p>\n","protected":false},"author":1,"featured_media":4780,"comment_status":"closed","ping_status":"closed","sticky":false,"template":"","format":"standard","meta":{"_ayudawp_aiss_exclude":false,"footnotes":""},"categories":[74],"tags":[],"class_list":["post-4778","post","type-post","status-publish","format-standard","has-post-thumbnail","hentry","category-intercambio-de-conocimientos"],"yoast_head":"<!-- This site is optimized with the Yoast SEO plugin v27.4 - https:\/\/yoast.com\/product\/yoast-seo-wordpress\/ -->\n<title>La transferencia de conocimientos: un reto importante para las profesiones jur\u00eddicas<\/title>\n<meta name=\"description\" content=\"Descubre c\u00f3mo est\u00e1n afrontando las profesiones jur\u00eddicas el reto esencial de transferir conocimientos para garantizar la competencia y la continuidad.\" \/>\n<meta name=\"robots\" content=\"index, follow, max-snippet:-1, max-image-preview:large, max-video-preview:-1\" \/>\n<link rel=\"canonical\" href=\"https:\/\/www.alumni.space\/es\/las-profesiones-juridicas-se-enfrentan-al-reto-de-transferir-conocimientos\/\" \/>\n<meta property=\"og:locale\" content=\"es_ES\" \/>\n<meta property=\"og:type\" content=\"article\" \/>\n<meta property=\"og:title\" content=\"La transferencia de conocimientos: un reto importante para las profesiones jur\u00eddicas\" \/>\n<meta property=\"og:description\" content=\"Descubre c\u00f3mo est\u00e1n afrontando las profesiones jur\u00eddicas el reto esencial de transferir conocimientos para garantizar la competencia y la continuidad.\" \/>\n<meta property=\"og:url\" content=\"https:\/\/www.alumni.space\/es\/las-profesiones-juridicas-se-enfrentan-al-reto-de-transferir-conocimientos\/\" \/>\n<meta property=\"og:site_name\" content=\"Alumni.space\" \/>\n<meta property=\"article:published_time\" content=\"2025-07-06T07:39:03+00:00\" \/>\n<meta property=\"article:modified_time\" content=\"2026-04-02T12:08:04+00:00\" \/>\n<meta property=\"og:image\" content=\"https:\/\/www.alumni.space\/wp-content\/uploads\/2026\/03\/Les-metiers-juridiques-confrontes-au-defi-du-transfert-des-savoirs-2.jpg\" \/>\n\t<meta property=\"og:image:width\" content=\"1280\" \/>\n\t<meta property=\"og:image:height\" content=\"768\" \/>\n\t<meta property=\"og:image:type\" content=\"image\/jpeg\" \/>\n<meta name=\"author\" content=\"admin\" \/>\n<meta name=\"twitter:card\" content=\"summary_large_image\" \/>\n<meta name=\"twitter:label1\" content=\"Escrito por\" \/>\n\t<meta name=\"twitter:data1\" content=\"admin\" \/>\n\t<meta name=\"twitter:label2\" content=\"Tiempo de lectura\" \/>\n\t<meta name=\"twitter:data2\" content=\"4 minutos\" \/>\n<script type=\"application\/ld+json\" class=\"yoast-schema-graph\">{\"@context\":\"https:\\\/\\\/schema.org\",\"@graph\":[{\"@type\":\"Article\",\"@id\":\"https:\\\/\\\/www.alumni.space\\\/es\\\/las-profesiones-juridicas-se-enfrentan-al-reto-de-transferir-conocimientos\\\/#article\",\"isPartOf\":{\"@id\":\"https:\\\/\\\/www.alumni.space\\\/es\\\/las-profesiones-juridicas-se-enfrentan-al-reto-de-transferir-conocimientos\\\/\"},\"author\":{\"name\":\"admin\",\"@id\":\"https:\\\/\\\/www.alumni.space\\\/es\\\/#\\\/schema\\\/person\\\/fede362a57876edda476a61f05ce5b15\"},\"headline\":\"Las profesiones jur\u00eddicas se enfrentan al reto de transferir conocimientos\",\"datePublished\":\"2025-07-06T07:39:03+00:00\",\"dateModified\":\"2026-04-02T12:08:04+00:00\",\"mainEntityOfPage\":{\"@id\":\"https:\\\/\\\/www.alumni.space\\\/es\\\/las-profesiones-juridicas-se-enfrentan-al-reto-de-transferir-conocimientos\\\/\"},\"wordCount\":842,\"image\":{\"@id\":\"https:\\\/\\\/www.alumni.space\\\/es\\\/las-profesiones-juridicas-se-enfrentan-al-reto-de-transferir-conocimientos\\\/#primaryimage\"},\"thumbnailUrl\":\"https:\\\/\\\/www.alumni.space\\\/wp-content\\\/uploads\\\/2026\\\/03\\\/Les-metiers-juridiques-confrontes-au-defi-du-transfert-des-savoirs-2.jpg\",\"articleSection\":[\"Intercambio de conocimientos\"],\"inLanguage\":\"es\"},{\"@type\":\"WebPage\",\"@id\":\"https:\\\/\\\/www.alumni.space\\\/es\\\/las-profesiones-juridicas-se-enfrentan-al-reto-de-transferir-conocimientos\\\/\",\"url\":\"https:\\\/\\\/www.alumni.space\\\/es\\\/las-profesiones-juridicas-se-enfrentan-al-reto-de-transferir-conocimientos\\\/\",\"name\":\"La transferencia de conocimientos: un reto importante para las profesiones jur\u00eddicas\",\"isPartOf\":{\"@id\":\"https:\\\/\\\/www.alumni.space\\\/es\\\/#website\"},\"primaryImageOfPage\":{\"@id\":\"https:\\\/\\\/www.alumni.space\\\/es\\\/las-profesiones-juridicas-se-enfrentan-al-reto-de-transferir-conocimientos\\\/#primaryimage\"},\"image\":{\"@id\":\"https:\\\/\\\/www.alumni.space\\\/es\\\/las-profesiones-juridicas-se-enfrentan-al-reto-de-transferir-conocimientos\\\/#primaryimage\"},\"thumbnailUrl\":\"https:\\\/\\\/www.alumni.space\\\/wp-content\\\/uploads\\\/2026\\\/03\\\/Les-metiers-juridiques-confrontes-au-defi-du-transfert-des-savoirs-2.jpg\",\"datePublished\":\"2025-07-06T07:39:03+00:00\",\"dateModified\":\"2026-04-02T12:08:04+00:00\",\"author\":{\"@id\":\"https:\\\/\\\/www.alumni.space\\\/es\\\/#\\\/schema\\\/person\\\/fede362a57876edda476a61f05ce5b15\"},\"description\":\"Descubre c\u00f3mo est\u00e1n afrontando las profesiones jur\u00eddicas el reto esencial de transferir conocimientos para garantizar la competencia y la continuidad.\",\"breadcrumb\":{\"@id\":\"https:\\\/\\\/www.alumni.space\\\/es\\\/las-profesiones-juridicas-se-enfrentan-al-reto-de-transferir-conocimientos\\\/#breadcrumb\"},\"inLanguage\":\"es\",\"potentialAction\":[{\"@type\":\"ReadAction\",\"target\":[\"https:\\\/\\\/www.alumni.space\\\/es\\\/las-profesiones-juridicas-se-enfrentan-al-reto-de-transferir-conocimientos\\\/\"]}]},{\"@type\":\"ImageObject\",\"inLanguage\":\"es\",\"@id\":\"https:\\\/\\\/www.alumni.space\\\/es\\\/las-profesiones-juridicas-se-enfrentan-al-reto-de-transferir-conocimientos\\\/#primaryimage\",\"url\":\"https:\\\/\\\/www.alumni.space\\\/wp-content\\\/uploads\\\/2026\\\/03\\\/Les-metiers-juridiques-confrontes-au-defi-du-transfert-des-savoirs-2.jpg\",\"contentUrl\":\"https:\\\/\\\/www.alumni.space\\\/wp-content\\\/uploads\\\/2026\\\/03\\\/Les-metiers-juridiques-confrontes-au-defi-du-transfert-des-savoirs-2.jpg\",\"width\":1280,\"height\":768,\"caption\":\"averigua c\u00f3mo las profesiones jur\u00eddicas afrontan el reto crucial de transferir conocimientos para garantizar la transmisi\u00f3n de competencias y que el sector siga evolucionando.\"},{\"@type\":\"BreadcrumbList\",\"@id\":\"https:\\\/\\\/www.alumni.space\\\/es\\\/las-profesiones-juridicas-se-enfrentan-al-reto-de-transferir-conocimientos\\\/#breadcrumb\",\"itemListElement\":[{\"@type\":\"ListItem\",\"position\":1,\"name\":\"Home\",\"item\":\"https:\\\/\\\/www.alumni.space\\\/es\\\/plataforma-de-tutoria-y-gestion-de-antiguos-alumnos\\\/\"},{\"@type\":\"ListItem\",\"position\":2,\"name\":\"Las profesiones jur\u00eddicas se enfrentan al reto de transferir conocimientos\"}]},{\"@type\":\"WebSite\",\"@id\":\"https:\\\/\\\/www.alumni.space\\\/es\\\/#website\",\"url\":\"https:\\\/\\\/www.alumni.space\\\/es\\\/\",\"name\":\"Alumni.space\",\"description\":\"My WordPress Blog\",\"potentialAction\":[{\"@type\":\"SearchAction\",\"target\":{\"@type\":\"EntryPoint\",\"urlTemplate\":\"https:\\\/\\\/www.alumni.space\\\/es\\\/?s={search_term_string}\"},\"query-input\":{\"@type\":\"PropertyValueSpecification\",\"valueRequired\":true,\"valueName\":\"search_term_string\"}}],\"inLanguage\":\"es\"},{\"@type\":\"Person\",\"@id\":\"https:\\\/\\\/www.alumni.space\\\/es\\\/#\\\/schema\\\/person\\\/fede362a57876edda476a61f05ce5b15\",\"name\":\"admin\",\"image\":{\"@type\":\"ImageObject\",\"inLanguage\":\"es\",\"@id\":\"https:\\\/\\\/secure.gravatar.com\\\/avatar\\\/318e234ae94f90d4d629428d6b983c08e31181c28f579e08a021180d759ea651?s=96&d=mm&r=g\",\"url\":\"https:\\\/\\\/secure.gravatar.com\\\/avatar\\\/318e234ae94f90d4d629428d6b983c08e31181c28f579e08a021180d759ea651?s=96&d=mm&r=g\",\"contentUrl\":\"https:\\\/\\\/secure.gravatar.com\\\/avatar\\\/318e234ae94f90d4d629428d6b983c08e31181c28f579e08a021180d759ea651?s=96&d=mm&r=g\",\"caption\":\"admin\"},\"description\":\"Nicolas Laustriat a construit sa sp\u00e9cialit\u00e9 sur un sujet que beaucoup d\u2019organisations d\u00e9couvrent trop tard : ce qui dispara\u00eet quand les gens partent. Dipl\u00f4m\u00e9 en conception de produit industriel, il bifurque vers le digital fin 1996, il couvre les transformations marques, RH, la fid\u00e9lisation, la marque employeur. Sur le terrain, il rep\u00e8re un angle mort r\u00e9current : l\u2019entreprise investit dans le recrutement, la formation, les process\u2026 puis laisse filer le lien au moment du d\u00e9part, avec une perte de savoir et d\u2019influence qui se paie en silence. Il se sp\u00e9cialise alors sur les communaut\u00e9s d\u2019alumni, le mentorat, l\u2019entraide interg\u00e9n\u00e9rationnelle et la transmission d\u2019expertise. Il passe du \u201cconstat\u201d aux m\u00e9thodes : animation, gouvernance, segmentation, rituels, mesure d\u2019engagement, articulation avec la RSE et l\u2019employabilit\u00e9. Il interviewe DRH, responsables formation, directions d\u2019\u00e9coles, associations et fondations, avec une obsession : transformer un r\u00e9seau dormant en m\u00e9canisme utile (cooptation, mentorat, job board, entraide, \u00e9v\u00e9nements, contenus). Son style : direct, orient\u00e9 action, sans folklore. Sa conviction : une communaut\u00e9 n\u2019a pas besoin de bruit, elle a besoin de raisons de revenir.\",\"sameAs\":[\"https:\\\/\\\/www.alumni.space\"]}]}<\/script>\n<!-- \/ Yoast SEO plugin. -->","yoast_head_json":{"title":"La transferencia de conocimientos: un reto importante para las profesiones jur\u00eddicas","description":"Descubre c\u00f3mo est\u00e1n afrontando las profesiones jur\u00eddicas el reto esencial de transferir conocimientos para garantizar la competencia y la continuidad.","robots":{"index":"index","follow":"follow","max-snippet":"max-snippet:-1","max-image-preview":"max-image-preview:large","max-video-preview":"max-video-preview:-1"},"canonical":"https:\/\/www.alumni.space\/es\/las-profesiones-juridicas-se-enfrentan-al-reto-de-transferir-conocimientos\/","og_locale":"es_ES","og_type":"article","og_title":"La transferencia de conocimientos: un reto importante para las profesiones jur\u00eddicas","og_description":"Descubre c\u00f3mo est\u00e1n afrontando las profesiones jur\u00eddicas el reto esencial de transferir conocimientos para garantizar la competencia y la continuidad.","og_url":"https:\/\/www.alumni.space\/es\/las-profesiones-juridicas-se-enfrentan-al-reto-de-transferir-conocimientos\/","og_site_name":"Alumni.space","article_published_time":"2025-07-06T07:39:03+00:00","article_modified_time":"2026-04-02T12:08:04+00:00","og_image":[{"width":1280,"height":768,"url":"https:\/\/www.alumni.space\/wp-content\/uploads\/2026\/03\/Les-metiers-juridiques-confrontes-au-defi-du-transfert-des-savoirs-2.jpg","type":"image\/jpeg"}],"author":"admin","twitter_card":"summary_large_image","twitter_misc":{"Escrito por":"admin","Tiempo de lectura":"4 minutos"},"schema":{"@context":"https:\/\/schema.org","@graph":[{"@type":"Article","@id":"https:\/\/www.alumni.space\/es\/las-profesiones-juridicas-se-enfrentan-al-reto-de-transferir-conocimientos\/#article","isPartOf":{"@id":"https:\/\/www.alumni.space\/es\/las-profesiones-juridicas-se-enfrentan-al-reto-de-transferir-conocimientos\/"},"author":{"name":"admin","@id":"https:\/\/www.alumni.space\/es\/#\/schema\/person\/fede362a57876edda476a61f05ce5b15"},"headline":"Las profesiones jur\u00eddicas se enfrentan al reto de transferir conocimientos","datePublished":"2025-07-06T07:39:03+00:00","dateModified":"2026-04-02T12:08:04+00:00","mainEntityOfPage":{"@id":"https:\/\/www.alumni.space\/es\/las-profesiones-juridicas-se-enfrentan-al-reto-de-transferir-conocimientos\/"},"wordCount":842,"image":{"@id":"https:\/\/www.alumni.space\/es\/las-profesiones-juridicas-se-enfrentan-al-reto-de-transferir-conocimientos\/#primaryimage"},"thumbnailUrl":"https:\/\/www.alumni.space\/wp-content\/uploads\/2026\/03\/Les-metiers-juridiques-confrontes-au-defi-du-transfert-des-savoirs-2.jpg","articleSection":["Intercambio de conocimientos"],"inLanguage":"es"},{"@type":"WebPage","@id":"https:\/\/www.alumni.space\/es\/las-profesiones-juridicas-se-enfrentan-al-reto-de-transferir-conocimientos\/","url":"https:\/\/www.alumni.space\/es\/las-profesiones-juridicas-se-enfrentan-al-reto-de-transferir-conocimientos\/","name":"La transferencia de conocimientos: un reto importante para las profesiones jur\u00eddicas","isPartOf":{"@id":"https:\/\/www.alumni.space\/es\/#website"},"primaryImageOfPage":{"@id":"https:\/\/www.alumni.space\/es\/las-profesiones-juridicas-se-enfrentan-al-reto-de-transferir-conocimientos\/#primaryimage"},"image":{"@id":"https:\/\/www.alumni.space\/es\/las-profesiones-juridicas-se-enfrentan-al-reto-de-transferir-conocimientos\/#primaryimage"},"thumbnailUrl":"https:\/\/www.alumni.space\/wp-content\/uploads\/2026\/03\/Les-metiers-juridiques-confrontes-au-defi-du-transfert-des-savoirs-2.jpg","datePublished":"2025-07-06T07:39:03+00:00","dateModified":"2026-04-02T12:08:04+00:00","author":{"@id":"https:\/\/www.alumni.space\/es\/#\/schema\/person\/fede362a57876edda476a61f05ce5b15"},"description":"Descubre c\u00f3mo est\u00e1n afrontando las profesiones jur\u00eddicas el reto esencial de transferir conocimientos para garantizar la competencia y la continuidad.","breadcrumb":{"@id":"https:\/\/www.alumni.space\/es\/las-profesiones-juridicas-se-enfrentan-al-reto-de-transferir-conocimientos\/#breadcrumb"},"inLanguage":"es","potentialAction":[{"@type":"ReadAction","target":["https:\/\/www.alumni.space\/es\/las-profesiones-juridicas-se-enfrentan-al-reto-de-transferir-conocimientos\/"]}]},{"@type":"ImageObject","inLanguage":"es","@id":"https:\/\/www.alumni.space\/es\/las-profesiones-juridicas-se-enfrentan-al-reto-de-transferir-conocimientos\/#primaryimage","url":"https:\/\/www.alumni.space\/wp-content\/uploads\/2026\/03\/Les-metiers-juridiques-confrontes-au-defi-du-transfert-des-savoirs-2.jpg","contentUrl":"https:\/\/www.alumni.space\/wp-content\/uploads\/2026\/03\/Les-metiers-juridiques-confrontes-au-defi-du-transfert-des-savoirs-2.jpg","width":1280,"height":768,"caption":"averigua c\u00f3mo las profesiones jur\u00eddicas afrontan el reto crucial de transferir conocimientos para garantizar la transmisi\u00f3n de competencias y que el sector siga evolucionando."},{"@type":"BreadcrumbList","@id":"https:\/\/www.alumni.space\/es\/las-profesiones-juridicas-se-enfrentan-al-reto-de-transferir-conocimientos\/#breadcrumb","itemListElement":[{"@type":"ListItem","position":1,"name":"Home","item":"https:\/\/www.alumni.space\/es\/plataforma-de-tutoria-y-gestion-de-antiguos-alumnos\/"},{"@type":"ListItem","position":2,"name":"Las profesiones jur\u00eddicas se enfrentan al reto de transferir conocimientos"}]},{"@type":"WebSite","@id":"https:\/\/www.alumni.space\/es\/#website","url":"https:\/\/www.alumni.space\/es\/","name":"Alumni.space","description":"My WordPress Blog","potentialAction":[{"@type":"SearchAction","target":{"@type":"EntryPoint","urlTemplate":"https:\/\/www.alumni.space\/es\/?s={search_term_string}"},"query-input":{"@type":"PropertyValueSpecification","valueRequired":true,"valueName":"search_term_string"}}],"inLanguage":"es"},{"@type":"Person","@id":"https:\/\/www.alumni.space\/es\/#\/schema\/person\/fede362a57876edda476a61f05ce5b15","name":"admin","image":{"@type":"ImageObject","inLanguage":"es","@id":"https:\/\/secure.gravatar.com\/avatar\/318e234ae94f90d4d629428d6b983c08e31181c28f579e08a021180d759ea651?s=96&d=mm&r=g","url":"https:\/\/secure.gravatar.com\/avatar\/318e234ae94f90d4d629428d6b983c08e31181c28f579e08a021180d759ea651?s=96&d=mm&r=g","contentUrl":"https:\/\/secure.gravatar.com\/avatar\/318e234ae94f90d4d629428d6b983c08e31181c28f579e08a021180d759ea651?s=96&d=mm&r=g","caption":"admin"},"description":"Nicolas Laustriat a construit sa sp\u00e9cialit\u00e9 sur un sujet que beaucoup d\u2019organisations d\u00e9couvrent trop tard : ce qui dispara\u00eet quand les gens partent. Dipl\u00f4m\u00e9 en conception de produit industriel, il bifurque vers le digital fin 1996, il couvre les transformations marques, RH, la fid\u00e9lisation, la marque employeur. Sur le terrain, il rep\u00e8re un angle mort r\u00e9current : l\u2019entreprise investit dans le recrutement, la formation, les process\u2026 puis laisse filer le lien au moment du d\u00e9part, avec une perte de savoir et d\u2019influence qui se paie en silence. Il se sp\u00e9cialise alors sur les communaut\u00e9s d\u2019alumni, le mentorat, l\u2019entraide interg\u00e9n\u00e9rationnelle et la transmission d\u2019expertise. Il passe du \u201cconstat\u201d aux m\u00e9thodes : animation, gouvernance, segmentation, rituels, mesure d\u2019engagement, articulation avec la RSE et l\u2019employabilit\u00e9. Il interviewe DRH, responsables formation, directions d\u2019\u00e9coles, associations et fondations, avec une obsession : transformer un r\u00e9seau dormant en m\u00e9canisme utile (cooptation, mentorat, job board, entraide, \u00e9v\u00e9nements, contenus). Son style : direct, orient\u00e9 action, sans folklore. Sa conviction : une communaut\u00e9 n\u2019a pas besoin de bruit, elle a besoin de raisons de revenir.","sameAs":["https:\/\/www.alumni.space"]}]}},"_links":{"self":[{"href":"https:\/\/www.alumni.space\/es\/wp-json\/wp\/v2\/posts\/4778","targetHints":{"allow":["GET"]}}],"collection":[{"href":"https:\/\/www.alumni.space\/es\/wp-json\/wp\/v2\/posts"}],"about":[{"href":"https:\/\/www.alumni.space\/es\/wp-json\/wp\/v2\/types\/post"}],"author":[{"embeddable":true,"href":"https:\/\/www.alumni.space\/es\/wp-json\/wp\/v2\/users\/1"}],"replies":[{"embeddable":true,"href":"https:\/\/www.alumni.space\/es\/wp-json\/wp\/v2\/comments?post=4778"}],"version-history":[{"count":4,"href":"https:\/\/www.alumni.space\/es\/wp-json\/wp\/v2\/posts\/4778\/revisions"}],"predecessor-version":[{"id":7200,"href":"https:\/\/www.alumni.space\/es\/wp-json\/wp\/v2\/posts\/4778\/revisions\/7200"}],"wp:featuredmedia":[{"embeddable":true,"href":"https:\/\/www.alumni.space\/es\/wp-json\/wp\/v2\/media\/4780"}],"wp:attachment":[{"href":"https:\/\/www.alumni.space\/es\/wp-json\/wp\/v2\/media?parent=4778"}],"wp:term":[{"taxonomy":"category","embeddable":true,"href":"https:\/\/www.alumni.space\/es\/wp-json\/wp\/v2\/categories?post=4778"},{"taxonomy":"post_tag","embeddable":true,"href":"https:\/\/www.alumni.space\/es\/wp-json\/wp\/v2\/tags?post=4778"}],"curies":[{"name":"wp","href":"https:\/\/api.w.org\/{rel}","templated":true}]}}