{"id":4746,"date":"2024-02-09T10:45:56","date_gmt":"2024-02-09T10:45:56","guid":{"rendered":"https:\/\/www.alumni.space\/como-preven-los-bufetes-la-perdida-de-expertos-veteranos\/"},"modified":"2026-03-28T10:47:59","modified_gmt":"2026-03-28T10:47:59","slug":"como-preven-los-bufetes-la-perdida-de-expertos-veteranos","status":"publish","type":"post","link":"https:\/\/www.alumni.space\/es\/como-preven-los-bufetes-la-perdida-de-expertos-veteranos\/","title":{"rendered":"\u00bfC\u00f3mo prev\u00e9n los bufetes la p\u00e9rdida de expertos veteranos?"},"content":{"rendered":"<div id=\"ez-toc-container\" class=\"ez-toc-v2_0_82_2 counter-flat ez-toc-counter ez-toc-grey ez-toc-container-direction\">\n<div class=\"ez-toc-title-container\"><p class=\"ez-toc-title\" style=\"cursor:inherit\">En este art\u00edculo se trata lo siguiente:<\/p>\n<\/div><nav><ul class='ez-toc-list ez-toc-list-level-1 ' ><li class='ez-toc-page-1'><a class=\"ez-toc-link ez-toc-heading-1\" href=\"https:\/\/www.alumni.space\/es\/como-preven-los-bufetes-la-perdida-de-expertos-veteranos\/#La_perdida_de_expertos_senior_un_reto_estrategico_para_los_despachos_de_abogados\" >La p\u00e9rdida de expertos senior: un reto estrat\u00e9gico para los despachos de abogados<\/a><\/li><li class='ez-toc-page-1'><a class=\"ez-toc-link ez-toc-heading-2\" href=\"https:\/\/www.alumni.space\/es\/como-preven-los-bufetes-la-perdida-de-expertos-veteranos\/#Anticipar_la_transicion_herramientas_y_practicas_para_asegurar_la_transmision_de_conocimientos\" >Anticipar la transici\u00f3n: herramientas y pr\u00e1cticas para asegurar la transmisi\u00f3n de conocimientos<\/a><\/li><li class='ez-toc-page-1'><a class=\"ez-toc-link ez-toc-heading-3\" href=\"https:\/\/www.alumni.space\/es\/como-preven-los-bufetes-la-perdida-de-expertos-veteranos\/#La_rotacion_de_personal_y_su_impacto_en_la_perdida_de_expertos_senior_en_los_despachos_de_abogados\" >La rotaci\u00f3n de personal y su impacto en la p\u00e9rdida de expertos senior en los despachos de abogados<\/a><\/li><li class='ez-toc-page-1'><a class=\"ez-toc-link ez-toc-heading-4\" href=\"https:\/\/www.alumni.space\/es\/como-preven-los-bufetes-la-perdida-de-expertos-veteranos\/#Como_estructuran_los_bufetes_la_gestion_del_talento_para_garantizar_la_sucesion\" >C\u00f3mo estructuran los bufetes la gesti\u00f3n del talento para garantizar la sucesi\u00f3n<\/a><\/li><\/ul><\/nav><\/div>\n<h2 class=\"wp-block-heading\"><span class=\"ez-toc-section\" id=\"La_perdida_de_expertos_senior_un_reto_estrategico_para_los_despachos_de_abogados\"><\/span>La p\u00e9rdida de expertos senior: un reto estrat\u00e9gico para los despachos de abogados<span class=\"ez-toc-section-end\"><\/span><\/h2><p>Los despachos de abogados se encuentran en primera l\u00ednea cuando se trata de la <strong>p\u00e9rdida de expertos senior<\/strong>, una realidad que tiene un impacto directo en la sostenibilidad del know-how y la calidad de los servicios prestados. En 2026, anticiparse a este fen\u00f3meno se ha convertido en una cuesti\u00f3n de primer orden en la <strong>gesti\u00f3n<\/strong> y <strong>retenci\u00f3n<\/strong> <strong>del talento<\/strong>. <strong>Las jubilaciones<\/strong> representan una doble p\u00e9rdida: humana e intelectual, sobre todo cuando no se ha establecido una planificaci\u00f3n de <strong>la sucesi\u00f3n<\/strong>.  <\/p><p>En el centro de esta cuesti\u00f3n est\u00e1 la necesidad de transmitir conocimientos. Sin una estrategia s\u00f3lida que incorpore programas de <strong>formaci\u00f3n continua<\/strong> y tutor\u00eda, las empresas corren el riesgo de ver c\u00f3mo se erosiona r\u00e1pidamente su capital de experiencia, comprometiendo as\u00ed la pericia que han desarrollado a lo largo de los a\u00f1os. Este enfoque pasa por consolidar las redes profesionales internas, fomentadas por plataformas digitales espec\u00edficas.  <\/p><figure class=\"wp-block-image size-full\"><img decoding=\"async\" width=\"1280\" height=\"768\" src=\"https:\/\/www.alumni.space\/wp-content\/uploads\/2026\/03\/Comment-les-cabinets-juridiques-anticipent-ils-la-perte-des-experts-seniors-1-1.jpg\" data-orig-src=\"https:\/\/www.alumni.space\/wp-content\/uploads\/2026\/03\/Comment-les-cabinets-juridiques-anticipent-ils-la-perte-des-experts-seniors-1-1.jpg\" alt=\"averigua c\u00f3mo se anticipan y gestionan los bufetes de abogados la p\u00e9rdida de expertos s\u00e9nior para garantizar la continuidad y la calidad de sus servicios.\" class=\"lazyload wp-image-3288\" srcset=\"data:image\/svg+xml,%3Csvg%20xmlns%3D%27http%3A%2F%2Fwww.w3.org%2F2000%2Fsvg%27%20width%3D%271280%27%20height%3D%27768%27%20viewBox%3D%270%200%201280%20768%27%3E%3Crect%20width%3D%271280%27%20height%3D%27768%27%20fill-opacity%3D%220%22%2F%3E%3C%2Fsvg%3E\" data-srcset=\"https:\/\/www.alumni.space\/wp-content\/uploads\/2026\/03\/Comment-les-cabinets-juridiques-anticipent-ils-la-perte-des-experts-seniors-1-1-200x120.jpg 200w, https:\/\/www.alumni.space\/wp-content\/uploads\/2026\/03\/Comment-les-cabinets-juridiques-anticipent-ils-la-perte-des-experts-seniors-1-1-300x180.jpg 300w, https:\/\/www.alumni.space\/wp-content\/uploads\/2026\/03\/Comment-les-cabinets-juridiques-anticipent-ils-la-perte-des-experts-seniors-1-1-400x240.jpg 400w, https:\/\/www.alumni.space\/wp-content\/uploads\/2026\/03\/Comment-les-cabinets-juridiques-anticipent-ils-la-perte-des-experts-seniors-1-1-600x360.jpg 600w, https:\/\/www.alumni.space\/wp-content\/uploads\/2026\/03\/Comment-les-cabinets-juridiques-anticipent-ils-la-perte-des-experts-seniors-1-1-768x461.jpg 768w, https:\/\/www.alumni.space\/wp-content\/uploads\/2026\/03\/Comment-les-cabinets-juridiques-anticipent-ils-la-perte-des-experts-seniors-1-1-800x480.jpg 800w, https:\/\/www.alumni.space\/wp-content\/uploads\/2026\/03\/Comment-les-cabinets-juridiques-anticipent-ils-la-perte-des-experts-seniors-1-1-1024x614.jpg 1024w, https:\/\/www.alumni.space\/wp-content\/uploads\/2026\/03\/Comment-les-cabinets-juridiques-anticipent-ils-la-perte-des-experts-seniors-1-1-1200x720.jpg 1200w, https:\/\/www.alumni.space\/wp-content\/uploads\/2026\/03\/Comment-les-cabinets-juridiques-anticipent-ils-la-perte-des-experts-seniors-1-1.jpg 1280w\" data-sizes=\"auto\" data-orig-sizes=\"(max-width: 1280px) 100vw, 1280px\" \/><\/figure><h3 class=\"wp-block-heading\"><span class=\"ez-toc-section\" id=\"Anticipar_la_transicion_herramientas_y_practicas_para_asegurar_la_transmision_de_conocimientos\"><\/span>Anticipar la transici\u00f3n: herramientas y pr\u00e1cticas para asegurar la transmisi\u00f3n de conocimientos<span class=\"ez-toc-section-end\"><\/span><\/h3><p>Ante esta p\u00e9rdida programada, los bufetes de abogados est\u00e1n introduciendo procesos de planificaci\u00f3n rigurosos. La integraci\u00f3n de j\u00f3venes empleados en un sistema de \u00abbin\u00f4mage\u00bb con expertos senior favorece una transferencia gradual y concreta de competencias. La introducci\u00f3n de un plan de sucesi\u00f3n permite trazar los puestos clave y elaborar planes de acci\u00f3n precisos.  <\/p><p>Los Recursos Humanos desempe\u00f1an un papel central en esta din\u00e1mica. Garantizan que las trayectorias profesionales se adapten a las necesidades individuales para maximizar el compromiso. Una gesti\u00f3n proactiva de la carrera profesional no s\u00f3lo facilita la retenci\u00f3n del talento, sino que tambi\u00e9n lo alinea mejor con las necesidades futuras de la empresa en un contexto en el que la inteligencia artificial y las nuevas tecnolog\u00edas est\u00e1n remodelando los m\u00e9todos de trabajo.  <\/p><p>Las empresas adoptan cada vez m\u00e1s plataformas SaaS de gesti\u00f3n y animaci\u00f3n de comunidades, como <a href=\"https:\/\/www.alumni.space\/es\/las-profesiones-juridicas-se-enfrentan-al-reto-de-transferir-conocimientos\/\">alumni.space<\/a>, que centralizan perfiles, eventos y contenidos, y permiten un seguimiento eficaz de los programas de tutor\u00eda. La digitalizaci\u00f3n tambi\u00e9n facilita <strong>la continuidad de la red<\/strong> y el intercambio intergeneracional, dos palancas clave para limitar la <strong>p\u00e9rdida de conocimientos<\/strong>. <\/p><h2 class=\"wp-block-heading\"><span class=\"ez-toc-section\" id=\"La_rotacion_de_personal_y_su_impacto_en_la_perdida_de_expertos_senior_en_los_despachos_de_abogados\"><\/span>La rotaci\u00f3n de personal y su impacto en la p\u00e9rdida de expertos senior en los despachos de abogados<span class=\"ez-toc-section-end\"><\/span><\/h2><p>La rotaci\u00f3n de personal sigue siendo una realidad inevitable en los despachos de abogados, agravada por factores como el intenso ritmo de trabajo, las perspectivas a veces limitadas de desarrollo profesional y los problemas de gesti\u00f3n. Seg\u00fan las observaciones de los bufetes especializados en asesoramiento jur\u00eddico, la rotaci\u00f3n incontrolada de personal puede debilitar la estructura, sobre todo cuando afecta a perfiles experimentados. <\/p><p>Seg\u00fan un estudio reciente, la gesti\u00f3n de la rotaci\u00f3n en el sector jur\u00eddico requiere una categorizaci\u00f3n detallada de las salidas, teniendo en cuenta el nivel de experiencia, el estatus y el departamento. Al centrarnos en los expertos de alto nivel, podemos evaluar con precisi\u00f3n el impacto de su marcha en los resultados del bufete y en las relaciones con los clientes. <\/p><p>Patrick Bignon, consultor de renombre, se\u00f1ala que <strong>la rotaci\u00f3n puede desempe\u00f1ar a veces un saludable papel regulador<\/strong>, al poner de relieve los talentos m\u00e1s adecuados para la empresa. Sin embargo, este fen\u00f3meno se vuelve problem\u00e1tico cuando pone en peligro la estabilidad y la calidad de nuestros conocimientos. Aqu\u00ed es donde resulta esencial una gesti\u00f3n rigurosa de los recursos humanos.  <\/p><p>La lealtad se basa en una gesti\u00f3n cercana, combinada con una cuidadosa atenci\u00f3n a las necesidades de los empleados. Tambi\u00e9n se basa en la <strong>formaci\u00f3n continua<\/strong> para mantener el nivel de excelencia esperado frente a los avances legales y tecnol\u00f3gicos. Este enfoque reduce significativamente el riesgo de bajas voluntarias no deseadas.  <\/p><h3 class=\"wp-block-heading\"><span class=\"ez-toc-section\" id=\"Como_estructuran_los_bufetes_la_gestion_del_talento_para_garantizar_la_sucesion\"><\/span>C\u00f3mo estructuran los bufetes la gesti\u00f3n del talento para garantizar la sucesi\u00f3n<span class=\"ez-toc-section-end\"><\/span><\/h3><p><strong>La planificaci\u00f3n de la sucesi\u00f3n<\/strong> se basa en un m\u00e9todo integral: identificar los talentos clave, preparar a los empleados prometedores y poner en marcha los sistemas de apoyo adecuados. Esto abarca tanto los aspectos t\u00e9cnicos como la cultura corporativa, que es esencial para garantizar la integraci\u00f3n sin problemas de los reci\u00e9n llegados. <\/p><p>El uso de herramientas digitales espec\u00edficas permite controlar los indicadores de RRHH en tiempo real, lo que facilita la gesti\u00f3n de las acciones. El uso de redes de antiguos empleados tambi\u00e9n ayuda a reforzar el capital relacional m\u00e1s all\u00e1 de la vida activa dentro de la empresa. Esta red de antiguos empleados se convierte en un vector de<strong>apoyo mutuo<\/strong> y de oportunidades profesionales, favoreciendo la cooptaci\u00f3n y la continuidad de los proyectos.  <\/p><p>La capacidad de la empresa para industrializar esta gesti\u00f3n mediante una plataforma como <a href=\"https:\/\/www.alumni.space\/es\/la-perdida-de-conocimiento-en-las-empresas-de-consultoria-un-riesgo-estrategico\/\">alumni.space<\/a> ahorra una cantidad de tiempo considerable. Elimina la necesidad de hojas de c\u00e1lculo dispersas y reduce el riesgo de descuidos. Al centralizar la base de datos, la plataforma amplifica el impacto de las acciones de transmisi\u00f3n y garantiza una mejor visibilidad de las competencias disponibles.  <\/p>","protected":false},"excerpt":{"rendered":"<p>La p\u00e9rdida de expertos senior: un reto estrat\u00e9gico para los  [&#8230;]<\/p>\n","protected":false},"author":1,"featured_media":4748,"comment_status":"closed","ping_status":"closed","sticky":false,"template":"","format":"standard","meta":{"_ayudawp_aiss_exclude":false,"footnotes":""},"categories":[75],"tags":[],"class_list":["post-4746","post","type-post","status-publish","format-standard","has-post-thumbnail","hentry","category-recursos-humanos"],"yoast_head":"<!-- This site is optimized with the Yoast SEO plugin v27.4 - https:\/\/yoast.com\/product\/yoast-seo-wordpress\/ -->\n<title>Despachos de abogados: anticiparse a la salida de expertos senior<\/title>\n<meta name=\"description\" content=\"Descubre c\u00f3mo los despachos de abogados se anticipan y gestionan la p\u00e9rdida de expertos s\u00e9nior para garantizar la continuidad y la excelencia del servicio.\" \/>\n<meta name=\"robots\" content=\"index, follow, max-snippet:-1, max-image-preview:large, max-video-preview:-1\" \/>\n<link rel=\"canonical\" href=\"https:\/\/www.alumni.space\/es\/como-preven-los-bufetes-la-perdida-de-expertos-veteranos\/\" \/>\n<meta property=\"og:locale\" content=\"es_ES\" \/>\n<meta property=\"og:type\" content=\"article\" \/>\n<meta property=\"og:title\" content=\"Despachos de abogados: anticiparse a la salida de expertos senior\" \/>\n<meta property=\"og:description\" content=\"Descubre c\u00f3mo los despachos de abogados se anticipan y gestionan la p\u00e9rdida de expertos s\u00e9nior para garantizar la continuidad y la excelencia del servicio.\" \/>\n<meta property=\"og:url\" content=\"https:\/\/www.alumni.space\/es\/como-preven-los-bufetes-la-perdida-de-expertos-veteranos\/\" \/>\n<meta property=\"og:site_name\" content=\"Alumni.space\" \/>\n<meta property=\"article:published_time\" content=\"2024-02-09T10:45:56+00:00\" \/>\n<meta property=\"article:modified_time\" content=\"2026-03-28T10:47:59+00:00\" \/>\n<meta property=\"og:image\" content=\"https:\/\/www.alumni.space\/wp-content\/uploads\/2026\/03\/Comment-les-cabinets-juridiques-anticipent-ils-la-perte-des-experts-seniors-.jpg\" \/>\n\t<meta property=\"og:image:width\" content=\"1280\" \/>\n\t<meta property=\"og:image:height\" content=\"768\" \/>\n\t<meta property=\"og:image:type\" content=\"image\/jpeg\" \/>\n<meta name=\"author\" content=\"admin\" \/>\n<meta name=\"twitter:card\" content=\"summary_large_image\" \/>\n<meta name=\"twitter:label1\" content=\"Escrito por\" \/>\n\t<meta name=\"twitter:data1\" content=\"admin\" \/>\n\t<meta name=\"twitter:label2\" content=\"Tiempo de lectura\" \/>\n\t<meta name=\"twitter:data2\" content=\"4 minutos\" \/>\n<script type=\"application\/ld+json\" class=\"yoast-schema-graph\">{\"@context\":\"https:\\\/\\\/schema.org\",\"@graph\":[{\"@type\":\"Article\",\"@id\":\"https:\\\/\\\/www.alumni.space\\\/es\\\/como-preven-los-bufetes-la-perdida-de-expertos-veteranos\\\/#article\",\"isPartOf\":{\"@id\":\"https:\\\/\\\/www.alumni.space\\\/es\\\/como-preven-los-bufetes-la-perdida-de-expertos-veteranos\\\/\"},\"author\":{\"name\":\"admin\",\"@id\":\"https:\\\/\\\/www.alumni.space\\\/es\\\/#\\\/schema\\\/person\\\/fede362a57876edda476a61f05ce5b15\"},\"headline\":\"\u00bfC\u00f3mo prev\u00e9n los bufetes la p\u00e9rdida de expertos veteranos?\",\"datePublished\":\"2024-02-09T10:45:56+00:00\",\"dateModified\":\"2026-03-28T10:47:59+00:00\",\"mainEntityOfPage\":{\"@id\":\"https:\\\/\\\/www.alumni.space\\\/es\\\/como-preven-los-bufetes-la-perdida-de-expertos-veteranos\\\/\"},\"wordCount\":897,\"image\":{\"@id\":\"https:\\\/\\\/www.alumni.space\\\/es\\\/como-preven-los-bufetes-la-perdida-de-expertos-veteranos\\\/#primaryimage\"},\"thumbnailUrl\":\"https:\\\/\\\/www.alumni.space\\\/wp-content\\\/uploads\\\/2026\\\/03\\\/Comment-les-cabinets-juridiques-anticipent-ils-la-perte-des-experts-seniors-.jpg\",\"articleSection\":[\"Recursos Humanos\"],\"inLanguage\":\"es\"},{\"@type\":\"WebPage\",\"@id\":\"https:\\\/\\\/www.alumni.space\\\/es\\\/como-preven-los-bufetes-la-perdida-de-expertos-veteranos\\\/\",\"url\":\"https:\\\/\\\/www.alumni.space\\\/es\\\/como-preven-los-bufetes-la-perdida-de-expertos-veteranos\\\/\",\"name\":\"Despachos de abogados: anticiparse a la salida de expertos senior\",\"isPartOf\":{\"@id\":\"https:\\\/\\\/www.alumni.space\\\/es\\\/#website\"},\"primaryImageOfPage\":{\"@id\":\"https:\\\/\\\/www.alumni.space\\\/es\\\/como-preven-los-bufetes-la-perdida-de-expertos-veteranos\\\/#primaryimage\"},\"image\":{\"@id\":\"https:\\\/\\\/www.alumni.space\\\/es\\\/como-preven-los-bufetes-la-perdida-de-expertos-veteranos\\\/#primaryimage\"},\"thumbnailUrl\":\"https:\\\/\\\/www.alumni.space\\\/wp-content\\\/uploads\\\/2026\\\/03\\\/Comment-les-cabinets-juridiques-anticipent-ils-la-perte-des-experts-seniors-.jpg\",\"datePublished\":\"2024-02-09T10:45:56+00:00\",\"dateModified\":\"2026-03-28T10:47:59+00:00\",\"author\":{\"@id\":\"https:\\\/\\\/www.alumni.space\\\/es\\\/#\\\/schema\\\/person\\\/fede362a57876edda476a61f05ce5b15\"},\"description\":\"Descubre c\u00f3mo los despachos de abogados se anticipan y gestionan la p\u00e9rdida de expertos s\u00e9nior para garantizar la continuidad y la excelencia del servicio.\",\"breadcrumb\":{\"@id\":\"https:\\\/\\\/www.alumni.space\\\/es\\\/como-preven-los-bufetes-la-perdida-de-expertos-veteranos\\\/#breadcrumb\"},\"inLanguage\":\"es\",\"potentialAction\":[{\"@type\":\"ReadAction\",\"target\":[\"https:\\\/\\\/www.alumni.space\\\/es\\\/como-preven-los-bufetes-la-perdida-de-expertos-veteranos\\\/\"]}]},{\"@type\":\"ImageObject\",\"inLanguage\":\"es\",\"@id\":\"https:\\\/\\\/www.alumni.space\\\/es\\\/como-preven-los-bufetes-la-perdida-de-expertos-veteranos\\\/#primaryimage\",\"url\":\"https:\\\/\\\/www.alumni.space\\\/wp-content\\\/uploads\\\/2026\\\/03\\\/Comment-les-cabinets-juridiques-anticipent-ils-la-perte-des-experts-seniors-.jpg\",\"contentUrl\":\"https:\\\/\\\/www.alumni.space\\\/wp-content\\\/uploads\\\/2026\\\/03\\\/Comment-les-cabinets-juridiques-anticipent-ils-la-perte-des-experts-seniors-.jpg\",\"width\":1280,\"height\":768,\"caption\":\"inf\u00f3rmate sobre las estrategias puestas en marcha por los despachos de abogados para anticipar y gestionar la p\u00e9rdida de expertos senior, garantizando as\u00ed la continuidad y la transmisi\u00f3n de conocimientos.\"},{\"@type\":\"BreadcrumbList\",\"@id\":\"https:\\\/\\\/www.alumni.space\\\/es\\\/como-preven-los-bufetes-la-perdida-de-expertos-veteranos\\\/#breadcrumb\",\"itemListElement\":[{\"@type\":\"ListItem\",\"position\":1,\"name\":\"Home\",\"item\":\"https:\\\/\\\/www.alumni.space\\\/es\\\/plataforma-de-tutoria-y-gestion-de-antiguos-alumnos\\\/\"},{\"@type\":\"ListItem\",\"position\":2,\"name\":\"\u00bfC\u00f3mo prev\u00e9n los bufetes la p\u00e9rdida de expertos veteranos?\"}]},{\"@type\":\"WebSite\",\"@id\":\"https:\\\/\\\/www.alumni.space\\\/es\\\/#website\",\"url\":\"https:\\\/\\\/www.alumni.space\\\/es\\\/\",\"name\":\"Alumni.space\",\"description\":\"My WordPress Blog\",\"potentialAction\":[{\"@type\":\"SearchAction\",\"target\":{\"@type\":\"EntryPoint\",\"urlTemplate\":\"https:\\\/\\\/www.alumni.space\\\/es\\\/?s={search_term_string}\"},\"query-input\":{\"@type\":\"PropertyValueSpecification\",\"valueRequired\":true,\"valueName\":\"search_term_string\"}}],\"inLanguage\":\"es\"},{\"@type\":\"Person\",\"@id\":\"https:\\\/\\\/www.alumni.space\\\/es\\\/#\\\/schema\\\/person\\\/fede362a57876edda476a61f05ce5b15\",\"name\":\"admin\",\"image\":{\"@type\":\"ImageObject\",\"inLanguage\":\"es\",\"@id\":\"https:\\\/\\\/secure.gravatar.com\\\/avatar\\\/318e234ae94f90d4d629428d6b983c08e31181c28f579e08a021180d759ea651?s=96&d=mm&r=g\",\"url\":\"https:\\\/\\\/secure.gravatar.com\\\/avatar\\\/318e234ae94f90d4d629428d6b983c08e31181c28f579e08a021180d759ea651?s=96&d=mm&r=g\",\"contentUrl\":\"https:\\\/\\\/secure.gravatar.com\\\/avatar\\\/318e234ae94f90d4d629428d6b983c08e31181c28f579e08a021180d759ea651?s=96&d=mm&r=g\",\"caption\":\"admin\"},\"description\":\"Nicolas Laustriat a construit sa sp\u00e9cialit\u00e9 sur un sujet que beaucoup d\u2019organisations d\u00e9couvrent trop tard : ce qui dispara\u00eet quand les gens partent. Dipl\u00f4m\u00e9 en conception de produit industriel, il bifurque vers le digital fin 1996, il couvre les transformations marques, RH, la fid\u00e9lisation, la marque employeur. Sur le terrain, il rep\u00e8re un angle mort r\u00e9current : l\u2019entreprise investit dans le recrutement, la formation, les process\u2026 puis laisse filer le lien au moment du d\u00e9part, avec une perte de savoir et d\u2019influence qui se paie en silence. Il se sp\u00e9cialise alors sur les communaut\u00e9s d\u2019alumni, le mentorat, l\u2019entraide interg\u00e9n\u00e9rationnelle et la transmission d\u2019expertise. Il passe du \u201cconstat\u201d aux m\u00e9thodes : animation, gouvernance, segmentation, rituels, mesure d\u2019engagement, articulation avec la RSE et l\u2019employabilit\u00e9. Il interviewe DRH, responsables formation, directions d\u2019\u00e9coles, associations et fondations, avec une obsession : transformer un r\u00e9seau dormant en m\u00e9canisme utile (cooptation, mentorat, job board, entraide, \u00e9v\u00e9nements, contenus). Son style : direct, orient\u00e9 action, sans folklore. Sa conviction : une communaut\u00e9 n\u2019a pas besoin de bruit, elle a besoin de raisons de revenir.\",\"sameAs\":[\"https:\\\/\\\/www.alumni.space\"]}]}<\/script>\n<!-- \/ Yoast SEO plugin. -->","yoast_head_json":{"title":"Despachos de abogados: anticiparse a la salida de expertos senior","description":"Descubre c\u00f3mo los despachos de abogados se anticipan y gestionan la p\u00e9rdida de expertos s\u00e9nior para garantizar la continuidad y la excelencia del servicio.","robots":{"index":"index","follow":"follow","max-snippet":"max-snippet:-1","max-image-preview":"max-image-preview:large","max-video-preview":"max-video-preview:-1"},"canonical":"https:\/\/www.alumni.space\/es\/como-preven-los-bufetes-la-perdida-de-expertos-veteranos\/","og_locale":"es_ES","og_type":"article","og_title":"Despachos de abogados: anticiparse a la salida de expertos senior","og_description":"Descubre c\u00f3mo los despachos de abogados se anticipan y gestionan la p\u00e9rdida de expertos s\u00e9nior para garantizar la continuidad y la excelencia del servicio.","og_url":"https:\/\/www.alumni.space\/es\/como-preven-los-bufetes-la-perdida-de-expertos-veteranos\/","og_site_name":"Alumni.space","article_published_time":"2024-02-09T10:45:56+00:00","article_modified_time":"2026-03-28T10:47:59+00:00","og_image":[{"width":1280,"height":768,"url":"https:\/\/www.alumni.space\/wp-content\/uploads\/2026\/03\/Comment-les-cabinets-juridiques-anticipent-ils-la-perte-des-experts-seniors-.jpg","type":"image\/jpeg"}],"author":"admin","twitter_card":"summary_large_image","twitter_misc":{"Escrito por":"admin","Tiempo de lectura":"4 minutos"},"schema":{"@context":"https:\/\/schema.org","@graph":[{"@type":"Article","@id":"https:\/\/www.alumni.space\/es\/como-preven-los-bufetes-la-perdida-de-expertos-veteranos\/#article","isPartOf":{"@id":"https:\/\/www.alumni.space\/es\/como-preven-los-bufetes-la-perdida-de-expertos-veteranos\/"},"author":{"name":"admin","@id":"https:\/\/www.alumni.space\/es\/#\/schema\/person\/fede362a57876edda476a61f05ce5b15"},"headline":"\u00bfC\u00f3mo prev\u00e9n los bufetes la p\u00e9rdida de expertos veteranos?","datePublished":"2024-02-09T10:45:56+00:00","dateModified":"2026-03-28T10:47:59+00:00","mainEntityOfPage":{"@id":"https:\/\/www.alumni.space\/es\/como-preven-los-bufetes-la-perdida-de-expertos-veteranos\/"},"wordCount":897,"image":{"@id":"https:\/\/www.alumni.space\/es\/como-preven-los-bufetes-la-perdida-de-expertos-veteranos\/#primaryimage"},"thumbnailUrl":"https:\/\/www.alumni.space\/wp-content\/uploads\/2026\/03\/Comment-les-cabinets-juridiques-anticipent-ils-la-perte-des-experts-seniors-.jpg","articleSection":["Recursos Humanos"],"inLanguage":"es"},{"@type":"WebPage","@id":"https:\/\/www.alumni.space\/es\/como-preven-los-bufetes-la-perdida-de-expertos-veteranos\/","url":"https:\/\/www.alumni.space\/es\/como-preven-los-bufetes-la-perdida-de-expertos-veteranos\/","name":"Despachos de abogados: anticiparse a la salida de expertos senior","isPartOf":{"@id":"https:\/\/www.alumni.space\/es\/#website"},"primaryImageOfPage":{"@id":"https:\/\/www.alumni.space\/es\/como-preven-los-bufetes-la-perdida-de-expertos-veteranos\/#primaryimage"},"image":{"@id":"https:\/\/www.alumni.space\/es\/como-preven-los-bufetes-la-perdida-de-expertos-veteranos\/#primaryimage"},"thumbnailUrl":"https:\/\/www.alumni.space\/wp-content\/uploads\/2026\/03\/Comment-les-cabinets-juridiques-anticipent-ils-la-perte-des-experts-seniors-.jpg","datePublished":"2024-02-09T10:45:56+00:00","dateModified":"2026-03-28T10:47:59+00:00","author":{"@id":"https:\/\/www.alumni.space\/es\/#\/schema\/person\/fede362a57876edda476a61f05ce5b15"},"description":"Descubre c\u00f3mo los despachos de abogados se anticipan y gestionan la p\u00e9rdida de expertos s\u00e9nior para garantizar la continuidad y la excelencia del servicio.","breadcrumb":{"@id":"https:\/\/www.alumni.space\/es\/como-preven-los-bufetes-la-perdida-de-expertos-veteranos\/#breadcrumb"},"inLanguage":"es","potentialAction":[{"@type":"ReadAction","target":["https:\/\/www.alumni.space\/es\/como-preven-los-bufetes-la-perdida-de-expertos-veteranos\/"]}]},{"@type":"ImageObject","inLanguage":"es","@id":"https:\/\/www.alumni.space\/es\/como-preven-los-bufetes-la-perdida-de-expertos-veteranos\/#primaryimage","url":"https:\/\/www.alumni.space\/wp-content\/uploads\/2026\/03\/Comment-les-cabinets-juridiques-anticipent-ils-la-perte-des-experts-seniors-.jpg","contentUrl":"https:\/\/www.alumni.space\/wp-content\/uploads\/2026\/03\/Comment-les-cabinets-juridiques-anticipent-ils-la-perte-des-experts-seniors-.jpg","width":1280,"height":768,"caption":"inf\u00f3rmate sobre las estrategias puestas en marcha por los despachos de abogados para anticipar y gestionar la p\u00e9rdida de expertos senior, garantizando as\u00ed la continuidad y la transmisi\u00f3n de conocimientos."},{"@type":"BreadcrumbList","@id":"https:\/\/www.alumni.space\/es\/como-preven-los-bufetes-la-perdida-de-expertos-veteranos\/#breadcrumb","itemListElement":[{"@type":"ListItem","position":1,"name":"Home","item":"https:\/\/www.alumni.space\/es\/plataforma-de-tutoria-y-gestion-de-antiguos-alumnos\/"},{"@type":"ListItem","position":2,"name":"\u00bfC\u00f3mo prev\u00e9n los bufetes la p\u00e9rdida de expertos veteranos?"}]},{"@type":"WebSite","@id":"https:\/\/www.alumni.space\/es\/#website","url":"https:\/\/www.alumni.space\/es\/","name":"Alumni.space","description":"My WordPress Blog","potentialAction":[{"@type":"SearchAction","target":{"@type":"EntryPoint","urlTemplate":"https:\/\/www.alumni.space\/es\/?s={search_term_string}"},"query-input":{"@type":"PropertyValueSpecification","valueRequired":true,"valueName":"search_term_string"}}],"inLanguage":"es"},{"@type":"Person","@id":"https:\/\/www.alumni.space\/es\/#\/schema\/person\/fede362a57876edda476a61f05ce5b15","name":"admin","image":{"@type":"ImageObject","inLanguage":"es","@id":"https:\/\/secure.gravatar.com\/avatar\/318e234ae94f90d4d629428d6b983c08e31181c28f579e08a021180d759ea651?s=96&d=mm&r=g","url":"https:\/\/secure.gravatar.com\/avatar\/318e234ae94f90d4d629428d6b983c08e31181c28f579e08a021180d759ea651?s=96&d=mm&r=g","contentUrl":"https:\/\/secure.gravatar.com\/avatar\/318e234ae94f90d4d629428d6b983c08e31181c28f579e08a021180d759ea651?s=96&d=mm&r=g","caption":"admin"},"description":"Nicolas Laustriat a construit sa sp\u00e9cialit\u00e9 sur un sujet que beaucoup d\u2019organisations d\u00e9couvrent trop tard : ce qui dispara\u00eet quand les gens partent. Dipl\u00f4m\u00e9 en conception de produit industriel, il bifurque vers le digital fin 1996, il couvre les transformations marques, RH, la fid\u00e9lisation, la marque employeur. Sur le terrain, il rep\u00e8re un angle mort r\u00e9current : l\u2019entreprise investit dans le recrutement, la formation, les process\u2026 puis laisse filer le lien au moment du d\u00e9part, avec une perte de savoir et d\u2019influence qui se paie en silence. Il se sp\u00e9cialise alors sur les communaut\u00e9s d\u2019alumni, le mentorat, l\u2019entraide interg\u00e9n\u00e9rationnelle et la transmission d\u2019expertise. Il passe du \u201cconstat\u201d aux m\u00e9thodes : animation, gouvernance, segmentation, rituels, mesure d\u2019engagement, articulation avec la RSE et l\u2019employabilit\u00e9. Il interviewe DRH, responsables formation, directions d\u2019\u00e9coles, associations et fondations, avec une obsession : transformer un r\u00e9seau dormant en m\u00e9canisme utile (cooptation, mentorat, job board, entraide, \u00e9v\u00e9nements, contenus). Son style : direct, orient\u00e9 action, sans folklore. Sa conviction : une communaut\u00e9 n\u2019a pas besoin de bruit, elle a besoin de raisons de revenir.","sameAs":["https:\/\/www.alumni.space"]}]}},"_links":{"self":[{"href":"https:\/\/www.alumni.space\/es\/wp-json\/wp\/v2\/posts\/4746","targetHints":{"allow":["GET"]}}],"collection":[{"href":"https:\/\/www.alumni.space\/es\/wp-json\/wp\/v2\/posts"}],"about":[{"href":"https:\/\/www.alumni.space\/es\/wp-json\/wp\/v2\/types\/post"}],"author":[{"embeddable":true,"href":"https:\/\/www.alumni.space\/es\/wp-json\/wp\/v2\/users\/1"}],"replies":[{"embeddable":true,"href":"https:\/\/www.alumni.space\/es\/wp-json\/wp\/v2\/comments?post=4746"}],"version-history":[{"count":2,"href":"https:\/\/www.alumni.space\/es\/wp-json\/wp\/v2\/posts\/4746\/revisions"}],"predecessor-version":[{"id":6492,"href":"https:\/\/www.alumni.space\/es\/wp-json\/wp\/v2\/posts\/4746\/revisions\/6492"}],"wp:featuredmedia":[{"embeddable":true,"href":"https:\/\/www.alumni.space\/es\/wp-json\/wp\/v2\/media\/4748"}],"wp:attachment":[{"href":"https:\/\/www.alumni.space\/es\/wp-json\/wp\/v2\/media?parent=4746"}],"wp:term":[{"taxonomy":"category","embeddable":true,"href":"https:\/\/www.alumni.space\/es\/wp-json\/wp\/v2\/categories?post=4746"},{"taxonomy":"post_tag","embeddable":true,"href":"https:\/\/www.alumni.space\/es\/wp-json\/wp\/v2\/tags?post=4746"}],"curies":[{"name":"wp","href":"https:\/\/api.w.org\/{rel}","templated":true}]}}