{"id":4700,"date":"2025-09-02T04:12:42","date_gmt":"2025-09-02T04:12:42","guid":{"rendered":"https:\/\/www.alumni.space\/la-importancia-de-la-memoria-organizativa-para-limitar-la-perdida-de-conocimientos\/"},"modified":"2026-03-28T10:48:55","modified_gmt":"2026-03-28T10:48:55","slug":"la-importancia-de-la-memoria-organizativa-para-limitar-la-perdida-de-conocimientos","status":"publish","type":"post","link":"https:\/\/www.alumni.space\/es\/la-importancia-de-la-memoria-organizativa-para-limitar-la-perdida-de-conocimientos\/","title":{"rendered":"La importancia de la memoria organizativa para limitar la p\u00e9rdida de conocimientos"},"content":{"rendered":"<div id=\"ez-toc-container\" class=\"ez-toc-v2_0_82_2 counter-flat ez-toc-counter ez-toc-grey ez-toc-container-direction\">\n<div class=\"ez-toc-title-container\"><p class=\"ez-toc-title\" style=\"cursor:inherit\">En este art\u00edculo se trata lo siguiente:<\/p>\n<\/div><nav><ul class='ez-toc-list ez-toc-list-level-1 ' ><li class='ez-toc-page-1'><a class=\"ez-toc-link ez-toc-heading-1\" href=\"https:\/\/www.alumni.space\/es\/la-importancia-de-la-memoria-organizativa-para-limitar-la-perdida-de-conocimientos\/#La_memoria_organizativa_una_palanca_estrategica_para_preservar_el_capital_intelectual\" >La memoria organizativa: una palanca estrat\u00e9gica para preservar el capital intelectual<\/a><\/li><li class='ez-toc-page-1'><a class=\"ez-toc-link ez-toc-heading-2\" href=\"https:\/\/www.alumni.space\/es\/la-importancia-de-la-memoria-organizativa-para-limitar-la-perdida-de-conocimientos\/#Componentes_clave_de_la_memoria_organizativa_para_limitar_el_olvido_de_los_conocimientos\" >Componentes clave de la memoria organizativa para limitar el olvido de los conocimientos<\/a><\/li><li class='ez-toc-page-1'><a class=\"ez-toc-link ez-toc-heading-3\" href=\"https:\/\/www.alumni.space\/es\/la-importancia-de-la-memoria-organizativa-para-limitar-la-perdida-de-conocimientos\/#Herramientas_y_metodos_para_estructurar_y_difundir_eficazmente_la_memoria_corporativa\" >Herramientas y m\u00e9todos para estructurar y difundir eficazmente la memoria corporativa<\/a><\/li><li class='ez-toc-page-1'><a class=\"ez-toc-link ez-toc-heading-4\" href=\"https:\/\/www.alumni.space\/es\/la-importancia-de-la-memoria-organizativa-para-limitar-la-perdida-de-conocimientos\/#Integrar_y_animar_a_las_comunidades_para_reforzar_la_memoria_colectiva\" >Integrar y animar a las comunidades para reforzar la memoria colectiva<\/a><\/li><li class='ez-toc-page-1'><a class=\"ez-toc-link ez-toc-heading-5\" href=\"https:\/\/www.alumni.space\/es\/la-importancia-de-la-memoria-organizativa-para-limitar-la-perdida-de-conocimientos\/#Adoptar_un_enfoque_proactivo_para_asegurar_el_know-how_y_mejorar_la_memoria_corporativa\" >Adoptar un enfoque proactivo para asegurar el know-how y mejorar la memoria corporativa<\/a><\/li><\/ul><\/nav><\/div>\n<h2 class=\"wp-block-heading\"><span class=\"ez-toc-section\" id=\"La_memoria_organizativa_una_palanca_estrategica_para_preservar_el_capital_intelectual\"><\/span>La memoria organizativa: una palanca estrat\u00e9gica para preservar el capital intelectual<span class=\"ez-toc-section-end\"><\/span><\/h2><p><strong>La memoria organizativa<\/strong> encarna todos los conocimientos y el <strong>saber hacer<\/strong> acumulados a lo largo del tiempo en una empresa. Este capital intelectual, formado por<strong>acontecimientos<\/strong>, <strong>decisiones<\/strong> y <strong>modelos<\/strong>, se preserva a trav\u00e9s de los tres pilares que son las personas, la estructura y la cultura corporativa. En un entorno competitivo marcado por la aceleraci\u00f3n del cambio, preservar estos activos es esencial para garantizar <strong>la continuidad de la empresa<\/strong> y evitar los costes ocultos asociados a la <strong>p\u00e9rdida de conocimientos<\/strong>. Muchas organizaciones siguen luchando por gestionar eficazmente este flujo de informaci\u00f3n estrat\u00e9gica, a menudo dispersa entre archivos personales, procedimientos o archivos colectivos.   <\/p><figure class=\"wp-block-image size-full\"><img decoding=\"async\" width=\"1280\" height=\"768\" src=\"https:\/\/www.alumni.space\/wp-content\/uploads\/2026\/03\/Limportance-de-la-memoire-organisationnelle-pour-limiter-les-pertes-de-savoir-1.jpg\" data-orig-src=\"https:\/\/www.alumni.space\/wp-content\/uploads\/2026\/03\/Limportance-de-la-memoire-organisationnelle-pour-limiter-les-pertes-de-savoir-1.jpg\" alt=\"averiguar c\u00f3mo la memoria organizativa desempe\u00f1a un papel crucial para preservar el conocimiento en las empresas y evitar la p\u00e9rdida de informaci\u00f3n esencial para su buen funcionamiento.\" class=\"lazyload wp-image-3294\" srcset=\"data:image\/svg+xml,%3Csvg%20xmlns%3D%27http%3A%2F%2Fwww.w3.org%2F2000%2Fsvg%27%20width%3D%271280%27%20height%3D%27768%27%20viewBox%3D%270%200%201280%20768%27%3E%3Crect%20width%3D%271280%27%20height%3D%27768%27%20fill-opacity%3D%220%22%2F%3E%3C%2Fsvg%3E\" data-srcset=\"https:\/\/www.alumni.space\/wp-content\/uploads\/2026\/03\/Limportance-de-la-memoire-organisationnelle-pour-limiter-les-pertes-de-savoir-1-200x120.jpg 200w, https:\/\/www.alumni.space\/wp-content\/uploads\/2026\/03\/Limportance-de-la-memoire-organisationnelle-pour-limiter-les-pertes-de-savoir-1-300x180.jpg 300w, https:\/\/www.alumni.space\/wp-content\/uploads\/2026\/03\/Limportance-de-la-memoire-organisationnelle-pour-limiter-les-pertes-de-savoir-1-400x240.jpg 400w, https:\/\/www.alumni.space\/wp-content\/uploads\/2026\/03\/Limportance-de-la-memoire-organisationnelle-pour-limiter-les-pertes-de-savoir-1-600x360.jpg 600w, https:\/\/www.alumni.space\/wp-content\/uploads\/2026\/03\/Limportance-de-la-memoire-organisationnelle-pour-limiter-les-pertes-de-savoir-1-768x461.jpg 768w, https:\/\/www.alumni.space\/wp-content\/uploads\/2026\/03\/Limportance-de-la-memoire-organisationnelle-pour-limiter-les-pertes-de-savoir-1-800x480.jpg 800w, https:\/\/www.alumni.space\/wp-content\/uploads\/2026\/03\/Limportance-de-la-memoire-organisationnelle-pour-limiter-les-pertes-de-savoir-1-1024x614.jpg 1024w, https:\/\/www.alumni.space\/wp-content\/uploads\/2026\/03\/Limportance-de-la-memoire-organisationnelle-pour-limiter-les-pertes-de-savoir-1-1200x720.jpg 1200w, https:\/\/www.alumni.space\/wp-content\/uploads\/2026\/03\/Limportance-de-la-memoire-organisationnelle-pour-limiter-les-pertes-de-savoir-1.jpg 1280w\" data-sizes=\"auto\" data-orig-sizes=\"(max-width: 1280px) 100vw, 1280px\" \/><\/figure><h3 class=\"wp-block-heading\"><span class=\"ez-toc-section\" id=\"Componentes_clave_de_la_memoria_organizativa_para_limitar_el_olvido_de_los_conocimientos\"><\/span>Componentes clave de la memoria organizativa para limitar el olvido de los conocimientos<span class=\"ez-toc-section-end\"><\/span><\/h3><p>La <strong>gesti\u00f3n del conocimiento<\/strong> se basa en integrar y estructurar los conocimientos que poseen los empleados. Cada individuo posee una memoria interna, que combina hechos observados, experiencias vividas y representaciones mentales. Si estas memorias individuales no se consolidan, siguen siendo fr\u00e1giles y amenazan la durabilidad de las competencias.  <\/p><p>La estructura organizativa desempe\u00f1a un papel crucial. La definici\u00f3n precisa de funciones y responsabilidades garantiza la <strong>retenci\u00f3n de las competencias<\/strong> al establecer comportamientos y procedimientos normalizados. Estas normas, plasmadas en archivos y protocolos colectivos, act\u00faan como una verdadera base para la <strong>retenci\u00f3n de la informaci\u00f3n<\/strong>.  <\/p><p>La cultura empresarial, a menudo te\u00f1ida de esquemas interpretativos t\u00e1citos, influye en la forma en que los miembros perciben y procesan el conocimiento compartido. Un entorno cultural fuerte facilita la coordinaci\u00f3n, haciendo m\u00e1s natural la transferencia de conocimientos y preservando la memoria colectiva a largo plazo. <\/p><h3 class=\"wp-block-heading\"><span class=\"ez-toc-section\" id=\"Herramientas_y_metodos_para_estructurar_y_difundir_eficazmente_la_memoria_corporativa\"><\/span>Herramientas y m\u00e9todos para estructurar y difundir eficazmente la memoria corporativa<span class=\"ez-toc-section-end\"><\/span><\/h3><p>Las soluciones tecnol\u00f3gicas est\u00e1n surgiendo como catalizadores esenciales para industrializar la <strong>prevenci\u00f3n de la p\u00e9rdida de conocimientos<\/strong>. Las plataformas SaaS como alumni.space centralizan perfiles, ofertas de empleo, eventos y contenidos educativos, proporcionando un espacio seguro para compartir y apoyarse mutuamente. Tambi\u00e9n fomentan la <strong>transferencia de conocimientos<\/strong> entre generaciones, sobre todo a trav\u00e9s de <a href=\"https:\/\/www.alumni.space\/es\/tutoria-impulsar-el-compromiso-y-la-motivacion-del-equipo\/\">la tutor\u00eda<\/a> y los pares de experiencias.  <\/p><p>Adem\u00e1s, los m\u00e9todos estructurados, como CommonKADS o MASK, facilitan el an\u00e1lisis y la modelizaci\u00f3n de los conocimientos que hay que capitalizar. Estos enfoques met\u00f3dicos ayudan a evitar la compartimentaci\u00f3n del conocimiento, estructurando la informaci\u00f3n y organizando su difusi\u00f3n a trav\u00e9s de intranet, portales colaborativos o sistemas de alimentaci\u00f3n RSS. <\/p><h2 class=\"wp-block-heading\"><span class=\"ez-toc-section\" id=\"Integrar_y_animar_a_las_comunidades_para_reforzar_la_memoria_colectiva\"><\/span>Integrar y animar a las comunidades para reforzar la memoria colectiva<span class=\"ez-toc-section-end\"><\/span><\/h2><p>Adem\u00e1s de las herramientas, el elemento humano sigue estando en el centro de la <strong>memoria organizativa<\/strong>. Las iniciativas de redes de antiguos alumnos, que re\u00fanen a antiguos empleados y mentores, crean un ecosistema propicio al <strong>intercambio de experiencias<\/strong> y a la cooptaci\u00f3n. La continuidad de los v\u00ednculos interpersonales facilita la circulaci\u00f3n del conocimiento t\u00e1cito y expl\u00edcito, reduciendo as\u00ed el riesgo de ruptura de la cadena de competencias.  <\/p><p>Los responsables de la toma de decisiones, especialmente en los departamentos de RRHH, las asociaciones y los centros educativos, se benefician de indicadores precisos sobre la adopci\u00f3n de pr\u00e1cticas de capitalizaci\u00f3n. Estos KPI permiten un seguimiento real del tiempo ahorrado y de los costes evitados. A t\u00edtulo ilustrativo, algunos sectores sensibles, como la industria agroalimentaria, han demostrado el valor a\u00f1adido de un seguimiento riguroso de su <a href=\"https:\/\/www.alumni.space\/es\/el-sector-agroalimentario-se-enfrenta-al-reto-de-la-transferencia-de-competencias\/\">transferencia de conocimientos<\/a> para garantizar la seguridad y la conformidad.  <\/p><h3 class=\"wp-block-heading\"><span class=\"ez-toc-section\" id=\"Adoptar_un_enfoque_proactivo_para_asegurar_el_know-how_y_mejorar_la_memoria_corporativa\"><\/span>Adoptar un enfoque proactivo para asegurar el know-how y mejorar la memoria corporativa<span class=\"ez-toc-section-end\"><\/span><\/h3><p>Es esencial establecer rituales regulares para recopilar, documentar y revisar las experiencias. La designaci\u00f3n de referentes para apoyar la circulaci\u00f3n del conocimiento, combinada con un riguroso calendario de intercambios, fomenta una din\u00e1mica virtuosa. Este trabajo estructurado limita la dependencia de individuos clave y asegura la memoria colectiva.  <\/p><p>Para las organizaciones que desean ampliar su escala, una plataforma digital sigue siendo la herramienta preferida. Elimina los problemas causados por el uso de m\u00faltiples soluciones dispersas y hojas de c\u00e1lculo no compartidas. La gesti\u00f3n se vuelve transparente, los recursos accesibles y se refuerza la implicaci\u00f3n de los empleados. En este contexto, cada responsable de la toma de decisiones obtiene una mayor visibilidad sobre el estado del capital de experiencia de su organizaci\u00f3n.   <\/p><p>Este <a href=\"https:\/\/www.questionpro.com\/blog\/fr\/la-memoire-organisationnelle-strategies-de-reussite-et-de-continuite\/\">an\u00e1lisis exhaustivo<\/a> proporciona una comprensi\u00f3n m\u00e1s profunda de los retos y las mejores pr\u00e1cticas de la memoria organizativa, con estrategias probadas y adaptadas a distintos sectores empresariales.<\/p>","protected":false},"excerpt":{"rendered":"<p>La memoria organizativa: una palanca estrat\u00e9gica para preservar el capital  [&#8230;]<\/p>\n","protected":false},"author":1,"featured_media":4702,"comment_status":"closed","ping_status":"closed","sticky":false,"template":"","format":"standard","meta":{"_ayudawp_aiss_exclude":false,"footnotes":""},"categories":[74],"tags":[],"class_list":["post-4700","post","type-post","status-publish","format-standard","has-post-thumbnail","hentry","category-intercambio-de-conocimientos"],"yoast_head":"<!-- This site is optimized with the Yoast SEO plugin v27.4 - https:\/\/yoast.com\/product\/yoast-seo-wordpress\/ -->\n<title>Memoria organizativa: la clave para preservar el conocimiento<\/title>\n<meta name=\"description\" content=\"Descubre c\u00f3mo la memoria organizativa preserva el conocimiento y limita las p\u00e9rdidas esenciales para el rendimiento y la supervivencia a largo plazo de tu empresa.\" \/>\n<meta name=\"robots\" content=\"index, follow, max-snippet:-1, max-image-preview:large, max-video-preview:-1\" \/>\n<link rel=\"canonical\" href=\"https:\/\/www.alumni.space\/es\/la-importancia-de-la-memoria-organizativa-para-limitar-la-perdida-de-conocimientos\/\" \/>\n<meta property=\"og:locale\" content=\"es_ES\" \/>\n<meta property=\"og:type\" content=\"article\" \/>\n<meta property=\"og:title\" content=\"Memoria organizativa: la clave para preservar el conocimiento\" \/>\n<meta property=\"og:description\" content=\"Descubre c\u00f3mo la memoria organizativa preserva el conocimiento y limita las p\u00e9rdidas esenciales para el rendimiento y la supervivencia a largo plazo de tu empresa.\" \/>\n<meta property=\"og:url\" content=\"https:\/\/www.alumni.space\/es\/la-importancia-de-la-memoria-organizativa-para-limitar-la-perdida-de-conocimientos\/\" \/>\n<meta property=\"og:site_name\" content=\"Alumni.space\" \/>\n<meta property=\"article:published_time\" content=\"2025-09-02T04:12:42+00:00\" \/>\n<meta property=\"article:modified_time\" content=\"2026-03-28T10:48:55+00:00\" \/>\n<meta property=\"og:image\" content=\"https:\/\/www.alumni.space\/wp-content\/uploads\/2026\/03\/Limportance-de-la-memoire-organisationnelle-pour-limiter-les-pertes-de-savoir.jpg\" \/>\n\t<meta property=\"og:image:width\" content=\"1280\" \/>\n\t<meta property=\"og:image:height\" content=\"768\" \/>\n\t<meta property=\"og:image:type\" content=\"image\/jpeg\" \/>\n<meta name=\"author\" content=\"admin\" \/>\n<meta name=\"twitter:card\" content=\"summary_large_image\" \/>\n<meta name=\"twitter:label1\" content=\"Escrito por\" \/>\n\t<meta name=\"twitter:data1\" content=\"admin\" \/>\n\t<meta name=\"twitter:label2\" content=\"Tiempo de lectura\" \/>\n\t<meta name=\"twitter:data2\" content=\"4 minutos\" \/>\n<script type=\"application\/ld+json\" class=\"yoast-schema-graph\">{\"@context\":\"https:\\\/\\\/schema.org\",\"@graph\":[{\"@type\":\"Article\",\"@id\":\"https:\\\/\\\/www.alumni.space\\\/es\\\/la-importancia-de-la-memoria-organizativa-para-limitar-la-perdida-de-conocimientos\\\/#article\",\"isPartOf\":{\"@id\":\"https:\\\/\\\/www.alumni.space\\\/es\\\/la-importancia-de-la-memoria-organizativa-para-limitar-la-perdida-de-conocimientos\\\/\"},\"author\":{\"name\":\"admin\",\"@id\":\"https:\\\/\\\/www.alumni.space\\\/es\\\/#\\\/schema\\\/person\\\/fede362a57876edda476a61f05ce5b15\"},\"headline\":\"La importancia de la memoria organizativa para limitar la p\u00e9rdida de conocimientos\",\"datePublished\":\"2025-09-02T04:12:42+00:00\",\"dateModified\":\"2026-03-28T10:48:55+00:00\",\"mainEntityOfPage\":{\"@id\":\"https:\\\/\\\/www.alumni.space\\\/es\\\/la-importancia-de-la-memoria-organizativa-para-limitar-la-perdida-de-conocimientos\\\/\"},\"wordCount\":773,\"image\":{\"@id\":\"https:\\\/\\\/www.alumni.space\\\/es\\\/la-importancia-de-la-memoria-organizativa-para-limitar-la-perdida-de-conocimientos\\\/#primaryimage\"},\"thumbnailUrl\":\"https:\\\/\\\/www.alumni.space\\\/wp-content\\\/uploads\\\/2026\\\/03\\\/Limportance-de-la-memoire-organisationnelle-pour-limiter-les-pertes-de-savoir.jpg\",\"articleSection\":[\"Intercambio de conocimientos\"],\"inLanguage\":\"es\"},{\"@type\":\"WebPage\",\"@id\":\"https:\\\/\\\/www.alumni.space\\\/es\\\/la-importancia-de-la-memoria-organizativa-para-limitar-la-perdida-de-conocimientos\\\/\",\"url\":\"https:\\\/\\\/www.alumni.space\\\/es\\\/la-importancia-de-la-memoria-organizativa-para-limitar-la-perdida-de-conocimientos\\\/\",\"name\":\"Memoria organizativa: la clave para preservar el conocimiento\",\"isPartOf\":{\"@id\":\"https:\\\/\\\/www.alumni.space\\\/es\\\/#website\"},\"primaryImageOfPage\":{\"@id\":\"https:\\\/\\\/www.alumni.space\\\/es\\\/la-importancia-de-la-memoria-organizativa-para-limitar-la-perdida-de-conocimientos\\\/#primaryimage\"},\"image\":{\"@id\":\"https:\\\/\\\/www.alumni.space\\\/es\\\/la-importancia-de-la-memoria-organizativa-para-limitar-la-perdida-de-conocimientos\\\/#primaryimage\"},\"thumbnailUrl\":\"https:\\\/\\\/www.alumni.space\\\/wp-content\\\/uploads\\\/2026\\\/03\\\/Limportance-de-la-memoire-organisationnelle-pour-limiter-les-pertes-de-savoir.jpg\",\"datePublished\":\"2025-09-02T04:12:42+00:00\",\"dateModified\":\"2026-03-28T10:48:55+00:00\",\"author\":{\"@id\":\"https:\\\/\\\/www.alumni.space\\\/es\\\/#\\\/schema\\\/person\\\/fede362a57876edda476a61f05ce5b15\"},\"description\":\"Descubre c\u00f3mo la memoria organizativa preserva el conocimiento y limita las p\u00e9rdidas esenciales para el rendimiento y la supervivencia a largo plazo de tu empresa.\",\"breadcrumb\":{\"@id\":\"https:\\\/\\\/www.alumni.space\\\/es\\\/la-importancia-de-la-memoria-organizativa-para-limitar-la-perdida-de-conocimientos\\\/#breadcrumb\"},\"inLanguage\":\"es\",\"potentialAction\":[{\"@type\":\"ReadAction\",\"target\":[\"https:\\\/\\\/www.alumni.space\\\/es\\\/la-importancia-de-la-memoria-organizativa-para-limitar-la-perdida-de-conocimientos\\\/\"]}]},{\"@type\":\"ImageObject\",\"inLanguage\":\"es\",\"@id\":\"https:\\\/\\\/www.alumni.space\\\/es\\\/la-importancia-de-la-memoria-organizativa-para-limitar-la-perdida-de-conocimientos\\\/#primaryimage\",\"url\":\"https:\\\/\\\/www.alumni.space\\\/wp-content\\\/uploads\\\/2026\\\/03\\\/Limportance-de-la-memoire-organisationnelle-pour-limiter-les-pertes-de-savoir.jpg\",\"contentUrl\":\"https:\\\/\\\/www.alumni.space\\\/wp-content\\\/uploads\\\/2026\\\/03\\\/Limportance-de-la-memoire-organisationnelle-pour-limiter-les-pertes-de-savoir.jpg\",\"width\":1280,\"height\":768,\"caption\":\"Descubre c\u00f3mo la memoria organizativa desempe\u00f1a un papel crucial para preservar el conocimiento en tu empresa y limitar la p\u00e9rdida de informaci\u00f3n clave.\"},{\"@type\":\"BreadcrumbList\",\"@id\":\"https:\\\/\\\/www.alumni.space\\\/es\\\/la-importancia-de-la-memoria-organizativa-para-limitar-la-perdida-de-conocimientos\\\/#breadcrumb\",\"itemListElement\":[{\"@type\":\"ListItem\",\"position\":1,\"name\":\"Home\",\"item\":\"https:\\\/\\\/www.alumni.space\\\/es\\\/plataforma-de-tutoria-y-gestion-de-antiguos-alumnos\\\/\"},{\"@type\":\"ListItem\",\"position\":2,\"name\":\"La importancia de la memoria organizativa para limitar la p\u00e9rdida de conocimientos\"}]},{\"@type\":\"WebSite\",\"@id\":\"https:\\\/\\\/www.alumni.space\\\/es\\\/#website\",\"url\":\"https:\\\/\\\/www.alumni.space\\\/es\\\/\",\"name\":\"Alumni.space\",\"description\":\"My WordPress Blog\",\"potentialAction\":[{\"@type\":\"SearchAction\",\"target\":{\"@type\":\"EntryPoint\",\"urlTemplate\":\"https:\\\/\\\/www.alumni.space\\\/es\\\/?s={search_term_string}\"},\"query-input\":{\"@type\":\"PropertyValueSpecification\",\"valueRequired\":true,\"valueName\":\"search_term_string\"}}],\"inLanguage\":\"es\"},{\"@type\":\"Person\",\"@id\":\"https:\\\/\\\/www.alumni.space\\\/es\\\/#\\\/schema\\\/person\\\/fede362a57876edda476a61f05ce5b15\",\"name\":\"admin\",\"image\":{\"@type\":\"ImageObject\",\"inLanguage\":\"es\",\"@id\":\"https:\\\/\\\/secure.gravatar.com\\\/avatar\\\/318e234ae94f90d4d629428d6b983c08e31181c28f579e08a021180d759ea651?s=96&d=mm&r=g\",\"url\":\"https:\\\/\\\/secure.gravatar.com\\\/avatar\\\/318e234ae94f90d4d629428d6b983c08e31181c28f579e08a021180d759ea651?s=96&d=mm&r=g\",\"contentUrl\":\"https:\\\/\\\/secure.gravatar.com\\\/avatar\\\/318e234ae94f90d4d629428d6b983c08e31181c28f579e08a021180d759ea651?s=96&d=mm&r=g\",\"caption\":\"admin\"},\"description\":\"Nicolas Laustriat a construit sa sp\u00e9cialit\u00e9 sur un sujet que beaucoup d\u2019organisations d\u00e9couvrent trop tard : ce qui dispara\u00eet quand les gens partent. Dipl\u00f4m\u00e9 en conception de produit industriel, il bifurque vers le digital fin 1996, il couvre les transformations marques, RH, la fid\u00e9lisation, la marque employeur. Sur le terrain, il rep\u00e8re un angle mort r\u00e9current : l\u2019entreprise investit dans le recrutement, la formation, les process\u2026 puis laisse filer le lien au moment du d\u00e9part, avec une perte de savoir et d\u2019influence qui se paie en silence. Il se sp\u00e9cialise alors sur les communaut\u00e9s d\u2019alumni, le mentorat, l\u2019entraide interg\u00e9n\u00e9rationnelle et la transmission d\u2019expertise. Il passe du \u201cconstat\u201d aux m\u00e9thodes : animation, gouvernance, segmentation, rituels, mesure d\u2019engagement, articulation avec la RSE et l\u2019employabilit\u00e9. Il interviewe DRH, responsables formation, directions d\u2019\u00e9coles, associations et fondations, avec une obsession : transformer un r\u00e9seau dormant en m\u00e9canisme utile (cooptation, mentorat, job board, entraide, \u00e9v\u00e9nements, contenus). Son style : direct, orient\u00e9 action, sans folklore. Sa conviction : une communaut\u00e9 n\u2019a pas besoin de bruit, elle a besoin de raisons de revenir.\",\"sameAs\":[\"https:\\\/\\\/www.alumni.space\"]}]}<\/script>\n<!-- \/ Yoast SEO plugin. -->","yoast_head_json":{"title":"Memoria organizativa: la clave para preservar el conocimiento","description":"Descubre c\u00f3mo la memoria organizativa preserva el conocimiento y limita las p\u00e9rdidas esenciales para el rendimiento y la supervivencia a largo plazo de tu empresa.","robots":{"index":"index","follow":"follow","max-snippet":"max-snippet:-1","max-image-preview":"max-image-preview:large","max-video-preview":"max-video-preview:-1"},"canonical":"https:\/\/www.alumni.space\/es\/la-importancia-de-la-memoria-organizativa-para-limitar-la-perdida-de-conocimientos\/","og_locale":"es_ES","og_type":"article","og_title":"Memoria organizativa: la clave para preservar el conocimiento","og_description":"Descubre c\u00f3mo la memoria organizativa preserva el conocimiento y limita las p\u00e9rdidas esenciales para el rendimiento y la supervivencia a largo plazo de tu empresa.","og_url":"https:\/\/www.alumni.space\/es\/la-importancia-de-la-memoria-organizativa-para-limitar-la-perdida-de-conocimientos\/","og_site_name":"Alumni.space","article_published_time":"2025-09-02T04:12:42+00:00","article_modified_time":"2026-03-28T10:48:55+00:00","og_image":[{"width":1280,"height":768,"url":"https:\/\/www.alumni.space\/wp-content\/uploads\/2026\/03\/Limportance-de-la-memoire-organisationnelle-pour-limiter-les-pertes-de-savoir.jpg","type":"image\/jpeg"}],"author":"admin","twitter_card":"summary_large_image","twitter_misc":{"Escrito por":"admin","Tiempo de lectura":"4 minutos"},"schema":{"@context":"https:\/\/schema.org","@graph":[{"@type":"Article","@id":"https:\/\/www.alumni.space\/es\/la-importancia-de-la-memoria-organizativa-para-limitar-la-perdida-de-conocimientos\/#article","isPartOf":{"@id":"https:\/\/www.alumni.space\/es\/la-importancia-de-la-memoria-organizativa-para-limitar-la-perdida-de-conocimientos\/"},"author":{"name":"admin","@id":"https:\/\/www.alumni.space\/es\/#\/schema\/person\/fede362a57876edda476a61f05ce5b15"},"headline":"La importancia de la memoria organizativa para limitar la p\u00e9rdida de conocimientos","datePublished":"2025-09-02T04:12:42+00:00","dateModified":"2026-03-28T10:48:55+00:00","mainEntityOfPage":{"@id":"https:\/\/www.alumni.space\/es\/la-importancia-de-la-memoria-organizativa-para-limitar-la-perdida-de-conocimientos\/"},"wordCount":773,"image":{"@id":"https:\/\/www.alumni.space\/es\/la-importancia-de-la-memoria-organizativa-para-limitar-la-perdida-de-conocimientos\/#primaryimage"},"thumbnailUrl":"https:\/\/www.alumni.space\/wp-content\/uploads\/2026\/03\/Limportance-de-la-memoire-organisationnelle-pour-limiter-les-pertes-de-savoir.jpg","articleSection":["Intercambio de conocimientos"],"inLanguage":"es"},{"@type":"WebPage","@id":"https:\/\/www.alumni.space\/es\/la-importancia-de-la-memoria-organizativa-para-limitar-la-perdida-de-conocimientos\/","url":"https:\/\/www.alumni.space\/es\/la-importancia-de-la-memoria-organizativa-para-limitar-la-perdida-de-conocimientos\/","name":"Memoria organizativa: la clave para preservar el conocimiento","isPartOf":{"@id":"https:\/\/www.alumni.space\/es\/#website"},"primaryImageOfPage":{"@id":"https:\/\/www.alumni.space\/es\/la-importancia-de-la-memoria-organizativa-para-limitar-la-perdida-de-conocimientos\/#primaryimage"},"image":{"@id":"https:\/\/www.alumni.space\/es\/la-importancia-de-la-memoria-organizativa-para-limitar-la-perdida-de-conocimientos\/#primaryimage"},"thumbnailUrl":"https:\/\/www.alumni.space\/wp-content\/uploads\/2026\/03\/Limportance-de-la-memoire-organisationnelle-pour-limiter-les-pertes-de-savoir.jpg","datePublished":"2025-09-02T04:12:42+00:00","dateModified":"2026-03-28T10:48:55+00:00","author":{"@id":"https:\/\/www.alumni.space\/es\/#\/schema\/person\/fede362a57876edda476a61f05ce5b15"},"description":"Descubre c\u00f3mo la memoria organizativa preserva el conocimiento y limita las p\u00e9rdidas esenciales para el rendimiento y la supervivencia a largo plazo de tu empresa.","breadcrumb":{"@id":"https:\/\/www.alumni.space\/es\/la-importancia-de-la-memoria-organizativa-para-limitar-la-perdida-de-conocimientos\/#breadcrumb"},"inLanguage":"es","potentialAction":[{"@type":"ReadAction","target":["https:\/\/www.alumni.space\/es\/la-importancia-de-la-memoria-organizativa-para-limitar-la-perdida-de-conocimientos\/"]}]},{"@type":"ImageObject","inLanguage":"es","@id":"https:\/\/www.alumni.space\/es\/la-importancia-de-la-memoria-organizativa-para-limitar-la-perdida-de-conocimientos\/#primaryimage","url":"https:\/\/www.alumni.space\/wp-content\/uploads\/2026\/03\/Limportance-de-la-memoire-organisationnelle-pour-limiter-les-pertes-de-savoir.jpg","contentUrl":"https:\/\/www.alumni.space\/wp-content\/uploads\/2026\/03\/Limportance-de-la-memoire-organisationnelle-pour-limiter-les-pertes-de-savoir.jpg","width":1280,"height":768,"caption":"Descubre c\u00f3mo la memoria organizativa desempe\u00f1a un papel crucial para preservar el conocimiento en tu empresa y limitar la p\u00e9rdida de informaci\u00f3n clave."},{"@type":"BreadcrumbList","@id":"https:\/\/www.alumni.space\/es\/la-importancia-de-la-memoria-organizativa-para-limitar-la-perdida-de-conocimientos\/#breadcrumb","itemListElement":[{"@type":"ListItem","position":1,"name":"Home","item":"https:\/\/www.alumni.space\/es\/plataforma-de-tutoria-y-gestion-de-antiguos-alumnos\/"},{"@type":"ListItem","position":2,"name":"La importancia de la memoria organizativa para limitar la p\u00e9rdida de conocimientos"}]},{"@type":"WebSite","@id":"https:\/\/www.alumni.space\/es\/#website","url":"https:\/\/www.alumni.space\/es\/","name":"Alumni.space","description":"My WordPress Blog","potentialAction":[{"@type":"SearchAction","target":{"@type":"EntryPoint","urlTemplate":"https:\/\/www.alumni.space\/es\/?s={search_term_string}"},"query-input":{"@type":"PropertyValueSpecification","valueRequired":true,"valueName":"search_term_string"}}],"inLanguage":"es"},{"@type":"Person","@id":"https:\/\/www.alumni.space\/es\/#\/schema\/person\/fede362a57876edda476a61f05ce5b15","name":"admin","image":{"@type":"ImageObject","inLanguage":"es","@id":"https:\/\/secure.gravatar.com\/avatar\/318e234ae94f90d4d629428d6b983c08e31181c28f579e08a021180d759ea651?s=96&d=mm&r=g","url":"https:\/\/secure.gravatar.com\/avatar\/318e234ae94f90d4d629428d6b983c08e31181c28f579e08a021180d759ea651?s=96&d=mm&r=g","contentUrl":"https:\/\/secure.gravatar.com\/avatar\/318e234ae94f90d4d629428d6b983c08e31181c28f579e08a021180d759ea651?s=96&d=mm&r=g","caption":"admin"},"description":"Nicolas Laustriat a construit sa sp\u00e9cialit\u00e9 sur un sujet que beaucoup d\u2019organisations d\u00e9couvrent trop tard : ce qui dispara\u00eet quand les gens partent. Dipl\u00f4m\u00e9 en conception de produit industriel, il bifurque vers le digital fin 1996, il couvre les transformations marques, RH, la fid\u00e9lisation, la marque employeur. Sur le terrain, il rep\u00e8re un angle mort r\u00e9current : l\u2019entreprise investit dans le recrutement, la formation, les process\u2026 puis laisse filer le lien au moment du d\u00e9part, avec une perte de savoir et d\u2019influence qui se paie en silence. Il se sp\u00e9cialise alors sur les communaut\u00e9s d\u2019alumni, le mentorat, l\u2019entraide interg\u00e9n\u00e9rationnelle et la transmission d\u2019expertise. Il passe du \u201cconstat\u201d aux m\u00e9thodes : animation, gouvernance, segmentation, rituels, mesure d\u2019engagement, articulation avec la RSE et l\u2019employabilit\u00e9. Il interviewe DRH, responsables formation, directions d\u2019\u00e9coles, associations et fondations, avec une obsession : transformer un r\u00e9seau dormant en m\u00e9canisme utile (cooptation, mentorat, job board, entraide, \u00e9v\u00e9nements, contenus). Son style : direct, orient\u00e9 action, sans folklore. Sa conviction : une communaut\u00e9 n\u2019a pas besoin de bruit, elle a besoin de raisons de revenir.","sameAs":["https:\/\/www.alumni.space"]}]}},"_links":{"self":[{"href":"https:\/\/www.alumni.space\/es\/wp-json\/wp\/v2\/posts\/4700","targetHints":{"allow":["GET"]}}],"collection":[{"href":"https:\/\/www.alumni.space\/es\/wp-json\/wp\/v2\/posts"}],"about":[{"href":"https:\/\/www.alumni.space\/es\/wp-json\/wp\/v2\/types\/post"}],"author":[{"embeddable":true,"href":"https:\/\/www.alumni.space\/es\/wp-json\/wp\/v2\/users\/1"}],"replies":[{"embeddable":true,"href":"https:\/\/www.alumni.space\/es\/wp-json\/wp\/v2\/comments?post=4700"}],"version-history":[{"count":2,"href":"https:\/\/www.alumni.space\/es\/wp-json\/wp\/v2\/posts\/4700\/revisions"}],"predecessor-version":[{"id":6575,"href":"https:\/\/www.alumni.space\/es\/wp-json\/wp\/v2\/posts\/4700\/revisions\/6575"}],"wp:featuredmedia":[{"embeddable":true,"href":"https:\/\/www.alumni.space\/es\/wp-json\/wp\/v2\/media\/4702"}],"wp:attachment":[{"href":"https:\/\/www.alumni.space\/es\/wp-json\/wp\/v2\/media?parent=4700"}],"wp:term":[{"taxonomy":"category","embeddable":true,"href":"https:\/\/www.alumni.space\/es\/wp-json\/wp\/v2\/categories?post=4700"},{"taxonomy":"post_tag","embeddable":true,"href":"https:\/\/www.alumni.space\/es\/wp-json\/wp\/v2\/tags?post=4700"}],"curies":[{"name":"wp","href":"https:\/\/api.w.org\/{rel}","templated":true}]}}