{"id":4694,"date":"2025-12-09T20:27:10","date_gmt":"2025-12-09T20:27:10","guid":{"rendered":"https:\/\/www.alumni.space\/la-tutoria-clave-para-desarrollar-la-confianza-de-los-jovenes\/"},"modified":"2026-03-28T10:47:52","modified_gmt":"2026-03-28T10:47:52","slug":"la-tutoria-clave-para-desarrollar-la-confianza-de-los-jovenes","status":"publish","type":"post","link":"https:\/\/www.alumni.space\/es\/la-tutoria-clave-para-desarrollar-la-confianza-de-los-jovenes\/","title":{"rendered":"La tutor\u00eda: clave para desarrollar la confianza de los j\u00f3venes"},"content":{"rendered":"<p>El panorama de la inserci\u00f3n profesional en 2026 deja una cosa clara: un t\u00edtulo por s\u00ed solo ya no basta para cruzar las puertas de las grandes empresas. Las redes invisibles y los c\u00f3digos sociales dictan a menudo las trayectorias profesionales de \u00e9xito. En vista de ello, <strong>la tutor\u00eda<\/strong> se perfila como una poderosa palanca de transformaci\u00f3n social, capaz de romper los techos de cristal de miles de talentos prometedores.  <\/p><p>Cifras recientes subrayan una realidad apasionante para las organizaciones implicadas en este enfoque. Casi el 90% de los beneficiarios afirman que se han orientado gracias a este apoyo externo. El proceso es algo m\u00e1s que un asesoramiento puntual: genera una aut\u00e9ntica <strong>motivaci\u00f3n<\/strong> intr\u00ednseca. La adquisici\u00f3n de una s\u00f3lida <strong>confianza<\/strong> en las propias capacidades se convierte en el principal motor de este <strong>crecimiento<\/strong> individual.   <\/p><div id=\"ez-toc-container\" class=\"ez-toc-v2_0_82_2 counter-flat ez-toc-counter ez-toc-grey ez-toc-container-direction\">\n<div class=\"ez-toc-title-container\"><p class=\"ez-toc-title\" style=\"cursor:inherit\">En este art\u00edculo se trata lo siguiente:<\/p>\n<\/div><nav><ul class='ez-toc-list ez-toc-list-level-1 ' ><li class='ez-toc-page-1'><a class=\"ez-toc-link ez-toc-heading-1\" href=\"https:\/\/www.alumni.space\/es\/la-tutoria-clave-para-desarrollar-la-confianza-de-los-jovenes\/#El_impacto_mensurable_del_apoyo_estructurado_en_las_trayectorias_profesionales\" >El impacto mensurable del apoyo estructurado en las trayectorias profesionales<\/a><\/li><li class='ez-toc-page-1'><a class=\"ez-toc-link ez-toc-heading-2\" href=\"https:\/\/www.alumni.space\/es\/la-tutoria-clave-para-desarrollar-la-confianza-de-los-jovenes\/#Forjar_vinculos_duraderos_para_una_integracion_con_exito\" >Forjar v\u00ednculos duraderos para una integraci\u00f3n con \u00e9xito<\/a><\/li><li class='ez-toc-page-1'><a class=\"ez-toc-link ez-toc-heading-3\" href=\"https:\/\/www.alumni.space\/es\/la-tutoria-clave-para-desarrollar-la-confianza-de-los-jovenes\/#La_tutoria_como_pilar_estrategico_de_la_responsabilidad_social_de_las_empresas\" >La tutor\u00eda como pilar estrat\u00e9gico de la responsabilidad social de las empresas<\/a><\/li><li class='ez-toc-page-1'><a class=\"ez-toc-link ez-toc-heading-4\" href=\"https:\/\/www.alumni.space\/es\/la-tutoria-clave-para-desarrollar-la-confianza-de-los-jovenes\/#Industrializar_la_benevolencia_sin_perder_el_toque_humano\" >Industrializar la benevolencia sin perder el toque humano<\/a><\/li><\/ul><\/nav><\/div>\n<h2 class=\"wp-block-heading\"><span class=\"ez-toc-section\" id=\"El_impacto_mensurable_del_apoyo_estructurado_en_las_trayectorias_profesionales\"><\/span>El impacto mensurable del apoyo estructurado en las trayectorias profesionales<span class=\"ez-toc-section-end\"><\/span><\/h2><p>Los datos recogidos de cohortes de j\u00f3venes que reciben apoyo revelan resultados espectaculares. Un importante estudio muestra que el 95% de los estudiantes que se preparan para un diploma o una oposici\u00f3n con el apoyo de un patrocinador logran con \u00e9xito su objetivo. Este \u00e9xito acad\u00e9mico va acompa\u00f1ado de una clara visi\u00f3n del futuro, y ocho de cada diez participantes prev\u00e9n con confianza estudios a largo plazo, a menudo m\u00e1s all\u00e1 del nivel de M\u00e1ster. Esto demuestra la eficacia de la <strong>relaci\u00f3n mentor-apadrinado<\/strong> a largo plazo.   <\/p><p>Esto facilita mucho la inmersi\u00f3n en el mundo profesional. Para un estudiante de clase trabajadora, el acceso a unas pr\u00e1cticas cualificadas puede ser a veces un reto insuperable. Sin embargo, el 81% de los voluntarios que reciben <strong>apoyo<\/strong> espec\u00edfico consiguen experiencia laboral sin mayores dificultades. Compartir experiencias hace m\u00e1s fluidas las trayectorias profesionales y ofrece las claves necesarias para descifrar las expectativas de los reclutadores modernos. Para saber m\u00e1s sobre estos temas, echa un vistazo a nuestros recursos sobre la <a href=\"https:\/\/www.alumni.space\/es\/tutoria-de-jovenes-talentos-por-tus-antiguos-empleados\/\">tutor\u00eda de j\u00f3venes talentos<\/a> para optimizar tus programas internos.    <\/p><figure class=\"wp-block-image size-full\"><img decoding=\"async\" width=\"1280\" height=\"768\" src=\"https:\/\/www.alumni.space\/wp-content\/uploads\/2026\/03\/Le-mentorat-une-cle-pour-developper-la-confiance-des-jeunes-1.jpg\" data-orig-src=\"https:\/\/www.alumni.space\/wp-content\/uploads\/2026\/03\/Le-mentorat-une-cle-pour-developper-la-confiance-des-jeunes-1.jpg\" alt=\"descubre c\u00f3mo la tutor\u00eda puede aumentar la confianza de los j\u00f3venes en s\u00ed mismos y fomentar su desarrollo personal y profesional.\" class=\"lazyload wp-image-3549\" srcset=\"data:image\/svg+xml,%3Csvg%20xmlns%3D%27http%3A%2F%2Fwww.w3.org%2F2000%2Fsvg%27%20width%3D%271280%27%20height%3D%27768%27%20viewBox%3D%270%200%201280%20768%27%3E%3Crect%20width%3D%271280%27%20height%3D%27768%27%20fill-opacity%3D%220%22%2F%3E%3C%2Fsvg%3E\" data-srcset=\"https:\/\/www.alumni.space\/wp-content\/uploads\/2026\/03\/Le-mentorat-une-cle-pour-developper-la-confiance-des-jeunes-1-200x120.jpg 200w, https:\/\/www.alumni.space\/wp-content\/uploads\/2026\/03\/Le-mentorat-une-cle-pour-developper-la-confiance-des-jeunes-1-300x180.jpg 300w, https:\/\/www.alumni.space\/wp-content\/uploads\/2026\/03\/Le-mentorat-une-cle-pour-developper-la-confiance-des-jeunes-1-400x240.jpg 400w, https:\/\/www.alumni.space\/wp-content\/uploads\/2026\/03\/Le-mentorat-une-cle-pour-developper-la-confiance-des-jeunes-1-600x360.jpg 600w, https:\/\/www.alumni.space\/wp-content\/uploads\/2026\/03\/Le-mentorat-une-cle-pour-developper-la-confiance-des-jeunes-1-768x461.jpg 768w, https:\/\/www.alumni.space\/wp-content\/uploads\/2026\/03\/Le-mentorat-une-cle-pour-developper-la-confiance-des-jeunes-1-800x480.jpg 800w, https:\/\/www.alumni.space\/wp-content\/uploads\/2026\/03\/Le-mentorat-une-cle-pour-developper-la-confiance-des-jeunes-1-1024x614.jpg 1024w, https:\/\/www.alumni.space\/wp-content\/uploads\/2026\/03\/Le-mentorat-une-cle-pour-developper-la-confiance-des-jeunes-1-1200x720.jpg 1200w, https:\/\/www.alumni.space\/wp-content\/uploads\/2026\/03\/Le-mentorat-une-cle-pour-developper-la-confiance-des-jeunes-1.jpg 1280w\" data-sizes=\"auto\" data-orig-sizes=\"(max-width: 1280px) 100vw, 1280px\" \/><\/figure><h3 class=\"wp-block-heading\"><span class=\"ez-toc-section\" id=\"Forjar_vinculos_duraderos_para_una_integracion_con_exito\"><\/span>Forjar v\u00ednculos duraderos para una integraci\u00f3n con \u00e9xito<span class=\"ez-toc-section-end\"><\/span><\/h3><p>Por encima de las competencias t\u00e9cnicas, el beneficio m\u00e1s valioso es el aumento del capital social. Siete de cada diez j\u00f3venes afirman haber hecho nuevos contactos profesionales gracias a las recomendaciones de su gu\u00eda. Esta creaci\u00f3n directa de redes combate el aislamiento y ofrece una exposici\u00f3n sin precedentes a profesiones a veces poco conocidas. El programa crea un puente entre la<strong>educaci\u00f3n<\/strong> te\u00f3rica y las realidades sobre el terreno, transformando la ansiedad por el futuro en ambici\u00f3n concreta.   <\/p><p>La experiencia es igual de gratificante para los directivos y expertos que se implican. Al dedicar tiempo a transmitir sus conocimientos, el 85% de los padrinos sienten una profunda sensaci\u00f3n de utilidad. Este enfoque favorece una mejor comprensi\u00f3n de las realidades sociales y de los obst\u00e1culos a los que se enfrentan las nuevas generaciones. El di\u00e1logo intergeneracional as\u00ed establecido se convierte en una base de cohesi\u00f3n para la organizaci\u00f3n, que mejora la experiencia de los empleados de m\u00e1s edad al tiempo que dinamiza a los nuevos reclutas.   <\/p><h2 class=\"wp-block-heading\"><span class=\"ez-toc-section\" id=\"La_tutoria_como_pilar_estrategico_de_la_responsabilidad_social_de_las_empresas\"><\/span>La tutor\u00eda como pilar estrat\u00e9gico de la responsabilidad social de las empresas<span class=\"ez-toc-section-end\"><\/span><\/h2><p>Integrar una plataforma dedicada al intercambio de conocimientos transforma la cultura interna de una organizaci\u00f3n. Esta iniciativa ampl\u00eda el compromiso de la entidad mucho m\u00e1s all\u00e1 de sus obligaciones habituales. Al fomentar la transmisi\u00f3n de conocimientos y la inclusi\u00f3n, la empresa limita la p\u00e9rdida de competencias y capitaliza la memoria viva de sus empleados. El <strong>desarrollo personal de<\/strong> los participantes repercute directamente en el rendimiento global y refuerza el atractivo de la marca empleadora.   <\/p><p>Una estrategia <strong>de tutor\u00eda<\/strong> bien gestionada proporciona indicadores claros de compromiso e impacto social real. El seguimiento de las horas de habilidades ofrecidas voluntariamente y los comentarios cualitativos proporcionan informes extrafinancieros con pruebas tangibles. Esta cultura del \u00abcuidado\u00bb se traduce en una incorporaci\u00f3n m\u00e1s fluida y una mayor retenci\u00f3n del talento, que ve la empresa como un lugar de realizaci\u00f3n y solidaridad. El portal <a href=\"https:\/\/www.1jeune1mentor.fr\/\">1 joven 1 mentor<\/a> es una ilustraci\u00f3n perfecta de esta ambici\u00f3n nacional de no dejar a nadie en el camino.   <\/p><h3 class=\"wp-block-heading\"><span class=\"ez-toc-section\" id=\"Industrializar_la_benevolencia_sin_perder_el_toque_humano\"><\/span>Industrializar la benevolencia sin perder el toque humano<span class=\"ez-toc-section-end\"><\/span><\/h3><p>Pasar de la gesti\u00f3n tradicional basada en hojas de c\u00e1lculo a una soluci\u00f3n inform\u00e1tica de alto rendimiento supone un cambio de juego para los responsables de RRHH y los gestores de asociaciones. La centralizaci\u00f3n de los perfiles, la automatizaci\u00f3n de las presentaciones y la gesti\u00f3n de los eventos ganan en precisi\u00f3n. Una interfaz intuitiva facilita la adopci\u00f3n por parte de los miembros y garantiza la continuidad en el funcionamiento de la comunidad. La herramienta tecnol\u00f3gica pasa entonces a un segundo plano, dejando paso a la calidad del<strong>apoyo<\/strong> y la riqueza de los intercambios.   <\/p><p>El despliegue de un ecosistema de este tipo reduce los costes ocultos asociados a la p\u00e9rdida de informaci\u00f3n o a la falta de coordinaci\u00f3n. Al automatizar las tareas repetitivas, los equipos pueden concentrarse en lo m\u00e1s importante: las personas. La gesti\u00f3n basada en datos significa que las acciones pueden ajustarse constantemente para satisfacer las necesidades espec\u00edficas de cada par. A partir de ah\u00ed, la red se convierte en un organismo vivo, capaz de autogenerar apoyo mutuo y cooptaci\u00f3n de forma natural.   <\/p><p>El \u00e9xito de este enfoque depende de la capacidad de unir e inspirar. Para transformar tus intenciones en resultados concretos y medir con precisi\u00f3n tu impacto social, implantar una herramienta estructurada es el siguiente paso l\u00f3gico en tu estrategia de crecimiento. <\/p><p><strong>Solicita una demostraci\u00f3n<\/strong><\/p>","protected":false},"excerpt":{"rendered":"<p>El panorama de la inserci\u00f3n profesional en 2026 deja una  [&#8230;]<\/p>\n","protected":false},"author":1,"featured_media":4697,"comment_status":"closed","ping_status":"closed","sticky":false,"template":"","format":"standard","meta":{"_ayudawp_aiss_exclude":false,"footnotes":""},"categories":[73],"tags":[],"class_list":["post-4694","post","type-post","status-publish","format-standard","has-post-thumbnail","hentry","category-tutoria"],"yoast_head":"<!-- This site is optimized with the Yoast SEO plugin v27.4 - https:\/\/yoast.com\/product\/yoast-seo-wordpress\/ -->\n<title>Tutor\u00eda: aumentar la confianza de los j\u00f3venes<\/title>\n<meta name=\"description\" content=\"La tutor\u00eda: una herramienta esencial para aumentar la confianza de los j\u00f3venes y fomentar su desarrollo personal y profesional.\" \/>\n<meta name=\"robots\" content=\"index, follow, max-snippet:-1, max-image-preview:large, max-video-preview:-1\" \/>\n<link rel=\"canonical\" href=\"https:\/\/www.alumni.space\/es\/la-tutoria-clave-para-desarrollar-la-confianza-de-los-jovenes\/\" \/>\n<meta property=\"og:locale\" content=\"es_ES\" \/>\n<meta property=\"og:type\" content=\"article\" \/>\n<meta property=\"og:title\" content=\"Tutor\u00eda: aumentar la confianza de los j\u00f3venes\" \/>\n<meta property=\"og:description\" content=\"La tutor\u00eda: una herramienta esencial para aumentar la confianza de los j\u00f3venes y fomentar su desarrollo personal y profesional.\" \/>\n<meta property=\"og:url\" content=\"https:\/\/www.alumni.space\/es\/la-tutoria-clave-para-desarrollar-la-confianza-de-los-jovenes\/\" \/>\n<meta property=\"og:site_name\" content=\"Alumni.space\" \/>\n<meta property=\"article:published_time\" content=\"2025-12-09T20:27:10+00:00\" \/>\n<meta property=\"article:modified_time\" content=\"2026-03-28T10:47:52+00:00\" \/>\n<meta property=\"og:image\" content=\"https:\/\/www.alumni.space\/wp-content\/uploads\/2026\/03\/Le-mentorat-une-cle-pour-developper-la-confiance-des-jeunes.jpg\" \/>\n\t<meta property=\"og:image:width\" content=\"1280\" \/>\n\t<meta property=\"og:image:height\" content=\"768\" \/>\n\t<meta property=\"og:image:type\" content=\"image\/jpeg\" \/>\n<meta name=\"author\" content=\"admin\" \/>\n<meta name=\"twitter:card\" content=\"summary_large_image\" \/>\n<meta name=\"twitter:label1\" content=\"Escrito por\" \/>\n\t<meta name=\"twitter:data1\" content=\"admin\" \/>\n\t<meta name=\"twitter:label2\" content=\"Tiempo de lectura\" \/>\n\t<meta name=\"twitter:data2\" content=\"5 minutos\" \/>\n<script type=\"application\/ld+json\" class=\"yoast-schema-graph\">{\"@context\":\"https:\\\/\\\/schema.org\",\"@graph\":[{\"@type\":\"Article\",\"@id\":\"https:\\\/\\\/www.alumni.space\\\/es\\\/la-tutoria-clave-para-desarrollar-la-confianza-de-los-jovenes\\\/#article\",\"isPartOf\":{\"@id\":\"https:\\\/\\\/www.alumni.space\\\/es\\\/la-tutoria-clave-para-desarrollar-la-confianza-de-los-jovenes\\\/\"},\"author\":{\"name\":\"admin\",\"@id\":\"https:\\\/\\\/www.alumni.space\\\/es\\\/#\\\/schema\\\/person\\\/fede362a57876edda476a61f05ce5b15\"},\"headline\":\"La tutor\u00eda: clave para desarrollar la confianza de los j\u00f3venes\",\"datePublished\":\"2025-12-09T20:27:10+00:00\",\"dateModified\":\"2026-03-28T10:47:52+00:00\",\"mainEntityOfPage\":{\"@id\":\"https:\\\/\\\/www.alumni.space\\\/es\\\/la-tutoria-clave-para-desarrollar-la-confianza-de-los-jovenes\\\/\"},\"wordCount\":971,\"image\":{\"@id\":\"https:\\\/\\\/www.alumni.space\\\/es\\\/la-tutoria-clave-para-desarrollar-la-confianza-de-los-jovenes\\\/#primaryimage\"},\"thumbnailUrl\":\"https:\\\/\\\/www.alumni.space\\\/wp-content\\\/uploads\\\/2026\\\/03\\\/Le-mentorat-une-cle-pour-developper-la-confiance-des-jeunes.jpg\",\"articleSection\":[\"Tutor\u00eda\"],\"inLanguage\":\"es\"},{\"@type\":\"WebPage\",\"@id\":\"https:\\\/\\\/www.alumni.space\\\/es\\\/la-tutoria-clave-para-desarrollar-la-confianza-de-los-jovenes\\\/\",\"url\":\"https:\\\/\\\/www.alumni.space\\\/es\\\/la-tutoria-clave-para-desarrollar-la-confianza-de-los-jovenes\\\/\",\"name\":\"Tutor\u00eda: aumentar la confianza de los j\u00f3venes\",\"isPartOf\":{\"@id\":\"https:\\\/\\\/www.alumni.space\\\/es\\\/#website\"},\"primaryImageOfPage\":{\"@id\":\"https:\\\/\\\/www.alumni.space\\\/es\\\/la-tutoria-clave-para-desarrollar-la-confianza-de-los-jovenes\\\/#primaryimage\"},\"image\":{\"@id\":\"https:\\\/\\\/www.alumni.space\\\/es\\\/la-tutoria-clave-para-desarrollar-la-confianza-de-los-jovenes\\\/#primaryimage\"},\"thumbnailUrl\":\"https:\\\/\\\/www.alumni.space\\\/wp-content\\\/uploads\\\/2026\\\/03\\\/Le-mentorat-une-cle-pour-developper-la-confiance-des-jeunes.jpg\",\"datePublished\":\"2025-12-09T20:27:10+00:00\",\"dateModified\":\"2026-03-28T10:47:52+00:00\",\"author\":{\"@id\":\"https:\\\/\\\/www.alumni.space\\\/es\\\/#\\\/schema\\\/person\\\/fede362a57876edda476a61f05ce5b15\"},\"description\":\"La tutor\u00eda: una herramienta esencial para aumentar la confianza de los j\u00f3venes y fomentar su desarrollo personal y profesional.\",\"breadcrumb\":{\"@id\":\"https:\\\/\\\/www.alumni.space\\\/es\\\/la-tutoria-clave-para-desarrollar-la-confianza-de-los-jovenes\\\/#breadcrumb\"},\"inLanguage\":\"es\",\"potentialAction\":[{\"@type\":\"ReadAction\",\"target\":[\"https:\\\/\\\/www.alumni.space\\\/es\\\/la-tutoria-clave-para-desarrollar-la-confianza-de-los-jovenes\\\/\"]}]},{\"@type\":\"ImageObject\",\"inLanguage\":\"es\",\"@id\":\"https:\\\/\\\/www.alumni.space\\\/es\\\/la-tutoria-clave-para-desarrollar-la-confianza-de-los-jovenes\\\/#primaryimage\",\"url\":\"https:\\\/\\\/www.alumni.space\\\/wp-content\\\/uploads\\\/2026\\\/03\\\/Le-mentorat-une-cle-pour-developper-la-confiance-des-jeunes.jpg\",\"contentUrl\":\"https:\\\/\\\/www.alumni.space\\\/wp-content\\\/uploads\\\/2026\\\/03\\\/Le-mentorat-une-cle-pour-developper-la-confiance-des-jeunes.jpg\",\"width\":1280,\"height\":768,\"caption\":\"Descubre c\u00f3mo la tutor\u00eda puede aumentar la confianza de los j\u00f3venes y ayudarles a desarrollarse personal y profesionalmente.\"},{\"@type\":\"BreadcrumbList\",\"@id\":\"https:\\\/\\\/www.alumni.space\\\/es\\\/la-tutoria-clave-para-desarrollar-la-confianza-de-los-jovenes\\\/#breadcrumb\",\"itemListElement\":[{\"@type\":\"ListItem\",\"position\":1,\"name\":\"Home\",\"item\":\"https:\\\/\\\/www.alumni.space\\\/es\\\/plataforma-de-tutoria-y-gestion-de-antiguos-alumnos\\\/\"},{\"@type\":\"ListItem\",\"position\":2,\"name\":\"La tutor\u00eda: clave para desarrollar la confianza de los j\u00f3venes\"}]},{\"@type\":\"WebSite\",\"@id\":\"https:\\\/\\\/www.alumni.space\\\/es\\\/#website\",\"url\":\"https:\\\/\\\/www.alumni.space\\\/es\\\/\",\"name\":\"Alumni.space\",\"description\":\"My WordPress Blog\",\"potentialAction\":[{\"@type\":\"SearchAction\",\"target\":{\"@type\":\"EntryPoint\",\"urlTemplate\":\"https:\\\/\\\/www.alumni.space\\\/es\\\/?s={search_term_string}\"},\"query-input\":{\"@type\":\"PropertyValueSpecification\",\"valueRequired\":true,\"valueName\":\"search_term_string\"}}],\"inLanguage\":\"es\"},{\"@type\":\"Person\",\"@id\":\"https:\\\/\\\/www.alumni.space\\\/es\\\/#\\\/schema\\\/person\\\/fede362a57876edda476a61f05ce5b15\",\"name\":\"admin\",\"image\":{\"@type\":\"ImageObject\",\"inLanguage\":\"es\",\"@id\":\"https:\\\/\\\/secure.gravatar.com\\\/avatar\\\/318e234ae94f90d4d629428d6b983c08e31181c28f579e08a021180d759ea651?s=96&d=mm&r=g\",\"url\":\"https:\\\/\\\/secure.gravatar.com\\\/avatar\\\/318e234ae94f90d4d629428d6b983c08e31181c28f579e08a021180d759ea651?s=96&d=mm&r=g\",\"contentUrl\":\"https:\\\/\\\/secure.gravatar.com\\\/avatar\\\/318e234ae94f90d4d629428d6b983c08e31181c28f579e08a021180d759ea651?s=96&d=mm&r=g\",\"caption\":\"admin\"},\"description\":\"Nicolas Laustriat a construit sa sp\u00e9cialit\u00e9 sur un sujet que beaucoup d\u2019organisations d\u00e9couvrent trop tard : ce qui dispara\u00eet quand les gens partent. Dipl\u00f4m\u00e9 en conception de produit industriel, il bifurque vers le digital fin 1996, il couvre les transformations marques, RH, la fid\u00e9lisation, la marque employeur. Sur le terrain, il rep\u00e8re un angle mort r\u00e9current : l\u2019entreprise investit dans le recrutement, la formation, les process\u2026 puis laisse filer le lien au moment du d\u00e9part, avec une perte de savoir et d\u2019influence qui se paie en silence. Il se sp\u00e9cialise alors sur les communaut\u00e9s d\u2019alumni, le mentorat, l\u2019entraide interg\u00e9n\u00e9rationnelle et la transmission d\u2019expertise. Il passe du \u201cconstat\u201d aux m\u00e9thodes : animation, gouvernance, segmentation, rituels, mesure d\u2019engagement, articulation avec la RSE et l\u2019employabilit\u00e9. Il interviewe DRH, responsables formation, directions d\u2019\u00e9coles, associations et fondations, avec une obsession : transformer un r\u00e9seau dormant en m\u00e9canisme utile (cooptation, mentorat, job board, entraide, \u00e9v\u00e9nements, contenus). Son style : direct, orient\u00e9 action, sans folklore. Sa conviction : une communaut\u00e9 n\u2019a pas besoin de bruit, elle a besoin de raisons de revenir.\",\"sameAs\":[\"https:\\\/\\\/www.alumni.space\"]}]}<\/script>\n<!-- \/ Yoast SEO plugin. -->","yoast_head_json":{"title":"Tutor\u00eda: aumentar la confianza de los j\u00f3venes","description":"La tutor\u00eda: una herramienta esencial para aumentar la confianza de los j\u00f3venes y fomentar su desarrollo personal y profesional.","robots":{"index":"index","follow":"follow","max-snippet":"max-snippet:-1","max-image-preview":"max-image-preview:large","max-video-preview":"max-video-preview:-1"},"canonical":"https:\/\/www.alumni.space\/es\/la-tutoria-clave-para-desarrollar-la-confianza-de-los-jovenes\/","og_locale":"es_ES","og_type":"article","og_title":"Tutor\u00eda: aumentar la confianza de los j\u00f3venes","og_description":"La tutor\u00eda: una herramienta esencial para aumentar la confianza de los j\u00f3venes y fomentar su desarrollo personal y profesional.","og_url":"https:\/\/www.alumni.space\/es\/la-tutoria-clave-para-desarrollar-la-confianza-de-los-jovenes\/","og_site_name":"Alumni.space","article_published_time":"2025-12-09T20:27:10+00:00","article_modified_time":"2026-03-28T10:47:52+00:00","og_image":[{"width":1280,"height":768,"url":"https:\/\/www.alumni.space\/wp-content\/uploads\/2026\/03\/Le-mentorat-une-cle-pour-developper-la-confiance-des-jeunes.jpg","type":"image\/jpeg"}],"author":"admin","twitter_card":"summary_large_image","twitter_misc":{"Escrito por":"admin","Tiempo de lectura":"5 minutos"},"schema":{"@context":"https:\/\/schema.org","@graph":[{"@type":"Article","@id":"https:\/\/www.alumni.space\/es\/la-tutoria-clave-para-desarrollar-la-confianza-de-los-jovenes\/#article","isPartOf":{"@id":"https:\/\/www.alumni.space\/es\/la-tutoria-clave-para-desarrollar-la-confianza-de-los-jovenes\/"},"author":{"name":"admin","@id":"https:\/\/www.alumni.space\/es\/#\/schema\/person\/fede362a57876edda476a61f05ce5b15"},"headline":"La tutor\u00eda: clave para desarrollar la confianza de los j\u00f3venes","datePublished":"2025-12-09T20:27:10+00:00","dateModified":"2026-03-28T10:47:52+00:00","mainEntityOfPage":{"@id":"https:\/\/www.alumni.space\/es\/la-tutoria-clave-para-desarrollar-la-confianza-de-los-jovenes\/"},"wordCount":971,"image":{"@id":"https:\/\/www.alumni.space\/es\/la-tutoria-clave-para-desarrollar-la-confianza-de-los-jovenes\/#primaryimage"},"thumbnailUrl":"https:\/\/www.alumni.space\/wp-content\/uploads\/2026\/03\/Le-mentorat-une-cle-pour-developper-la-confiance-des-jeunes.jpg","articleSection":["Tutor\u00eda"],"inLanguage":"es"},{"@type":"WebPage","@id":"https:\/\/www.alumni.space\/es\/la-tutoria-clave-para-desarrollar-la-confianza-de-los-jovenes\/","url":"https:\/\/www.alumni.space\/es\/la-tutoria-clave-para-desarrollar-la-confianza-de-los-jovenes\/","name":"Tutor\u00eda: aumentar la confianza de los j\u00f3venes","isPartOf":{"@id":"https:\/\/www.alumni.space\/es\/#website"},"primaryImageOfPage":{"@id":"https:\/\/www.alumni.space\/es\/la-tutoria-clave-para-desarrollar-la-confianza-de-los-jovenes\/#primaryimage"},"image":{"@id":"https:\/\/www.alumni.space\/es\/la-tutoria-clave-para-desarrollar-la-confianza-de-los-jovenes\/#primaryimage"},"thumbnailUrl":"https:\/\/www.alumni.space\/wp-content\/uploads\/2026\/03\/Le-mentorat-une-cle-pour-developper-la-confiance-des-jeunes.jpg","datePublished":"2025-12-09T20:27:10+00:00","dateModified":"2026-03-28T10:47:52+00:00","author":{"@id":"https:\/\/www.alumni.space\/es\/#\/schema\/person\/fede362a57876edda476a61f05ce5b15"},"description":"La tutor\u00eda: una herramienta esencial para aumentar la confianza de los j\u00f3venes y fomentar su desarrollo personal y profesional.","breadcrumb":{"@id":"https:\/\/www.alumni.space\/es\/la-tutoria-clave-para-desarrollar-la-confianza-de-los-jovenes\/#breadcrumb"},"inLanguage":"es","potentialAction":[{"@type":"ReadAction","target":["https:\/\/www.alumni.space\/es\/la-tutoria-clave-para-desarrollar-la-confianza-de-los-jovenes\/"]}]},{"@type":"ImageObject","inLanguage":"es","@id":"https:\/\/www.alumni.space\/es\/la-tutoria-clave-para-desarrollar-la-confianza-de-los-jovenes\/#primaryimage","url":"https:\/\/www.alumni.space\/wp-content\/uploads\/2026\/03\/Le-mentorat-une-cle-pour-developper-la-confiance-des-jeunes.jpg","contentUrl":"https:\/\/www.alumni.space\/wp-content\/uploads\/2026\/03\/Le-mentorat-une-cle-pour-developper-la-confiance-des-jeunes.jpg","width":1280,"height":768,"caption":"Descubre c\u00f3mo la tutor\u00eda puede aumentar la confianza de los j\u00f3venes y ayudarles a desarrollarse personal y profesionalmente."},{"@type":"BreadcrumbList","@id":"https:\/\/www.alumni.space\/es\/la-tutoria-clave-para-desarrollar-la-confianza-de-los-jovenes\/#breadcrumb","itemListElement":[{"@type":"ListItem","position":1,"name":"Home","item":"https:\/\/www.alumni.space\/es\/plataforma-de-tutoria-y-gestion-de-antiguos-alumnos\/"},{"@type":"ListItem","position":2,"name":"La tutor\u00eda: clave para desarrollar la confianza de los j\u00f3venes"}]},{"@type":"WebSite","@id":"https:\/\/www.alumni.space\/es\/#website","url":"https:\/\/www.alumni.space\/es\/","name":"Alumni.space","description":"My WordPress Blog","potentialAction":[{"@type":"SearchAction","target":{"@type":"EntryPoint","urlTemplate":"https:\/\/www.alumni.space\/es\/?s={search_term_string}"},"query-input":{"@type":"PropertyValueSpecification","valueRequired":true,"valueName":"search_term_string"}}],"inLanguage":"es"},{"@type":"Person","@id":"https:\/\/www.alumni.space\/es\/#\/schema\/person\/fede362a57876edda476a61f05ce5b15","name":"admin","image":{"@type":"ImageObject","inLanguage":"es","@id":"https:\/\/secure.gravatar.com\/avatar\/318e234ae94f90d4d629428d6b983c08e31181c28f579e08a021180d759ea651?s=96&d=mm&r=g","url":"https:\/\/secure.gravatar.com\/avatar\/318e234ae94f90d4d629428d6b983c08e31181c28f579e08a021180d759ea651?s=96&d=mm&r=g","contentUrl":"https:\/\/secure.gravatar.com\/avatar\/318e234ae94f90d4d629428d6b983c08e31181c28f579e08a021180d759ea651?s=96&d=mm&r=g","caption":"admin"},"description":"Nicolas Laustriat a construit sa sp\u00e9cialit\u00e9 sur un sujet que beaucoup d\u2019organisations d\u00e9couvrent trop tard : ce qui dispara\u00eet quand les gens partent. Dipl\u00f4m\u00e9 en conception de produit industriel, il bifurque vers le digital fin 1996, il couvre les transformations marques, RH, la fid\u00e9lisation, la marque employeur. Sur le terrain, il rep\u00e8re un angle mort r\u00e9current : l\u2019entreprise investit dans le recrutement, la formation, les process\u2026 puis laisse filer le lien au moment du d\u00e9part, avec une perte de savoir et d\u2019influence qui se paie en silence. Il se sp\u00e9cialise alors sur les communaut\u00e9s d\u2019alumni, le mentorat, l\u2019entraide interg\u00e9n\u00e9rationnelle et la transmission d\u2019expertise. Il passe du \u201cconstat\u201d aux m\u00e9thodes : animation, gouvernance, segmentation, rituels, mesure d\u2019engagement, articulation avec la RSE et l\u2019employabilit\u00e9. Il interviewe DRH, responsables formation, directions d\u2019\u00e9coles, associations et fondations, avec une obsession : transformer un r\u00e9seau dormant en m\u00e9canisme utile (cooptation, mentorat, job board, entraide, \u00e9v\u00e9nements, contenus). Son style : direct, orient\u00e9 action, sans folklore. Sa conviction : une communaut\u00e9 n\u2019a pas besoin de bruit, elle a besoin de raisons de revenir.","sameAs":["https:\/\/www.alumni.space"]}]}},"_links":{"self":[{"href":"https:\/\/www.alumni.space\/es\/wp-json\/wp\/v2\/posts\/4694","targetHints":{"allow":["GET"]}}],"collection":[{"href":"https:\/\/www.alumni.space\/es\/wp-json\/wp\/v2\/posts"}],"about":[{"href":"https:\/\/www.alumni.space\/es\/wp-json\/wp\/v2\/types\/post"}],"author":[{"embeddable":true,"href":"https:\/\/www.alumni.space\/es\/wp-json\/wp\/v2\/users\/1"}],"replies":[{"embeddable":true,"href":"https:\/\/www.alumni.space\/es\/wp-json\/wp\/v2\/comments?post=4694"}],"version-history":[{"count":1,"href":"https:\/\/www.alumni.space\/es\/wp-json\/wp\/v2\/posts\/4694\/revisions"}],"predecessor-version":[{"id":4698,"href":"https:\/\/www.alumni.space\/es\/wp-json\/wp\/v2\/posts\/4694\/revisions\/4698"}],"wp:featuredmedia":[{"embeddable":true,"href":"https:\/\/www.alumni.space\/es\/wp-json\/wp\/v2\/media\/4697"}],"wp:attachment":[{"href":"https:\/\/www.alumni.space\/es\/wp-json\/wp\/v2\/media?parent=4694"}],"wp:term":[{"taxonomy":"category","embeddable":true,"href":"https:\/\/www.alumni.space\/es\/wp-json\/wp\/v2\/categories?post=4694"},{"taxonomy":"post_tag","embeddable":true,"href":"https:\/\/www.alumni.space\/es\/wp-json\/wp\/v2\/tags?post=4694"}],"curies":[{"name":"wp","href":"https:\/\/api.w.org\/{rel}","templated":true}]}}