{"id":7272,"date":"2025-01-12T03:21:54","date_gmt":"2025-01-12T03:21:54","guid":{"rendered":"https:\/\/www.alumni.space\/public-health-on-alert-for-the-loss-of-medical-knowledge\/"},"modified":"2026-04-02T12:08:55","modified_gmt":"2026-04-02T12:08:55","slug":"public-health-on-alert-for-the-loss-of-medical-knowledge","status":"publish","type":"post","link":"https:\/\/www.alumni.space\/en\/public-health-on-alert-for-the-loss-of-medical-knowledge\/","title":{"rendered":"Public health on alert for the loss of medical knowledge"},"content":{"rendered":"<p>Public health in France is facing a major threat from the <strong>loss of medical knowledge<\/strong>. This raises concerns about the <strong>transmission of<\/strong> essential <strong>knowledge<\/strong>, the <strong>preservation of<\/strong> medical <strong>heritage<\/strong> and the impact on the <strong>prevention<\/strong> and global health <strong>system<\/strong>. <\/p><div id=\"ez-toc-container\" class=\"ez-toc-v2_0_82_2 counter-flat ez-toc-counter ez-toc-grey ez-toc-container-direction\">\n<div class=\"ez-toc-title-container\"><p class=\"ez-toc-title\" style=\"cursor:inherit\">In this article:<\/p>\n<\/div><nav><ul class='ez-toc-list ez-toc-list-level-1 ' ><li class='ez-toc-page-1'><a class=\"ez-toc-link ez-toc-heading-1\" href=\"https:\/\/www.alumni.space\/en\/public-health-on-alert-for-the-loss-of-medical-knowledge\/#A_public_health_crisis_revealed_by_the_scarcity_of_medical_knowledge\" >A public health crisis revealed by the scarcity of medical knowledge<\/a><\/li><li class='ez-toc-page-1'><a class=\"ez-toc-link ez-toc-heading-2\" href=\"https:\/\/www.alumni.space\/en\/public-health-on-alert-for-the-loss-of-medical-knowledge\/#The_ageing_of_the_medical_population_a_major_obstacle_to_the_transmission_of_knowledge\" >The ageing of the medical population, a major obstacle to the transmission of knowledge<\/a><\/li><li class='ez-toc-page-1'><a class=\"ez-toc-link ez-toc-heading-3\" href=\"https:\/\/www.alumni.space\/en\/public-health-on-alert-for-the-loss-of-medical-knowledge\/#The_concrete_effects_of_the_loss_of_medical_knowledge_on_public_health_and_prevention\" >The concrete effects of the loss of medical knowledge on public health and prevention<\/a><\/li><li class='ez-toc-page-1'><a class=\"ez-toc-link ez-toc-heading-4\" href=\"https:\/\/www.alumni.space\/en\/public-health-on-alert-for-the-loss-of-medical-knowledge\/#Vigilance_in_the_management_of_healthcare_data_a_key_issue_in_preserving_medical_heritage\" >Vigilance in the management of healthcare data, a key issue in preserving medical heritage<\/a><\/li><li class='ez-toc-page-1'><a class=\"ez-toc-link ez-toc-heading-5\" href=\"https:\/\/www.alumni.space\/en\/public-health-on-alert-for-the-loss-of-medical-knowledge\/#Innovative_solutions_to_stem_the_loss_of_knowledge_and_strengthen_the_cohesion_of_healthcare_professionals\" >Innovative solutions to stem the loss of knowledge and strengthen the cohesion of healthcare professionals<\/a><\/li><li class='ez-toc-page-1'><a class=\"ez-toc-link ez-toc-heading-6\" href=\"https:\/\/www.alumni.space\/en\/public-health-on-alert-for-the-loss-of-medical-knowledge\/#The_contribution_of_mentoring_and_active_communities_in_maintaining_medical_knowledge\" >The contribution of mentoring and active communities in maintaining medical knowledge<\/a><\/li><li class='ez-toc-page-1'><a class=\"ez-toc-link ez-toc-heading-7\" href=\"https:\/\/www.alumni.space\/en\/public-health-on-alert-for-the-loss-of-medical-knowledge\/#Encouraging_a_proactive_public_health_policy_against_the_disappearance_of_medical_knowledge\" >Encouraging a proactive public health policy against the disappearance of medical knowledge<\/a><\/li><\/ul><\/nav><\/div>\n<h2 class=\"wp-block-heading\"><span class=\"ez-toc-section\" id=\"A_public_health_crisis_revealed_by_the_scarcity_of_medical_knowledge\"><\/span>A public health crisis revealed by the scarcity of medical knowledge<span class=\"ez-toc-section-end\"><\/span><\/h2><p>The shortage of doctors, with a marked decline in the number of general practitioners and specialists, is undermining the continuum of care. In <strong>2025, France will have 241,255 doctors<\/strong>, a slight increase, yet regional crises in medical governance persist. Over <strong>87% of the country is affected by medical deserts<\/strong>, especially in rural areas, limiting access to basic care. This situation exacerbates the difficulty of maintaining <strong>traditional<\/strong> local <strong>medicine<\/strong>, where experience and know-how play a crucial role.   <\/p><figure class=\"wp-block-image size-full\"><img decoding=\"async\" width=\"1280\" height=\"768\" src=\"https:\/\/www.alumni.space\/wp-content\/uploads\/2026\/03\/La-sante-publique-en-alerte-face-a-la-perte-de-savoir-medical-1.jpg\" data-orig-src=\"https:\/\/www.alumni.space\/wp-content\/uploads\/2026\/03\/La-sante-publique-en-alerte-face-a-la-perte-de-savoir-medical-1.jpg\" alt=\"discover the crucial issues facing public health in the face of the progressive loss of medical knowledge, and the measures needed to preserve essential knowledge.\" class=\"lazyload wp-image-3225\" srcset=\"data:image\/svg+xml,%3Csvg%20xmlns%3D%27http%3A%2F%2Fwww.w3.org%2F2000%2Fsvg%27%20width%3D%271280%27%20height%3D%27768%27%20viewBox%3D%270%200%201280%20768%27%3E%3Crect%20width%3D%271280%27%20height%3D%27768%27%20fill-opacity%3D%220%22%2F%3E%3C%2Fsvg%3E\" data-srcset=\"https:\/\/www.alumni.space\/wp-content\/uploads\/2026\/03\/La-sante-publique-en-alerte-face-a-la-perte-de-savoir-medical-1-200x120.jpg 200w, https:\/\/www.alumni.space\/wp-content\/uploads\/2026\/03\/La-sante-publique-en-alerte-face-a-la-perte-de-savoir-medical-1-300x180.jpg 300w, https:\/\/www.alumni.space\/wp-content\/uploads\/2026\/03\/La-sante-publique-en-alerte-face-a-la-perte-de-savoir-medical-1-400x240.jpg 400w, https:\/\/www.alumni.space\/wp-content\/uploads\/2026\/03\/La-sante-publique-en-alerte-face-a-la-perte-de-savoir-medical-1-600x360.jpg 600w, https:\/\/www.alumni.space\/wp-content\/uploads\/2026\/03\/La-sante-publique-en-alerte-face-a-la-perte-de-savoir-medical-1-768x461.jpg 768w, https:\/\/www.alumni.space\/wp-content\/uploads\/2026\/03\/La-sante-publique-en-alerte-face-a-la-perte-de-savoir-medical-1-800x480.jpg 800w, https:\/\/www.alumni.space\/wp-content\/uploads\/2026\/03\/La-sante-publique-en-alerte-face-a-la-perte-de-savoir-medical-1-1024x614.jpg 1024w, https:\/\/www.alumni.space\/wp-content\/uploads\/2026\/03\/La-sante-publique-en-alerte-face-a-la-perte-de-savoir-medical-1-1200x720.jpg 1200w, https:\/\/www.alumni.space\/wp-content\/uploads\/2026\/03\/La-sante-publique-en-alerte-face-a-la-perte-de-savoir-medical-1.jpg 1280w\" data-sizes=\"auto\" data-orig-sizes=\"(max-width: 1280px) 100vw, 1280px\" \/><\/figure><h3 class=\"wp-block-heading\"><span class=\"ez-toc-section\" id=\"The_ageing_of_the_medical_population_a_major_obstacle_to_the_transmission_of_knowledge\"><\/span>The ageing of the medical population, a major obstacle to the transmission of knowledge<span class=\"ez-toc-section-end\"><\/span><\/h3><p>The high average age of GPs, particularly in under-serviced areas, is leading to a <strong>massive loss of skills<\/strong> to retirement without adequate replacement. Almost 43% of general practitioners are over 60, a situation that exacerbates the <strong>loss of<\/strong> accumulated <strong>medical knowledge<\/strong>. This situation risks destabilizing the care network, with direct impacts on the <strong>quality of diagnosis<\/strong> and patient follow-up.  <\/p><h2 class=\"wp-block-heading\"><span class=\"ez-toc-section\" id=\"The_concrete_effects_of_the_loss_of_medical_knowledge_on_public_health_and_prevention\"><\/span>The concrete effects of the loss of medical knowledge on public health and prevention<span class=\"ez-toc-section-end\"><\/span><\/h2><p>In addition to affecting access to care, the <strong>loss of knowledge<\/strong> has a negative impact on the healthcare system&#8217;s ability to provide effective prevention. <strong>Diagnostic errors<\/strong>, estimated at almost 10% during clinical interactions, are part of this worrying context. Without a structured transmission of skills, the <strong>continuity of knowledge<\/strong> is compromised, degrading the overall health impact.  <\/p><h3 class=\"wp-block-heading\"><span class=\"ez-toc-section\" id=\"Vigilance_in_the_management_of_healthcare_data_a_key_issue_in_preserving_medical_heritage\"><\/span>Vigilance in the management of healthcare data, a key issue in preserving medical heritage<span class=\"ez-toc-section-end\"><\/span><\/h3><p>The<strong>French Association of Archivists<\/strong> warns of the risk of data loss during technological changes in healthcare establishments. Poor management or poorly controlled software migration can lead to the permanent disappearance of information crucial to a patient&#8217;s medical history. This phenomenon illustrates the current challenges linked to the protection and <strong>transmission of<\/strong> medical <strong>data<\/strong>, essential for research and healthcare safety.  <\/p><h2 class=\"wp-block-heading\"><span class=\"ez-toc-section\" id=\"Innovative_solutions_to_stem_the_loss_of_knowledge_and_strengthen_the_cohesion_of_healthcare_professionals\"><\/span>Innovative solutions to stem the loss of knowledge and strengthen the cohesion of healthcare professionals<span class=\"ez-toc-section-end\"><\/span><\/h2><p>Faced with these challenges, decision-makers are turning to methods that combine innovation and community management. The <a href=\"https:\/\/www.alumni.space\/en\/the-loss-of-knowledge-in-consulting-firms-a-strategic-risk\/\">alumni.space<\/a> platform illustrates this positioning with its SaaS approach to <strong>community management and animation<\/strong>, helping to bring together professional <strong>alumni<\/strong> and mentors. This ensures the <strong>smooth transmission of knowledge<\/strong>, reduces the risk of loss, and supports the effective integration of new players into the network.  <\/p><p>This dynamic translates into better <strong>co-optation<\/strong>, more rigorous management of experience capital and a lasting commitment to<strong>mutual<\/strong>professional<strong>support<\/strong>. For facilities and institutions, adopting such a solution offers a robust alternative to dispersed tools, facilitating the supervision of medical training cycles and the <strong>continuity of links<\/strong> between generations. <\/p><h3 class=\"wp-block-heading\"><span class=\"ez-toc-section\" id=\"The_contribution_of_mentoring_and_active_communities_in_maintaining_medical_knowledge\"><\/span>The contribution of mentoring and active communities in maintaining medical knowledge<span class=\"ez-toc-section-end\"><\/span><\/h3><p>A structured methodology that encourages the creation of mentor-mentee pairs in a variety of contexts &#8211; schools, hospitals, associations &#8211; optimizes the <strong>conservation of medical heritage<\/strong>. Intergenerational mentoring offers a framework in which experience is combined with the freshness of new skills, responding effectively to the <strong>need for transmission<\/strong> in a sector under pressure. <\/p><p>Clear rituals, a shared timetable and precise indicators enable us to measure the real impact of these systems. These tools also help to reduce the psychosocial risks associated with professional overload, a precious resource in the management of healthcare professionals. <\/p><h2 class=\"wp-block-heading\"><span class=\"ez-toc-section\" id=\"Encouraging_a_proactive_public_health_policy_against_the_disappearance_of_medical_knowledge\"><\/span>Encouraging a proactive public health policy against the disappearance of medical knowledge<span class=\"ez-toc-section-end\"><\/span><\/h2><p>Numerous reports underline the need for coordinated action between public authorities and professional communities. Anticipating the retirement of doctors, reorganizing training courses, and regulating the management of medical data are essential levers. These initiatives are all part of a systemic prevention policy designed to ensure equitable access to healthcare across the country.  <\/p><p>It is also a question of strengthening the role of <a href=\"https:\/\/www.vie-publique.fr\/eclairage\/24080-sante-quelle-politique-publique-contre-les-deserts-medicaux\">public decision-makers<\/a> in managing these issues, through integrated digital tools that facilitate the monitoring of medical demographics and career paths. Concerted action will help to reduce the <strong>hidden costs<\/strong> associated with the loss of knowledge, improve the positioning of establishments with regard to their image, and thus increase the resilience of the healthcare system. <\/p><p>A step-by-step approach, supported by specialized platforms offering a common environment for exchange and skills enhancement, fosters the consolidation of a <strong>committed medical community<\/strong>. By integrating these solutions, healthcare professionals gain in efficiency, while preserving an intangible heritage that is crucial to the sustainability of public service. <\/p>","protected":false},"excerpt":{"rendered":"<p>Public health in France is facing a major threat from  [&#8230;]<\/p>\n","protected":false},"author":1,"featured_media":7274,"comment_status":"closed","ping_status":"","sticky":false,"template":"","format":"standard","meta":{"_ayudawp_aiss_exclude":false,"footnotes":""},"categories":[53],"tags":[],"class_list":["post-7272","post","type-post","status-publish","format-standard","has-post-thumbnail","hentry","category-knowledge-sharing"],"yoast_head":"<!-- This site is optimized with the Yoast SEO plugin v27.4 - https:\/\/yoast.com\/product\/yoast-seo-wordpress\/ -->\n<title>Alert: When Public Health Loses Its Medical Knowledge<\/title>\n<meta name=\"description\" content=\"Public health warns of the loss of medical knowledge, a crucial issue for guaranteeing quality care and preserving our medical heritage.\" \/>\n<meta name=\"robots\" content=\"index, follow, max-snippet:-1, max-image-preview:large, max-video-preview:-1\" \/>\n<link rel=\"canonical\" href=\"https:\/\/www.alumni.space\/en\/public-health-on-alert-for-the-loss-of-medical-knowledge\/\" \/>\n<meta property=\"og:locale\" content=\"en_US\" \/>\n<meta property=\"og:type\" content=\"article\" \/>\n<meta property=\"og:title\" content=\"Alert: When Public Health Loses Its Medical Knowledge\" \/>\n<meta property=\"og:description\" content=\"Public health warns of the loss of medical knowledge, a crucial issue for guaranteeing quality care and preserving our medical heritage.\" \/>\n<meta property=\"og:url\" content=\"https:\/\/www.alumni.space\/en\/public-health-on-alert-for-the-loss-of-medical-knowledge\/\" \/>\n<meta property=\"og:site_name\" content=\"Alumni.space\" \/>\n<meta property=\"article:published_time\" content=\"2025-01-12T03:21:54+00:00\" \/>\n<meta property=\"article:modified_time\" content=\"2026-04-02T12:08:55+00:00\" \/>\n<meta property=\"og:image\" content=\"https:\/\/www.alumni.space\/wp-content\/uploads\/2026\/03\/La-sante-publique-en-alerte-face-a-la-perte-de-savoir-medical.jpg\" \/>\n\t<meta property=\"og:image:width\" content=\"1280\" \/>\n\t<meta property=\"og:image:height\" content=\"768\" \/>\n\t<meta property=\"og:image:type\" content=\"image\/jpeg\" \/>\n<meta name=\"author\" content=\"admin\" \/>\n<meta name=\"twitter:card\" content=\"summary_large_image\" \/>\n<meta name=\"twitter:label1\" content=\"Written by\" \/>\n\t<meta name=\"twitter:data1\" content=\"admin\" \/>\n\t<meta name=\"twitter:label2\" content=\"Est. reading time\" \/>\n\t<meta name=\"twitter:data2\" content=\"4 minutes\" \/>\n<script type=\"application\/ld+json\" class=\"yoast-schema-graph\">{\"@context\":\"https:\\\/\\\/schema.org\",\"@graph\":[{\"@type\":\"Article\",\"@id\":\"https:\\\/\\\/www.alumni.space\\\/en\\\/public-health-on-alert-for-the-loss-of-medical-knowledge\\\/#article\",\"isPartOf\":{\"@id\":\"https:\\\/\\\/www.alumni.space\\\/en\\\/public-health-on-alert-for-the-loss-of-medical-knowledge\\\/\"},\"author\":{\"name\":\"admin\",\"@id\":\"https:\\\/\\\/www.alumni.space\\\/en\\\/#\\\/schema\\\/person\\\/fede362a57876edda476a61f05ce5b15\"},\"headline\":\"Public health on alert for the loss of medical knowledge\",\"datePublished\":\"2025-01-12T03:21:54+00:00\",\"dateModified\":\"2026-04-02T12:08:55+00:00\",\"mainEntityOfPage\":{\"@id\":\"https:\\\/\\\/www.alumni.space\\\/en\\\/public-health-on-alert-for-the-loss-of-medical-knowledge\\\/\"},\"wordCount\":751,\"image\":{\"@id\":\"https:\\\/\\\/www.alumni.space\\\/en\\\/public-health-on-alert-for-the-loss-of-medical-knowledge\\\/#primaryimage\"},\"thumbnailUrl\":\"https:\\\/\\\/www.alumni.space\\\/wp-content\\\/uploads\\\/2026\\\/03\\\/La-sante-publique-en-alerte-face-a-la-perte-de-savoir-medical.jpg\",\"articleSection\":[\"Knowledge sharing\"],\"inLanguage\":\"en-US\"},{\"@type\":\"WebPage\",\"@id\":\"https:\\\/\\\/www.alumni.space\\\/en\\\/public-health-on-alert-for-the-loss-of-medical-knowledge\\\/\",\"url\":\"https:\\\/\\\/www.alumni.space\\\/en\\\/public-health-on-alert-for-the-loss-of-medical-knowledge\\\/\",\"name\":\"Alert: When Public Health Loses Its Medical Knowledge\",\"isPartOf\":{\"@id\":\"https:\\\/\\\/www.alumni.space\\\/en\\\/#website\"},\"primaryImageOfPage\":{\"@id\":\"https:\\\/\\\/www.alumni.space\\\/en\\\/public-health-on-alert-for-the-loss-of-medical-knowledge\\\/#primaryimage\"},\"image\":{\"@id\":\"https:\\\/\\\/www.alumni.space\\\/en\\\/public-health-on-alert-for-the-loss-of-medical-knowledge\\\/#primaryimage\"},\"thumbnailUrl\":\"https:\\\/\\\/www.alumni.space\\\/wp-content\\\/uploads\\\/2026\\\/03\\\/La-sante-publique-en-alerte-face-a-la-perte-de-savoir-medical.jpg\",\"datePublished\":\"2025-01-12T03:21:54+00:00\",\"dateModified\":\"2026-04-02T12:08:55+00:00\",\"author\":{\"@id\":\"https:\\\/\\\/www.alumni.space\\\/en\\\/#\\\/schema\\\/person\\\/fede362a57876edda476a61f05ce5b15\"},\"description\":\"Public health warns of the loss of medical knowledge, a crucial issue for guaranteeing quality care and preserving our medical heritage.\",\"breadcrumb\":{\"@id\":\"https:\\\/\\\/www.alumni.space\\\/en\\\/public-health-on-alert-for-the-loss-of-medical-knowledge\\\/#breadcrumb\"},\"inLanguage\":\"en-US\",\"potentialAction\":[{\"@type\":\"ReadAction\",\"target\":[\"https:\\\/\\\/www.alumni.space\\\/en\\\/public-health-on-alert-for-the-loss-of-medical-knowledge\\\/\"]}]},{\"@type\":\"ImageObject\",\"inLanguage\":\"en-US\",\"@id\":\"https:\\\/\\\/www.alumni.space\\\/en\\\/public-health-on-alert-for-the-loss-of-medical-knowledge\\\/#primaryimage\",\"url\":\"https:\\\/\\\/www.alumni.space\\\/wp-content\\\/uploads\\\/2026\\\/03\\\/La-sante-publique-en-alerte-face-a-la-perte-de-savoir-medical.jpg\",\"contentUrl\":\"https:\\\/\\\/www.alumni.space\\\/wp-content\\\/uploads\\\/2026\\\/03\\\/La-sante-publique-en-alerte-face-a-la-perte-de-savoir-medical.jpg\",\"width\":1280,\"height\":768,\"caption\":\"discover the critical issues facing public health in the face of the growing loss of medical knowledge, and the measures needed to preserve essential knowledge.\"},{\"@type\":\"BreadcrumbList\",\"@id\":\"https:\\\/\\\/www.alumni.space\\\/en\\\/public-health-on-alert-for-the-loss-of-medical-knowledge\\\/#breadcrumb\",\"itemListElement\":[{\"@type\":\"ListItem\",\"position\":1,\"name\":\"Home\",\"item\":\"https:\\\/\\\/www.alumni.space\\\/en\\\/mentoring-and-alumni-management-platform\\\/\"},{\"@type\":\"ListItem\",\"position\":2,\"name\":\"Public health on alert for the loss of medical knowledge\"}]},{\"@type\":\"WebSite\",\"@id\":\"https:\\\/\\\/www.alumni.space\\\/en\\\/#website\",\"url\":\"https:\\\/\\\/www.alumni.space\\\/en\\\/\",\"name\":\"Alumni.space\",\"description\":\"My WordPress Blog\",\"potentialAction\":[{\"@type\":\"SearchAction\",\"target\":{\"@type\":\"EntryPoint\",\"urlTemplate\":\"https:\\\/\\\/www.alumni.space\\\/en\\\/?s={search_term_string}\"},\"query-input\":{\"@type\":\"PropertyValueSpecification\",\"valueRequired\":true,\"valueName\":\"search_term_string\"}}],\"inLanguage\":\"en-US\"},{\"@type\":\"Person\",\"@id\":\"https:\\\/\\\/www.alumni.space\\\/en\\\/#\\\/schema\\\/person\\\/fede362a57876edda476a61f05ce5b15\",\"name\":\"admin\",\"image\":{\"@type\":\"ImageObject\",\"inLanguage\":\"en-US\",\"@id\":\"https:\\\/\\\/secure.gravatar.com\\\/avatar\\\/318e234ae94f90d4d629428d6b983c08e31181c28f579e08a021180d759ea651?s=96&d=mm&r=g\",\"url\":\"https:\\\/\\\/secure.gravatar.com\\\/avatar\\\/318e234ae94f90d4d629428d6b983c08e31181c28f579e08a021180d759ea651?s=96&d=mm&r=g\",\"contentUrl\":\"https:\\\/\\\/secure.gravatar.com\\\/avatar\\\/318e234ae94f90d4d629428d6b983c08e31181c28f579e08a021180d759ea651?s=96&d=mm&r=g\",\"caption\":\"admin\"},\"description\":\"Nicolas Laustriat a construit sa sp\u00e9cialit\u00e9 sur un sujet que beaucoup d\u2019organisations d\u00e9couvrent trop tard : ce qui dispara\u00eet quand les gens partent. Dipl\u00f4m\u00e9 en conception de produit industriel, il bifurque vers le digital fin 1996, il couvre les transformations marques, RH, la fid\u00e9lisation, la marque employeur. Sur le terrain, il rep\u00e8re un angle mort r\u00e9current : l\u2019entreprise investit dans le recrutement, la formation, les process\u2026 puis laisse filer le lien au moment du d\u00e9part, avec une perte de savoir et d\u2019influence qui se paie en silence. Il se sp\u00e9cialise alors sur les communaut\u00e9s d\u2019alumni, le mentorat, l\u2019entraide interg\u00e9n\u00e9rationnelle et la transmission d\u2019expertise. Il passe du \u201cconstat\u201d aux m\u00e9thodes : animation, gouvernance, segmentation, rituels, mesure d\u2019engagement, articulation avec la RSE et l\u2019employabilit\u00e9. Il interviewe DRH, responsables formation, directions d\u2019\u00e9coles, associations et fondations, avec une obsession : transformer un r\u00e9seau dormant en m\u00e9canisme utile (cooptation, mentorat, job board, entraide, \u00e9v\u00e9nements, contenus). Son style : direct, orient\u00e9 action, sans folklore. Sa conviction : une communaut\u00e9 n\u2019a pas besoin de bruit, elle a besoin de raisons de revenir.\",\"sameAs\":[\"https:\\\/\\\/www.alumni.space\"]}]}<\/script>\n<!-- \/ Yoast SEO plugin. -->","yoast_head_json":{"title":"Alert: When Public Health Loses Its Medical Knowledge","description":"Public health warns of the loss of medical knowledge, a crucial issue for guaranteeing quality care and preserving our medical heritage.","robots":{"index":"index","follow":"follow","max-snippet":"max-snippet:-1","max-image-preview":"max-image-preview:large","max-video-preview":"max-video-preview:-1"},"canonical":"https:\/\/www.alumni.space\/en\/public-health-on-alert-for-the-loss-of-medical-knowledge\/","og_locale":"en_US","og_type":"article","og_title":"Alert: When Public Health Loses Its Medical Knowledge","og_description":"Public health warns of the loss of medical knowledge, a crucial issue for guaranteeing quality care and preserving our medical heritage.","og_url":"https:\/\/www.alumni.space\/en\/public-health-on-alert-for-the-loss-of-medical-knowledge\/","og_site_name":"Alumni.space","article_published_time":"2025-01-12T03:21:54+00:00","article_modified_time":"2026-04-02T12:08:55+00:00","og_image":[{"width":1280,"height":768,"url":"https:\/\/www.alumni.space\/wp-content\/uploads\/2026\/03\/La-sante-publique-en-alerte-face-a-la-perte-de-savoir-medical.jpg","type":"image\/jpeg"}],"author":"admin","twitter_card":"summary_large_image","twitter_misc":{"Written by":"admin","Est. reading time":"4 minutes"},"schema":{"@context":"https:\/\/schema.org","@graph":[{"@type":"Article","@id":"https:\/\/www.alumni.space\/en\/public-health-on-alert-for-the-loss-of-medical-knowledge\/#article","isPartOf":{"@id":"https:\/\/www.alumni.space\/en\/public-health-on-alert-for-the-loss-of-medical-knowledge\/"},"author":{"name":"admin","@id":"https:\/\/www.alumni.space\/en\/#\/schema\/person\/fede362a57876edda476a61f05ce5b15"},"headline":"Public health on alert for the loss of medical knowledge","datePublished":"2025-01-12T03:21:54+00:00","dateModified":"2026-04-02T12:08:55+00:00","mainEntityOfPage":{"@id":"https:\/\/www.alumni.space\/en\/public-health-on-alert-for-the-loss-of-medical-knowledge\/"},"wordCount":751,"image":{"@id":"https:\/\/www.alumni.space\/en\/public-health-on-alert-for-the-loss-of-medical-knowledge\/#primaryimage"},"thumbnailUrl":"https:\/\/www.alumni.space\/wp-content\/uploads\/2026\/03\/La-sante-publique-en-alerte-face-a-la-perte-de-savoir-medical.jpg","articleSection":["Knowledge sharing"],"inLanguage":"en-US"},{"@type":"WebPage","@id":"https:\/\/www.alumni.space\/en\/public-health-on-alert-for-the-loss-of-medical-knowledge\/","url":"https:\/\/www.alumni.space\/en\/public-health-on-alert-for-the-loss-of-medical-knowledge\/","name":"Alert: When Public Health Loses Its Medical Knowledge","isPartOf":{"@id":"https:\/\/www.alumni.space\/en\/#website"},"primaryImageOfPage":{"@id":"https:\/\/www.alumni.space\/en\/public-health-on-alert-for-the-loss-of-medical-knowledge\/#primaryimage"},"image":{"@id":"https:\/\/www.alumni.space\/en\/public-health-on-alert-for-the-loss-of-medical-knowledge\/#primaryimage"},"thumbnailUrl":"https:\/\/www.alumni.space\/wp-content\/uploads\/2026\/03\/La-sante-publique-en-alerte-face-a-la-perte-de-savoir-medical.jpg","datePublished":"2025-01-12T03:21:54+00:00","dateModified":"2026-04-02T12:08:55+00:00","author":{"@id":"https:\/\/www.alumni.space\/en\/#\/schema\/person\/fede362a57876edda476a61f05ce5b15"},"description":"Public health warns of the loss of medical knowledge, a crucial issue for guaranteeing quality care and preserving our medical heritage.","breadcrumb":{"@id":"https:\/\/www.alumni.space\/en\/public-health-on-alert-for-the-loss-of-medical-knowledge\/#breadcrumb"},"inLanguage":"en-US","potentialAction":[{"@type":"ReadAction","target":["https:\/\/www.alumni.space\/en\/public-health-on-alert-for-the-loss-of-medical-knowledge\/"]}]},{"@type":"ImageObject","inLanguage":"en-US","@id":"https:\/\/www.alumni.space\/en\/public-health-on-alert-for-the-loss-of-medical-knowledge\/#primaryimage","url":"https:\/\/www.alumni.space\/wp-content\/uploads\/2026\/03\/La-sante-publique-en-alerte-face-a-la-perte-de-savoir-medical.jpg","contentUrl":"https:\/\/www.alumni.space\/wp-content\/uploads\/2026\/03\/La-sante-publique-en-alerte-face-a-la-perte-de-savoir-medical.jpg","width":1280,"height":768,"caption":"discover the critical issues facing public health in the face of the growing loss of medical knowledge, and the measures needed to preserve essential knowledge."},{"@type":"BreadcrumbList","@id":"https:\/\/www.alumni.space\/en\/public-health-on-alert-for-the-loss-of-medical-knowledge\/#breadcrumb","itemListElement":[{"@type":"ListItem","position":1,"name":"Home","item":"https:\/\/www.alumni.space\/en\/mentoring-and-alumni-management-platform\/"},{"@type":"ListItem","position":2,"name":"Public health on alert for the loss of medical knowledge"}]},{"@type":"WebSite","@id":"https:\/\/www.alumni.space\/en\/#website","url":"https:\/\/www.alumni.space\/en\/","name":"Alumni.space","description":"My WordPress Blog","potentialAction":[{"@type":"SearchAction","target":{"@type":"EntryPoint","urlTemplate":"https:\/\/www.alumni.space\/en\/?s={search_term_string}"},"query-input":{"@type":"PropertyValueSpecification","valueRequired":true,"valueName":"search_term_string"}}],"inLanguage":"en-US"},{"@type":"Person","@id":"https:\/\/www.alumni.space\/en\/#\/schema\/person\/fede362a57876edda476a61f05ce5b15","name":"admin","image":{"@type":"ImageObject","inLanguage":"en-US","@id":"https:\/\/secure.gravatar.com\/avatar\/318e234ae94f90d4d629428d6b983c08e31181c28f579e08a021180d759ea651?s=96&d=mm&r=g","url":"https:\/\/secure.gravatar.com\/avatar\/318e234ae94f90d4d629428d6b983c08e31181c28f579e08a021180d759ea651?s=96&d=mm&r=g","contentUrl":"https:\/\/secure.gravatar.com\/avatar\/318e234ae94f90d4d629428d6b983c08e31181c28f579e08a021180d759ea651?s=96&d=mm&r=g","caption":"admin"},"description":"Nicolas Laustriat a construit sa sp\u00e9cialit\u00e9 sur un sujet que beaucoup d\u2019organisations d\u00e9couvrent trop tard : ce qui dispara\u00eet quand les gens partent. Dipl\u00f4m\u00e9 en conception de produit industriel, il bifurque vers le digital fin 1996, il couvre les transformations marques, RH, la fid\u00e9lisation, la marque employeur. Sur le terrain, il rep\u00e8re un angle mort r\u00e9current : l\u2019entreprise investit dans le recrutement, la formation, les process\u2026 puis laisse filer le lien au moment du d\u00e9part, avec une perte de savoir et d\u2019influence qui se paie en silence. Il se sp\u00e9cialise alors sur les communaut\u00e9s d\u2019alumni, le mentorat, l\u2019entraide interg\u00e9n\u00e9rationnelle et la transmission d\u2019expertise. Il passe du \u201cconstat\u201d aux m\u00e9thodes : animation, gouvernance, segmentation, rituels, mesure d\u2019engagement, articulation avec la RSE et l\u2019employabilit\u00e9. Il interviewe DRH, responsables formation, directions d\u2019\u00e9coles, associations et fondations, avec une obsession : transformer un r\u00e9seau dormant en m\u00e9canisme utile (cooptation, mentorat, job board, entraide, \u00e9v\u00e9nements, contenus). Son style : direct, orient\u00e9 action, sans folklore. Sa conviction : une communaut\u00e9 n\u2019a pas besoin de bruit, elle a besoin de raisons de revenir.","sameAs":["https:\/\/www.alumni.space"]}]}},"_links":{"self":[{"href":"https:\/\/www.alumni.space\/en\/wp-json\/wp\/v2\/posts\/7272","targetHints":{"allow":["GET"]}}],"collection":[{"href":"https:\/\/www.alumni.space\/en\/wp-json\/wp\/v2\/posts"}],"about":[{"href":"https:\/\/www.alumni.space\/en\/wp-json\/wp\/v2\/types\/post"}],"author":[{"embeddable":true,"href":"https:\/\/www.alumni.space\/en\/wp-json\/wp\/v2\/users\/1"}],"replies":[{"embeddable":true,"href":"https:\/\/www.alumni.space\/en\/wp-json\/wp\/v2\/comments?post=7272"}],"version-history":[{"count":1,"href":"https:\/\/www.alumni.space\/en\/wp-json\/wp\/v2\/posts\/7272\/revisions"}],"predecessor-version":[{"id":7276,"href":"https:\/\/www.alumni.space\/en\/wp-json\/wp\/v2\/posts\/7272\/revisions\/7276"}],"wp:featuredmedia":[{"embeddable":true,"href":"https:\/\/www.alumni.space\/en\/wp-json\/wp\/v2\/media\/7274"}],"wp:attachment":[{"href":"https:\/\/www.alumni.space\/en\/wp-json\/wp\/v2\/media?parent=7272"}],"wp:term":[{"taxonomy":"category","embeddable":true,"href":"https:\/\/www.alumni.space\/en\/wp-json\/wp\/v2\/categories?post=7272"},{"taxonomy":"post_tag","embeddable":true,"href":"https:\/\/www.alumni.space\/en\/wp-json\/wp\/v2\/tags?post=7272"}],"curies":[{"name":"wp","href":"https:\/\/api.w.org\/{rel}","templated":true}]}}