{"id":5666,"date":"2025-02-18T05:41:11","date_gmt":"2025-02-18T05:41:11","guid":{"rendered":"https:\/\/www.alumni.space\/age-pyramid-an-underestimated-challenge-for-technical-professions\/"},"modified":"2026-03-28T10:49:33","modified_gmt":"2026-03-28T10:49:33","slug":"age-pyramid-an-underestimated-challenge-for-technical-professions","status":"publish","type":"post","link":"https:\/\/www.alumni.space\/en\/age-pyramid-an-underestimated-challenge-for-technical-professions\/","title":{"rendered":"Age pyramid: an underestimated challenge for technical professions"},"content":{"rendered":"<div id=\"ez-toc-container\" class=\"ez-toc-v2_0_82_2 counter-flat ez-toc-counter ez-toc-grey ez-toc-container-direction\">\n<div class=\"ez-toc-title-container\"><p class=\"ez-toc-title\" style=\"cursor:inherit\">In this article:<\/p>\n<\/div><nav><ul class='ez-toc-list ez-toc-list-level-1 ' ><li class='ez-toc-page-1'><a class=\"ez-toc-link ez-toc-heading-1\" href=\"https:\/\/www.alumni.space\/en\/age-pyramid-an-underestimated-challenge-for-technical-professions\/#Consequences_of_the_age_pyramid_in_technical_professions_and_related_demographic_issues\" >Consequences of the age pyramid in technical professions and related demographic issues<\/a><\/li><li class='ez-toc-page-1'><a class=\"ez-toc-link ez-toc-heading-2\" href=\"https:\/\/www.alumni.space\/en\/age-pyramid-an-underestimated-challenge-for-technical-professions\/#The_challenge_of_generational_transition_in_technical_professions\" >The challenge of generational transition in technical professions<\/a><\/li><li class='ez-toc-page-1'><a class=\"ez-toc-link ez-toc-heading-3\" href=\"https:\/\/www.alumni.space\/en\/age-pyramid-an-underestimated-challenge-for-technical-professions\/#Strategies_for_maximizing_skills_management_in_the_face_of_an_aging_technical_workforce\" >Strategies for maximizing skills management in the face of an aging technical workforce<\/a><\/li><li class='ez-toc-page-1'><a class=\"ez-toc-link ez-toc-heading-4\" href=\"https:\/\/www.alumni.space\/en\/age-pyramid-an-underestimated-challenge-for-technical-professions\/#Application_example_in_the_mechanical_engineering_sector_a_critical_issue\" >Application example in the mechanical engineering sector: a critical issue<\/a><\/li><\/ul><\/nav><\/div>\n<h2 class=\"wp-block-heading\"><span class=\"ez-toc-section\" id=\"Consequences_of_the_age_pyramid_in_technical_professions_and_related_demographic_issues\"><\/span>Consequences of the age pyramid in technical professions and related demographic issues<span class=\"ez-toc-section-end\"><\/span><\/h2><p>The age pyramid is a key indicator for understanding the risks associated with talent management in technical sectors. This demographic data reveals pressing imbalances that can affect <strong>job evolution<\/strong> and <strong>recruitment<\/strong> prospects within teams. In several industries, a significant number of retirements are approaching, threatening the continuity of accumulated know-how. The demographic challenge calls for heightened vigilance with regard to human capital, to avoid disruptions that could be detrimental to productivity and innovation.   <\/p><p>In this context, decision-makers need to rely on high-performance tools to anticipate these changes and ensure optimized skills management. <a href=\"https:\/\/www.alumni.space\/en\/how-can-hr-departments-anticipate-the-age-pyramid\/\">The alumni.space platform<\/a> illustrates the ability to centralize and enhance internal knowledge, facilitating intergenerational transmission through mentoring, targeted events and community dynamics.<\/p><figure class=\"wp-block-image size-full\"><img decoding=\"async\" width=\"1280\" height=\"768\" src=\"https:\/\/www.alumni.space\/wp-content\/uploads\/2026\/03\/Pyramide-des-ages-un-enjeu-sous-estime-pour-les-metiers-techniques-1.jpg\" data-orig-src=\"https:\/\/www.alumni.space\/wp-content\/uploads\/2026\/03\/Pyramide-des-ages-un-enjeu-sous-estime-pour-les-metiers-techniques-1.jpg\" alt=\"find out why the age pyramid is a crucial but often underestimated issue in technical professions, impacting recruitment and succession planning.\" class=\"lazyload wp-image-3243\" srcset=\"data:image\/svg+xml,%3Csvg%20xmlns%3D%27http%3A%2F%2Fwww.w3.org%2F2000%2Fsvg%27%20width%3D%271280%27%20height%3D%27768%27%20viewBox%3D%270%200%201280%20768%27%3E%3Crect%20width%3D%271280%27%20height%3D%27768%27%20fill-opacity%3D%220%22%2F%3E%3C%2Fsvg%3E\" data-srcset=\"https:\/\/www.alumni.space\/wp-content\/uploads\/2026\/03\/Pyramide-des-ages-un-enjeu-sous-estime-pour-les-metiers-techniques-1-200x120.jpg 200w, https:\/\/www.alumni.space\/wp-content\/uploads\/2026\/03\/Pyramide-des-ages-un-enjeu-sous-estime-pour-les-metiers-techniques-1-300x180.jpg 300w, https:\/\/www.alumni.space\/wp-content\/uploads\/2026\/03\/Pyramide-des-ages-un-enjeu-sous-estime-pour-les-metiers-techniques-1-400x240.jpg 400w, https:\/\/www.alumni.space\/wp-content\/uploads\/2026\/03\/Pyramide-des-ages-un-enjeu-sous-estime-pour-les-metiers-techniques-1-600x360.jpg 600w, https:\/\/www.alumni.space\/wp-content\/uploads\/2026\/03\/Pyramide-des-ages-un-enjeu-sous-estime-pour-les-metiers-techniques-1-768x461.jpg 768w, https:\/\/www.alumni.space\/wp-content\/uploads\/2026\/03\/Pyramide-des-ages-un-enjeu-sous-estime-pour-les-metiers-techniques-1-800x480.jpg 800w, https:\/\/www.alumni.space\/wp-content\/uploads\/2026\/03\/Pyramide-des-ages-un-enjeu-sous-estime-pour-les-metiers-techniques-1-1024x614.jpg 1024w, https:\/\/www.alumni.space\/wp-content\/uploads\/2026\/03\/Pyramide-des-ages-un-enjeu-sous-estime-pour-les-metiers-techniques-1-1200x720.jpg 1200w, https:\/\/www.alumni.space\/wp-content\/uploads\/2026\/03\/Pyramide-des-ages-un-enjeu-sous-estime-pour-les-metiers-techniques-1.jpg 1280w\" data-sizes=\"auto\" data-orig-sizes=\"(max-width: 1280px) 100vw, 1280px\" \/><\/figure><h3 class=\"wp-block-heading\"><span class=\"ez-toc-section\" id=\"The_challenge_of_generational_transition_in_technical_professions\"><\/span>The challenge of generational transition in technical professions<span class=\"ez-toc-section-end\"><\/span><\/h3><p>The technical nature of the professions concerned amplifies the risk inherent in mass retirements. Know-how and experience accumulated in the field are sometimes lost for want of organized arrangements for their transfer. Intergenerational mentoring is thus becoming a vital method of maintaining a high level of operational competence. This transfer is also supported by the creation of binomials and structured, accessible resource-sharing areas.   <\/p><p>The consequences of poor management of this transition can lead to significant malfunctions, affecting service quality and safety, particularly in sectors such as mechanical engineering and logistics. It is essential to adopt anticipatory practices that limit the loss of experience and promote co-optation to optimize the integration of new talent, strategies supported by dedicated digital platforms. <\/p><h2 class=\"wp-block-heading\"><span class=\"ez-toc-section\" id=\"Strategies_for_maximizing_skills_management_in_the_face_of_an_aging_technical_workforce\"><\/span>Strategies for maximizing skills management in the face of an aging technical workforce<span class=\"ez-toc-section-end\"><\/span><\/h2><p>Proactive consideration of the age pyramid enables us to identify precise KPIs for steering HR policies in technical professions. Segmenting profiles by age bracket, monitoring planned departures and assessing the impact on key processes are essential steps in this process. An appropriate professional training schedule and a formal mentoring scheme help to secure the next generation.  <\/p><p>Initiatives need to be integrated into a robust governance structure, with clear indicators to measure adoption and employee commitment. The implementation of a collaborative platform such as alumni.space simplifies the coordination of actions, reduces information gaps, and facilitates the enhancement of organizational memory. This digital continuity offers powerful leverage to limit wasted time and costs linked to skills renewal.  <\/p><h3 class=\"wp-block-heading\"><span class=\"ez-toc-section\" id=\"Application_example_in_the_mechanical_engineering_sector_a_critical_issue\"><\/span>Application example in the mechanical engineering sector: a critical issue<span class=\"ez-toc-section-end\"><\/span><\/h3><p>In the mechanical engineering sector, the pronounced ageing of the workforce makes human resource management a complex issue. The departure associated with the age pyramid often extends the problem of absenteeism and the loss of cutting-edge technical expertise. The use of collaborative platforms makes it possible to deploy mentoring and targeted training programs at a pace that is adapted to maintain competitiveness.  <\/p><p>This approach is accompanied by a reinforced management system incorporating dynamic dashboards to anticipate key vacancies. For example, based on the model proposed by <a href=\"https:\/\/www.alumni.space\/en\/age-pyramid-a-challenge-for-the-mechanical-engineering-professions\/\">alumni.space in the mechanical engineering sector<\/a>, the structured planning of intergenerational transmissions prevents the breakdown of knowledge while maximizing the long-term commitment of employees, a key factor for innovation and continuity. <\/p>","protected":false},"excerpt":{"rendered":"<p>Consequences of the age pyramid in technical professions and related  [&#8230;]<\/p>\n","protected":false},"author":1,"featured_media":5668,"comment_status":"closed","ping_status":"closed","sticky":false,"template":"","format":"standard","meta":{"_ayudawp_aiss_exclude":false,"footnotes":""},"categories":[54],"tags":[],"class_list":["post-5666","post","type-post","status-publish","format-standard","has-post-thumbnail","hentry","category-human-resources"],"yoast_head":"<!-- This site is optimized with the Yoast SEO plugin v27.4 - https:\/\/yoast.com\/product\/yoast-seo-wordpress\/ -->\n<title>Age pyramid: a crucial challenge for technical professions<\/title>\n<meta name=\"description\" content=\"Find out why the age pyramid is a crucial and often overlooked issue in the technical professions. Anticipate the future of your teams.\" \/>\n<meta name=\"robots\" content=\"index, follow, max-snippet:-1, max-image-preview:large, max-video-preview:-1\" \/>\n<link rel=\"canonical\" href=\"https:\/\/www.alumni.space\/en\/age-pyramid-an-underestimated-challenge-for-technical-professions\/\" \/>\n<meta property=\"og:locale\" content=\"en_US\" \/>\n<meta property=\"og:type\" content=\"article\" \/>\n<meta property=\"og:title\" content=\"Age pyramid: a crucial challenge for technical professions\" \/>\n<meta property=\"og:description\" content=\"Find out why the age pyramid is a crucial and often overlooked issue in the technical professions. Anticipate the future of your teams.\" \/>\n<meta property=\"og:url\" content=\"https:\/\/www.alumni.space\/en\/age-pyramid-an-underestimated-challenge-for-technical-professions\/\" \/>\n<meta property=\"og:site_name\" content=\"Alumni.space\" \/>\n<meta property=\"article:published_time\" content=\"2025-02-18T05:41:11+00:00\" \/>\n<meta property=\"article:modified_time\" content=\"2026-03-28T10:49:33+00:00\" \/>\n<meta property=\"og:image\" content=\"https:\/\/www.alumni.space\/wp-content\/uploads\/2026\/03\/Pyramide-des-ages-un-enjeu-sous-estime-pour-les-metiers-techniques.jpg\" \/>\n\t<meta property=\"og:image:width\" content=\"1280\" \/>\n\t<meta property=\"og:image:height\" content=\"768\" \/>\n\t<meta property=\"og:image:type\" content=\"image\/jpeg\" \/>\n<meta name=\"author\" content=\"admin\" \/>\n<meta name=\"twitter:card\" content=\"summary_large_image\" \/>\n<meta name=\"twitter:label1\" content=\"Written by\" \/>\n\t<meta name=\"twitter:data1\" content=\"admin\" \/>\n\t<meta name=\"twitter:label2\" content=\"Est. reading time\" \/>\n\t<meta name=\"twitter:data2\" content=\"3 minutes\" \/>\n<script type=\"application\/ld+json\" class=\"yoast-schema-graph\">{\"@context\":\"https:\\\/\\\/schema.org\",\"@graph\":[{\"@type\":\"Article\",\"@id\":\"https:\\\/\\\/www.alumni.space\\\/en\\\/age-pyramid-an-underestimated-challenge-for-technical-professions\\\/#article\",\"isPartOf\":{\"@id\":\"https:\\\/\\\/www.alumni.space\\\/en\\\/age-pyramid-an-underestimated-challenge-for-technical-professions\\\/\"},\"author\":{\"name\":\"admin\",\"@id\":\"https:\\\/\\\/www.alumni.space\\\/en\\\/#\\\/schema\\\/person\\\/fede362a57876edda476a61f05ce5b15\"},\"headline\":\"Age pyramid: an underestimated challenge for technical professions\",\"datePublished\":\"2025-02-18T05:41:11+00:00\",\"dateModified\":\"2026-03-28T10:49:33+00:00\",\"mainEntityOfPage\":{\"@id\":\"https:\\\/\\\/www.alumni.space\\\/en\\\/age-pyramid-an-underestimated-challenge-for-technical-professions\\\/\"},\"wordCount\":519,\"image\":{\"@id\":\"https:\\\/\\\/www.alumni.space\\\/en\\\/age-pyramid-an-underestimated-challenge-for-technical-professions\\\/#primaryimage\"},\"thumbnailUrl\":\"https:\\\/\\\/www.alumni.space\\\/wp-content\\\/uploads\\\/2026\\\/03\\\/Pyramide-des-ages-un-enjeu-sous-estime-pour-les-metiers-techniques.jpg\",\"articleSection\":[\"Human Resources\"],\"inLanguage\":\"en-US\"},{\"@type\":\"WebPage\",\"@id\":\"https:\\\/\\\/www.alumni.space\\\/en\\\/age-pyramid-an-underestimated-challenge-for-technical-professions\\\/\",\"url\":\"https:\\\/\\\/www.alumni.space\\\/en\\\/age-pyramid-an-underestimated-challenge-for-technical-professions\\\/\",\"name\":\"Age pyramid: a crucial challenge for technical professions\",\"isPartOf\":{\"@id\":\"https:\\\/\\\/www.alumni.space\\\/en\\\/#website\"},\"primaryImageOfPage\":{\"@id\":\"https:\\\/\\\/www.alumni.space\\\/en\\\/age-pyramid-an-underestimated-challenge-for-technical-professions\\\/#primaryimage\"},\"image\":{\"@id\":\"https:\\\/\\\/www.alumni.space\\\/en\\\/age-pyramid-an-underestimated-challenge-for-technical-professions\\\/#primaryimage\"},\"thumbnailUrl\":\"https:\\\/\\\/www.alumni.space\\\/wp-content\\\/uploads\\\/2026\\\/03\\\/Pyramide-des-ages-un-enjeu-sous-estime-pour-les-metiers-techniques.jpg\",\"datePublished\":\"2025-02-18T05:41:11+00:00\",\"dateModified\":\"2026-03-28T10:49:33+00:00\",\"author\":{\"@id\":\"https:\\\/\\\/www.alumni.space\\\/en\\\/#\\\/schema\\\/person\\\/fede362a57876edda476a61f05ce5b15\"},\"description\":\"Find out why the age pyramid is a crucial and often overlooked issue in the technical professions. Anticipate the future of your teams.\",\"breadcrumb\":{\"@id\":\"https:\\\/\\\/www.alumni.space\\\/en\\\/age-pyramid-an-underestimated-challenge-for-technical-professions\\\/#breadcrumb\"},\"inLanguage\":\"en-US\",\"potentialAction\":[{\"@type\":\"ReadAction\",\"target\":[\"https:\\\/\\\/www.alumni.space\\\/en\\\/age-pyramid-an-underestimated-challenge-for-technical-professions\\\/\"]}]},{\"@type\":\"ImageObject\",\"inLanguage\":\"en-US\",\"@id\":\"https:\\\/\\\/www.alumni.space\\\/en\\\/age-pyramid-an-underestimated-challenge-for-technical-professions\\\/#primaryimage\",\"url\":\"https:\\\/\\\/www.alumni.space\\\/wp-content\\\/uploads\\\/2026\\\/03\\\/Pyramide-des-ages-un-enjeu-sous-estime-pour-les-metiers-techniques.jpg\",\"contentUrl\":\"https:\\\/\\\/www.alumni.space\\\/wp-content\\\/uploads\\\/2026\\\/03\\\/Pyramide-des-ages-un-enjeu-sous-estime-pour-les-metiers-techniques.jpg\",\"width\":1280,\"height\":768,\"caption\":\"find out why the age pyramid represents a crucial but often overlooked challenge for technical professions, and how to anticipate the challenges of skills renewal.\"},{\"@type\":\"BreadcrumbList\",\"@id\":\"https:\\\/\\\/www.alumni.space\\\/en\\\/age-pyramid-an-underestimated-challenge-for-technical-professions\\\/#breadcrumb\",\"itemListElement\":[{\"@type\":\"ListItem\",\"position\":1,\"name\":\"Home\",\"item\":\"https:\\\/\\\/www.alumni.space\\\/en\\\/mentoring-and-alumni-management-platform\\\/\"},{\"@type\":\"ListItem\",\"position\":2,\"name\":\"Age pyramid: an underestimated challenge for technical professions\"}]},{\"@type\":\"WebSite\",\"@id\":\"https:\\\/\\\/www.alumni.space\\\/en\\\/#website\",\"url\":\"https:\\\/\\\/www.alumni.space\\\/en\\\/\",\"name\":\"Alumni.space\",\"description\":\"My WordPress Blog\",\"potentialAction\":[{\"@type\":\"SearchAction\",\"target\":{\"@type\":\"EntryPoint\",\"urlTemplate\":\"https:\\\/\\\/www.alumni.space\\\/en\\\/?s={search_term_string}\"},\"query-input\":{\"@type\":\"PropertyValueSpecification\",\"valueRequired\":true,\"valueName\":\"search_term_string\"}}],\"inLanguage\":\"en-US\"},{\"@type\":\"Person\",\"@id\":\"https:\\\/\\\/www.alumni.space\\\/en\\\/#\\\/schema\\\/person\\\/fede362a57876edda476a61f05ce5b15\",\"name\":\"admin\",\"image\":{\"@type\":\"ImageObject\",\"inLanguage\":\"en-US\",\"@id\":\"https:\\\/\\\/secure.gravatar.com\\\/avatar\\\/318e234ae94f90d4d629428d6b983c08e31181c28f579e08a021180d759ea651?s=96&d=mm&r=g\",\"url\":\"https:\\\/\\\/secure.gravatar.com\\\/avatar\\\/318e234ae94f90d4d629428d6b983c08e31181c28f579e08a021180d759ea651?s=96&d=mm&r=g\",\"contentUrl\":\"https:\\\/\\\/secure.gravatar.com\\\/avatar\\\/318e234ae94f90d4d629428d6b983c08e31181c28f579e08a021180d759ea651?s=96&d=mm&r=g\",\"caption\":\"admin\"},\"description\":\"Nicolas Laustriat a construit sa sp\u00e9cialit\u00e9 sur un sujet que beaucoup d\u2019organisations d\u00e9couvrent trop tard : ce qui dispara\u00eet quand les gens partent. Dipl\u00f4m\u00e9 en conception de produit industriel, il bifurque vers le digital fin 1996, il couvre les transformations marques, RH, la fid\u00e9lisation, la marque employeur. Sur le terrain, il rep\u00e8re un angle mort r\u00e9current : l\u2019entreprise investit dans le recrutement, la formation, les process\u2026 puis laisse filer le lien au moment du d\u00e9part, avec une perte de savoir et d\u2019influence qui se paie en silence. Il se sp\u00e9cialise alors sur les communaut\u00e9s d\u2019alumni, le mentorat, l\u2019entraide interg\u00e9n\u00e9rationnelle et la transmission d\u2019expertise. Il passe du \u201cconstat\u201d aux m\u00e9thodes : animation, gouvernance, segmentation, rituels, mesure d\u2019engagement, articulation avec la RSE et l\u2019employabilit\u00e9. Il interviewe DRH, responsables formation, directions d\u2019\u00e9coles, associations et fondations, avec une obsession : transformer un r\u00e9seau dormant en m\u00e9canisme utile (cooptation, mentorat, job board, entraide, \u00e9v\u00e9nements, contenus). Son style : direct, orient\u00e9 action, sans folklore. Sa conviction : une communaut\u00e9 n\u2019a pas besoin de bruit, elle a besoin de raisons de revenir.\",\"sameAs\":[\"https:\\\/\\\/www.alumni.space\"]}]}<\/script>\n<!-- \/ Yoast SEO plugin. -->","yoast_head_json":{"title":"Age pyramid: a crucial challenge for technical professions","description":"Find out why the age pyramid is a crucial and often overlooked issue in the technical professions. Anticipate the future of your teams.","robots":{"index":"index","follow":"follow","max-snippet":"max-snippet:-1","max-image-preview":"max-image-preview:large","max-video-preview":"max-video-preview:-1"},"canonical":"https:\/\/www.alumni.space\/en\/age-pyramid-an-underestimated-challenge-for-technical-professions\/","og_locale":"en_US","og_type":"article","og_title":"Age pyramid: a crucial challenge for technical professions","og_description":"Find out why the age pyramid is a crucial and often overlooked issue in the technical professions. Anticipate the future of your teams.","og_url":"https:\/\/www.alumni.space\/en\/age-pyramid-an-underestimated-challenge-for-technical-professions\/","og_site_name":"Alumni.space","article_published_time":"2025-02-18T05:41:11+00:00","article_modified_time":"2026-03-28T10:49:33+00:00","og_image":[{"width":1280,"height":768,"url":"https:\/\/www.alumni.space\/wp-content\/uploads\/2026\/03\/Pyramide-des-ages-un-enjeu-sous-estime-pour-les-metiers-techniques.jpg","type":"image\/jpeg"}],"author":"admin","twitter_card":"summary_large_image","twitter_misc":{"Written by":"admin","Est. reading time":"3 minutes"},"schema":{"@context":"https:\/\/schema.org","@graph":[{"@type":"Article","@id":"https:\/\/www.alumni.space\/en\/age-pyramid-an-underestimated-challenge-for-technical-professions\/#article","isPartOf":{"@id":"https:\/\/www.alumni.space\/en\/age-pyramid-an-underestimated-challenge-for-technical-professions\/"},"author":{"name":"admin","@id":"https:\/\/www.alumni.space\/en\/#\/schema\/person\/fede362a57876edda476a61f05ce5b15"},"headline":"Age pyramid: an underestimated challenge for technical professions","datePublished":"2025-02-18T05:41:11+00:00","dateModified":"2026-03-28T10:49:33+00:00","mainEntityOfPage":{"@id":"https:\/\/www.alumni.space\/en\/age-pyramid-an-underestimated-challenge-for-technical-professions\/"},"wordCount":519,"image":{"@id":"https:\/\/www.alumni.space\/en\/age-pyramid-an-underestimated-challenge-for-technical-professions\/#primaryimage"},"thumbnailUrl":"https:\/\/www.alumni.space\/wp-content\/uploads\/2026\/03\/Pyramide-des-ages-un-enjeu-sous-estime-pour-les-metiers-techniques.jpg","articleSection":["Human Resources"],"inLanguage":"en-US"},{"@type":"WebPage","@id":"https:\/\/www.alumni.space\/en\/age-pyramid-an-underestimated-challenge-for-technical-professions\/","url":"https:\/\/www.alumni.space\/en\/age-pyramid-an-underestimated-challenge-for-technical-professions\/","name":"Age pyramid: a crucial challenge for technical professions","isPartOf":{"@id":"https:\/\/www.alumni.space\/en\/#website"},"primaryImageOfPage":{"@id":"https:\/\/www.alumni.space\/en\/age-pyramid-an-underestimated-challenge-for-technical-professions\/#primaryimage"},"image":{"@id":"https:\/\/www.alumni.space\/en\/age-pyramid-an-underestimated-challenge-for-technical-professions\/#primaryimage"},"thumbnailUrl":"https:\/\/www.alumni.space\/wp-content\/uploads\/2026\/03\/Pyramide-des-ages-un-enjeu-sous-estime-pour-les-metiers-techniques.jpg","datePublished":"2025-02-18T05:41:11+00:00","dateModified":"2026-03-28T10:49:33+00:00","author":{"@id":"https:\/\/www.alumni.space\/en\/#\/schema\/person\/fede362a57876edda476a61f05ce5b15"},"description":"Find out why the age pyramid is a crucial and often overlooked issue in the technical professions. Anticipate the future of your teams.","breadcrumb":{"@id":"https:\/\/www.alumni.space\/en\/age-pyramid-an-underestimated-challenge-for-technical-professions\/#breadcrumb"},"inLanguage":"en-US","potentialAction":[{"@type":"ReadAction","target":["https:\/\/www.alumni.space\/en\/age-pyramid-an-underestimated-challenge-for-technical-professions\/"]}]},{"@type":"ImageObject","inLanguage":"en-US","@id":"https:\/\/www.alumni.space\/en\/age-pyramid-an-underestimated-challenge-for-technical-professions\/#primaryimage","url":"https:\/\/www.alumni.space\/wp-content\/uploads\/2026\/03\/Pyramide-des-ages-un-enjeu-sous-estime-pour-les-metiers-techniques.jpg","contentUrl":"https:\/\/www.alumni.space\/wp-content\/uploads\/2026\/03\/Pyramide-des-ages-un-enjeu-sous-estime-pour-les-metiers-techniques.jpg","width":1280,"height":768,"caption":"find out why the age pyramid represents a crucial but often overlooked challenge for technical professions, and how to anticipate the challenges of skills renewal."},{"@type":"BreadcrumbList","@id":"https:\/\/www.alumni.space\/en\/age-pyramid-an-underestimated-challenge-for-technical-professions\/#breadcrumb","itemListElement":[{"@type":"ListItem","position":1,"name":"Home","item":"https:\/\/www.alumni.space\/en\/mentoring-and-alumni-management-platform\/"},{"@type":"ListItem","position":2,"name":"Age pyramid: an underestimated challenge for technical professions"}]},{"@type":"WebSite","@id":"https:\/\/www.alumni.space\/en\/#website","url":"https:\/\/www.alumni.space\/en\/","name":"Alumni.space","description":"My WordPress Blog","potentialAction":[{"@type":"SearchAction","target":{"@type":"EntryPoint","urlTemplate":"https:\/\/www.alumni.space\/en\/?s={search_term_string}"},"query-input":{"@type":"PropertyValueSpecification","valueRequired":true,"valueName":"search_term_string"}}],"inLanguage":"en-US"},{"@type":"Person","@id":"https:\/\/www.alumni.space\/en\/#\/schema\/person\/fede362a57876edda476a61f05ce5b15","name":"admin","image":{"@type":"ImageObject","inLanguage":"en-US","@id":"https:\/\/secure.gravatar.com\/avatar\/318e234ae94f90d4d629428d6b983c08e31181c28f579e08a021180d759ea651?s=96&d=mm&r=g","url":"https:\/\/secure.gravatar.com\/avatar\/318e234ae94f90d4d629428d6b983c08e31181c28f579e08a021180d759ea651?s=96&d=mm&r=g","contentUrl":"https:\/\/secure.gravatar.com\/avatar\/318e234ae94f90d4d629428d6b983c08e31181c28f579e08a021180d759ea651?s=96&d=mm&r=g","caption":"admin"},"description":"Nicolas Laustriat a construit sa sp\u00e9cialit\u00e9 sur un sujet que beaucoup d\u2019organisations d\u00e9couvrent trop tard : ce qui dispara\u00eet quand les gens partent. Dipl\u00f4m\u00e9 en conception de produit industriel, il bifurque vers le digital fin 1996, il couvre les transformations marques, RH, la fid\u00e9lisation, la marque employeur. Sur le terrain, il rep\u00e8re un angle mort r\u00e9current : l\u2019entreprise investit dans le recrutement, la formation, les process\u2026 puis laisse filer le lien au moment du d\u00e9part, avec une perte de savoir et d\u2019influence qui se paie en silence. Il se sp\u00e9cialise alors sur les communaut\u00e9s d\u2019alumni, le mentorat, l\u2019entraide interg\u00e9n\u00e9rationnelle et la transmission d\u2019expertise. Il passe du \u201cconstat\u201d aux m\u00e9thodes : animation, gouvernance, segmentation, rituels, mesure d\u2019engagement, articulation avec la RSE et l\u2019employabilit\u00e9. Il interviewe DRH, responsables formation, directions d\u2019\u00e9coles, associations et fondations, avec une obsession : transformer un r\u00e9seau dormant en m\u00e9canisme utile (cooptation, mentorat, job board, entraide, \u00e9v\u00e9nements, contenus). Son style : direct, orient\u00e9 action, sans folklore. Sa conviction : une communaut\u00e9 n\u2019a pas besoin de bruit, elle a besoin de raisons de revenir.","sameAs":["https:\/\/www.alumni.space"]}]}},"_links":{"self":[{"href":"https:\/\/www.alumni.space\/en\/wp-json\/wp\/v2\/posts\/5666","targetHints":{"allow":["GET"]}}],"collection":[{"href":"https:\/\/www.alumni.space\/en\/wp-json\/wp\/v2\/posts"}],"about":[{"href":"https:\/\/www.alumni.space\/en\/wp-json\/wp\/v2\/types\/post"}],"author":[{"embeddable":true,"href":"https:\/\/www.alumni.space\/en\/wp-json\/wp\/v2\/users\/1"}],"replies":[{"embeddable":true,"href":"https:\/\/www.alumni.space\/en\/wp-json\/wp\/v2\/comments?post=5666"}],"version-history":[{"count":2,"href":"https:\/\/www.alumni.space\/en\/wp-json\/wp\/v2\/posts\/5666\/revisions"}],"predecessor-version":[{"id":6583,"href":"https:\/\/www.alumni.space\/en\/wp-json\/wp\/v2\/posts\/5666\/revisions\/6583"}],"wp:featuredmedia":[{"embeddable":true,"href":"https:\/\/www.alumni.space\/en\/wp-json\/wp\/v2\/media\/5668"}],"wp:attachment":[{"href":"https:\/\/www.alumni.space\/en\/wp-json\/wp\/v2\/media?parent=5666"}],"wp:term":[{"taxonomy":"category","embeddable":true,"href":"https:\/\/www.alumni.space\/en\/wp-json\/wp\/v2\/categories?post=5666"},{"taxonomy":"post_tag","embeddable":true,"href":"https:\/\/www.alumni.space\/en\/wp-json\/wp\/v2\/tags?post=5666"}],"curies":[{"name":"wp","href":"https:\/\/api.w.org\/{rel}","templated":true}]}}