{"id":5607,"date":"2024-09-23T19:09:50","date_gmt":"2024-09-23T19:09:50","guid":{"rendered":"https:\/\/www.alumni.space\/art-and-craft-in-danger-from-lack-of-young-talent\/"},"modified":"2026-04-02T12:08:47","modified_gmt":"2026-04-02T12:08:47","slug":"art-and-craft-in-danger-from-lack-of-young-talent","status":"publish","type":"post","link":"https:\/\/www.alumni.space\/en\/art-and-craft-in-danger-from-lack-of-young-talent\/","title":{"rendered":"Art and craft in danger from lack of young talent"},"content":{"rendered":"<p><strong>Arts and crafts<\/strong> embody an essential part of our cultural heritage, reflecting ancestral know-how handed down from generation to generation. Yet the sector is facing a worrying <strong>shortage of young talent<\/strong>, threatening the survival of traditional trades and the maintenance of these unique skills. The transmission of knowledge is thus undermined, while the decline in the number of craftsmen is causing significant losses to cultural and economic wealth.  <\/p><div id=\"ez-toc-container\" class=\"ez-toc-v2_0_82_2 counter-flat ez-toc-counter ez-toc-grey ez-toc-container-direction\">\n<div class=\"ez-toc-title-container\"><p class=\"ez-toc-title\" style=\"cursor:inherit\">In this article:<\/p>\n<\/div><nav><ul class='ez-toc-list ez-toc-list-level-1 ' ><li class='ez-toc-page-1'><a class=\"ez-toc-link ez-toc-heading-1\" href=\"https:\/\/www.alumni.space\/en\/art-and-craft-in-danger-from-lack-of-young-talent\/#The_challenges_of_passing_on_knowledge_in_the_arts_and_crafts_sector\" >The challenges of passing on knowledge in the arts and crafts sector<\/a><\/li><li class='ez-toc-page-1'><a class=\"ez-toc-link ez-toc-heading-2\" href=\"https:\/\/www.alumni.space\/en\/art-and-craft-in-danger-from-lack-of-young-talent\/#Engaging_communities_to_strengthen_arts_and_crafts\" >Engaging communities to strengthen arts and crafts<\/a><\/li><li class='ez-toc-page-1'><a class=\"ez-toc-link ez-toc-heading-3\" href=\"https:\/\/www.alumni.space\/en\/art-and-craft-in-danger-from-lack-of-young-talent\/#Mobilizing_decision-makers_and_institutions_to_support_craft_training\" >Mobilizing decision-makers and institutions to support craft training<\/a><\/li><li class='ez-toc-page-1'><a class=\"ez-toc-link ez-toc-heading-4\" href=\"https:\/\/www.alumni.space\/en\/art-and-craft-in-danger-from-lack-of-young-talent\/#Putting_theory_into_practice_to_sustain_traditional_trades\" >Putting theory into practice to sustain traditional trades<\/a><\/li><\/ul><\/nav><\/div>\n<h2 class=\"wp-block-heading\"><span class=\"ez-toc-section\" id=\"The_challenges_of_passing_on_knowledge_in_the_arts_and_crafts_sector\"><\/span>The challenges of passing on knowledge in the arts and crafts sector<span class=\"ez-toc-section-end\"><\/span><\/h2><p>Art and craft professions require precise and often lengthy training in the craft, which has difficulty in attracting young talent. The appeal of craft jobs is waning in favor of more technological sectors or those perceived as more stable. This lack of interest is exacerbating the disaffection for these professions, despite their irreplaceable capital of experience. Against this backdrop, specialist workshops and schools are facing declining enrolments, jeopardizing the very future of traditional trades.   <\/p><figure class=\"wp-block-image size-full\"><img decoding=\"async\" width=\"1280\" height=\"768\" src=\"https:\/\/www.alumni.space\/wp-content\/uploads\/2026\/03\/Lartisanat-dart-en-danger-face-au-manque-de-releve-1.jpg\" data-orig-src=\"https:\/\/www.alumni.space\/wp-content\/uploads\/2026\/03\/Lartisanat-dart-en-danger-face-au-manque-de-releve-1.jpg\" alt=\"discover the challenges facing the arts and crafts sector, threatened by a lack of young talent, and how to preserve this unique and precious heritage.\" class=\"lazyload wp-image-3237\" srcset=\"data:image\/svg+xml,%3Csvg%20xmlns%3D%27http%3A%2F%2Fwww.w3.org%2F2000%2Fsvg%27%20width%3D%271280%27%20height%3D%27768%27%20viewBox%3D%270%200%201280%20768%27%3E%3Crect%20width%3D%271280%27%20height%3D%27768%27%20fill-opacity%3D%220%22%2F%3E%3C%2Fsvg%3E\" data-srcset=\"https:\/\/www.alumni.space\/wp-content\/uploads\/2026\/03\/Lartisanat-dart-en-danger-face-au-manque-de-releve-1-200x120.jpg 200w, https:\/\/www.alumni.space\/wp-content\/uploads\/2026\/03\/Lartisanat-dart-en-danger-face-au-manque-de-releve-1-300x180.jpg 300w, https:\/\/www.alumni.space\/wp-content\/uploads\/2026\/03\/Lartisanat-dart-en-danger-face-au-manque-de-releve-1-400x240.jpg 400w, https:\/\/www.alumni.space\/wp-content\/uploads\/2026\/03\/Lartisanat-dart-en-danger-face-au-manque-de-releve-1-600x360.jpg 600w, https:\/\/www.alumni.space\/wp-content\/uploads\/2026\/03\/Lartisanat-dart-en-danger-face-au-manque-de-releve-1-768x461.jpg 768w, https:\/\/www.alumni.space\/wp-content\/uploads\/2026\/03\/Lartisanat-dart-en-danger-face-au-manque-de-releve-1-800x480.jpg 800w, https:\/\/www.alumni.space\/wp-content\/uploads\/2026\/03\/Lartisanat-dart-en-danger-face-au-manque-de-releve-1-1024x614.jpg 1024w, https:\/\/www.alumni.space\/wp-content\/uploads\/2026\/03\/Lartisanat-dart-en-danger-face-au-manque-de-releve-1-1200x720.jpg 1200w, https:\/\/www.alumni.space\/wp-content\/uploads\/2026\/03\/Lartisanat-dart-en-danger-face-au-manque-de-releve-1.jpg 1280w\" data-sizes=\"auto\" data-orig-sizes=\"(max-width: 1280px) 100vw, 1280px\" \/><\/figure><p>Enhancing the value of the trades, and supporting craftsmen, are essential levers for reversing this trend. The mobilization of networks and professional communities is a strategic response to strengthening the links between generations and ensuring better integration of young craftsmen. <\/p><h3 class=\"wp-block-heading\"><span class=\"ez-toc-section\" id=\"Engaging_communities_to_strengthen_arts_and_crafts\"><\/span>Engaging communities to strengthen arts and crafts<span class=\"ez-toc-section-end\"><\/span><\/h3><p>Effective management of alumni and mentor networks in the arts and crafts sector helps to boost the transmission of knowledge. A SaaS platform such as alumni.space facilitates the structuring of these communities, offering tools for animation, resource sharing and event management. <strong>Bringing<\/strong> artisans <strong>together<\/strong> around common projects creates a sense of belonging and stimulates mutual support. <\/p><p>This strengthened link also makes it possible to optimize co-optation and the organization of appropriate training courses, drawing on expert profiles available to support the next generation. The adoption of such solutions represents a winning method for limiting the <strong>hidden costs<\/strong> associated with the loss of know-how, ensuring the continuity and vitality of the sector. <\/p><h2 class=\"wp-block-heading\"><span class=\"ez-toc-section\" id=\"Mobilizing_decision-makers_and_institutions_to_support_craft_training\"><\/span>Mobilizing decision-makers and institutions to support craft training<span class=\"ez-toc-section-end\"><\/span><\/h2><p>The involvement of key players &#8211; schools, apprentice training centers (CFAs), associations and HR decision-makers &#8211; remains essential. They need to steer targeted strategies that encourage long-term commitment and the adoption of measures that facilitate access to traditional professions. Setting up <strong>rituals for intergenerational exchanges<\/strong> and giving concrete value to career paths via relevant KPIs contribute to better governance of the sector.  <\/p><p>The link to be created between educational establishments and professional bodies has a direct impact on craft employment. For example, mentoring initiatives within alumni networks reinforce the <a href=\"https:\/\/www.alumni.space\/en\/alumni-how-to-create-a-sustainable-network-dynamic\/\">network dynamics<\/a> needed to win back the craft. The creation of a documentary library and the regular organization of specialized events are further levers for transmission.  <\/p><h3 class=\"wp-block-heading\"><span class=\"ez-toc-section\" id=\"Putting_theory_into_practice_to_sustain_traditional_trades\"><\/span>Putting theory into practice to sustain traditional trades<span class=\"ez-toc-section-end\"><\/span><\/h3><p>A precise timetable, incorporating practical steps and clearly defined roles, helps to structure the handover. Setting up intergenerational pairs, organizing collaborative work sessions and ensuring rigorous monitoring optimize skills development. The use of a platform such as alumni.space avoids the dispersal of tools and data, saving time and increasing process control.  <\/p><p>This system supports craftsmen in promoting their craft and animating their network. The aim is to turn each participant into an ambassador capable of making a lasting commitment to cultural heritage. These initiatives help to limit the decline in the number of craftsmen, while reinforcing the transmission of knowledge at the heart of traditional trades.  <\/p><p><a href=\"https:\/\/www.alumni.space\/en\/the-risk-of-losing-know-how-in-traditional-crafts\/\">Discovering how to reduce the loss of know-how<\/a> is thus becoming a priority for institutions and decision-makers committed to safeguarding arts and crafts.<\/p>","protected":false},"excerpt":{"rendered":"<p>Arts and crafts embody an essential part of our cultural  [&#8230;]<\/p>\n","protected":false},"author":1,"featured_media":5609,"comment_status":"closed","ping_status":"closed","sticky":false,"template":"","format":"standard","meta":{"_ayudawp_aiss_exclude":false,"footnotes":""},"categories":[1],"tags":[],"class_list":["post-5607","post","type-post","status-publish","format-standard","has-post-thumbnail","hentry","category-non-classe"],"yoast_head":"<!-- This site is optimized with the Yoast SEO plugin v27.4 - https:\/\/yoast.com\/product\/yoast-seo-wordpress\/ -->\n<title>Artisanat d&#039;art : la rel\u00e8ve en p\u00e9ril<\/title>\n<meta name=\"description\" content=\"Find out how the craft industry is tackling the crisis of a shortage of young talent, and what this means for its future and our heritage.\" \/>\n<meta name=\"robots\" content=\"index, follow, max-snippet:-1, max-image-preview:large, max-video-preview:-1\" \/>\n<link rel=\"canonical\" href=\"https:\/\/www.alumni.space\/en\/art-and-craft-in-danger-from-lack-of-young-talent\/\" \/>\n<meta property=\"og:locale\" content=\"en_US\" \/>\n<meta property=\"og:type\" content=\"article\" \/>\n<meta property=\"og:title\" content=\"Artisanat d&#039;art : la rel\u00e8ve en p\u00e9ril\" \/>\n<meta property=\"og:description\" content=\"Find out how the craft industry is tackling the crisis of a shortage of young talent, and what this means for its future and our heritage.\" \/>\n<meta property=\"og:url\" content=\"https:\/\/www.alumni.space\/en\/art-and-craft-in-danger-from-lack-of-young-talent\/\" \/>\n<meta property=\"og:site_name\" content=\"Alumni.space\" \/>\n<meta property=\"article:published_time\" content=\"2024-09-23T19:09:50+00:00\" \/>\n<meta property=\"article:modified_time\" content=\"2026-04-02T12:08:47+00:00\" \/>\n<meta property=\"og:image\" content=\"https:\/\/www.alumni.space\/wp-content\/uploads\/2026\/03\/Lartisanat-dart-en-danger-face-au-manque-de-releve.jpg\" \/>\n\t<meta property=\"og:image:width\" content=\"1280\" \/>\n\t<meta property=\"og:image:height\" content=\"768\" \/>\n\t<meta property=\"og:image:type\" content=\"image\/jpeg\" \/>\n<meta name=\"author\" content=\"admin\" \/>\n<meta name=\"twitter:card\" content=\"summary_large_image\" \/>\n<meta name=\"twitter:label1\" content=\"Written by\" \/>\n\t<meta name=\"twitter:data1\" content=\"admin\" \/>\n\t<meta name=\"twitter:label2\" content=\"Est. reading time\" \/>\n\t<meta name=\"twitter:data2\" content=\"3 minutes\" \/>\n<script type=\"application\/ld+json\" class=\"yoast-schema-graph\">{\"@context\":\"https:\\\/\\\/schema.org\",\"@graph\":[{\"@type\":\"Article\",\"@id\":\"https:\\\/\\\/www.alumni.space\\\/en\\\/art-and-craft-in-danger-from-lack-of-young-talent\\\/#article\",\"isPartOf\":{\"@id\":\"https:\\\/\\\/www.alumni.space\\\/en\\\/art-and-craft-in-danger-from-lack-of-young-talent\\\/\"},\"author\":{\"name\":\"admin\",\"@id\":\"https:\\\/\\\/www.alumni.space\\\/en\\\/#\\\/schema\\\/person\\\/fede362a57876edda476a61f05ce5b15\"},\"headline\":\"Art and craft in danger from lack of young talent\",\"datePublished\":\"2024-09-23T19:09:50+00:00\",\"dateModified\":\"2026-04-02T12:08:47+00:00\",\"mainEntityOfPage\":{\"@id\":\"https:\\\/\\\/www.alumni.space\\\/en\\\/art-and-craft-in-danger-from-lack-of-young-talent\\\/\"},\"wordCount\":584,\"image\":{\"@id\":\"https:\\\/\\\/www.alumni.space\\\/en\\\/art-and-craft-in-danger-from-lack-of-young-talent\\\/#primaryimage\"},\"thumbnailUrl\":\"https:\\\/\\\/www.alumni.space\\\/wp-content\\\/uploads\\\/2026\\\/03\\\/Lartisanat-dart-en-danger-face-au-manque-de-releve.jpg\",\"articleSection\":[\"Non class\u00e9\"],\"inLanguage\":\"en-US\"},{\"@type\":\"WebPage\",\"@id\":\"https:\\\/\\\/www.alumni.space\\\/en\\\/art-and-craft-in-danger-from-lack-of-young-talent\\\/\",\"url\":\"https:\\\/\\\/www.alumni.space\\\/en\\\/art-and-craft-in-danger-from-lack-of-young-talent\\\/\",\"name\":\"Artisanat d'art : la rel\u00e8ve en p\u00e9ril\",\"isPartOf\":{\"@id\":\"https:\\\/\\\/www.alumni.space\\\/en\\\/#website\"},\"primaryImageOfPage\":{\"@id\":\"https:\\\/\\\/www.alumni.space\\\/en\\\/art-and-craft-in-danger-from-lack-of-young-talent\\\/#primaryimage\"},\"image\":{\"@id\":\"https:\\\/\\\/www.alumni.space\\\/en\\\/art-and-craft-in-danger-from-lack-of-young-talent\\\/#primaryimage\"},\"thumbnailUrl\":\"https:\\\/\\\/www.alumni.space\\\/wp-content\\\/uploads\\\/2026\\\/03\\\/Lartisanat-dart-en-danger-face-au-manque-de-releve.jpg\",\"datePublished\":\"2024-09-23T19:09:50+00:00\",\"dateModified\":\"2026-04-02T12:08:47+00:00\",\"author\":{\"@id\":\"https:\\\/\\\/www.alumni.space\\\/en\\\/#\\\/schema\\\/person\\\/fede362a57876edda476a61f05ce5b15\"},\"description\":\"Find out how the craft industry is tackling the crisis of a shortage of young talent, and what this means for its future and our heritage.\",\"breadcrumb\":{\"@id\":\"https:\\\/\\\/www.alumni.space\\\/en\\\/art-and-craft-in-danger-from-lack-of-young-talent\\\/#breadcrumb\"},\"inLanguage\":\"en-US\",\"potentialAction\":[{\"@type\":\"ReadAction\",\"target\":[\"https:\\\/\\\/www.alumni.space\\\/en\\\/art-and-craft-in-danger-from-lack-of-young-talent\\\/\"]}]},{\"@type\":\"ImageObject\",\"inLanguage\":\"en-US\",\"@id\":\"https:\\\/\\\/www.alumni.space\\\/en\\\/art-and-craft-in-danger-from-lack-of-young-talent\\\/#primaryimage\",\"url\":\"https:\\\/\\\/www.alumni.space\\\/wp-content\\\/uploads\\\/2026\\\/03\\\/Lartisanat-dart-en-danger-face-au-manque-de-releve.jpg\",\"contentUrl\":\"https:\\\/\\\/www.alumni.space\\\/wp-content\\\/uploads\\\/2026\\\/03\\\/Lartisanat-dart-en-danger-face-au-manque-de-releve.jpg\",\"width\":1280,\"height\":768,\"caption\":\"discover the crucial issues facing the arts and crafts sector, threatened by a lack of young talent, and the importance of preserving this unique heritage.\"},{\"@type\":\"BreadcrumbList\",\"@id\":\"https:\\\/\\\/www.alumni.space\\\/en\\\/art-and-craft-in-danger-from-lack-of-young-talent\\\/#breadcrumb\",\"itemListElement\":[{\"@type\":\"ListItem\",\"position\":1,\"name\":\"Home\",\"item\":\"https:\\\/\\\/www.alumni.space\\\/en\\\/mentoring-and-alumni-management-platform\\\/\"},{\"@type\":\"ListItem\",\"position\":2,\"name\":\"Art and craft in danger from lack of young talent\"}]},{\"@type\":\"WebSite\",\"@id\":\"https:\\\/\\\/www.alumni.space\\\/en\\\/#website\",\"url\":\"https:\\\/\\\/www.alumni.space\\\/en\\\/\",\"name\":\"Alumni.space\",\"description\":\"My WordPress Blog\",\"potentialAction\":[{\"@type\":\"SearchAction\",\"target\":{\"@type\":\"EntryPoint\",\"urlTemplate\":\"https:\\\/\\\/www.alumni.space\\\/en\\\/?s={search_term_string}\"},\"query-input\":{\"@type\":\"PropertyValueSpecification\",\"valueRequired\":true,\"valueName\":\"search_term_string\"}}],\"inLanguage\":\"en-US\"},{\"@type\":\"Person\",\"@id\":\"https:\\\/\\\/www.alumni.space\\\/en\\\/#\\\/schema\\\/person\\\/fede362a57876edda476a61f05ce5b15\",\"name\":\"admin\",\"image\":{\"@type\":\"ImageObject\",\"inLanguage\":\"en-US\",\"@id\":\"https:\\\/\\\/secure.gravatar.com\\\/avatar\\\/318e234ae94f90d4d629428d6b983c08e31181c28f579e08a021180d759ea651?s=96&d=mm&r=g\",\"url\":\"https:\\\/\\\/secure.gravatar.com\\\/avatar\\\/318e234ae94f90d4d629428d6b983c08e31181c28f579e08a021180d759ea651?s=96&d=mm&r=g\",\"contentUrl\":\"https:\\\/\\\/secure.gravatar.com\\\/avatar\\\/318e234ae94f90d4d629428d6b983c08e31181c28f579e08a021180d759ea651?s=96&d=mm&r=g\",\"caption\":\"admin\"},\"description\":\"Nicolas Laustriat a construit sa sp\u00e9cialit\u00e9 sur un sujet que beaucoup d\u2019organisations d\u00e9couvrent trop tard : ce qui dispara\u00eet quand les gens partent. Dipl\u00f4m\u00e9 en conception de produit industriel, il bifurque vers le digital fin 1996, il couvre les transformations marques, RH, la fid\u00e9lisation, la marque employeur. Sur le terrain, il rep\u00e8re un angle mort r\u00e9current : l\u2019entreprise investit dans le recrutement, la formation, les process\u2026 puis laisse filer le lien au moment du d\u00e9part, avec une perte de savoir et d\u2019influence qui se paie en silence. Il se sp\u00e9cialise alors sur les communaut\u00e9s d\u2019alumni, le mentorat, l\u2019entraide interg\u00e9n\u00e9rationnelle et la transmission d\u2019expertise. Il passe du \u201cconstat\u201d aux m\u00e9thodes : animation, gouvernance, segmentation, rituels, mesure d\u2019engagement, articulation avec la RSE et l\u2019employabilit\u00e9. Il interviewe DRH, responsables formation, directions d\u2019\u00e9coles, associations et fondations, avec une obsession : transformer un r\u00e9seau dormant en m\u00e9canisme utile (cooptation, mentorat, job board, entraide, \u00e9v\u00e9nements, contenus). Son style : direct, orient\u00e9 action, sans folklore. Sa conviction : une communaut\u00e9 n\u2019a pas besoin de bruit, elle a besoin de raisons de revenir.\",\"sameAs\":[\"https:\\\/\\\/www.alumni.space\"]}]}<\/script>\n<!-- \/ Yoast SEO plugin. -->","yoast_head_json":{"title":"Artisanat d'art : la rel\u00e8ve en p\u00e9ril","description":"Find out how the craft industry is tackling the crisis of a shortage of young talent, and what this means for its future and our heritage.","robots":{"index":"index","follow":"follow","max-snippet":"max-snippet:-1","max-image-preview":"max-image-preview:large","max-video-preview":"max-video-preview:-1"},"canonical":"https:\/\/www.alumni.space\/en\/art-and-craft-in-danger-from-lack-of-young-talent\/","og_locale":"en_US","og_type":"article","og_title":"Artisanat d'art : la rel\u00e8ve en p\u00e9ril","og_description":"Find out how the craft industry is tackling the crisis of a shortage of young talent, and what this means for its future and our heritage.","og_url":"https:\/\/www.alumni.space\/en\/art-and-craft-in-danger-from-lack-of-young-talent\/","og_site_name":"Alumni.space","article_published_time":"2024-09-23T19:09:50+00:00","article_modified_time":"2026-04-02T12:08:47+00:00","og_image":[{"width":1280,"height":768,"url":"https:\/\/www.alumni.space\/wp-content\/uploads\/2026\/03\/Lartisanat-dart-en-danger-face-au-manque-de-releve.jpg","type":"image\/jpeg"}],"author":"admin","twitter_card":"summary_large_image","twitter_misc":{"Written by":"admin","Est. reading time":"3 minutes"},"schema":{"@context":"https:\/\/schema.org","@graph":[{"@type":"Article","@id":"https:\/\/www.alumni.space\/en\/art-and-craft-in-danger-from-lack-of-young-talent\/#article","isPartOf":{"@id":"https:\/\/www.alumni.space\/en\/art-and-craft-in-danger-from-lack-of-young-talent\/"},"author":{"name":"admin","@id":"https:\/\/www.alumni.space\/en\/#\/schema\/person\/fede362a57876edda476a61f05ce5b15"},"headline":"Art and craft in danger from lack of young talent","datePublished":"2024-09-23T19:09:50+00:00","dateModified":"2026-04-02T12:08:47+00:00","mainEntityOfPage":{"@id":"https:\/\/www.alumni.space\/en\/art-and-craft-in-danger-from-lack-of-young-talent\/"},"wordCount":584,"image":{"@id":"https:\/\/www.alumni.space\/en\/art-and-craft-in-danger-from-lack-of-young-talent\/#primaryimage"},"thumbnailUrl":"https:\/\/www.alumni.space\/wp-content\/uploads\/2026\/03\/Lartisanat-dart-en-danger-face-au-manque-de-releve.jpg","articleSection":["Non class\u00e9"],"inLanguage":"en-US"},{"@type":"WebPage","@id":"https:\/\/www.alumni.space\/en\/art-and-craft-in-danger-from-lack-of-young-talent\/","url":"https:\/\/www.alumni.space\/en\/art-and-craft-in-danger-from-lack-of-young-talent\/","name":"Artisanat d'art : la rel\u00e8ve en p\u00e9ril","isPartOf":{"@id":"https:\/\/www.alumni.space\/en\/#website"},"primaryImageOfPage":{"@id":"https:\/\/www.alumni.space\/en\/art-and-craft-in-danger-from-lack-of-young-talent\/#primaryimage"},"image":{"@id":"https:\/\/www.alumni.space\/en\/art-and-craft-in-danger-from-lack-of-young-talent\/#primaryimage"},"thumbnailUrl":"https:\/\/www.alumni.space\/wp-content\/uploads\/2026\/03\/Lartisanat-dart-en-danger-face-au-manque-de-releve.jpg","datePublished":"2024-09-23T19:09:50+00:00","dateModified":"2026-04-02T12:08:47+00:00","author":{"@id":"https:\/\/www.alumni.space\/en\/#\/schema\/person\/fede362a57876edda476a61f05ce5b15"},"description":"Find out how the craft industry is tackling the crisis of a shortage of young talent, and what this means for its future and our heritage.","breadcrumb":{"@id":"https:\/\/www.alumni.space\/en\/art-and-craft-in-danger-from-lack-of-young-talent\/#breadcrumb"},"inLanguage":"en-US","potentialAction":[{"@type":"ReadAction","target":["https:\/\/www.alumni.space\/en\/art-and-craft-in-danger-from-lack-of-young-talent\/"]}]},{"@type":"ImageObject","inLanguage":"en-US","@id":"https:\/\/www.alumni.space\/en\/art-and-craft-in-danger-from-lack-of-young-talent\/#primaryimage","url":"https:\/\/www.alumni.space\/wp-content\/uploads\/2026\/03\/Lartisanat-dart-en-danger-face-au-manque-de-releve.jpg","contentUrl":"https:\/\/www.alumni.space\/wp-content\/uploads\/2026\/03\/Lartisanat-dart-en-danger-face-au-manque-de-releve.jpg","width":1280,"height":768,"caption":"discover the crucial issues facing the arts and crafts sector, threatened by a lack of young talent, and the importance of preserving this unique heritage."},{"@type":"BreadcrumbList","@id":"https:\/\/www.alumni.space\/en\/art-and-craft-in-danger-from-lack-of-young-talent\/#breadcrumb","itemListElement":[{"@type":"ListItem","position":1,"name":"Home","item":"https:\/\/www.alumni.space\/en\/mentoring-and-alumni-management-platform\/"},{"@type":"ListItem","position":2,"name":"Art and craft in danger from lack of young talent"}]},{"@type":"WebSite","@id":"https:\/\/www.alumni.space\/en\/#website","url":"https:\/\/www.alumni.space\/en\/","name":"Alumni.space","description":"My WordPress Blog","potentialAction":[{"@type":"SearchAction","target":{"@type":"EntryPoint","urlTemplate":"https:\/\/www.alumni.space\/en\/?s={search_term_string}"},"query-input":{"@type":"PropertyValueSpecification","valueRequired":true,"valueName":"search_term_string"}}],"inLanguage":"en-US"},{"@type":"Person","@id":"https:\/\/www.alumni.space\/en\/#\/schema\/person\/fede362a57876edda476a61f05ce5b15","name":"admin","image":{"@type":"ImageObject","inLanguage":"en-US","@id":"https:\/\/secure.gravatar.com\/avatar\/318e234ae94f90d4d629428d6b983c08e31181c28f579e08a021180d759ea651?s=96&d=mm&r=g","url":"https:\/\/secure.gravatar.com\/avatar\/318e234ae94f90d4d629428d6b983c08e31181c28f579e08a021180d759ea651?s=96&d=mm&r=g","contentUrl":"https:\/\/secure.gravatar.com\/avatar\/318e234ae94f90d4d629428d6b983c08e31181c28f579e08a021180d759ea651?s=96&d=mm&r=g","caption":"admin"},"description":"Nicolas Laustriat a construit sa sp\u00e9cialit\u00e9 sur un sujet que beaucoup d\u2019organisations d\u00e9couvrent trop tard : ce qui dispara\u00eet quand les gens partent. Dipl\u00f4m\u00e9 en conception de produit industriel, il bifurque vers le digital fin 1996, il couvre les transformations marques, RH, la fid\u00e9lisation, la marque employeur. Sur le terrain, il rep\u00e8re un angle mort r\u00e9current : l\u2019entreprise investit dans le recrutement, la formation, les process\u2026 puis laisse filer le lien au moment du d\u00e9part, avec une perte de savoir et d\u2019influence qui se paie en silence. Il se sp\u00e9cialise alors sur les communaut\u00e9s d\u2019alumni, le mentorat, l\u2019entraide interg\u00e9n\u00e9rationnelle et la transmission d\u2019expertise. Il passe du \u201cconstat\u201d aux m\u00e9thodes : animation, gouvernance, segmentation, rituels, mesure d\u2019engagement, articulation avec la RSE et l\u2019employabilit\u00e9. Il interviewe DRH, responsables formation, directions d\u2019\u00e9coles, associations et fondations, avec une obsession : transformer un r\u00e9seau dormant en m\u00e9canisme utile (cooptation, mentorat, job board, entraide, \u00e9v\u00e9nements, contenus). Son style : direct, orient\u00e9 action, sans folklore. Sa conviction : une communaut\u00e9 n\u2019a pas besoin de bruit, elle a besoin de raisons de revenir.","sameAs":["https:\/\/www.alumni.space"]}]}},"_links":{"self":[{"href":"https:\/\/www.alumni.space\/en\/wp-json\/wp\/v2\/posts\/5607","targetHints":{"allow":["GET"]}}],"collection":[{"href":"https:\/\/www.alumni.space\/en\/wp-json\/wp\/v2\/posts"}],"about":[{"href":"https:\/\/www.alumni.space\/en\/wp-json\/wp\/v2\/types\/post"}],"author":[{"embeddable":true,"href":"https:\/\/www.alumni.space\/en\/wp-json\/wp\/v2\/users\/1"}],"replies":[{"embeddable":true,"href":"https:\/\/www.alumni.space\/en\/wp-json\/wp\/v2\/comments?post=5607"}],"version-history":[{"count":2,"href":"https:\/\/www.alumni.space\/en\/wp-json\/wp\/v2\/posts\/5607\/revisions"}],"predecessor-version":[{"id":7270,"href":"https:\/\/www.alumni.space\/en\/wp-json\/wp\/v2\/posts\/5607\/revisions\/7270"}],"wp:featuredmedia":[{"embeddable":true,"href":"https:\/\/www.alumni.space\/en\/wp-json\/wp\/v2\/media\/5609"}],"wp:attachment":[{"href":"https:\/\/www.alumni.space\/en\/wp-json\/wp\/v2\/media?parent=5607"}],"wp:term":[{"taxonomy":"category","embeddable":true,"href":"https:\/\/www.alumni.space\/en\/wp-json\/wp\/v2\/categories?post=5607"},{"taxonomy":"post_tag","embeddable":true,"href":"https:\/\/www.alumni.space\/en\/wp-json\/wp\/v2\/tags?post=5607"}],"curies":[{"name":"wp","href":"https:\/\/api.w.org\/{rel}","templated":true}]}}