{"id":7290,"date":"2025-01-12T03:21:54","date_gmt":"2025-01-12T03:21:54","guid":{"rendered":"https:\/\/www.alumni.space\/das-oeffentliche-gesundheitswesen-ist-alarmiert-angesichts-des-verlustes-an-medizinischem-wissen\/"},"modified":"2026-04-02T12:09:06","modified_gmt":"2026-04-02T12:09:06","slug":"das-oeffentliche-gesundheitswesen-ist-alarmiert-angesichts-des-verlustes-an-medizinischem-wissen","status":"publish","type":"post","link":"https:\/\/www.alumni.space\/de\/das-oeffentliche-gesundheitswesen-ist-alarmiert-angesichts-des-verlustes-an-medizinischem-wissen\/","title":{"rendered":"Das \u00f6ffentliche Gesundheitswesen ist alarmiert angesichts des Verlustes an medizinischem Wissen"},"content":{"rendered":"<p>Das \u00f6ffentliche Gesundheitswesen in Frankreich sieht sich mit einem gro\u00dfen Alarm konfrontiert, der mit dem <strong>Verlust von medizinischem Wissen<\/strong> zusammenh\u00e4ngt. Dies gibt Anlass zur Sorge \u00fcber die <strong>Weitergabe von<\/strong> wichtigem <strong>Wissen<\/strong>, die <strong>Erhaltung des<\/strong> medizinischen <strong>Erbes<\/strong> und die Auswirkungen auf das <strong>Pr\u00e4ventions- und Gesundheitssystem<\/strong>. <\/p><div id=\"ez-toc-container\" class=\"ez-toc-v2_0_82_2 counter-flat ez-toc-counter ez-toc-grey ez-toc-container-direction\">\n<div class=\"ez-toc-title-container\"><p class=\"ez-toc-title\" style=\"cursor:inherit\">Inhalt dieses Artikels:<\/p>\n<\/div><nav><ul class='ez-toc-list ez-toc-list-level-1 ' ><li class='ez-toc-page-1'><a class=\"ez-toc-link ez-toc-heading-1\" href=\"https:\/\/www.alumni.space\/de\/das-oeffentliche-gesundheitswesen-ist-alarmiert-angesichts-des-verlustes-an-medizinischem-wissen\/#Eine_Krise_des_oeffentlichen_Gesundheitswesens_die_durch_die_Verknappung_des_medizinischen_Wissens_offenbart_wird\" >Eine Krise des \u00f6ffentlichen Gesundheitswesens, die durch die Verknappung des medizinischen Wissens offenbart wird<\/a><\/li><li class='ez-toc-page-1'><a class=\"ez-toc-link ez-toc-heading-2\" href=\"https:\/\/www.alumni.space\/de\/das-oeffentliche-gesundheitswesen-ist-alarmiert-angesichts-des-verlustes-an-medizinischem-wissen\/#Die_Alterung_der_medizinischen_Bevoelkerung_ein_grosses_Hindernis_fuer_die_Weitergabe_von_Wissen\" >Die Alterung der medizinischen Bev\u00f6lkerung, ein gro\u00dfes Hindernis f\u00fcr die Weitergabe von Wissen<\/a><\/li><li class='ez-toc-page-1'><a class=\"ez-toc-link ez-toc-heading-3\" href=\"https:\/\/www.alumni.space\/de\/das-oeffentliche-gesundheitswesen-ist-alarmiert-angesichts-des-verlustes-an-medizinischem-wissen\/#Die_konkreten_Auswirkungen_des_Verlustes_an_medizinischem_Wissen_auf_die_oeffentliche_Gesundheit_und_die_Praevention\" >Die konkreten Auswirkungen des Verlustes an medizinischem Wissen auf die \u00f6ffentliche Gesundheit und die Pr\u00e4vention<\/a><\/li><li class='ez-toc-page-1'><a class=\"ez-toc-link ez-toc-heading-4\" href=\"https:\/\/www.alumni.space\/de\/das-oeffentliche-gesundheitswesen-ist-alarmiert-angesichts-des-verlustes-an-medizinischem-wissen\/#Wachsamkeit_bei_der_Verwaltung_von_Gesundheitsdaten_eine_Schluesselfrage_bei_der_Erhaltung_des_medizinischen_Erbes\" >Wachsamkeit bei der Verwaltung von Gesundheitsdaten, eine Schl\u00fcsselfrage bei der Erhaltung des medizinischen Erbes<\/a><\/li><li class='ez-toc-page-1'><a class=\"ez-toc-link ez-toc-heading-5\" href=\"https:\/\/www.alumni.space\/de\/das-oeffentliche-gesundheitswesen-ist-alarmiert-angesichts-des-verlustes-an-medizinischem-wissen\/#Innovative_Loesungen_zur_Eindaemmung_des_Wissensverlustes_und_zur_Staerkung_des_Zusammenhalts_der_Akteure_im_Gesundheitswesen\" >Innovative L\u00f6sungen zur Eind\u00e4mmung des Wissensverlustes und zur St\u00e4rkung des Zusammenhalts der Akteure im Gesundheitswesen<\/a><\/li><li class='ez-toc-page-1'><a class=\"ez-toc-link ez-toc-heading-6\" href=\"https:\/\/www.alumni.space\/de\/das-oeffentliche-gesundheitswesen-ist-alarmiert-angesichts-des-verlustes-an-medizinischem-wissen\/#Der_Beitrag_von_Mentoring_und_aktiven_Gemeinschaften_zur_Erhaltung_des_medizinischen_Wissens\" >Der Beitrag von Mentoring und aktiven Gemeinschaften zur Erhaltung des medizinischen Wissens<\/a><\/li><li class='ez-toc-page-1'><a class=\"ez-toc-link ez-toc-heading-7\" href=\"https:\/\/www.alumni.space\/de\/das-oeffentliche-gesundheitswesen-ist-alarmiert-angesichts-des-verlustes-an-medizinischem-wissen\/#Foerderung_einer_proaktiven_Gesundheitspolitik_gegen_den_Verlust_des_medizinischen_Wissens\" >F\u00f6rderung einer proaktiven Gesundheitspolitik gegen den Verlust des medizinischen Wissens<\/a><\/li><\/ul><\/nav><\/div>\n<h2 class=\"wp-block-heading\"><span class=\"ez-toc-section\" id=\"Eine_Krise_des_oeffentlichen_Gesundheitswesens_die_durch_die_Verknappung_des_medizinischen_Wissens_offenbart_wird\"><\/span>Eine Krise des \u00f6ffentlichen Gesundheitswesens, die durch die Verknappung des medizinischen Wissens offenbart wird<span class=\"ez-toc-section-end\"><\/span><\/h2><p>Der \u00c4rztemangel, mit einem deutlichen R\u00fcckgang der Allgemeinmediziner und Fach\u00e4rzte, schw\u00e4cht das Kontinuum der Gesundheitsversorgung. Im Jahr <strong>2025 gab es in Frankreich 241.255 \u00c4rzte<\/strong>, was einen leichten Anstieg bedeutet, aber die regionalen Krisen in der \u00e4rztlichen F\u00fchrung bleiben bestehen. Mehr als <strong>87 % des Territoriums sind von medizinischen W\u00fcsten betroffen<\/strong>, insbesondere in l\u00e4ndlichen Gebieten, was den Zugang zur Grundversorgung einschr\u00e4nkt. Diese Situation macht es noch schwieriger, eine <strong>traditionelle Medizin<\/strong> in der N\u00e4he zu erhalten, bei der Erfahrung und Know-how eine entscheidende Rolle spielen.   <\/p><figure class=\"wp-block-image size-full\"><img decoding=\"async\" width=\"1280\" height=\"768\" src=\"https:\/\/www.alumni.space\/wp-content\/uploads\/2026\/03\/La-sante-publique-en-alerte-face-a-la-perte-de-savoir-medical-1.jpg\" data-orig-src=\"https:\/\/www.alumni.space\/wp-content\/uploads\/2026\/03\/La-sante-publique-en-alerte-face-a-la-perte-de-savoir-medical-1.jpg\" alt=\"entdecken Sie die entscheidenden Herausforderungen f\u00fcr die \u00f6ffentliche Gesundheit angesichts des fortschreitenden Verlustes an medizinischem Wissen und die notwendigen Ma\u00dfnahmen zur Erhaltung des wesentlichen Wissens.\" class=\"lazyload wp-image-3225\" srcset=\"data:image\/svg+xml,%3Csvg%20xmlns%3D%27http%3A%2F%2Fwww.w3.org%2F2000%2Fsvg%27%20width%3D%271280%27%20height%3D%27768%27%20viewBox%3D%270%200%201280%20768%27%3E%3Crect%20width%3D%271280%27%20height%3D%27768%27%20fill-opacity%3D%220%22%2F%3E%3C%2Fsvg%3E\" data-srcset=\"https:\/\/www.alumni.space\/wp-content\/uploads\/2026\/03\/La-sante-publique-en-alerte-face-a-la-perte-de-savoir-medical-1-200x120.jpg 200w, https:\/\/www.alumni.space\/wp-content\/uploads\/2026\/03\/La-sante-publique-en-alerte-face-a-la-perte-de-savoir-medical-1-300x180.jpg 300w, https:\/\/www.alumni.space\/wp-content\/uploads\/2026\/03\/La-sante-publique-en-alerte-face-a-la-perte-de-savoir-medical-1-400x240.jpg 400w, https:\/\/www.alumni.space\/wp-content\/uploads\/2026\/03\/La-sante-publique-en-alerte-face-a-la-perte-de-savoir-medical-1-600x360.jpg 600w, https:\/\/www.alumni.space\/wp-content\/uploads\/2026\/03\/La-sante-publique-en-alerte-face-a-la-perte-de-savoir-medical-1-768x461.jpg 768w, https:\/\/www.alumni.space\/wp-content\/uploads\/2026\/03\/La-sante-publique-en-alerte-face-a-la-perte-de-savoir-medical-1-800x480.jpg 800w, https:\/\/www.alumni.space\/wp-content\/uploads\/2026\/03\/La-sante-publique-en-alerte-face-a-la-perte-de-savoir-medical-1-1024x614.jpg 1024w, https:\/\/www.alumni.space\/wp-content\/uploads\/2026\/03\/La-sante-publique-en-alerte-face-a-la-perte-de-savoir-medical-1-1200x720.jpg 1200w, https:\/\/www.alumni.space\/wp-content\/uploads\/2026\/03\/La-sante-publique-en-alerte-face-a-la-perte-de-savoir-medical-1.jpg 1280w\" data-sizes=\"auto\" data-orig-sizes=\"(max-width: 1280px) 100vw, 1280px\" \/><\/figure><h3 class=\"wp-block-heading\"><span class=\"ez-toc-section\" id=\"Die_Alterung_der_medizinischen_Bevoelkerung_ein_grosses_Hindernis_fuer_die_Weitergabe_von_Wissen\"><\/span>Die Alterung der medizinischen Bev\u00f6lkerung, ein gro\u00dfes Hindernis f\u00fcr die Weitergabe von Wissen<span class=\"ez-toc-section-end\"><\/span><\/h3><p>Das hohe Durchschnittsalter der \u00c4rzte, insbesondere in unterversorgten Gebieten, f\u00fchrt zu einem <strong>massiven Abgang von Fachkr\u00e4ften<\/strong> in den Ruhestand ohne ad\u00e4quaten Ersatz. Fast 43 % der Allgemeinmediziner sind \u00e4lter als 60 Jahre, was den <strong>Verlust des<\/strong> gesammelten <strong>medizinischen Wissens<\/strong> noch versch\u00e4rft. Dies kann zu einer Destabilisierung des Versorgungsnetzes f\u00fchren, was sich direkt auf die <strong>Qualit\u00e4t der Diagnosen<\/strong> und die Betreuung der Patienten auswirkt.  <\/p><h2 class=\"wp-block-heading\"><span class=\"ez-toc-section\" id=\"Die_konkreten_Auswirkungen_des_Verlustes_an_medizinischem_Wissen_auf_die_oeffentliche_Gesundheit_und_die_Praevention\"><\/span>Die konkreten Auswirkungen des Verlustes an medizinischem Wissen auf die \u00f6ffentliche Gesundheit und die Pr\u00e4vention<span class=\"ez-toc-section-end\"><\/span><\/h2><p>Neben dem Zugang zur Gesundheitsversorgung wirkt sich der <strong>Wissensverlust<\/strong> auch negativ auf die F\u00e4higkeit des Gesundheitssystems aus, eine wirksame Pr\u00e4vention zu gew\u00e4hrleisten. <strong>Diagnosefehler<\/strong>, die bei klinischen Interaktionen auf fast 10% gesch\u00e4tzt werden, sind in diesem Zusammenhang besorgniserregend. Ohne eine strukturierte Weitergabe von Kompetenzen ist die <strong>Kontinuit\u00e4t des Wissens<\/strong> gef\u00e4hrdet, was die gesundheitlichen Auswirkungen insgesamt verschlechtert.  <\/p><h3 class=\"wp-block-heading\"><span class=\"ez-toc-section\" id=\"Wachsamkeit_bei_der_Verwaltung_von_Gesundheitsdaten_eine_Schluesselfrage_bei_der_Erhaltung_des_medizinischen_Erbes\"><\/span>Wachsamkeit bei der Verwaltung von Gesundheitsdaten, eine Schl\u00fcsselfrage bei der Erhaltung des medizinischen Erbes<span class=\"ez-toc-section-end\"><\/span><\/h3><p>Die<strong>Vereinigung der franz\u00f6sischen Archivare<\/strong> warnt vor dem Risiko des Datenverlustes bei technologischen Ver\u00e4nderungen in Gesundheitseinrichtungen. Eine schlechte Verwaltung oder eine schlecht kontrollierte Softwaremigration kann zum endg\u00fcltigen Verlust von Informationen f\u00fchren, die f\u00fcr die medizinische Geschichte der Patienten von entscheidender Bedeutung sind. Dieses Ph\u00e4nomen verdeutlicht die aktuellen Herausforderungen im Zusammenhang mit dem Schutz und der <strong>\u00dcbertragung<\/strong> medizinischer <strong>Daten<\/strong>, die f\u00fcr die Forschung und die Sicherheit der Gesundheitsversorgung von entscheidender Bedeutung sind.  <\/p><h2 class=\"wp-block-heading\"><span class=\"ez-toc-section\" id=\"Innovative_Loesungen_zur_Eindaemmung_des_Wissensverlustes_und_zur_Staerkung_des_Zusammenhalts_der_Akteure_im_Gesundheitswesen\"><\/span>Innovative L\u00f6sungen zur Eind\u00e4mmung des Wissensverlustes und zur St\u00e4rkung des Zusammenhalts der Akteure im Gesundheitswesen<span class=\"ez-toc-section-end\"><\/span><\/h2><p>Angesichts dieser Herausforderungen wenden sich die Entscheidungstr\u00e4ger Methoden zu, die Innovation und Community Management kombinieren. Die Plattform <a href=\"https:\/\/www.alumni.space\/de\/der-verlust-von-wissen-in-beratungsfirmen-ein-strategisches-risiko\/\">alumni.space<\/a> veranschaulicht dies durch ihren SaaS-Ansatz, der sich auf das <strong>Management und die Animation von Communities<\/strong> konzentriert und die Verbindung zwischen professionellen <strong>Alumni<\/strong> und Mentoren f\u00f6rdert. Die Plattform gew\u00e4hrleistet eine <strong>reibungslose Weitergabe von Wissen<\/strong>, reduziert das Verlustrisiko und unterst\u00fctzt die effektive Integration neuer Akteure in das Netzwerk.  <\/p><p>Diese Dynamik f\u00fchrt zu einer besseren <strong>Kooptation<\/strong>, einer strengeren Steuerung des Erfahrungskapitals und einem dauerhaften Engagement f\u00fcr die<strong>gegenseitige<\/strong>berufliche Unterst\u00fctzung. F\u00fcr Einrichtungen und Institutionen bietet die Einf\u00fchrung einer solchen L\u00f6sung eine robuste Alternative zu verstreuten Werkzeugen, die die \u00dcberwachung der medizinischen Ausbildungszyklen und die <strong>Kontinuit\u00e4t der Verbindung<\/strong> zwischen den Generationen erleichtert. <\/p><h3 class=\"wp-block-heading\"><span class=\"ez-toc-section\" id=\"Der_Beitrag_von_Mentoring_und_aktiven_Gemeinschaften_zur_Erhaltung_des_medizinischen_Wissens\"><\/span>Der Beitrag von Mentoring und aktiven Gemeinschaften zur Erhaltung des medizinischen Wissens<span class=\"ez-toc-section-end\"><\/span><\/h3><p>Eine strukturierte Methodik, die die Bildung von Mentor-Mentor-Paaren in verschiedenen Kontexten &#8211; Schulen, Krankenh\u00e4user, Verb\u00e4nde &#8211; f\u00f6rdert, optimiert die <strong>Erhaltung des medizinischen Erbes<\/strong>. Das generations\u00fcbergreifende Mentoring bietet einen Rahmen, in dem Erfahrung mit frischen, neuen F\u00e4higkeiten kombiniert werden kann, und ist eine wirksame Antwort auf die <strong>Notwendigkeit der Weitergabe<\/strong> in einem angespannten Sektor. <\/p><p>Klare Rituale, ein gemeinsamer Zeitplan und pr\u00e4zise Indikatoren erm\u00f6glichen es, die tats\u00e4chliche Wirkung dieser Ma\u00dfnahmen zu messen. Diese Instrumente tragen auch dazu bei, die psychosozialen Risiken zu reduzieren, die mit beruflicher \u00dcberlastung verbunden sind &#8211; wertvolle Ressourcen im Management von Gesundheitsfachkr\u00e4ften. <\/p><h2 class=\"wp-block-heading\"><span class=\"ez-toc-section\" id=\"Foerderung_einer_proaktiven_Gesundheitspolitik_gegen_den_Verlust_des_medizinischen_Wissens\"><\/span>F\u00f6rderung einer proaktiven Gesundheitspolitik gegen den Verlust des medizinischen Wissens<span class=\"ez-toc-section-end\"><\/span><\/h2><p>In zahlreichen Berichten wird die Notwendigkeit koordinierter Aktionen zwischen Beh\u00f6rden und Berufsverb\u00e4nden hervorgehoben. Die Vorverlegung des Ruhestands von \u00c4rzten, die Neuorganisation der Ausbildung und die Regelung des Umgangs mit medizinischen Daten sind wesentliche Hebel. Diese Initiativen sind Teil einer systemischen Pr\u00e4ventionspolitik, die darauf abzielt, einen gleichberechtigten Zugang zur Gesundheitsversorgung im gesamten Land zu gew\u00e4hrleisten.  <\/p><p>Es geht auch darum, die Rolle der <a href=\"https:\/\/www.vie-publique.fr\/eclairage\/24080-sante-quelle-politique-publique-contre-les-deserts-medicaux\">\u00f6ffentlichen Entscheidungstr\u00e4ger<\/a> bei der Steuerung dieser Herausforderungen durch integrierte digitale Werkzeuge zu st\u00e4rken, die die \u00dcberwachung der medizinischen Demographie und der beruflichen Laufbahnen erleichtern. Eine konzertierte Aktion wird dazu beitragen, die mit dem Verlust von Wissen verbundenen <strong>versteckten Kosten<\/strong> zu reduzieren, die Positionierung der Einrichtungen in Bezug auf ihr Image zu verbessern und so die Widerstandsf\u00e4higkeit des Gesundheitssystems zu erh\u00f6hen. <\/p><p>Ein schrittweises Vorgehen, das durch spezialisierte Plattformen unterst\u00fctzt wird, die eine gemeinsame Umgebung f\u00fcr den Austausch und den Aufbau von Kompetenzen bieten, f\u00f6rdert die Konsolidierung einer <strong>engagierten medizinischen Gemeinschaft<\/strong>. Durch die Integration dieser L\u00f6sungen gewinnen die Akteure des Gesundheitswesens an Effizienz und bewahren gleichzeitig ein immaterielles Erbe, das f\u00fcr den Fortbestand des \u00f6ffentlichen Dienstes von entscheidender Bedeutung ist. <\/p>","protected":false},"excerpt":{"rendered":"<p>Das \u00f6ffentliche Gesundheitswesen in Frankreich sieht sich mit einem gro\u00dfen  [&#8230;]<\/p>\n","protected":false},"author":1,"featured_media":7291,"comment_status":"closed","ping_status":"","sticky":false,"template":"","format":"standard","meta":{"_ayudawp_aiss_exclude":false,"footnotes":""},"categories":[59],"tags":[],"class_list":["post-7290","post","type-post","status-publish","format-standard","has-post-thumbnail","hentry","category-wissensaustausch"],"yoast_head":"<!-- This site is optimized with the Yoast SEO plugin v27.4 - https:\/\/yoast.com\/product\/yoast-seo-wordpress\/ -->\n<title>Alarm: Wenn das \u00f6ffentliche Gesundheitswesen sein medizinisches Wissen verliert<\/title>\n<meta name=\"description\" content=\"Das \u00f6ffentliche Gesundheitswesen warnt vor dem Verlust von medizinischem Wissen, was f\u00fcr die Gew\u00e4hrleistung einer qualitativ hochwertigen Gesundheitsversorgung und die Erhaltung unseres medizinischen Erbes von entscheidender Bedeutung ist.\" \/>\n<meta name=\"robots\" content=\"index, follow, max-snippet:-1, max-image-preview:large, max-video-preview:-1\" \/>\n<link rel=\"canonical\" href=\"https:\/\/www.alumni.space\/de\/das-oeffentliche-gesundheitswesen-ist-alarmiert-angesichts-des-verlustes-an-medizinischem-wissen\/\" \/>\n<meta property=\"og:locale\" content=\"de_DE\" \/>\n<meta property=\"og:type\" content=\"article\" \/>\n<meta property=\"og:title\" content=\"Alarm: Wenn das \u00f6ffentliche Gesundheitswesen sein medizinisches Wissen verliert\" \/>\n<meta property=\"og:description\" content=\"Das \u00f6ffentliche Gesundheitswesen warnt vor dem Verlust von medizinischem Wissen, was f\u00fcr die Gew\u00e4hrleistung einer qualitativ hochwertigen Gesundheitsversorgung und die Erhaltung unseres medizinischen Erbes von entscheidender Bedeutung ist.\" \/>\n<meta property=\"og:url\" content=\"https:\/\/www.alumni.space\/de\/das-oeffentliche-gesundheitswesen-ist-alarmiert-angesichts-des-verlustes-an-medizinischem-wissen\/\" \/>\n<meta property=\"og:site_name\" content=\"Alumni.space\" \/>\n<meta property=\"article:published_time\" content=\"2025-01-12T03:21:54+00:00\" \/>\n<meta property=\"article:modified_time\" content=\"2026-04-02T12:09:06+00:00\" \/>\n<meta property=\"og:image\" content=\"https:\/\/www.alumni.space\/wp-content\/uploads\/2026\/03\/La-sante-publique-en-alerte-face-a-la-perte-de-savoir-medical.jpg\" \/>\n\t<meta property=\"og:image:width\" content=\"1280\" \/>\n\t<meta property=\"og:image:height\" content=\"768\" \/>\n\t<meta property=\"og:image:type\" content=\"image\/jpeg\" \/>\n<meta name=\"author\" content=\"admin\" \/>\n<meta name=\"twitter:card\" content=\"summary_large_image\" \/>\n<meta name=\"twitter:label1\" content=\"Verfasst von\" \/>\n\t<meta name=\"twitter:data1\" content=\"admin\" \/>\n\t<meta name=\"twitter:label2\" content=\"Gesch\u00e4tzte Lesezeit\" \/>\n\t<meta name=\"twitter:data2\" content=\"4\u00a0Minuten\" \/>\n<script type=\"application\/ld+json\" class=\"yoast-schema-graph\">{\"@context\":\"https:\\\/\\\/schema.org\",\"@graph\":[{\"@type\":\"Article\",\"@id\":\"https:\\\/\\\/www.alumni.space\\\/de\\\/das-oeffentliche-gesundheitswesen-ist-alarmiert-angesichts-des-verlustes-an-medizinischem-wissen\\\/#article\",\"isPartOf\":{\"@id\":\"https:\\\/\\\/www.alumni.space\\\/de\\\/das-oeffentliche-gesundheitswesen-ist-alarmiert-angesichts-des-verlustes-an-medizinischem-wissen\\\/\"},\"author\":{\"name\":\"admin\",\"@id\":\"https:\\\/\\\/www.alumni.space\\\/de\\\/#\\\/schema\\\/person\\\/fede362a57876edda476a61f05ce5b15\"},\"headline\":\"Das \u00f6ffentliche Gesundheitswesen ist alarmiert angesichts des Verlustes an medizinischem Wissen\",\"datePublished\":\"2025-01-12T03:21:54+00:00\",\"dateModified\":\"2026-04-02T12:09:06+00:00\",\"mainEntityOfPage\":{\"@id\":\"https:\\\/\\\/www.alumni.space\\\/de\\\/das-oeffentliche-gesundheitswesen-ist-alarmiert-angesichts-des-verlustes-an-medizinischem-wissen\\\/\"},\"wordCount\":872,\"image\":{\"@id\":\"https:\\\/\\\/www.alumni.space\\\/de\\\/das-oeffentliche-gesundheitswesen-ist-alarmiert-angesichts-des-verlustes-an-medizinischem-wissen\\\/#primaryimage\"},\"thumbnailUrl\":\"https:\\\/\\\/www.alumni.space\\\/wp-content\\\/uploads\\\/2026\\\/03\\\/La-sante-publique-en-alerte-face-a-la-perte-de-savoir-medical.jpg\",\"articleSection\":[\"Wissensaustausch\"],\"inLanguage\":\"de\"},{\"@type\":\"WebPage\",\"@id\":\"https:\\\/\\\/www.alumni.space\\\/de\\\/das-oeffentliche-gesundheitswesen-ist-alarmiert-angesichts-des-verlustes-an-medizinischem-wissen\\\/\",\"url\":\"https:\\\/\\\/www.alumni.space\\\/de\\\/das-oeffentliche-gesundheitswesen-ist-alarmiert-angesichts-des-verlustes-an-medizinischem-wissen\\\/\",\"name\":\"Alarm: Wenn das \u00f6ffentliche Gesundheitswesen sein medizinisches Wissen verliert\",\"isPartOf\":{\"@id\":\"https:\\\/\\\/www.alumni.space\\\/de\\\/#website\"},\"primaryImageOfPage\":{\"@id\":\"https:\\\/\\\/www.alumni.space\\\/de\\\/das-oeffentliche-gesundheitswesen-ist-alarmiert-angesichts-des-verlustes-an-medizinischem-wissen\\\/#primaryimage\"},\"image\":{\"@id\":\"https:\\\/\\\/www.alumni.space\\\/de\\\/das-oeffentliche-gesundheitswesen-ist-alarmiert-angesichts-des-verlustes-an-medizinischem-wissen\\\/#primaryimage\"},\"thumbnailUrl\":\"https:\\\/\\\/www.alumni.space\\\/wp-content\\\/uploads\\\/2026\\\/03\\\/La-sante-publique-en-alerte-face-a-la-perte-de-savoir-medical.jpg\",\"datePublished\":\"2025-01-12T03:21:54+00:00\",\"dateModified\":\"2026-04-02T12:09:06+00:00\",\"author\":{\"@id\":\"https:\\\/\\\/www.alumni.space\\\/de\\\/#\\\/schema\\\/person\\\/fede362a57876edda476a61f05ce5b15\"},\"description\":\"Das \u00f6ffentliche Gesundheitswesen warnt vor dem Verlust von medizinischem Wissen, was f\u00fcr die Gew\u00e4hrleistung einer qualitativ hochwertigen Gesundheitsversorgung und die Erhaltung unseres medizinischen Erbes von entscheidender Bedeutung ist.\",\"breadcrumb\":{\"@id\":\"https:\\\/\\\/www.alumni.space\\\/de\\\/das-oeffentliche-gesundheitswesen-ist-alarmiert-angesichts-des-verlustes-an-medizinischem-wissen\\\/#breadcrumb\"},\"inLanguage\":\"de\",\"potentialAction\":[{\"@type\":\"ReadAction\",\"target\":[\"https:\\\/\\\/www.alumni.space\\\/de\\\/das-oeffentliche-gesundheitswesen-ist-alarmiert-angesichts-des-verlustes-an-medizinischem-wissen\\\/\"]}]},{\"@type\":\"ImageObject\",\"inLanguage\":\"de\",\"@id\":\"https:\\\/\\\/www.alumni.space\\\/de\\\/das-oeffentliche-gesundheitswesen-ist-alarmiert-angesichts-des-verlustes-an-medizinischem-wissen\\\/#primaryimage\",\"url\":\"https:\\\/\\\/www.alumni.space\\\/wp-content\\\/uploads\\\/2026\\\/03\\\/La-sante-publique-en-alerte-face-a-la-perte-de-savoir-medical.jpg\",\"contentUrl\":\"https:\\\/\\\/www.alumni.space\\\/wp-content\\\/uploads\\\/2026\\\/03\\\/La-sante-publique-en-alerte-face-a-la-perte-de-savoir-medical.jpg\",\"width\":1280,\"height\":768,\"caption\":\"entdecken Sie die kritischen Herausforderungen f\u00fcr die \u00f6ffentliche Gesundheit angesichts des zunehmenden Verlustes an medizinischem Wissen und die Ma\u00dfnahmen zur Erhaltung des wesentlichen Wissens.\"},{\"@type\":\"BreadcrumbList\",\"@id\":\"https:\\\/\\\/www.alumni.space\\\/de\\\/das-oeffentliche-gesundheitswesen-ist-alarmiert-angesichts-des-verlustes-an-medizinischem-wissen\\\/#breadcrumb\",\"itemListElement\":[{\"@type\":\"ListItem\",\"position\":1,\"name\":\"Home\",\"item\":\"https:\\\/\\\/www.alumni.space\\\/de\\\/plattform-fuer-die-verwaltung-von-mentoring-und-unternehmensalumni\\\/\"},{\"@type\":\"ListItem\",\"position\":2,\"name\":\"Das \u00f6ffentliche Gesundheitswesen ist alarmiert angesichts des Verlustes an medizinischem Wissen\"}]},{\"@type\":\"WebSite\",\"@id\":\"https:\\\/\\\/www.alumni.space\\\/de\\\/#website\",\"url\":\"https:\\\/\\\/www.alumni.space\\\/de\\\/\",\"name\":\"Alumni.space\",\"description\":\"My WordPress Blog\",\"potentialAction\":[{\"@type\":\"SearchAction\",\"target\":{\"@type\":\"EntryPoint\",\"urlTemplate\":\"https:\\\/\\\/www.alumni.space\\\/de\\\/?s={search_term_string}\"},\"query-input\":{\"@type\":\"PropertyValueSpecification\",\"valueRequired\":true,\"valueName\":\"search_term_string\"}}],\"inLanguage\":\"de\"},{\"@type\":\"Person\",\"@id\":\"https:\\\/\\\/www.alumni.space\\\/de\\\/#\\\/schema\\\/person\\\/fede362a57876edda476a61f05ce5b15\",\"name\":\"admin\",\"image\":{\"@type\":\"ImageObject\",\"inLanguage\":\"de\",\"@id\":\"https:\\\/\\\/secure.gravatar.com\\\/avatar\\\/318e234ae94f90d4d629428d6b983c08e31181c28f579e08a021180d759ea651?s=96&d=mm&r=g\",\"url\":\"https:\\\/\\\/secure.gravatar.com\\\/avatar\\\/318e234ae94f90d4d629428d6b983c08e31181c28f579e08a021180d759ea651?s=96&d=mm&r=g\",\"contentUrl\":\"https:\\\/\\\/secure.gravatar.com\\\/avatar\\\/318e234ae94f90d4d629428d6b983c08e31181c28f579e08a021180d759ea651?s=96&d=mm&r=g\",\"caption\":\"admin\"},\"description\":\"Nicolas Laustriat a construit sa sp\u00e9cialit\u00e9 sur un sujet que beaucoup d\u2019organisations d\u00e9couvrent trop tard : ce qui dispara\u00eet quand les gens partent. Dipl\u00f4m\u00e9 en conception de produit industriel, il bifurque vers le digital fin 1996, il couvre les transformations marques, RH, la fid\u00e9lisation, la marque employeur. Sur le terrain, il rep\u00e8re un angle mort r\u00e9current : l\u2019entreprise investit dans le recrutement, la formation, les process\u2026 puis laisse filer le lien au moment du d\u00e9part, avec une perte de savoir et d\u2019influence qui se paie en silence. Il se sp\u00e9cialise alors sur les communaut\u00e9s d\u2019alumni, le mentorat, l\u2019entraide interg\u00e9n\u00e9rationnelle et la transmission d\u2019expertise. Il passe du \u201cconstat\u201d aux m\u00e9thodes : animation, gouvernance, segmentation, rituels, mesure d\u2019engagement, articulation avec la RSE et l\u2019employabilit\u00e9. Il interviewe DRH, responsables formation, directions d\u2019\u00e9coles, associations et fondations, avec une obsession : transformer un r\u00e9seau dormant en m\u00e9canisme utile (cooptation, mentorat, job board, entraide, \u00e9v\u00e9nements, contenus). Son style : direct, orient\u00e9 action, sans folklore. Sa conviction : une communaut\u00e9 n\u2019a pas besoin de bruit, elle a besoin de raisons de revenir.\",\"sameAs\":[\"https:\\\/\\\/www.alumni.space\"]}]}<\/script>\n<!-- \/ Yoast SEO plugin. -->","yoast_head_json":{"title":"Alarm: Wenn das \u00f6ffentliche Gesundheitswesen sein medizinisches Wissen verliert","description":"Das \u00f6ffentliche Gesundheitswesen warnt vor dem Verlust von medizinischem Wissen, was f\u00fcr die Gew\u00e4hrleistung einer qualitativ hochwertigen Gesundheitsversorgung und die Erhaltung unseres medizinischen Erbes von entscheidender Bedeutung ist.","robots":{"index":"index","follow":"follow","max-snippet":"max-snippet:-1","max-image-preview":"max-image-preview:large","max-video-preview":"max-video-preview:-1"},"canonical":"https:\/\/www.alumni.space\/de\/das-oeffentliche-gesundheitswesen-ist-alarmiert-angesichts-des-verlustes-an-medizinischem-wissen\/","og_locale":"de_DE","og_type":"article","og_title":"Alarm: Wenn das \u00f6ffentliche Gesundheitswesen sein medizinisches Wissen verliert","og_description":"Das \u00f6ffentliche Gesundheitswesen warnt vor dem Verlust von medizinischem Wissen, was f\u00fcr die Gew\u00e4hrleistung einer qualitativ hochwertigen Gesundheitsversorgung und die Erhaltung unseres medizinischen Erbes von entscheidender Bedeutung ist.","og_url":"https:\/\/www.alumni.space\/de\/das-oeffentliche-gesundheitswesen-ist-alarmiert-angesichts-des-verlustes-an-medizinischem-wissen\/","og_site_name":"Alumni.space","article_published_time":"2025-01-12T03:21:54+00:00","article_modified_time":"2026-04-02T12:09:06+00:00","og_image":[{"width":1280,"height":768,"url":"https:\/\/www.alumni.space\/wp-content\/uploads\/2026\/03\/La-sante-publique-en-alerte-face-a-la-perte-de-savoir-medical.jpg","type":"image\/jpeg"}],"author":"admin","twitter_card":"summary_large_image","twitter_misc":{"Verfasst von":"admin","Gesch\u00e4tzte Lesezeit":"4\u00a0Minuten"},"schema":{"@context":"https:\/\/schema.org","@graph":[{"@type":"Article","@id":"https:\/\/www.alumni.space\/de\/das-oeffentliche-gesundheitswesen-ist-alarmiert-angesichts-des-verlustes-an-medizinischem-wissen\/#article","isPartOf":{"@id":"https:\/\/www.alumni.space\/de\/das-oeffentliche-gesundheitswesen-ist-alarmiert-angesichts-des-verlustes-an-medizinischem-wissen\/"},"author":{"name":"admin","@id":"https:\/\/www.alumni.space\/de\/#\/schema\/person\/fede362a57876edda476a61f05ce5b15"},"headline":"Das \u00f6ffentliche Gesundheitswesen ist alarmiert angesichts des Verlustes an medizinischem Wissen","datePublished":"2025-01-12T03:21:54+00:00","dateModified":"2026-04-02T12:09:06+00:00","mainEntityOfPage":{"@id":"https:\/\/www.alumni.space\/de\/das-oeffentliche-gesundheitswesen-ist-alarmiert-angesichts-des-verlustes-an-medizinischem-wissen\/"},"wordCount":872,"image":{"@id":"https:\/\/www.alumni.space\/de\/das-oeffentliche-gesundheitswesen-ist-alarmiert-angesichts-des-verlustes-an-medizinischem-wissen\/#primaryimage"},"thumbnailUrl":"https:\/\/www.alumni.space\/wp-content\/uploads\/2026\/03\/La-sante-publique-en-alerte-face-a-la-perte-de-savoir-medical.jpg","articleSection":["Wissensaustausch"],"inLanguage":"de"},{"@type":"WebPage","@id":"https:\/\/www.alumni.space\/de\/das-oeffentliche-gesundheitswesen-ist-alarmiert-angesichts-des-verlustes-an-medizinischem-wissen\/","url":"https:\/\/www.alumni.space\/de\/das-oeffentliche-gesundheitswesen-ist-alarmiert-angesichts-des-verlustes-an-medizinischem-wissen\/","name":"Alarm: Wenn das \u00f6ffentliche Gesundheitswesen sein medizinisches Wissen verliert","isPartOf":{"@id":"https:\/\/www.alumni.space\/de\/#website"},"primaryImageOfPage":{"@id":"https:\/\/www.alumni.space\/de\/das-oeffentliche-gesundheitswesen-ist-alarmiert-angesichts-des-verlustes-an-medizinischem-wissen\/#primaryimage"},"image":{"@id":"https:\/\/www.alumni.space\/de\/das-oeffentliche-gesundheitswesen-ist-alarmiert-angesichts-des-verlustes-an-medizinischem-wissen\/#primaryimage"},"thumbnailUrl":"https:\/\/www.alumni.space\/wp-content\/uploads\/2026\/03\/La-sante-publique-en-alerte-face-a-la-perte-de-savoir-medical.jpg","datePublished":"2025-01-12T03:21:54+00:00","dateModified":"2026-04-02T12:09:06+00:00","author":{"@id":"https:\/\/www.alumni.space\/de\/#\/schema\/person\/fede362a57876edda476a61f05ce5b15"},"description":"Das \u00f6ffentliche Gesundheitswesen warnt vor dem Verlust von medizinischem Wissen, was f\u00fcr die Gew\u00e4hrleistung einer qualitativ hochwertigen Gesundheitsversorgung und die Erhaltung unseres medizinischen Erbes von entscheidender Bedeutung ist.","breadcrumb":{"@id":"https:\/\/www.alumni.space\/de\/das-oeffentliche-gesundheitswesen-ist-alarmiert-angesichts-des-verlustes-an-medizinischem-wissen\/#breadcrumb"},"inLanguage":"de","potentialAction":[{"@type":"ReadAction","target":["https:\/\/www.alumni.space\/de\/das-oeffentliche-gesundheitswesen-ist-alarmiert-angesichts-des-verlustes-an-medizinischem-wissen\/"]}]},{"@type":"ImageObject","inLanguage":"de","@id":"https:\/\/www.alumni.space\/de\/das-oeffentliche-gesundheitswesen-ist-alarmiert-angesichts-des-verlustes-an-medizinischem-wissen\/#primaryimage","url":"https:\/\/www.alumni.space\/wp-content\/uploads\/2026\/03\/La-sante-publique-en-alerte-face-a-la-perte-de-savoir-medical.jpg","contentUrl":"https:\/\/www.alumni.space\/wp-content\/uploads\/2026\/03\/La-sante-publique-en-alerte-face-a-la-perte-de-savoir-medical.jpg","width":1280,"height":768,"caption":"entdecken Sie die kritischen Herausforderungen f\u00fcr die \u00f6ffentliche Gesundheit angesichts des zunehmenden Verlustes an medizinischem Wissen und die Ma\u00dfnahmen zur Erhaltung des wesentlichen Wissens."},{"@type":"BreadcrumbList","@id":"https:\/\/www.alumni.space\/de\/das-oeffentliche-gesundheitswesen-ist-alarmiert-angesichts-des-verlustes-an-medizinischem-wissen\/#breadcrumb","itemListElement":[{"@type":"ListItem","position":1,"name":"Home","item":"https:\/\/www.alumni.space\/de\/plattform-fuer-die-verwaltung-von-mentoring-und-unternehmensalumni\/"},{"@type":"ListItem","position":2,"name":"Das \u00f6ffentliche Gesundheitswesen ist alarmiert angesichts des Verlustes an medizinischem Wissen"}]},{"@type":"WebSite","@id":"https:\/\/www.alumni.space\/de\/#website","url":"https:\/\/www.alumni.space\/de\/","name":"Alumni.space","description":"My WordPress Blog","potentialAction":[{"@type":"SearchAction","target":{"@type":"EntryPoint","urlTemplate":"https:\/\/www.alumni.space\/de\/?s={search_term_string}"},"query-input":{"@type":"PropertyValueSpecification","valueRequired":true,"valueName":"search_term_string"}}],"inLanguage":"de"},{"@type":"Person","@id":"https:\/\/www.alumni.space\/de\/#\/schema\/person\/fede362a57876edda476a61f05ce5b15","name":"admin","image":{"@type":"ImageObject","inLanguage":"de","@id":"https:\/\/secure.gravatar.com\/avatar\/318e234ae94f90d4d629428d6b983c08e31181c28f579e08a021180d759ea651?s=96&d=mm&r=g","url":"https:\/\/secure.gravatar.com\/avatar\/318e234ae94f90d4d629428d6b983c08e31181c28f579e08a021180d759ea651?s=96&d=mm&r=g","contentUrl":"https:\/\/secure.gravatar.com\/avatar\/318e234ae94f90d4d629428d6b983c08e31181c28f579e08a021180d759ea651?s=96&d=mm&r=g","caption":"admin"},"description":"Nicolas Laustriat a construit sa sp\u00e9cialit\u00e9 sur un sujet que beaucoup d\u2019organisations d\u00e9couvrent trop tard : ce qui dispara\u00eet quand les gens partent. Dipl\u00f4m\u00e9 en conception de produit industriel, il bifurque vers le digital fin 1996, il couvre les transformations marques, RH, la fid\u00e9lisation, la marque employeur. Sur le terrain, il rep\u00e8re un angle mort r\u00e9current : l\u2019entreprise investit dans le recrutement, la formation, les process\u2026 puis laisse filer le lien au moment du d\u00e9part, avec une perte de savoir et d\u2019influence qui se paie en silence. Il se sp\u00e9cialise alors sur les communaut\u00e9s d\u2019alumni, le mentorat, l\u2019entraide interg\u00e9n\u00e9rationnelle et la transmission d\u2019expertise. Il passe du \u201cconstat\u201d aux m\u00e9thodes : animation, gouvernance, segmentation, rituels, mesure d\u2019engagement, articulation avec la RSE et l\u2019employabilit\u00e9. Il interviewe DRH, responsables formation, directions d\u2019\u00e9coles, associations et fondations, avec une obsession : transformer un r\u00e9seau dormant en m\u00e9canisme utile (cooptation, mentorat, job board, entraide, \u00e9v\u00e9nements, contenus). Son style : direct, orient\u00e9 action, sans folklore. Sa conviction : une communaut\u00e9 n\u2019a pas besoin de bruit, elle a besoin de raisons de revenir.","sameAs":["https:\/\/www.alumni.space"]}]}},"_links":{"self":[{"href":"https:\/\/www.alumni.space\/de\/wp-json\/wp\/v2\/posts\/7290","targetHints":{"allow":["GET"]}}],"collection":[{"href":"https:\/\/www.alumni.space\/de\/wp-json\/wp\/v2\/posts"}],"about":[{"href":"https:\/\/www.alumni.space\/de\/wp-json\/wp\/v2\/types\/post"}],"author":[{"embeddable":true,"href":"https:\/\/www.alumni.space\/de\/wp-json\/wp\/v2\/users\/1"}],"replies":[{"embeddable":true,"href":"https:\/\/www.alumni.space\/de\/wp-json\/wp\/v2\/comments?post=7290"}],"version-history":[{"count":1,"href":"https:\/\/www.alumni.space\/de\/wp-json\/wp\/v2\/posts\/7290\/revisions"}],"predecessor-version":[{"id":7292,"href":"https:\/\/www.alumni.space\/de\/wp-json\/wp\/v2\/posts\/7290\/revisions\/7292"}],"wp:featuredmedia":[{"embeddable":true,"href":"https:\/\/www.alumni.space\/de\/wp-json\/wp\/v2\/media\/7291"}],"wp:attachment":[{"href":"https:\/\/www.alumni.space\/de\/wp-json\/wp\/v2\/media?parent=7290"}],"wp:term":[{"taxonomy":"category","embeddable":true,"href":"https:\/\/www.alumni.space\/de\/wp-json\/wp\/v2\/categories?post=7290"},{"taxonomy":"post_tag","embeddable":true,"href":"https:\/\/www.alumni.space\/de\/wp-json\/wp\/v2\/tags?post=7290"}],"curies":[{"name":"wp","href":"https:\/\/api.w.org\/{rel}","templated":true}]}}