{"id":7280,"date":"2025-03-02T05:59:52","date_gmt":"2025-03-02T05:59:52","guid":{"rendered":"https:\/\/www.alumni.space\/ruhestand-eine-stille-bedrohung-fuer-den-krankenhaussektor\/"},"modified":"2026-04-02T12:08:56","modified_gmt":"2026-04-02T12:08:56","slug":"ruhestand-eine-stille-bedrohung-fuer-den-krankenhaussektor","status":"publish","type":"post","link":"https:\/\/www.alumni.space\/de\/ruhestand-eine-stille-bedrohung-fuer-den-krankenhaussektor\/","title":{"rendered":"Ruhestand: eine stille Bedrohung f\u00fcr den Krankenhaussektor"},"content":{"rendered":"<div id=\"ez-toc-container\" class=\"ez-toc-v2_0_82_2 counter-flat ez-toc-counter ez-toc-grey ez-toc-container-direction\">\n<div class=\"ez-toc-title-container\"><p class=\"ez-toc-title\" style=\"cursor:inherit\">Inhalt dieses Artikels:<\/p>\n<\/div><nav><ul class='ez-toc-list ez-toc-list-level-1 ' ><li class='ez-toc-page-1'><a class=\"ez-toc-link ez-toc-heading-1\" href=\"https:\/\/www.alumni.space\/de\/ruhestand-eine-stille-bedrohung-fuer-den-krankenhaussektor\/#Massenhafte_Pensionierungen_eine_grosse_Herausforderung_fuer_den_Krankenhaussektor_im_Jahr_2026\" >Massenhafte Pensionierungen: eine gro\u00dfe Herausforderung f\u00fcr den Krankenhaussektor im Jahr 2026<\/a><\/li><li class='ez-toc-page-1'><a class=\"ez-toc-link ez-toc-heading-2\" href=\"https:\/\/www.alumni.space\/de\/ruhestand-eine-stille-bedrohung-fuer-den-krankenhaussektor\/#Die_finanziellen_und_demographischen_Auswirkungen_der_Renten_im_oeffentlichen_Dienst_des_Krankenhauses\" >Die finanziellen und demographischen Auswirkungen der Renten im \u00f6ffentlichen Dienst des Krankenhauses<\/a><\/li><li class='ez-toc-page-1'><a class=\"ez-toc-link ez-toc-heading-3\" href=\"https:\/\/www.alumni.space\/de\/ruhestand-eine-stille-bedrohung-fuer-den-krankenhaussektor\/#Die_versteckten_Risiken_der_Verrentung_fuer_das_Kompetenzmanagement_in_Krankenhaeusern\" >Die versteckten Risiken der Verrentung f\u00fcr das Kompetenzmanagement in Krankenh\u00e4usern<\/a><\/li><li class='ez-toc-page-1'><a class=\"ez-toc-link ez-toc-heading-4\" href=\"https:\/\/www.alumni.space\/de\/ruhestand-eine-stille-bedrohung-fuer-den-krankenhaussektor\/#Optimierung_der_Uebertragung_von_Kompetenzen_und_Staerkung_der_Berufsgemeinschaft_der_Krankenhaeuser\" >Optimierung der \u00dcbertragung von Kompetenzen und St\u00e4rkung der Berufsgemeinschaft der Krankenh\u00e4user<\/a><\/li><\/ul><\/nav><\/div>\n<h2 class=\"wp-block-heading\"><span class=\"ez-toc-section\" id=\"Massenhafte_Pensionierungen_eine_grosse_Herausforderung_fuer_den_Krankenhaussektor_im_Jahr_2026\"><\/span>Massenhafte Pensionierungen: eine gro\u00dfe Herausforderung f\u00fcr den Krankenhaussektor im Jahr 2026<span class=\"ez-toc-section-end\"><\/span><\/h2><p>Die <strong>\u00dcberalterung<\/strong> des Gesundheitspersonals und die <strong>Pensionierung<\/strong> sind ein entscheidender Faktor f\u00fcr den <strong>Personalmangel<\/strong> in den Krankenh\u00e4usern. Diese Situation wirkt sich direkt auf die <strong>Qualit\u00e4t der Pflege<\/strong> und die F\u00e4higkeit der Humanressourcen aus, den wachsenden Bed\u00fcrfnissen des <strong>\u00f6ffentlichen Gesundheitswesens<\/strong> gerecht zu werden. Das Ungleichgewicht zwischen Abg\u00e4ngen und Neueinstellungen in den Krankenh\u00e4usern nimmt zu, so dass robuste Strategien zur Bew\u00e4ltigung des demografischen Schocks dringend erforderlich sind.  <\/p><figure class=\"wp-block-image size-full\"><img decoding=\"async\" width=\"1280\" height=\"768\" src=\"https:\/\/www.alumni.space\/wp-content\/uploads\/2026\/03\/Departs-a-la-retraite-une-menace-silencieuse-pour-le-secteur-hospitalier-1.jpg\" data-orig-src=\"https:\/\/www.alumni.space\/wp-content\/uploads\/2026\/03\/Departs-a-la-retraite-une-menace-silencieuse-pour-le-secteur-hospitalier-1.jpg\" alt=\"Erfahren Sie, wie die Verrentung eine stille Bedrohung f\u00fcr den Krankenhaussektor darstellt, die sich auf die Qualit\u00e4t der Pflege und das Personalmanagement auswirkt.\" class=\"lazyload wp-image-3228\" srcset=\"data:image\/svg+xml,%3Csvg%20xmlns%3D%27http%3A%2F%2Fwww.w3.org%2F2000%2Fsvg%27%20width%3D%271280%27%20height%3D%27768%27%20viewBox%3D%270%200%201280%20768%27%3E%3Crect%20width%3D%271280%27%20height%3D%27768%27%20fill-opacity%3D%220%22%2F%3E%3C%2Fsvg%3E\" data-srcset=\"https:\/\/www.alumni.space\/wp-content\/uploads\/2026\/03\/Departs-a-la-retraite-une-menace-silencieuse-pour-le-secteur-hospitalier-1-200x120.jpg 200w, https:\/\/www.alumni.space\/wp-content\/uploads\/2026\/03\/Departs-a-la-retraite-une-menace-silencieuse-pour-le-secteur-hospitalier-1-300x180.jpg 300w, https:\/\/www.alumni.space\/wp-content\/uploads\/2026\/03\/Departs-a-la-retraite-une-menace-silencieuse-pour-le-secteur-hospitalier-1-400x240.jpg 400w, https:\/\/www.alumni.space\/wp-content\/uploads\/2026\/03\/Departs-a-la-retraite-une-menace-silencieuse-pour-le-secteur-hospitalier-1-600x360.jpg 600w, https:\/\/www.alumni.space\/wp-content\/uploads\/2026\/03\/Departs-a-la-retraite-une-menace-silencieuse-pour-le-secteur-hospitalier-1-768x461.jpg 768w, https:\/\/www.alumni.space\/wp-content\/uploads\/2026\/03\/Departs-a-la-retraite-une-menace-silencieuse-pour-le-secteur-hospitalier-1-800x480.jpg 800w, https:\/\/www.alumni.space\/wp-content\/uploads\/2026\/03\/Departs-a-la-retraite-une-menace-silencieuse-pour-le-secteur-hospitalier-1-1024x614.jpg 1024w, https:\/\/www.alumni.space\/wp-content\/uploads\/2026\/03\/Departs-a-la-retraite-une-menace-silencieuse-pour-le-secteur-hospitalier-1-1200x720.jpg 1200w, https:\/\/www.alumni.space\/wp-content\/uploads\/2026\/03\/Departs-a-la-retraite-une-menace-silencieuse-pour-le-secteur-hospitalier-1.jpg 1280w\" data-sizes=\"auto\" data-orig-sizes=\"(max-width: 1280px) 100vw, 1280px\" \/><\/figure><h3 class=\"wp-block-heading\"><span class=\"ez-toc-section\" id=\"Die_finanziellen_und_demographischen_Auswirkungen_der_Renten_im_oeffentlichen_Dienst_des_Krankenhauses\"><\/span>Die finanziellen und demographischen Auswirkungen der Renten im \u00f6ffentlichen Dienst des Krankenhauses<span class=\"ez-toc-section-end\"><\/span><\/h3><p>Der Bericht der Generalinspektionen vom Mai dieses Jahres weist auf ein hohes Defizit der CNRACL hin, der Rentenkasse f\u00fcr Krankenhausangestellte und Gebietsk\u00f6rperschaften. Trotz einer Rentnerpopulation, die 7 % der franz\u00f6sischen Rentner ausmacht, sind die finanziellen Reserven gesunken, was zu einem Defizit von mehr als 2,5 Mrd. EUR im Jahr 2023 f\u00fchrt, was fast doppelt so hoch ist wie das Defizit des allgemeinen Systems, das jedoch zehnmal gr\u00f6\u00dfer ist. Diese Dynamik wird durch ein sinkendes demographisches Verh\u00e4ltnis verst\u00e4rkt, das von mehr als 4 auf weniger als 1,5 gefallen ist.  <\/p><p>Dar\u00fcber hinaus erh\u00f6ht das vorzeitige Ausscheiden aus dem <strong>Erwerbsleben<\/strong> und die <strong>langen Laufbahnen<\/strong>, die in den Krankenhausberufen h\u00e4ufig vorkommen, den Druck auf die Verwaltung der Kompetenzen und das finanzielle Gleichgewicht. In diesem Zusammenhang steigen die Ausgaben mit einem prognostizierten Defizit von 11 Milliarden Euro bis zum Ende des Jahrzehnts. <\/p><h2 class=\"wp-block-heading\"><span class=\"ez-toc-section\" id=\"Die_versteckten_Risiken_der_Verrentung_fuer_das_Kompetenzmanagement_in_Krankenhaeusern\"><\/span>Die versteckten Risiken der Verrentung f\u00fcr das Kompetenzmanagement in Krankenh\u00e4usern<span class=\"ez-toc-section-end\"><\/span><\/h2><p>\u00dcber den reinen Ersatz von freien Stellen hinaus f\u00fchrt die Verrentung zu einem <strong>Verlust an Wissen,<\/strong> der oft nur schwer wieder aufgef\u00fcllt werden kann. Der Krankenhaussektor sieht sich daher mit einem Mangel an erfahrenen Talenten konfrontiert, was die Effizienz der medizinischen Teams und die intergenerationelle Weitergabe bew\u00e4hrter Praktiken beeintr\u00e4chtigt. Das Fehlen geeigneter Mechanismen zur Gewinnung dieses Humankapitals erh\u00f6ht das Risiko von Unterbrechungen in der Kontinuit\u00e4t der Pflege.  <\/p><p>Dieses Ph\u00e4nomen ist auch bei den medizinischen Personalvermittlungsdiensten zu beobachten, die Schwierigkeiten haben, den steigenden Bedarf an qualifiziertem Personal zu decken, insbesondere aufgrund der langsamen Integrationsverfahren und der zunehmenden Komplexit\u00e4t der erforderlichen Kompetenzen. Diese Fehlfunktionen belasten die Steuerung der Personalressourcen und erfordern eine tiefgreifende Ver\u00e4nderung der Methoden zur Antizipation und Begleitung von Pensionierungen. <\/p><h3 class=\"wp-block-heading\"><span class=\"ez-toc-section\" id=\"Optimierung_der_Uebertragung_von_Kompetenzen_und_Staerkung_der_Berufsgemeinschaft_der_Krankenhaeuser\"><\/span>Optimierung der \u00dcbertragung von Kompetenzen und St\u00e4rkung der Berufsgemeinschaft der Krankenh\u00e4user<span class=\"ez-toc-section-end\"><\/span><\/h3><p>Um dem sch\u00e4dlichen Effekt des vorzeitigen Ausscheidens entgegenzuwirken, sollten Mentoring- und Betreuungsrituale eingef\u00fchrt werden, die die Bildung von <strong>generations\u00fcbergreifenden Paaren<\/strong> f\u00f6rdern. Die Bildung von Netzwerken ehemaliger Mitarbeiter in Verbindung mit digitalen Plattformen zur Verwaltung von Gemeinschaften erleichtert die Bewahrung des <strong>Erfahrungskapitals<\/strong> und die Entwicklung einer Kultur der aktiven gegenseitigen Unterst\u00fctzung. Dadurch wird auch die Kooptation verbessert, die Integration neuer Mitarbeiter beschleunigt und die soziale Bindung innerhalb des Krankenhaussektors aufrechterhalten.  <\/p><p>Diese Art der Organisation, die den Austausch von Know-how und die kollektive Mobilisierung f\u00f6rdert, wirkt sich direkt auf die wichtigsten Leistungsindikatoren aus, die mit dem <strong>Management von Kompetenzen<\/strong> und der Aufrechterhaltung eines gesetzlichen Rahmens, der den Anforderungen der Einrichtungen entspricht, verbunden sind. Dadurch werden nicht nur die Kosten f\u00fcr die Erstausbildung reduziert, sondern auch die Risiken, die mit dem Verlust von lebenswichtigem Fachwissen verbunden sind. <\/p><p>Die Entscheidungstr\u00e4ger, ob sie nun f\u00fcr die Personalabteilung, die institutionelle Steuerung oder die Vertretungsgremien zust\u00e4ndig sind, sollten innovative digitale L\u00f6sungen integrieren, um bestimmte Verwaltungsschritte zu automatisieren und den Personalbestand in einem Umfeld, in dem die Personalfluktuation beschleunigt wird, auf dem neuesten Stand zu halten.<\/p><p><a href=\"https:\/\/www.alumni.space\/de\/faq-alumni-mentorat\/wie-kann-man-den-verlust-von-kompetenzen-aufgrund-von-pensionierungen-antizipieren\/\">Die Antizipation des Kompetenzverlustes aufgrund von Pensionierungen<\/a> und <a href=\"https:\/\/www.alumni.space\/de\/pensionierung-welche-strategien-fuer-das-wissensmanagement\/\">die Strukturierung des organisatorischen Ged\u00e4chtnisses<\/a> sind wichtige Hebel, um die stille Bedrohung des Krankenhaussektors zu begrenzen.<\/p>","protected":false},"excerpt":{"rendered":"<p>Massenhafte Pensionierungen: eine gro\u00dfe Herausforderung f\u00fcr den Krankenhaussektor im Jahr  [&#8230;]<\/p>\n","protected":false},"author":1,"featured_media":0,"comment_status":"closed","ping_status":"","sticky":false,"template":"","format":"standard","meta":{"_ayudawp_aiss_exclude":false,"footnotes":""},"categories":[60],"tags":[],"class_list":["post-7280","post","type-post","status-publish","format-standard","hentry","category-personalwesen"],"yoast_head":"<!-- This site is optimized with the Yoast SEO plugin v27.4 - https:\/\/yoast.com\/product\/yoast-seo-wordpress\/ -->\n<title>Renten: Der stille Alarm des Krankenhauses<\/title>\n<meta name=\"description\" content=\"Ruhestand im Krankenhaussektor: eine gro\u00dfe Herausforderung, die die Qualit\u00e4t der Pflege und die Stabilit\u00e4t der Einrichtungen bedroht.\" \/>\n<meta name=\"robots\" content=\"index, follow, max-snippet:-1, max-image-preview:large, max-video-preview:-1\" \/>\n<link rel=\"canonical\" href=\"https:\/\/www.alumni.space\/de\/ruhestand-eine-stille-bedrohung-fuer-den-krankenhaussektor\/\" \/>\n<meta property=\"og:locale\" content=\"de_DE\" \/>\n<meta property=\"og:type\" content=\"article\" \/>\n<meta property=\"og:title\" content=\"Renten: Der stille Alarm des Krankenhauses\" \/>\n<meta property=\"og:description\" content=\"Ruhestand im Krankenhaussektor: eine gro\u00dfe Herausforderung, die die Qualit\u00e4t der Pflege und die Stabilit\u00e4t der Einrichtungen bedroht.\" \/>\n<meta property=\"og:url\" content=\"https:\/\/www.alumni.space\/de\/ruhestand-eine-stille-bedrohung-fuer-den-krankenhaussektor\/\" \/>\n<meta property=\"og:site_name\" content=\"Alumni.space\" \/>\n<meta property=\"article:published_time\" content=\"2025-03-02T05:59:52+00:00\" \/>\n<meta property=\"article:modified_time\" content=\"2026-04-02T12:08:56+00:00\" \/>\n<meta property=\"og:image\" content=\"https:\/\/www.alumni.space\/wp-content\/uploads\/2026\/03\/Departs-a-la-retraite-une-menace-silencieuse-pour-le-secteur-hospitalier-1.jpg\" \/>\n\t<meta property=\"og:image:width\" content=\"1280\" \/>\n\t<meta property=\"og:image:height\" content=\"768\" \/>\n\t<meta property=\"og:image:type\" content=\"image\/jpeg\" \/>\n<meta name=\"author\" content=\"admin\" \/>\n<meta name=\"twitter:card\" content=\"summary_large_image\" \/>\n<meta name=\"twitter:label1\" content=\"Verfasst von\" \/>\n\t<meta name=\"twitter:data1\" content=\"admin\" \/>\n\t<meta name=\"twitter:label2\" content=\"Gesch\u00e4tzte Lesezeit\" \/>\n\t<meta name=\"twitter:data2\" content=\"3\u00a0Minuten\" \/>\n<script type=\"application\/ld+json\" class=\"yoast-schema-graph\">{\"@context\":\"https:\\\/\\\/schema.org\",\"@graph\":[{\"@type\":\"Article\",\"@id\":\"https:\\\/\\\/www.alumni.space\\\/de\\\/ruhestand-eine-stille-bedrohung-fuer-den-krankenhaussektor\\\/#article\",\"isPartOf\":{\"@id\":\"https:\\\/\\\/www.alumni.space\\\/de\\\/ruhestand-eine-stille-bedrohung-fuer-den-krankenhaussektor\\\/\"},\"author\":{\"name\":\"admin\",\"@id\":\"https:\\\/\\\/www.alumni.space\\\/de\\\/#\\\/schema\\\/person\\\/fede362a57876edda476a61f05ce5b15\"},\"headline\":\"Ruhestand: eine stille Bedrohung f\u00fcr den Krankenhaussektor\",\"datePublished\":\"2025-03-02T05:59:52+00:00\",\"dateModified\":\"2026-04-02T12:08:56+00:00\",\"mainEntityOfPage\":{\"@id\":\"https:\\\/\\\/www.alumni.space\\\/de\\\/ruhestand-eine-stille-bedrohung-fuer-den-krankenhaussektor\\\/\"},\"wordCount\":613,\"image\":{\"@id\":\"https:\\\/\\\/www.alumni.space\\\/de\\\/ruhestand-eine-stille-bedrohung-fuer-den-krankenhaussektor\\\/#primaryimage\"},\"thumbnailUrl\":\"https:\\\/\\\/www.alumni.space\\\/wp-content\\\/uploads\\\/2026\\\/03\\\/Departs-a-la-retraite-une-menace-silencieuse-pour-le-secteur-hospitalier-1.jpg\",\"articleSection\":[\"Personalwesen\"],\"inLanguage\":\"de\"},{\"@type\":\"WebPage\",\"@id\":\"https:\\\/\\\/www.alumni.space\\\/de\\\/ruhestand-eine-stille-bedrohung-fuer-den-krankenhaussektor\\\/\",\"url\":\"https:\\\/\\\/www.alumni.space\\\/de\\\/ruhestand-eine-stille-bedrohung-fuer-den-krankenhaussektor\\\/\",\"name\":\"Renten: Der stille Alarm des Krankenhauses\",\"isPartOf\":{\"@id\":\"https:\\\/\\\/www.alumni.space\\\/de\\\/#website\"},\"primaryImageOfPage\":{\"@id\":\"https:\\\/\\\/www.alumni.space\\\/de\\\/ruhestand-eine-stille-bedrohung-fuer-den-krankenhaussektor\\\/#primaryimage\"},\"image\":{\"@id\":\"https:\\\/\\\/www.alumni.space\\\/de\\\/ruhestand-eine-stille-bedrohung-fuer-den-krankenhaussektor\\\/#primaryimage\"},\"thumbnailUrl\":\"https:\\\/\\\/www.alumni.space\\\/wp-content\\\/uploads\\\/2026\\\/03\\\/Departs-a-la-retraite-une-menace-silencieuse-pour-le-secteur-hospitalier-1.jpg\",\"datePublished\":\"2025-03-02T05:59:52+00:00\",\"dateModified\":\"2026-04-02T12:08:56+00:00\",\"author\":{\"@id\":\"https:\\\/\\\/www.alumni.space\\\/de\\\/#\\\/schema\\\/person\\\/fede362a57876edda476a61f05ce5b15\"},\"description\":\"Ruhestand im Krankenhaussektor: eine gro\u00dfe Herausforderung, die die Qualit\u00e4t der Pflege und die Stabilit\u00e4t der Einrichtungen bedroht.\",\"breadcrumb\":{\"@id\":\"https:\\\/\\\/www.alumni.space\\\/de\\\/ruhestand-eine-stille-bedrohung-fuer-den-krankenhaussektor\\\/#breadcrumb\"},\"inLanguage\":\"de\",\"potentialAction\":[{\"@type\":\"ReadAction\",\"target\":[\"https:\\\/\\\/www.alumni.space\\\/de\\\/ruhestand-eine-stille-bedrohung-fuer-den-krankenhaussektor\\\/\"]}]},{\"@type\":\"ImageObject\",\"inLanguage\":\"de\",\"@id\":\"https:\\\/\\\/www.alumni.space\\\/de\\\/ruhestand-eine-stille-bedrohung-fuer-den-krankenhaussektor\\\/#primaryimage\",\"url\":\"https:\\\/\\\/www.alumni.space\\\/wp-content\\\/uploads\\\/2026\\\/03\\\/Departs-a-la-retraite-une-menace-silencieuse-pour-le-secteur-hospitalier-1.jpg\",\"contentUrl\":\"https:\\\/\\\/www.alumni.space\\\/wp-content\\\/uploads\\\/2026\\\/03\\\/Departs-a-la-retraite-une-menace-silencieuse-pour-le-secteur-hospitalier-1.jpg\"},{\"@type\":\"BreadcrumbList\",\"@id\":\"https:\\\/\\\/www.alumni.space\\\/de\\\/ruhestand-eine-stille-bedrohung-fuer-den-krankenhaussektor\\\/#breadcrumb\",\"itemListElement\":[{\"@type\":\"ListItem\",\"position\":1,\"name\":\"Home\",\"item\":\"https:\\\/\\\/www.alumni.space\\\/de\\\/plattform-fuer-die-verwaltung-von-mentoring-und-unternehmensalumni\\\/\"},{\"@type\":\"ListItem\",\"position\":2,\"name\":\"Ruhestand: eine stille Bedrohung f\u00fcr den Krankenhaussektor\"}]},{\"@type\":\"WebSite\",\"@id\":\"https:\\\/\\\/www.alumni.space\\\/de\\\/#website\",\"url\":\"https:\\\/\\\/www.alumni.space\\\/de\\\/\",\"name\":\"Alumni.space\",\"description\":\"My WordPress Blog\",\"potentialAction\":[{\"@type\":\"SearchAction\",\"target\":{\"@type\":\"EntryPoint\",\"urlTemplate\":\"https:\\\/\\\/www.alumni.space\\\/de\\\/?s={search_term_string}\"},\"query-input\":{\"@type\":\"PropertyValueSpecification\",\"valueRequired\":true,\"valueName\":\"search_term_string\"}}],\"inLanguage\":\"de\"},{\"@type\":\"Person\",\"@id\":\"https:\\\/\\\/www.alumni.space\\\/de\\\/#\\\/schema\\\/person\\\/fede362a57876edda476a61f05ce5b15\",\"name\":\"admin\",\"image\":{\"@type\":\"ImageObject\",\"inLanguage\":\"de\",\"@id\":\"https:\\\/\\\/secure.gravatar.com\\\/avatar\\\/318e234ae94f90d4d629428d6b983c08e31181c28f579e08a021180d759ea651?s=96&d=mm&r=g\",\"url\":\"https:\\\/\\\/secure.gravatar.com\\\/avatar\\\/318e234ae94f90d4d629428d6b983c08e31181c28f579e08a021180d759ea651?s=96&d=mm&r=g\",\"contentUrl\":\"https:\\\/\\\/secure.gravatar.com\\\/avatar\\\/318e234ae94f90d4d629428d6b983c08e31181c28f579e08a021180d759ea651?s=96&d=mm&r=g\",\"caption\":\"admin\"},\"description\":\"Nicolas Laustriat a construit sa sp\u00e9cialit\u00e9 sur un sujet que beaucoup d\u2019organisations d\u00e9couvrent trop tard : ce qui dispara\u00eet quand les gens partent. Dipl\u00f4m\u00e9 en conception de produit industriel, il bifurque vers le digital fin 1996, il couvre les transformations marques, RH, la fid\u00e9lisation, la marque employeur. Sur le terrain, il rep\u00e8re un angle mort r\u00e9current : l\u2019entreprise investit dans le recrutement, la formation, les process\u2026 puis laisse filer le lien au moment du d\u00e9part, avec une perte de savoir et d\u2019influence qui se paie en silence. Il se sp\u00e9cialise alors sur les communaut\u00e9s d\u2019alumni, le mentorat, l\u2019entraide interg\u00e9n\u00e9rationnelle et la transmission d\u2019expertise. Il passe du \u201cconstat\u201d aux m\u00e9thodes : animation, gouvernance, segmentation, rituels, mesure d\u2019engagement, articulation avec la RSE et l\u2019employabilit\u00e9. Il interviewe DRH, responsables formation, directions d\u2019\u00e9coles, associations et fondations, avec une obsession : transformer un r\u00e9seau dormant en m\u00e9canisme utile (cooptation, mentorat, job board, entraide, \u00e9v\u00e9nements, contenus). Son style : direct, orient\u00e9 action, sans folklore. Sa conviction : une communaut\u00e9 n\u2019a pas besoin de bruit, elle a besoin de raisons de revenir.\",\"sameAs\":[\"https:\\\/\\\/www.alumni.space\"]}]}<\/script>\n<!-- \/ Yoast SEO plugin. -->","yoast_head_json":{"title":"Renten: Der stille Alarm des Krankenhauses","description":"Ruhestand im Krankenhaussektor: eine gro\u00dfe Herausforderung, die die Qualit\u00e4t der Pflege und die Stabilit\u00e4t der Einrichtungen bedroht.","robots":{"index":"index","follow":"follow","max-snippet":"max-snippet:-1","max-image-preview":"max-image-preview:large","max-video-preview":"max-video-preview:-1"},"canonical":"https:\/\/www.alumni.space\/de\/ruhestand-eine-stille-bedrohung-fuer-den-krankenhaussektor\/","og_locale":"de_DE","og_type":"article","og_title":"Renten: Der stille Alarm des Krankenhauses","og_description":"Ruhestand im Krankenhaussektor: eine gro\u00dfe Herausforderung, die die Qualit\u00e4t der Pflege und die Stabilit\u00e4t der Einrichtungen bedroht.","og_url":"https:\/\/www.alumni.space\/de\/ruhestand-eine-stille-bedrohung-fuer-den-krankenhaussektor\/","og_site_name":"Alumni.space","article_published_time":"2025-03-02T05:59:52+00:00","article_modified_time":"2026-04-02T12:08:56+00:00","og_image":[{"width":1280,"height":768,"url":"https:\/\/www.alumni.space\/wp-content\/uploads\/2026\/03\/Departs-a-la-retraite-une-menace-silencieuse-pour-le-secteur-hospitalier-1.jpg","type":"image\/jpeg"}],"author":"admin","twitter_card":"summary_large_image","twitter_misc":{"Verfasst von":"admin","Gesch\u00e4tzte Lesezeit":"3\u00a0Minuten"},"schema":{"@context":"https:\/\/schema.org","@graph":[{"@type":"Article","@id":"https:\/\/www.alumni.space\/de\/ruhestand-eine-stille-bedrohung-fuer-den-krankenhaussektor\/#article","isPartOf":{"@id":"https:\/\/www.alumni.space\/de\/ruhestand-eine-stille-bedrohung-fuer-den-krankenhaussektor\/"},"author":{"name":"admin","@id":"https:\/\/www.alumni.space\/de\/#\/schema\/person\/fede362a57876edda476a61f05ce5b15"},"headline":"Ruhestand: eine stille Bedrohung f\u00fcr den Krankenhaussektor","datePublished":"2025-03-02T05:59:52+00:00","dateModified":"2026-04-02T12:08:56+00:00","mainEntityOfPage":{"@id":"https:\/\/www.alumni.space\/de\/ruhestand-eine-stille-bedrohung-fuer-den-krankenhaussektor\/"},"wordCount":613,"image":{"@id":"https:\/\/www.alumni.space\/de\/ruhestand-eine-stille-bedrohung-fuer-den-krankenhaussektor\/#primaryimage"},"thumbnailUrl":"https:\/\/www.alumni.space\/wp-content\/uploads\/2026\/03\/Departs-a-la-retraite-une-menace-silencieuse-pour-le-secteur-hospitalier-1.jpg","articleSection":["Personalwesen"],"inLanguage":"de"},{"@type":"WebPage","@id":"https:\/\/www.alumni.space\/de\/ruhestand-eine-stille-bedrohung-fuer-den-krankenhaussektor\/","url":"https:\/\/www.alumni.space\/de\/ruhestand-eine-stille-bedrohung-fuer-den-krankenhaussektor\/","name":"Renten: Der stille Alarm des Krankenhauses","isPartOf":{"@id":"https:\/\/www.alumni.space\/de\/#website"},"primaryImageOfPage":{"@id":"https:\/\/www.alumni.space\/de\/ruhestand-eine-stille-bedrohung-fuer-den-krankenhaussektor\/#primaryimage"},"image":{"@id":"https:\/\/www.alumni.space\/de\/ruhestand-eine-stille-bedrohung-fuer-den-krankenhaussektor\/#primaryimage"},"thumbnailUrl":"https:\/\/www.alumni.space\/wp-content\/uploads\/2026\/03\/Departs-a-la-retraite-une-menace-silencieuse-pour-le-secteur-hospitalier-1.jpg","datePublished":"2025-03-02T05:59:52+00:00","dateModified":"2026-04-02T12:08:56+00:00","author":{"@id":"https:\/\/www.alumni.space\/de\/#\/schema\/person\/fede362a57876edda476a61f05ce5b15"},"description":"Ruhestand im Krankenhaussektor: eine gro\u00dfe Herausforderung, die die Qualit\u00e4t der Pflege und die Stabilit\u00e4t der Einrichtungen bedroht.","breadcrumb":{"@id":"https:\/\/www.alumni.space\/de\/ruhestand-eine-stille-bedrohung-fuer-den-krankenhaussektor\/#breadcrumb"},"inLanguage":"de","potentialAction":[{"@type":"ReadAction","target":["https:\/\/www.alumni.space\/de\/ruhestand-eine-stille-bedrohung-fuer-den-krankenhaussektor\/"]}]},{"@type":"ImageObject","inLanguage":"de","@id":"https:\/\/www.alumni.space\/de\/ruhestand-eine-stille-bedrohung-fuer-den-krankenhaussektor\/#primaryimage","url":"https:\/\/www.alumni.space\/wp-content\/uploads\/2026\/03\/Departs-a-la-retraite-une-menace-silencieuse-pour-le-secteur-hospitalier-1.jpg","contentUrl":"https:\/\/www.alumni.space\/wp-content\/uploads\/2026\/03\/Departs-a-la-retraite-une-menace-silencieuse-pour-le-secteur-hospitalier-1.jpg"},{"@type":"BreadcrumbList","@id":"https:\/\/www.alumni.space\/de\/ruhestand-eine-stille-bedrohung-fuer-den-krankenhaussektor\/#breadcrumb","itemListElement":[{"@type":"ListItem","position":1,"name":"Home","item":"https:\/\/www.alumni.space\/de\/plattform-fuer-die-verwaltung-von-mentoring-und-unternehmensalumni\/"},{"@type":"ListItem","position":2,"name":"Ruhestand: eine stille Bedrohung f\u00fcr den Krankenhaussektor"}]},{"@type":"WebSite","@id":"https:\/\/www.alumni.space\/de\/#website","url":"https:\/\/www.alumni.space\/de\/","name":"Alumni.space","description":"My WordPress Blog","potentialAction":[{"@type":"SearchAction","target":{"@type":"EntryPoint","urlTemplate":"https:\/\/www.alumni.space\/de\/?s={search_term_string}"},"query-input":{"@type":"PropertyValueSpecification","valueRequired":true,"valueName":"search_term_string"}}],"inLanguage":"de"},{"@type":"Person","@id":"https:\/\/www.alumni.space\/de\/#\/schema\/person\/fede362a57876edda476a61f05ce5b15","name":"admin","image":{"@type":"ImageObject","inLanguage":"de","@id":"https:\/\/secure.gravatar.com\/avatar\/318e234ae94f90d4d629428d6b983c08e31181c28f579e08a021180d759ea651?s=96&d=mm&r=g","url":"https:\/\/secure.gravatar.com\/avatar\/318e234ae94f90d4d629428d6b983c08e31181c28f579e08a021180d759ea651?s=96&d=mm&r=g","contentUrl":"https:\/\/secure.gravatar.com\/avatar\/318e234ae94f90d4d629428d6b983c08e31181c28f579e08a021180d759ea651?s=96&d=mm&r=g","caption":"admin"},"description":"Nicolas Laustriat a construit sa sp\u00e9cialit\u00e9 sur un sujet que beaucoup d\u2019organisations d\u00e9couvrent trop tard : ce qui dispara\u00eet quand les gens partent. Dipl\u00f4m\u00e9 en conception de produit industriel, il bifurque vers le digital fin 1996, il couvre les transformations marques, RH, la fid\u00e9lisation, la marque employeur. Sur le terrain, il rep\u00e8re un angle mort r\u00e9current : l\u2019entreprise investit dans le recrutement, la formation, les process\u2026 puis laisse filer le lien au moment du d\u00e9part, avec une perte de savoir et d\u2019influence qui se paie en silence. Il se sp\u00e9cialise alors sur les communaut\u00e9s d\u2019alumni, le mentorat, l\u2019entraide interg\u00e9n\u00e9rationnelle et la transmission d\u2019expertise. Il passe du \u201cconstat\u201d aux m\u00e9thodes : animation, gouvernance, segmentation, rituels, mesure d\u2019engagement, articulation avec la RSE et l\u2019employabilit\u00e9. Il interviewe DRH, responsables formation, directions d\u2019\u00e9coles, associations et fondations, avec une obsession : transformer un r\u00e9seau dormant en m\u00e9canisme utile (cooptation, mentorat, job board, entraide, \u00e9v\u00e9nements, contenus). Son style : direct, orient\u00e9 action, sans folklore. Sa conviction : une communaut\u00e9 n\u2019a pas besoin de bruit, elle a besoin de raisons de revenir.","sameAs":["https:\/\/www.alumni.space"]}]}},"_links":{"self":[{"href":"https:\/\/www.alumni.space\/de\/wp-json\/wp\/v2\/posts\/7280","targetHints":{"allow":["GET"]}}],"collection":[{"href":"https:\/\/www.alumni.space\/de\/wp-json\/wp\/v2\/posts"}],"about":[{"href":"https:\/\/www.alumni.space\/de\/wp-json\/wp\/v2\/types\/post"}],"author":[{"embeddable":true,"href":"https:\/\/www.alumni.space\/de\/wp-json\/wp\/v2\/users\/1"}],"replies":[{"embeddable":true,"href":"https:\/\/www.alumni.space\/de\/wp-json\/wp\/v2\/comments?post=7280"}],"version-history":[{"count":1,"href":"https:\/\/www.alumni.space\/de\/wp-json\/wp\/v2\/posts\/7280\/revisions"}],"predecessor-version":[{"id":7285,"href":"https:\/\/www.alumni.space\/de\/wp-json\/wp\/v2\/posts\/7280\/revisions\/7285"}],"wp:attachment":[{"href":"https:\/\/www.alumni.space\/de\/wp-json\/wp\/v2\/media?parent=7280"}],"wp:term":[{"taxonomy":"category","embeddable":true,"href":"https:\/\/www.alumni.space\/de\/wp-json\/wp\/v2\/categories?post=7280"},{"taxonomy":"post_tag","embeddable":true,"href":"https:\/\/www.alumni.space\/de\/wp-json\/wp\/v2\/tags?post=7280"}],"curies":[{"name":"wp","href":"https:\/\/api.w.org\/{rel}","templated":true}]}}