{"id":7204,"date":"2024-08-14T11:55:15","date_gmt":"2024-08-14T11:55:15","guid":{"rendered":"https:\/\/www.alumni.space\/wie-bereiten-fuehrende-unternehmen-den-generationenwechsel-vor\/"},"modified":"2026-04-02T12:08:20","modified_gmt":"2026-04-02T12:08:20","slug":"wie-bereiten-fuehrende-unternehmen-den-generationenwechsel-vor","status":"publish","type":"post","link":"https:\/\/www.alumni.space\/de\/wie-bereiten-fuehrende-unternehmen-den-generationenwechsel-vor\/","title":{"rendered":"Wie bereiten f\u00fchrende Unternehmen den Generationenwechsel vor?"},"content":{"rendered":"<div id=\"ez-toc-container\" class=\"ez-toc-v2_0_82_2 counter-flat ez-toc-counter ez-toc-grey ez-toc-container-direction\">\n<div class=\"ez-toc-title-container\"><p class=\"ez-toc-title\" style=\"cursor:inherit\">Inhalt dieses Artikels:<\/p>\n<\/div><nav><ul class='ez-toc-list ez-toc-list-level-1 ' ><li class='ez-toc-page-1'><a class=\"ez-toc-link ez-toc-heading-1\" href=\"https:\/\/www.alumni.space\/de\/wie-bereiten-fuehrende-unternehmen-den-generationenwechsel-vor\/#Vorbereitung_auf_die_aeltere_Generation_Herausforderungen_und_Strategien_fuer_das_Talentmanagement\" >Vorbereitung auf die \u00e4ltere Generation: Herausforderungen und Strategien f\u00fcr das Talentmanagement<\/a><\/li><li class='ez-toc-page-1'><a class=\"ez-toc-link ez-toc-heading-2\" href=\"https:\/\/www.alumni.space\/de\/wie-bereiten-fuehrende-unternehmen-den-generationenwechsel-vor\/#Intergenerationelle_Uebertragung_ein_Pfeiler_der_Unternehmenskultur\" >Intergenerationelle \u00dcbertragung: ein Pfeiler der Unternehmenskultur<\/a><\/li><li class='ez-toc-page-1'><a class=\"ez-toc-link ez-toc-heading-3\" href=\"https:\/\/www.alumni.space\/de\/wie-bereiten-fuehrende-unternehmen-den-generationenwechsel-vor\/#Stereotypen_ueber_die_Beschaeftigung_aelterer_Menschen_abbauen_um_die_Nachfolgeplanung_zu_optimieren\" >Stereotypen \u00fcber die Besch\u00e4ftigung \u00e4lterer Menschen abbauen, um die Nachfolgeplanung zu optimieren<\/a><\/li><li class='ez-toc-page-1'><a class=\"ez-toc-link ez-toc-heading-4\" href=\"https:\/\/www.alumni.space\/de\/wie-bereiten-fuehrende-unternehmen-den-generationenwechsel-vor\/#Flexibilitaet_und_Anpassung_an_Veraenderungen_Hebel_fuer_ein_dauerhaftes_Engagement\" >Flexibilit\u00e4t und Anpassung an Ver\u00e4nderungen: Hebel f\u00fcr ein dauerhaftes Engagement<\/a><\/li><li class='ez-toc-page-1'><a class=\"ez-toc-link ez-toc-heading-5\" href=\"https:\/\/www.alumni.space\/de\/wie-bereiten-fuehrende-unternehmen-den-generationenwechsel-vor\/#Die_strategische_Rolle_von_Alumni-Netzwerken_bei_der_Sicherung_von_Kompetenzen\" >Die strategische Rolle von Alumni-Netzwerken bei der Sicherung von Kompetenzen<\/a><\/li><\/ul><\/nav><\/div>\n<h2 class=\"wp-block-heading\"><span class=\"ez-toc-section\" id=\"Vorbereitung_auf_die_aeltere_Generation_Herausforderungen_und_Strategien_fuer_das_Talentmanagement\"><\/span>Vorbereitung auf die \u00e4ltere Generation: Herausforderungen und Strategien f\u00fcr das Talentmanagement<span class=\"ez-toc-section-end\"><\/span><\/h2><p>Vor dem Hintergrund der aktuellen demographischen und wirtschaftlichen Ver\u00e4nderungen \u00fcberdenken f\u00fchrende Unternehmen ihr <strong>Talentmanagement<\/strong>, um den \u00dcbergang zwischen den Generationen zu antizipieren. Die Alterung der Erwerbsbev\u00f6lkerung und die Verl\u00e4ngerung der Karrieren erfordern eine sorgf\u00e4ltige <strong>Nachfolgeplanung<\/strong>, um die Wettbewerbsf\u00e4higkeit und das Know-how zu erhalten. Die Besch\u00e4ftigungsquote der 55-64-J\u00e4hrigen in Frankreich erreichte k\u00fcrzlich mehr als 60% und zeigt damit eine h\u00f6here Obergrenze als je zuvor. F\u00fcr diese Gruppen geht es nicht mehr nur darum, die \u00e4lteren Mitarbeiter zu halten, sondern auch darum, ihre <strong>Senior Leadership<\/strong> als Hebel zur Wertsch\u00f6pfung zu integrieren.   <\/p><figure class=\"wp-block-image size-full\"><img decoding=\"async\" width=\"1280\" height=\"768\" src=\"https:\/\/www.alumni.space\/wp-content\/uploads\/2026\/03\/Comment-les-entreprises-leaders-preparent-la-releve-des-generations-seniors-1-1.jpg\" data-orig-src=\"https:\/\/www.alumni.space\/wp-content\/uploads\/2026\/03\/Comment-les-entreprises-leaders-preparent-la-releve-des-generations-seniors-1-1.jpg\" alt=\"Erfahren Sie, wie f\u00fchrende Unternehmen die \u00dcbergabe zwischen den Generationen antizipieren und organisieren, um eine effektive Nachfolge f\u00fcr \u00e4ltere F\u00fchrungskr\u00e4fte zu gew\u00e4hrleisten.\" class=\"lazyload wp-image-3183\" srcset=\"data:image\/svg+xml,%3Csvg%20xmlns%3D%27http%3A%2F%2Fwww.w3.org%2F2000%2Fsvg%27%20width%3D%271280%27%20height%3D%27768%27%20viewBox%3D%270%200%201280%20768%27%3E%3Crect%20width%3D%271280%27%20height%3D%27768%27%20fill-opacity%3D%220%22%2F%3E%3C%2Fsvg%3E\" data-srcset=\"https:\/\/www.alumni.space\/wp-content\/uploads\/2026\/03\/Comment-les-entreprises-leaders-preparent-la-releve-des-generations-seniors-1-1-200x120.jpg 200w, https:\/\/www.alumni.space\/wp-content\/uploads\/2026\/03\/Comment-les-entreprises-leaders-preparent-la-releve-des-generations-seniors-1-1-300x180.jpg 300w, https:\/\/www.alumni.space\/wp-content\/uploads\/2026\/03\/Comment-les-entreprises-leaders-preparent-la-releve-des-generations-seniors-1-1-400x240.jpg 400w, https:\/\/www.alumni.space\/wp-content\/uploads\/2026\/03\/Comment-les-entreprises-leaders-preparent-la-releve-des-generations-seniors-1-1-600x360.jpg 600w, https:\/\/www.alumni.space\/wp-content\/uploads\/2026\/03\/Comment-les-entreprises-leaders-preparent-la-releve-des-generations-seniors-1-1-768x461.jpg 768w, https:\/\/www.alumni.space\/wp-content\/uploads\/2026\/03\/Comment-les-entreprises-leaders-preparent-la-releve-des-generations-seniors-1-1-800x480.jpg 800w, https:\/\/www.alumni.space\/wp-content\/uploads\/2026\/03\/Comment-les-entreprises-leaders-preparent-la-releve-des-generations-seniors-1-1-1024x614.jpg 1024w, https:\/\/www.alumni.space\/wp-content\/uploads\/2026\/03\/Comment-les-entreprises-leaders-preparent-la-releve-des-generations-seniors-1-1-1200x720.jpg 1200w, https:\/\/www.alumni.space\/wp-content\/uploads\/2026\/03\/Comment-les-entreprises-leaders-preparent-la-releve-des-generations-seniors-1-1.jpg 1280w\" data-sizes=\"auto\" data-orig-sizes=\"(max-width: 1280px) 100vw, 1280px\" \/><\/figure><h3 class=\"wp-block-heading\"><span class=\"ez-toc-section\" id=\"Intergenerationelle_Uebertragung_ein_Pfeiler_der_Unternehmenskultur\"><\/span>Intergenerationelle \u00dcbertragung: ein Pfeiler der Unternehmenskultur<span class=\"ez-toc-section-end\"><\/span><\/h3><p>Die<strong>Einf\u00fchrung einer Unternehmenskultur<\/strong>, die den <strong>Generationenwechsel<\/strong> f\u00f6rdert, ist f\u00fcr gro\u00dfe Unternehmen wie TotalEnergies oder Danone zu einer Notwendigkeit geworden. Diese Konzerne haben strukturierte <strong>Mentoring-Programme<\/strong> eingef\u00fchrt, bei denen der Wissensaustausch in beide Richtungen erfolgt: Die \u00e4lteren Mitarbeiter geben ihr Fachwissen weiter, w\u00e4hrend die j\u00fcngeren Mitarbeiter ihre digitalen F\u00e4higkeiten einbringen. Diese Dynamik tr\u00e4gt zu einem effizienteren Personalmanagement bei, verringert die Risiken, die mit dem Abgang von Experten verbunden sind, und st\u00e4rkt das Engagement der neuen Generationen.  <\/p><p>Wie bei Orange, wo interne <a href=\"https:\/\/www.alumni.space\/de\/wie-man-ein-effektives-mentoring-programm-strukturiert\/\">Mentoring-Programme<\/a> es \u00e4lteren Mitarbeitern erm\u00f6glichen, junge Mitarbeiter zu unterst\u00fctzen, profitieren die Unternehmen von einem doppelten Mehrwert. Diese Initiativen entsprechen auch einer starken Nachfrage: Mehr als die H\u00e4lfte der erfahrenen Mitarbeiter m\u00f6chte an der <strong>Weitergabe ihres Wissens<\/strong> beteiligt werden, was ihnen eine strategische Rolle innerhalb der Organisation verleiht. <\/p><h2 class=\"wp-block-heading\"><span class=\"ez-toc-section\" id=\"Stereotypen_ueber_die_Beschaeftigung_aelterer_Menschen_abbauen_um_die_Nachfolgeplanung_zu_optimieren\"><\/span>Stereotypen \u00fcber die Besch\u00e4ftigung \u00e4lterer Menschen abbauen, um die Nachfolgeplanung zu optimieren<span class=\"ez-toc-section-end\"><\/span><\/h2><p>Vorurteile abzubauen und die Definition von Senioren in Unternehmen zu \u00fcberdenken, ist eine wesentliche Voraussetzung f\u00fcr eine angemessene Personalpolitik. Der Begriff &#8222;Senior&#8220; wird heute h\u00e4ufig mit Mitarbeitern ab 45 Jahren in Verbindung gebracht, was manchmal die Entscheidungsprozesse in Bezug auf F\u00fchrung und interne Mobilit\u00e4t verzerren kann. Die Realit\u00e4t zeigt jedoch, dass diese Profile eine gro\u00dfe Anpassungsf\u00e4higkeit besitzen, insbesondere angesichts des digitalen Wandels.  <\/p><p>Die Personalabteilung muss daher ma\u00dfgeschneiderte Ma\u00dfnahmen entwickeln, um diese Talente aufzuwerten, ihre Abwanderung zu verhindern und das Risiko einer &#8222;Abwanderung von Kompetenzen&#8220; zu begrenzen. Unternehmen wie L&#8217;Or\u00e9al oder Airbus entwickeln spezielle Begleitma\u00dfnahmen, die ergonomische Anpassungen, Teilzeitarbeit und Beratung kombinieren, um die Motivation und Produktivit\u00e4t der \u00e4lteren Mitarbeiter zu erhalten. Diese Art, die Rolle der Senioren zu betrachten, tr\u00e4gt zu einer besseren Kontinuit\u00e4t des beruflichen Netzwerks und zu einer optimierten Steuerung der Kompetenzen bei.  <\/p><h3 class=\"wp-block-heading\"><span class=\"ez-toc-section\" id=\"Flexibilitaet_und_Anpassung_an_Veraenderungen_Hebel_fuer_ein_dauerhaftes_Engagement\"><\/span>Flexibilit\u00e4t und Anpassung an Ver\u00e4nderungen: Hebel f\u00fcr ein dauerhaftes Engagement<span class=\"ez-toc-section-end\"><\/span><\/h3><p>Die Weiterbesch\u00e4ftigung \u00e4lterer Arbeitnehmer erfordert auch eine <strong>Anpassung an Ver\u00e4nderungen<\/strong> in den Arbeitsbedingungen. Flexible Arbeitszeiten oder die Verringerung der k\u00f6rperlichen Belastung sind bew\u00e4hrte L\u00f6sungen, um Fehlzeiten zu vermeiden und die Betriebsqualit\u00e4t zu gew\u00e4hrleisten. Bei Peugeot st\u00e4rken diese Praktiken die Verbindung zwischen den Generationen und erhalten gleichzeitig das Effizienzniveau aufrecht. Diese Ma\u00dfnahmen sind Teil einer globalen Strategie, bei der Gesundheit und Wohlbefinden direkt in Leistungsindikatoren umgesetzt werden.   <\/p><p>F\u00fcr Unternehmen bedeutet dies eine Zeitersparnis, eine Reduzierung der Kosten f\u00fcr die Fluktuation und eine nat\u00fcrliche Erneuerung der Kompetenzen. Die Kombination einer angepassten Personalpolitik und einer leistungsstarken digitalen Plattform wie <a href=\"https:\/\/www.alumni.space\/de\/wie-bereiten-fuehrende-unternehmen-den-generationenwechsel-vor\/\">alumni.space<\/a> erm\u00f6glicht es, diesen Prozess zu industrialisieren, indem Profile, Veranstaltungen, Angebote und Hilfsprogramme zentralisiert werden, um den Wissenstransfer zu sichern. <\/p><h2 class=\"wp-block-heading\"><span class=\"ez-toc-section\" id=\"Die_strategische_Rolle_von_Alumni-Netzwerken_bei_der_Sicherung_von_Kompetenzen\"><\/span>Die strategische Rolle von Alumni-Netzwerken bei der Sicherung von Kompetenzen<span class=\"ez-toc-section-end\"><\/span><\/h2><p>\u00dcber die internen Programme hinaus wird die Dimension nach der Karriere zu einem wichtigen Thema. Die von Konzernen wie Capgemini oder Danone strukturierten Alumni-Netzwerke erleichtern die Aufrechterhaltung der Verbindung zu ehemaligen Mitarbeitern. Diese Netzwerke tragen zur <strong>Vorbereitung des Nachwuchses<\/strong> bei, indem sie die \u00e4lteren Mitarbeiter als Mentoren, Berater oder f\u00fcr punktuelle Schulungen einsetzen.  <\/p><p>Diese Initiativen tragen zum Aufbau eines nachhaltigen Organisationsmodells bei, in dem der Eintritt in den Ruhestand nicht mehr den Bruch, sondern einen kontrollierten \u00dcbergang bedeutet. Wie die Praktiken der SNCF oder von Renault zeigen, tragen die \u00e4lteren Experten weiterhin zur Mitgestaltung der Unternehmenskultur bei und geben ihr Know-how weiter, wodurch eine bessere Integration der jungen Talente gew\u00e4hrleistet wird. <\/p><p>Die Entscheidungstr\u00e4ger verf\u00fcgen nun \u00fcber Instrumente, um diese Netzwerke effektiv zu steuern, was sich positiv auf das soziale Klima und die Kundenbindung auswirkt. Weitere Informationen finden Sie in der Analyse \u00fcber <a href=\"https:\/\/www.helloworkplace.fr\/emploi-seniors-7-actions-rh\/\">HR-Initiativen zur Besch\u00e4ftigung von Senioren<\/a>. <\/p>","protected":false},"excerpt":{"rendered":"<p>Vorbereitung auf die \u00e4ltere Generation: Herausforderungen und Strategien f\u00fcr das  [&#8230;]<\/p>\n","protected":false},"author":1,"featured_media":7206,"comment_status":"open","ping_status":"open","sticky":false,"template":"","format":"standard","meta":{"_ayudawp_aiss_exclude":false,"footnotes":""},"categories":[60],"tags":[],"class_list":["post-7204","post","type-post","status-publish","format-standard","has-post-thumbnail","hentry","category-personalwesen"],"yoast_head":"<!-- This site is optimized with the Yoast SEO plugin v27.4 - https:\/\/yoast.com\/product\/yoast-seo-wordpress\/ -->\n<title>Vorbereitung der Nachfolge: Strategien f\u00fchrender Unternehmen im Umgang mit der \u00e4lteren Generation<\/title>\n<meta name=\"description\" content=\"Erfahren Sie, wie f\u00fchrende Unternehmen die \u00dcbertragung sicherstellen und den Nachwuchs der \u00e4lteren Generationen f\u00fcr eine nachhaltige Zukunft vorbereiten.\" \/>\n<meta name=\"robots\" content=\"index, follow, max-snippet:-1, max-image-preview:large, max-video-preview:-1\" \/>\n<link rel=\"canonical\" href=\"https:\/\/www.alumni.space\/de\/wie-bereiten-fuehrende-unternehmen-den-generationenwechsel-vor\/\" \/>\n<meta property=\"og:locale\" content=\"de_DE\" \/>\n<meta property=\"og:type\" content=\"article\" \/>\n<meta property=\"og:title\" content=\"Vorbereitung der Nachfolge: Strategien f\u00fchrender Unternehmen im Umgang mit der \u00e4lteren Generation\" \/>\n<meta property=\"og:description\" content=\"Erfahren Sie, wie f\u00fchrende Unternehmen die \u00dcbertragung sicherstellen und den Nachwuchs der \u00e4lteren Generationen f\u00fcr eine nachhaltige Zukunft vorbereiten.\" \/>\n<meta property=\"og:url\" content=\"https:\/\/www.alumni.space\/de\/wie-bereiten-fuehrende-unternehmen-den-generationenwechsel-vor\/\" \/>\n<meta property=\"og:site_name\" content=\"Alumni.space\" \/>\n<meta property=\"article:published_time\" content=\"2024-08-14T11:55:15+00:00\" \/>\n<meta property=\"article:modified_time\" content=\"2026-04-02T12:08:20+00:00\" \/>\n<meta property=\"og:image\" content=\"https:\/\/www.alumni.space\/wp-content\/uploads\/2026\/03\/Comment-les-entreprises-leaders-preparent-la-releve-des-generations-seniors-.jpg\" \/>\n\t<meta property=\"og:image:width\" content=\"1280\" \/>\n\t<meta property=\"og:image:height\" content=\"768\" \/>\n\t<meta property=\"og:image:type\" content=\"image\/jpeg\" \/>\n<meta name=\"author\" content=\"admin\" \/>\n<meta name=\"twitter:card\" content=\"summary_large_image\" \/>\n<meta name=\"twitter:label1\" content=\"Verfasst von\" \/>\n\t<meta name=\"twitter:data1\" content=\"admin\" \/>\n\t<meta name=\"twitter:label2\" content=\"Gesch\u00e4tzte Lesezeit\" \/>\n\t<meta name=\"twitter:data2\" content=\"4\u00a0Minuten\" \/>\n<script type=\"application\/ld+json\" class=\"yoast-schema-graph\">{\"@context\":\"https:\\\/\\\/schema.org\",\"@graph\":[{\"@type\":\"Article\",\"@id\":\"https:\\\/\\\/www.alumni.space\\\/de\\\/wie-bereiten-fuehrende-unternehmen-den-generationenwechsel-vor\\\/#article\",\"isPartOf\":{\"@id\":\"https:\\\/\\\/www.alumni.space\\\/de\\\/wie-bereiten-fuehrende-unternehmen-den-generationenwechsel-vor\\\/\"},\"author\":{\"name\":\"admin\",\"@id\":\"https:\\\/\\\/www.alumni.space\\\/de\\\/#\\\/schema\\\/person\\\/fede362a57876edda476a61f05ce5b15\"},\"headline\":\"Wie bereiten f\u00fchrende Unternehmen den Generationenwechsel vor?\",\"datePublished\":\"2024-08-14T11:55:15+00:00\",\"dateModified\":\"2026-04-02T12:08:20+00:00\",\"mainEntityOfPage\":{\"@id\":\"https:\\\/\\\/www.alumni.space\\\/de\\\/wie-bereiten-fuehrende-unternehmen-den-generationenwechsel-vor\\\/\"},\"wordCount\":734,\"commentCount\":0,\"image\":{\"@id\":\"https:\\\/\\\/www.alumni.space\\\/de\\\/wie-bereiten-fuehrende-unternehmen-den-generationenwechsel-vor\\\/#primaryimage\"},\"thumbnailUrl\":\"https:\\\/\\\/www.alumni.space\\\/wp-content\\\/uploads\\\/2026\\\/03\\\/Comment-les-entreprises-leaders-preparent-la-releve-des-generations-seniors-.jpg\",\"articleSection\":[\"Personalwesen\"],\"inLanguage\":\"de\",\"potentialAction\":[{\"@type\":\"CommentAction\",\"name\":\"Comment\",\"target\":[\"https:\\\/\\\/www.alumni.space\\\/de\\\/wie-bereiten-fuehrende-unternehmen-den-generationenwechsel-vor\\\/#respond\"]}]},{\"@type\":\"WebPage\",\"@id\":\"https:\\\/\\\/www.alumni.space\\\/de\\\/wie-bereiten-fuehrende-unternehmen-den-generationenwechsel-vor\\\/\",\"url\":\"https:\\\/\\\/www.alumni.space\\\/de\\\/wie-bereiten-fuehrende-unternehmen-den-generationenwechsel-vor\\\/\",\"name\":\"Vorbereitung der Nachfolge: Strategien f\u00fchrender Unternehmen im Umgang mit der \u00e4lteren Generation\",\"isPartOf\":{\"@id\":\"https:\\\/\\\/www.alumni.space\\\/de\\\/#website\"},\"primaryImageOfPage\":{\"@id\":\"https:\\\/\\\/www.alumni.space\\\/de\\\/wie-bereiten-fuehrende-unternehmen-den-generationenwechsel-vor\\\/#primaryimage\"},\"image\":{\"@id\":\"https:\\\/\\\/www.alumni.space\\\/de\\\/wie-bereiten-fuehrende-unternehmen-den-generationenwechsel-vor\\\/#primaryimage\"},\"thumbnailUrl\":\"https:\\\/\\\/www.alumni.space\\\/wp-content\\\/uploads\\\/2026\\\/03\\\/Comment-les-entreprises-leaders-preparent-la-releve-des-generations-seniors-.jpg\",\"datePublished\":\"2024-08-14T11:55:15+00:00\",\"dateModified\":\"2026-04-02T12:08:20+00:00\",\"author\":{\"@id\":\"https:\\\/\\\/www.alumni.space\\\/de\\\/#\\\/schema\\\/person\\\/fede362a57876edda476a61f05ce5b15\"},\"description\":\"Erfahren Sie, wie f\u00fchrende Unternehmen die \u00dcbertragung sicherstellen und den Nachwuchs der \u00e4lteren Generationen f\u00fcr eine nachhaltige Zukunft vorbereiten.\",\"breadcrumb\":{\"@id\":\"https:\\\/\\\/www.alumni.space\\\/de\\\/wie-bereiten-fuehrende-unternehmen-den-generationenwechsel-vor\\\/#breadcrumb\"},\"inLanguage\":\"de\",\"potentialAction\":[{\"@type\":\"ReadAction\",\"target\":[\"https:\\\/\\\/www.alumni.space\\\/de\\\/wie-bereiten-fuehrende-unternehmen-den-generationenwechsel-vor\\\/\"]}]},{\"@type\":\"ImageObject\",\"inLanguage\":\"de\",\"@id\":\"https:\\\/\\\/www.alumni.space\\\/de\\\/wie-bereiten-fuehrende-unternehmen-den-generationenwechsel-vor\\\/#primaryimage\",\"url\":\"https:\\\/\\\/www.alumni.space\\\/wp-content\\\/uploads\\\/2026\\\/03\\\/Comment-les-entreprises-leaders-preparent-la-releve-des-generations-seniors-.jpg\",\"contentUrl\":\"https:\\\/\\\/www.alumni.space\\\/wp-content\\\/uploads\\\/2026\\\/03\\\/Comment-les-entreprises-leaders-preparent-la-releve-des-generations-seniors-.jpg\",\"width\":1280,\"height\":768,\"caption\":\"Erfahren Sie, wie f\u00fchrende Unternehmen den \u00dcbergang von der \u00e4lteren Generation zu den zuk\u00fcnftigen Talenten antizipieren und vorbereiten, um ihr Fortbestehen und ihre Dynamik zu sichern.\"},{\"@type\":\"BreadcrumbList\",\"@id\":\"https:\\\/\\\/www.alumni.space\\\/de\\\/wie-bereiten-fuehrende-unternehmen-den-generationenwechsel-vor\\\/#breadcrumb\",\"itemListElement\":[{\"@type\":\"ListItem\",\"position\":1,\"name\":\"Home\",\"item\":\"https:\\\/\\\/www.alumni.space\\\/de\\\/plattform-fuer-die-verwaltung-von-mentoring-und-unternehmensalumni\\\/\"},{\"@type\":\"ListItem\",\"position\":2,\"name\":\"Wie bereiten f\u00fchrende Unternehmen den Generationenwechsel vor?\"}]},{\"@type\":\"WebSite\",\"@id\":\"https:\\\/\\\/www.alumni.space\\\/de\\\/#website\",\"url\":\"https:\\\/\\\/www.alumni.space\\\/de\\\/\",\"name\":\"Alumni.space\",\"description\":\"My WordPress Blog\",\"potentialAction\":[{\"@type\":\"SearchAction\",\"target\":{\"@type\":\"EntryPoint\",\"urlTemplate\":\"https:\\\/\\\/www.alumni.space\\\/de\\\/?s={search_term_string}\"},\"query-input\":{\"@type\":\"PropertyValueSpecification\",\"valueRequired\":true,\"valueName\":\"search_term_string\"}}],\"inLanguage\":\"de\"},{\"@type\":\"Person\",\"@id\":\"https:\\\/\\\/www.alumni.space\\\/de\\\/#\\\/schema\\\/person\\\/fede362a57876edda476a61f05ce5b15\",\"name\":\"admin\",\"image\":{\"@type\":\"ImageObject\",\"inLanguage\":\"de\",\"@id\":\"https:\\\/\\\/secure.gravatar.com\\\/avatar\\\/318e234ae94f90d4d629428d6b983c08e31181c28f579e08a021180d759ea651?s=96&d=mm&r=g\",\"url\":\"https:\\\/\\\/secure.gravatar.com\\\/avatar\\\/318e234ae94f90d4d629428d6b983c08e31181c28f579e08a021180d759ea651?s=96&d=mm&r=g\",\"contentUrl\":\"https:\\\/\\\/secure.gravatar.com\\\/avatar\\\/318e234ae94f90d4d629428d6b983c08e31181c28f579e08a021180d759ea651?s=96&d=mm&r=g\",\"caption\":\"admin\"},\"description\":\"Nicolas Laustriat a construit sa sp\u00e9cialit\u00e9 sur un sujet que beaucoup d\u2019organisations d\u00e9couvrent trop tard : ce qui dispara\u00eet quand les gens partent. Dipl\u00f4m\u00e9 en conception de produit industriel, il bifurque vers le digital fin 1996, il couvre les transformations marques, RH, la fid\u00e9lisation, la marque employeur. Sur le terrain, il rep\u00e8re un angle mort r\u00e9current : l\u2019entreprise investit dans le recrutement, la formation, les process\u2026 puis laisse filer le lien au moment du d\u00e9part, avec une perte de savoir et d\u2019influence qui se paie en silence. Il se sp\u00e9cialise alors sur les communaut\u00e9s d\u2019alumni, le mentorat, l\u2019entraide interg\u00e9n\u00e9rationnelle et la transmission d\u2019expertise. Il passe du \u201cconstat\u201d aux m\u00e9thodes : animation, gouvernance, segmentation, rituels, mesure d\u2019engagement, articulation avec la RSE et l\u2019employabilit\u00e9. Il interviewe DRH, responsables formation, directions d\u2019\u00e9coles, associations et fondations, avec une obsession : transformer un r\u00e9seau dormant en m\u00e9canisme utile (cooptation, mentorat, job board, entraide, \u00e9v\u00e9nements, contenus). Son style : direct, orient\u00e9 action, sans folklore. Sa conviction : une communaut\u00e9 n\u2019a pas besoin de bruit, elle a besoin de raisons de revenir.\",\"sameAs\":[\"https:\\\/\\\/www.alumni.space\"]}]}<\/script>\n<!-- \/ Yoast SEO plugin. -->","yoast_head_json":{"title":"Vorbereitung der Nachfolge: Strategien f\u00fchrender Unternehmen im Umgang mit der \u00e4lteren Generation","description":"Erfahren Sie, wie f\u00fchrende Unternehmen die \u00dcbertragung sicherstellen und den Nachwuchs der \u00e4lteren Generationen f\u00fcr eine nachhaltige Zukunft vorbereiten.","robots":{"index":"index","follow":"follow","max-snippet":"max-snippet:-1","max-image-preview":"max-image-preview:large","max-video-preview":"max-video-preview:-1"},"canonical":"https:\/\/www.alumni.space\/de\/wie-bereiten-fuehrende-unternehmen-den-generationenwechsel-vor\/","og_locale":"de_DE","og_type":"article","og_title":"Vorbereitung der Nachfolge: Strategien f\u00fchrender Unternehmen im Umgang mit der \u00e4lteren Generation","og_description":"Erfahren Sie, wie f\u00fchrende Unternehmen die \u00dcbertragung sicherstellen und den Nachwuchs der \u00e4lteren Generationen f\u00fcr eine nachhaltige Zukunft vorbereiten.","og_url":"https:\/\/www.alumni.space\/de\/wie-bereiten-fuehrende-unternehmen-den-generationenwechsel-vor\/","og_site_name":"Alumni.space","article_published_time":"2024-08-14T11:55:15+00:00","article_modified_time":"2026-04-02T12:08:20+00:00","og_image":[{"width":1280,"height":768,"url":"https:\/\/www.alumni.space\/wp-content\/uploads\/2026\/03\/Comment-les-entreprises-leaders-preparent-la-releve-des-generations-seniors-.jpg","type":"image\/jpeg"}],"author":"admin","twitter_card":"summary_large_image","twitter_misc":{"Verfasst von":"admin","Gesch\u00e4tzte Lesezeit":"4\u00a0Minuten"},"schema":{"@context":"https:\/\/schema.org","@graph":[{"@type":"Article","@id":"https:\/\/www.alumni.space\/de\/wie-bereiten-fuehrende-unternehmen-den-generationenwechsel-vor\/#article","isPartOf":{"@id":"https:\/\/www.alumni.space\/de\/wie-bereiten-fuehrende-unternehmen-den-generationenwechsel-vor\/"},"author":{"name":"admin","@id":"https:\/\/www.alumni.space\/de\/#\/schema\/person\/fede362a57876edda476a61f05ce5b15"},"headline":"Wie bereiten f\u00fchrende Unternehmen den Generationenwechsel vor?","datePublished":"2024-08-14T11:55:15+00:00","dateModified":"2026-04-02T12:08:20+00:00","mainEntityOfPage":{"@id":"https:\/\/www.alumni.space\/de\/wie-bereiten-fuehrende-unternehmen-den-generationenwechsel-vor\/"},"wordCount":734,"commentCount":0,"image":{"@id":"https:\/\/www.alumni.space\/de\/wie-bereiten-fuehrende-unternehmen-den-generationenwechsel-vor\/#primaryimage"},"thumbnailUrl":"https:\/\/www.alumni.space\/wp-content\/uploads\/2026\/03\/Comment-les-entreprises-leaders-preparent-la-releve-des-generations-seniors-.jpg","articleSection":["Personalwesen"],"inLanguage":"de","potentialAction":[{"@type":"CommentAction","name":"Comment","target":["https:\/\/www.alumni.space\/de\/wie-bereiten-fuehrende-unternehmen-den-generationenwechsel-vor\/#respond"]}]},{"@type":"WebPage","@id":"https:\/\/www.alumni.space\/de\/wie-bereiten-fuehrende-unternehmen-den-generationenwechsel-vor\/","url":"https:\/\/www.alumni.space\/de\/wie-bereiten-fuehrende-unternehmen-den-generationenwechsel-vor\/","name":"Vorbereitung der Nachfolge: Strategien f\u00fchrender Unternehmen im Umgang mit der \u00e4lteren Generation","isPartOf":{"@id":"https:\/\/www.alumni.space\/de\/#website"},"primaryImageOfPage":{"@id":"https:\/\/www.alumni.space\/de\/wie-bereiten-fuehrende-unternehmen-den-generationenwechsel-vor\/#primaryimage"},"image":{"@id":"https:\/\/www.alumni.space\/de\/wie-bereiten-fuehrende-unternehmen-den-generationenwechsel-vor\/#primaryimage"},"thumbnailUrl":"https:\/\/www.alumni.space\/wp-content\/uploads\/2026\/03\/Comment-les-entreprises-leaders-preparent-la-releve-des-generations-seniors-.jpg","datePublished":"2024-08-14T11:55:15+00:00","dateModified":"2026-04-02T12:08:20+00:00","author":{"@id":"https:\/\/www.alumni.space\/de\/#\/schema\/person\/fede362a57876edda476a61f05ce5b15"},"description":"Erfahren Sie, wie f\u00fchrende Unternehmen die \u00dcbertragung sicherstellen und den Nachwuchs der \u00e4lteren Generationen f\u00fcr eine nachhaltige Zukunft vorbereiten.","breadcrumb":{"@id":"https:\/\/www.alumni.space\/de\/wie-bereiten-fuehrende-unternehmen-den-generationenwechsel-vor\/#breadcrumb"},"inLanguage":"de","potentialAction":[{"@type":"ReadAction","target":["https:\/\/www.alumni.space\/de\/wie-bereiten-fuehrende-unternehmen-den-generationenwechsel-vor\/"]}]},{"@type":"ImageObject","inLanguage":"de","@id":"https:\/\/www.alumni.space\/de\/wie-bereiten-fuehrende-unternehmen-den-generationenwechsel-vor\/#primaryimage","url":"https:\/\/www.alumni.space\/wp-content\/uploads\/2026\/03\/Comment-les-entreprises-leaders-preparent-la-releve-des-generations-seniors-.jpg","contentUrl":"https:\/\/www.alumni.space\/wp-content\/uploads\/2026\/03\/Comment-les-entreprises-leaders-preparent-la-releve-des-generations-seniors-.jpg","width":1280,"height":768,"caption":"Erfahren Sie, wie f\u00fchrende Unternehmen den \u00dcbergang von der \u00e4lteren Generation zu den zuk\u00fcnftigen Talenten antizipieren und vorbereiten, um ihr Fortbestehen und ihre Dynamik zu sichern."},{"@type":"BreadcrumbList","@id":"https:\/\/www.alumni.space\/de\/wie-bereiten-fuehrende-unternehmen-den-generationenwechsel-vor\/#breadcrumb","itemListElement":[{"@type":"ListItem","position":1,"name":"Home","item":"https:\/\/www.alumni.space\/de\/plattform-fuer-die-verwaltung-von-mentoring-und-unternehmensalumni\/"},{"@type":"ListItem","position":2,"name":"Wie bereiten f\u00fchrende Unternehmen den Generationenwechsel vor?"}]},{"@type":"WebSite","@id":"https:\/\/www.alumni.space\/de\/#website","url":"https:\/\/www.alumni.space\/de\/","name":"Alumni.space","description":"My WordPress Blog","potentialAction":[{"@type":"SearchAction","target":{"@type":"EntryPoint","urlTemplate":"https:\/\/www.alumni.space\/de\/?s={search_term_string}"},"query-input":{"@type":"PropertyValueSpecification","valueRequired":true,"valueName":"search_term_string"}}],"inLanguage":"de"},{"@type":"Person","@id":"https:\/\/www.alumni.space\/de\/#\/schema\/person\/fede362a57876edda476a61f05ce5b15","name":"admin","image":{"@type":"ImageObject","inLanguage":"de","@id":"https:\/\/secure.gravatar.com\/avatar\/318e234ae94f90d4d629428d6b983c08e31181c28f579e08a021180d759ea651?s=96&d=mm&r=g","url":"https:\/\/secure.gravatar.com\/avatar\/318e234ae94f90d4d629428d6b983c08e31181c28f579e08a021180d759ea651?s=96&d=mm&r=g","contentUrl":"https:\/\/secure.gravatar.com\/avatar\/318e234ae94f90d4d629428d6b983c08e31181c28f579e08a021180d759ea651?s=96&d=mm&r=g","caption":"admin"},"description":"Nicolas Laustriat a construit sa sp\u00e9cialit\u00e9 sur un sujet que beaucoup d\u2019organisations d\u00e9couvrent trop tard : ce qui dispara\u00eet quand les gens partent. Dipl\u00f4m\u00e9 en conception de produit industriel, il bifurque vers le digital fin 1996, il couvre les transformations marques, RH, la fid\u00e9lisation, la marque employeur. Sur le terrain, il rep\u00e8re un angle mort r\u00e9current : l\u2019entreprise investit dans le recrutement, la formation, les process\u2026 puis laisse filer le lien au moment du d\u00e9part, avec une perte de savoir et d\u2019influence qui se paie en silence. Il se sp\u00e9cialise alors sur les communaut\u00e9s d\u2019alumni, le mentorat, l\u2019entraide interg\u00e9n\u00e9rationnelle et la transmission d\u2019expertise. Il passe du \u201cconstat\u201d aux m\u00e9thodes : animation, gouvernance, segmentation, rituels, mesure d\u2019engagement, articulation avec la RSE et l\u2019employabilit\u00e9. Il interviewe DRH, responsables formation, directions d\u2019\u00e9coles, associations et fondations, avec une obsession : transformer un r\u00e9seau dormant en m\u00e9canisme utile (cooptation, mentorat, job board, entraide, \u00e9v\u00e9nements, contenus). Son style : direct, orient\u00e9 action, sans folklore. Sa conviction : une communaut\u00e9 n\u2019a pas besoin de bruit, elle a besoin de raisons de revenir.","sameAs":["https:\/\/www.alumni.space"]}]}},"_links":{"self":[{"href":"https:\/\/www.alumni.space\/de\/wp-json\/wp\/v2\/posts\/7204","targetHints":{"allow":["GET"]}}],"collection":[{"href":"https:\/\/www.alumni.space\/de\/wp-json\/wp\/v2\/posts"}],"about":[{"href":"https:\/\/www.alumni.space\/de\/wp-json\/wp\/v2\/types\/post"}],"author":[{"embeddable":true,"href":"https:\/\/www.alumni.space\/de\/wp-json\/wp\/v2\/users\/1"}],"replies":[{"embeddable":true,"href":"https:\/\/www.alumni.space\/de\/wp-json\/wp\/v2\/comments?post=7204"}],"version-history":[{"count":1,"href":"https:\/\/www.alumni.space\/de\/wp-json\/wp\/v2\/posts\/7204\/revisions"}],"predecessor-version":[{"id":7209,"href":"https:\/\/www.alumni.space\/de\/wp-json\/wp\/v2\/posts\/7204\/revisions\/7209"}],"wp:featuredmedia":[{"embeddable":true,"href":"https:\/\/www.alumni.space\/de\/wp-json\/wp\/v2\/media\/7206"}],"wp:attachment":[{"href":"https:\/\/www.alumni.space\/de\/wp-json\/wp\/v2\/media?parent=7204"}],"wp:term":[{"taxonomy":"category","embeddable":true,"href":"https:\/\/www.alumni.space\/de\/wp-json\/wp\/v2\/categories?post=7204"},{"taxonomy":"post_tag","embeddable":true,"href":"https:\/\/www.alumni.space\/de\/wp-json\/wp\/v2\/tags?post=7204"}],"curies":[{"name":"wp","href":"https:\/\/api.w.org\/{rel}","templated":true}]}}