{"id":7139,"date":"2024-06-11T12:43:00","date_gmt":"2024-06-11T12:43:00","guid":{"rendered":"https:\/\/www.alumni.space\/wie-kann-man-den-verlust-von-seltenen-faehigkeiten-im-baugewerbe-antizipieren\/"},"modified":"2026-04-02T12:07:42","modified_gmt":"2026-04-02T12:07:42","slug":"wie-kann-man-den-verlust-von-seltenen-faehigkeiten-im-baugewerbe-antizipieren","status":"publish","type":"post","link":"https:\/\/www.alumni.space\/de\/wie-kann-man-den-verlust-von-seltenen-faehigkeiten-im-baugewerbe-antizipieren\/","title":{"rendered":"Wie kann man den Verlust von seltenen F\u00e4higkeiten im Baugewerbe antizipieren?"},"content":{"rendered":"<div id=\"ez-toc-container\" class=\"ez-toc-v2_0_82_2 counter-flat ez-toc-counter ez-toc-grey ez-toc-container-direction\">\n<div class=\"ez-toc-title-container\"><p class=\"ez-toc-title\" style=\"cursor:inherit\">Inhalt dieses Artikels:<\/p>\n<\/div><nav><ul class='ez-toc-list ez-toc-list-level-1 ' ><li class='ez-toc-page-1'><a class=\"ez-toc-link ez-toc-heading-1\" href=\"https:\/\/www.alumni.space\/de\/wie-kann-man-den-verlust-von-seltenen-faehigkeiten-im-baugewerbe-antizipieren\/#Antizipation_des_Verlustes_von_seltenen_Faehigkeiten_im_Baugewerbe_zur_Sicherung_der_Zukunft\" >Antizipation des Verlustes von seltenen F\u00e4higkeiten im Baugewerbe zur Sicherung der Zukunft<\/a><\/li><li class='ez-toc-page-1'><a class=\"ez-toc-link ez-toc-heading-2\" href=\"https:\/\/www.alumni.space\/de\/wie-kann-man-den-verlust-von-seltenen-faehigkeiten-im-baugewerbe-antizipieren\/#Kontextualisierung_des_Verlustes_von_Know-how_eine_Herausforderung_fuer_Integration_und_Attraktivitaet\" >Kontextualisierung des Verlustes von Know-how: eine Herausforderung f\u00fcr Integration und Attraktivit\u00e4t<\/a><\/li><li class='ez-toc-page-1'><a class=\"ez-toc-link ez-toc-heading-3\" href=\"https:\/\/www.alumni.space\/de\/wie-kann-man-den-verlust-von-seltenen-faehigkeiten-im-baugewerbe-antizipieren\/#Bewaehrte_Strategien_zum_Erhalt_seltener_Faehigkeiten_und_zur_Foerderung_interner_Talente\" >Bew\u00e4hrte Strategien zum Erhalt seltener F\u00e4higkeiten und zur F\u00f6rderung interner Talente<\/a><\/li><li class='ez-toc-page-1'><a class=\"ez-toc-link ez-toc-heading-4\" href=\"https:\/\/www.alumni.space\/de\/wie-kann-man-den-verlust-von-seltenen-faehigkeiten-im-baugewerbe-antizipieren\/#Ueberdenken_der_Einstellungs-_und_Ausbildungsmethoden_um_dem_Verlust_von_seltenen_Faehigkeiten_entgegenzuwirken\" >\u00dcberdenken der Einstellungs- und Ausbildungsmethoden, um dem Verlust von seltenen F\u00e4higkeiten entgegenzuwirken<\/a><\/li><li class='ez-toc-page-1'><a class=\"ez-toc-link ez-toc-heading-5\" href=\"https:\/\/www.alumni.space\/de\/wie-kann-man-den-verlust-von-seltenen-faehigkeiten-im-baugewerbe-antizipieren\/#Den_Wandel_begleiten_nachhaltiges_Engagement_und_Steuerung_der_Kompetenzen\" >Den Wandel begleiten: nachhaltiges Engagement und Steuerung der Kompetenzen<\/a><\/li><\/ul><\/nav><\/div>\n<h2 class=\"wp-block-heading\"><span class=\"ez-toc-section\" id=\"Antizipation_des_Verlustes_von_seltenen_Faehigkeiten_im_Baugewerbe_zur_Sicherung_der_Zukunft\"><\/span>Antizipation des Verlustes von seltenen F\u00e4higkeiten im Baugewerbe zur Sicherung der Zukunft<span class=\"ez-toc-section-end\"><\/span><\/h2><p>Der <strong>Mangel an<\/strong> qualifizierten <strong>Fachkr\u00e4ften<\/strong> im <strong>Bausektor<\/strong> gef\u00e4hrdet die Kontinuit\u00e4t der Unternehmen. Der Verlust von seltenen F\u00e4higkeiten, oft in Verbindung mit einem massiven Abgang von erfahrenen Mitarbeitern, bedroht die Qualit\u00e4t der Bauwerke und die Wettbewerbsf\u00e4higkeit. Angesichts dieser Herausforderung ist die Aufmerksamkeit, die dem <strong>Talentmanagement<\/strong> und der <strong>Weitergabe von Wissen<\/strong> gewidmet wird, von entscheidender Bedeutung f\u00fcr den Fortbestand des Unternehmens.  <\/p><figure class=\"wp-block-image size-full\"><img decoding=\"async\" width=\"1280\" height=\"768\" src=\"https:\/\/www.alumni.space\/wp-content\/uploads\/2026\/03\/Comment-anticiper-la-perte-des-competences-rares-dans-le-batiment-1-1.jpg\" data-orig-src=\"https:\/\/www.alumni.space\/wp-content\/uploads\/2026\/03\/Comment-anticiper-la-perte-des-competences-rares-dans-le-batiment-1-1.jpg\" alt=\"Finden Sie heraus, wie Sie den Verlust seltener Kompetenzen im Bausektor antizipieren und managen k\u00f6nnen, um den Fortbestand Ihrer Projekte und die Weitergabe von Know-how zu sichern.\" class=\"lazyload wp-image-3234\" srcset=\"data:image\/svg+xml,%3Csvg%20xmlns%3D%27http%3A%2F%2Fwww.w3.org%2F2000%2Fsvg%27%20width%3D%271280%27%20height%3D%27768%27%20viewBox%3D%270%200%201280%20768%27%3E%3Crect%20width%3D%271280%27%20height%3D%27768%27%20fill-opacity%3D%220%22%2F%3E%3C%2Fsvg%3E\" data-srcset=\"https:\/\/www.alumni.space\/wp-content\/uploads\/2026\/03\/Comment-anticiper-la-perte-des-competences-rares-dans-le-batiment-1-1-200x120.jpg 200w, https:\/\/www.alumni.space\/wp-content\/uploads\/2026\/03\/Comment-anticiper-la-perte-des-competences-rares-dans-le-batiment-1-1-300x180.jpg 300w, https:\/\/www.alumni.space\/wp-content\/uploads\/2026\/03\/Comment-anticiper-la-perte-des-competences-rares-dans-le-batiment-1-1-400x240.jpg 400w, https:\/\/www.alumni.space\/wp-content\/uploads\/2026\/03\/Comment-anticiper-la-perte-des-competences-rares-dans-le-batiment-1-1-600x360.jpg 600w, https:\/\/www.alumni.space\/wp-content\/uploads\/2026\/03\/Comment-anticiper-la-perte-des-competences-rares-dans-le-batiment-1-1-768x461.jpg 768w, https:\/\/www.alumni.space\/wp-content\/uploads\/2026\/03\/Comment-anticiper-la-perte-des-competences-rares-dans-le-batiment-1-1-800x480.jpg 800w, https:\/\/www.alumni.space\/wp-content\/uploads\/2026\/03\/Comment-anticiper-la-perte-des-competences-rares-dans-le-batiment-1-1-1024x614.jpg 1024w, https:\/\/www.alumni.space\/wp-content\/uploads\/2026\/03\/Comment-anticiper-la-perte-des-competences-rares-dans-le-batiment-1-1-1200x720.jpg 1200w, https:\/\/www.alumni.space\/wp-content\/uploads\/2026\/03\/Comment-anticiper-la-perte-des-competences-rares-dans-le-batiment-1-1.jpg 1280w\" data-sizes=\"auto\" data-orig-sizes=\"(max-width: 1280px) 100vw, 1280px\" \/><\/figure><h3 class=\"wp-block-heading\"><span class=\"ez-toc-section\" id=\"Kontextualisierung_des_Verlustes_von_Know-how_eine_Herausforderung_fuer_Integration_und_Attraktivitaet\"><\/span>Kontextualisierung des Verlustes von Know-how: eine Herausforderung f\u00fcr Integration und Attraktivit\u00e4t<span class=\"ez-toc-section-end\"><\/span><\/h3><p>Der <strong>Bausektor<\/strong> st\u00fctzt sich historisch auf spezifische technische F\u00e4higkeiten, die aus einer langen Ausbildung und umfangreichen Erfahrungen vor Ort hervorgegangen sind. Im Jahr 2026 wird der Trend zur <strong>Substitution qualifizierter Berufe durch weniger spezialisierte Profile<\/strong> zunehmen, was die Erhaltung des traditionellen Know-hows beeintr\u00e4chtigt. Dies f\u00fchrt in Verbindung mit der <strong>\u00dcberalterung der Belegschaften<\/strong> und der zunehmenden Schwierigkeit, Fachkr\u00e4fte zu <strong>rekrutieren<\/strong>, zu einer Kluft zwischen dem operativen Bedarf und den verf\u00fcgbaren Humanressourcen.  <\/p><p>Sektoren wie Maurerei oder Dachdeckerei, die mit einem erheblichen R\u00fcckgang der Anzahl qualifizierter Fachkr\u00e4fte konfrontiert sind, sind ein gutes Beispiel f\u00fcr dieses Ph\u00e4nomen. Dieses Ungleichgewicht f\u00fchrt zu <strong>Verz\u00f6gerungen auf den Baustellen<\/strong> und zu <strong>zus\u00e4tzlichen Kosten<\/strong>, die durch die Notwendigkeit des Outsourcings oder der massiven Nutzung von Zeitarbeit entstehen. Wenn dieses Problem nicht angegangen wird, besteht die Gefahr eines <strong>Marktverlustes<\/strong>. Diese Dynamiken finden sich detailliert in den wirtschaftlichen und sozialen Analysen des Bauwesens, wie sie auf <a href=\"https:\/\/www.alumni.space\/de\/wie-kann-man-den-verlust-von-seltenen-faehigkeiten-im-baugewerbe-antizipieren\/\">alumni.space<\/a> zug\u00e4nglich sind.   <\/p><h3 class=\"wp-block-heading\"><span class=\"ez-toc-section\" id=\"Bewaehrte_Strategien_zum_Erhalt_seltener_Faehigkeiten_und_zur_Foerderung_interner_Talente\"><\/span>Bew\u00e4hrte Strategien zum Erhalt seltener F\u00e4higkeiten und zur F\u00f6rderung interner Talente<span class=\"ez-toc-section-end\"><\/span><\/h3><p>Unternehmen, die eine aktive <strong>Weiterbildungspolitik<\/strong> betreiben, k\u00f6nnen diesen Trend umkehren. Ein effektiver Ansatz beruht auf mehreren sich erg\u00e4nzenden Aktionen:   <\/p><p>Erstens: Die Einf\u00fchrung von <strong>Mentoring-Programmen<\/strong> und generations\u00fcbergreifenden Paaren f\u00f6rdert die <strong>Weitergabe von Wissen<\/strong> \u00fcber die klassischen Instrumente hinaus. Diese Initiativen st\u00e4rken das Zugeh\u00f6rigkeitsgef\u00fchl und erleichtern die Integration von jungen Mitarbeitern, wodurch die Bindung von seltenen <strong>F\u00e4higkeiten<\/strong> verbessert wird. <\/p><p>Zweitens erm\u00f6glicht die Entwicklung einer <strong>Kartographie der kritischen Kompetenzen<\/strong> innerhalb der Teams die Identifizierung von gef\u00e4hrdetem Know-how und die Antizipation von Abg\u00e4ngen. In Verbindung mit einer strengen Kontrolle der KPIs (Key Performance Indicators) optimiert dieser Ansatz die Planung von Schulungen und die gezielte Einstellung von Personal. <\/p><p>Schlie\u00dflich erleichtert die Demokratisierung von digitalen Plattformen zur Verwaltung von Gemeinschaften wie<a href=\"https:\/\/www.alumni.space\/de\/die-bedeutung-des-organisatorischen-gedaechtnisses-zur-begrenzung-von-wissensverlusten\/\">alumni.space<\/a> die Verbindung zwischen alten und neuen Mitarbeitern, baut Netzwerke zur gegenseitigen Unterst\u00fctzung auf und f\u00f6rdert den Austausch bew\u00e4hrter Praktiken. Diese innovative Strategie st\u00e4rkt das organisatorische Ged\u00e4chtnis und verringert den Verlust von Wissen. <\/p><h2 class=\"wp-block-heading\"><span class=\"ez-toc-section\" id=\"Ueberdenken_der_Einstellungs-_und_Ausbildungsmethoden_um_dem_Verlust_von_seltenen_Faehigkeiten_entgegenzuwirken\"><\/span>\u00dcberdenken der Einstellungs- und Ausbildungsmethoden, um dem Verlust von seltenen F\u00e4higkeiten entgegenzuwirken<span class=\"ez-toc-section-end\"><\/span><\/h2><p>Eine wirksame Antwort auf das Qualifikationsdefizit im Baugewerbe kann auch durch eine Diversifizierung der eingestellten Profile erreicht werden. Der Sektor profitiert von der Aufwertung atypischer Lebensl\u00e4ufe und der Anpassung der Berufsausbildung an neue Zielgruppen. <\/p><p>Modulare und zertifizierende Lernsysteme erm\u00f6glichen einen schnelleren Kompetenzaufbau und erleichtern die Integration von Arbeitssuchenden und Fachkr\u00e4ften aus anderen Bereichen. Gleichzeitig wird durch die verst\u00e4rkte \u00d6ffnung f\u00fcr qualifizierte ausl\u00e4ndische Arbeitskr\u00e4fte der lokale Bev\u00f6lkerungsr\u00fcckgang teilweise ausgeglichen. Diese Politik muss jedoch mit einer Eingliederungspolitik kombiniert werden, die auch auf die Pr\u00e4senz von Frauen und arbeitsmarktfernen Gruppen abzielt.  <\/p><p>Der Kampf gegen<strong>veraltete Kompetenzen<\/strong> und die Neuqualifizierung von Teams sind in einem Kontext schneller technischer Entwicklungen, insbesondere im Zusammenhang mit der Energiewende und Umweltstandards, unerl\u00e4sslich. Unternehmen, die diese Herausforderungen in regelm\u00e4\u00dfige Schulungs- und Bewertungsrituale umsetzen, sichern sich einen dauerhaften Wettbewerbsvorteil, wie in mehreren Fachberichten auf <a href=\"https:\/\/culture-rh.com\/competences-obsoletes\/\">culture-rh.com<\/a> dargelegt wird. <\/p><h3 class=\"wp-block-heading\"><span class=\"ez-toc-section\" id=\"Den_Wandel_begleiten_nachhaltiges_Engagement_und_Steuerung_der_Kompetenzen\"><\/span>Den Wandel begleiten: nachhaltiges Engagement und Steuerung der Kompetenzen<span class=\"ez-toc-section-end\"><\/span><\/h3><p>Das Herzst\u00fcck einer widerstandsf\u00e4higen Strategie ist die aktive Mobilisierung der Mitarbeiter f\u00fcr die Herausforderungen des Kompetenzverlustes. Eine transparente Information \u00fcber die Situation, die Einbeziehung der Personalvertreter in die Analysephase und ein regelm\u00e4\u00dfiger Dialog st\u00e4rken das Vertrauen. Dieses Klima der Beratung und des Zuh\u00f6rens ist notwendig, um die Fl\u00fcchtigkeit von seltenen Talenten zu vermeiden.  <\/p><p>In der Praxis sind Follow-up-Rituale, die Einf\u00fchrung geeigneter Indikatoren und die \u00dcbertragung von Verantwortung auf die Manager Hebel, um bestimmte Prozesse zu automatisieren, insbesondere bei der Verwaltung der Ausbildung und der beruflichen Laufbahnen. Indem Sie die Bem\u00fchungen um die Entwicklung von Kompetenzen mit den strategischen Zielen in Einklang bringen, k\u00f6nnen Sie die Kosten kontrollieren und die Risiken von Unterbrechungen antizipieren. <\/p><p>Dieser Ansatz passt ideal zur Nutzung einer kollaborativen SaaS-Plattform, die Profile, Veranstaltungen, Angebote und Dokumentationsressourcen b\u00fcndelt. Sie unterst\u00fctzt effektiv den Aufbau einer <strong>Gemeinschaft innerhalb der Organisation<\/strong>, die den Austausch und den kollektiven Elan f\u00f6rdert, der f\u00fcr den Erhalt von seltenem Know-how unerl\u00e4sslich ist. <\/p>","protected":false},"excerpt":{"rendered":"<p>Antizipation des Verlustes von seltenen F\u00e4higkeiten im Baugewerbe zur Sicherung  [&#8230;]<\/p>\n","protected":false},"author":1,"featured_media":7141,"comment_status":"closed","ping_status":"","sticky":false,"template":"","format":"standard","meta":{"_ayudawp_aiss_exclude":false,"footnotes":""},"categories":[60],"tags":[],"class_list":["post-7139","post","type-post","status-publish","format-standard","has-post-thumbnail","hentry","category-personalwesen"],"yoast_head":"<!-- This site is optimized with the Yoast SEO plugin v27.4 - https:\/\/yoast.com\/product\/yoast-seo-wordpress\/ -->\n<title>Verhinderung des Verlustes von seltenen F\u00e4higkeiten im Bauwesen<\/title>\n<meta name=\"description\" content=\"Erfahren Sie, wie Sie den Verlust von knappen Fachkenntnissen im Bausektor antizipieren und bew\u00e4ltigen k\u00f6nnen, um die Kontinuit\u00e4t und Qualit\u00e4t von Projekten zu gew\u00e4hrleisten.\" \/>\n<meta name=\"robots\" content=\"index, follow, max-snippet:-1, max-image-preview:large, max-video-preview:-1\" \/>\n<link rel=\"canonical\" href=\"https:\/\/www.alumni.space\/de\/wie-kann-man-den-verlust-von-seltenen-faehigkeiten-im-baugewerbe-antizipieren\/\" \/>\n<meta property=\"og:locale\" content=\"de_DE\" \/>\n<meta property=\"og:type\" content=\"article\" \/>\n<meta property=\"og:title\" content=\"Verhinderung des Verlustes von seltenen F\u00e4higkeiten im Bauwesen\" \/>\n<meta property=\"og:description\" content=\"Erfahren Sie, wie Sie den Verlust von knappen Fachkenntnissen im Bausektor antizipieren und bew\u00e4ltigen k\u00f6nnen, um die Kontinuit\u00e4t und Qualit\u00e4t von Projekten zu gew\u00e4hrleisten.\" \/>\n<meta property=\"og:url\" content=\"https:\/\/www.alumni.space\/de\/wie-kann-man-den-verlust-von-seltenen-faehigkeiten-im-baugewerbe-antizipieren\/\" \/>\n<meta property=\"og:site_name\" content=\"Alumni.space\" \/>\n<meta property=\"article:published_time\" content=\"2024-06-11T12:43:00+00:00\" \/>\n<meta property=\"article:modified_time\" content=\"2026-04-02T12:07:42+00:00\" \/>\n<meta property=\"og:image\" content=\"https:\/\/www.alumni.space\/wp-content\/uploads\/2026\/03\/Comment-anticiper-la-perte-des-competences-rares-dans-le-batiment-.jpg\" \/>\n\t<meta property=\"og:image:width\" content=\"1280\" \/>\n\t<meta property=\"og:image:height\" content=\"768\" \/>\n\t<meta property=\"og:image:type\" content=\"image\/jpeg\" \/>\n<meta name=\"author\" content=\"admin\" \/>\n<meta name=\"twitter:card\" content=\"summary_large_image\" \/>\n<meta name=\"twitter:label1\" content=\"Verfasst von\" \/>\n\t<meta name=\"twitter:data1\" content=\"admin\" \/>\n\t<meta name=\"twitter:label2\" content=\"Gesch\u00e4tzte Lesezeit\" \/>\n\t<meta name=\"twitter:data2\" content=\"4\u00a0Minuten\" \/>\n<script type=\"application\/ld+json\" class=\"yoast-schema-graph\">{\"@context\":\"https:\\\/\\\/schema.org\",\"@graph\":[{\"@type\":\"Article\",\"@id\":\"https:\\\/\\\/www.alumni.space\\\/de\\\/wie-kann-man-den-verlust-von-seltenen-faehigkeiten-im-baugewerbe-antizipieren\\\/#article\",\"isPartOf\":{\"@id\":\"https:\\\/\\\/www.alumni.space\\\/de\\\/wie-kann-man-den-verlust-von-seltenen-faehigkeiten-im-baugewerbe-antizipieren\\\/\"},\"author\":{\"name\":\"admin\",\"@id\":\"https:\\\/\\\/www.alumni.space\\\/de\\\/#\\\/schema\\\/person\\\/fede362a57876edda476a61f05ce5b15\"},\"headline\":\"Wie kann man den Verlust von seltenen F\u00e4higkeiten im Baugewerbe antizipieren?\",\"datePublished\":\"2024-06-11T12:43:00+00:00\",\"dateModified\":\"2026-04-02T12:07:42+00:00\",\"mainEntityOfPage\":{\"@id\":\"https:\\\/\\\/www.alumni.space\\\/de\\\/wie-kann-man-den-verlust-von-seltenen-faehigkeiten-im-baugewerbe-antizipieren\\\/\"},\"wordCount\":788,\"image\":{\"@id\":\"https:\\\/\\\/www.alumni.space\\\/de\\\/wie-kann-man-den-verlust-von-seltenen-faehigkeiten-im-baugewerbe-antizipieren\\\/#primaryimage\"},\"thumbnailUrl\":\"https:\\\/\\\/www.alumni.space\\\/wp-content\\\/uploads\\\/2026\\\/03\\\/Comment-anticiper-la-perte-des-competences-rares-dans-le-batiment-.jpg\",\"articleSection\":[\"Personalwesen\"],\"inLanguage\":\"de\"},{\"@type\":\"WebPage\",\"@id\":\"https:\\\/\\\/www.alumni.space\\\/de\\\/wie-kann-man-den-verlust-von-seltenen-faehigkeiten-im-baugewerbe-antizipieren\\\/\",\"url\":\"https:\\\/\\\/www.alumni.space\\\/de\\\/wie-kann-man-den-verlust-von-seltenen-faehigkeiten-im-baugewerbe-antizipieren\\\/\",\"name\":\"Verhinderung des Verlustes von seltenen F\u00e4higkeiten im Bauwesen\",\"isPartOf\":{\"@id\":\"https:\\\/\\\/www.alumni.space\\\/de\\\/#website\"},\"primaryImageOfPage\":{\"@id\":\"https:\\\/\\\/www.alumni.space\\\/de\\\/wie-kann-man-den-verlust-von-seltenen-faehigkeiten-im-baugewerbe-antizipieren\\\/#primaryimage\"},\"image\":{\"@id\":\"https:\\\/\\\/www.alumni.space\\\/de\\\/wie-kann-man-den-verlust-von-seltenen-faehigkeiten-im-baugewerbe-antizipieren\\\/#primaryimage\"},\"thumbnailUrl\":\"https:\\\/\\\/www.alumni.space\\\/wp-content\\\/uploads\\\/2026\\\/03\\\/Comment-anticiper-la-perte-des-competences-rares-dans-le-batiment-.jpg\",\"datePublished\":\"2024-06-11T12:43:00+00:00\",\"dateModified\":\"2026-04-02T12:07:42+00:00\",\"author\":{\"@id\":\"https:\\\/\\\/www.alumni.space\\\/de\\\/#\\\/schema\\\/person\\\/fede362a57876edda476a61f05ce5b15\"},\"description\":\"Erfahren Sie, wie Sie den Verlust von knappen Fachkenntnissen im Bausektor antizipieren und bew\u00e4ltigen k\u00f6nnen, um die Kontinuit\u00e4t und Qualit\u00e4t von Projekten zu gew\u00e4hrleisten.\",\"breadcrumb\":{\"@id\":\"https:\\\/\\\/www.alumni.space\\\/de\\\/wie-kann-man-den-verlust-von-seltenen-faehigkeiten-im-baugewerbe-antizipieren\\\/#breadcrumb\"},\"inLanguage\":\"de\",\"potentialAction\":[{\"@type\":\"ReadAction\",\"target\":[\"https:\\\/\\\/www.alumni.space\\\/de\\\/wie-kann-man-den-verlust-von-seltenen-faehigkeiten-im-baugewerbe-antizipieren\\\/\"]}]},{\"@type\":\"ImageObject\",\"inLanguage\":\"de\",\"@id\":\"https:\\\/\\\/www.alumni.space\\\/de\\\/wie-kann-man-den-verlust-von-seltenen-faehigkeiten-im-baugewerbe-antizipieren\\\/#primaryimage\",\"url\":\"https:\\\/\\\/www.alumni.space\\\/wp-content\\\/uploads\\\/2026\\\/03\\\/Comment-anticiper-la-perte-des-competences-rares-dans-le-batiment-.jpg\",\"contentUrl\":\"https:\\\/\\\/www.alumni.space\\\/wp-content\\\/uploads\\\/2026\\\/03\\\/Comment-anticiper-la-perte-des-competences-rares-dans-le-batiment-.jpg\",\"width\":1280,\"height\":768,\"caption\":\"Finden Sie heraus, wie Sie den Verlust seltener Qualifikationen im Bausektor antizipieren und bew\u00e4ltigen k\u00f6nnen, um die Kontinuit\u00e4t und Qualit\u00e4t von Projekten zu gew\u00e4hrleisten.\"},{\"@type\":\"BreadcrumbList\",\"@id\":\"https:\\\/\\\/www.alumni.space\\\/de\\\/wie-kann-man-den-verlust-von-seltenen-faehigkeiten-im-baugewerbe-antizipieren\\\/#breadcrumb\",\"itemListElement\":[{\"@type\":\"ListItem\",\"position\":1,\"name\":\"Home\",\"item\":\"https:\\\/\\\/www.alumni.space\\\/de\\\/plattform-fuer-die-verwaltung-von-mentoring-und-unternehmensalumni\\\/\"},{\"@type\":\"ListItem\",\"position\":2,\"name\":\"Wie kann man den Verlust von seltenen F\u00e4higkeiten im Baugewerbe antizipieren?\"}]},{\"@type\":\"WebSite\",\"@id\":\"https:\\\/\\\/www.alumni.space\\\/de\\\/#website\",\"url\":\"https:\\\/\\\/www.alumni.space\\\/de\\\/\",\"name\":\"Alumni.space\",\"description\":\"My WordPress Blog\",\"potentialAction\":[{\"@type\":\"SearchAction\",\"target\":{\"@type\":\"EntryPoint\",\"urlTemplate\":\"https:\\\/\\\/www.alumni.space\\\/de\\\/?s={search_term_string}\"},\"query-input\":{\"@type\":\"PropertyValueSpecification\",\"valueRequired\":true,\"valueName\":\"search_term_string\"}}],\"inLanguage\":\"de\"},{\"@type\":\"Person\",\"@id\":\"https:\\\/\\\/www.alumni.space\\\/de\\\/#\\\/schema\\\/person\\\/fede362a57876edda476a61f05ce5b15\",\"name\":\"admin\",\"image\":{\"@type\":\"ImageObject\",\"inLanguage\":\"de\",\"@id\":\"https:\\\/\\\/secure.gravatar.com\\\/avatar\\\/318e234ae94f90d4d629428d6b983c08e31181c28f579e08a021180d759ea651?s=96&d=mm&r=g\",\"url\":\"https:\\\/\\\/secure.gravatar.com\\\/avatar\\\/318e234ae94f90d4d629428d6b983c08e31181c28f579e08a021180d759ea651?s=96&d=mm&r=g\",\"contentUrl\":\"https:\\\/\\\/secure.gravatar.com\\\/avatar\\\/318e234ae94f90d4d629428d6b983c08e31181c28f579e08a021180d759ea651?s=96&d=mm&r=g\",\"caption\":\"admin\"},\"description\":\"Nicolas Laustriat a construit sa sp\u00e9cialit\u00e9 sur un sujet que beaucoup d\u2019organisations d\u00e9couvrent trop tard : ce qui dispara\u00eet quand les gens partent. Dipl\u00f4m\u00e9 en conception de produit industriel, il bifurque vers le digital fin 1996, il couvre les transformations marques, RH, la fid\u00e9lisation, la marque employeur. Sur le terrain, il rep\u00e8re un angle mort r\u00e9current : l\u2019entreprise investit dans le recrutement, la formation, les process\u2026 puis laisse filer le lien au moment du d\u00e9part, avec une perte de savoir et d\u2019influence qui se paie en silence. Il se sp\u00e9cialise alors sur les communaut\u00e9s d\u2019alumni, le mentorat, l\u2019entraide interg\u00e9n\u00e9rationnelle et la transmission d\u2019expertise. Il passe du \u201cconstat\u201d aux m\u00e9thodes : animation, gouvernance, segmentation, rituels, mesure d\u2019engagement, articulation avec la RSE et l\u2019employabilit\u00e9. Il interviewe DRH, responsables formation, directions d\u2019\u00e9coles, associations et fondations, avec une obsession : transformer un r\u00e9seau dormant en m\u00e9canisme utile (cooptation, mentorat, job board, entraide, \u00e9v\u00e9nements, contenus). Son style : direct, orient\u00e9 action, sans folklore. Sa conviction : une communaut\u00e9 n\u2019a pas besoin de bruit, elle a besoin de raisons de revenir.\",\"sameAs\":[\"https:\\\/\\\/www.alumni.space\"]}]}<\/script>\n<!-- \/ Yoast SEO plugin. -->","yoast_head_json":{"title":"Verhinderung des Verlustes von seltenen F\u00e4higkeiten im Bauwesen","description":"Erfahren Sie, wie Sie den Verlust von knappen Fachkenntnissen im Bausektor antizipieren und bew\u00e4ltigen k\u00f6nnen, um die Kontinuit\u00e4t und Qualit\u00e4t von Projekten zu gew\u00e4hrleisten.","robots":{"index":"index","follow":"follow","max-snippet":"max-snippet:-1","max-image-preview":"max-image-preview:large","max-video-preview":"max-video-preview:-1"},"canonical":"https:\/\/www.alumni.space\/de\/wie-kann-man-den-verlust-von-seltenen-faehigkeiten-im-baugewerbe-antizipieren\/","og_locale":"de_DE","og_type":"article","og_title":"Verhinderung des Verlustes von seltenen F\u00e4higkeiten im Bauwesen","og_description":"Erfahren Sie, wie Sie den Verlust von knappen Fachkenntnissen im Bausektor antizipieren und bew\u00e4ltigen k\u00f6nnen, um die Kontinuit\u00e4t und Qualit\u00e4t von Projekten zu gew\u00e4hrleisten.","og_url":"https:\/\/www.alumni.space\/de\/wie-kann-man-den-verlust-von-seltenen-faehigkeiten-im-baugewerbe-antizipieren\/","og_site_name":"Alumni.space","article_published_time":"2024-06-11T12:43:00+00:00","article_modified_time":"2026-04-02T12:07:42+00:00","og_image":[{"width":1280,"height":768,"url":"https:\/\/www.alumni.space\/wp-content\/uploads\/2026\/03\/Comment-anticiper-la-perte-des-competences-rares-dans-le-batiment-.jpg","type":"image\/jpeg"}],"author":"admin","twitter_card":"summary_large_image","twitter_misc":{"Verfasst von":"admin","Gesch\u00e4tzte Lesezeit":"4\u00a0Minuten"},"schema":{"@context":"https:\/\/schema.org","@graph":[{"@type":"Article","@id":"https:\/\/www.alumni.space\/de\/wie-kann-man-den-verlust-von-seltenen-faehigkeiten-im-baugewerbe-antizipieren\/#article","isPartOf":{"@id":"https:\/\/www.alumni.space\/de\/wie-kann-man-den-verlust-von-seltenen-faehigkeiten-im-baugewerbe-antizipieren\/"},"author":{"name":"admin","@id":"https:\/\/www.alumni.space\/de\/#\/schema\/person\/fede362a57876edda476a61f05ce5b15"},"headline":"Wie kann man den Verlust von seltenen F\u00e4higkeiten im Baugewerbe antizipieren?","datePublished":"2024-06-11T12:43:00+00:00","dateModified":"2026-04-02T12:07:42+00:00","mainEntityOfPage":{"@id":"https:\/\/www.alumni.space\/de\/wie-kann-man-den-verlust-von-seltenen-faehigkeiten-im-baugewerbe-antizipieren\/"},"wordCount":788,"image":{"@id":"https:\/\/www.alumni.space\/de\/wie-kann-man-den-verlust-von-seltenen-faehigkeiten-im-baugewerbe-antizipieren\/#primaryimage"},"thumbnailUrl":"https:\/\/www.alumni.space\/wp-content\/uploads\/2026\/03\/Comment-anticiper-la-perte-des-competences-rares-dans-le-batiment-.jpg","articleSection":["Personalwesen"],"inLanguage":"de"},{"@type":"WebPage","@id":"https:\/\/www.alumni.space\/de\/wie-kann-man-den-verlust-von-seltenen-faehigkeiten-im-baugewerbe-antizipieren\/","url":"https:\/\/www.alumni.space\/de\/wie-kann-man-den-verlust-von-seltenen-faehigkeiten-im-baugewerbe-antizipieren\/","name":"Verhinderung des Verlustes von seltenen F\u00e4higkeiten im Bauwesen","isPartOf":{"@id":"https:\/\/www.alumni.space\/de\/#website"},"primaryImageOfPage":{"@id":"https:\/\/www.alumni.space\/de\/wie-kann-man-den-verlust-von-seltenen-faehigkeiten-im-baugewerbe-antizipieren\/#primaryimage"},"image":{"@id":"https:\/\/www.alumni.space\/de\/wie-kann-man-den-verlust-von-seltenen-faehigkeiten-im-baugewerbe-antizipieren\/#primaryimage"},"thumbnailUrl":"https:\/\/www.alumni.space\/wp-content\/uploads\/2026\/03\/Comment-anticiper-la-perte-des-competences-rares-dans-le-batiment-.jpg","datePublished":"2024-06-11T12:43:00+00:00","dateModified":"2026-04-02T12:07:42+00:00","author":{"@id":"https:\/\/www.alumni.space\/de\/#\/schema\/person\/fede362a57876edda476a61f05ce5b15"},"description":"Erfahren Sie, wie Sie den Verlust von knappen Fachkenntnissen im Bausektor antizipieren und bew\u00e4ltigen k\u00f6nnen, um die Kontinuit\u00e4t und Qualit\u00e4t von Projekten zu gew\u00e4hrleisten.","breadcrumb":{"@id":"https:\/\/www.alumni.space\/de\/wie-kann-man-den-verlust-von-seltenen-faehigkeiten-im-baugewerbe-antizipieren\/#breadcrumb"},"inLanguage":"de","potentialAction":[{"@type":"ReadAction","target":["https:\/\/www.alumni.space\/de\/wie-kann-man-den-verlust-von-seltenen-faehigkeiten-im-baugewerbe-antizipieren\/"]}]},{"@type":"ImageObject","inLanguage":"de","@id":"https:\/\/www.alumni.space\/de\/wie-kann-man-den-verlust-von-seltenen-faehigkeiten-im-baugewerbe-antizipieren\/#primaryimage","url":"https:\/\/www.alumni.space\/wp-content\/uploads\/2026\/03\/Comment-anticiper-la-perte-des-competences-rares-dans-le-batiment-.jpg","contentUrl":"https:\/\/www.alumni.space\/wp-content\/uploads\/2026\/03\/Comment-anticiper-la-perte-des-competences-rares-dans-le-batiment-.jpg","width":1280,"height":768,"caption":"Finden Sie heraus, wie Sie den Verlust seltener Qualifikationen im Bausektor antizipieren und bew\u00e4ltigen k\u00f6nnen, um die Kontinuit\u00e4t und Qualit\u00e4t von Projekten zu gew\u00e4hrleisten."},{"@type":"BreadcrumbList","@id":"https:\/\/www.alumni.space\/de\/wie-kann-man-den-verlust-von-seltenen-faehigkeiten-im-baugewerbe-antizipieren\/#breadcrumb","itemListElement":[{"@type":"ListItem","position":1,"name":"Home","item":"https:\/\/www.alumni.space\/de\/plattform-fuer-die-verwaltung-von-mentoring-und-unternehmensalumni\/"},{"@type":"ListItem","position":2,"name":"Wie kann man den Verlust von seltenen F\u00e4higkeiten im Baugewerbe antizipieren?"}]},{"@type":"WebSite","@id":"https:\/\/www.alumni.space\/de\/#website","url":"https:\/\/www.alumni.space\/de\/","name":"Alumni.space","description":"My WordPress Blog","potentialAction":[{"@type":"SearchAction","target":{"@type":"EntryPoint","urlTemplate":"https:\/\/www.alumni.space\/de\/?s={search_term_string}"},"query-input":{"@type":"PropertyValueSpecification","valueRequired":true,"valueName":"search_term_string"}}],"inLanguage":"de"},{"@type":"Person","@id":"https:\/\/www.alumni.space\/de\/#\/schema\/person\/fede362a57876edda476a61f05ce5b15","name":"admin","image":{"@type":"ImageObject","inLanguage":"de","@id":"https:\/\/secure.gravatar.com\/avatar\/318e234ae94f90d4d629428d6b983c08e31181c28f579e08a021180d759ea651?s=96&d=mm&r=g","url":"https:\/\/secure.gravatar.com\/avatar\/318e234ae94f90d4d629428d6b983c08e31181c28f579e08a021180d759ea651?s=96&d=mm&r=g","contentUrl":"https:\/\/secure.gravatar.com\/avatar\/318e234ae94f90d4d629428d6b983c08e31181c28f579e08a021180d759ea651?s=96&d=mm&r=g","caption":"admin"},"description":"Nicolas Laustriat a construit sa sp\u00e9cialit\u00e9 sur un sujet que beaucoup d\u2019organisations d\u00e9couvrent trop tard : ce qui dispara\u00eet quand les gens partent. Dipl\u00f4m\u00e9 en conception de produit industriel, il bifurque vers le digital fin 1996, il couvre les transformations marques, RH, la fid\u00e9lisation, la marque employeur. Sur le terrain, il rep\u00e8re un angle mort r\u00e9current : l\u2019entreprise investit dans le recrutement, la formation, les process\u2026 puis laisse filer le lien au moment du d\u00e9part, avec une perte de savoir et d\u2019influence qui se paie en silence. Il se sp\u00e9cialise alors sur les communaut\u00e9s d\u2019alumni, le mentorat, l\u2019entraide interg\u00e9n\u00e9rationnelle et la transmission d\u2019expertise. Il passe du \u201cconstat\u201d aux m\u00e9thodes : animation, gouvernance, segmentation, rituels, mesure d\u2019engagement, articulation avec la RSE et l\u2019employabilit\u00e9. Il interviewe DRH, responsables formation, directions d\u2019\u00e9coles, associations et fondations, avec une obsession : transformer un r\u00e9seau dormant en m\u00e9canisme utile (cooptation, mentorat, job board, entraide, \u00e9v\u00e9nements, contenus). Son style : direct, orient\u00e9 action, sans folklore. Sa conviction : une communaut\u00e9 n\u2019a pas besoin de bruit, elle a besoin de raisons de revenir.","sameAs":["https:\/\/www.alumni.space"]}]}},"_links":{"self":[{"href":"https:\/\/www.alumni.space\/de\/wp-json\/wp\/v2\/posts\/7139","targetHints":{"allow":["GET"]}}],"collection":[{"href":"https:\/\/www.alumni.space\/de\/wp-json\/wp\/v2\/posts"}],"about":[{"href":"https:\/\/www.alumni.space\/de\/wp-json\/wp\/v2\/types\/post"}],"author":[{"embeddable":true,"href":"https:\/\/www.alumni.space\/de\/wp-json\/wp\/v2\/users\/1"}],"replies":[{"embeddable":true,"href":"https:\/\/www.alumni.space\/de\/wp-json\/wp\/v2\/comments?post=7139"}],"version-history":[{"count":1,"href":"https:\/\/www.alumni.space\/de\/wp-json\/wp\/v2\/posts\/7139\/revisions"}],"predecessor-version":[{"id":7144,"href":"https:\/\/www.alumni.space\/de\/wp-json\/wp\/v2\/posts\/7139\/revisions\/7144"}],"wp:featuredmedia":[{"embeddable":true,"href":"https:\/\/www.alumni.space\/de\/wp-json\/wp\/v2\/media\/7141"}],"wp:attachment":[{"href":"https:\/\/www.alumni.space\/de\/wp-json\/wp\/v2\/media?parent=7139"}],"wp:term":[{"taxonomy":"category","embeddable":true,"href":"https:\/\/www.alumni.space\/de\/wp-json\/wp\/v2\/categories?post=7139"},{"taxonomy":"post_tag","embeddable":true,"href":"https:\/\/www.alumni.space\/de\/wp-json\/wp\/v2\/tags?post=7139"}],"curies":[{"name":"wp","href":"https:\/\/api.w.org\/{rel}","templated":true}]}}