{"id":7089,"date":"2024-03-23T18:59:22","date_gmt":"2024-03-23T18:59:22","guid":{"rendered":"https:\/\/www.alumni.space\/einrichtung-einer-speziellen-plattform-fuer-ihre-unternehmensalumni\/"},"modified":"2026-04-02T12:06:52","modified_gmt":"2026-04-02T12:06:52","slug":"einrichtung-einer-speziellen-plattform-fuer-ihre-unternehmensalumni","status":"publish","type":"post","link":"https:\/\/www.alumni.space\/de\/einrichtung-einer-speziellen-plattform-fuer-ihre-unternehmensalumni\/","title":{"rendered":"Einrichtung einer speziellen Plattform f\u00fcr Ihre Unternehmensalumni"},"content":{"rendered":"<p>Kurze Zusammenfassung: Der Einsatz einer <strong>Alumni-Plattform<\/strong> bietet einen digitalen Rahmen, um Profile, Veranstaltungen, Angebote und Mentoring zu zentralisieren. Ziel der Entscheidungsfindung: Verringerung des Wissensverlustes, Beschleunigung der Integration und St\u00e4rkung der <strong>Loyalit\u00e4t<\/strong> durch ein lebendiges und n\u00fctzliches Netzwerk. <\/p><div id=\"ez-toc-container\" class=\"ez-toc-v2_0_82_2 counter-flat ez-toc-counter ez-toc-grey ez-toc-container-direction\">\n<div class=\"ez-toc-title-container\"><p class=\"ez-toc-title\" style=\"cursor:inherit\">Inhalt dieses Artikels:<\/p>\n<\/div><nav><ul class='ez-toc-list ez-toc-list-level-1 ' ><li class='ez-toc-page-1'><a class=\"ez-toc-link ez-toc-heading-1\" href=\"https:\/\/www.alumni.space\/de\/einrichtung-einer-speziellen-plattform-fuer-ihre-unternehmensalumni\/#Die_Alumni-Plattform_eines_Unternehmens_Versprechen_Herausforderungen_und_Vorteile_fuer_Entscheidungstraeger\" >Die Alumni-Plattform eines Unternehmens: Versprechen, Herausforderungen und Vorteile f\u00fcr Entscheidungstr\u00e4ger<\/a><\/li><li class='ez-toc-page-1'><a class=\"ez-toc-link ez-toc-heading-2\" href=\"https:\/\/www.alumni.space\/de\/einrichtung-einer-speziellen-plattform-fuer-ihre-unternehmensalumni\/#Fallstudie_Novatech_und_die_Einfuehrung_eines_Alumni-Netzwerks\" >Fallstudie: Novatech und die Einf\u00fchrung eines Alumni-Netzwerks<\/a><\/li><li class='ez-toc-page-1'><a class=\"ez-toc-link ez-toc-heading-3\" href=\"https:\/\/www.alumni.space\/de\/einrichtung-einer-speziellen-plattform-fuer-ihre-unternehmensalumni\/#Governance_und_Moderation_Rollen_Rituale_und_operative_Planung\" >Governance und Moderation: Rollen, Rituale und operative Planung<\/a><\/li><li class='ez-toc-page-1'><a class=\"ez-toc-link ez-toc-heading-4\" href=\"https:\/\/www.alumni.space\/de\/einrichtung-einer-speziellen-plattform-fuer-ihre-unternehmensalumni\/#Praktische_Organisation_und_Rituale\" >Praktische Organisation und Rituale<\/a><\/li><li class='ez-toc-page-1'><a class=\"ez-toc-link ez-toc-heading-5\" href=\"https:\/\/www.alumni.space\/de\/einrichtung-einer-speziellen-plattform-fuer-ihre-unternehmensalumni\/#Grundlegende_Funktionen_einer_operativen_Plattform\" >Grundlegende Funktionen einer operativen Plattform<\/a><\/li><li class='ez-toc-page-1'><a class=\"ez-toc-link ez-toc-heading-6\" href=\"https:\/\/www.alumni.space\/de\/einrichtung-einer-speziellen-plattform-fuer-ihre-unternehmensalumni\/#Mentoring_und_gegenseitige_Unterstuetzung_Formate_Matching_und_Incentives\" >Mentoring und gegenseitige Unterst\u00fctzung: Formate, Matching und Incentives<\/a><\/li><li class='ez-toc-page-1'><a class=\"ez-toc-link ez-toc-heading-7\" href=\"https:\/\/www.alumni.space\/de\/einrichtung-einer-speziellen-plattform-fuer-ihre-unternehmensalumni\/#Steuerung_der_Auswirkungen_einfache_KPIs_und_90-Tage-Plan\" >Steuerung der Auswirkungen: einfache KPIs und 90-Tage-Plan<\/a><\/li><li class='ez-toc-page-1'><a class=\"ez-toc-link ez-toc-heading-8\" href=\"https:\/\/www.alumni.space\/de\/einrichtung-einer-speziellen-plattform-fuer-ihre-unternehmensalumni\/#Finanzierung_Einhaltung_und_Zugaenglichkeit\" >Finanzierung, Einhaltung und Zug\u00e4nglichkeit<\/a><\/li><li class='ez-toc-page-1'><a class=\"ez-toc-link ez-toc-heading-9\" href=\"https:\/\/www.alumni.space\/de\/einrichtung-einer-speziellen-plattform-fuer-ihre-unternehmensalumni\/#Praktische_Anwendung_von_ALUMNISPACE_und_nuetzliche_Ressourcen\" >Praktische Anwendung von ALUMNI.SPACE und n\u00fctzliche Ressourcen<\/a><\/li><\/ul><\/nav><\/div>\n<h2 class=\"wp-block-heading\"><span class=\"ez-toc-section\" id=\"Die_Alumni-Plattform_eines_Unternehmens_Versprechen_Herausforderungen_und_Vorteile_fuer_Entscheidungstraeger\"><\/span>Die Alumni-Plattform eines Unternehmens: Versprechen, Herausforderungen und Vorteile f\u00fcr Entscheidungstr\u00e4ger<span class=\"ez-toc-section-end\"><\/span><\/h2><p>Eine spezielle Schnittstelle bringt ehemalige Mitarbeiter und Mentoren in einem gemeinsamen Raum zusammen, der auf den <strong>Austausch<\/strong> von Kompetenzen und <strong>Networking<\/strong> ausgerichtet ist. Die HR- und CSR-Abteilungen stellen eine messbare Zeitersparnis beim Onboarding und eine Zunahme der Kooptation bei der Einstellung fest. <\/p><p>Der Ansatz erweitert die soziale Verantwortung der Organisation: generations\u00fcbergreifende Weitergabe, Unterst\u00fctzung der Besch\u00e4ftigungsf\u00e4higkeit und ehrenamtliche T\u00e4tigkeit st\u00e4rken das Arbeitgeberimage. Erwartete Ergebnisse: erh\u00f6hte Attraktivit\u00e4t, vereinfachte Rekrutierung und glaubw\u00fcrdige Botschafter im Dienste der Marke. <\/p><figure class=\"wp-block-image size-full\"><img decoding=\"async\" width=\"1344\" height=\"768\" src=\"https:\/\/www.alumni.space\/wp-content\/uploads\/2026\/03\/Mettre-en-place-une-plateforme-dediee-a-vos-alumni-dentreprise-1.jpg\" data-orig-src=\"https:\/\/www.alumni.space\/wp-content\/uploads\/2026\/03\/Mettre-en-place-une-plateforme-dediee-a-vos-alumni-dentreprise-1.jpg\" alt=\"Entdecken Sie, wie Sie eine spezielle Plattform f\u00fcr Ihre ehemaligen Studenten einrichten k\u00f6nnen, um das Netzwerk zu st\u00e4rken, den beruflichen Austausch zu f\u00f6rdern und Ihre Alumni-Gemeinschaft aufzuwerten.\" class=\"lazyload wp-image-3342\" srcset=\"data:image\/svg+xml,%3Csvg%20xmlns%3D%27http%3A%2F%2Fwww.w3.org%2F2000%2Fsvg%27%20width%3D%271344%27%20height%3D%27768%27%20viewBox%3D%270%200%201344%20768%27%3E%3Crect%20width%3D%271344%27%20height%3D%27768%27%20fill-opacity%3D%220%22%2F%3E%3C%2Fsvg%3E\" data-srcset=\"https:\/\/www.alumni.space\/wp-content\/uploads\/2026\/03\/Mettre-en-place-une-plateforme-dediee-a-vos-alumni-dentreprise-1-200x114.jpg 200w, https:\/\/www.alumni.space\/wp-content\/uploads\/2026\/03\/Mettre-en-place-une-plateforme-dediee-a-vos-alumni-dentreprise-1-300x171.jpg 300w, https:\/\/www.alumni.space\/wp-content\/uploads\/2026\/03\/Mettre-en-place-une-plateforme-dediee-a-vos-alumni-dentreprise-1-400x229.jpg 400w, https:\/\/www.alumni.space\/wp-content\/uploads\/2026\/03\/Mettre-en-place-une-plateforme-dediee-a-vos-alumni-dentreprise-1-600x343.jpg 600w, https:\/\/www.alumni.space\/wp-content\/uploads\/2026\/03\/Mettre-en-place-une-plateforme-dediee-a-vos-alumni-dentreprise-1-768x439.jpg 768w, https:\/\/www.alumni.space\/wp-content\/uploads\/2026\/03\/Mettre-en-place-une-plateforme-dediee-a-vos-alumni-dentreprise-1-800x457.jpg 800w, https:\/\/www.alumni.space\/wp-content\/uploads\/2026\/03\/Mettre-en-place-une-plateforme-dediee-a-vos-alumni-dentreprise-1-1024x585.jpg 1024w, https:\/\/www.alumni.space\/wp-content\/uploads\/2026\/03\/Mettre-en-place-une-plateforme-dediee-a-vos-alumni-dentreprise-1-1200x686.jpg 1200w, https:\/\/www.alumni.space\/wp-content\/uploads\/2026\/03\/Mettre-en-place-une-plateforme-dediee-a-vos-alumni-dentreprise-1.jpg 1344w\" data-sizes=\"auto\" data-orig-sizes=\"(max-width: 1344px) 100vw, 1344px\" \/><\/figure><h3 class=\"wp-block-heading\"><span class=\"ez-toc-section\" id=\"Fallstudie_Novatech_und_die_Einfuehrung_eines_Alumni-Netzwerks\"><\/span>Fallstudie: Novatech und die Einf\u00fchrung eines Alumni-Netzwerks<span class=\"ez-toc-section-end\"><\/span><\/h3><p>Novatech startet einen digitalen Raum f\u00fcr 4.000 ehemalige Mitarbeiter. Der Schwerpunkt liegt auf erweiterten Profilen, dem internen <strong>Job Board<\/strong> und dem Mentorenprogramm, um die Rekrutierung zu beschleunigen und das Wissen der \u00e4lteren Mitarbeiter zu nutzen. <\/p><p>Erste Reaktionen: bessere Bindung von Talenten, Wiederbelebung ehemaliger Mitarbeiter, die an punktuellen Auftr\u00e4gen interessiert sind, und verst\u00e4rkte Sichtbarkeit bei den Partnerschulen. Wichtigste Erkenntnis: Ein gepflegter Raum f\u00fchrt bereits bei den ersten Interaktionen zu Engagement. <\/p><h2 class=\"wp-block-heading\"><span class=\"ez-toc-section\" id=\"Governance_und_Moderation_Rollen_Rituale_und_operative_Planung\"><\/span>Governance und Moderation: Rollen, Rituale und operative Planung<span class=\"ez-toc-section-end\"><\/span><\/h2><p>Die Leitung eines Netzwerks erfordert einen kleinen Lenkungsausschuss, lokale Leads und Themenverantwortliche f\u00fcr Veranstaltungen, Inhalte und Mentoring. Eine kurze Charta legt die Regeln f\u00fcr Wohlwollen, Vertraulichkeit und die Vermeidung von kommerziellen Angeboten fest. <\/p><p>Der strukturierte Jahreskalender mit monatlichen H\u00f6hepunkten schafft regelm\u00e4\u00dfige Erwartungen bei den Mitgliedern. Die Animation kombiniert lokale Treffen, berufliche Sitzungen und praktische Workshops, um die Besch\u00e4ftigungsf\u00e4higkeit und die Aufrechterhaltung von Beziehungen zu f\u00f6rdern. <\/p><h3 class=\"wp-block-heading\"><span class=\"ez-toc-section\" id=\"Praktische_Organisation_und_Rituale\"><\/span>Praktische Organisation und Rituale<span class=\"ez-toc-section-end\"><\/span><\/h3><p>Der Ausschuss steuert die KPIs, die lokalen Leads organisieren Afterworks und Branchentreffen, w\u00e4hrend die Content Manager Portr\u00e4ts und Mini-Karrieref\u00fchrer ver\u00f6ffentlichen. N\u00fctzliche Automatisierungen: Willkommensnachricht, Erinnerung an unvollst\u00e4ndige Profile und Erinnerung an Veranstaltungen. <\/p><p>Gute umsetzbare Praxis: Planen Sie eine Mentor-Mentee-Matching-Sitzung f\u00fcr jedes neue Schuljahr, um die Paare mit klaren Zielen zu starten. Endg\u00fcltige Einsicht: Rhythmus und Sichtbarkeit garantieren eine dauerhafte Bindung. <\/p><h2 class=\"wp-block-heading\"><span class=\"ez-toc-section\" id=\"Grundlegende_Funktionen_einer_operativen_Plattform\"><\/span>Grundlegende Funktionen einer operativen Plattform<span class=\"ez-toc-section-end\"><\/span><\/h2><p>Ein Mitgliederbereich enth\u00e4lt Profile, ein filterbares Verzeichnis, ein <strong>Job Board<\/strong> und einen<strong>Veranstaltungskalender<\/strong>. Zugang \u00fcber SSO, erweiterte Profile (Kompetenzen, Sektoren, Mobilit\u00e4t) und interne Suchmaschinen erleichtern das <strong>Networking<\/strong>. <\/p><p>Andere n\u00fctzliche Funktionen: PWA f\u00fcr kontrollierte Benachrichtigungen, integrierter Ticketverkauf, Freiwilligenbereich, Dokumentationsbibliothek und anonymisierte Tracking-Tools. Um diese Elemente zu industrialisieren, gibt es eine spezielle Plattform, die Tabellenkalkulationen und die Verteilung von Tools vermeidet. <\/p><p>Praktische Ressource: Lesen Sie sektorspezifische Erfahrungsberichte \u00fcber <a href=\"https:\/\/corporatealumni.fr\/\">einen praktischen Leitfaden auf Corporate Alumni<\/a> oder studieren Sie Benchmarks auf <a href=\"https:\/\/www.alumnforce.com\/\">AlumnForce<\/a>, um Angebote und Ergonomie zu vergleichen.<\/p><h3 class=\"wp-block-heading\"><span class=\"ez-toc-section\" id=\"Mentoring_und_gegenseitige_Unterstuetzung_Formate_Matching_und_Incentives\"><\/span>Mentoring und gegenseitige Unterst\u00fctzung: Formate, Matching und Incentives<span class=\"ez-toc-section-end\"><\/span><\/h3><p>Zwei sich erg\u00e4nzende Formate erzeugen einen unmittelbaren Wert. Das <strong>Express-Mentoring<\/strong> bietet 30 Minuten, um einen bestimmten Punkt zu l\u00f6sen. Das <strong>lange Mentoring<\/strong> strukturiert einen 3- bis 6-monatigen Weg mit Zielen, monatlichen Treffen und einer Zwischenbilanz.  <\/p><p>Matching auf der Grundlage der angestrebten Kompetenzen, des Sektors und der Verf\u00fcgbarkeit schafft relevante Paare. Das beitragsorientierte <strong>Job Board<\/strong> l\u00e4dt Alumni, die Personal suchen, dazu ein, Stellenangebote zu ver\u00f6ffentlichen und auf die M\u00f6glichkeit der Kooptation hinzuweisen. <\/p><h2 class=\"wp-block-heading\"><span class=\"ez-toc-section\" id=\"Steuerung_der_Auswirkungen_einfache_KPIs_und_90-Tage-Plan\"><\/span>Steuerung der Auswirkungen: einfache KPIs und 90-Tage-Plan<span class=\"ez-toc-section-end\"><\/span><\/h2><p>Einige wenige Indikatoren sind f\u00fcr die Steuerung ausreichend: Profilvervollst\u00e4ndigungsrate, Teilnahme an Veranstaltungen, Anzahl der Mentorenpaare und monatlich ver\u00f6ffentlichte Stellenangebote. Diese Metriken bieten einen direkten Einblick in das Engagement und die Effizienz. <\/p><p>Kurzfristiger Plan in 90 Tagen: Bildung des Komitees und Definition des Versprechens, Start des Mitgliederbereichs mit Import von Pilotpromotions, Organisation eines ersten Webinars und Er\u00f6ffnung der Mentoring-Anmeldungen. Messen Sie die ersten KPIs und passen Sie den Fahrplan nach dem ersten Quartal an. <\/p><h3 class=\"wp-block-heading\"><span class=\"ez-toc-section\" id=\"Finanzierung_Einhaltung_und_Zugaenglichkeit\"><\/span>Finanzierung, Einhaltung und Zug\u00e4nglichkeit<span class=\"ez-toc-section-end\"><\/span><\/h3><p>Gemischtes Gesch\u00e4ftsmodell: Symbolische Mitgliedschaft, gezielte Sponsoren und Eintrittskarten f\u00fcr Premium-Veranstaltungen erm\u00f6glichen ein finanzielles Gleichgewicht ohne gro\u00dfe Einschr\u00e4nkungen. Der Umgang mit der DSGVO durch ausdr\u00fcckliche Zustimmung und die Bereinigung inaktiver Konten st\u00e4rkt das Vertrauen. <\/p><p>Digitale Zug\u00e4nglichkeit: Angepasste Kontraste, Untertitel in Wiederholungen und eine mobile-first Schnittstelle garantieren die Teilnahme aller Generationen. Wichtigste Erkenntnis: Vertrauen + Zug\u00e4nglichkeit = dauerhaftes Engagement. <\/p><h2 class=\"wp-block-heading\"><span class=\"ez-toc-section\" id=\"Praktische_Anwendung_von_ALUMNISPACE_und_nuetzliche_Ressourcen\"><\/span>Praktische Anwendung von ALUMNI.SPACE und n\u00fctzliche Ressourcen<span class=\"ez-toc-section-end\"><\/span><\/h2><p><strong>ALUMNI.SPACE<\/strong> bietet eine sofort einsatzbereite Basis f\u00fcr die Verwaltung von Profilen, Mentoring und <strong>Veranstaltungen.<\/strong> Auf speziellen Seiten finden Sie Anwendungsbeispiele f\u00fcr Employer Branding und Feldarbeit: <a href=\"https:\/\/www.alumni.space\/de\/\">ALUMNI.SPACE<\/a> sowie Arbeitsbl\u00e4tter zu <a href=\"https:\/\/www.alumni.space\/de\/wie-sie-alumni-in-ihre-unternehmensveranstaltungen-einbeziehen-koennen\/\">Alumni-Veranstaltungen<\/a> und zum <a href=\"https:\/\/www.alumni.space\/de\/der-mehrwert-eines-alumni-programms-fuer-ihre-arbeitgebermarke\/\">Employer Branding Alumni-Programm<\/a>. <\/p><p>F\u00fcr zus\u00e4tzliche sektorale Benchmarks, lesen Sie ein praktisches Dossier \u00fcber <a href=\"https:\/\/www.ekole.fr\/blog\/plateformes-alumni-comment-valoriser-anciens-etudiants\">Alumni-Aufwertung<\/a> oder erkunden Sie operative Erfahrungsberichte \u00fcber <a href=\"https:\/\/www.alumni.space\/de\/alumni-wie-man-eine-nachhaltige-netzwerkdynamik-schafft\/\">dynamische Netzwerke<\/a>. Operative Einblicke: Die Wahl einer Plattform, die HR, CSR und Kommunikation in Einklang bringt, erleichtert die Akzeptanz. <\/p><p><strong>Empfohlene Ma\u00dfnahme<\/strong>: Definition des Wertversprechens, Auswahl eines internen Piloten und Planung des ersten Kick-offs innerhalb von 90 Tagen. Um den Prozess zu industrialisieren und ein MVP zu testen, <a href=\"https:\/\/www.alumni.space\/de\/\">fordern Sie eine Demo<\/a> an. <\/p>","protected":false},"excerpt":{"rendered":"<p>Kurze Zusammenfassung: Der Einsatz einer Alumni-Plattform bietet einen digitalen Rahmen,  [&#8230;]<\/p>\n","protected":false},"author":1,"featured_media":7091,"comment_status":"closed","ping_status":"","sticky":false,"template":"","format":"standard","meta":{"_ayudawp_aiss_exclude":false,"footnotes":""},"categories":[57],"tags":[],"class_list":["post-7089","post","type-post","status-publish","format-standard","has-post-thumbnail","hentry","category-alumni"],"yoast_head":"<!-- This site is optimized with the Yoast SEO plugin v27.4 - https:\/\/yoast.com\/product\/yoast-seo-wordpress\/ -->\n<title>Einf\u00fchrung einer innovativen Plattform f\u00fcr Ihre Firmenalumni<\/title>\n<meta name=\"description\" content=\"Erfahren Sie, wie Sie eine Plattform f\u00fcr die Alumni Ihres Unternehmens einrichten k\u00f6nnen, um die Beziehungen zu st\u00e4rken und Ihr berufliches Netzwerk aufzuwerten.\" \/>\n<meta name=\"robots\" content=\"index, follow, max-snippet:-1, max-image-preview:large, max-video-preview:-1\" \/>\n<link rel=\"canonical\" href=\"https:\/\/www.alumni.space\/de\/einrichtung-einer-speziellen-plattform-fuer-ihre-unternehmensalumni\/\" \/>\n<meta property=\"og:locale\" content=\"de_DE\" \/>\n<meta property=\"og:type\" content=\"article\" \/>\n<meta property=\"og:title\" content=\"Einf\u00fchrung einer innovativen Plattform f\u00fcr Ihre Firmenalumni\" \/>\n<meta property=\"og:description\" content=\"Erfahren Sie, wie Sie eine Plattform f\u00fcr die Alumni Ihres Unternehmens einrichten k\u00f6nnen, um die Beziehungen zu st\u00e4rken und Ihr berufliches Netzwerk aufzuwerten.\" \/>\n<meta property=\"og:url\" content=\"https:\/\/www.alumni.space\/de\/einrichtung-einer-speziellen-plattform-fuer-ihre-unternehmensalumni\/\" \/>\n<meta property=\"og:site_name\" content=\"Alumni.space\" \/>\n<meta property=\"article:published_time\" content=\"2024-03-23T18:59:22+00:00\" \/>\n<meta property=\"article:modified_time\" content=\"2026-04-02T12:06:52+00:00\" \/>\n<meta property=\"og:image\" content=\"https:\/\/www.alumni.space\/wp-content\/uploads\/2026\/03\/Mettre-en-place-une-plateforme-dediee-a-vos-alumni-dentreprise.jpg\" \/>\n\t<meta property=\"og:image:width\" content=\"1344\" \/>\n\t<meta property=\"og:image:height\" content=\"768\" \/>\n\t<meta property=\"og:image:type\" content=\"image\/jpeg\" \/>\n<meta name=\"author\" content=\"admin\" \/>\n<meta name=\"twitter:card\" content=\"summary_large_image\" \/>\n<meta name=\"twitter:label1\" content=\"Verfasst von\" \/>\n\t<meta name=\"twitter:data1\" content=\"admin\" \/>\n\t<meta name=\"twitter:label2\" content=\"Gesch\u00e4tzte Lesezeit\" \/>\n\t<meta name=\"twitter:data2\" content=\"4\u00a0Minuten\" \/>\n<script type=\"application\/ld+json\" class=\"yoast-schema-graph\">{\"@context\":\"https:\\\/\\\/schema.org\",\"@graph\":[{\"@type\":\"Article\",\"@id\":\"https:\\\/\\\/www.alumni.space\\\/de\\\/einrichtung-einer-speziellen-plattform-fuer-ihre-unternehmensalumni\\\/#article\",\"isPartOf\":{\"@id\":\"https:\\\/\\\/www.alumni.space\\\/de\\\/einrichtung-einer-speziellen-plattform-fuer-ihre-unternehmensalumni\\\/\"},\"author\":{\"name\":\"admin\",\"@id\":\"https:\\\/\\\/www.alumni.space\\\/de\\\/#\\\/schema\\\/person\\\/fede362a57876edda476a61f05ce5b15\"},\"headline\":\"Einrichtung einer speziellen Plattform f\u00fcr Ihre Unternehmensalumni\",\"datePublished\":\"2024-03-23T18:59:22+00:00\",\"dateModified\":\"2026-04-02T12:06:52+00:00\",\"mainEntityOfPage\":{\"@id\":\"https:\\\/\\\/www.alumni.space\\\/de\\\/einrichtung-einer-speziellen-plattform-fuer-ihre-unternehmensalumni\\\/\"},\"wordCount\":823,\"image\":{\"@id\":\"https:\\\/\\\/www.alumni.space\\\/de\\\/einrichtung-einer-speziellen-plattform-fuer-ihre-unternehmensalumni\\\/#primaryimage\"},\"thumbnailUrl\":\"https:\\\/\\\/www.alumni.space\\\/wp-content\\\/uploads\\\/2026\\\/03\\\/Mettre-en-place-une-plateforme-dediee-a-vos-alumni-dentreprise.jpg\",\"articleSection\":[\"Alumni\"],\"inLanguage\":\"de\"},{\"@type\":\"WebPage\",\"@id\":\"https:\\\/\\\/www.alumni.space\\\/de\\\/einrichtung-einer-speziellen-plattform-fuer-ihre-unternehmensalumni\\\/\",\"url\":\"https:\\\/\\\/www.alumni.space\\\/de\\\/einrichtung-einer-speziellen-plattform-fuer-ihre-unternehmensalumni\\\/\",\"name\":\"Einf\u00fchrung einer innovativen Plattform f\u00fcr Ihre Firmenalumni\",\"isPartOf\":{\"@id\":\"https:\\\/\\\/www.alumni.space\\\/de\\\/#website\"},\"primaryImageOfPage\":{\"@id\":\"https:\\\/\\\/www.alumni.space\\\/de\\\/einrichtung-einer-speziellen-plattform-fuer-ihre-unternehmensalumni\\\/#primaryimage\"},\"image\":{\"@id\":\"https:\\\/\\\/www.alumni.space\\\/de\\\/einrichtung-einer-speziellen-plattform-fuer-ihre-unternehmensalumni\\\/#primaryimage\"},\"thumbnailUrl\":\"https:\\\/\\\/www.alumni.space\\\/wp-content\\\/uploads\\\/2026\\\/03\\\/Mettre-en-place-une-plateforme-dediee-a-vos-alumni-dentreprise.jpg\",\"datePublished\":\"2024-03-23T18:59:22+00:00\",\"dateModified\":\"2026-04-02T12:06:52+00:00\",\"author\":{\"@id\":\"https:\\\/\\\/www.alumni.space\\\/de\\\/#\\\/schema\\\/person\\\/fede362a57876edda476a61f05ce5b15\"},\"description\":\"Erfahren Sie, wie Sie eine Plattform f\u00fcr die Alumni Ihres Unternehmens einrichten k\u00f6nnen, um die Beziehungen zu st\u00e4rken und Ihr berufliches Netzwerk aufzuwerten.\",\"breadcrumb\":{\"@id\":\"https:\\\/\\\/www.alumni.space\\\/de\\\/einrichtung-einer-speziellen-plattform-fuer-ihre-unternehmensalumni\\\/#breadcrumb\"},\"inLanguage\":\"de\",\"potentialAction\":[{\"@type\":\"ReadAction\",\"target\":[\"https:\\\/\\\/www.alumni.space\\\/de\\\/einrichtung-einer-speziellen-plattform-fuer-ihre-unternehmensalumni\\\/\"]}]},{\"@type\":\"ImageObject\",\"inLanguage\":\"de\",\"@id\":\"https:\\\/\\\/www.alumni.space\\\/de\\\/einrichtung-einer-speziellen-plattform-fuer-ihre-unternehmensalumni\\\/#primaryimage\",\"url\":\"https:\\\/\\\/www.alumni.space\\\/wp-content\\\/uploads\\\/2026\\\/03\\\/Mettre-en-place-une-plateforme-dediee-a-vos-alumni-dentreprise.jpg\",\"contentUrl\":\"https:\\\/\\\/www.alumni.space\\\/wp-content\\\/uploads\\\/2026\\\/03\\\/Mettre-en-place-une-plateforme-dediee-a-vos-alumni-dentreprise.jpg\",\"width\":1344,\"height\":768,\"caption\":\"Erfahren Sie, wie Sie eine Plattform f\u00fcr Ihre Unternehmensalumni einrichten k\u00f6nnen, um die Beziehungen zu st\u00e4rken, das berufliche Netzwerk zu f\u00f6rdern und Ihre Gemeinschaft ehemaliger Mitarbeiter aufzuwerten.\"},{\"@type\":\"BreadcrumbList\",\"@id\":\"https:\\\/\\\/www.alumni.space\\\/de\\\/einrichtung-einer-speziellen-plattform-fuer-ihre-unternehmensalumni\\\/#breadcrumb\",\"itemListElement\":[{\"@type\":\"ListItem\",\"position\":1,\"name\":\"Home\",\"item\":\"https:\\\/\\\/www.alumni.space\\\/de\\\/plattform-fuer-die-verwaltung-von-mentoring-und-unternehmensalumni\\\/\"},{\"@type\":\"ListItem\",\"position\":2,\"name\":\"Einrichtung einer speziellen Plattform f\u00fcr Ihre Unternehmensalumni\"}]},{\"@type\":\"WebSite\",\"@id\":\"https:\\\/\\\/www.alumni.space\\\/de\\\/#website\",\"url\":\"https:\\\/\\\/www.alumni.space\\\/de\\\/\",\"name\":\"Alumni.space\",\"description\":\"My WordPress Blog\",\"potentialAction\":[{\"@type\":\"SearchAction\",\"target\":{\"@type\":\"EntryPoint\",\"urlTemplate\":\"https:\\\/\\\/www.alumni.space\\\/de\\\/?s={search_term_string}\"},\"query-input\":{\"@type\":\"PropertyValueSpecification\",\"valueRequired\":true,\"valueName\":\"search_term_string\"}}],\"inLanguage\":\"de\"},{\"@type\":\"Person\",\"@id\":\"https:\\\/\\\/www.alumni.space\\\/de\\\/#\\\/schema\\\/person\\\/fede362a57876edda476a61f05ce5b15\",\"name\":\"admin\",\"image\":{\"@type\":\"ImageObject\",\"inLanguage\":\"de\",\"@id\":\"https:\\\/\\\/secure.gravatar.com\\\/avatar\\\/318e234ae94f90d4d629428d6b983c08e31181c28f579e08a021180d759ea651?s=96&d=mm&r=g\",\"url\":\"https:\\\/\\\/secure.gravatar.com\\\/avatar\\\/318e234ae94f90d4d629428d6b983c08e31181c28f579e08a021180d759ea651?s=96&d=mm&r=g\",\"contentUrl\":\"https:\\\/\\\/secure.gravatar.com\\\/avatar\\\/318e234ae94f90d4d629428d6b983c08e31181c28f579e08a021180d759ea651?s=96&d=mm&r=g\",\"caption\":\"admin\"},\"description\":\"Nicolas Laustriat a construit sa sp\u00e9cialit\u00e9 sur un sujet que beaucoup d\u2019organisations d\u00e9couvrent trop tard : ce qui dispara\u00eet quand les gens partent. Dipl\u00f4m\u00e9 en conception de produit industriel, il bifurque vers le digital fin 1996, il couvre les transformations marques, RH, la fid\u00e9lisation, la marque employeur. Sur le terrain, il rep\u00e8re un angle mort r\u00e9current : l\u2019entreprise investit dans le recrutement, la formation, les process\u2026 puis laisse filer le lien au moment du d\u00e9part, avec une perte de savoir et d\u2019influence qui se paie en silence. Il se sp\u00e9cialise alors sur les communaut\u00e9s d\u2019alumni, le mentorat, l\u2019entraide interg\u00e9n\u00e9rationnelle et la transmission d\u2019expertise. Il passe du \u201cconstat\u201d aux m\u00e9thodes : animation, gouvernance, segmentation, rituels, mesure d\u2019engagement, articulation avec la RSE et l\u2019employabilit\u00e9. Il interviewe DRH, responsables formation, directions d\u2019\u00e9coles, associations et fondations, avec une obsession : transformer un r\u00e9seau dormant en m\u00e9canisme utile (cooptation, mentorat, job board, entraide, \u00e9v\u00e9nements, contenus). Son style : direct, orient\u00e9 action, sans folklore. Sa conviction : une communaut\u00e9 n\u2019a pas besoin de bruit, elle a besoin de raisons de revenir.\",\"sameAs\":[\"https:\\\/\\\/www.alumni.space\"]}]}<\/script>\n<!-- \/ Yoast SEO plugin. -->","yoast_head_json":{"title":"Einf\u00fchrung einer innovativen Plattform f\u00fcr Ihre Firmenalumni","description":"Erfahren Sie, wie Sie eine Plattform f\u00fcr die Alumni Ihres Unternehmens einrichten k\u00f6nnen, um die Beziehungen zu st\u00e4rken und Ihr berufliches Netzwerk aufzuwerten.","robots":{"index":"index","follow":"follow","max-snippet":"max-snippet:-1","max-image-preview":"max-image-preview:large","max-video-preview":"max-video-preview:-1"},"canonical":"https:\/\/www.alumni.space\/de\/einrichtung-einer-speziellen-plattform-fuer-ihre-unternehmensalumni\/","og_locale":"de_DE","og_type":"article","og_title":"Einf\u00fchrung einer innovativen Plattform f\u00fcr Ihre Firmenalumni","og_description":"Erfahren Sie, wie Sie eine Plattform f\u00fcr die Alumni Ihres Unternehmens einrichten k\u00f6nnen, um die Beziehungen zu st\u00e4rken und Ihr berufliches Netzwerk aufzuwerten.","og_url":"https:\/\/www.alumni.space\/de\/einrichtung-einer-speziellen-plattform-fuer-ihre-unternehmensalumni\/","og_site_name":"Alumni.space","article_published_time":"2024-03-23T18:59:22+00:00","article_modified_time":"2026-04-02T12:06:52+00:00","og_image":[{"width":1344,"height":768,"url":"https:\/\/www.alumni.space\/wp-content\/uploads\/2026\/03\/Mettre-en-place-une-plateforme-dediee-a-vos-alumni-dentreprise.jpg","type":"image\/jpeg"}],"author":"admin","twitter_card":"summary_large_image","twitter_misc":{"Verfasst von":"admin","Gesch\u00e4tzte Lesezeit":"4\u00a0Minuten"},"schema":{"@context":"https:\/\/schema.org","@graph":[{"@type":"Article","@id":"https:\/\/www.alumni.space\/de\/einrichtung-einer-speziellen-plattform-fuer-ihre-unternehmensalumni\/#article","isPartOf":{"@id":"https:\/\/www.alumni.space\/de\/einrichtung-einer-speziellen-plattform-fuer-ihre-unternehmensalumni\/"},"author":{"name":"admin","@id":"https:\/\/www.alumni.space\/de\/#\/schema\/person\/fede362a57876edda476a61f05ce5b15"},"headline":"Einrichtung einer speziellen Plattform f\u00fcr Ihre Unternehmensalumni","datePublished":"2024-03-23T18:59:22+00:00","dateModified":"2026-04-02T12:06:52+00:00","mainEntityOfPage":{"@id":"https:\/\/www.alumni.space\/de\/einrichtung-einer-speziellen-plattform-fuer-ihre-unternehmensalumni\/"},"wordCount":823,"image":{"@id":"https:\/\/www.alumni.space\/de\/einrichtung-einer-speziellen-plattform-fuer-ihre-unternehmensalumni\/#primaryimage"},"thumbnailUrl":"https:\/\/www.alumni.space\/wp-content\/uploads\/2026\/03\/Mettre-en-place-une-plateforme-dediee-a-vos-alumni-dentreprise.jpg","articleSection":["Alumni"],"inLanguage":"de"},{"@type":"WebPage","@id":"https:\/\/www.alumni.space\/de\/einrichtung-einer-speziellen-plattform-fuer-ihre-unternehmensalumni\/","url":"https:\/\/www.alumni.space\/de\/einrichtung-einer-speziellen-plattform-fuer-ihre-unternehmensalumni\/","name":"Einf\u00fchrung einer innovativen Plattform f\u00fcr Ihre Firmenalumni","isPartOf":{"@id":"https:\/\/www.alumni.space\/de\/#website"},"primaryImageOfPage":{"@id":"https:\/\/www.alumni.space\/de\/einrichtung-einer-speziellen-plattform-fuer-ihre-unternehmensalumni\/#primaryimage"},"image":{"@id":"https:\/\/www.alumni.space\/de\/einrichtung-einer-speziellen-plattform-fuer-ihre-unternehmensalumni\/#primaryimage"},"thumbnailUrl":"https:\/\/www.alumni.space\/wp-content\/uploads\/2026\/03\/Mettre-en-place-une-plateforme-dediee-a-vos-alumni-dentreprise.jpg","datePublished":"2024-03-23T18:59:22+00:00","dateModified":"2026-04-02T12:06:52+00:00","author":{"@id":"https:\/\/www.alumni.space\/de\/#\/schema\/person\/fede362a57876edda476a61f05ce5b15"},"description":"Erfahren Sie, wie Sie eine Plattform f\u00fcr die Alumni Ihres Unternehmens einrichten k\u00f6nnen, um die Beziehungen zu st\u00e4rken und Ihr berufliches Netzwerk aufzuwerten.","breadcrumb":{"@id":"https:\/\/www.alumni.space\/de\/einrichtung-einer-speziellen-plattform-fuer-ihre-unternehmensalumni\/#breadcrumb"},"inLanguage":"de","potentialAction":[{"@type":"ReadAction","target":["https:\/\/www.alumni.space\/de\/einrichtung-einer-speziellen-plattform-fuer-ihre-unternehmensalumni\/"]}]},{"@type":"ImageObject","inLanguage":"de","@id":"https:\/\/www.alumni.space\/de\/einrichtung-einer-speziellen-plattform-fuer-ihre-unternehmensalumni\/#primaryimage","url":"https:\/\/www.alumni.space\/wp-content\/uploads\/2026\/03\/Mettre-en-place-une-plateforme-dediee-a-vos-alumni-dentreprise.jpg","contentUrl":"https:\/\/www.alumni.space\/wp-content\/uploads\/2026\/03\/Mettre-en-place-une-plateforme-dediee-a-vos-alumni-dentreprise.jpg","width":1344,"height":768,"caption":"Erfahren Sie, wie Sie eine Plattform f\u00fcr Ihre Unternehmensalumni einrichten k\u00f6nnen, um die Beziehungen zu st\u00e4rken, das berufliche Netzwerk zu f\u00f6rdern und Ihre Gemeinschaft ehemaliger Mitarbeiter aufzuwerten."},{"@type":"BreadcrumbList","@id":"https:\/\/www.alumni.space\/de\/einrichtung-einer-speziellen-plattform-fuer-ihre-unternehmensalumni\/#breadcrumb","itemListElement":[{"@type":"ListItem","position":1,"name":"Home","item":"https:\/\/www.alumni.space\/de\/plattform-fuer-die-verwaltung-von-mentoring-und-unternehmensalumni\/"},{"@type":"ListItem","position":2,"name":"Einrichtung einer speziellen Plattform f\u00fcr Ihre Unternehmensalumni"}]},{"@type":"WebSite","@id":"https:\/\/www.alumni.space\/de\/#website","url":"https:\/\/www.alumni.space\/de\/","name":"Alumni.space","description":"My WordPress Blog","potentialAction":[{"@type":"SearchAction","target":{"@type":"EntryPoint","urlTemplate":"https:\/\/www.alumni.space\/de\/?s={search_term_string}"},"query-input":{"@type":"PropertyValueSpecification","valueRequired":true,"valueName":"search_term_string"}}],"inLanguage":"de"},{"@type":"Person","@id":"https:\/\/www.alumni.space\/de\/#\/schema\/person\/fede362a57876edda476a61f05ce5b15","name":"admin","image":{"@type":"ImageObject","inLanguage":"de","@id":"https:\/\/secure.gravatar.com\/avatar\/318e234ae94f90d4d629428d6b983c08e31181c28f579e08a021180d759ea651?s=96&d=mm&r=g","url":"https:\/\/secure.gravatar.com\/avatar\/318e234ae94f90d4d629428d6b983c08e31181c28f579e08a021180d759ea651?s=96&d=mm&r=g","contentUrl":"https:\/\/secure.gravatar.com\/avatar\/318e234ae94f90d4d629428d6b983c08e31181c28f579e08a021180d759ea651?s=96&d=mm&r=g","caption":"admin"},"description":"Nicolas Laustriat a construit sa sp\u00e9cialit\u00e9 sur un sujet que beaucoup d\u2019organisations d\u00e9couvrent trop tard : ce qui dispara\u00eet quand les gens partent. Dipl\u00f4m\u00e9 en conception de produit industriel, il bifurque vers le digital fin 1996, il couvre les transformations marques, RH, la fid\u00e9lisation, la marque employeur. Sur le terrain, il rep\u00e8re un angle mort r\u00e9current : l\u2019entreprise investit dans le recrutement, la formation, les process\u2026 puis laisse filer le lien au moment du d\u00e9part, avec une perte de savoir et d\u2019influence qui se paie en silence. Il se sp\u00e9cialise alors sur les communaut\u00e9s d\u2019alumni, le mentorat, l\u2019entraide interg\u00e9n\u00e9rationnelle et la transmission d\u2019expertise. Il passe du \u201cconstat\u201d aux m\u00e9thodes : animation, gouvernance, segmentation, rituels, mesure d\u2019engagement, articulation avec la RSE et l\u2019employabilit\u00e9. Il interviewe DRH, responsables formation, directions d\u2019\u00e9coles, associations et fondations, avec une obsession : transformer un r\u00e9seau dormant en m\u00e9canisme utile (cooptation, mentorat, job board, entraide, \u00e9v\u00e9nements, contenus). Son style : direct, orient\u00e9 action, sans folklore. Sa conviction : une communaut\u00e9 n\u2019a pas besoin de bruit, elle a besoin de raisons de revenir.","sameAs":["https:\/\/www.alumni.space"]}]}},"_links":{"self":[{"href":"https:\/\/www.alumni.space\/de\/wp-json\/wp\/v2\/posts\/7089","targetHints":{"allow":["GET"]}}],"collection":[{"href":"https:\/\/www.alumni.space\/de\/wp-json\/wp\/v2\/posts"}],"about":[{"href":"https:\/\/www.alumni.space\/de\/wp-json\/wp\/v2\/types\/post"}],"author":[{"embeddable":true,"href":"https:\/\/www.alumni.space\/de\/wp-json\/wp\/v2\/users\/1"}],"replies":[{"embeddable":true,"href":"https:\/\/www.alumni.space\/de\/wp-json\/wp\/v2\/comments?post=7089"}],"version-history":[{"count":1,"href":"https:\/\/www.alumni.space\/de\/wp-json\/wp\/v2\/posts\/7089\/revisions"}],"predecessor-version":[{"id":7093,"href":"https:\/\/www.alumni.space\/de\/wp-json\/wp\/v2\/posts\/7089\/revisions\/7093"}],"wp:featuredmedia":[{"embeddable":true,"href":"https:\/\/www.alumni.space\/de\/wp-json\/wp\/v2\/media\/7091"}],"wp:attachment":[{"href":"https:\/\/www.alumni.space\/de\/wp-json\/wp\/v2\/media?parent=7089"}],"wp:term":[{"taxonomy":"category","embeddable":true,"href":"https:\/\/www.alumni.space\/de\/wp-json\/wp\/v2\/categories?post=7089"},{"taxonomy":"post_tag","embeddable":true,"href":"https:\/\/www.alumni.space\/de\/wp-json\/wp\/v2\/tags?post=7089"}],"curies":[{"name":"wp","href":"https:\/\/api.w.org\/{rel}","templated":true}]}}