{"id":6927,"date":"2025-12-08T19:45:31","date_gmt":"2025-12-08T19:45:31","guid":{"rendered":"https:\/\/www.alumni.space\/mentoring-eine-bruecke-zwischen-den-generationen-im-unternehmen\/"},"modified":"2026-04-02T09:25:57","modified_gmt":"2026-04-02T09:25:57","slug":"mentoring-eine-bruecke-zwischen-den-generationen-im-unternehmen","status":"publish","type":"post","link":"https:\/\/www.alumni.space\/de\/mentoring-eine-bruecke-zwischen-den-generationen-im-unternehmen\/","title":{"rendered":"Mentoring: eine Br\u00fccke zwischen den Generationen im Unternehmen"},"content":{"rendered":"<p>Stellen Sie sich vor, dass das Wissen, das Ihre erfahrensten Mitarbeiter angesammelt haben, sich in Luft aufl\u00f6st, sobald sie in den Ruhestand gehen. Dieses Szenario ist f\u00fcr viele Unternehmen eine stille Realit\u00e4t. <strong>Mentoring<\/strong> ist ein Bollwerk gegen diesen Verlust an geistigem Kapital. Durch die Schaffung einer echten <strong>generations\u00fcbergreifenden Beziehung<\/strong> verwandelt die Organisation jedes Karriereende in einen Neuanfang f\u00fcr die neuen Rekruten. Diese Synergie zwischen den <strong>Generationen<\/strong> bringt eine neue Energie in die Teams, die die Weisheit der Praxis mit der digitalen Agilit\u00e4t verbindet.    <\/p><div id=\"ez-toc-container\" class=\"ez-toc-v2_0_82_2 counter-flat ez-toc-counter ez-toc-grey ez-toc-container-direction\">\n<div class=\"ez-toc-title-container\"><p class=\"ez-toc-title\" style=\"cursor:inherit\">Inhalt dieses Artikels:<\/p>\n<\/div><nav><ul class='ez-toc-list ez-toc-list-level-1 ' ><li class='ez-toc-page-1'><a class=\"ez-toc-link ez-toc-heading-1\" href=\"https:\/\/www.alumni.space\/de\/mentoring-eine-bruecke-zwischen-den-generationen-im-unternehmen\/#Die_Alchemie_des_Alters_im_Dienste_der_kollektiven_Leistung\" >Die Alchemie des Alters im Dienste der kollektiven Leistung<\/a><\/li><li class='ez-toc-page-1'><a class=\"ez-toc-link ez-toc-heading-2\" href=\"https:\/\/www.alumni.space\/de\/mentoring-eine-bruecke-zwischen-den-generationen-im-unternehmen\/#Die_unsichtbaren_Kosten_der_generationellen_Isolation\" >Die unsichtbaren Kosten der generationellen Isolation<\/a><\/li><li class='ez-toc-page-1'><a class=\"ez-toc-link ez-toc-heading-3\" href=\"https:\/\/www.alumni.space\/de\/mentoring-eine-bruecke-zwischen-den-generationen-im-unternehmen\/#Orchestrierung_der_Uebertragung_mit_Praezision_und_Methode\" >Orchestrierung der \u00dcbertragung mit Pr\u00e4zision und Methode<\/a><\/li><li class='ez-toc-page-1'><a class=\"ez-toc-link ez-toc-heading-4\" href=\"https:\/\/www.alumni.space\/de\/mentoring-eine-bruecke-zwischen-den-generationen-im-unternehmen\/#Vom_menschlichen_Binom_zur_Macht_der_digitalen_Struktur\" >Vom menschlichen Binom zur Macht der digitalen Struktur<\/a><\/li><\/ul><\/nav><\/div>\n<h2 class=\"wp-block-heading\"><span class=\"ez-toc-section\" id=\"Die_Alchemie_des_Alters_im_Dienste_der_kollektiven_Leistung\"><\/span>Die Alchemie des Alters im Dienste der kollektiven Leistung<span class=\"ez-toc-section-end\"><\/span><\/h2><p>Die Mischung von Fachkenntnissen erzeugt einen unmittelbaren Mehrwert f\u00fcr die Produktivit\u00e4t. \u00c4ltere Profile teilen ihren strategischen Abstand, w\u00e4hrend junge Talente innovative Arbeitsmethoden einbringen. Diese gegenseitige <strong>Zusammenarbeit<\/strong> bricht die \u00fcblichen hierarchischen Silos auf. Die Zahlen sprechen f\u00fcr sich: Unternehmen, die diesen Austausch f\u00f6rdern, weisen eine deutlich h\u00f6here Talentbindung auf. Das Zugeh\u00f6rigkeitsgef\u00fchl wird gest\u00e4rkt, wenn jeder seinen Platz in einem reibungslosen <strong>\u00dcbergabezyklus<\/strong> findet.    <\/p><p>Die Einf\u00fchrung eines solchen Systems ist Teil eines Ansatzes zur gesellschaftlichen Verantwortung. Die Organisation geht \u00fcber ihre klassischen vertraglichen Verpflichtungen hinaus, um ein nachhaltiges \u00d6kosystem aufzubauen. Dieser Ansatz f\u00f6rdert die Integration, sichert die Besch\u00e4ftigungsf\u00e4higkeit und wertet die Freiwilligkeit von Kompetenzen auf. Durch die Nutzung der kollektiven Intelligenz von ehemaligen und aktuellen Mitarbeitern verringert die Struktur die Erosion von Fachwissen. Diese Kultur der gegenseitigen F\u00fcrsorge st\u00e4rkt das Markenimage, erleichtert die Einstellung von Mitarbeitern und stabilisiert die Belegschaft durch sorgf\u00e4ltige Integrationswege. Um erfolgreich zu sein, sollten Sie einige <a href=\"https:\/\/aoriarh.fr\/strategie-rh\/7-etapes-pour-creer-un-programme-de-mentorat-croise-entre-generations\/\">Schritte befolgen, um diese Verbindung auf strukturierte Weise aufzubauen<\/a>.     <\/p><h3 class=\"wp-block-heading\"><span class=\"ez-toc-section\" id=\"Die_unsichtbaren_Kosten_der_generationellen_Isolation\"><\/span>Die unsichtbaren Kosten der generationellen Isolation<span class=\"ez-toc-section-end\"><\/span><\/h3><p>Den Reichtum des Austauschs zwischen den Altersgruppen zu ignorieren, setzt das<strong>Unternehmen<\/strong> gro\u00dfen Risiken aus. Die Zeit, die f\u00fcr die Ausbildung neuer Mitarbeiter aufgewendet werden muss, verl\u00e4ngert sich ohne einen erfahrenen F\u00fchrer erheblich. Der Verlust von Beziehungsnetzen und implizitem Wissen belastet die Jahresergebnisse erheblich. Ein abgeschottetes Arbeitsklima behindert die Innovation und entmutigt die vielversprechendsten Profile. Der Mangel an gegenseitiger <strong>Unterst\u00fctzung<\/strong> f\u00fchrt zu Grauzonen bei der Verwaltung komplexer Projekte.    <\/p><figure class=\"wp-block-image size-full\"><img decoding=\"async\" width=\"1280\" height=\"768\" src=\"https:\/\/www.alumni.space\/wp-content\/uploads\/2026\/03\/Le-mentorat-une-passerelle-entre-generations-dans-lentreprise-1.jpg\" data-orig-src=\"https:\/\/www.alumni.space\/wp-content\/uploads\/2026\/03\/Le-mentorat-une-passerelle-entre-generations-dans-lentreprise-1.jpg\" alt=\"Entdecken Sie, wie Mentoring den Wissenstransfer f\u00f6rdert und die generations\u00fcbergreifenden Verbindungen innerhalb des Unternehmens f\u00fcr eine gemeinsame berufliche Zukunft st\u00e4rkt.\" class=\"lazyload wp-image-3486\" srcset=\"data:image\/svg+xml,%3Csvg%20xmlns%3D%27http%3A%2F%2Fwww.w3.org%2F2000%2Fsvg%27%20width%3D%271280%27%20height%3D%27768%27%20viewBox%3D%270%200%201280%20768%27%3E%3Crect%20width%3D%271280%27%20height%3D%27768%27%20fill-opacity%3D%220%22%2F%3E%3C%2Fsvg%3E\" data-srcset=\"https:\/\/www.alumni.space\/wp-content\/uploads\/2026\/03\/Le-mentorat-une-passerelle-entre-generations-dans-lentreprise-1-200x120.jpg 200w, https:\/\/www.alumni.space\/wp-content\/uploads\/2026\/03\/Le-mentorat-une-passerelle-entre-generations-dans-lentreprise-1-300x180.jpg 300w, https:\/\/www.alumni.space\/wp-content\/uploads\/2026\/03\/Le-mentorat-une-passerelle-entre-generations-dans-lentreprise-1-400x240.jpg 400w, https:\/\/www.alumni.space\/wp-content\/uploads\/2026\/03\/Le-mentorat-une-passerelle-entre-generations-dans-lentreprise-1-600x360.jpg 600w, https:\/\/www.alumni.space\/wp-content\/uploads\/2026\/03\/Le-mentorat-une-passerelle-entre-generations-dans-lentreprise-1-768x461.jpg 768w, https:\/\/www.alumni.space\/wp-content\/uploads\/2026\/03\/Le-mentorat-une-passerelle-entre-generations-dans-lentreprise-1-800x480.jpg 800w, https:\/\/www.alumni.space\/wp-content\/uploads\/2026\/03\/Le-mentorat-une-passerelle-entre-generations-dans-lentreprise-1-1024x614.jpg 1024w, https:\/\/www.alumni.space\/wp-content\/uploads\/2026\/03\/Le-mentorat-une-passerelle-entre-generations-dans-lentreprise-1-1200x720.jpg 1200w, https:\/\/www.alumni.space\/wp-content\/uploads\/2026\/03\/Le-mentorat-une-passerelle-entre-generations-dans-lentreprise-1.jpg 1280w\" data-sizes=\"auto\" data-orig-sizes=\"(max-width: 1280px) 100vw, 1280px\" \/><\/figure><h2 class=\"wp-block-heading\"><span class=\"ez-toc-section\" id=\"Orchestrierung_der_Uebertragung_mit_Praezision_und_Methode\"><\/span>Orchestrierung der \u00dcbertragung mit Pr\u00e4zision und Methode<span class=\"ez-toc-section-end\"><\/span><\/h2><p>Ein Programm zu starten erfordert eine rigorose Umsetzung, um eine Idee in einen greifbaren Erfolg zu verwandeln. Die Auswahl der Paare basiert auf \u00e4hnlichen F\u00e4higkeiten und gemeinsamen Bestrebungen. Ein festgelegter Zeitrahmen sichert den Austausch, ohne den Zeitplan der Teilnehmer zu \u00fcberlasten. Regelm\u00e4\u00dfige Treffen, z.B. eine Stunde pro Woche, garantieren einen stetigen Fortschritt. Diese <a href=\"https:\/\/everdyne.fr\/mentorat-intergenerationnel-seniors-jeunes\/\">Allianz zwischen Senioren und Junioren<\/a> erfordert ein aufrichtiges Engagement seitens des Managements.    <\/p><p><strong>Lernen<\/strong> findet nun in beide Richtungen statt, wobei auch der Mentee seinen Beitrag leistet. Digitale Werkzeuge, neue Verbrauchertrends oder agile Ans\u00e4tze verbreiten sich dank der jungen Menschen schneller. Diese Dynamik der kontinuierlichen <strong>beruflichen Entwicklung<\/strong> kommt der gesamten Wertsch\u00f6pfungskette zugute. Indikatoren erm\u00f6glichen es, den Kurs anzupassen und individuelle Erfolge in der Gemeinschaft zu w\u00fcrdigen. Die Integration einer <a href=\"https:\/\/www.alumni.space\/de\/mentoring-in-der-hr-strategie-von-morgen\/\">HR-Mentoring-Strategie<\/a> wird zu einem unumg\u00e4nglichen Wachstumshebel.    <\/p><h3 class=\"wp-block-heading\"><span class=\"ez-toc-section\" id=\"Vom_menschlichen_Binom_zur_Macht_der_digitalen_Struktur\"><\/span>Vom menschlichen Binom zur Macht der digitalen Struktur<span class=\"ez-toc-section-end\"><\/span><\/h3><p>Das Erreichen einer h\u00f6heren Ebene erfordert leistungsf\u00e4hige Werkzeuge, um die handwerkliche Verwaltung mit Tabellenkalkulationen zu vermeiden. Die Plattform <strong>alumni.space<\/strong> bietet eine komplette SaaS-Umgebung, um Ihre Mentoren- und Absolventen-Communities zu betreuen. Sie erleichtert die Kontaktaufnahme, die Organisation von Veranstaltungen und die Verfolgung von Zielen. Die Zentralisierung von Profilen, Angeboten und Inhalten in einem einzigen Raum garantiert eine beispielhafte Netzwerkkontinuit\u00e4t. Diese Softwarel\u00f6sung industrialisiert die soziale Bindung und bewahrt gleichzeitig die Authentizit\u00e4t der menschlichen<strong>Erfahrung<\/strong>.    <\/p><p>Durch die Automatisierung von Verwaltungsaufgaben gewinnen die Personalverantwortlichen mehr Zeit f\u00fcr die menschliche Betreuung. Das <strong>Mentoring<\/strong> wird durch pr\u00e4zise Dashboards \u00fcber das Engagement der Mitglieder sichtbar. Die Maximierung des <a href=\"https:\/\/www.alumni.space\/de\/mentoring-fuer-junge-talente-durch-ihre-ehemaligen-mitarbeiter\/\">Potenzials junger Mitarbeiter<\/a> wird zum Kinderspiel. Die gegenseitige Unterst\u00fctzung wird digitalisiert, ohne ihre Seele zu verlieren, und bietet eine umfangreiche Dokumentationsbibliothek und ein aktives Job Board. Jede Interaktion auf der Plattform st\u00e4rkt das Versprechen, Talente nachhaltig zu f\u00f6rdern.    <\/p><p>Die Verpflichtung zu einem \u00dcbertragungsprozess ver\u00e4ndert die interne Kultur nachhaltig. Pionierunternehmen berichten von einer Beschleunigung der Innovation durch den Blick \u00fcber den Tellerrand. Indem Sie die St\u00e4rke des Alters mit der Neugier auf Neues vereinen, bauen Sie eine widerstandsf\u00e4hige Organisation auf. <strong>Fordern Sie eine Demo<\/strong> unserer L\u00f6sung an und erfahren Sie, wie Sie Ihre Begleitprogramme automatisieren k\u00f6nnen.  <\/p><p><strong>Erhalten Sie noch heute ein ma\u00dfgeschneidertes Angebot<\/strong>, um Ihr Alumni- und Mentorennetzwerk zu st\u00e4rken.<\/p>","protected":false},"excerpt":{"rendered":"<p>Stellen Sie sich vor, dass das Wissen, das Ihre erfahrensten  [&#8230;]<\/p>\n","protected":false},"author":1,"featured_media":6928,"comment_status":"closed","ping_status":"","sticky":false,"template":"","format":"standard","meta":{"_ayudawp_aiss_exclude":false,"footnotes":""},"categories":[58],"tags":[],"class_list":["post-6927","post","type-post","status-publish","format-standard","has-post-thumbnail","hentry","category-mentoring"],"yoast_head":"<!-- This site is optimized with the Yoast SEO plugin v27.4 - https:\/\/yoast.com\/product\/yoast-seo-wordpress\/ -->\n<title>Mentoring: eine Br\u00fccke zwischen den Generationen im Unternehmen<\/title>\n<meta name=\"description\" content=\"Erfahren Sie, wie Mentoring Generationen in Unternehmen verbindet, den Wissenstransfer f\u00f6rdert und die generations\u00fcbergreifende Zusammenarbeit ankurbelt.\" \/>\n<meta name=\"robots\" content=\"index, follow, max-snippet:-1, max-image-preview:large, max-video-preview:-1\" \/>\n<link rel=\"canonical\" href=\"https:\/\/www.alumni.space\/de\/mentoring-eine-bruecke-zwischen-den-generationen-im-unternehmen\/\" \/>\n<meta property=\"og:locale\" content=\"de_DE\" \/>\n<meta property=\"og:type\" content=\"article\" \/>\n<meta property=\"og:title\" content=\"Mentoring: eine Br\u00fccke zwischen den Generationen im Unternehmen\" \/>\n<meta property=\"og:description\" content=\"Erfahren Sie, wie Mentoring Generationen in Unternehmen verbindet, den Wissenstransfer f\u00f6rdert und die generations\u00fcbergreifende Zusammenarbeit ankurbelt.\" \/>\n<meta property=\"og:url\" content=\"https:\/\/www.alumni.space\/de\/mentoring-eine-bruecke-zwischen-den-generationen-im-unternehmen\/\" \/>\n<meta property=\"og:site_name\" content=\"Alumni.space\" \/>\n<meta property=\"article:published_time\" content=\"2025-12-08T19:45:31+00:00\" \/>\n<meta property=\"article:modified_time\" content=\"2026-04-02T09:25:57+00:00\" \/>\n<meta property=\"og:image\" content=\"https:\/\/www.alumni.space\/wp-content\/uploads\/2026\/03\/Le-mentorat-une-passerelle-entre-generations-dans-lentreprise.jpg\" \/>\n\t<meta property=\"og:image:width\" content=\"1280\" \/>\n\t<meta property=\"og:image:height\" content=\"768\" \/>\n\t<meta property=\"og:image:type\" content=\"image\/jpeg\" \/>\n<meta name=\"author\" content=\"admin\" \/>\n<meta name=\"twitter:card\" content=\"summary_large_image\" \/>\n<meta name=\"twitter:label1\" content=\"Verfasst von\" \/>\n\t<meta name=\"twitter:data1\" content=\"admin\" \/>\n\t<meta name=\"twitter:label2\" content=\"Gesch\u00e4tzte Lesezeit\" \/>\n\t<meta name=\"twitter:data2\" content=\"4\u00a0Minuten\" \/>\n<script type=\"application\/ld+json\" class=\"yoast-schema-graph\">{\"@context\":\"https:\\\/\\\/schema.org\",\"@graph\":[{\"@type\":\"Article\",\"@id\":\"https:\\\/\\\/www.alumni.space\\\/de\\\/mentoring-eine-bruecke-zwischen-den-generationen-im-unternehmen\\\/#article\",\"isPartOf\":{\"@id\":\"https:\\\/\\\/www.alumni.space\\\/de\\\/mentoring-eine-bruecke-zwischen-den-generationen-im-unternehmen\\\/\"},\"author\":{\"name\":\"admin\",\"@id\":\"https:\\\/\\\/www.alumni.space\\\/de\\\/#\\\/schema\\\/person\\\/fede362a57876edda476a61f05ce5b15\"},\"headline\":\"Mentoring: eine Br\u00fccke zwischen den Generationen im Unternehmen\",\"datePublished\":\"2025-12-08T19:45:31+00:00\",\"dateModified\":\"2026-04-02T09:25:57+00:00\",\"mainEntityOfPage\":{\"@id\":\"https:\\\/\\\/www.alumni.space\\\/de\\\/mentoring-eine-bruecke-zwischen-den-generationen-im-unternehmen\\\/\"},\"wordCount\":736,\"image\":{\"@id\":\"https:\\\/\\\/www.alumni.space\\\/de\\\/mentoring-eine-bruecke-zwischen-den-generationen-im-unternehmen\\\/#primaryimage\"},\"thumbnailUrl\":\"https:\\\/\\\/www.alumni.space\\\/wp-content\\\/uploads\\\/2026\\\/03\\\/Le-mentorat-une-passerelle-entre-generations-dans-lentreprise.jpg\",\"articleSection\":[\"Mentoring\"],\"inLanguage\":\"de\"},{\"@type\":\"WebPage\",\"@id\":\"https:\\\/\\\/www.alumni.space\\\/de\\\/mentoring-eine-bruecke-zwischen-den-generationen-im-unternehmen\\\/\",\"url\":\"https:\\\/\\\/www.alumni.space\\\/de\\\/mentoring-eine-bruecke-zwischen-den-generationen-im-unternehmen\\\/\",\"name\":\"Mentoring: eine Br\u00fccke zwischen den Generationen im Unternehmen\",\"isPartOf\":{\"@id\":\"https:\\\/\\\/www.alumni.space\\\/de\\\/#website\"},\"primaryImageOfPage\":{\"@id\":\"https:\\\/\\\/www.alumni.space\\\/de\\\/mentoring-eine-bruecke-zwischen-den-generationen-im-unternehmen\\\/#primaryimage\"},\"image\":{\"@id\":\"https:\\\/\\\/www.alumni.space\\\/de\\\/mentoring-eine-bruecke-zwischen-den-generationen-im-unternehmen\\\/#primaryimage\"},\"thumbnailUrl\":\"https:\\\/\\\/www.alumni.space\\\/wp-content\\\/uploads\\\/2026\\\/03\\\/Le-mentorat-une-passerelle-entre-generations-dans-lentreprise.jpg\",\"datePublished\":\"2025-12-08T19:45:31+00:00\",\"dateModified\":\"2026-04-02T09:25:57+00:00\",\"author\":{\"@id\":\"https:\\\/\\\/www.alumni.space\\\/de\\\/#\\\/schema\\\/person\\\/fede362a57876edda476a61f05ce5b15\"},\"description\":\"Erfahren Sie, wie Mentoring Generationen in Unternehmen verbindet, den Wissenstransfer f\u00f6rdert und die generations\u00fcbergreifende Zusammenarbeit ankurbelt.\",\"breadcrumb\":{\"@id\":\"https:\\\/\\\/www.alumni.space\\\/de\\\/mentoring-eine-bruecke-zwischen-den-generationen-im-unternehmen\\\/#breadcrumb\"},\"inLanguage\":\"de\",\"potentialAction\":[{\"@type\":\"ReadAction\",\"target\":[\"https:\\\/\\\/www.alumni.space\\\/de\\\/mentoring-eine-bruecke-zwischen-den-generationen-im-unternehmen\\\/\"]}]},{\"@type\":\"ImageObject\",\"inLanguage\":\"de\",\"@id\":\"https:\\\/\\\/www.alumni.space\\\/de\\\/mentoring-eine-bruecke-zwischen-den-generationen-im-unternehmen\\\/#primaryimage\",\"url\":\"https:\\\/\\\/www.alumni.space\\\/wp-content\\\/uploads\\\/2026\\\/03\\\/Le-mentorat-une-passerelle-entre-generations-dans-lentreprise.jpg\",\"contentUrl\":\"https:\\\/\\\/www.alumni.space\\\/wp-content\\\/uploads\\\/2026\\\/03\\\/Le-mentorat-une-passerelle-entre-generations-dans-lentreprise.jpg\",\"width\":1280,\"height\":768,\"caption\":\"Erfahren Sie, wie Mentoring den Wissenstransfer f\u00f6rdert und die generations\u00fcbergreifenden Verbindungen innerhalb des Unternehmens st\u00e4rkt, um ein kooperatives und innovatives Arbeitsumfeld zu schaffen.\"},{\"@type\":\"BreadcrumbList\",\"@id\":\"https:\\\/\\\/www.alumni.space\\\/de\\\/mentoring-eine-bruecke-zwischen-den-generationen-im-unternehmen\\\/#breadcrumb\",\"itemListElement\":[{\"@type\":\"ListItem\",\"position\":1,\"name\":\"Home\",\"item\":\"https:\\\/\\\/www.alumni.space\\\/de\\\/plattform-fuer-die-verwaltung-von-mentoring-und-unternehmensalumni\\\/\"},{\"@type\":\"ListItem\",\"position\":2,\"name\":\"Mentoring: eine Br\u00fccke zwischen den Generationen im Unternehmen\"}]},{\"@type\":\"WebSite\",\"@id\":\"https:\\\/\\\/www.alumni.space\\\/de\\\/#website\",\"url\":\"https:\\\/\\\/www.alumni.space\\\/de\\\/\",\"name\":\"Alumni.space\",\"description\":\"My WordPress Blog\",\"potentialAction\":[{\"@type\":\"SearchAction\",\"target\":{\"@type\":\"EntryPoint\",\"urlTemplate\":\"https:\\\/\\\/www.alumni.space\\\/de\\\/?s={search_term_string}\"},\"query-input\":{\"@type\":\"PropertyValueSpecification\",\"valueRequired\":true,\"valueName\":\"search_term_string\"}}],\"inLanguage\":\"de\"},{\"@type\":\"Person\",\"@id\":\"https:\\\/\\\/www.alumni.space\\\/de\\\/#\\\/schema\\\/person\\\/fede362a57876edda476a61f05ce5b15\",\"name\":\"admin\",\"image\":{\"@type\":\"ImageObject\",\"inLanguage\":\"de\",\"@id\":\"https:\\\/\\\/secure.gravatar.com\\\/avatar\\\/318e234ae94f90d4d629428d6b983c08e31181c28f579e08a021180d759ea651?s=96&d=mm&r=g\",\"url\":\"https:\\\/\\\/secure.gravatar.com\\\/avatar\\\/318e234ae94f90d4d629428d6b983c08e31181c28f579e08a021180d759ea651?s=96&d=mm&r=g\",\"contentUrl\":\"https:\\\/\\\/secure.gravatar.com\\\/avatar\\\/318e234ae94f90d4d629428d6b983c08e31181c28f579e08a021180d759ea651?s=96&d=mm&r=g\",\"caption\":\"admin\"},\"description\":\"Nicolas Laustriat a construit sa sp\u00e9cialit\u00e9 sur un sujet que beaucoup d\u2019organisations d\u00e9couvrent trop tard : ce qui dispara\u00eet quand les gens partent. Dipl\u00f4m\u00e9 en conception de produit industriel, il bifurque vers le digital fin 1996, il couvre les transformations marques, RH, la fid\u00e9lisation, la marque employeur. Sur le terrain, il rep\u00e8re un angle mort r\u00e9current : l\u2019entreprise investit dans le recrutement, la formation, les process\u2026 puis laisse filer le lien au moment du d\u00e9part, avec une perte de savoir et d\u2019influence qui se paie en silence. Il se sp\u00e9cialise alors sur les communaut\u00e9s d\u2019alumni, le mentorat, l\u2019entraide interg\u00e9n\u00e9rationnelle et la transmission d\u2019expertise. Il passe du \u201cconstat\u201d aux m\u00e9thodes : animation, gouvernance, segmentation, rituels, mesure d\u2019engagement, articulation avec la RSE et l\u2019employabilit\u00e9. Il interviewe DRH, responsables formation, directions d\u2019\u00e9coles, associations et fondations, avec une obsession : transformer un r\u00e9seau dormant en m\u00e9canisme utile (cooptation, mentorat, job board, entraide, \u00e9v\u00e9nements, contenus). Son style : direct, orient\u00e9 action, sans folklore. Sa conviction : une communaut\u00e9 n\u2019a pas besoin de bruit, elle a besoin de raisons de revenir.\",\"sameAs\":[\"https:\\\/\\\/www.alumni.space\"]}]}<\/script>\n<!-- \/ Yoast SEO plugin. -->","yoast_head_json":{"title":"Mentoring: eine Br\u00fccke zwischen den Generationen im Unternehmen","description":"Erfahren Sie, wie Mentoring Generationen in Unternehmen verbindet, den Wissenstransfer f\u00f6rdert und die generations\u00fcbergreifende Zusammenarbeit ankurbelt.","robots":{"index":"index","follow":"follow","max-snippet":"max-snippet:-1","max-image-preview":"max-image-preview:large","max-video-preview":"max-video-preview:-1"},"canonical":"https:\/\/www.alumni.space\/de\/mentoring-eine-bruecke-zwischen-den-generationen-im-unternehmen\/","og_locale":"de_DE","og_type":"article","og_title":"Mentoring: eine Br\u00fccke zwischen den Generationen im Unternehmen","og_description":"Erfahren Sie, wie Mentoring Generationen in Unternehmen verbindet, den Wissenstransfer f\u00f6rdert und die generations\u00fcbergreifende Zusammenarbeit ankurbelt.","og_url":"https:\/\/www.alumni.space\/de\/mentoring-eine-bruecke-zwischen-den-generationen-im-unternehmen\/","og_site_name":"Alumni.space","article_published_time":"2025-12-08T19:45:31+00:00","article_modified_time":"2026-04-02T09:25:57+00:00","og_image":[{"width":1280,"height":768,"url":"https:\/\/www.alumni.space\/wp-content\/uploads\/2026\/03\/Le-mentorat-une-passerelle-entre-generations-dans-lentreprise.jpg","type":"image\/jpeg"}],"author":"admin","twitter_card":"summary_large_image","twitter_misc":{"Verfasst von":"admin","Gesch\u00e4tzte Lesezeit":"4\u00a0Minuten"},"schema":{"@context":"https:\/\/schema.org","@graph":[{"@type":"Article","@id":"https:\/\/www.alumni.space\/de\/mentoring-eine-bruecke-zwischen-den-generationen-im-unternehmen\/#article","isPartOf":{"@id":"https:\/\/www.alumni.space\/de\/mentoring-eine-bruecke-zwischen-den-generationen-im-unternehmen\/"},"author":{"name":"admin","@id":"https:\/\/www.alumni.space\/de\/#\/schema\/person\/fede362a57876edda476a61f05ce5b15"},"headline":"Mentoring: eine Br\u00fccke zwischen den Generationen im Unternehmen","datePublished":"2025-12-08T19:45:31+00:00","dateModified":"2026-04-02T09:25:57+00:00","mainEntityOfPage":{"@id":"https:\/\/www.alumni.space\/de\/mentoring-eine-bruecke-zwischen-den-generationen-im-unternehmen\/"},"wordCount":736,"image":{"@id":"https:\/\/www.alumni.space\/de\/mentoring-eine-bruecke-zwischen-den-generationen-im-unternehmen\/#primaryimage"},"thumbnailUrl":"https:\/\/www.alumni.space\/wp-content\/uploads\/2026\/03\/Le-mentorat-une-passerelle-entre-generations-dans-lentreprise.jpg","articleSection":["Mentoring"],"inLanguage":"de"},{"@type":"WebPage","@id":"https:\/\/www.alumni.space\/de\/mentoring-eine-bruecke-zwischen-den-generationen-im-unternehmen\/","url":"https:\/\/www.alumni.space\/de\/mentoring-eine-bruecke-zwischen-den-generationen-im-unternehmen\/","name":"Mentoring: eine Br\u00fccke zwischen den Generationen im Unternehmen","isPartOf":{"@id":"https:\/\/www.alumni.space\/de\/#website"},"primaryImageOfPage":{"@id":"https:\/\/www.alumni.space\/de\/mentoring-eine-bruecke-zwischen-den-generationen-im-unternehmen\/#primaryimage"},"image":{"@id":"https:\/\/www.alumni.space\/de\/mentoring-eine-bruecke-zwischen-den-generationen-im-unternehmen\/#primaryimage"},"thumbnailUrl":"https:\/\/www.alumni.space\/wp-content\/uploads\/2026\/03\/Le-mentorat-une-passerelle-entre-generations-dans-lentreprise.jpg","datePublished":"2025-12-08T19:45:31+00:00","dateModified":"2026-04-02T09:25:57+00:00","author":{"@id":"https:\/\/www.alumni.space\/de\/#\/schema\/person\/fede362a57876edda476a61f05ce5b15"},"description":"Erfahren Sie, wie Mentoring Generationen in Unternehmen verbindet, den Wissenstransfer f\u00f6rdert und die generations\u00fcbergreifende Zusammenarbeit ankurbelt.","breadcrumb":{"@id":"https:\/\/www.alumni.space\/de\/mentoring-eine-bruecke-zwischen-den-generationen-im-unternehmen\/#breadcrumb"},"inLanguage":"de","potentialAction":[{"@type":"ReadAction","target":["https:\/\/www.alumni.space\/de\/mentoring-eine-bruecke-zwischen-den-generationen-im-unternehmen\/"]}]},{"@type":"ImageObject","inLanguage":"de","@id":"https:\/\/www.alumni.space\/de\/mentoring-eine-bruecke-zwischen-den-generationen-im-unternehmen\/#primaryimage","url":"https:\/\/www.alumni.space\/wp-content\/uploads\/2026\/03\/Le-mentorat-une-passerelle-entre-generations-dans-lentreprise.jpg","contentUrl":"https:\/\/www.alumni.space\/wp-content\/uploads\/2026\/03\/Le-mentorat-une-passerelle-entre-generations-dans-lentreprise.jpg","width":1280,"height":768,"caption":"Erfahren Sie, wie Mentoring den Wissenstransfer f\u00f6rdert und die generations\u00fcbergreifenden Verbindungen innerhalb des Unternehmens st\u00e4rkt, um ein kooperatives und innovatives Arbeitsumfeld zu schaffen."},{"@type":"BreadcrumbList","@id":"https:\/\/www.alumni.space\/de\/mentoring-eine-bruecke-zwischen-den-generationen-im-unternehmen\/#breadcrumb","itemListElement":[{"@type":"ListItem","position":1,"name":"Home","item":"https:\/\/www.alumni.space\/de\/plattform-fuer-die-verwaltung-von-mentoring-und-unternehmensalumni\/"},{"@type":"ListItem","position":2,"name":"Mentoring: eine Br\u00fccke zwischen den Generationen im Unternehmen"}]},{"@type":"WebSite","@id":"https:\/\/www.alumni.space\/de\/#website","url":"https:\/\/www.alumni.space\/de\/","name":"Alumni.space","description":"My WordPress Blog","potentialAction":[{"@type":"SearchAction","target":{"@type":"EntryPoint","urlTemplate":"https:\/\/www.alumni.space\/de\/?s={search_term_string}"},"query-input":{"@type":"PropertyValueSpecification","valueRequired":true,"valueName":"search_term_string"}}],"inLanguage":"de"},{"@type":"Person","@id":"https:\/\/www.alumni.space\/de\/#\/schema\/person\/fede362a57876edda476a61f05ce5b15","name":"admin","image":{"@type":"ImageObject","inLanguage":"de","@id":"https:\/\/secure.gravatar.com\/avatar\/318e234ae94f90d4d629428d6b983c08e31181c28f579e08a021180d759ea651?s=96&d=mm&r=g","url":"https:\/\/secure.gravatar.com\/avatar\/318e234ae94f90d4d629428d6b983c08e31181c28f579e08a021180d759ea651?s=96&d=mm&r=g","contentUrl":"https:\/\/secure.gravatar.com\/avatar\/318e234ae94f90d4d629428d6b983c08e31181c28f579e08a021180d759ea651?s=96&d=mm&r=g","caption":"admin"},"description":"Nicolas Laustriat a construit sa sp\u00e9cialit\u00e9 sur un sujet que beaucoup d\u2019organisations d\u00e9couvrent trop tard : ce qui dispara\u00eet quand les gens partent. Dipl\u00f4m\u00e9 en conception de produit industriel, il bifurque vers le digital fin 1996, il couvre les transformations marques, RH, la fid\u00e9lisation, la marque employeur. Sur le terrain, il rep\u00e8re un angle mort r\u00e9current : l\u2019entreprise investit dans le recrutement, la formation, les process\u2026 puis laisse filer le lien au moment du d\u00e9part, avec une perte de savoir et d\u2019influence qui se paie en silence. Il se sp\u00e9cialise alors sur les communaut\u00e9s d\u2019alumni, le mentorat, l\u2019entraide interg\u00e9n\u00e9rationnelle et la transmission d\u2019expertise. Il passe du \u201cconstat\u201d aux m\u00e9thodes : animation, gouvernance, segmentation, rituels, mesure d\u2019engagement, articulation avec la RSE et l\u2019employabilit\u00e9. Il interviewe DRH, responsables formation, directions d\u2019\u00e9coles, associations et fondations, avec une obsession : transformer un r\u00e9seau dormant en m\u00e9canisme utile (cooptation, mentorat, job board, entraide, \u00e9v\u00e9nements, contenus). Son style : direct, orient\u00e9 action, sans folklore. Sa conviction : une communaut\u00e9 n\u2019a pas besoin de bruit, elle a besoin de raisons de revenir.","sameAs":["https:\/\/www.alumni.space"]}]}},"_links":{"self":[{"href":"https:\/\/www.alumni.space\/de\/wp-json\/wp\/v2\/posts\/6927","targetHints":{"allow":["GET"]}}],"collection":[{"href":"https:\/\/www.alumni.space\/de\/wp-json\/wp\/v2\/posts"}],"about":[{"href":"https:\/\/www.alumni.space\/de\/wp-json\/wp\/v2\/types\/post"}],"author":[{"embeddable":true,"href":"https:\/\/www.alumni.space\/de\/wp-json\/wp\/v2\/users\/1"}],"replies":[{"embeddable":true,"href":"https:\/\/www.alumni.space\/de\/wp-json\/wp\/v2\/comments?post=6927"}],"version-history":[{"count":1,"href":"https:\/\/www.alumni.space\/de\/wp-json\/wp\/v2\/posts\/6927\/revisions"}],"predecessor-version":[{"id":6929,"href":"https:\/\/www.alumni.space\/de\/wp-json\/wp\/v2\/posts\/6927\/revisions\/6929"}],"wp:featuredmedia":[{"embeddable":true,"href":"https:\/\/www.alumni.space\/de\/wp-json\/wp\/v2\/media\/6928"}],"wp:attachment":[{"href":"https:\/\/www.alumni.space\/de\/wp-json\/wp\/v2\/media?parent=6927"}],"wp:term":[{"taxonomy":"category","embeddable":true,"href":"https:\/\/www.alumni.space\/de\/wp-json\/wp\/v2\/categories?post=6927"},{"taxonomy":"post_tag","embeddable":true,"href":"https:\/\/www.alumni.space\/de\/wp-json\/wp\/v2\/tags?post=6927"}],"curies":[{"name":"wp","href":"https:\/\/api.w.org\/{rel}","templated":true}]}}