{"id":6790,"date":"2025-06-28T02:30:54","date_gmt":"2025-06-28T02:30:54","guid":{"rendered":"https:\/\/www.alumni.space\/wie-bereiten-sich-die-kliniken-auf-den-verlust-des-fachwissens-ihrer-aerzte-vor\/"},"modified":"2026-04-02T09:21:16","modified_gmt":"2026-04-02T09:21:16","slug":"wie-bereiten-sich-die-kliniken-auf-den-verlust-des-fachwissens-ihrer-aerzte-vor","status":"publish","type":"post","link":"https:\/\/www.alumni.space\/de\/wie-bereiten-sich-die-kliniken-auf-den-verlust-des-fachwissens-ihrer-aerzte-vor\/","title":{"rendered":"Wie bereiten sich die Kliniken auf den Verlust des Fachwissens ihrer \u00c4rzte vor?"},"content":{"rendered":"<div id=\"ez-toc-container\" class=\"ez-toc-v2_0_82_2 counter-flat ez-toc-counter ez-toc-grey ez-toc-container-direction\">\n<div class=\"ez-toc-title-container\"><p class=\"ez-toc-title\" style=\"cursor:inherit\">Inhalt dieses Artikels:<\/p>\n<\/div><nav><ul class='ez-toc-list ez-toc-list-level-1 ' ><li class='ez-toc-page-1'><a class=\"ez-toc-link ez-toc-heading-1\" href=\"https:\/\/www.alumni.space\/de\/wie-bereiten-sich-die-kliniken-auf-den-verlust-des-fachwissens-ihrer-aerzte-vor\/#Antizipation_des_Verlustes_an_Fachwissen_von_Aerzten_in_Kliniken_eine_strategische_Herausforderung\" >Antizipation des Verlustes an Fachwissen von \u00c4rzten in Kliniken: eine strategische Herausforderung<\/a><\/li><li class='ez-toc-page-1'><a class=\"ez-toc-link ez-toc-heading-2\" href=\"https:\/\/www.alumni.space\/de\/wie-bereiten-sich-die-kliniken-auf-den-verlust-des-fachwissens-ihrer-aerzte-vor\/#Kompetenzvermittlung_und_Talentmanagement_Grundlagen_fuer_Nachhaltigkeit\" >Kompetenzvermittlung und Talentmanagement: Grundlagen f\u00fcr Nachhaltigkeit<\/a><\/li><li class='ez-toc-page-1'><a class=\"ez-toc-link ez-toc-heading-3\" href=\"https:\/\/www.alumni.space\/de\/wie-bereiten-sich-die-kliniken-auf-den-verlust-des-fachwissens-ihrer-aerzte-vor\/#Optimierung_der_Aufrechterhaltung_der_Qualitaet_durch_Digitalisierung_und_Animation_von_professionellen_Gemeinschaften\" >Optimierung der Aufrechterhaltung der Qualit\u00e4t durch Digitalisierung und Animation von professionellen Gemeinschaften<\/a><\/li><li class='ez-toc-page-1'><a class=\"ez-toc-link ez-toc-heading-4\" href=\"https:\/\/www.alumni.space\/de\/wie-bereiten-sich-die-kliniken-auf-den-verlust-des-fachwissens-ihrer-aerzte-vor\/#Veranstaltungen_und_Rituale_zur_Festigung_der_Zugehoerigkeit_und_zur_Staerkung_des_Engagements_in_den_Kliniken\" >Veranstaltungen und Rituale zur Festigung der Zugeh\u00f6rigkeit und zur St\u00e4rkung des Engagements in den Kliniken<\/a><\/li><\/ul><\/nav><\/div>\n<h2 class=\"wp-block-heading\"><span class=\"ez-toc-section\" id=\"Antizipation_des_Verlustes_an_Fachwissen_von_Aerzten_in_Kliniken_eine_strategische_Herausforderung\"><\/span>Antizipation des Verlustes an Fachwissen von \u00c4rzten in Kliniken: eine strategische Herausforderung<span class=\"ez-toc-section-end\"><\/span><\/h2><p>Eine gro\u00dfe Herausforderung f\u00fcr Kliniken ist der <strong>Verlust von Fachwissen<\/strong> durch den Weggang oder die Pensionierung von erfahrenen \u00c4rzten. Diese Situation wirkt sich direkt auf die <strong>Qualit\u00e4t der Pflege<\/strong> und die Kontinuit\u00e4t der medizinischen Praxis aus. Eine sorgf\u00e4ltige Vorbereitung ist erforderlich, die bestimmte Hebel beinhaltet, um das \u00fcber die Jahre angesammelte <strong>Erfahrungskapital<\/strong> zu erhalten.  <\/p><figure class=\"wp-block-image size-full\"><img decoding=\"async\" width=\"1280\" height=\"768\" src=\"https:\/\/www.alumni.space\/wp-content\/uploads\/2026\/03\/Comment-les-cliniques-se-preparent-elles-a-la-perte-dexpertise-de-leurs-praticiens-1-1.jpg\" data-orig-src=\"https:\/\/www.alumni.space\/wp-content\/uploads\/2026\/03\/Comment-les-cliniques-se-preparent-elles-a-la-perte-dexpertise-de-leurs-praticiens-1-1.jpg\" alt=\"Erfahren Sie, wie Kliniken den Verlust des Fachwissens ihrer \u00c4rzte antizipieren und bew\u00e4ltigen, um die Kontinuit\u00e4t der Versorgung zu gew\u00e4hrleisten und ein hohes Qualit\u00e4tsniveau aufrechtzuerhalten.\" class=\"lazyload wp-image-3222\" srcset=\"data:image\/svg+xml,%3Csvg%20xmlns%3D%27http%3A%2F%2Fwww.w3.org%2F2000%2Fsvg%27%20width%3D%271280%27%20height%3D%27768%27%20viewBox%3D%270%200%201280%20768%27%3E%3Crect%20width%3D%271280%27%20height%3D%27768%27%20fill-opacity%3D%220%22%2F%3E%3C%2Fsvg%3E\" data-srcset=\"https:\/\/www.alumni.space\/wp-content\/uploads\/2026\/03\/Comment-les-cliniques-se-preparent-elles-a-la-perte-dexpertise-de-leurs-praticiens-1-1-200x120.jpg 200w, https:\/\/www.alumni.space\/wp-content\/uploads\/2026\/03\/Comment-les-cliniques-se-preparent-elles-a-la-perte-dexpertise-de-leurs-praticiens-1-1-300x180.jpg 300w, https:\/\/www.alumni.space\/wp-content\/uploads\/2026\/03\/Comment-les-cliniques-se-preparent-elles-a-la-perte-dexpertise-de-leurs-praticiens-1-1-400x240.jpg 400w, https:\/\/www.alumni.space\/wp-content\/uploads\/2026\/03\/Comment-les-cliniques-se-preparent-elles-a-la-perte-dexpertise-de-leurs-praticiens-1-1-600x360.jpg 600w, https:\/\/www.alumni.space\/wp-content\/uploads\/2026\/03\/Comment-les-cliniques-se-preparent-elles-a-la-perte-dexpertise-de-leurs-praticiens-1-1-768x461.jpg 768w, https:\/\/www.alumni.space\/wp-content\/uploads\/2026\/03\/Comment-les-cliniques-se-preparent-elles-a-la-perte-dexpertise-de-leurs-praticiens-1-1-800x480.jpg 800w, https:\/\/www.alumni.space\/wp-content\/uploads\/2026\/03\/Comment-les-cliniques-se-preparent-elles-a-la-perte-dexpertise-de-leurs-praticiens-1-1-1024x614.jpg 1024w, https:\/\/www.alumni.space\/wp-content\/uploads\/2026\/03\/Comment-les-cliniques-se-preparent-elles-a-la-perte-dexpertise-de-leurs-praticiens-1-1-1200x720.jpg 1200w, https:\/\/www.alumni.space\/wp-content\/uploads\/2026\/03\/Comment-les-cliniques-se-preparent-elles-a-la-perte-dexpertise-de-leurs-praticiens-1-1.jpg 1280w\" data-sizes=\"auto\" data-orig-sizes=\"(max-width: 1280px) 100vw, 1280px\" \/><\/figure><h3 class=\"wp-block-heading\"><span class=\"ez-toc-section\" id=\"Kompetenzvermittlung_und_Talentmanagement_Grundlagen_fuer_Nachhaltigkeit\"><\/span>Kompetenzvermittlung und Talentmanagement: Grundlagen f\u00fcr Nachhaltigkeit<span class=\"ez-toc-section-end\"><\/span><\/h3><p>Die <strong>Weitergabe von Kompetenzen<\/strong> ist eine Priorit\u00e4t in medizinischen Einrichtungen. Die Einf\u00fchrung einer strukturierten <strong>Nachfolgeplanung<\/strong> erm\u00f6glicht es, Talente zu identifizieren und auszubilden, die in der Lage sind, Schl\u00fcsselpositionen zu \u00fcbernehmen. Der Einsatz von <strong>Fortbildungsveranstaltungen<\/strong> in Verbindung mit <a href=\"https:\/\/www.alumni.space\/de\/mentoring-als-loesung-fuer-den-verlust-von-internem-wissen\/\">Mentorenprogrammen<\/a> erleichtert den Transfer von praktischem Know-how und Fachwissen. Auf diese Weise wird sichergestellt, dass die neuen Generationen von Fachleuten allm\u00e4hlich ihre F\u00e4higkeiten entwickeln.   <\/p><p>Parallel dazu begleitet die gezielte Rekrutierung diesen Prozess, indem sie erg\u00e4nzende Profile integriert. Ziel ist es, L\u00fccken zu schlie\u00dfen und einen ausreichenden Pool zu erhalten, um den zuk\u00fcnftigen operativen Anforderungen gerecht zu werden. <\/p><h3 class=\"wp-block-heading\"><span class=\"ez-toc-section\" id=\"Optimierung_der_Aufrechterhaltung_der_Qualitaet_durch_Digitalisierung_und_Animation_von_professionellen_Gemeinschaften\"><\/span>Optimierung der Aufrechterhaltung der Qualit\u00e4t durch Digitalisierung und Animation von professionellen Gemeinschaften<span class=\"ez-toc-section-end\"><\/span><\/h3><p>Um den <strong>Verlust von Fachwissen<\/strong> zu begrenzen und gleichzeitig den Zusammenhalt zu f\u00f6rdern, f\u00fchren Kliniken Plattformen ein, die der Verwaltung und Animation von professionellen Netzwerken gewidmet sind. Diese Tools zentralisieren Profile, Veranstaltungen, Angebote und Inhalte, die sich auf den Werdegang des Arztes beziehen. Sie erleichtern die Bildung von generations\u00fcbergreifenden Gemeinschaften und f\u00f6rdern die gegenseitige Unterst\u00fctzung und Kooptation.  <\/p><p>Der digitale Ansatz reduziert erheblich die Risiken, die mit der Streuung von Wissen und der Unterbrechung von \u00dcbertragungen verbunden sind. Eine spezialisierte Plattform verhindert, dass Daten in Tabellenkalkulationen oder getrennten Anwendungen verstreut werden, w\u00e4hrend die Steuerung durch pr\u00e4zise <strong>KPIs<\/strong> optimiert wird. <\/p><p>Die Entscheidungstr\u00e4ger erhalten einen besseren Einblick in das <strong>Talentmanagement<\/strong>, die \u00dcberwachung der Schulungen und die Betreuung des Netzwerks von Praktikern, so dass sie die priorit\u00e4ren Aktionen festlegen k\u00f6nnen.<\/p><p><a href=\"https:\/\/www.alumni.space\/de\/wie-kann-der-verlust-von-fachwissen-in-der-industriellen-instandhaltung-verhindert-werden\/\">Mehr \u00fcber die Verhinderung des Verlustes von Fachwissen durch Wissenspflege<\/a> zu erfahren, veranschaulicht diesen Schritt auf die strategische Ebene.<\/p><h3 class=\"wp-block-heading\"><span class=\"ez-toc-section\" id=\"Veranstaltungen_und_Rituale_zur_Festigung_der_Zugehoerigkeit_und_zur_Staerkung_des_Engagements_in_den_Kliniken\"><\/span>Veranstaltungen und Rituale zur Festigung der Zugeh\u00f6rigkeit und zur St\u00e4rkung des Engagements in den Kliniken<span class=\"ez-toc-section-end\"><\/span><\/h3><p>Die regelm\u00e4\u00dfige Organisation von Fachveranstaltungen tr\u00e4gt dazu bei, das Zusammengeh\u00f6rigkeitsgef\u00fchl der Praktiker zu f\u00f6rdern. Thematische Treffen nutzen Seminare, Workshops oder Austauschprogramme, um die \u00e4lteren Experten zu f\u00f6rdern und die j\u00fcngeren in einen<strong>gegenseitigen Lernprozess<\/strong> einzubeziehen. <\/p><p>Diese Rituale schaffen einen g\u00fcnstigen Rahmen f\u00fcr die<strong>Animation des Alumni-Netzwerks<\/strong> und garantieren eine dauerhafte und strukturierende Verbindung innerhalb der Teams. Der Erfahrungsaustausch f\u00f6rdert das kollektive Ged\u00e4chtnis und sichert kritisches operatives Wissen. <\/p><p><a href=\"https:\/\/www.alumni.space\/de\/der-mehrwert-eines-alumni-programms-fuer-ihre-arbeitgebermarke\/\">Entdecken Sie, wie ein Alumni-Programm die Arbeitgebermarke verbessert und dieses Engagement unterst\u00fctzt<\/a>.<\/p>","protected":false},"excerpt":{"rendered":"<p>Antizipation des Verlustes an Fachwissen von \u00c4rzten in Kliniken: eine  [&#8230;]<\/p>\n","protected":false},"author":1,"featured_media":6793,"comment_status":"closed","ping_status":"","sticky":false,"template":"","format":"standard","meta":{"_ayudawp_aiss_exclude":false,"footnotes":""},"categories":[60],"tags":[],"class_list":["post-6790","post","type-post","status-publish","format-standard","has-post-thumbnail","hentry","category-personalwesen"],"yoast_head":"<!-- This site is optimized with the Yoast SEO plugin v27.4 - https:\/\/yoast.com\/product\/yoast-seo-wordpress\/ -->\n<title>Antizipation des Verlustes von Fachwissen in der Klinik: Schl\u00fcsselstrategien<\/title>\n<meta name=\"description\" content=\"Erfahren Sie, wie Kliniken den Verlust des Fachwissens ihrer \u00c4rzte antizipieren, um die Qualit\u00e4t der Versorgung zu erhalten und Kontinuit\u00e4t zu gew\u00e4hrleisten.\" \/>\n<meta name=\"robots\" content=\"index, follow, max-snippet:-1, max-image-preview:large, max-video-preview:-1\" \/>\n<link rel=\"canonical\" href=\"https:\/\/www.alumni.space\/de\/wie-bereiten-sich-die-kliniken-auf-den-verlust-des-fachwissens-ihrer-aerzte-vor\/\" \/>\n<meta property=\"og:locale\" content=\"de_DE\" \/>\n<meta property=\"og:type\" content=\"article\" \/>\n<meta property=\"og:title\" content=\"Antizipation des Verlustes von Fachwissen in der Klinik: Schl\u00fcsselstrategien\" \/>\n<meta property=\"og:description\" content=\"Erfahren Sie, wie Kliniken den Verlust des Fachwissens ihrer \u00c4rzte antizipieren, um die Qualit\u00e4t der Versorgung zu erhalten und Kontinuit\u00e4t zu gew\u00e4hrleisten.\" \/>\n<meta property=\"og:url\" content=\"https:\/\/www.alumni.space\/de\/wie-bereiten-sich-die-kliniken-auf-den-verlust-des-fachwissens-ihrer-aerzte-vor\/\" \/>\n<meta property=\"og:site_name\" content=\"Alumni.space\" \/>\n<meta property=\"article:published_time\" content=\"2025-06-28T02:30:54+00:00\" \/>\n<meta property=\"article:modified_time\" content=\"2026-04-02T09:21:16+00:00\" \/>\n<meta property=\"og:image\" content=\"https:\/\/www.alumni.space\/wp-content\/uploads\/2026\/03\/Comment-les-cliniques-se-preparent-elles-a-la-perte-dexpertise-de-leurs-praticiens-.jpg\" \/>\n\t<meta property=\"og:image:width\" content=\"1280\" \/>\n\t<meta property=\"og:image:height\" content=\"768\" \/>\n\t<meta property=\"og:image:type\" content=\"image\/jpeg\" \/>\n<meta name=\"author\" content=\"admin\" \/>\n<meta name=\"twitter:card\" content=\"summary_large_image\" \/>\n<meta name=\"twitter:label1\" content=\"Verfasst von\" \/>\n\t<meta name=\"twitter:data1\" content=\"admin\" \/>\n\t<meta name=\"twitter:label2\" content=\"Gesch\u00e4tzte Lesezeit\" \/>\n\t<meta name=\"twitter:data2\" content=\"2\u00a0Minuten\" \/>\n<script type=\"application\/ld+json\" class=\"yoast-schema-graph\">{\"@context\":\"https:\\\/\\\/schema.org\",\"@graph\":[{\"@type\":\"Article\",\"@id\":\"https:\\\/\\\/www.alumni.space\\\/de\\\/wie-bereiten-sich-die-kliniken-auf-den-verlust-des-fachwissens-ihrer-aerzte-vor\\\/#article\",\"isPartOf\":{\"@id\":\"https:\\\/\\\/www.alumni.space\\\/de\\\/wie-bereiten-sich-die-kliniken-auf-den-verlust-des-fachwissens-ihrer-aerzte-vor\\\/\"},\"author\":{\"name\":\"admin\",\"@id\":\"https:\\\/\\\/www.alumni.space\\\/de\\\/#\\\/schema\\\/person\\\/fede362a57876edda476a61f05ce5b15\"},\"headline\":\"Wie bereiten sich die Kliniken auf den Verlust des Fachwissens ihrer \u00c4rzte vor?\",\"datePublished\":\"2025-06-28T02:30:54+00:00\",\"dateModified\":\"2026-04-02T09:21:16+00:00\",\"mainEntityOfPage\":{\"@id\":\"https:\\\/\\\/www.alumni.space\\\/de\\\/wie-bereiten-sich-die-kliniken-auf-den-verlust-des-fachwissens-ihrer-aerzte-vor\\\/\"},\"wordCount\":469,\"image\":{\"@id\":\"https:\\\/\\\/www.alumni.space\\\/de\\\/wie-bereiten-sich-die-kliniken-auf-den-verlust-des-fachwissens-ihrer-aerzte-vor\\\/#primaryimage\"},\"thumbnailUrl\":\"https:\\\/\\\/www.alumni.space\\\/wp-content\\\/uploads\\\/2026\\\/03\\\/Comment-les-cliniques-se-preparent-elles-a-la-perte-dexpertise-de-leurs-praticiens-.jpg\",\"articleSection\":[\"Personalwesen\"],\"inLanguage\":\"de\"},{\"@type\":\"WebPage\",\"@id\":\"https:\\\/\\\/www.alumni.space\\\/de\\\/wie-bereiten-sich-die-kliniken-auf-den-verlust-des-fachwissens-ihrer-aerzte-vor\\\/\",\"url\":\"https:\\\/\\\/www.alumni.space\\\/de\\\/wie-bereiten-sich-die-kliniken-auf-den-verlust-des-fachwissens-ihrer-aerzte-vor\\\/\",\"name\":\"Antizipation des Verlustes von Fachwissen in der Klinik: Schl\u00fcsselstrategien\",\"isPartOf\":{\"@id\":\"https:\\\/\\\/www.alumni.space\\\/de\\\/#website\"},\"primaryImageOfPage\":{\"@id\":\"https:\\\/\\\/www.alumni.space\\\/de\\\/wie-bereiten-sich-die-kliniken-auf-den-verlust-des-fachwissens-ihrer-aerzte-vor\\\/#primaryimage\"},\"image\":{\"@id\":\"https:\\\/\\\/www.alumni.space\\\/de\\\/wie-bereiten-sich-die-kliniken-auf-den-verlust-des-fachwissens-ihrer-aerzte-vor\\\/#primaryimage\"},\"thumbnailUrl\":\"https:\\\/\\\/www.alumni.space\\\/wp-content\\\/uploads\\\/2026\\\/03\\\/Comment-les-cliniques-se-preparent-elles-a-la-perte-dexpertise-de-leurs-praticiens-.jpg\",\"datePublished\":\"2025-06-28T02:30:54+00:00\",\"dateModified\":\"2026-04-02T09:21:16+00:00\",\"author\":{\"@id\":\"https:\\\/\\\/www.alumni.space\\\/de\\\/#\\\/schema\\\/person\\\/fede362a57876edda476a61f05ce5b15\"},\"description\":\"Erfahren Sie, wie Kliniken den Verlust des Fachwissens ihrer \u00c4rzte antizipieren, um die Qualit\u00e4t der Versorgung zu erhalten und Kontinuit\u00e4t zu gew\u00e4hrleisten.\",\"breadcrumb\":{\"@id\":\"https:\\\/\\\/www.alumni.space\\\/de\\\/wie-bereiten-sich-die-kliniken-auf-den-verlust-des-fachwissens-ihrer-aerzte-vor\\\/#breadcrumb\"},\"inLanguage\":\"de\",\"potentialAction\":[{\"@type\":\"ReadAction\",\"target\":[\"https:\\\/\\\/www.alumni.space\\\/de\\\/wie-bereiten-sich-die-kliniken-auf-den-verlust-des-fachwissens-ihrer-aerzte-vor\\\/\"]}]},{\"@type\":\"ImageObject\",\"inLanguage\":\"de\",\"@id\":\"https:\\\/\\\/www.alumni.space\\\/de\\\/wie-bereiten-sich-die-kliniken-auf-den-verlust-des-fachwissens-ihrer-aerzte-vor\\\/#primaryimage\",\"url\":\"https:\\\/\\\/www.alumni.space\\\/wp-content\\\/uploads\\\/2026\\\/03\\\/Comment-les-cliniques-se-preparent-elles-a-la-perte-dexpertise-de-leurs-praticiens-.jpg\",\"contentUrl\":\"https:\\\/\\\/www.alumni.space\\\/wp-content\\\/uploads\\\/2026\\\/03\\\/Comment-les-cliniques-se-preparent-elles-a-la-perte-dexpertise-de-leurs-praticiens-.jpg\",\"width\":1280,\"height\":768,\"caption\":\"Erfahren Sie, wie Kliniken den Verlust des Fachwissens ihrer \u00c4rzte antizipieren und bew\u00e4ltigen, um die Kontinuit\u00e4t der Pflege und die Qualit\u00e4t der Dienstleistungen zu gew\u00e4hrleisten.\"},{\"@type\":\"BreadcrumbList\",\"@id\":\"https:\\\/\\\/www.alumni.space\\\/de\\\/wie-bereiten-sich-die-kliniken-auf-den-verlust-des-fachwissens-ihrer-aerzte-vor\\\/#breadcrumb\",\"itemListElement\":[{\"@type\":\"ListItem\",\"position\":1,\"name\":\"Home\",\"item\":\"https:\\\/\\\/www.alumni.space\\\/de\\\/plattform-fuer-die-verwaltung-von-mentoring-und-unternehmensalumni\\\/\"},{\"@type\":\"ListItem\",\"position\":2,\"name\":\"Wie bereiten sich die Kliniken auf den Verlust des Fachwissens ihrer \u00c4rzte vor?\"}]},{\"@type\":\"WebSite\",\"@id\":\"https:\\\/\\\/www.alumni.space\\\/de\\\/#website\",\"url\":\"https:\\\/\\\/www.alumni.space\\\/de\\\/\",\"name\":\"Alumni.space\",\"description\":\"My WordPress Blog\",\"potentialAction\":[{\"@type\":\"SearchAction\",\"target\":{\"@type\":\"EntryPoint\",\"urlTemplate\":\"https:\\\/\\\/www.alumni.space\\\/de\\\/?s={search_term_string}\"},\"query-input\":{\"@type\":\"PropertyValueSpecification\",\"valueRequired\":true,\"valueName\":\"search_term_string\"}}],\"inLanguage\":\"de\"},{\"@type\":\"Person\",\"@id\":\"https:\\\/\\\/www.alumni.space\\\/de\\\/#\\\/schema\\\/person\\\/fede362a57876edda476a61f05ce5b15\",\"name\":\"admin\",\"image\":{\"@type\":\"ImageObject\",\"inLanguage\":\"de\",\"@id\":\"https:\\\/\\\/secure.gravatar.com\\\/avatar\\\/318e234ae94f90d4d629428d6b983c08e31181c28f579e08a021180d759ea651?s=96&d=mm&r=g\",\"url\":\"https:\\\/\\\/secure.gravatar.com\\\/avatar\\\/318e234ae94f90d4d629428d6b983c08e31181c28f579e08a021180d759ea651?s=96&d=mm&r=g\",\"contentUrl\":\"https:\\\/\\\/secure.gravatar.com\\\/avatar\\\/318e234ae94f90d4d629428d6b983c08e31181c28f579e08a021180d759ea651?s=96&d=mm&r=g\",\"caption\":\"admin\"},\"description\":\"Nicolas Laustriat a construit sa sp\u00e9cialit\u00e9 sur un sujet que beaucoup d\u2019organisations d\u00e9couvrent trop tard : ce qui dispara\u00eet quand les gens partent. Dipl\u00f4m\u00e9 en conception de produit industriel, il bifurque vers le digital fin 1996, il couvre les transformations marques, RH, la fid\u00e9lisation, la marque employeur. Sur le terrain, il rep\u00e8re un angle mort r\u00e9current : l\u2019entreprise investit dans le recrutement, la formation, les process\u2026 puis laisse filer le lien au moment du d\u00e9part, avec une perte de savoir et d\u2019influence qui se paie en silence. Il se sp\u00e9cialise alors sur les communaut\u00e9s d\u2019alumni, le mentorat, l\u2019entraide interg\u00e9n\u00e9rationnelle et la transmission d\u2019expertise. Il passe du \u201cconstat\u201d aux m\u00e9thodes : animation, gouvernance, segmentation, rituels, mesure d\u2019engagement, articulation avec la RSE et l\u2019employabilit\u00e9. Il interviewe DRH, responsables formation, directions d\u2019\u00e9coles, associations et fondations, avec une obsession : transformer un r\u00e9seau dormant en m\u00e9canisme utile (cooptation, mentorat, job board, entraide, \u00e9v\u00e9nements, contenus). Son style : direct, orient\u00e9 action, sans folklore. Sa conviction : une communaut\u00e9 n\u2019a pas besoin de bruit, elle a besoin de raisons de revenir.\",\"sameAs\":[\"https:\\\/\\\/www.alumni.space\"]}]}<\/script>\n<!-- \/ Yoast SEO plugin. -->","yoast_head_json":{"title":"Antizipation des Verlustes von Fachwissen in der Klinik: Schl\u00fcsselstrategien","description":"Erfahren Sie, wie Kliniken den Verlust des Fachwissens ihrer \u00c4rzte antizipieren, um die Qualit\u00e4t der Versorgung zu erhalten und Kontinuit\u00e4t zu gew\u00e4hrleisten.","robots":{"index":"index","follow":"follow","max-snippet":"max-snippet:-1","max-image-preview":"max-image-preview:large","max-video-preview":"max-video-preview:-1"},"canonical":"https:\/\/www.alumni.space\/de\/wie-bereiten-sich-die-kliniken-auf-den-verlust-des-fachwissens-ihrer-aerzte-vor\/","og_locale":"de_DE","og_type":"article","og_title":"Antizipation des Verlustes von Fachwissen in der Klinik: Schl\u00fcsselstrategien","og_description":"Erfahren Sie, wie Kliniken den Verlust des Fachwissens ihrer \u00c4rzte antizipieren, um die Qualit\u00e4t der Versorgung zu erhalten und Kontinuit\u00e4t zu gew\u00e4hrleisten.","og_url":"https:\/\/www.alumni.space\/de\/wie-bereiten-sich-die-kliniken-auf-den-verlust-des-fachwissens-ihrer-aerzte-vor\/","og_site_name":"Alumni.space","article_published_time":"2025-06-28T02:30:54+00:00","article_modified_time":"2026-04-02T09:21:16+00:00","og_image":[{"width":1280,"height":768,"url":"https:\/\/www.alumni.space\/wp-content\/uploads\/2026\/03\/Comment-les-cliniques-se-preparent-elles-a-la-perte-dexpertise-de-leurs-praticiens-.jpg","type":"image\/jpeg"}],"author":"admin","twitter_card":"summary_large_image","twitter_misc":{"Verfasst von":"admin","Gesch\u00e4tzte Lesezeit":"2\u00a0Minuten"},"schema":{"@context":"https:\/\/schema.org","@graph":[{"@type":"Article","@id":"https:\/\/www.alumni.space\/de\/wie-bereiten-sich-die-kliniken-auf-den-verlust-des-fachwissens-ihrer-aerzte-vor\/#article","isPartOf":{"@id":"https:\/\/www.alumni.space\/de\/wie-bereiten-sich-die-kliniken-auf-den-verlust-des-fachwissens-ihrer-aerzte-vor\/"},"author":{"name":"admin","@id":"https:\/\/www.alumni.space\/de\/#\/schema\/person\/fede362a57876edda476a61f05ce5b15"},"headline":"Wie bereiten sich die Kliniken auf den Verlust des Fachwissens ihrer \u00c4rzte vor?","datePublished":"2025-06-28T02:30:54+00:00","dateModified":"2026-04-02T09:21:16+00:00","mainEntityOfPage":{"@id":"https:\/\/www.alumni.space\/de\/wie-bereiten-sich-die-kliniken-auf-den-verlust-des-fachwissens-ihrer-aerzte-vor\/"},"wordCount":469,"image":{"@id":"https:\/\/www.alumni.space\/de\/wie-bereiten-sich-die-kliniken-auf-den-verlust-des-fachwissens-ihrer-aerzte-vor\/#primaryimage"},"thumbnailUrl":"https:\/\/www.alumni.space\/wp-content\/uploads\/2026\/03\/Comment-les-cliniques-se-preparent-elles-a-la-perte-dexpertise-de-leurs-praticiens-.jpg","articleSection":["Personalwesen"],"inLanguage":"de"},{"@type":"WebPage","@id":"https:\/\/www.alumni.space\/de\/wie-bereiten-sich-die-kliniken-auf-den-verlust-des-fachwissens-ihrer-aerzte-vor\/","url":"https:\/\/www.alumni.space\/de\/wie-bereiten-sich-die-kliniken-auf-den-verlust-des-fachwissens-ihrer-aerzte-vor\/","name":"Antizipation des Verlustes von Fachwissen in der Klinik: Schl\u00fcsselstrategien","isPartOf":{"@id":"https:\/\/www.alumni.space\/de\/#website"},"primaryImageOfPage":{"@id":"https:\/\/www.alumni.space\/de\/wie-bereiten-sich-die-kliniken-auf-den-verlust-des-fachwissens-ihrer-aerzte-vor\/#primaryimage"},"image":{"@id":"https:\/\/www.alumni.space\/de\/wie-bereiten-sich-die-kliniken-auf-den-verlust-des-fachwissens-ihrer-aerzte-vor\/#primaryimage"},"thumbnailUrl":"https:\/\/www.alumni.space\/wp-content\/uploads\/2026\/03\/Comment-les-cliniques-se-preparent-elles-a-la-perte-dexpertise-de-leurs-praticiens-.jpg","datePublished":"2025-06-28T02:30:54+00:00","dateModified":"2026-04-02T09:21:16+00:00","author":{"@id":"https:\/\/www.alumni.space\/de\/#\/schema\/person\/fede362a57876edda476a61f05ce5b15"},"description":"Erfahren Sie, wie Kliniken den Verlust des Fachwissens ihrer \u00c4rzte antizipieren, um die Qualit\u00e4t der Versorgung zu erhalten und Kontinuit\u00e4t zu gew\u00e4hrleisten.","breadcrumb":{"@id":"https:\/\/www.alumni.space\/de\/wie-bereiten-sich-die-kliniken-auf-den-verlust-des-fachwissens-ihrer-aerzte-vor\/#breadcrumb"},"inLanguage":"de","potentialAction":[{"@type":"ReadAction","target":["https:\/\/www.alumni.space\/de\/wie-bereiten-sich-die-kliniken-auf-den-verlust-des-fachwissens-ihrer-aerzte-vor\/"]}]},{"@type":"ImageObject","inLanguage":"de","@id":"https:\/\/www.alumni.space\/de\/wie-bereiten-sich-die-kliniken-auf-den-verlust-des-fachwissens-ihrer-aerzte-vor\/#primaryimage","url":"https:\/\/www.alumni.space\/wp-content\/uploads\/2026\/03\/Comment-les-cliniques-se-preparent-elles-a-la-perte-dexpertise-de-leurs-praticiens-.jpg","contentUrl":"https:\/\/www.alumni.space\/wp-content\/uploads\/2026\/03\/Comment-les-cliniques-se-preparent-elles-a-la-perte-dexpertise-de-leurs-praticiens-.jpg","width":1280,"height":768,"caption":"Erfahren Sie, wie Kliniken den Verlust des Fachwissens ihrer \u00c4rzte antizipieren und bew\u00e4ltigen, um die Kontinuit\u00e4t der Pflege und die Qualit\u00e4t der Dienstleistungen zu gew\u00e4hrleisten."},{"@type":"BreadcrumbList","@id":"https:\/\/www.alumni.space\/de\/wie-bereiten-sich-die-kliniken-auf-den-verlust-des-fachwissens-ihrer-aerzte-vor\/#breadcrumb","itemListElement":[{"@type":"ListItem","position":1,"name":"Home","item":"https:\/\/www.alumni.space\/de\/plattform-fuer-die-verwaltung-von-mentoring-und-unternehmensalumni\/"},{"@type":"ListItem","position":2,"name":"Wie bereiten sich die Kliniken auf den Verlust des Fachwissens ihrer \u00c4rzte vor?"}]},{"@type":"WebSite","@id":"https:\/\/www.alumni.space\/de\/#website","url":"https:\/\/www.alumni.space\/de\/","name":"Alumni.space","description":"My WordPress Blog","potentialAction":[{"@type":"SearchAction","target":{"@type":"EntryPoint","urlTemplate":"https:\/\/www.alumni.space\/de\/?s={search_term_string}"},"query-input":{"@type":"PropertyValueSpecification","valueRequired":true,"valueName":"search_term_string"}}],"inLanguage":"de"},{"@type":"Person","@id":"https:\/\/www.alumni.space\/de\/#\/schema\/person\/fede362a57876edda476a61f05ce5b15","name":"admin","image":{"@type":"ImageObject","inLanguage":"de","@id":"https:\/\/secure.gravatar.com\/avatar\/318e234ae94f90d4d629428d6b983c08e31181c28f579e08a021180d759ea651?s=96&d=mm&r=g","url":"https:\/\/secure.gravatar.com\/avatar\/318e234ae94f90d4d629428d6b983c08e31181c28f579e08a021180d759ea651?s=96&d=mm&r=g","contentUrl":"https:\/\/secure.gravatar.com\/avatar\/318e234ae94f90d4d629428d6b983c08e31181c28f579e08a021180d759ea651?s=96&d=mm&r=g","caption":"admin"},"description":"Nicolas Laustriat a construit sa sp\u00e9cialit\u00e9 sur un sujet que beaucoup d\u2019organisations d\u00e9couvrent trop tard : ce qui dispara\u00eet quand les gens partent. Dipl\u00f4m\u00e9 en conception de produit industriel, il bifurque vers le digital fin 1996, il couvre les transformations marques, RH, la fid\u00e9lisation, la marque employeur. Sur le terrain, il rep\u00e8re un angle mort r\u00e9current : l\u2019entreprise investit dans le recrutement, la formation, les process\u2026 puis laisse filer le lien au moment du d\u00e9part, avec une perte de savoir et d\u2019influence qui se paie en silence. Il se sp\u00e9cialise alors sur les communaut\u00e9s d\u2019alumni, le mentorat, l\u2019entraide interg\u00e9n\u00e9rationnelle et la transmission d\u2019expertise. Il passe du \u201cconstat\u201d aux m\u00e9thodes : animation, gouvernance, segmentation, rituels, mesure d\u2019engagement, articulation avec la RSE et l\u2019employabilit\u00e9. Il interviewe DRH, responsables formation, directions d\u2019\u00e9coles, associations et fondations, avec une obsession : transformer un r\u00e9seau dormant en m\u00e9canisme utile (cooptation, mentorat, job board, entraide, \u00e9v\u00e9nements, contenus). Son style : direct, orient\u00e9 action, sans folklore. Sa conviction : une communaut\u00e9 n\u2019a pas besoin de bruit, elle a besoin de raisons de revenir.","sameAs":["https:\/\/www.alumni.space"]}]}},"_links":{"self":[{"href":"https:\/\/www.alumni.space\/de\/wp-json\/wp\/v2\/posts\/6790","targetHints":{"allow":["GET"]}}],"collection":[{"href":"https:\/\/www.alumni.space\/de\/wp-json\/wp\/v2\/posts"}],"about":[{"href":"https:\/\/www.alumni.space\/de\/wp-json\/wp\/v2\/types\/post"}],"author":[{"embeddable":true,"href":"https:\/\/www.alumni.space\/de\/wp-json\/wp\/v2\/users\/1"}],"replies":[{"embeddable":true,"href":"https:\/\/www.alumni.space\/de\/wp-json\/wp\/v2\/comments?post=6790"}],"version-history":[{"count":2,"href":"https:\/\/www.alumni.space\/de\/wp-json\/wp\/v2\/posts\/6790\/revisions"}],"predecessor-version":[{"id":6800,"href":"https:\/\/www.alumni.space\/de\/wp-json\/wp\/v2\/posts\/6790\/revisions\/6800"}],"wp:featuredmedia":[{"embeddable":true,"href":"https:\/\/www.alumni.space\/de\/wp-json\/wp\/v2\/media\/6793"}],"wp:attachment":[{"href":"https:\/\/www.alumni.space\/de\/wp-json\/wp\/v2\/media?parent=6790"}],"wp:term":[{"taxonomy":"category","embeddable":true,"href":"https:\/\/www.alumni.space\/de\/wp-json\/wp\/v2\/categories?post=6790"},{"taxonomy":"post_tag","embeddable":true,"href":"https:\/\/www.alumni.space\/de\/wp-json\/wp\/v2\/tags?post=6790"}],"curies":[{"name":"wp","href":"https:\/\/api.w.org\/{rel}","templated":true}]}}