{"id":6604,"date":"2026-04-02T06:35:24","date_gmt":"2026-04-02T06:35:24","guid":{"rendered":"https:\/\/www.alumni.space\/wie-koennen-wirtschaftspruefer-den-verlust-von-fachwissen-antizipieren\/"},"modified":"2026-04-02T09:20:59","modified_gmt":"2026-04-02T09:20:59","slug":"wie-koennen-wirtschaftspruefer-den-verlust-von-fachwissen-antizipieren","status":"publish","type":"post","link":"https:\/\/www.alumni.space\/de\/wie-koennen-wirtschaftspruefer-den-verlust-von-fachwissen-antizipieren\/","title":{"rendered":"Wie k\u00f6nnen Wirtschaftspr\u00fcfer den Verlust von Fachwissen antizipieren?"},"content":{"rendered":"<div id=\"ez-toc-container\" class=\"ez-toc-v2_0_82_2 counter-flat ez-toc-counter ez-toc-grey ez-toc-container-direction\">\n<div class=\"ez-toc-title-container\"><p class=\"ez-toc-title\" style=\"cursor:inherit\">Inhalt dieses Artikels:<\/p>\n<\/div><nav><ul class='ez-toc-list ez-toc-list-level-1 ' ><li class='ez-toc-page-1'><a class=\"ez-toc-link ez-toc-heading-1\" href=\"https:\/\/www.alumni.space\/de\/wie-koennen-wirtschaftspruefer-den-verlust-von-fachwissen-antizipieren\/#Wie_Wirtschaftspruefer_den_Verlust_von_Fachwissen_antizipieren_um_die_Zukunft_der_Kanzleien_zu_sichern\" >Wie Wirtschaftspr\u00fcfer den Verlust von Fachwissen antizipieren, um die Zukunft der Kanzleien zu sichern<\/a><\/li><li class='ez-toc-page-1'><a class=\"ez-toc-link ez-toc-heading-2\" href=\"https:\/\/www.alumni.space\/de\/wie-koennen-wirtschaftspruefer-den-verlust-von-fachwissen-antizipieren\/#Die_konkreten_Herausforderungen_bei_der_Antizipation_des_Kompetenzverlustes_in_der_Buchhaltung\" >Die konkreten Herausforderungen bei der Antizipation des Kompetenzverlustes in der Buchhaltung<\/a><\/li><li class='ez-toc-page-1'><a class=\"ez-toc-link ez-toc-heading-3\" href=\"https:\/\/www.alumni.space\/de\/wie-koennen-wirtschaftspruefer-den-verlust-von-fachwissen-antizipieren\/#Einfuehrung_einer_vorausschauenden_Strategie_auf_der_Grundlage_von_Daten_und_Nachfolgeplaenen\" >Einf\u00fchrung einer vorausschauenden Strategie auf der Grundlage von Daten und Nachfolgepl\u00e4nen<\/a><\/li><li class='ez-toc-page-1'><a class=\"ez-toc-link ez-toc-heading-4\" href=\"https:\/\/www.alumni.space\/de\/wie-koennen-wirtschaftspruefer-den-verlust-von-fachwissen-antizipieren\/#Konkrete_Massnahmen_zur_Begrenzung_der_Risiken_und_zur_Aufwertung_der_Mitarbeiter\" >Konkrete Ma\u00dfnahmen zur Begrenzung der Risiken und zur Aufwertung der Mitarbeiter<\/a><\/li><li class='ez-toc-page-1'><a class=\"ez-toc-link ez-toc-heading-5\" href=\"https:\/\/www.alumni.space\/de\/wie-koennen-wirtschaftspruefer-den-verlust-von-fachwissen-antizipieren\/#Die_vielfaeltigen_Vorteile_eines_proaktiven_Kompetenzmanagements_fuer_Wirtschaftspruefer\" >Die vielf\u00e4ltigen Vorteile eines proaktiven Kompetenzmanagements f\u00fcr Wirtschaftspr\u00fcfer<\/a><\/li><\/ul><\/nav><\/div>\n<h2 class=\"wp-block-heading\"><span class=\"ez-toc-section\" id=\"Wie_Wirtschaftspruefer_den_Verlust_von_Fachwissen_antizipieren_um_die_Zukunft_der_Kanzleien_zu_sichern\"><\/span>Wie Wirtschaftspr\u00fcfer den Verlust von Fachwissen antizipieren, um die Zukunft der Kanzleien zu sichern<span class=\"ez-toc-section-end\"><\/span><\/h2><p><strong>Das Talentmanagement<\/strong> scheint ein wichtiger Hebel zu sein, um den <strong>Verlust von Fachkr\u00e4ften<\/strong> in Wirtschaftspr\u00fcfungsgesellschaften zu verhindern. Angesichts des vorzeitigen Ausscheidens von Mitarbeitern, insbesondere im Ruhestand, oder unvorhergesehener Abg\u00e4nge ist eine sorgf\u00e4ltige Planung der Personalressourcen unerl\u00e4sslich. Dabei geht es nicht nur um die Vermeidung von Know-how-Br\u00fcchen, sondern auch um die Aufwertung des Humankapitals, indem den Mitarbeitern die M\u00f6glichkeit geboten wird, ihre berufliche Laufbahn weiterzuentwickeln. Die Integration einer <strong>Strategie zur Entwicklung von Kompetenzen<\/strong> tr\u00e4gt heute dazu bei, das Engagement und die Motivation zu steigern, indem die Bed\u00fcrfnisse des Unternehmens und die individuellen Bestrebungen aufeinander abgestimmt werden.   <\/p><figure class=\"wp-block-image size-full\"><img decoding=\"async\" width=\"1280\" height=\"768\" src=\"https:\/\/www.alumni.space\/wp-content\/uploads\/2026\/04\/Comment-les-experts-comptables-peuvent-ils-anticiper-la-perte-de-competences-1-1.jpg\" data-orig-src=\"https:\/\/www.alumni.space\/wp-content\/uploads\/2026\/04\/Comment-les-experts-comptables-peuvent-ils-anticiper-la-perte-de-competences-1-1.jpg\" alt=\"Erfahren Sie, wie Wirtschaftspr\u00fcfer dem Verlust von Fachwissen durch effektive Talentmanagement- und Weiterbildungsstrategien vorbeugen k\u00f6nnen.\" class=\"lazyload wp-image-6596\" srcset=\"data:image\/svg+xml,%3Csvg%20xmlns%3D%27http%3A%2F%2Fwww.w3.org%2F2000%2Fsvg%27%20width%3D%271280%27%20height%3D%27768%27%20viewBox%3D%270%200%201280%20768%27%3E%3Crect%20width%3D%271280%27%20height%3D%27768%27%20fill-opacity%3D%220%22%2F%3E%3C%2Fsvg%3E\" data-srcset=\"https:\/\/www.alumni.space\/wp-content\/uploads\/2026\/04\/Comment-les-experts-comptables-peuvent-ils-anticiper-la-perte-de-competences-1-1-200x120.jpg 200w, https:\/\/www.alumni.space\/wp-content\/uploads\/2026\/04\/Comment-les-experts-comptables-peuvent-ils-anticiper-la-perte-de-competences-1-1-300x180.jpg 300w, https:\/\/www.alumni.space\/wp-content\/uploads\/2026\/04\/Comment-les-experts-comptables-peuvent-ils-anticiper-la-perte-de-competences-1-1-400x240.jpg 400w, https:\/\/www.alumni.space\/wp-content\/uploads\/2026\/04\/Comment-les-experts-comptables-peuvent-ils-anticiper-la-perte-de-competences-1-1-600x360.jpg 600w, https:\/\/www.alumni.space\/wp-content\/uploads\/2026\/04\/Comment-les-experts-comptables-peuvent-ils-anticiper-la-perte-de-competences-1-1-768x461.jpg 768w, https:\/\/www.alumni.space\/wp-content\/uploads\/2026\/04\/Comment-les-experts-comptables-peuvent-ils-anticiper-la-perte-de-competences-1-1-800x480.jpg 800w, https:\/\/www.alumni.space\/wp-content\/uploads\/2026\/04\/Comment-les-experts-comptables-peuvent-ils-anticiper-la-perte-de-competences-1-1-1024x614.jpg 1024w, https:\/\/www.alumni.space\/wp-content\/uploads\/2026\/04\/Comment-les-experts-comptables-peuvent-ils-anticiper-la-perte-de-competences-1-1-1200x720.jpg 1200w, https:\/\/www.alumni.space\/wp-content\/uploads\/2026\/04\/Comment-les-experts-comptables-peuvent-ils-anticiper-la-perte-de-competences-1-1.jpg 1280w\" data-sizes=\"auto\" data-orig-sizes=\"(max-width: 1280px) 100vw, 1280px\" \/><\/figure><h3 class=\"wp-block-heading\"><span class=\"ez-toc-section\" id=\"Die_konkreten_Herausforderungen_bei_der_Antizipation_des_Kompetenzverlustes_in_der_Buchhaltung\"><\/span>Die konkreten Herausforderungen bei der Antizipation des Kompetenzverlustes in der Buchhaltung<span class=\"ez-toc-section-end\"><\/span><\/h3><p>Die Hauptherausforderung besteht in der Kontinuit\u00e4t des Fachwissens, das f\u00fcr das Funktionieren und die Differenzierung der Kanzleien unerl\u00e4sslich ist. Ein schlecht verwalteter Verlust kann zu einem R\u00fcckgang der Produktivit\u00e4t, einer \u00dcberlastung der verbleibenden Teams und einer Verschlechterung der Qualit\u00e4t der erbrachten Dienstleistungen f\u00fchren. Daher ist es von entscheidender Bedeutung, einen klaren \u00dcberblick \u00fcber die verf\u00fcgbaren Kompetenzen und deren zuk\u00fcnftige Entwicklung zu haben. In diesem Zusammenhang setzt die Einf\u00fchrung eines <strong>Nachfolgeplans<\/strong> eine Bestandsaufnahme der Kompetenzen zu einem bestimmten Zeitpunkt und eine Projektion der zu entwickelnden Talente voraus. Diese Kartierungsarbeit erm\u00f6glicht es, Abg\u00e4nge zu antizipieren und L\u00fccken zu identifizieren, die durch <strong>interne Mobilit\u00e4t<\/strong> oder externe Rekrutierung geschlossen werden m\u00fcssen.    <\/p><h2 class=\"wp-block-heading\"><span class=\"ez-toc-section\" id=\"Einfuehrung_einer_vorausschauenden_Strategie_auf_der_Grundlage_von_Daten_und_Nachfolgeplaenen\"><\/span>Einf\u00fchrung einer vorausschauenden Strategie auf der Grundlage von Daten und Nachfolgepl\u00e4nen<span class=\"ez-toc-section-end\"><\/span><\/h2><p>Die Digitalisierung des Gesch\u00e4fts und das Aufkommen k\u00fcnstlicher Intelligenz erleichtern die vorausschauende Analyse des Personalwesens. Durch die Auswertung von Daten wie Leistungsbilanzen oder Absentismusindikatoren ist es m\u00f6glich, das Risiko eines vorzeitigen Ausscheidens zu modellieren und entsprechend zu planen. Dies erm\u00f6glicht es den Unternehmen, einen genauen Kompetenzkatalog und eine \u00dcbersicht \u00fcber die internen Talente zu erstellen.  <\/p><p>Um die Effizienz zu steigern, wird dieser Ansatz von einem formalisierten System des <strong>Kompetenztransfers<\/strong> durch Mentoring und die Schaffung interner Gemeinschaften begleitet, wie z.B. einer Plattform f\u00fcr die Verwaltung und Animation von Alumni- und Mitarbeiternetzwerken. Dies tr\u00e4gt sowohl zur Erhaltung des historischen <strong>Know-hows<\/strong> als auch zur Vorbereitung des Nachwuchses bei und erleichtert die Integration neuer Mitarbeiter. <\/p><h3 class=\"wp-block-heading\"><span class=\"ez-toc-section\" id=\"Konkrete_Massnahmen_zur_Begrenzung_der_Risiken_und_zur_Aufwertung_der_Mitarbeiter\"><\/span>Konkrete Ma\u00dfnahmen zur Begrenzung der Risiken und zur Aufwertung der Mitarbeiter<span class=\"ez-toc-section-end\"><\/span><\/h3><p>Die Steuerung der Antizipation beruht auf mehreren Achsen: Einf\u00fchrung von Jahresgespr\u00e4chen, die sich auf die Entwicklungsprojekte konzentrieren, Umsetzung von personalisierten Pl\u00e4nen zur Erh\u00f6hung der Kompetenzen durch berufliche Weiterbildung und Bereitstellung von geeigneten Anerkennungssystemen. Dieser Ansatz erm\u00f6glicht es, Potenziale zu erkennen, Umschulungen oder Upskilling zu f\u00f6rdern und so die identifizierten L\u00fccken zu schlie\u00dfen. Dar\u00fcber hinaus erleichtert der Einsatz einer Community-Management-Plattform wie<a href=\"https:\/\/www.alumni.space\/de\/mentoring-als-loesung-fuer-den-verlust-von-internem-wissen\/\">alumni.space<\/a> die Koordination zwischen internen Talenten und solchen aus externen Netzwerken, wodurch die gegenseitige Unterst\u00fctzung, das Mentoring und der Austausch von Fachwissen optimiert werden.  <\/p><p>Wenn die Kompetenzen nicht intern entwickelt werden k\u00f6nnen, wird die externe <strong>Rekrutierung<\/strong> zu einem kontrollierten Schritt, der durch genaue Daten \u00fcber den tats\u00e4chlichen Bedarf gerechtfertigt ist. Auf diese Weise vermeidet die strategische Planung teure und oftmals schlecht angepasste Notfalleinstellungen. <\/p><h2 class=\"wp-block-heading\"><span class=\"ez-toc-section\" id=\"Die_vielfaeltigen_Vorteile_eines_proaktiven_Kompetenzmanagements_fuer_Wirtschaftspruefer\"><\/span>Die vielf\u00e4ltigen Vorteile eines proaktiven Kompetenzmanagements f\u00fcr Wirtschaftspr\u00fcfer<span class=\"ez-toc-section-end\"><\/span><\/h2><p>Die Antizipation des Verlustes von Kompetenzen geht \u00fcber das reine Ressourcenmanagement hinaus und ist Teil der sozialen Verantwortung von Unternehmen. Eine SaaS-Plattform zur F\u00f6rderung von Communities, die Alumni, Mentoren, Angebote und Inhalte integriert, verl\u00e4ngert das Engagement \u00fcber den Arbeitsvertrag hinaus. Dieses Modell reduziert die Verschwendung von Wissen, f\u00f6rdert eine reibungslose Integration und tr\u00e4gt zu einer attraktiven Arbeitgebermarke bei. Die Kanzleien gewinnen an Leistungsf\u00e4higkeit, binden ihre Mitarbeiter an sich und sichern sich ein Netzwerk, das in der Lage ist, sich in einem versch\u00e4rften Wettbewerbsumfeld weiterzuentwickeln.   <\/p><p>Die auf das Talentmanagement angewandte Pr\u00e4ventivmedizin bietet messbare Erfolgsindikatoren und sorgt f\u00fcr eine bessere Koh\u00e4renz zwischen der Personalpolitik, der sozialen Verantwortung der Unternehmen und der institutionellen Kommunikation. Die Entscheidungstr\u00e4ger verf\u00fcgen so \u00fcber eine umfassende strategische und operative Vision, um die Transformation der Buchhaltungsberufe mit Agilit\u00e4t zu begleiten. <\/p><p>Um diesen Prozess weiter voranzutreiben, ist es unerl\u00e4sslich, die Best Practices innovativer Wirtschaftspr\u00fcfer zu entdecken, insbesondere durch Ressourcen wie das Wei\u00dfbuch <a href=\"https:\/\/revuefrancaisedecomptabilite.fr\/profession-comptable-2030-et-si-vous-netiez-pas-seul-pour-transformer-votre-cabinet\/\">Profession Comptable 2030<\/a>, eine wichtige Lekt\u00fcre, um die Ver\u00e4nderungen in der Branche zu antizipieren.<\/p>","protected":false},"excerpt":{"rendered":"<p>Wie Wirtschaftspr\u00fcfer den Verlust von Fachwissen antizipieren, um die Zukunft  [&#8230;]<\/p>\n","protected":false},"author":1,"featured_media":6607,"comment_status":"closed","ping_status":"","sticky":false,"template":"","format":"standard","meta":{"_ayudawp_aiss_exclude":false,"footnotes":""},"categories":[60],"tags":[],"class_list":["post-6604","post","type-post","status-publish","format-standard","has-post-thumbnail","hentry","category-personalwesen"],"yoast_head":"<!-- This site is optimized with the Yoast SEO plugin v27.4 - https:\/\/yoast.com\/product\/yoast-seo-wordpress\/ -->\n<title>Antizipation des Kompetenzverlustes bei den Wirtschaftspr\u00fcfern<\/title>\n<meta name=\"description\" content=\"Erfahren Sie, wie Wirtschaftspr\u00fcfer den Verlust von Fachwissen antizipieren, um den Fortbestand und die Effizienz ihrer Kanzlei zu sichern.\" \/>\n<meta name=\"robots\" content=\"index, follow, max-snippet:-1, max-image-preview:large, max-video-preview:-1\" \/>\n<link rel=\"canonical\" href=\"https:\/\/www.alumni.space\/de\/wie-koennen-wirtschaftspruefer-den-verlust-von-fachwissen-antizipieren\/\" \/>\n<meta property=\"og:locale\" content=\"de_DE\" \/>\n<meta property=\"og:type\" content=\"article\" \/>\n<meta property=\"og:title\" content=\"Antizipation des Kompetenzverlustes bei den Wirtschaftspr\u00fcfern\" \/>\n<meta property=\"og:description\" content=\"Erfahren Sie, wie Wirtschaftspr\u00fcfer den Verlust von Fachwissen antizipieren, um den Fortbestand und die Effizienz ihrer Kanzlei zu sichern.\" \/>\n<meta property=\"og:url\" content=\"https:\/\/www.alumni.space\/de\/wie-koennen-wirtschaftspruefer-den-verlust-von-fachwissen-antizipieren\/\" \/>\n<meta property=\"og:site_name\" content=\"Alumni.space\" \/>\n<meta property=\"article:published_time\" content=\"2026-04-02T06:35:24+00:00\" \/>\n<meta property=\"article:modified_time\" content=\"2026-04-02T09:20:59+00:00\" \/>\n<meta property=\"og:image\" content=\"https:\/\/www.alumni.space\/wp-content\/uploads\/2026\/04\/Comment-les-experts-comptables-peuvent-ils-anticiper-la-perte-de-competences-.jpg\" \/>\n\t<meta property=\"og:image:width\" content=\"1280\" \/>\n\t<meta property=\"og:image:height\" content=\"768\" \/>\n\t<meta property=\"og:image:type\" content=\"image\/jpeg\" \/>\n<meta name=\"author\" content=\"admin\" \/>\n<meta name=\"twitter:card\" content=\"summary_large_image\" \/>\n<meta name=\"twitter:label1\" content=\"Verfasst von\" \/>\n\t<meta name=\"twitter:data1\" content=\"admin\" \/>\n\t<meta name=\"twitter:label2\" content=\"Gesch\u00e4tzte Lesezeit\" \/>\n\t<meta name=\"twitter:data2\" content=\"4\u00a0Minuten\" \/>\n<script type=\"application\/ld+json\" class=\"yoast-schema-graph\">{\"@context\":\"https:\\\/\\\/schema.org\",\"@graph\":[{\"@type\":\"Article\",\"@id\":\"https:\\\/\\\/www.alumni.space\\\/de\\\/wie-koennen-wirtschaftspruefer-den-verlust-von-fachwissen-antizipieren\\\/#article\",\"isPartOf\":{\"@id\":\"https:\\\/\\\/www.alumni.space\\\/de\\\/wie-koennen-wirtschaftspruefer-den-verlust-von-fachwissen-antizipieren\\\/\"},\"author\":{\"name\":\"admin\",\"@id\":\"https:\\\/\\\/www.alumni.space\\\/de\\\/#\\\/schema\\\/person\\\/fede362a57876edda476a61f05ce5b15\"},\"headline\":\"Wie k\u00f6nnen Wirtschaftspr\u00fcfer den Verlust von Fachwissen antizipieren?\",\"datePublished\":\"2026-04-02T06:35:24+00:00\",\"dateModified\":\"2026-04-02T09:20:59+00:00\",\"mainEntityOfPage\":{\"@id\":\"https:\\\/\\\/www.alumni.space\\\/de\\\/wie-koennen-wirtschaftspruefer-den-verlust-von-fachwissen-antizipieren\\\/\"},\"wordCount\":733,\"image\":{\"@id\":\"https:\\\/\\\/www.alumni.space\\\/de\\\/wie-koennen-wirtschaftspruefer-den-verlust-von-fachwissen-antizipieren\\\/#primaryimage\"},\"thumbnailUrl\":\"https:\\\/\\\/www.alumni.space\\\/wp-content\\\/uploads\\\/2026\\\/04\\\/Comment-les-experts-comptables-peuvent-ils-anticiper-la-perte-de-competences-.jpg\",\"articleSection\":[\"Personalwesen\"],\"inLanguage\":\"de\"},{\"@type\":\"WebPage\",\"@id\":\"https:\\\/\\\/www.alumni.space\\\/de\\\/wie-koennen-wirtschaftspruefer-den-verlust-von-fachwissen-antizipieren\\\/\",\"url\":\"https:\\\/\\\/www.alumni.space\\\/de\\\/wie-koennen-wirtschaftspruefer-den-verlust-von-fachwissen-antizipieren\\\/\",\"name\":\"Antizipation des Kompetenzverlustes bei den Wirtschaftspr\u00fcfern\",\"isPartOf\":{\"@id\":\"https:\\\/\\\/www.alumni.space\\\/de\\\/#website\"},\"primaryImageOfPage\":{\"@id\":\"https:\\\/\\\/www.alumni.space\\\/de\\\/wie-koennen-wirtschaftspruefer-den-verlust-von-fachwissen-antizipieren\\\/#primaryimage\"},\"image\":{\"@id\":\"https:\\\/\\\/www.alumni.space\\\/de\\\/wie-koennen-wirtschaftspruefer-den-verlust-von-fachwissen-antizipieren\\\/#primaryimage\"},\"thumbnailUrl\":\"https:\\\/\\\/www.alumni.space\\\/wp-content\\\/uploads\\\/2026\\\/04\\\/Comment-les-experts-comptables-peuvent-ils-anticiper-la-perte-de-competences-.jpg\",\"datePublished\":\"2026-04-02T06:35:24+00:00\",\"dateModified\":\"2026-04-02T09:20:59+00:00\",\"author\":{\"@id\":\"https:\\\/\\\/www.alumni.space\\\/de\\\/#\\\/schema\\\/person\\\/fede362a57876edda476a61f05ce5b15\"},\"description\":\"Erfahren Sie, wie Wirtschaftspr\u00fcfer den Verlust von Fachwissen antizipieren, um den Fortbestand und die Effizienz ihrer Kanzlei zu sichern.\",\"breadcrumb\":{\"@id\":\"https:\\\/\\\/www.alumni.space\\\/de\\\/wie-koennen-wirtschaftspruefer-den-verlust-von-fachwissen-antizipieren\\\/#breadcrumb\"},\"inLanguage\":\"de\",\"potentialAction\":[{\"@type\":\"ReadAction\",\"target\":[\"https:\\\/\\\/www.alumni.space\\\/de\\\/wie-koennen-wirtschaftspruefer-den-verlust-von-fachwissen-antizipieren\\\/\"]}]},{\"@type\":\"ImageObject\",\"inLanguage\":\"de\",\"@id\":\"https:\\\/\\\/www.alumni.space\\\/de\\\/wie-koennen-wirtschaftspruefer-den-verlust-von-fachwissen-antizipieren\\\/#primaryimage\",\"url\":\"https:\\\/\\\/www.alumni.space\\\/wp-content\\\/uploads\\\/2026\\\/04\\\/Comment-les-experts-comptables-peuvent-ils-anticiper-la-perte-de-competences-.jpg\",\"contentUrl\":\"https:\\\/\\\/www.alumni.space\\\/wp-content\\\/uploads\\\/2026\\\/04\\\/Comment-les-experts-comptables-peuvent-ils-anticiper-la-perte-de-competences-.jpg\",\"width\":1280,\"height\":768,\"caption\":\"d\u00e9couvrez comment les experts-comptables peuvent anticiper la perte de comp\u00e9tences gr\u00e2ce \u00e0 des strat\u00e9gies efficaces de gestion des talents et de formation continue.\"},{\"@type\":\"BreadcrumbList\",\"@id\":\"https:\\\/\\\/www.alumni.space\\\/de\\\/wie-koennen-wirtschaftspruefer-den-verlust-von-fachwissen-antizipieren\\\/#breadcrumb\",\"itemListElement\":[{\"@type\":\"ListItem\",\"position\":1,\"name\":\"Home\",\"item\":\"https:\\\/\\\/www.alumni.space\\\/de\\\/plattform-fuer-die-verwaltung-von-mentoring-und-unternehmensalumni\\\/\"},{\"@type\":\"ListItem\",\"position\":2,\"name\":\"Wie k\u00f6nnen Wirtschaftspr\u00fcfer den Verlust von Fachwissen antizipieren?\"}]},{\"@type\":\"WebSite\",\"@id\":\"https:\\\/\\\/www.alumni.space\\\/de\\\/#website\",\"url\":\"https:\\\/\\\/www.alumni.space\\\/de\\\/\",\"name\":\"Alumni.space\",\"description\":\"My WordPress Blog\",\"potentialAction\":[{\"@type\":\"SearchAction\",\"target\":{\"@type\":\"EntryPoint\",\"urlTemplate\":\"https:\\\/\\\/www.alumni.space\\\/de\\\/?s={search_term_string}\"},\"query-input\":{\"@type\":\"PropertyValueSpecification\",\"valueRequired\":true,\"valueName\":\"search_term_string\"}}],\"inLanguage\":\"de\"},{\"@type\":\"Person\",\"@id\":\"https:\\\/\\\/www.alumni.space\\\/de\\\/#\\\/schema\\\/person\\\/fede362a57876edda476a61f05ce5b15\",\"name\":\"admin\",\"image\":{\"@type\":\"ImageObject\",\"inLanguage\":\"de\",\"@id\":\"https:\\\/\\\/secure.gravatar.com\\\/avatar\\\/318e234ae94f90d4d629428d6b983c08e31181c28f579e08a021180d759ea651?s=96&d=mm&r=g\",\"url\":\"https:\\\/\\\/secure.gravatar.com\\\/avatar\\\/318e234ae94f90d4d629428d6b983c08e31181c28f579e08a021180d759ea651?s=96&d=mm&r=g\",\"contentUrl\":\"https:\\\/\\\/secure.gravatar.com\\\/avatar\\\/318e234ae94f90d4d629428d6b983c08e31181c28f579e08a021180d759ea651?s=96&d=mm&r=g\",\"caption\":\"admin\"},\"description\":\"Nicolas Laustriat a construit sa sp\u00e9cialit\u00e9 sur un sujet que beaucoup d\u2019organisations d\u00e9couvrent trop tard : ce qui dispara\u00eet quand les gens partent. Dipl\u00f4m\u00e9 en conception de produit industriel, il bifurque vers le digital fin 1996, il couvre les transformations marques, RH, la fid\u00e9lisation, la marque employeur. Sur le terrain, il rep\u00e8re un angle mort r\u00e9current : l\u2019entreprise investit dans le recrutement, la formation, les process\u2026 puis laisse filer le lien au moment du d\u00e9part, avec une perte de savoir et d\u2019influence qui se paie en silence. Il se sp\u00e9cialise alors sur les communaut\u00e9s d\u2019alumni, le mentorat, l\u2019entraide interg\u00e9n\u00e9rationnelle et la transmission d\u2019expertise. Il passe du \u201cconstat\u201d aux m\u00e9thodes : animation, gouvernance, segmentation, rituels, mesure d\u2019engagement, articulation avec la RSE et l\u2019employabilit\u00e9. Il interviewe DRH, responsables formation, directions d\u2019\u00e9coles, associations et fondations, avec une obsession : transformer un r\u00e9seau dormant en m\u00e9canisme utile (cooptation, mentorat, job board, entraide, \u00e9v\u00e9nements, contenus). Son style : direct, orient\u00e9 action, sans folklore. Sa conviction : une communaut\u00e9 n\u2019a pas besoin de bruit, elle a besoin de raisons de revenir.\",\"sameAs\":[\"https:\\\/\\\/www.alumni.space\"]}]}<\/script>\n<!-- \/ Yoast SEO plugin. -->","yoast_head_json":{"title":"Antizipation des Kompetenzverlustes bei den Wirtschaftspr\u00fcfern","description":"Erfahren Sie, wie Wirtschaftspr\u00fcfer den Verlust von Fachwissen antizipieren, um den Fortbestand und die Effizienz ihrer Kanzlei zu sichern.","robots":{"index":"index","follow":"follow","max-snippet":"max-snippet:-1","max-image-preview":"max-image-preview:large","max-video-preview":"max-video-preview:-1"},"canonical":"https:\/\/www.alumni.space\/de\/wie-koennen-wirtschaftspruefer-den-verlust-von-fachwissen-antizipieren\/","og_locale":"de_DE","og_type":"article","og_title":"Antizipation des Kompetenzverlustes bei den Wirtschaftspr\u00fcfern","og_description":"Erfahren Sie, wie Wirtschaftspr\u00fcfer den Verlust von Fachwissen antizipieren, um den Fortbestand und die Effizienz ihrer Kanzlei zu sichern.","og_url":"https:\/\/www.alumni.space\/de\/wie-koennen-wirtschaftspruefer-den-verlust-von-fachwissen-antizipieren\/","og_site_name":"Alumni.space","article_published_time":"2026-04-02T06:35:24+00:00","article_modified_time":"2026-04-02T09:20:59+00:00","og_image":[{"width":1280,"height":768,"url":"https:\/\/www.alumni.space\/wp-content\/uploads\/2026\/04\/Comment-les-experts-comptables-peuvent-ils-anticiper-la-perte-de-competences-.jpg","type":"image\/jpeg"}],"author":"admin","twitter_card":"summary_large_image","twitter_misc":{"Verfasst von":"admin","Gesch\u00e4tzte Lesezeit":"4\u00a0Minuten"},"schema":{"@context":"https:\/\/schema.org","@graph":[{"@type":"Article","@id":"https:\/\/www.alumni.space\/de\/wie-koennen-wirtschaftspruefer-den-verlust-von-fachwissen-antizipieren\/#article","isPartOf":{"@id":"https:\/\/www.alumni.space\/de\/wie-koennen-wirtschaftspruefer-den-verlust-von-fachwissen-antizipieren\/"},"author":{"name":"admin","@id":"https:\/\/www.alumni.space\/de\/#\/schema\/person\/fede362a57876edda476a61f05ce5b15"},"headline":"Wie k\u00f6nnen Wirtschaftspr\u00fcfer den Verlust von Fachwissen antizipieren?","datePublished":"2026-04-02T06:35:24+00:00","dateModified":"2026-04-02T09:20:59+00:00","mainEntityOfPage":{"@id":"https:\/\/www.alumni.space\/de\/wie-koennen-wirtschaftspruefer-den-verlust-von-fachwissen-antizipieren\/"},"wordCount":733,"image":{"@id":"https:\/\/www.alumni.space\/de\/wie-koennen-wirtschaftspruefer-den-verlust-von-fachwissen-antizipieren\/#primaryimage"},"thumbnailUrl":"https:\/\/www.alumni.space\/wp-content\/uploads\/2026\/04\/Comment-les-experts-comptables-peuvent-ils-anticiper-la-perte-de-competences-.jpg","articleSection":["Personalwesen"],"inLanguage":"de"},{"@type":"WebPage","@id":"https:\/\/www.alumni.space\/de\/wie-koennen-wirtschaftspruefer-den-verlust-von-fachwissen-antizipieren\/","url":"https:\/\/www.alumni.space\/de\/wie-koennen-wirtschaftspruefer-den-verlust-von-fachwissen-antizipieren\/","name":"Antizipation des Kompetenzverlustes bei den Wirtschaftspr\u00fcfern","isPartOf":{"@id":"https:\/\/www.alumni.space\/de\/#website"},"primaryImageOfPage":{"@id":"https:\/\/www.alumni.space\/de\/wie-koennen-wirtschaftspruefer-den-verlust-von-fachwissen-antizipieren\/#primaryimage"},"image":{"@id":"https:\/\/www.alumni.space\/de\/wie-koennen-wirtschaftspruefer-den-verlust-von-fachwissen-antizipieren\/#primaryimage"},"thumbnailUrl":"https:\/\/www.alumni.space\/wp-content\/uploads\/2026\/04\/Comment-les-experts-comptables-peuvent-ils-anticiper-la-perte-de-competences-.jpg","datePublished":"2026-04-02T06:35:24+00:00","dateModified":"2026-04-02T09:20:59+00:00","author":{"@id":"https:\/\/www.alumni.space\/de\/#\/schema\/person\/fede362a57876edda476a61f05ce5b15"},"description":"Erfahren Sie, wie Wirtschaftspr\u00fcfer den Verlust von Fachwissen antizipieren, um den Fortbestand und die Effizienz ihrer Kanzlei zu sichern.","breadcrumb":{"@id":"https:\/\/www.alumni.space\/de\/wie-koennen-wirtschaftspruefer-den-verlust-von-fachwissen-antizipieren\/#breadcrumb"},"inLanguage":"de","potentialAction":[{"@type":"ReadAction","target":["https:\/\/www.alumni.space\/de\/wie-koennen-wirtschaftspruefer-den-verlust-von-fachwissen-antizipieren\/"]}]},{"@type":"ImageObject","inLanguage":"de","@id":"https:\/\/www.alumni.space\/de\/wie-koennen-wirtschaftspruefer-den-verlust-von-fachwissen-antizipieren\/#primaryimage","url":"https:\/\/www.alumni.space\/wp-content\/uploads\/2026\/04\/Comment-les-experts-comptables-peuvent-ils-anticiper-la-perte-de-competences-.jpg","contentUrl":"https:\/\/www.alumni.space\/wp-content\/uploads\/2026\/04\/Comment-les-experts-comptables-peuvent-ils-anticiper-la-perte-de-competences-.jpg","width":1280,"height":768,"caption":"d\u00e9couvrez comment les experts-comptables peuvent anticiper la perte de comp\u00e9tences gr\u00e2ce \u00e0 des strat\u00e9gies efficaces de gestion des talents et de formation continue."},{"@type":"BreadcrumbList","@id":"https:\/\/www.alumni.space\/de\/wie-koennen-wirtschaftspruefer-den-verlust-von-fachwissen-antizipieren\/#breadcrumb","itemListElement":[{"@type":"ListItem","position":1,"name":"Home","item":"https:\/\/www.alumni.space\/de\/plattform-fuer-die-verwaltung-von-mentoring-und-unternehmensalumni\/"},{"@type":"ListItem","position":2,"name":"Wie k\u00f6nnen Wirtschaftspr\u00fcfer den Verlust von Fachwissen antizipieren?"}]},{"@type":"WebSite","@id":"https:\/\/www.alumni.space\/de\/#website","url":"https:\/\/www.alumni.space\/de\/","name":"Alumni.space","description":"My WordPress Blog","potentialAction":[{"@type":"SearchAction","target":{"@type":"EntryPoint","urlTemplate":"https:\/\/www.alumni.space\/de\/?s={search_term_string}"},"query-input":{"@type":"PropertyValueSpecification","valueRequired":true,"valueName":"search_term_string"}}],"inLanguage":"de"},{"@type":"Person","@id":"https:\/\/www.alumni.space\/de\/#\/schema\/person\/fede362a57876edda476a61f05ce5b15","name":"admin","image":{"@type":"ImageObject","inLanguage":"de","@id":"https:\/\/secure.gravatar.com\/avatar\/318e234ae94f90d4d629428d6b983c08e31181c28f579e08a021180d759ea651?s=96&d=mm&r=g","url":"https:\/\/secure.gravatar.com\/avatar\/318e234ae94f90d4d629428d6b983c08e31181c28f579e08a021180d759ea651?s=96&d=mm&r=g","contentUrl":"https:\/\/secure.gravatar.com\/avatar\/318e234ae94f90d4d629428d6b983c08e31181c28f579e08a021180d759ea651?s=96&d=mm&r=g","caption":"admin"},"description":"Nicolas Laustriat a construit sa sp\u00e9cialit\u00e9 sur un sujet que beaucoup d\u2019organisations d\u00e9couvrent trop tard : ce qui dispara\u00eet quand les gens partent. Dipl\u00f4m\u00e9 en conception de produit industriel, il bifurque vers le digital fin 1996, il couvre les transformations marques, RH, la fid\u00e9lisation, la marque employeur. Sur le terrain, il rep\u00e8re un angle mort r\u00e9current : l\u2019entreprise investit dans le recrutement, la formation, les process\u2026 puis laisse filer le lien au moment du d\u00e9part, avec une perte de savoir et d\u2019influence qui se paie en silence. Il se sp\u00e9cialise alors sur les communaut\u00e9s d\u2019alumni, le mentorat, l\u2019entraide interg\u00e9n\u00e9rationnelle et la transmission d\u2019expertise. Il passe du \u201cconstat\u201d aux m\u00e9thodes : animation, gouvernance, segmentation, rituels, mesure d\u2019engagement, articulation avec la RSE et l\u2019employabilit\u00e9. Il interviewe DRH, responsables formation, directions d\u2019\u00e9coles, associations et fondations, avec une obsession : transformer un r\u00e9seau dormant en m\u00e9canisme utile (cooptation, mentorat, job board, entraide, \u00e9v\u00e9nements, contenus). Son style : direct, orient\u00e9 action, sans folklore. Sa conviction : une communaut\u00e9 n\u2019a pas besoin de bruit, elle a besoin de raisons de revenir.","sameAs":["https:\/\/www.alumni.space"]}]}},"_links":{"self":[{"href":"https:\/\/www.alumni.space\/de\/wp-json\/wp\/v2\/posts\/6604","targetHints":{"allow":["GET"]}}],"collection":[{"href":"https:\/\/www.alumni.space\/de\/wp-json\/wp\/v2\/posts"}],"about":[{"href":"https:\/\/www.alumni.space\/de\/wp-json\/wp\/v2\/types\/post"}],"author":[{"embeddable":true,"href":"https:\/\/www.alumni.space\/de\/wp-json\/wp\/v2\/users\/1"}],"replies":[{"embeddable":true,"href":"https:\/\/www.alumni.space\/de\/wp-json\/wp\/v2\/comments?post=6604"}],"version-history":[{"count":2,"href":"https:\/\/www.alumni.space\/de\/wp-json\/wp\/v2\/posts\/6604\/revisions"}],"predecessor-version":[{"id":6780,"href":"https:\/\/www.alumni.space\/de\/wp-json\/wp\/v2\/posts\/6604\/revisions\/6780"}],"wp:featuredmedia":[{"embeddable":true,"href":"https:\/\/www.alumni.space\/de\/wp-json\/wp\/v2\/media\/6607"}],"wp:attachment":[{"href":"https:\/\/www.alumni.space\/de\/wp-json\/wp\/v2\/media?parent=6604"}],"wp:term":[{"taxonomy":"category","embeddable":true,"href":"https:\/\/www.alumni.space\/de\/wp-json\/wp\/v2\/categories?post=6604"},{"taxonomy":"post_tag","embeddable":true,"href":"https:\/\/www.alumni.space\/de\/wp-json\/wp\/v2\/tags?post=6604"}],"curies":[{"name":"wp","href":"https:\/\/api.w.org\/{rel}","templated":true}]}}