{"id":6050,"date":"2026-01-29T03:18:32","date_gmt":"2026-01-29T03:18:32","guid":{"rendered":"https:\/\/www.alumni.space\/die-weinbranche-sieht-sich-mit-der-alterspyramide-konfrontiert\/"},"modified":"2026-03-28T10:44:07","modified_gmt":"2026-03-28T10:44:07","slug":"die-weinbranche-sieht-sich-mit-der-alterspyramide-konfrontiert","status":"publish","type":"post","link":"https:\/\/www.alumni.space\/de\/die-weinbranche-sieht-sich-mit-der-alterspyramide-konfrontiert\/","title":{"rendered":"Die Weinbranche sieht sich mit der Alterspyramide konfrontiert"},"content":{"rendered":"<div id=\"ez-toc-container\" class=\"ez-toc-v2_0_82_2 counter-flat ez-toc-counter ez-toc-grey ez-toc-container-direction\">\n<div class=\"ez-toc-title-container\"><p class=\"ez-toc-title\" style=\"cursor:inherit\">Inhalt dieses Artikels:<\/p>\n<\/div><nav><ul class='ez-toc-list ez-toc-list-level-1 ' ><li class='ez-toc-page-1'><a class=\"ez-toc-link ez-toc-heading-1\" href=\"https:\/\/www.alumni.space\/de\/die-weinbranche-sieht-sich-mit-der-alterspyramide-konfrontiert\/#Der_Weinsektor_angesichts_der_demographischen_Herausforderungen_und_der_Alterspyramide\" >Der Weinsektor angesichts der demographischen Herausforderungen und der Alterspyramide<\/a><\/li><li class='ez-toc-page-1'><a class=\"ez-toc-link ez-toc-heading-2\" href=\"https:\/\/www.alumni.space\/de\/die-weinbranche-sieht-sich-mit-der-alterspyramide-konfrontiert\/#Begrenzte_Anzahl_junger_Weinbauern_angesichts_einer_alternden_Bevoelkerung\" >Begrenzte Anzahl junger Weinbauern angesichts einer alternden Bev\u00f6lkerung<\/a><\/li><li class='ez-toc-page-1'><a class=\"ez-toc-link ez-toc-heading-3\" href=\"https:\/\/www.alumni.space\/de\/die-weinbranche-sieht-sich-mit-der-alterspyramide-konfrontiert\/#Weitergabe_von_Know-how_und_Kapital_eine_entscheidende_Herausforderung_fuer_den_Weinsektor\" >Weitergabe von Know-how und Kapital: eine entscheidende Herausforderung f\u00fcr den Weinsektor<\/a><\/li><li class='ez-toc-page-1'><a class=\"ez-toc-link ez-toc-heading-4\" href=\"https:\/\/www.alumni.space\/de\/die-weinbranche-sieht-sich-mit-der-alterspyramide-konfrontiert\/#Wie_passt_der_Weinsektor_seine_Governance_angesichts_der_Alterspyramide_an\" >Wie passt der Weinsektor seine Governance angesichts der Alterspyramide an?<\/a><\/li><li class='ez-toc-page-1'><a class=\"ez-toc-link ez-toc-heading-5\" href=\"https:\/\/www.alumni.space\/de\/die-weinbranche-sieht-sich-mit-der-alterspyramide-konfrontiert\/#Innovative_Initiativen_um_die_Abgaenge_zu_antizipieren_und_die_Erneuerung_zu_begleiten\" >Innovative Initiativen, um die Abg\u00e4nge zu antizipieren und die Erneuerung zu begleiten<\/a><\/li><li class='ez-toc-page-1'><a class=\"ez-toc-link ez-toc-heading-6\" href=\"https:\/\/www.alumni.space\/de\/die-weinbranche-sieht-sich-mit-der-alterspyramide-konfrontiert\/#Die_Zukunft_der_Weinberge_Steuerung_des_Generationswechsels_durch_Technologie_und_Netzwerke\" >Die Zukunft der Weinberge: Steuerung des Generationswechsels durch Technologie und Netzwerke<\/a><\/li><\/ul><\/nav><\/div>\n<h2 class=\"wp-block-heading\"><span class=\"ez-toc-section\" id=\"Der_Weinsektor_angesichts_der_demographischen_Herausforderungen_und_der_Alterspyramide\"><\/span>Der Weinsektor angesichts der demographischen Herausforderungen und der Alterspyramide<span class=\"ez-toc-section-end\"><\/span><\/h2><p>Der Weinsektor steht derzeit vor einer gro\u00dfen Herausforderung: der starken \u00dcberalterung seiner Arbeitskr\u00e4fte. Mit einer hohen Pensionierungsrate und einer unzureichenden Erneuerung der Generationen wird die demographische Struktur der Weinbauern zu einem Hindernis f\u00fcr die Zukunft der Weinberge. Diese Diskrepanz bedroht die Weitergabe von Know-how und schw\u00e4cht die Kontinuit\u00e4t der Betriebe.  <\/p><figure class=\"wp-block-image size-full\"><img decoding=\"async\" width=\"1280\" height=\"768\" src=\"https:\/\/www.alumni.space\/wp-content\/uploads\/2026\/03\/La-filiere-viticole-confrontee-a-la-pyramide-des-ages-1.jpg\" data-orig-src=\"https:\/\/www.alumni.space\/wp-content\/uploads\/2026\/03\/La-filiere-viticole-confrontee-a-la-pyramide-des-ages-1.jpg\" alt=\"Entdecken Sie die demographischen Herausforderungen des Weinsektors angesichts der Alterspyramide und die Herausforderungen, um seine Erneuerung und seinen Fortbestand zu sichern.\" class=\"lazyload wp-image-3186\" srcset=\"data:image\/svg+xml,%3Csvg%20xmlns%3D%27http%3A%2F%2Fwww.w3.org%2F2000%2Fsvg%27%20width%3D%271280%27%20height%3D%27768%27%20viewBox%3D%270%200%201280%20768%27%3E%3Crect%20width%3D%271280%27%20height%3D%27768%27%20fill-opacity%3D%220%22%2F%3E%3C%2Fsvg%3E\" data-srcset=\"https:\/\/www.alumni.space\/wp-content\/uploads\/2026\/03\/La-filiere-viticole-confrontee-a-la-pyramide-des-ages-1-200x120.jpg 200w, https:\/\/www.alumni.space\/wp-content\/uploads\/2026\/03\/La-filiere-viticole-confrontee-a-la-pyramide-des-ages-1-300x180.jpg 300w, https:\/\/www.alumni.space\/wp-content\/uploads\/2026\/03\/La-filiere-viticole-confrontee-a-la-pyramide-des-ages-1-400x240.jpg 400w, https:\/\/www.alumni.space\/wp-content\/uploads\/2026\/03\/La-filiere-viticole-confrontee-a-la-pyramide-des-ages-1-600x360.jpg 600w, https:\/\/www.alumni.space\/wp-content\/uploads\/2026\/03\/La-filiere-viticole-confrontee-a-la-pyramide-des-ages-1-768x461.jpg 768w, https:\/\/www.alumni.space\/wp-content\/uploads\/2026\/03\/La-filiere-viticole-confrontee-a-la-pyramide-des-ages-1-800x480.jpg 800w, https:\/\/www.alumni.space\/wp-content\/uploads\/2026\/03\/La-filiere-viticole-confrontee-a-la-pyramide-des-ages-1-1024x614.jpg 1024w, https:\/\/www.alumni.space\/wp-content\/uploads\/2026\/03\/La-filiere-viticole-confrontee-a-la-pyramide-des-ages-1-1200x720.jpg 1200w, https:\/\/www.alumni.space\/wp-content\/uploads\/2026\/03\/La-filiere-viticole-confrontee-a-la-pyramide-des-ages-1.jpg 1280w\" data-sizes=\"auto\" data-orig-sizes=\"(max-width: 1280px) 100vw, 1280px\" \/><\/figure><h3 class=\"wp-block-heading\"><span class=\"ez-toc-section\" id=\"Begrenzte_Anzahl_junger_Weinbauern_angesichts_einer_alternden_Bevoelkerung\"><\/span>Begrenzte Anzahl junger Weinbauern angesichts einer alternden Bev\u00f6lkerung<span class=\"ez-toc-section-end\"><\/span><\/h3><p>Die wichtigsten Weinbauern n\u00e4hern sich weitgehend dem Rentenalter. Diese \u00e4ltere Bev\u00f6lkerung findet nicht immer Nachfolger unter den jungen Leuten, deren Interesse an dem Beruf sich \u00e4ndert und sich auf kleinere Mengen oder andere Konsumgewohnheiten konzentriert. Dies hat Auswirkungen auf die Erneuerung der Generationen, wodurch die Asymmetrie der Alterspyramide noch weiter versch\u00e4rft wird.  <\/p><p>Neuank\u00f6mmlinge bevorzugen in der Regel leichte Schaumweine oder Ros\u00e9weine, die weniger Volumen ben\u00f6tigen als der traditionelle Rotwein. Infolgedessen steigt der Druck auf die Familienbetriebe, insbesondere in schwierigen Gebieten, wo der Return on Investment unsicher erscheint. Diese Situation spiegelt ein Ungleichgewicht wider, das sich als kritisch f\u00fcr die nachhaltige Bewirtschaftung von Terroirs erweisen kann.  <\/p><h3 class=\"wp-block-heading\"><span class=\"ez-toc-section\" id=\"Weitergabe_von_Know-how_und_Kapital_eine_entscheidende_Herausforderung_fuer_den_Weinsektor\"><\/span>Weitergabe von Know-how und Kapital: eine entscheidende Herausforderung f\u00fcr den Weinsektor<span class=\"ez-toc-section-end\"><\/span><\/h3><p>Das allm\u00e4hliche Verschwinden von erfahrenen Landwirten birgt ein gro\u00dfes Risiko des Verlustes von Erfahrungskapital und Kompetenzen. Die Effizienz von \u00dcbertragungs- und Mentoringprozessen wird daher zu einem unverzichtbaren Hebel, um die Kontinuit\u00e4t zu gew\u00e4hrleisten. Die Herausforderung besteht darin, Strategien zu entwickeln, um die Kooptation und Integration junger Winzer zu optimieren und gleichzeitig die Exzellenz der Praktiken zu erhalten.  <\/p><p>Die Digitalisierung des Austauschs und die strukturierte Verwaltung von Berufsgemeinschaften spielen in diesem Zusammenhang eine Schl\u00fcsselrolle. SaaS-Plattformen f\u00fcr die Animation von Netzwerken, wie <a href=\"https:\/\/www.alumni.space\/de\/alterspyramide-eine-unterschaetzte-herausforderung-fuer-technische-berufe\/\">diese L\u00f6sung<\/a>, erm\u00f6glichen es, die Entwicklung der Alterspyramide genau zu verfolgen und zu antizipieren. Sie erleichtern auch den Informationsaustausch und die Weiterbildung zwischen den Generationen.  <\/p><h2 class=\"wp-block-heading\"><span class=\"ez-toc-section\" id=\"Wie_passt_der_Weinsektor_seine_Governance_angesichts_der_Alterspyramide_an\"><\/span>Wie passt der Weinsektor seine Governance angesichts der Alterspyramide an?<span class=\"ez-toc-section-end\"><\/span><\/h2><p>Die Konfrontation mit dieser komplexen Demografie erfordert von den Entscheidungstr\u00e4gern ein \u00dcberdenken der Governance und der Art und Weise, wie die Betriebe gef\u00fchrt werden. Der Gemeinschaftsgeist muss gest\u00e4rkt werden, mit einem gr\u00f6\u00dferen Engagement der Akteure, um den Verlust von Wissen zu begrenzen und die Verbindung zwischen den Generationen zu f\u00f6rdern. Durch genaue Indikatoren und regelm\u00e4\u00dfige \u00dcberwachung k\u00f6nnen Ma\u00dfnahmen ergriffen werden, die auf die Gegebenheiten vor Ort zugeschnitten sind.  <\/p><p>Der Cr\u00e9dit Agricole, ein wichtiger Partner des Sektors, unterst\u00fctzt diese Dynamiken aktiv. Seine Intervention besteht insbesondere darin, die Liquidit\u00e4t von Betrieben in Schwierigkeiten zu erleichtern und so ihren \u00dcbergang und die Vorbereitung auf den Ruhestand zu erleichtern. Dies wird durch einen Rodungsplan erg\u00e4nzt, der mit 120 Mio. EUR finanziert wird und den Fachleuten Spielraum f\u00fcr die strategische Anpassung ihrer Anbaufl\u00e4chen gibt.  <\/p><h3 class=\"wp-block-heading\"><span class=\"ez-toc-section\" id=\"Innovative_Initiativen_um_die_Abgaenge_zu_antizipieren_und_die_Erneuerung_zu_begleiten\"><\/span>Innovative Initiativen, um die Abg\u00e4nge zu antizipieren und die Erneuerung zu begleiten<span class=\"ez-toc-section-end\"><\/span><\/h3><p>Um den Nachwuchs zu sichern, kann die Branche auf Community-Ma\u00dfnahmen zur\u00fcckgreifen, die die Verbindung zwischen erfahrenen Mentoren und jungen Weinbauern f\u00f6rdern. Diese Praktiken tragen dazu bei, die Zugeh\u00f6rigkeit und die Mobilisierung f\u00fcr den Beruf zu st\u00e4rken. Die Entwicklung von Fachinhalten, die Durchf\u00fchrung gezielter Veranstaltungen und das Angebot von Mentoring-Pfaden sind operative Antworten auf die demografische Krise.  <\/p><p>Personalabteilungen, insbesondere in Bildungseinrichtungen, verwenden leistungsf\u00e4hige Instrumente, um Ver\u00e4nderungen in der Belegschaft zu antizipieren und Rituale der Begleitung einzuf\u00fchren. Diese Methode beschleunigt nicht nur die berufliche Integration, sondern verringert auch die Risiken, die mit ungeplanten Abg\u00e4ngen verbunden sind. <\/p><h2 class=\"wp-block-heading\"><span class=\"ez-toc-section\" id=\"Die_Zukunft_der_Weinberge_Steuerung_des_Generationswechsels_durch_Technologie_und_Netzwerke\"><\/span>Die Zukunft der Weinberge: Steuerung des Generationswechsels durch Technologie und Netzwerke<span class=\"ez-toc-section-end\"><\/span><\/h2><p>Die Kontrolle der Alterspyramide erfordert unweigerlich eine strenge Steuerung auf der Grundlage geeigneter Schl\u00fcsselindikatoren. Die Kenntnis der genauen Verteilung der Arbeitskr\u00e4fte, die Messung der \u00dcbertragungsrate von Betrieben und die Analyse des Profils der Neuzug\u00e4nge sind grundlegende Schritte. Dieser Ansatz sichert die Unternehmensf\u00fchrung und reduziert die versteckten Kosten, die mit dem Verlust von Kompetenzen oder der schlechten Integration von jungen Menschen verbunden sind.  <\/p><p>Es ist wichtig, diese Prozesse \u00fcber eine einzige, kollaborative Plattform zu industrialisieren. Eine Vielzahl von verstreuten Werkzeugen f\u00fchrt zu einem erheblichen Zeitverlust und hemmt das dauerhafte Engagement der Akteure. <a href=\"https:\/\/www.alumni.space\/de\/wie-koennen-personalverantwortliche-die-alterspyramide-antizipieren\/\">Personalfachleute<\/a> best\u00e4tigen, dass die Zentralisierung von Daten das Management optimiert und die strategische Entscheidungsfindung erleichtert, insbesondere f\u00fcr die Weinbranche. <\/p>","protected":false},"excerpt":{"rendered":"<p>Der Weinsektor angesichts der demographischen Herausforderungen und der AlterspyramideDer Weinsektor  [&#8230;]<\/p>\n","protected":false},"author":1,"featured_media":6052,"comment_status":"closed","ping_status":"closed","sticky":false,"template":"","format":"standard","meta":{"_ayudawp_aiss_exclude":false,"footnotes":""},"categories":[60],"tags":[],"class_list":["post-6050","post","type-post","status-publish","format-standard","has-post-thumbnail","hentry","category-personalwesen"],"yoast_head":"<!-- This site is optimized with the Yoast SEO plugin v27.4 - https:\/\/yoast.com\/product\/yoast-seo-wordpress\/ -->\n<title>Weinbau vor der Herausforderung der Alterspyramide<\/title>\n<meta name=\"description\" content=\"Erfahren Sie, wie der Weinsektor die Herausforderung der Alterspyramide angeht und seine Zukunft nachhaltig vorbereitet.\" \/>\n<meta name=\"robots\" content=\"index, follow, max-snippet:-1, max-image-preview:large, max-video-preview:-1\" \/>\n<link rel=\"canonical\" href=\"https:\/\/www.alumni.space\/de\/die-weinbranche-sieht-sich-mit-der-alterspyramide-konfrontiert\/\" \/>\n<meta property=\"og:locale\" content=\"de_DE\" \/>\n<meta property=\"og:type\" content=\"article\" \/>\n<meta property=\"og:title\" content=\"Weinbau vor der Herausforderung der Alterspyramide\" \/>\n<meta property=\"og:description\" content=\"Erfahren Sie, wie der Weinsektor die Herausforderung der Alterspyramide angeht und seine Zukunft nachhaltig vorbereitet.\" \/>\n<meta property=\"og:url\" content=\"https:\/\/www.alumni.space\/de\/die-weinbranche-sieht-sich-mit-der-alterspyramide-konfrontiert\/\" \/>\n<meta property=\"og:site_name\" content=\"Alumni.space\" \/>\n<meta property=\"article:published_time\" content=\"2026-01-29T03:18:32+00:00\" \/>\n<meta property=\"article:modified_time\" content=\"2026-03-28T10:44:07+00:00\" \/>\n<meta property=\"og:image\" content=\"https:\/\/www.alumni.space\/wp-content\/uploads\/2026\/03\/La-filiere-viticole-confrontee-a-la-pyramide-des-ages.jpg\" \/>\n\t<meta property=\"og:image:width\" content=\"1280\" \/>\n\t<meta property=\"og:image:height\" content=\"768\" \/>\n\t<meta property=\"og:image:type\" content=\"image\/jpeg\" \/>\n<meta name=\"author\" content=\"admin\" \/>\n<meta name=\"twitter:card\" content=\"summary_large_image\" \/>\n<meta name=\"twitter:label1\" content=\"Verfasst von\" \/>\n\t<meta name=\"twitter:data1\" content=\"admin\" \/>\n\t<meta name=\"twitter:label2\" content=\"Gesch\u00e4tzte Lesezeit\" \/>\n\t<meta name=\"twitter:data2\" content=\"4\u00a0Minuten\" \/>\n<script type=\"application\/ld+json\" class=\"yoast-schema-graph\">{\"@context\":\"https:\\\/\\\/schema.org\",\"@graph\":[{\"@type\":\"Article\",\"@id\":\"https:\\\/\\\/www.alumni.space\\\/de\\\/die-weinbranche-sieht-sich-mit-der-alterspyramide-konfrontiert\\\/#article\",\"isPartOf\":{\"@id\":\"https:\\\/\\\/www.alumni.space\\\/de\\\/die-weinbranche-sieht-sich-mit-der-alterspyramide-konfrontiert\\\/\"},\"author\":{\"name\":\"admin\",\"@id\":\"https:\\\/\\\/www.alumni.space\\\/de\\\/#\\\/schema\\\/person\\\/fede362a57876edda476a61f05ce5b15\"},\"headline\":\"Die Weinbranche sieht sich mit der Alterspyramide konfrontiert\",\"datePublished\":\"2026-01-29T03:18:32+00:00\",\"dateModified\":\"2026-03-28T10:44:07+00:00\",\"mainEntityOfPage\":{\"@id\":\"https:\\\/\\\/www.alumni.space\\\/de\\\/die-weinbranche-sieht-sich-mit-der-alterspyramide-konfrontiert\\\/\"},\"wordCount\":716,\"image\":{\"@id\":\"https:\\\/\\\/www.alumni.space\\\/de\\\/die-weinbranche-sieht-sich-mit-der-alterspyramide-konfrontiert\\\/#primaryimage\"},\"thumbnailUrl\":\"https:\\\/\\\/www.alumni.space\\\/wp-content\\\/uploads\\\/2026\\\/03\\\/La-filiere-viticole-confrontee-a-la-pyramide-des-ages.jpg\",\"articleSection\":[\"Personalwesen\"],\"inLanguage\":\"de\"},{\"@type\":\"WebPage\",\"@id\":\"https:\\\/\\\/www.alumni.space\\\/de\\\/die-weinbranche-sieht-sich-mit-der-alterspyramide-konfrontiert\\\/\",\"url\":\"https:\\\/\\\/www.alumni.space\\\/de\\\/die-weinbranche-sieht-sich-mit-der-alterspyramide-konfrontiert\\\/\",\"name\":\"Weinbau vor der Herausforderung der Alterspyramide\",\"isPartOf\":{\"@id\":\"https:\\\/\\\/www.alumni.space\\\/de\\\/#website\"},\"primaryImageOfPage\":{\"@id\":\"https:\\\/\\\/www.alumni.space\\\/de\\\/die-weinbranche-sieht-sich-mit-der-alterspyramide-konfrontiert\\\/#primaryimage\"},\"image\":{\"@id\":\"https:\\\/\\\/www.alumni.space\\\/de\\\/die-weinbranche-sieht-sich-mit-der-alterspyramide-konfrontiert\\\/#primaryimage\"},\"thumbnailUrl\":\"https:\\\/\\\/www.alumni.space\\\/wp-content\\\/uploads\\\/2026\\\/03\\\/La-filiere-viticole-confrontee-a-la-pyramide-des-ages.jpg\",\"datePublished\":\"2026-01-29T03:18:32+00:00\",\"dateModified\":\"2026-03-28T10:44:07+00:00\",\"author\":{\"@id\":\"https:\\\/\\\/www.alumni.space\\\/de\\\/#\\\/schema\\\/person\\\/fede362a57876edda476a61f05ce5b15\"},\"description\":\"Erfahren Sie, wie der Weinsektor die Herausforderung der Alterspyramide angeht und seine Zukunft nachhaltig vorbereitet.\",\"breadcrumb\":{\"@id\":\"https:\\\/\\\/www.alumni.space\\\/de\\\/die-weinbranche-sieht-sich-mit-der-alterspyramide-konfrontiert\\\/#breadcrumb\"},\"inLanguage\":\"de\",\"potentialAction\":[{\"@type\":\"ReadAction\",\"target\":[\"https:\\\/\\\/www.alumni.space\\\/de\\\/die-weinbranche-sieht-sich-mit-der-alterspyramide-konfrontiert\\\/\"]}]},{\"@type\":\"ImageObject\",\"inLanguage\":\"de\",\"@id\":\"https:\\\/\\\/www.alumni.space\\\/de\\\/die-weinbranche-sieht-sich-mit-der-alterspyramide-konfrontiert\\\/#primaryimage\",\"url\":\"https:\\\/\\\/www.alumni.space\\\/wp-content\\\/uploads\\\/2026\\\/03\\\/La-filiere-viticole-confrontee-a-la-pyramide-des-ages.jpg\",\"contentUrl\":\"https:\\\/\\\/www.alumni.space\\\/wp-content\\\/uploads\\\/2026\\\/03\\\/La-filiere-viticole-confrontee-a-la-pyramide-des-ages.jpg\",\"width\":1280,\"height\":768,\"caption\":\"Entdecken Sie die Herausforderungen des Weinsektors angesichts der Alterspyramide und die L\u00f6sungen, die in Betracht gezogen werden, um den Nachwuchs und den Fortbestand des Sektors zu sichern.\"},{\"@type\":\"BreadcrumbList\",\"@id\":\"https:\\\/\\\/www.alumni.space\\\/de\\\/die-weinbranche-sieht-sich-mit-der-alterspyramide-konfrontiert\\\/#breadcrumb\",\"itemListElement\":[{\"@type\":\"ListItem\",\"position\":1,\"name\":\"Home\",\"item\":\"https:\\\/\\\/www.alumni.space\\\/de\\\/plattform-fuer-die-verwaltung-von-mentoring-und-unternehmensalumni\\\/\"},{\"@type\":\"ListItem\",\"position\":2,\"name\":\"Die Weinbranche sieht sich mit der Alterspyramide konfrontiert\"}]},{\"@type\":\"WebSite\",\"@id\":\"https:\\\/\\\/www.alumni.space\\\/de\\\/#website\",\"url\":\"https:\\\/\\\/www.alumni.space\\\/de\\\/\",\"name\":\"Alumni.space\",\"description\":\"My WordPress Blog\",\"potentialAction\":[{\"@type\":\"SearchAction\",\"target\":{\"@type\":\"EntryPoint\",\"urlTemplate\":\"https:\\\/\\\/www.alumni.space\\\/de\\\/?s={search_term_string}\"},\"query-input\":{\"@type\":\"PropertyValueSpecification\",\"valueRequired\":true,\"valueName\":\"search_term_string\"}}],\"inLanguage\":\"de\"},{\"@type\":\"Person\",\"@id\":\"https:\\\/\\\/www.alumni.space\\\/de\\\/#\\\/schema\\\/person\\\/fede362a57876edda476a61f05ce5b15\",\"name\":\"admin\",\"image\":{\"@type\":\"ImageObject\",\"inLanguage\":\"de\",\"@id\":\"https:\\\/\\\/secure.gravatar.com\\\/avatar\\\/318e234ae94f90d4d629428d6b983c08e31181c28f579e08a021180d759ea651?s=96&d=mm&r=g\",\"url\":\"https:\\\/\\\/secure.gravatar.com\\\/avatar\\\/318e234ae94f90d4d629428d6b983c08e31181c28f579e08a021180d759ea651?s=96&d=mm&r=g\",\"contentUrl\":\"https:\\\/\\\/secure.gravatar.com\\\/avatar\\\/318e234ae94f90d4d629428d6b983c08e31181c28f579e08a021180d759ea651?s=96&d=mm&r=g\",\"caption\":\"admin\"},\"description\":\"Nicolas Laustriat a construit sa sp\u00e9cialit\u00e9 sur un sujet que beaucoup d\u2019organisations d\u00e9couvrent trop tard : ce qui dispara\u00eet quand les gens partent. Dipl\u00f4m\u00e9 en conception de produit industriel, il bifurque vers le digital fin 1996, il couvre les transformations marques, RH, la fid\u00e9lisation, la marque employeur. Sur le terrain, il rep\u00e8re un angle mort r\u00e9current : l\u2019entreprise investit dans le recrutement, la formation, les process\u2026 puis laisse filer le lien au moment du d\u00e9part, avec une perte de savoir et d\u2019influence qui se paie en silence. Il se sp\u00e9cialise alors sur les communaut\u00e9s d\u2019alumni, le mentorat, l\u2019entraide interg\u00e9n\u00e9rationnelle et la transmission d\u2019expertise. Il passe du \u201cconstat\u201d aux m\u00e9thodes : animation, gouvernance, segmentation, rituels, mesure d\u2019engagement, articulation avec la RSE et l\u2019employabilit\u00e9. Il interviewe DRH, responsables formation, directions d\u2019\u00e9coles, associations et fondations, avec une obsession : transformer un r\u00e9seau dormant en m\u00e9canisme utile (cooptation, mentorat, job board, entraide, \u00e9v\u00e9nements, contenus). Son style : direct, orient\u00e9 action, sans folklore. Sa conviction : une communaut\u00e9 n\u2019a pas besoin de bruit, elle a besoin de raisons de revenir.\",\"sameAs\":[\"https:\\\/\\\/www.alumni.space\"]}]}<\/script>\n<!-- \/ Yoast SEO plugin. -->","yoast_head_json":{"title":"Weinbau vor der Herausforderung der Alterspyramide","description":"Erfahren Sie, wie der Weinsektor die Herausforderung der Alterspyramide angeht und seine Zukunft nachhaltig vorbereitet.","robots":{"index":"index","follow":"follow","max-snippet":"max-snippet:-1","max-image-preview":"max-image-preview:large","max-video-preview":"max-video-preview:-1"},"canonical":"https:\/\/www.alumni.space\/de\/die-weinbranche-sieht-sich-mit-der-alterspyramide-konfrontiert\/","og_locale":"de_DE","og_type":"article","og_title":"Weinbau vor der Herausforderung der Alterspyramide","og_description":"Erfahren Sie, wie der Weinsektor die Herausforderung der Alterspyramide angeht und seine Zukunft nachhaltig vorbereitet.","og_url":"https:\/\/www.alumni.space\/de\/die-weinbranche-sieht-sich-mit-der-alterspyramide-konfrontiert\/","og_site_name":"Alumni.space","article_published_time":"2026-01-29T03:18:32+00:00","article_modified_time":"2026-03-28T10:44:07+00:00","og_image":[{"width":1280,"height":768,"url":"https:\/\/www.alumni.space\/wp-content\/uploads\/2026\/03\/La-filiere-viticole-confrontee-a-la-pyramide-des-ages.jpg","type":"image\/jpeg"}],"author":"admin","twitter_card":"summary_large_image","twitter_misc":{"Verfasst von":"admin","Gesch\u00e4tzte Lesezeit":"4\u00a0Minuten"},"schema":{"@context":"https:\/\/schema.org","@graph":[{"@type":"Article","@id":"https:\/\/www.alumni.space\/de\/die-weinbranche-sieht-sich-mit-der-alterspyramide-konfrontiert\/#article","isPartOf":{"@id":"https:\/\/www.alumni.space\/de\/die-weinbranche-sieht-sich-mit-der-alterspyramide-konfrontiert\/"},"author":{"name":"admin","@id":"https:\/\/www.alumni.space\/de\/#\/schema\/person\/fede362a57876edda476a61f05ce5b15"},"headline":"Die Weinbranche sieht sich mit der Alterspyramide konfrontiert","datePublished":"2026-01-29T03:18:32+00:00","dateModified":"2026-03-28T10:44:07+00:00","mainEntityOfPage":{"@id":"https:\/\/www.alumni.space\/de\/die-weinbranche-sieht-sich-mit-der-alterspyramide-konfrontiert\/"},"wordCount":716,"image":{"@id":"https:\/\/www.alumni.space\/de\/die-weinbranche-sieht-sich-mit-der-alterspyramide-konfrontiert\/#primaryimage"},"thumbnailUrl":"https:\/\/www.alumni.space\/wp-content\/uploads\/2026\/03\/La-filiere-viticole-confrontee-a-la-pyramide-des-ages.jpg","articleSection":["Personalwesen"],"inLanguage":"de"},{"@type":"WebPage","@id":"https:\/\/www.alumni.space\/de\/die-weinbranche-sieht-sich-mit-der-alterspyramide-konfrontiert\/","url":"https:\/\/www.alumni.space\/de\/die-weinbranche-sieht-sich-mit-der-alterspyramide-konfrontiert\/","name":"Weinbau vor der Herausforderung der Alterspyramide","isPartOf":{"@id":"https:\/\/www.alumni.space\/de\/#website"},"primaryImageOfPage":{"@id":"https:\/\/www.alumni.space\/de\/die-weinbranche-sieht-sich-mit-der-alterspyramide-konfrontiert\/#primaryimage"},"image":{"@id":"https:\/\/www.alumni.space\/de\/die-weinbranche-sieht-sich-mit-der-alterspyramide-konfrontiert\/#primaryimage"},"thumbnailUrl":"https:\/\/www.alumni.space\/wp-content\/uploads\/2026\/03\/La-filiere-viticole-confrontee-a-la-pyramide-des-ages.jpg","datePublished":"2026-01-29T03:18:32+00:00","dateModified":"2026-03-28T10:44:07+00:00","author":{"@id":"https:\/\/www.alumni.space\/de\/#\/schema\/person\/fede362a57876edda476a61f05ce5b15"},"description":"Erfahren Sie, wie der Weinsektor die Herausforderung der Alterspyramide angeht und seine Zukunft nachhaltig vorbereitet.","breadcrumb":{"@id":"https:\/\/www.alumni.space\/de\/die-weinbranche-sieht-sich-mit-der-alterspyramide-konfrontiert\/#breadcrumb"},"inLanguage":"de","potentialAction":[{"@type":"ReadAction","target":["https:\/\/www.alumni.space\/de\/die-weinbranche-sieht-sich-mit-der-alterspyramide-konfrontiert\/"]}]},{"@type":"ImageObject","inLanguage":"de","@id":"https:\/\/www.alumni.space\/de\/die-weinbranche-sieht-sich-mit-der-alterspyramide-konfrontiert\/#primaryimage","url":"https:\/\/www.alumni.space\/wp-content\/uploads\/2026\/03\/La-filiere-viticole-confrontee-a-la-pyramide-des-ages.jpg","contentUrl":"https:\/\/www.alumni.space\/wp-content\/uploads\/2026\/03\/La-filiere-viticole-confrontee-a-la-pyramide-des-ages.jpg","width":1280,"height":768,"caption":"Entdecken Sie die Herausforderungen des Weinsektors angesichts der Alterspyramide und die L\u00f6sungen, die in Betracht gezogen werden, um den Nachwuchs und den Fortbestand des Sektors zu sichern."},{"@type":"BreadcrumbList","@id":"https:\/\/www.alumni.space\/de\/die-weinbranche-sieht-sich-mit-der-alterspyramide-konfrontiert\/#breadcrumb","itemListElement":[{"@type":"ListItem","position":1,"name":"Home","item":"https:\/\/www.alumni.space\/de\/plattform-fuer-die-verwaltung-von-mentoring-und-unternehmensalumni\/"},{"@type":"ListItem","position":2,"name":"Die Weinbranche sieht sich mit der Alterspyramide konfrontiert"}]},{"@type":"WebSite","@id":"https:\/\/www.alumni.space\/de\/#website","url":"https:\/\/www.alumni.space\/de\/","name":"Alumni.space","description":"My WordPress Blog","potentialAction":[{"@type":"SearchAction","target":{"@type":"EntryPoint","urlTemplate":"https:\/\/www.alumni.space\/de\/?s={search_term_string}"},"query-input":{"@type":"PropertyValueSpecification","valueRequired":true,"valueName":"search_term_string"}}],"inLanguage":"de"},{"@type":"Person","@id":"https:\/\/www.alumni.space\/de\/#\/schema\/person\/fede362a57876edda476a61f05ce5b15","name":"admin","image":{"@type":"ImageObject","inLanguage":"de","@id":"https:\/\/secure.gravatar.com\/avatar\/318e234ae94f90d4d629428d6b983c08e31181c28f579e08a021180d759ea651?s=96&d=mm&r=g","url":"https:\/\/secure.gravatar.com\/avatar\/318e234ae94f90d4d629428d6b983c08e31181c28f579e08a021180d759ea651?s=96&d=mm&r=g","contentUrl":"https:\/\/secure.gravatar.com\/avatar\/318e234ae94f90d4d629428d6b983c08e31181c28f579e08a021180d759ea651?s=96&d=mm&r=g","caption":"admin"},"description":"Nicolas Laustriat a construit sa sp\u00e9cialit\u00e9 sur un sujet que beaucoup d\u2019organisations d\u00e9couvrent trop tard : ce qui dispara\u00eet quand les gens partent. Dipl\u00f4m\u00e9 en conception de produit industriel, il bifurque vers le digital fin 1996, il couvre les transformations marques, RH, la fid\u00e9lisation, la marque employeur. Sur le terrain, il rep\u00e8re un angle mort r\u00e9current : l\u2019entreprise investit dans le recrutement, la formation, les process\u2026 puis laisse filer le lien au moment du d\u00e9part, avec une perte de savoir et d\u2019influence qui se paie en silence. Il se sp\u00e9cialise alors sur les communaut\u00e9s d\u2019alumni, le mentorat, l\u2019entraide interg\u00e9n\u00e9rationnelle et la transmission d\u2019expertise. Il passe du \u201cconstat\u201d aux m\u00e9thodes : animation, gouvernance, segmentation, rituels, mesure d\u2019engagement, articulation avec la RSE et l\u2019employabilit\u00e9. Il interviewe DRH, responsables formation, directions d\u2019\u00e9coles, associations et fondations, avec une obsession : transformer un r\u00e9seau dormant en m\u00e9canisme utile (cooptation, mentorat, job board, entraide, \u00e9v\u00e9nements, contenus). Son style : direct, orient\u00e9 action, sans folklore. Sa conviction : une communaut\u00e9 n\u2019a pas besoin de bruit, elle a besoin de raisons de revenir.","sameAs":["https:\/\/www.alumni.space"]}]}},"_links":{"self":[{"href":"https:\/\/www.alumni.space\/de\/wp-json\/wp\/v2\/posts\/6050","targetHints":{"allow":["GET"]}}],"collection":[{"href":"https:\/\/www.alumni.space\/de\/wp-json\/wp\/v2\/posts"}],"about":[{"href":"https:\/\/www.alumni.space\/de\/wp-json\/wp\/v2\/types\/post"}],"author":[{"embeddable":true,"href":"https:\/\/www.alumni.space\/de\/wp-json\/wp\/v2\/users\/1"}],"replies":[{"embeddable":true,"href":"https:\/\/www.alumni.space\/de\/wp-json\/wp\/v2\/comments?post=6050"}],"version-history":[{"count":1,"href":"https:\/\/www.alumni.space\/de\/wp-json\/wp\/v2\/posts\/6050\/revisions"}],"predecessor-version":[{"id":6054,"href":"https:\/\/www.alumni.space\/de\/wp-json\/wp\/v2\/posts\/6050\/revisions\/6054"}],"wp:featuredmedia":[{"embeddable":true,"href":"https:\/\/www.alumni.space\/de\/wp-json\/wp\/v2\/media\/6052"}],"wp:attachment":[{"href":"https:\/\/www.alumni.space\/de\/wp-json\/wp\/v2\/media?parent=6050"}],"wp:term":[{"taxonomy":"category","embeddable":true,"href":"https:\/\/www.alumni.space\/de\/wp-json\/wp\/v2\/categories?post=6050"},{"taxonomy":"post_tag","embeddable":true,"href":"https:\/\/www.alumni.space\/de\/wp-json\/wp\/v2\/tags?post=6050"}],"curies":[{"name":"wp","href":"https:\/\/api.w.org\/{rel}","templated":true}]}}