{"id":5730,"date":"2024-09-23T11:29:59","date_gmt":"2024-09-23T11:29:59","guid":{"rendered":"https:\/\/www.alumni.space\/die-apotheke-steht-vor-der-herausforderung-des-generationswechsels\/"},"modified":"2026-04-02T12:04:49","modified_gmt":"2026-04-02T12:04:49","slug":"die-apotheke-steht-vor-der-herausforderung-des-generationswechsels","status":"publish","type":"post","link":"https:\/\/www.alumni.space\/de\/die-apotheke-steht-vor-der-herausforderung-des-generationswechsels\/","title":{"rendered":"Die Apotheke steht vor der Herausforderung des Generationswechsels"},"content":{"rendered":"<p>Der pharmazeutische Sektor befindet sich in einer entscheidenden Phase, die von einem <strong>Generationswechsel<\/strong> gepr\u00e4gt ist, der alle Akteure des Berufs herausfordert. Trotz einer steigenden Gesamtzahl von Apothekern sind die Herausforderungen im Zusammenhang mit der <strong>Nachfolgeplanung<\/strong> und der <strong>Weitergabe von Kompetenzen<\/strong> akut, da die Ver\u00e4nderungen in der Praxis und der wirtschaftliche Druck eine schnelle Anpassung erfordern. <\/p><div id=\"ez-toc-container\" class=\"ez-toc-v2_0_82_2 counter-flat ez-toc-counter ez-toc-grey ez-toc-container-direction\">\n<div class=\"ez-toc-title-container\"><p class=\"ez-toc-title\" style=\"cursor:inherit\">Inhalt dieses Artikels:<\/p>\n<\/div><nav><ul class='ez-toc-list ez-toc-list-level-1 ' ><li class='ez-toc-page-1'><a class=\"ez-toc-link ez-toc-heading-1\" href=\"https:\/\/www.alumni.space\/de\/die-apotheke-steht-vor-der-herausforderung-des-generationswechsels\/#Apotheker_Ermutigende_Verjuengung_aber_fragil_um_den_Generationswechsel_zu_gewaehrleisten\" >Apotheker: Ermutigende Verj\u00fcngung, aber fragil, um den Generationswechsel zu gew\u00e4hrleisten<\/a><\/li><li class='ez-toc-page-1'><a class=\"ez-toc-link ez-toc-heading-2\" href=\"https:\/\/www.alumni.space\/de\/die-apotheke-steht-vor-der-herausforderung-des-generationswechsels\/#Der_Aufschwung_der_jungen_Apotheker_eine_Chance_fuer_den_Berufsstand\" >Der Aufschwung der jungen Apotheker: eine Chance f\u00fcr den Berufsstand<\/a><\/li><li class='ez-toc-page-1'><a class=\"ez-toc-link ez-toc-heading-3\" href=\"https:\/\/www.alumni.space\/de\/die-apotheke-steht-vor-der-herausforderung-des-generationswechsels\/#Die_wirtschaftlichen_und_organisatorischen_Herausforderungen_der_Erneuerung_in_der_Apotheke\" >Die wirtschaftlichen und organisatorischen Herausforderungen der Erneuerung in der Apotheke<\/a><\/li><li class='ez-toc-page-1'><a class=\"ez-toc-link ez-toc-heading-4\" href=\"https:\/\/www.alumni.space\/de\/die-apotheke-steht-vor-der-herausforderung-des-generationswechsels\/#Foerderung_der_Weitergabe_von_Kompetenzen_um_die_Attraktivitaet_und_den_Fortbestand_des_Berufs_zu_erhoehen\" >F\u00f6rderung der Weitergabe von Kompetenzen, um die Attraktivit\u00e4t und den Fortbestand des Berufs zu erh\u00f6hen<\/a><\/li><\/ul><\/nav><\/div>\n<h2 class=\"wp-block-heading\"><span class=\"ez-toc-section\" id=\"Apotheker_Ermutigende_Verjuengung_aber_fragil_um_den_Generationswechsel_zu_gewaehrleisten\"><\/span>Apotheker: Ermutigende Verj\u00fcngung, aber fragil, um den Generationswechsel zu gew\u00e4hrleisten<span class=\"ez-toc-section-end\"><\/span><\/h2><p>Am 1. Januar 2025 waren mehr als <strong>75.000<\/strong> Apotheker beim Ordre National des Pharmaciens registriert, was einen Anstieg von etwa 1,7 % in den letzten zwei Jahren und einen Zuwachs von fast 3.000 Fachleuten in den letzten zehn Jahren bedeutet. Dieser Trend zeigt den Willen, die Reihen zu st\u00e4rken und einen echten <strong>Generationenwechsel<\/strong> einzuleiten.  Die zunehmende Pr\u00e4senz von Apothekern unter 35 Jahren n\u00e4hrt greifbare Hoffnung und erh\u00f6ht die Aussichten auf eine nachhaltige Erneuerung.  <\/p><p>Dennoch bleibt die Dynamik in vielerlei Hinsicht fragil. Die Anzahl der Apotheken, die 2024 geschlossen werden (260 Apotheken) und der R\u00fcckgang der Anzahl der Apotheker (-1,3 %) weisen auf strukturelle Spannungen in der territorialen Verteilung hin. Dar\u00fcber hinaus schw\u00e4chen <strong>punktuelle Eng<\/strong> p\u00e4sse in bestimmten Fachbereichen wie medizinische Biologen, deren Zahl in den letzten zehn Jahren um 10 % gesunken ist, die Kette der zu \u00fcbertragenden Kompetenzen.  <\/p><figure class=\"wp-block-image size-full\"><img decoding=\"async\" width=\"1280\" height=\"768\" src=\"https:\/\/www.alumni.space\/wp-content\/uploads\/2026\/03\/La-pharmacie-face-au-defi-du-renouvellement-generationnel-1.jpg\" data-orig-src=\"https:\/\/www.alumni.space\/wp-content\/uploads\/2026\/03\/La-pharmacie-face-au-defi-du-renouvellement-generationnel-1.jpg\" alt=\"Erfahren Sie, wie die Pharmazie die Herausforderung der Generationswechsel annimmt, um eine innovative und nachhaltige Zukunft im Gesundheitssektor zu sichern.\" class=\"lazyload wp-image-3189\" srcset=\"data:image\/svg+xml,%3Csvg%20xmlns%3D%27http%3A%2F%2Fwww.w3.org%2F2000%2Fsvg%27%20width%3D%271280%27%20height%3D%27768%27%20viewBox%3D%270%200%201280%20768%27%3E%3Crect%20width%3D%271280%27%20height%3D%27768%27%20fill-opacity%3D%220%22%2F%3E%3C%2Fsvg%3E\" data-srcset=\"https:\/\/www.alumni.space\/wp-content\/uploads\/2026\/03\/La-pharmacie-face-au-defi-du-renouvellement-generationnel-1-200x120.jpg 200w, https:\/\/www.alumni.space\/wp-content\/uploads\/2026\/03\/La-pharmacie-face-au-defi-du-renouvellement-generationnel-1-300x180.jpg 300w, https:\/\/www.alumni.space\/wp-content\/uploads\/2026\/03\/La-pharmacie-face-au-defi-du-renouvellement-generationnel-1-400x240.jpg 400w, https:\/\/www.alumni.space\/wp-content\/uploads\/2026\/03\/La-pharmacie-face-au-defi-du-renouvellement-generationnel-1-600x360.jpg 600w, https:\/\/www.alumni.space\/wp-content\/uploads\/2026\/03\/La-pharmacie-face-au-defi-du-renouvellement-generationnel-1-768x461.jpg 768w, https:\/\/www.alumni.space\/wp-content\/uploads\/2026\/03\/La-pharmacie-face-au-defi-du-renouvellement-generationnel-1-800x480.jpg 800w, https:\/\/www.alumni.space\/wp-content\/uploads\/2026\/03\/La-pharmacie-face-au-defi-du-renouvellement-generationnel-1-1024x614.jpg 1024w, https:\/\/www.alumni.space\/wp-content\/uploads\/2026\/03\/La-pharmacie-face-au-defi-du-renouvellement-generationnel-1-1200x720.jpg 1200w, https:\/\/www.alumni.space\/wp-content\/uploads\/2026\/03\/La-pharmacie-face-au-defi-du-renouvellement-generationnel-1.jpg 1280w\" data-sizes=\"auto\" data-orig-sizes=\"(max-width: 1280px) 100vw, 1280px\" \/><\/figure><h3 class=\"wp-block-heading\"><span class=\"ez-toc-section\" id=\"Der_Aufschwung_der_jungen_Apotheker_eine_Chance_fuer_den_Berufsstand\"><\/span>Der Aufschwung der jungen Apotheker: eine Chance f\u00fcr den Berufsstand<span class=\"ez-toc-section-end\"><\/span><\/h3><p>Die Hilfsapotheker machen heute mehr als 67 % der neu in die Kammer aufgenommenen Apotheker aus, was eine Diversifizierung der Profile und eine \u00d6ffnung f\u00fcr atypische Berufswege widerspiegelt. Viele Berufst\u00e4tige aus der Industrie oder dem Vertrieb ziehen eine Umschulung in Betracht, motiviert durch die neuen erweiterten Aufgaben der Apotheke, insbesondere im Bereich der Pr\u00e4vention, der Vorsorgeuntersuchungen und der digitalen Dienstleistungen. Der Post-Covid-Kontext hat diesen Trend noch verst\u00e4rkt, indem er die Bedeutung einer innovativen und in den Behandlungspfad integrierten Praxis hervorgehoben hat.  <\/p><p>Diese Entwicklung ver\u00e4ndert das Gesicht der Apotheke, die nunmehr traditionelle Fachkenntnisse mit <strong>Innovationen in der<\/strong> Pharmazie verbinden muss. Der Anstieg der beruflichen Ausbildung und die Digitalisierung bieten wesentliche Hebel, um das Engagement junger Menschen in Apothekennetzwerken zu st\u00e4rken und ihre Integration in die Praxis zu erleichtern. <\/p><h2 class=\"wp-block-heading\"><span class=\"ez-toc-section\" id=\"Die_wirtschaftlichen_und_organisatorischen_Herausforderungen_der_Erneuerung_in_der_Apotheke\"><\/span>Die wirtschaftlichen und organisatorischen Herausforderungen der Erneuerung in der Apotheke<span class=\"ez-toc-section-end\"><\/span><\/h2><p>\u00dcber die Anzahl der Mitarbeiter hinaus mobilisiert der <strong>Generationswechsel<\/strong> die Entscheidungstr\u00e4ger zu Fragen der F\u00fchrung, der Steuerung und der Aufrechterhaltung der beruflichen Bindung. Die Schlie\u00dfung von Apotheken hat direkte Auswirkungen auf den Zugang zur Gesundheitsversorgung und auf die Weitergabe von Erfahrungskapital.  Die Strukturen m\u00fcssen auf effektive Instrumente des Talentmanagements zur\u00fcckgreifen, um den Verlust von wertvollem Know-how zu vermeiden und die \u00dcbernahme von Verantwortung durch junge Apotheker zu erleichtern.  <\/p><p>In diesem Sinne ist die Nutzung einer Plattform f\u00fcr die Verwaltung von pharmazeutischen Gemeinschaften unerl\u00e4sslich. <a href=\"https:\/\/www.alumni.space\/de\/die-apotheke-steht-vor-der-herausforderung-des-generationswechsels\/\">Alumni.space<\/a> bietet die M\u00f6glichkeit, die Koordination zwischen den Generationen durch die Integration von Profilen, Mentoring und Stellenangeboten zu industrialisieren. Diese Art von Tool hilft, den Zeitaufwand f\u00fcr administrative Schritte zu reduzieren und verhindert, dass berufliche Netzwerke abrei\u00dfen, was der Kontinuit\u00e4t von Projekten und dem kollektiven Ehrgeiz zugute kommt. <\/p><h3 class=\"wp-block-heading\"><span class=\"ez-toc-section\" id=\"Foerderung_der_Weitergabe_von_Kompetenzen_um_die_Attraktivitaet_und_den_Fortbestand_des_Berufs_zu_erhoehen\"><\/span>F\u00f6rderung der Weitergabe von Kompetenzen, um die Attraktivit\u00e4t und den Fortbestand des Berufs zu erh\u00f6hen<span class=\"ez-toc-section-end\"><\/span><\/h3><p>Ein Schl\u00fcsselelement ist die Einf\u00fchrung strukturierter Systeme zur <strong>Weitergabe von Kompetenzen<\/strong> zwischen den Generationen, einschlie\u00dflich Mentoring und der Bildung von operativen Zweierteams. Apotheken, die diese Praktiken einsetzten, konnten eine bessere Bindung und ein st\u00e4rkeres Engagement der j\u00fcngeren Mitarbeiter feststellen. Regelm\u00e4\u00dfige Rituale, ein Zeitplan f\u00fcr die Entwicklung von Kompetenzen und eine Steuerung durch Zufriedenheitsindikatoren gew\u00e4hrleisten die Wirksamkeit dieser Ma\u00dfnahmen.  <\/p><p>Das Management von HR-Managern und Betriebsr\u00e4ten spielt ebenfalls eine zentrale Rolle bei der Antizipation der Alterspyramide und der Vermeidung von \u00fcbereilten Abg\u00e4ngen. Die fr\u00fchzeitige Erw\u00e4gung von Integrations- und Kooptationsszenarien verhindert eine Desorganisation, die das Image und die Qualit\u00e4t der Dienstleistungen beeintr\u00e4chtigt. Schulen und Ausbildungszentren, die in diese Strategien einbezogen werden, erh\u00f6hen die Attraktivit\u00e4t des Berufs durch die Kl\u00e4rung der Laufbahnen und der angebotenen Perspektiven.  <\/p><p>Die zunehmende Bedeutung digitaler Dienste und die Digitalisierung erleichtern den Zugang zu Bibliotheken mit sektorspezifischen Inhalten, zu gemeinsamen Veranstaltungen und zu einem spezialisierten <strong>Job Board<\/strong>, wodurch die Einstellung und die interne Mobilit\u00e4t beschleunigt werden.<\/p><p>Diese Ans\u00e4tze gew\u00e4hrleisten ein besseres Gleichgewicht zwischen Erfahrung und Innovation, was f\u00fcr den Erfolg der Ver\u00e4nderungen, die der modernen Pharmazie auferlegt werden, unerl\u00e4sslich ist.<\/p><p>Lesen Sie die detaillierte Analyse der <a href=\"https:\/\/jeunespharmaciens.fr\/metier-pharmacie-formations\/defis-pharmacien-actuels\/\">aktuellen Herausforderungen des Berufsstandes<\/a> und erfahren Sie, wie eine SaaS-Plattform das Community Management und den Wissenstransfer optimieren kann, um diese Herausforderungen zu vertiefen.<\/p>","protected":false},"excerpt":{"rendered":"<p>Der pharmazeutische Sektor befindet sich in einer entscheidenden Phase, die  [&#8230;]<\/p>\n","protected":false},"author":1,"featured_media":5732,"comment_status":"closed","ping_status":"","sticky":false,"template":"","format":"standard","meta":{"_ayudawp_aiss_exclude":false,"footnotes":""},"categories":[60],"tags":[],"class_list":["post-5730","post","type-post","status-publish","format-standard","has-post-thumbnail","hentry","category-personalwesen"],"yoast_head":"<!-- This site is optimized with the Yoast SEO plugin v27.4 - https:\/\/yoast.com\/product\/yoast-seo-wordpress\/ -->\n<title>Apotheken: Die Herausforderung des Generationswechsels annehmen<\/title>\n<meta name=\"description\" content=\"Erfahren Sie, wie die Pharmazie die Herausforderung des Generationswechsels annimmt, um eine nachhaltige und innovative Zukunft des Gesundheitssektors zu sichern.\" \/>\n<meta name=\"robots\" content=\"index, follow, max-snippet:-1, max-image-preview:large, max-video-preview:-1\" \/>\n<link rel=\"canonical\" href=\"https:\/\/www.alumni.space\/de\/die-apotheke-steht-vor-der-herausforderung-des-generationswechsels\/\" \/>\n<meta property=\"og:locale\" content=\"de_DE\" \/>\n<meta property=\"og:type\" content=\"article\" \/>\n<meta property=\"og:title\" content=\"Apotheken: Die Herausforderung des Generationswechsels annehmen\" \/>\n<meta property=\"og:description\" content=\"Erfahren Sie, wie die Pharmazie die Herausforderung des Generationswechsels annimmt, um eine nachhaltige und innovative Zukunft des Gesundheitssektors zu sichern.\" \/>\n<meta property=\"og:url\" content=\"https:\/\/www.alumni.space\/de\/die-apotheke-steht-vor-der-herausforderung-des-generationswechsels\/\" \/>\n<meta property=\"og:site_name\" content=\"Alumni.space\" \/>\n<meta property=\"article:published_time\" content=\"2024-09-23T11:29:59+00:00\" \/>\n<meta property=\"article:modified_time\" content=\"2026-04-02T12:04:49+00:00\" \/>\n<meta property=\"og:image\" content=\"https:\/\/www.alumni.space\/wp-content\/uploads\/2026\/03\/La-pharmacie-face-au-defi-du-renouvellement-generationnel.jpg\" \/>\n\t<meta property=\"og:image:width\" content=\"1280\" \/>\n\t<meta property=\"og:image:height\" content=\"768\" \/>\n\t<meta property=\"og:image:type\" content=\"image\/jpeg\" \/>\n<meta name=\"author\" content=\"admin\" \/>\n<meta name=\"twitter:card\" content=\"summary_large_image\" \/>\n<meta name=\"twitter:label1\" content=\"Verfasst von\" \/>\n\t<meta name=\"twitter:data1\" content=\"admin\" \/>\n\t<meta name=\"twitter:label2\" content=\"Gesch\u00e4tzte Lesezeit\" \/>\n\t<meta name=\"twitter:data2\" content=\"4\u00a0Minuten\" \/>\n<script type=\"application\/ld+json\" class=\"yoast-schema-graph\">{\"@context\":\"https:\\\/\\\/schema.org\",\"@graph\":[{\"@type\":\"Article\",\"@id\":\"https:\\\/\\\/www.alumni.space\\\/de\\\/die-apotheke-steht-vor-der-herausforderung-des-generationswechsels\\\/#article\",\"isPartOf\":{\"@id\":\"https:\\\/\\\/www.alumni.space\\\/de\\\/die-apotheke-steht-vor-der-herausforderung-des-generationswechsels\\\/\"},\"author\":{\"name\":\"admin\",\"@id\":\"https:\\\/\\\/www.alumni.space\\\/de\\\/#\\\/schema\\\/person\\\/fede362a57876edda476a61f05ce5b15\"},\"headline\":\"Die Apotheke steht vor der Herausforderung des Generationswechsels\",\"datePublished\":\"2024-09-23T11:29:59+00:00\",\"dateModified\":\"2026-04-02T12:04:49+00:00\",\"mainEntityOfPage\":{\"@id\":\"https:\\\/\\\/www.alumni.space\\\/de\\\/die-apotheke-steht-vor-der-herausforderung-des-generationswechsels\\\/\"},\"wordCount\":758,\"image\":{\"@id\":\"https:\\\/\\\/www.alumni.space\\\/de\\\/die-apotheke-steht-vor-der-herausforderung-des-generationswechsels\\\/#primaryimage\"},\"thumbnailUrl\":\"https:\\\/\\\/www.alumni.space\\\/wp-content\\\/uploads\\\/2026\\\/03\\\/La-pharmacie-face-au-defi-du-renouvellement-generationnel.jpg\",\"articleSection\":[\"Personalwesen\"],\"inLanguage\":\"de\"},{\"@type\":\"WebPage\",\"@id\":\"https:\\\/\\\/www.alumni.space\\\/de\\\/die-apotheke-steht-vor-der-herausforderung-des-generationswechsels\\\/\",\"url\":\"https:\\\/\\\/www.alumni.space\\\/de\\\/die-apotheke-steht-vor-der-herausforderung-des-generationswechsels\\\/\",\"name\":\"Apotheken: Die Herausforderung des Generationswechsels annehmen\",\"isPartOf\":{\"@id\":\"https:\\\/\\\/www.alumni.space\\\/de\\\/#website\"},\"primaryImageOfPage\":{\"@id\":\"https:\\\/\\\/www.alumni.space\\\/de\\\/die-apotheke-steht-vor-der-herausforderung-des-generationswechsels\\\/#primaryimage\"},\"image\":{\"@id\":\"https:\\\/\\\/www.alumni.space\\\/de\\\/die-apotheke-steht-vor-der-herausforderung-des-generationswechsels\\\/#primaryimage\"},\"thumbnailUrl\":\"https:\\\/\\\/www.alumni.space\\\/wp-content\\\/uploads\\\/2026\\\/03\\\/La-pharmacie-face-au-defi-du-renouvellement-generationnel.jpg\",\"datePublished\":\"2024-09-23T11:29:59+00:00\",\"dateModified\":\"2026-04-02T12:04:49+00:00\",\"author\":{\"@id\":\"https:\\\/\\\/www.alumni.space\\\/de\\\/#\\\/schema\\\/person\\\/fede362a57876edda476a61f05ce5b15\"},\"description\":\"Erfahren Sie, wie die Pharmazie die Herausforderung des Generationswechsels annimmt, um eine nachhaltige und innovative Zukunft des Gesundheitssektors zu sichern.\",\"breadcrumb\":{\"@id\":\"https:\\\/\\\/www.alumni.space\\\/de\\\/die-apotheke-steht-vor-der-herausforderung-des-generationswechsels\\\/#breadcrumb\"},\"inLanguage\":\"de\",\"potentialAction\":[{\"@type\":\"ReadAction\",\"target\":[\"https:\\\/\\\/www.alumni.space\\\/de\\\/die-apotheke-steht-vor-der-herausforderung-des-generationswechsels\\\/\"]}]},{\"@type\":\"ImageObject\",\"inLanguage\":\"de\",\"@id\":\"https:\\\/\\\/www.alumni.space\\\/de\\\/die-apotheke-steht-vor-der-herausforderung-des-generationswechsels\\\/#primaryimage\",\"url\":\"https:\\\/\\\/www.alumni.space\\\/wp-content\\\/uploads\\\/2026\\\/03\\\/La-pharmacie-face-au-defi-du-renouvellement-generationnel.jpg\",\"contentUrl\":\"https:\\\/\\\/www.alumni.space\\\/wp-content\\\/uploads\\\/2026\\\/03\\\/La-pharmacie-face-au-defi-du-renouvellement-generationnel.jpg\",\"width\":1280,\"height\":768,\"caption\":\"Erfahren Sie, wie sich die Apotheke an die Herausforderung des Generationswechsels anpasst, indem sie neue Technologien integriert und die zuk\u00fcnftige Generation von Gesundheitsfachkr\u00e4ften ausbildet.\"},{\"@type\":\"BreadcrumbList\",\"@id\":\"https:\\\/\\\/www.alumni.space\\\/de\\\/die-apotheke-steht-vor-der-herausforderung-des-generationswechsels\\\/#breadcrumb\",\"itemListElement\":[{\"@type\":\"ListItem\",\"position\":1,\"name\":\"Home\",\"item\":\"https:\\\/\\\/www.alumni.space\\\/de\\\/plattform-fuer-die-verwaltung-von-mentoring-und-unternehmensalumni\\\/\"},{\"@type\":\"ListItem\",\"position\":2,\"name\":\"Die Apotheke steht vor der Herausforderung des Generationswechsels\"}]},{\"@type\":\"WebSite\",\"@id\":\"https:\\\/\\\/www.alumni.space\\\/de\\\/#website\",\"url\":\"https:\\\/\\\/www.alumni.space\\\/de\\\/\",\"name\":\"Alumni.space\",\"description\":\"My WordPress Blog\",\"potentialAction\":[{\"@type\":\"SearchAction\",\"target\":{\"@type\":\"EntryPoint\",\"urlTemplate\":\"https:\\\/\\\/www.alumni.space\\\/de\\\/?s={search_term_string}\"},\"query-input\":{\"@type\":\"PropertyValueSpecification\",\"valueRequired\":true,\"valueName\":\"search_term_string\"}}],\"inLanguage\":\"de\"},{\"@type\":\"Person\",\"@id\":\"https:\\\/\\\/www.alumni.space\\\/de\\\/#\\\/schema\\\/person\\\/fede362a57876edda476a61f05ce5b15\",\"name\":\"admin\",\"image\":{\"@type\":\"ImageObject\",\"inLanguage\":\"de\",\"@id\":\"https:\\\/\\\/secure.gravatar.com\\\/avatar\\\/318e234ae94f90d4d629428d6b983c08e31181c28f579e08a021180d759ea651?s=96&d=mm&r=g\",\"url\":\"https:\\\/\\\/secure.gravatar.com\\\/avatar\\\/318e234ae94f90d4d629428d6b983c08e31181c28f579e08a021180d759ea651?s=96&d=mm&r=g\",\"contentUrl\":\"https:\\\/\\\/secure.gravatar.com\\\/avatar\\\/318e234ae94f90d4d629428d6b983c08e31181c28f579e08a021180d759ea651?s=96&d=mm&r=g\",\"caption\":\"admin\"},\"description\":\"Nicolas Laustriat a construit sa sp\u00e9cialit\u00e9 sur un sujet que beaucoup d\u2019organisations d\u00e9couvrent trop tard : ce qui dispara\u00eet quand les gens partent. Dipl\u00f4m\u00e9 en conception de produit industriel, il bifurque vers le digital fin 1996, il couvre les transformations marques, RH, la fid\u00e9lisation, la marque employeur. Sur le terrain, il rep\u00e8re un angle mort r\u00e9current : l\u2019entreprise investit dans le recrutement, la formation, les process\u2026 puis laisse filer le lien au moment du d\u00e9part, avec une perte de savoir et d\u2019influence qui se paie en silence. Il se sp\u00e9cialise alors sur les communaut\u00e9s d\u2019alumni, le mentorat, l\u2019entraide interg\u00e9n\u00e9rationnelle et la transmission d\u2019expertise. Il passe du \u201cconstat\u201d aux m\u00e9thodes : animation, gouvernance, segmentation, rituels, mesure d\u2019engagement, articulation avec la RSE et l\u2019employabilit\u00e9. Il interviewe DRH, responsables formation, directions d\u2019\u00e9coles, associations et fondations, avec une obsession : transformer un r\u00e9seau dormant en m\u00e9canisme utile (cooptation, mentorat, job board, entraide, \u00e9v\u00e9nements, contenus). Son style : direct, orient\u00e9 action, sans folklore. Sa conviction : une communaut\u00e9 n\u2019a pas besoin de bruit, elle a besoin de raisons de revenir.\",\"sameAs\":[\"https:\\\/\\\/www.alumni.space\"]}]}<\/script>\n<!-- \/ Yoast SEO plugin. -->","yoast_head_json":{"title":"Apotheken: Die Herausforderung des Generationswechsels annehmen","description":"Erfahren Sie, wie die Pharmazie die Herausforderung des Generationswechsels annimmt, um eine nachhaltige und innovative Zukunft des Gesundheitssektors zu sichern.","robots":{"index":"index","follow":"follow","max-snippet":"max-snippet:-1","max-image-preview":"max-image-preview:large","max-video-preview":"max-video-preview:-1"},"canonical":"https:\/\/www.alumni.space\/de\/die-apotheke-steht-vor-der-herausforderung-des-generationswechsels\/","og_locale":"de_DE","og_type":"article","og_title":"Apotheken: Die Herausforderung des Generationswechsels annehmen","og_description":"Erfahren Sie, wie die Pharmazie die Herausforderung des Generationswechsels annimmt, um eine nachhaltige und innovative Zukunft des Gesundheitssektors zu sichern.","og_url":"https:\/\/www.alumni.space\/de\/die-apotheke-steht-vor-der-herausforderung-des-generationswechsels\/","og_site_name":"Alumni.space","article_published_time":"2024-09-23T11:29:59+00:00","article_modified_time":"2026-04-02T12:04:49+00:00","og_image":[{"width":1280,"height":768,"url":"https:\/\/www.alumni.space\/wp-content\/uploads\/2026\/03\/La-pharmacie-face-au-defi-du-renouvellement-generationnel.jpg","type":"image\/jpeg"}],"author":"admin","twitter_card":"summary_large_image","twitter_misc":{"Verfasst von":"admin","Gesch\u00e4tzte Lesezeit":"4\u00a0Minuten"},"schema":{"@context":"https:\/\/schema.org","@graph":[{"@type":"Article","@id":"https:\/\/www.alumni.space\/de\/die-apotheke-steht-vor-der-herausforderung-des-generationswechsels\/#article","isPartOf":{"@id":"https:\/\/www.alumni.space\/de\/die-apotheke-steht-vor-der-herausforderung-des-generationswechsels\/"},"author":{"name":"admin","@id":"https:\/\/www.alumni.space\/de\/#\/schema\/person\/fede362a57876edda476a61f05ce5b15"},"headline":"Die Apotheke steht vor der Herausforderung des Generationswechsels","datePublished":"2024-09-23T11:29:59+00:00","dateModified":"2026-04-02T12:04:49+00:00","mainEntityOfPage":{"@id":"https:\/\/www.alumni.space\/de\/die-apotheke-steht-vor-der-herausforderung-des-generationswechsels\/"},"wordCount":758,"image":{"@id":"https:\/\/www.alumni.space\/de\/die-apotheke-steht-vor-der-herausforderung-des-generationswechsels\/#primaryimage"},"thumbnailUrl":"https:\/\/www.alumni.space\/wp-content\/uploads\/2026\/03\/La-pharmacie-face-au-defi-du-renouvellement-generationnel.jpg","articleSection":["Personalwesen"],"inLanguage":"de"},{"@type":"WebPage","@id":"https:\/\/www.alumni.space\/de\/die-apotheke-steht-vor-der-herausforderung-des-generationswechsels\/","url":"https:\/\/www.alumni.space\/de\/die-apotheke-steht-vor-der-herausforderung-des-generationswechsels\/","name":"Apotheken: Die Herausforderung des Generationswechsels annehmen","isPartOf":{"@id":"https:\/\/www.alumni.space\/de\/#website"},"primaryImageOfPage":{"@id":"https:\/\/www.alumni.space\/de\/die-apotheke-steht-vor-der-herausforderung-des-generationswechsels\/#primaryimage"},"image":{"@id":"https:\/\/www.alumni.space\/de\/die-apotheke-steht-vor-der-herausforderung-des-generationswechsels\/#primaryimage"},"thumbnailUrl":"https:\/\/www.alumni.space\/wp-content\/uploads\/2026\/03\/La-pharmacie-face-au-defi-du-renouvellement-generationnel.jpg","datePublished":"2024-09-23T11:29:59+00:00","dateModified":"2026-04-02T12:04:49+00:00","author":{"@id":"https:\/\/www.alumni.space\/de\/#\/schema\/person\/fede362a57876edda476a61f05ce5b15"},"description":"Erfahren Sie, wie die Pharmazie die Herausforderung des Generationswechsels annimmt, um eine nachhaltige und innovative Zukunft des Gesundheitssektors zu sichern.","breadcrumb":{"@id":"https:\/\/www.alumni.space\/de\/die-apotheke-steht-vor-der-herausforderung-des-generationswechsels\/#breadcrumb"},"inLanguage":"de","potentialAction":[{"@type":"ReadAction","target":["https:\/\/www.alumni.space\/de\/die-apotheke-steht-vor-der-herausforderung-des-generationswechsels\/"]}]},{"@type":"ImageObject","inLanguage":"de","@id":"https:\/\/www.alumni.space\/de\/die-apotheke-steht-vor-der-herausforderung-des-generationswechsels\/#primaryimage","url":"https:\/\/www.alumni.space\/wp-content\/uploads\/2026\/03\/La-pharmacie-face-au-defi-du-renouvellement-generationnel.jpg","contentUrl":"https:\/\/www.alumni.space\/wp-content\/uploads\/2026\/03\/La-pharmacie-face-au-defi-du-renouvellement-generationnel.jpg","width":1280,"height":768,"caption":"Erfahren Sie, wie sich die Apotheke an die Herausforderung des Generationswechsels anpasst, indem sie neue Technologien integriert und die zuk\u00fcnftige Generation von Gesundheitsfachkr\u00e4ften ausbildet."},{"@type":"BreadcrumbList","@id":"https:\/\/www.alumni.space\/de\/die-apotheke-steht-vor-der-herausforderung-des-generationswechsels\/#breadcrumb","itemListElement":[{"@type":"ListItem","position":1,"name":"Home","item":"https:\/\/www.alumni.space\/de\/plattform-fuer-die-verwaltung-von-mentoring-und-unternehmensalumni\/"},{"@type":"ListItem","position":2,"name":"Die Apotheke steht vor der Herausforderung des Generationswechsels"}]},{"@type":"WebSite","@id":"https:\/\/www.alumni.space\/de\/#website","url":"https:\/\/www.alumni.space\/de\/","name":"Alumni.space","description":"My WordPress Blog","potentialAction":[{"@type":"SearchAction","target":{"@type":"EntryPoint","urlTemplate":"https:\/\/www.alumni.space\/de\/?s={search_term_string}"},"query-input":{"@type":"PropertyValueSpecification","valueRequired":true,"valueName":"search_term_string"}}],"inLanguage":"de"},{"@type":"Person","@id":"https:\/\/www.alumni.space\/de\/#\/schema\/person\/fede362a57876edda476a61f05ce5b15","name":"admin","image":{"@type":"ImageObject","inLanguage":"de","@id":"https:\/\/secure.gravatar.com\/avatar\/318e234ae94f90d4d629428d6b983c08e31181c28f579e08a021180d759ea651?s=96&d=mm&r=g","url":"https:\/\/secure.gravatar.com\/avatar\/318e234ae94f90d4d629428d6b983c08e31181c28f579e08a021180d759ea651?s=96&d=mm&r=g","contentUrl":"https:\/\/secure.gravatar.com\/avatar\/318e234ae94f90d4d629428d6b983c08e31181c28f579e08a021180d759ea651?s=96&d=mm&r=g","caption":"admin"},"description":"Nicolas Laustriat a construit sa sp\u00e9cialit\u00e9 sur un sujet que beaucoup d\u2019organisations d\u00e9couvrent trop tard : ce qui dispara\u00eet quand les gens partent. Dipl\u00f4m\u00e9 en conception de produit industriel, il bifurque vers le digital fin 1996, il couvre les transformations marques, RH, la fid\u00e9lisation, la marque employeur. Sur le terrain, il rep\u00e8re un angle mort r\u00e9current : l\u2019entreprise investit dans le recrutement, la formation, les process\u2026 puis laisse filer le lien au moment du d\u00e9part, avec une perte de savoir et d\u2019influence qui se paie en silence. Il se sp\u00e9cialise alors sur les communaut\u00e9s d\u2019alumni, le mentorat, l\u2019entraide interg\u00e9n\u00e9rationnelle et la transmission d\u2019expertise. Il passe du \u201cconstat\u201d aux m\u00e9thodes : animation, gouvernance, segmentation, rituels, mesure d\u2019engagement, articulation avec la RSE et l\u2019employabilit\u00e9. Il interviewe DRH, responsables formation, directions d\u2019\u00e9coles, associations et fondations, avec une obsession : transformer un r\u00e9seau dormant en m\u00e9canisme utile (cooptation, mentorat, job board, entraide, \u00e9v\u00e9nements, contenus). Son style : direct, orient\u00e9 action, sans folklore. Sa conviction : une communaut\u00e9 n\u2019a pas besoin de bruit, elle a besoin de raisons de revenir.","sameAs":["https:\/\/www.alumni.space"]}]}},"_links":{"self":[{"href":"https:\/\/www.alumni.space\/de\/wp-json\/wp\/v2\/posts\/5730","targetHints":{"allow":["GET"]}}],"collection":[{"href":"https:\/\/www.alumni.space\/de\/wp-json\/wp\/v2\/posts"}],"about":[{"href":"https:\/\/www.alumni.space\/de\/wp-json\/wp\/v2\/types\/post"}],"author":[{"embeddable":true,"href":"https:\/\/www.alumni.space\/de\/wp-json\/wp\/v2\/users\/1"}],"replies":[{"embeddable":true,"href":"https:\/\/www.alumni.space\/de\/wp-json\/wp\/v2\/comments?post=5730"}],"version-history":[{"count":2,"href":"https:\/\/www.alumni.space\/de\/wp-json\/wp\/v2\/posts\/5730\/revisions"}],"predecessor-version":[{"id":6945,"href":"https:\/\/www.alumni.space\/de\/wp-json\/wp\/v2\/posts\/5730\/revisions\/6945"}],"wp:featuredmedia":[{"embeddable":true,"href":"https:\/\/www.alumni.space\/de\/wp-json\/wp\/v2\/media\/5732"}],"wp:attachment":[{"href":"https:\/\/www.alumni.space\/de\/wp-json\/wp\/v2\/media?parent=5730"}],"wp:term":[{"taxonomy":"category","embeddable":true,"href":"https:\/\/www.alumni.space\/de\/wp-json\/wp\/v2\/categories?post=5730"},{"taxonomy":"post_tag","embeddable":true,"href":"https:\/\/www.alumni.space\/de\/wp-json\/wp\/v2\/tags?post=5730"}],"curies":[{"name":"wp","href":"https:\/\/api.w.org\/{rel}","templated":true}]}}