{"id":5685,"date":"2025-01-04T06:35:03","date_gmt":"2025-01-04T06:35:03","guid":{"rendered":"https:\/\/www.alumni.space\/risiko-der-desorganisation-wie-wirkt-sich-das-massive-ausscheiden-aelterer-mitarbeiter-aus-dem-unternehmen-aus\/"},"modified":"2026-03-28T10:42:14","modified_gmt":"2026-03-28T10:42:14","slug":"risiko-der-desorganisation-wie-wirkt-sich-das-massive-ausscheiden-aelterer-mitarbeiter-aus-dem-unternehmen-aus","status":"publish","type":"post","link":"https:\/\/www.alumni.space\/de\/risiko-der-desorganisation-wie-wirkt-sich-das-massive-ausscheiden-aelterer-mitarbeiter-aus-dem-unternehmen-aus\/","title":{"rendered":"Risiko der Desorganisation: Wie wirkt sich das massive Ausscheiden \u00e4lterer Mitarbeiter aus dem Unternehmen aus?"},"content":{"rendered":"<div id=\"ez-toc-container\" class=\"ez-toc-v2_0_82_2 counter-flat ez-toc-counter ez-toc-grey ez-toc-container-direction\">\n<div class=\"ez-toc-title-container\"><p class=\"ez-toc-title\" style=\"cursor:inherit\">Inhalt dieses Artikels:<\/p>\n<\/div><nav><ul class='ez-toc-list ez-toc-list-level-1 ' ><li class='ez-toc-page-1'><a class=\"ez-toc-link ez-toc-heading-1\" href=\"https:\/\/www.alumni.space\/de\/risiko-der-desorganisation-wie-wirkt-sich-das-massive-ausscheiden-aelterer-mitarbeiter-aus-dem-unternehmen-aus\/#Risiken_der_Desorganisation_aufgrund_des_massiven_Ausscheidens_aelterer_Arbeitnehmer_aus_dem_Unternehmen\" >Risiken der Desorganisation aufgrund des massiven Ausscheidens \u00e4lterer Arbeitnehmer aus dem Unternehmen<\/a><\/li><li class='ez-toc-page-1'><a class=\"ez-toc-link ez-toc-heading-2\" href=\"https:\/\/www.alumni.space\/de\/risiko-der-desorganisation-wie-wirkt-sich-das-massive-ausscheiden-aelterer-mitarbeiter-aus-dem-unternehmen-aus\/#Demographischer_Kontext_und_gesetzliche_Rahmenbedingungen_die_sich_auf_das_Ausscheiden_von_Senioren_aus_dem_Erwerbsleben_auswirken\" >Demographischer Kontext und gesetzliche Rahmenbedingungen, die sich auf das Ausscheiden von Senioren aus dem Erwerbsleben auswirken<\/a><\/li><li class='ez-toc-page-1'><a class=\"ez-toc-link ez-toc-heading-3\" href=\"https:\/\/www.alumni.space\/de\/risiko-der-desorganisation-wie-wirkt-sich-das-massive-ausscheiden-aelterer-mitarbeiter-aus-dem-unternehmen-aus\/#Operative_und_wirtschaftliche_Folgen_von_Massenabwanderungen\" >Operative und wirtschaftliche Folgen von Massenabwanderungen<\/a><\/li><li class='ez-toc-page-1'><a class=\"ez-toc-link ez-toc-heading-4\" href=\"https:\/\/www.alumni.space\/de\/risiko-der-desorganisation-wie-wirkt-sich-das-massive-ausscheiden-aelterer-mitarbeiter-aus-dem-unternehmen-aus\/#HR-Strategien_zur_Vermeidung_von_Desorganisationsrisiken_durch_das_Ausscheiden_von_Senioren_aus_dem_Erwerbsleben\" >HR-Strategien zur Vermeidung von Desorganisationsrisiken durch das Ausscheiden von Senioren aus dem Erwerbsleben<\/a><\/li><li class='ez-toc-page-1'><a class=\"ez-toc-link ez-toc-heading-5\" href=\"https:\/\/www.alumni.space\/de\/risiko-der-desorganisation-wie-wirkt-sich-das-massive-ausscheiden-aelterer-mitarbeiter-aus-dem-unternehmen-aus\/#Fallbeispiele_die_die_Bedeutung_des_fruehzeitigen_Managements_des_Ausscheidens_von_Senioren_zeigen\" >Fallbeispiele, die die Bedeutung des fr\u00fchzeitigen Managements des Ausscheidens von Senioren zeigen<\/a><\/li><\/ul><\/nav><\/div>\n<h2 class=\"wp-block-heading\"><span class=\"ez-toc-section\" id=\"Risiken_der_Desorganisation_aufgrund_des_massiven_Ausscheidens_aelterer_Arbeitnehmer_aus_dem_Unternehmen\"><\/span>Risiken der Desorganisation aufgrund des massiven Ausscheidens \u00e4lterer Arbeitnehmer aus dem Unternehmen<span class=\"ez-toc-section-end\"><\/span><\/h2><p>Das massive Ausscheiden \u00e4lterer Arbeitnehmer aus dem Unternehmen ist f\u00fcr viele Unternehmen eine gro\u00dfe Quelle der <strong>Desorganisation<\/strong>. Dieser Trend, der durch einen demographischen Kontext mit sinkenden Geburtenzahlen und einer unausgewogenen Alterspyramide noch verst\u00e4rkt wird, hat starke Auswirkungen auf das <strong>Personalmanagement<\/strong>. Die Schwierigkeit, \u00e4ltere Menschen in Besch\u00e4ftigung zu halten und die <strong>Weitergabe von Kompetenzen<\/strong> zu sichern, f\u00fchrt zu einer erh\u00f6hten <strong>Fluktuation<\/strong> und einem <strong>Mangel an<\/strong> qualifizierten Arbeitskr\u00e4ften, was die betriebliche Kontinuit\u00e4t der Organisationen gef\u00e4hrdet.  <\/p><figure class=\"wp-block-image size-full\"><img decoding=\"async\" width=\"1280\" height=\"768\" src=\"https:\/\/www.alumni.space\/wp-content\/uploads\/2026\/03\/Risque-de-desorganisation-quel-impact-des-departs-massifs-des-seniors-1-1.jpg\" data-orig-src=\"https:\/\/www.alumni.space\/wp-content\/uploads\/2026\/03\/Risque-de-desorganisation-quel-impact-des-departs-massifs-des-seniors-1-1.jpg\" alt=\"Erfahren Sie mehr \u00fcber die Auswirkungen des massiven Ausscheidens von Senioren aus dem Erwerbsleben auf die Desorganisation von Unternehmen und \u00fcber Strategien zur Antizipation dieses Risikos.\" class=\"lazyload wp-image-3246\" srcset=\"data:image\/svg+xml,%3Csvg%20xmlns%3D%27http%3A%2F%2Fwww.w3.org%2F2000%2Fsvg%27%20width%3D%271280%27%20height%3D%27768%27%20viewBox%3D%270%200%201280%20768%27%3E%3Crect%20width%3D%271280%27%20height%3D%27768%27%20fill-opacity%3D%220%22%2F%3E%3C%2Fsvg%3E\" data-srcset=\"https:\/\/www.alumni.space\/wp-content\/uploads\/2026\/03\/Risque-de-desorganisation-quel-impact-des-departs-massifs-des-seniors-1-1-200x120.jpg 200w, https:\/\/www.alumni.space\/wp-content\/uploads\/2026\/03\/Risque-de-desorganisation-quel-impact-des-departs-massifs-des-seniors-1-1-300x180.jpg 300w, https:\/\/www.alumni.space\/wp-content\/uploads\/2026\/03\/Risque-de-desorganisation-quel-impact-des-departs-massifs-des-seniors-1-1-400x240.jpg 400w, https:\/\/www.alumni.space\/wp-content\/uploads\/2026\/03\/Risque-de-desorganisation-quel-impact-des-departs-massifs-des-seniors-1-1-600x360.jpg 600w, https:\/\/www.alumni.space\/wp-content\/uploads\/2026\/03\/Risque-de-desorganisation-quel-impact-des-departs-massifs-des-seniors-1-1-768x461.jpg 768w, https:\/\/www.alumni.space\/wp-content\/uploads\/2026\/03\/Risque-de-desorganisation-quel-impact-des-departs-massifs-des-seniors-1-1-800x480.jpg 800w, https:\/\/www.alumni.space\/wp-content\/uploads\/2026\/03\/Risque-de-desorganisation-quel-impact-des-departs-massifs-des-seniors-1-1-1024x614.jpg 1024w, https:\/\/www.alumni.space\/wp-content\/uploads\/2026\/03\/Risque-de-desorganisation-quel-impact-des-departs-massifs-des-seniors-1-1-1200x720.jpg 1200w, https:\/\/www.alumni.space\/wp-content\/uploads\/2026\/03\/Risque-de-desorganisation-quel-impact-des-departs-massifs-des-seniors-1-1.jpg 1280w\" data-sizes=\"auto\" data-orig-sizes=\"(max-width: 1280px) 100vw, 1280px\" \/><\/figure><h3 class=\"wp-block-heading\"><span class=\"ez-toc-section\" id=\"Demographischer_Kontext_und_gesetzliche_Rahmenbedingungen_die_sich_auf_das_Ausscheiden_von_Senioren_aus_dem_Erwerbsleben_auswirken\"><\/span>Demographischer Kontext und gesetzliche Rahmenbedingungen, die sich auf das Ausscheiden von Senioren aus dem Erwerbsleben auswirken<span class=\"ez-toc-section-end\"><\/span><\/h3><p>Das Seniorengesetz vom 24. Oktober 2025 schafft einen neuen sozialen Rahmen, um dem Mangel an Fachkr\u00e4ften zu begegnen, der durch das Ausscheiden aus dem Erwerbsleben verst\u00e4rkt wird. Mit 663.000 Geburten im Jahr 2024 und einem wachsenden Anteil der Bev\u00f6lkerung \u00fcber 65 Jahren wird der Austausch von Kompetenzen zu einer strategischen Herausforderung. Die j\u00fcngsten Verpflichtungen erfordern eine vorherige Diagnose des Alters, der Abwesenheiten und der Ausbildung in den Unternehmen, um die Abgangsstr\u00f6me zu objektivieren und eine angepasste Personalpolitik vorzubereiten.  <\/p><p>Dieser Rechtsrahmen zielt vor allem darauf ab, das vorzeitige Ausscheiden \u00e4lterer Arbeitnehmer zu verlangsamen, die <strong>Weitergabe von Know-how<\/strong> zu gew\u00e4hrleisten und <strong>Umschulungsma\u00dfnahmen<\/strong> und den schrittweisen Ruhestand zu f\u00f6rdern. Die Ma\u00dfnahmen richten sich an Personalabteilungen, Sozial- und Wirtschaftsaussch\u00fcsse, Hochschuleinrichtungen und Berufsverb\u00e4nde und fordern zu einer bereichs\u00fcbergreifenden Mobilisierung auf, um die Auswirkungen des Ausscheidens zu minimieren. <\/p><h3 class=\"wp-block-heading\"><span class=\"ez-toc-section\" id=\"Operative_und_wirtschaftliche_Folgen_von_Massenabwanderungen\"><\/span>Operative und wirtschaftliche Folgen von Massenabwanderungen<span class=\"ez-toc-section-end\"><\/span><\/h3><p>Die Unternehmen leiden unter einem Dominoeffekt: <strong>Verlust von Know-how<\/strong>, Zunahme von Fehlern durch weniger kontrollierte Prozesse, Qualit\u00e4tsverlust und steigende Kosten f\u00fcr Ausbildung und Einstellung. Trotz der j\u00fcngsten Fortschritte liegt die Besch\u00e4ftigungsquote der 55-64-J\u00e4hrigen in Frankreich immer noch unter dem europ\u00e4ischen Durchschnitt. <\/p><p>Das Personalmanagement ist gezwungen, seine Praktiken zu \u00fcberdenken. Der klassische Ansatz des schnellen Ersatzes erweist sich als teuer und ineffizient, insbesondere angesichts der steigenden Anforderungen an Qualit\u00e4t und Sicherheit. Abgesehen von der Anzahl der zu besetzenden Stellen ist die betriebliche Kontinuit\u00e4t, insbesondere in kritischen Berufen, ein Schl\u00fcsselkriterium f\u00fcr die nachhaltige Leistung von Unternehmen.  <\/p><h3 class=\"wp-block-heading\"><span class=\"ez-toc-section\" id=\"HR-Strategien_zur_Vermeidung_von_Desorganisationsrisiken_durch_das_Ausscheiden_von_Senioren_aus_dem_Erwerbsleben\"><\/span>HR-Strategien zur Vermeidung von Desorganisationsrisiken durch das Ausscheiden von Senioren aus dem Erwerbsleben<span class=\"ez-toc-section-end\"><\/span><\/h3><p>Die Personalabteilungen sind aufgerufen, die Alterung der Belegschaft in eine Leistungssteigerung umzuwandeln. Die Einf\u00fchrung von Ma\u00dfnahmen wie generations\u00fcbergreifendes Mentoring, Dokumentenkapitalisierung oder Tutor-Mentor-Paare erleichtert die Weitergabe von Kompetenzen. Diese Ans\u00e4tze tragen zur St\u00e4rkung des internen Netzwerks bei und f\u00f6rdern das<strong>dauerhafte Engagement<\/strong> sowohl der \u00e4lteren als auch der j\u00fcngeren Mitarbeiter.  <\/p><p>Die Antizipation der Alterspyramide durch standardisierte Tools und die Steuerung anhand pr\u00e4ziser Indikatoren erm\u00f6glichen eine Anpassung des Karrieremanagements in Echtzeit. Zum Beispiel bietet die SaaS-Plattform <a href=\"https:\/\/www.alumni.space\/de\/wie-koennen-personalverantwortliche-die-alterspyramide-antizipieren\/\">alumni.space<\/a> eine integrierte Umgebung, die Profile, Mentoring, Angebote und Veranstaltungen zusammenbringt, um diese Arbeit zu strukturieren. Ein solches Tool vermeidet die verstreute Nutzung von Tabellenkalkulationen oder anderen nicht synchronisierten Systemen, die zu Zeitverlust und verpassten Gelegenheiten f\u00fchren.  <\/p><p>Das Gesetz f\u00fchrt auch einen experimentellen unbefristeten Arbeitsvertrag f\u00fcr Senioren ein, den Vertrag zur Aufwertung der Erfahrung (CVE), um die Einstellung von Senioren zu f\u00f6rdern, indem ein sicherer Rahmen hinsichtlich der Dauer der Besch\u00e4ftigung gew\u00e4hrleistet wird. Die Strukturierung von Gespr\u00e4chen \u00fcber den beruflichen Werdegang und die Vermeidung von Verschlei\u00df am Arbeitsplatz gew\u00e4hrleisten eine individuelle Begleitung im entscheidenden Moment des \u00dcbergangs in den Ruhestand. <\/p><h3 class=\"wp-block-heading\"><span class=\"ez-toc-section\" id=\"Fallbeispiele_die_die_Bedeutung_des_fruehzeitigen_Managements_des_Ausscheidens_von_Senioren_zeigen\"><\/span>Fallbeispiele, die die Bedeutung des fr\u00fchzeitigen Managements des Ausscheidens von Senioren zeigen<span class=\"ez-toc-section-end\"><\/span><\/h3><p>In der Industrie f\u00fchren abrupte Unterbrechungen zu erheblichen Produktivit\u00e4tsverlusten und <strong>negativen Auswirkungen auf die Qualit\u00e4t<\/strong> der Lieferungen, wie in der Automobilindustrie zu beobachten ist. Unternehmen mit einer proaktiven Mentoring-Strategie und einem speziellen Job-Board hingegen verzeichnen eine bessere Eingliederung junger Talente und einen reibungslosen Transfer von Kompetenzen. <\/p><p>Auch die lokalen und regionalen Gebietsk\u00f6rperschaften stehen aufgrund des hohen Durchschnittsalters ihrer Mitarbeiter unter starkem Druck. Die Antizipation von Abg\u00e4ngen durch eine genaue Diagnose der kritischen Berufe erm\u00f6glicht eine bessere Zuweisung von Ressourcen und verringert die Belastung durch die massiven Neueinstellungen, die durch die Rentenreformen angek\u00fcndigt werden. <\/p><p>Die Mobilisierung f\u00fcr sektor\u00fcbergreifende Allianzen und Alumni-Netzwerke f\u00f6rdert auch die Aufwertung \u00e4lterer Menschen als Botschafter, die f\u00fcr eine kollektive Kontinuit\u00e4t und einen soliden Erfahrungsschatz sorgen. Diese Dynamik der Animation interner und externer Gemeinschaften stellt einen Hebel f\u00fcr die Akteure der Hochschulbildung, der CFAs oder der Verb\u00e4nde dar, die die Weitergabe mit einem Angebot an gegenseitiger Unterst\u00fctzung und beruflichen Chancen verbinden k\u00f6nnen. <\/p><p>Zur Vertiefung dieser Fragen sind die ausf\u00fchrlichen Ressourcen auf <a href=\"https:\/\/www.alumni.space\/de\/risiko-der-desorganisation-wie-wirkt-sich-das-massive-ausscheiden-aelterer-mitarbeiter-aus-dem-unternehmen-aus\/\">alumni.space \u00fcber das Risiko der Desorganisation durch das Ausscheiden \u00e4lterer<\/a> Mitarbeiter sowie die Erfahrungsberichte \u00fcber die Erhaltung des Know-hows in bestimmten Sektoren wie dem Bauwesen von Bedeutung.<\/p>","protected":false},"excerpt":{"rendered":"<p>Risiken der Desorganisation aufgrund des massiven Ausscheidens \u00e4lterer Arbeitnehmer aus  [&#8230;]<\/p>\n","protected":false},"author":1,"featured_media":5687,"comment_status":"closed","ping_status":"closed","sticky":false,"template":"","format":"standard","meta":{"_ayudawp_aiss_exclude":false,"footnotes":""},"categories":[60],"tags":[],"class_list":["post-5685","post","type-post","status-publish","format-standard","has-post-thumbnail","hentry","category-personalwesen"],"yoast_head":"<!-- This site is optimized with the Yoast SEO plugin v27.4 - https:\/\/yoast.com\/product\/yoast-seo-wordpress\/ -->\n<title>Massenhafte Abwanderung von Senioren: ein Risiko f\u00fcr die Organisation?<\/title>\n<meta name=\"description\" content=\"Erfahren Sie mehr \u00fcber die Auswirkungen des massiven Ausscheidens \u00e4lterer Menschen aus dem Erwerbsleben auf die Desorganisation von Unternehmen und wie Sie effektiv damit umgehen k\u00f6nnen.\" \/>\n<meta name=\"robots\" content=\"index, follow, max-snippet:-1, max-image-preview:large, max-video-preview:-1\" \/>\n<link rel=\"canonical\" href=\"https:\/\/www.alumni.space\/de\/risiko-der-desorganisation-wie-wirkt-sich-das-massive-ausscheiden-aelterer-mitarbeiter-aus-dem-unternehmen-aus\/\" \/>\n<meta property=\"og:locale\" content=\"de_DE\" \/>\n<meta property=\"og:type\" content=\"article\" \/>\n<meta property=\"og:title\" content=\"Massenhafte Abwanderung von Senioren: ein Risiko f\u00fcr die Organisation?\" \/>\n<meta property=\"og:description\" content=\"Erfahren Sie mehr \u00fcber die Auswirkungen des massiven Ausscheidens \u00e4lterer Menschen aus dem Erwerbsleben auf die Desorganisation von Unternehmen und wie Sie effektiv damit umgehen k\u00f6nnen.\" \/>\n<meta property=\"og:url\" content=\"https:\/\/www.alumni.space\/de\/risiko-der-desorganisation-wie-wirkt-sich-das-massive-ausscheiden-aelterer-mitarbeiter-aus-dem-unternehmen-aus\/\" \/>\n<meta property=\"og:site_name\" content=\"Alumni.space\" \/>\n<meta property=\"article:published_time\" content=\"2025-01-04T06:35:03+00:00\" \/>\n<meta property=\"article:modified_time\" content=\"2026-03-28T10:42:14+00:00\" \/>\n<meta property=\"og:image\" content=\"https:\/\/www.alumni.space\/wp-content\/uploads\/2026\/03\/Risque-de-desorganisation-quel-impact-des-departs-massifs-des-seniors-.jpg\" \/>\n\t<meta property=\"og:image:width\" content=\"1280\" \/>\n\t<meta property=\"og:image:height\" content=\"768\" \/>\n\t<meta property=\"og:image:type\" content=\"image\/jpeg\" \/>\n<meta name=\"author\" content=\"admin\" \/>\n<meta name=\"twitter:card\" content=\"summary_large_image\" \/>\n<meta name=\"twitter:label1\" content=\"Verfasst von\" \/>\n\t<meta name=\"twitter:data1\" content=\"admin\" \/>\n\t<meta name=\"twitter:label2\" content=\"Gesch\u00e4tzte Lesezeit\" \/>\n\t<meta name=\"twitter:data2\" content=\"4\u00a0Minuten\" \/>\n<script type=\"application\/ld+json\" class=\"yoast-schema-graph\">{\"@context\":\"https:\\\/\\\/schema.org\",\"@graph\":[{\"@type\":\"Article\",\"@id\":\"https:\\\/\\\/www.alumni.space\\\/de\\\/risiko-der-desorganisation-wie-wirkt-sich-das-massive-ausscheiden-aelterer-mitarbeiter-aus-dem-unternehmen-aus\\\/#article\",\"isPartOf\":{\"@id\":\"https:\\\/\\\/www.alumni.space\\\/de\\\/risiko-der-desorganisation-wie-wirkt-sich-das-massive-ausscheiden-aelterer-mitarbeiter-aus-dem-unternehmen-aus\\\/\"},\"author\":{\"name\":\"admin\",\"@id\":\"https:\\\/\\\/www.alumni.space\\\/de\\\/#\\\/schema\\\/person\\\/fede362a57876edda476a61f05ce5b15\"},\"headline\":\"Risiko der Desorganisation: Wie wirkt sich das massive Ausscheiden \u00e4lterer Mitarbeiter aus dem Unternehmen aus?\",\"datePublished\":\"2025-01-04T06:35:03+00:00\",\"dateModified\":\"2026-03-28T10:42:14+00:00\",\"mainEntityOfPage\":{\"@id\":\"https:\\\/\\\/www.alumni.space\\\/de\\\/risiko-der-desorganisation-wie-wirkt-sich-das-massive-ausscheiden-aelterer-mitarbeiter-aus-dem-unternehmen-aus\\\/\"},\"wordCount\":800,\"image\":{\"@id\":\"https:\\\/\\\/www.alumni.space\\\/de\\\/risiko-der-desorganisation-wie-wirkt-sich-das-massive-ausscheiden-aelterer-mitarbeiter-aus-dem-unternehmen-aus\\\/#primaryimage\"},\"thumbnailUrl\":\"https:\\\/\\\/www.alumni.space\\\/wp-content\\\/uploads\\\/2026\\\/03\\\/Risque-de-desorganisation-quel-impact-des-departs-massifs-des-seniors-.jpg\",\"articleSection\":[\"Personalwesen\"],\"inLanguage\":\"de\"},{\"@type\":\"WebPage\",\"@id\":\"https:\\\/\\\/www.alumni.space\\\/de\\\/risiko-der-desorganisation-wie-wirkt-sich-das-massive-ausscheiden-aelterer-mitarbeiter-aus-dem-unternehmen-aus\\\/\",\"url\":\"https:\\\/\\\/www.alumni.space\\\/de\\\/risiko-der-desorganisation-wie-wirkt-sich-das-massive-ausscheiden-aelterer-mitarbeiter-aus-dem-unternehmen-aus\\\/\",\"name\":\"Massenhafte Abwanderung von Senioren: ein Risiko f\u00fcr die Organisation?\",\"isPartOf\":{\"@id\":\"https:\\\/\\\/www.alumni.space\\\/de\\\/#website\"},\"primaryImageOfPage\":{\"@id\":\"https:\\\/\\\/www.alumni.space\\\/de\\\/risiko-der-desorganisation-wie-wirkt-sich-das-massive-ausscheiden-aelterer-mitarbeiter-aus-dem-unternehmen-aus\\\/#primaryimage\"},\"image\":{\"@id\":\"https:\\\/\\\/www.alumni.space\\\/de\\\/risiko-der-desorganisation-wie-wirkt-sich-das-massive-ausscheiden-aelterer-mitarbeiter-aus-dem-unternehmen-aus\\\/#primaryimage\"},\"thumbnailUrl\":\"https:\\\/\\\/www.alumni.space\\\/wp-content\\\/uploads\\\/2026\\\/03\\\/Risque-de-desorganisation-quel-impact-des-departs-massifs-des-seniors-.jpg\",\"datePublished\":\"2025-01-04T06:35:03+00:00\",\"dateModified\":\"2026-03-28T10:42:14+00:00\",\"author\":{\"@id\":\"https:\\\/\\\/www.alumni.space\\\/de\\\/#\\\/schema\\\/person\\\/fede362a57876edda476a61f05ce5b15\"},\"description\":\"Erfahren Sie mehr \u00fcber die Auswirkungen des massiven Ausscheidens \u00e4lterer Menschen aus dem Erwerbsleben auf die Desorganisation von Unternehmen und wie Sie effektiv damit umgehen k\u00f6nnen.\",\"breadcrumb\":{\"@id\":\"https:\\\/\\\/www.alumni.space\\\/de\\\/risiko-der-desorganisation-wie-wirkt-sich-das-massive-ausscheiden-aelterer-mitarbeiter-aus-dem-unternehmen-aus\\\/#breadcrumb\"},\"inLanguage\":\"de\",\"potentialAction\":[{\"@type\":\"ReadAction\",\"target\":[\"https:\\\/\\\/www.alumni.space\\\/de\\\/risiko-der-desorganisation-wie-wirkt-sich-das-massive-ausscheiden-aelterer-mitarbeiter-aus-dem-unternehmen-aus\\\/\"]}]},{\"@type\":\"ImageObject\",\"inLanguage\":\"de\",\"@id\":\"https:\\\/\\\/www.alumni.space\\\/de\\\/risiko-der-desorganisation-wie-wirkt-sich-das-massive-ausscheiden-aelterer-mitarbeiter-aus-dem-unternehmen-aus\\\/#primaryimage\",\"url\":\"https:\\\/\\\/www.alumni.space\\\/wp-content\\\/uploads\\\/2026\\\/03\\\/Risque-de-desorganisation-quel-impact-des-departs-massifs-des-seniors-.jpg\",\"contentUrl\":\"https:\\\/\\\/www.alumni.space\\\/wp-content\\\/uploads\\\/2026\\\/03\\\/Risque-de-desorganisation-quel-impact-des-departs-massifs-des-seniors-.jpg\",\"width\":1280,\"height\":768,\"caption\":\"Erfahren Sie mehr \u00fcber die Auswirkungen des massiven Ausscheidens \u00e4lterer Arbeitnehmer aus dem Erwerbsleben auf die Organisation von Unternehmen und \u00fcber Strategien zur Vermeidung von Desorganisation.\"},{\"@type\":\"BreadcrumbList\",\"@id\":\"https:\\\/\\\/www.alumni.space\\\/de\\\/risiko-der-desorganisation-wie-wirkt-sich-das-massive-ausscheiden-aelterer-mitarbeiter-aus-dem-unternehmen-aus\\\/#breadcrumb\",\"itemListElement\":[{\"@type\":\"ListItem\",\"position\":1,\"name\":\"Home\",\"item\":\"https:\\\/\\\/www.alumni.space\\\/de\\\/plattform-fuer-die-verwaltung-von-mentoring-und-unternehmensalumni\\\/\"},{\"@type\":\"ListItem\",\"position\":2,\"name\":\"Risiko der Desorganisation: Wie wirkt sich das massive Ausscheiden \u00e4lterer Mitarbeiter aus dem Unternehmen aus?\"}]},{\"@type\":\"WebSite\",\"@id\":\"https:\\\/\\\/www.alumni.space\\\/de\\\/#website\",\"url\":\"https:\\\/\\\/www.alumni.space\\\/de\\\/\",\"name\":\"Alumni.space\",\"description\":\"My WordPress Blog\",\"potentialAction\":[{\"@type\":\"SearchAction\",\"target\":{\"@type\":\"EntryPoint\",\"urlTemplate\":\"https:\\\/\\\/www.alumni.space\\\/de\\\/?s={search_term_string}\"},\"query-input\":{\"@type\":\"PropertyValueSpecification\",\"valueRequired\":true,\"valueName\":\"search_term_string\"}}],\"inLanguage\":\"de\"},{\"@type\":\"Person\",\"@id\":\"https:\\\/\\\/www.alumni.space\\\/de\\\/#\\\/schema\\\/person\\\/fede362a57876edda476a61f05ce5b15\",\"name\":\"admin\",\"image\":{\"@type\":\"ImageObject\",\"inLanguage\":\"de\",\"@id\":\"https:\\\/\\\/secure.gravatar.com\\\/avatar\\\/318e234ae94f90d4d629428d6b983c08e31181c28f579e08a021180d759ea651?s=96&d=mm&r=g\",\"url\":\"https:\\\/\\\/secure.gravatar.com\\\/avatar\\\/318e234ae94f90d4d629428d6b983c08e31181c28f579e08a021180d759ea651?s=96&d=mm&r=g\",\"contentUrl\":\"https:\\\/\\\/secure.gravatar.com\\\/avatar\\\/318e234ae94f90d4d629428d6b983c08e31181c28f579e08a021180d759ea651?s=96&d=mm&r=g\",\"caption\":\"admin\"},\"description\":\"Nicolas Laustriat a construit sa sp\u00e9cialit\u00e9 sur un sujet que beaucoup d\u2019organisations d\u00e9couvrent trop tard : ce qui dispara\u00eet quand les gens partent. Dipl\u00f4m\u00e9 en conception de produit industriel, il bifurque vers le digital fin 1996, il couvre les transformations marques, RH, la fid\u00e9lisation, la marque employeur. Sur le terrain, il rep\u00e8re un angle mort r\u00e9current : l\u2019entreprise investit dans le recrutement, la formation, les process\u2026 puis laisse filer le lien au moment du d\u00e9part, avec une perte de savoir et d\u2019influence qui se paie en silence. Il se sp\u00e9cialise alors sur les communaut\u00e9s d\u2019alumni, le mentorat, l\u2019entraide interg\u00e9n\u00e9rationnelle et la transmission d\u2019expertise. Il passe du \u201cconstat\u201d aux m\u00e9thodes : animation, gouvernance, segmentation, rituels, mesure d\u2019engagement, articulation avec la RSE et l\u2019employabilit\u00e9. Il interviewe DRH, responsables formation, directions d\u2019\u00e9coles, associations et fondations, avec une obsession : transformer un r\u00e9seau dormant en m\u00e9canisme utile (cooptation, mentorat, job board, entraide, \u00e9v\u00e9nements, contenus). Son style : direct, orient\u00e9 action, sans folklore. Sa conviction : une communaut\u00e9 n\u2019a pas besoin de bruit, elle a besoin de raisons de revenir.\",\"sameAs\":[\"https:\\\/\\\/www.alumni.space\"]}]}<\/script>\n<!-- \/ Yoast SEO plugin. -->","yoast_head_json":{"title":"Massenhafte Abwanderung von Senioren: ein Risiko f\u00fcr die Organisation?","description":"Erfahren Sie mehr \u00fcber die Auswirkungen des massiven Ausscheidens \u00e4lterer Menschen aus dem Erwerbsleben auf die Desorganisation von Unternehmen und wie Sie effektiv damit umgehen k\u00f6nnen.","robots":{"index":"index","follow":"follow","max-snippet":"max-snippet:-1","max-image-preview":"max-image-preview:large","max-video-preview":"max-video-preview:-1"},"canonical":"https:\/\/www.alumni.space\/de\/risiko-der-desorganisation-wie-wirkt-sich-das-massive-ausscheiden-aelterer-mitarbeiter-aus-dem-unternehmen-aus\/","og_locale":"de_DE","og_type":"article","og_title":"Massenhafte Abwanderung von Senioren: ein Risiko f\u00fcr die Organisation?","og_description":"Erfahren Sie mehr \u00fcber die Auswirkungen des massiven Ausscheidens \u00e4lterer Menschen aus dem Erwerbsleben auf die Desorganisation von Unternehmen und wie Sie effektiv damit umgehen k\u00f6nnen.","og_url":"https:\/\/www.alumni.space\/de\/risiko-der-desorganisation-wie-wirkt-sich-das-massive-ausscheiden-aelterer-mitarbeiter-aus-dem-unternehmen-aus\/","og_site_name":"Alumni.space","article_published_time":"2025-01-04T06:35:03+00:00","article_modified_time":"2026-03-28T10:42:14+00:00","og_image":[{"width":1280,"height":768,"url":"https:\/\/www.alumni.space\/wp-content\/uploads\/2026\/03\/Risque-de-desorganisation-quel-impact-des-departs-massifs-des-seniors-.jpg","type":"image\/jpeg"}],"author":"admin","twitter_card":"summary_large_image","twitter_misc":{"Verfasst von":"admin","Gesch\u00e4tzte Lesezeit":"4\u00a0Minuten"},"schema":{"@context":"https:\/\/schema.org","@graph":[{"@type":"Article","@id":"https:\/\/www.alumni.space\/de\/risiko-der-desorganisation-wie-wirkt-sich-das-massive-ausscheiden-aelterer-mitarbeiter-aus-dem-unternehmen-aus\/#article","isPartOf":{"@id":"https:\/\/www.alumni.space\/de\/risiko-der-desorganisation-wie-wirkt-sich-das-massive-ausscheiden-aelterer-mitarbeiter-aus-dem-unternehmen-aus\/"},"author":{"name":"admin","@id":"https:\/\/www.alumni.space\/de\/#\/schema\/person\/fede362a57876edda476a61f05ce5b15"},"headline":"Risiko der Desorganisation: Wie wirkt sich das massive Ausscheiden \u00e4lterer Mitarbeiter aus dem Unternehmen aus?","datePublished":"2025-01-04T06:35:03+00:00","dateModified":"2026-03-28T10:42:14+00:00","mainEntityOfPage":{"@id":"https:\/\/www.alumni.space\/de\/risiko-der-desorganisation-wie-wirkt-sich-das-massive-ausscheiden-aelterer-mitarbeiter-aus-dem-unternehmen-aus\/"},"wordCount":800,"image":{"@id":"https:\/\/www.alumni.space\/de\/risiko-der-desorganisation-wie-wirkt-sich-das-massive-ausscheiden-aelterer-mitarbeiter-aus-dem-unternehmen-aus\/#primaryimage"},"thumbnailUrl":"https:\/\/www.alumni.space\/wp-content\/uploads\/2026\/03\/Risque-de-desorganisation-quel-impact-des-departs-massifs-des-seniors-.jpg","articleSection":["Personalwesen"],"inLanguage":"de"},{"@type":"WebPage","@id":"https:\/\/www.alumni.space\/de\/risiko-der-desorganisation-wie-wirkt-sich-das-massive-ausscheiden-aelterer-mitarbeiter-aus-dem-unternehmen-aus\/","url":"https:\/\/www.alumni.space\/de\/risiko-der-desorganisation-wie-wirkt-sich-das-massive-ausscheiden-aelterer-mitarbeiter-aus-dem-unternehmen-aus\/","name":"Massenhafte Abwanderung von Senioren: ein Risiko f\u00fcr die Organisation?","isPartOf":{"@id":"https:\/\/www.alumni.space\/de\/#website"},"primaryImageOfPage":{"@id":"https:\/\/www.alumni.space\/de\/risiko-der-desorganisation-wie-wirkt-sich-das-massive-ausscheiden-aelterer-mitarbeiter-aus-dem-unternehmen-aus\/#primaryimage"},"image":{"@id":"https:\/\/www.alumni.space\/de\/risiko-der-desorganisation-wie-wirkt-sich-das-massive-ausscheiden-aelterer-mitarbeiter-aus-dem-unternehmen-aus\/#primaryimage"},"thumbnailUrl":"https:\/\/www.alumni.space\/wp-content\/uploads\/2026\/03\/Risque-de-desorganisation-quel-impact-des-departs-massifs-des-seniors-.jpg","datePublished":"2025-01-04T06:35:03+00:00","dateModified":"2026-03-28T10:42:14+00:00","author":{"@id":"https:\/\/www.alumni.space\/de\/#\/schema\/person\/fede362a57876edda476a61f05ce5b15"},"description":"Erfahren Sie mehr \u00fcber die Auswirkungen des massiven Ausscheidens \u00e4lterer Menschen aus dem Erwerbsleben auf die Desorganisation von Unternehmen und wie Sie effektiv damit umgehen k\u00f6nnen.","breadcrumb":{"@id":"https:\/\/www.alumni.space\/de\/risiko-der-desorganisation-wie-wirkt-sich-das-massive-ausscheiden-aelterer-mitarbeiter-aus-dem-unternehmen-aus\/#breadcrumb"},"inLanguage":"de","potentialAction":[{"@type":"ReadAction","target":["https:\/\/www.alumni.space\/de\/risiko-der-desorganisation-wie-wirkt-sich-das-massive-ausscheiden-aelterer-mitarbeiter-aus-dem-unternehmen-aus\/"]}]},{"@type":"ImageObject","inLanguage":"de","@id":"https:\/\/www.alumni.space\/de\/risiko-der-desorganisation-wie-wirkt-sich-das-massive-ausscheiden-aelterer-mitarbeiter-aus-dem-unternehmen-aus\/#primaryimage","url":"https:\/\/www.alumni.space\/wp-content\/uploads\/2026\/03\/Risque-de-desorganisation-quel-impact-des-departs-massifs-des-seniors-.jpg","contentUrl":"https:\/\/www.alumni.space\/wp-content\/uploads\/2026\/03\/Risque-de-desorganisation-quel-impact-des-departs-massifs-des-seniors-.jpg","width":1280,"height":768,"caption":"Erfahren Sie mehr \u00fcber die Auswirkungen des massiven Ausscheidens \u00e4lterer Arbeitnehmer aus dem Erwerbsleben auf die Organisation von Unternehmen und \u00fcber Strategien zur Vermeidung von Desorganisation."},{"@type":"BreadcrumbList","@id":"https:\/\/www.alumni.space\/de\/risiko-der-desorganisation-wie-wirkt-sich-das-massive-ausscheiden-aelterer-mitarbeiter-aus-dem-unternehmen-aus\/#breadcrumb","itemListElement":[{"@type":"ListItem","position":1,"name":"Home","item":"https:\/\/www.alumni.space\/de\/plattform-fuer-die-verwaltung-von-mentoring-und-unternehmensalumni\/"},{"@type":"ListItem","position":2,"name":"Risiko der Desorganisation: Wie wirkt sich das massive Ausscheiden \u00e4lterer Mitarbeiter aus dem Unternehmen aus?"}]},{"@type":"WebSite","@id":"https:\/\/www.alumni.space\/de\/#website","url":"https:\/\/www.alumni.space\/de\/","name":"Alumni.space","description":"My WordPress Blog","potentialAction":[{"@type":"SearchAction","target":{"@type":"EntryPoint","urlTemplate":"https:\/\/www.alumni.space\/de\/?s={search_term_string}"},"query-input":{"@type":"PropertyValueSpecification","valueRequired":true,"valueName":"search_term_string"}}],"inLanguage":"de"},{"@type":"Person","@id":"https:\/\/www.alumni.space\/de\/#\/schema\/person\/fede362a57876edda476a61f05ce5b15","name":"admin","image":{"@type":"ImageObject","inLanguage":"de","@id":"https:\/\/secure.gravatar.com\/avatar\/318e234ae94f90d4d629428d6b983c08e31181c28f579e08a021180d759ea651?s=96&d=mm&r=g","url":"https:\/\/secure.gravatar.com\/avatar\/318e234ae94f90d4d629428d6b983c08e31181c28f579e08a021180d759ea651?s=96&d=mm&r=g","contentUrl":"https:\/\/secure.gravatar.com\/avatar\/318e234ae94f90d4d629428d6b983c08e31181c28f579e08a021180d759ea651?s=96&d=mm&r=g","caption":"admin"},"description":"Nicolas Laustriat a construit sa sp\u00e9cialit\u00e9 sur un sujet que beaucoup d\u2019organisations d\u00e9couvrent trop tard : ce qui dispara\u00eet quand les gens partent. Dipl\u00f4m\u00e9 en conception de produit industriel, il bifurque vers le digital fin 1996, il couvre les transformations marques, RH, la fid\u00e9lisation, la marque employeur. Sur le terrain, il rep\u00e8re un angle mort r\u00e9current : l\u2019entreprise investit dans le recrutement, la formation, les process\u2026 puis laisse filer le lien au moment du d\u00e9part, avec une perte de savoir et d\u2019influence qui se paie en silence. Il se sp\u00e9cialise alors sur les communaut\u00e9s d\u2019alumni, le mentorat, l\u2019entraide interg\u00e9n\u00e9rationnelle et la transmission d\u2019expertise. Il passe du \u201cconstat\u201d aux m\u00e9thodes : animation, gouvernance, segmentation, rituels, mesure d\u2019engagement, articulation avec la RSE et l\u2019employabilit\u00e9. Il interviewe DRH, responsables formation, directions d\u2019\u00e9coles, associations et fondations, avec une obsession : transformer un r\u00e9seau dormant en m\u00e9canisme utile (cooptation, mentorat, job board, entraide, \u00e9v\u00e9nements, contenus). Son style : direct, orient\u00e9 action, sans folklore. Sa conviction : une communaut\u00e9 n\u2019a pas besoin de bruit, elle a besoin de raisons de revenir.","sameAs":["https:\/\/www.alumni.space"]}]}},"_links":{"self":[{"href":"https:\/\/www.alumni.space\/de\/wp-json\/wp\/v2\/posts\/5685","targetHints":{"allow":["GET"]}}],"collection":[{"href":"https:\/\/www.alumni.space\/de\/wp-json\/wp\/v2\/posts"}],"about":[{"href":"https:\/\/www.alumni.space\/de\/wp-json\/wp\/v2\/types\/post"}],"author":[{"embeddable":true,"href":"https:\/\/www.alumni.space\/de\/wp-json\/wp\/v2\/users\/1"}],"replies":[{"embeddable":true,"href":"https:\/\/www.alumni.space\/de\/wp-json\/wp\/v2\/comments?post=5685"}],"version-history":[{"count":1,"href":"https:\/\/www.alumni.space\/de\/wp-json\/wp\/v2\/posts\/5685\/revisions"}],"predecessor-version":[{"id":5689,"href":"https:\/\/www.alumni.space\/de\/wp-json\/wp\/v2\/posts\/5685\/revisions\/5689"}],"wp:featuredmedia":[{"embeddable":true,"href":"https:\/\/www.alumni.space\/de\/wp-json\/wp\/v2\/media\/5687"}],"wp:attachment":[{"href":"https:\/\/www.alumni.space\/de\/wp-json\/wp\/v2\/media?parent=5685"}],"wp:term":[{"taxonomy":"category","embeddable":true,"href":"https:\/\/www.alumni.space\/de\/wp-json\/wp\/v2\/categories?post=5685"},{"taxonomy":"post_tag","embeddable":true,"href":"https:\/\/www.alumni.space\/de\/wp-json\/wp\/v2\/tags?post=5685"}],"curies":[{"name":"wp","href":"https:\/\/api.w.org\/{rel}","templated":true}]}}