{"id":5660,"date":"2025-02-18T05:41:11","date_gmt":"2025-02-18T05:41:11","guid":{"rendered":"https:\/\/www.alumni.space\/alterspyramide-eine-unterschaetzte-herausforderung-fuer-technische-berufe\/"},"modified":"2026-03-28T10:49:34","modified_gmt":"2026-03-28T10:49:34","slug":"alterspyramide-eine-unterschaetzte-herausforderung-fuer-technische-berufe","status":"publish","type":"post","link":"https:\/\/www.alumni.space\/de\/alterspyramide-eine-unterschaetzte-herausforderung-fuer-technische-berufe\/","title":{"rendered":"Alterspyramide: eine untersch\u00e4tzte Herausforderung f\u00fcr technische Berufe"},"content":{"rendered":"<div id=\"ez-toc-container\" class=\"ez-toc-v2_0_82_2 counter-flat ez-toc-counter ez-toc-grey ez-toc-container-direction\">\n<div class=\"ez-toc-title-container\"><p class=\"ez-toc-title\" style=\"cursor:inherit\">Inhalt dieses Artikels:<\/p>\n<\/div><nav><ul class='ez-toc-list ez-toc-list-level-1 ' ><li class='ez-toc-page-1'><a class=\"ez-toc-link ez-toc-heading-1\" href=\"https:\/\/www.alumni.space\/de\/alterspyramide-eine-unterschaetzte-herausforderung-fuer-technische-berufe\/#Auswirkungen_der_Alterspyramide_in_den_technischen_Berufen_und_damit_verbundene_demographische_Herausforderungen\" >Auswirkungen der Alterspyramide in den technischen Berufen und damit verbundene demographische Herausforderungen<\/a><\/li><li class='ez-toc-page-1'><a class=\"ez-toc-link ez-toc-heading-2\" href=\"https:\/\/www.alumni.space\/de\/alterspyramide-eine-unterschaetzte-herausforderung-fuer-technische-berufe\/#Die_Herausforderung_des_Generationenwechsels_in_den_technischen_Berufen\" >Die Herausforderung des Generationenwechsels in den technischen Berufen<\/a><\/li><li class='ez-toc-page-1'><a class=\"ez-toc-link ez-toc-heading-3\" href=\"https:\/\/www.alumni.space\/de\/alterspyramide-eine-unterschaetzte-herausforderung-fuer-technische-berufe\/#Strategien_zur_Maximierung_des_Kompetenzmanagements_angesichts_einer_alternden_technischen_Belegschaft\" >Strategien zur Maximierung des Kompetenzmanagements angesichts einer alternden technischen Belegschaft<\/a><\/li><li class='ez-toc-page-1'><a class=\"ez-toc-link ez-toc-heading-4\" href=\"https:\/\/www.alumni.space\/de\/alterspyramide-eine-unterschaetzte-herausforderung-fuer-technische-berufe\/#Anwendungsbeispiel_aus_dem_Maschinenbau_eine_kritische_Herausforderung\" >Anwendungsbeispiel aus dem Maschinenbau: eine kritische Herausforderung<\/a><\/li><\/ul><\/nav><\/div>\n<h2 class=\"wp-block-heading\"><span class=\"ez-toc-section\" id=\"Auswirkungen_der_Alterspyramide_in_den_technischen_Berufen_und_damit_verbundene_demographische_Herausforderungen\"><\/span>Auswirkungen der Alterspyramide in den technischen Berufen und damit verbundene demographische Herausforderungen<span class=\"ez-toc-section-end\"><\/span><\/h2><p>Die Alterspyramide ist ein Schl\u00fcsselindikator f\u00fcr die Risiken, die mit dem Talentmanagement in technischen Sektoren verbunden sind. Diese demographische Tatsache zeigt dringende Ungleichgewichte auf, die sich <strong>auf die Entwicklung von Arbeitspl\u00e4tzen<\/strong> und die Aussichten f\u00fcr die <strong>Einstellung<\/strong> von Mitarbeitern auswirken k\u00f6nnen. In mehreren Branchen steht eine erhebliche Anzahl von Pensionierungen bevor, die die Kontinuit\u00e4t des angesammelten Know-hows gef\u00e4hrden. Die demografische Herausforderung erfordert eine erh\u00f6hte Wachsamkeit in Bezug auf das Humankapital, um Br\u00fcche zu vermeiden, die der Produktivit\u00e4t und der Innovation abtr\u00e4glich sind.   <\/p><p>In diesem Zusammenhang m\u00fcssen sich die Entscheidungstr\u00e4ger auf leistungsf\u00e4hige Werkzeuge st\u00fctzen, um diese Entwicklungen zu antizipieren und ein optimiertes Kompetenzmanagement zu gew\u00e4hrleisten. <a href=\"https:\/\/www.alumni.space\/de\/wie-koennen-personalverantwortliche-die-alterspyramide-antizipieren\/\">Die Plattform alumni.space<\/a> ist ein Beispiel f\u00fcr die F\u00e4higkeit, internes Wissen zu zentralisieren und aufzuwerten und die Weitergabe zwischen den Generationen durch Mentoring, gezielte Veranstaltungen und die Dynamik der Gemeinschaft zu erleichtern.<\/p><figure class=\"wp-block-image size-full\"><img decoding=\"async\" width=\"1280\" height=\"768\" src=\"https:\/\/www.alumni.space\/wp-content\/uploads\/2026\/03\/Pyramide-des-ages-un-enjeu-sous-estime-pour-les-metiers-techniques-1.jpg\" data-orig-src=\"https:\/\/www.alumni.space\/wp-content\/uploads\/2026\/03\/Pyramide-des-ages-un-enjeu-sous-estime-pour-les-metiers-techniques-1.jpg\" alt=\"Finden Sie heraus, warum die Alterspyramide in technischen Berufen eine entscheidende, aber oft untersch\u00e4tzte Herausforderung ist, die sich auf die Einstellung und den Nachwuchs auswirkt.\" class=\"lazyload wp-image-3243\" srcset=\"data:image\/svg+xml,%3Csvg%20xmlns%3D%27http%3A%2F%2Fwww.w3.org%2F2000%2Fsvg%27%20width%3D%271280%27%20height%3D%27768%27%20viewBox%3D%270%200%201280%20768%27%3E%3Crect%20width%3D%271280%27%20height%3D%27768%27%20fill-opacity%3D%220%22%2F%3E%3C%2Fsvg%3E\" data-srcset=\"https:\/\/www.alumni.space\/wp-content\/uploads\/2026\/03\/Pyramide-des-ages-un-enjeu-sous-estime-pour-les-metiers-techniques-1-200x120.jpg 200w, https:\/\/www.alumni.space\/wp-content\/uploads\/2026\/03\/Pyramide-des-ages-un-enjeu-sous-estime-pour-les-metiers-techniques-1-300x180.jpg 300w, https:\/\/www.alumni.space\/wp-content\/uploads\/2026\/03\/Pyramide-des-ages-un-enjeu-sous-estime-pour-les-metiers-techniques-1-400x240.jpg 400w, https:\/\/www.alumni.space\/wp-content\/uploads\/2026\/03\/Pyramide-des-ages-un-enjeu-sous-estime-pour-les-metiers-techniques-1-600x360.jpg 600w, https:\/\/www.alumni.space\/wp-content\/uploads\/2026\/03\/Pyramide-des-ages-un-enjeu-sous-estime-pour-les-metiers-techniques-1-768x461.jpg 768w, https:\/\/www.alumni.space\/wp-content\/uploads\/2026\/03\/Pyramide-des-ages-un-enjeu-sous-estime-pour-les-metiers-techniques-1-800x480.jpg 800w, https:\/\/www.alumni.space\/wp-content\/uploads\/2026\/03\/Pyramide-des-ages-un-enjeu-sous-estime-pour-les-metiers-techniques-1-1024x614.jpg 1024w, https:\/\/www.alumni.space\/wp-content\/uploads\/2026\/03\/Pyramide-des-ages-un-enjeu-sous-estime-pour-les-metiers-techniques-1-1200x720.jpg 1200w, https:\/\/www.alumni.space\/wp-content\/uploads\/2026\/03\/Pyramide-des-ages-un-enjeu-sous-estime-pour-les-metiers-techniques-1.jpg 1280w\" data-sizes=\"auto\" data-orig-sizes=\"(max-width: 1280px) 100vw, 1280px\" \/><\/figure><h3 class=\"wp-block-heading\"><span class=\"ez-toc-section\" id=\"Die_Herausforderung_des_Generationenwechsels_in_den_technischen_Berufen\"><\/span>Die Herausforderung des Generationenwechsels in den technischen Berufen<span class=\"ez-toc-section-end\"><\/span><\/h3><p>Die technische Natur der betroffenen Berufe verst\u00e4rkt das Risiko, das mit dem massiven Ausscheiden aus dem Berufsleben einhergeht. Das in der Praxis gesammelte Wissen und die Erfahrung gehen manchmal verloren, weil es keine organisierten Vorkehrungen f\u00fcr den Transfer gibt. Der Einsatz von generations\u00fcbergreifendem Mentoring wird daher zu einer wichtigen Methode, um ein hohes Ma\u00df an operativer Kompetenz zu erhalten. Dieser Transfer wird auch durch die Einrichtung von Zweiergruppen und strukturierten und zug\u00e4nglichen R\u00e4umen f\u00fcr den Austausch von Dokumentationsressourcen unterst\u00fctzt.   <\/p><p>Die Folgen eines schlechten Managements dieses \u00dcbergangs f\u00fchren zu erheblichen Funktionsst\u00f6rungen, die die Qualit\u00e4t der Leistungen und die Sicherheit beeintr\u00e4chtigen, insbesondere in Sektoren wie Maschinenbau und Logistik. Es ist wichtig, vorausschauende Ma\u00dfnahmen zu ergreifen, um den Verlust von Erfahrung zu begrenzen und den Wert der Kooptation zu erh\u00f6hen, um die Integration neuer Talente zu optimieren, wobei diese Strategien durch spezielle digitale Plattformen unterst\u00fctzt werden. <\/p><h2 class=\"wp-block-heading\"><span class=\"ez-toc-section\" id=\"Strategien_zur_Maximierung_des_Kompetenzmanagements_angesichts_einer_alternden_technischen_Belegschaft\"><\/span>Strategien zur Maximierung des Kompetenzmanagements angesichts einer alternden technischen Belegschaft<span class=\"ez-toc-section-end\"><\/span><\/h2><p>Die proaktive Ber\u00fccksichtigung der Alterspyramide erm\u00f6glicht die Identifizierung pr\u00e4ziser KPIs zur Steuerung der Personalpolitik in den technischen Berufen. Die Segmentierung der Profile nach Altersgruppen, die Verfolgung der geplanten Abg\u00e4nge und die Bewertung der Auswirkungen auf die Schl\u00fcsselprozesse sind unerl\u00e4ssliche Schritte. Ein angepasster Zeitplan f\u00fcr die Berufsausbildung und ein formalisiertes Mentorensystem tragen dazu bei, den Nachwuchs zu sichern.  <\/p><p>Die Initiativen m\u00fcssen in eine robuste Governance eingebettet sein, mit klaren Indikatoren, um die Annahme der Ma\u00dfnahmen und das Engagement der Mitarbeiter zu messen. Die Implementierung einer kollaborativen Plattform wie alumni.space vereinfacht die Koordination von Ma\u00dfnahmen, reduziert Informationsl\u00fccken und erleichtert die Nutzung des organisatorischen Ged\u00e4chtnisses. Diese digitale Kontinuit\u00e4t bietet einen starken Hebel, um die mit der Erneuerung von Kompetenzen verbundenen Zeitverluste und Kosten zu begrenzen.  <\/p><h3 class=\"wp-block-heading\"><span class=\"ez-toc-section\" id=\"Anwendungsbeispiel_aus_dem_Maschinenbau_eine_kritische_Herausforderung\"><\/span>Anwendungsbeispiel aus dem Maschinenbau: eine kritische Herausforderung<span class=\"ez-toc-section-end\"><\/span><\/h3><p>In der Maschinenbaubranche f\u00fchrt die starke \u00dcberalterung der Belegschaft zu einer komplexen Verwaltung der Humanressourcen. Das Ausscheiden von Mitarbeitern in Verbindung mit der Alterspyramide f\u00fchrt h\u00e4ufig zu Fehlzeiten und dem Verlust von hochentwickeltem technischen Fachwissen. Die Nutzung von Plattformen f\u00fcr die Zusammenarbeit erm\u00f6glicht es, Mentorenprogramme und gezielte Schulungen in einem angemessenen Rhythmus durchzuf\u00fchren, um die Wettbewerbsf\u00e4higkeit zu erhalten.  <\/p><p>Dieser Ansatz wird von einem verst\u00e4rkten Management begleitet, das dynamische Dashboards einbezieht, um die Besetzung von Schl\u00fcsselpositionen zu antizipieren. Nach dem Modell von <a href=\"https:\/\/www.alumni.space\/de\/alterspyramide-eine-herausforderung-fuer-die-mechanischen-berufe\/\">alumni.space in der Maschinenbaubranche<\/a> verhindert die strukturierte Planung der intergenerationellen Weitergabe von Wissen Wissensl\u00fccken und maximiert gleichzeitig das dauerhafte Engagement der Mitarbeiter, was ein Schl\u00fcsselfaktor f\u00fcr Innovation und Kontinuit\u00e4t ist. <\/p>","protected":false},"excerpt":{"rendered":"<p>Auswirkungen der Alterspyramide in den technischen Berufen und damit verbundene  [&#8230;]<\/p>\n","protected":false},"author":1,"featured_media":5662,"comment_status":"closed","ping_status":"closed","sticky":false,"template":"","format":"standard","meta":{"_ayudawp_aiss_exclude":false,"footnotes":""},"categories":[60],"tags":[],"class_list":["post-5660","post","type-post","status-publish","format-standard","has-post-thumbnail","hentry","category-personalwesen"],"yoast_head":"<!-- This site is optimized with the Yoast SEO plugin v27.4 - https:\/\/yoast.com\/product\/yoast-seo-wordpress\/ -->\n<title>Alterspyramide: eine entscheidende Herausforderung f\u00fcr technische Berufe<\/title>\n<meta name=\"description\" content=\"Entdecken Sie, warum die Alterspyramide in den technischen Berufen eine entscheidende, aber oft verkannte Herausforderung ist. Erkennen Sie die Zukunft Ihrer Teams.\" \/>\n<meta name=\"robots\" content=\"index, follow, max-snippet:-1, max-image-preview:large, max-video-preview:-1\" \/>\n<link rel=\"canonical\" href=\"https:\/\/www.alumni.space\/de\/alterspyramide-eine-unterschaetzte-herausforderung-fuer-technische-berufe\/\" \/>\n<meta property=\"og:locale\" content=\"de_DE\" \/>\n<meta property=\"og:type\" content=\"article\" \/>\n<meta property=\"og:title\" content=\"Alterspyramide: eine entscheidende Herausforderung f\u00fcr technische Berufe\" \/>\n<meta property=\"og:description\" content=\"Entdecken Sie, warum die Alterspyramide in den technischen Berufen eine entscheidende, aber oft verkannte Herausforderung ist. Erkennen Sie die Zukunft Ihrer Teams.\" \/>\n<meta property=\"og:url\" content=\"https:\/\/www.alumni.space\/de\/alterspyramide-eine-unterschaetzte-herausforderung-fuer-technische-berufe\/\" \/>\n<meta property=\"og:site_name\" content=\"Alumni.space\" \/>\n<meta property=\"article:published_time\" content=\"2025-02-18T05:41:11+00:00\" \/>\n<meta property=\"article:modified_time\" content=\"2026-03-28T10:49:34+00:00\" \/>\n<meta property=\"og:image\" content=\"https:\/\/www.alumni.space\/wp-content\/uploads\/2026\/03\/Pyramide-des-ages-un-enjeu-sous-estime-pour-les-metiers-techniques.jpg\" \/>\n\t<meta property=\"og:image:width\" content=\"1280\" \/>\n\t<meta property=\"og:image:height\" content=\"768\" \/>\n\t<meta property=\"og:image:type\" content=\"image\/jpeg\" \/>\n<meta name=\"author\" content=\"admin\" \/>\n<meta name=\"twitter:card\" content=\"summary_large_image\" \/>\n<meta name=\"twitter:label1\" content=\"Verfasst von\" \/>\n\t<meta name=\"twitter:data1\" content=\"admin\" \/>\n\t<meta name=\"twitter:label2\" content=\"Gesch\u00e4tzte Lesezeit\" \/>\n\t<meta name=\"twitter:data2\" content=\"3\u00a0Minuten\" \/>\n<script type=\"application\/ld+json\" class=\"yoast-schema-graph\">{\"@context\":\"https:\\\/\\\/schema.org\",\"@graph\":[{\"@type\":\"Article\",\"@id\":\"https:\\\/\\\/www.alumni.space\\\/de\\\/alterspyramide-eine-unterschaetzte-herausforderung-fuer-technische-berufe\\\/#article\",\"isPartOf\":{\"@id\":\"https:\\\/\\\/www.alumni.space\\\/de\\\/alterspyramide-eine-unterschaetzte-herausforderung-fuer-technische-berufe\\\/\"},\"author\":{\"name\":\"admin\",\"@id\":\"https:\\\/\\\/www.alumni.space\\\/de\\\/#\\\/schema\\\/person\\\/fede362a57876edda476a61f05ce5b15\"},\"headline\":\"Alterspyramide: eine untersch\u00e4tzte Herausforderung f\u00fcr technische Berufe\",\"datePublished\":\"2025-02-18T05:41:11+00:00\",\"dateModified\":\"2026-03-28T10:49:34+00:00\",\"mainEntityOfPage\":{\"@id\":\"https:\\\/\\\/www.alumni.space\\\/de\\\/alterspyramide-eine-unterschaetzte-herausforderung-fuer-technische-berufe\\\/\"},\"wordCount\":619,\"image\":{\"@id\":\"https:\\\/\\\/www.alumni.space\\\/de\\\/alterspyramide-eine-unterschaetzte-herausforderung-fuer-technische-berufe\\\/#primaryimage\"},\"thumbnailUrl\":\"https:\\\/\\\/www.alumni.space\\\/wp-content\\\/uploads\\\/2026\\\/03\\\/Pyramide-des-ages-un-enjeu-sous-estime-pour-les-metiers-techniques.jpg\",\"articleSection\":[\"Personalwesen\"],\"inLanguage\":\"de\"},{\"@type\":\"WebPage\",\"@id\":\"https:\\\/\\\/www.alumni.space\\\/de\\\/alterspyramide-eine-unterschaetzte-herausforderung-fuer-technische-berufe\\\/\",\"url\":\"https:\\\/\\\/www.alumni.space\\\/de\\\/alterspyramide-eine-unterschaetzte-herausforderung-fuer-technische-berufe\\\/\",\"name\":\"Alterspyramide: eine entscheidende Herausforderung f\u00fcr technische Berufe\",\"isPartOf\":{\"@id\":\"https:\\\/\\\/www.alumni.space\\\/de\\\/#website\"},\"primaryImageOfPage\":{\"@id\":\"https:\\\/\\\/www.alumni.space\\\/de\\\/alterspyramide-eine-unterschaetzte-herausforderung-fuer-technische-berufe\\\/#primaryimage\"},\"image\":{\"@id\":\"https:\\\/\\\/www.alumni.space\\\/de\\\/alterspyramide-eine-unterschaetzte-herausforderung-fuer-technische-berufe\\\/#primaryimage\"},\"thumbnailUrl\":\"https:\\\/\\\/www.alumni.space\\\/wp-content\\\/uploads\\\/2026\\\/03\\\/Pyramide-des-ages-un-enjeu-sous-estime-pour-les-metiers-techniques.jpg\",\"datePublished\":\"2025-02-18T05:41:11+00:00\",\"dateModified\":\"2026-03-28T10:49:34+00:00\",\"author\":{\"@id\":\"https:\\\/\\\/www.alumni.space\\\/de\\\/#\\\/schema\\\/person\\\/fede362a57876edda476a61f05ce5b15\"},\"description\":\"Entdecken Sie, warum die Alterspyramide in den technischen Berufen eine entscheidende, aber oft verkannte Herausforderung ist. Erkennen Sie die Zukunft Ihrer Teams.\",\"breadcrumb\":{\"@id\":\"https:\\\/\\\/www.alumni.space\\\/de\\\/alterspyramide-eine-unterschaetzte-herausforderung-fuer-technische-berufe\\\/#breadcrumb\"},\"inLanguage\":\"de\",\"potentialAction\":[{\"@type\":\"ReadAction\",\"target\":[\"https:\\\/\\\/www.alumni.space\\\/de\\\/alterspyramide-eine-unterschaetzte-herausforderung-fuer-technische-berufe\\\/\"]}]},{\"@type\":\"ImageObject\",\"inLanguage\":\"de\",\"@id\":\"https:\\\/\\\/www.alumni.space\\\/de\\\/alterspyramide-eine-unterschaetzte-herausforderung-fuer-technische-berufe\\\/#primaryimage\",\"url\":\"https:\\\/\\\/www.alumni.space\\\/wp-content\\\/uploads\\\/2026\\\/03\\\/Pyramide-des-ages-un-enjeu-sous-estime-pour-les-metiers-techniques.jpg\",\"contentUrl\":\"https:\\\/\\\/www.alumni.space\\\/wp-content\\\/uploads\\\/2026\\\/03\\\/Pyramide-des-ages-un-enjeu-sous-estime-pour-les-metiers-techniques.jpg\",\"width\":1280,\"height\":768,\"caption\":\"Erfahren Sie, warum die Alterspyramide eine entscheidende, aber oft verkannte Herausforderung f\u00fcr technische Berufe darstellt und wie Sie die Herausforderungen im Zusammenhang mit der Erneuerung von Kompetenzen antizipieren k\u00f6nnen.\"},{\"@type\":\"BreadcrumbList\",\"@id\":\"https:\\\/\\\/www.alumni.space\\\/de\\\/alterspyramide-eine-unterschaetzte-herausforderung-fuer-technische-berufe\\\/#breadcrumb\",\"itemListElement\":[{\"@type\":\"ListItem\",\"position\":1,\"name\":\"Home\",\"item\":\"https:\\\/\\\/www.alumni.space\\\/de\\\/plattform-fuer-die-verwaltung-von-mentoring-und-unternehmensalumni\\\/\"},{\"@type\":\"ListItem\",\"position\":2,\"name\":\"Alterspyramide: eine untersch\u00e4tzte Herausforderung f\u00fcr technische Berufe\"}]},{\"@type\":\"WebSite\",\"@id\":\"https:\\\/\\\/www.alumni.space\\\/de\\\/#website\",\"url\":\"https:\\\/\\\/www.alumni.space\\\/de\\\/\",\"name\":\"Alumni.space\",\"description\":\"My WordPress Blog\",\"potentialAction\":[{\"@type\":\"SearchAction\",\"target\":{\"@type\":\"EntryPoint\",\"urlTemplate\":\"https:\\\/\\\/www.alumni.space\\\/de\\\/?s={search_term_string}\"},\"query-input\":{\"@type\":\"PropertyValueSpecification\",\"valueRequired\":true,\"valueName\":\"search_term_string\"}}],\"inLanguage\":\"de\"},{\"@type\":\"Person\",\"@id\":\"https:\\\/\\\/www.alumni.space\\\/de\\\/#\\\/schema\\\/person\\\/fede362a57876edda476a61f05ce5b15\",\"name\":\"admin\",\"image\":{\"@type\":\"ImageObject\",\"inLanguage\":\"de\",\"@id\":\"https:\\\/\\\/secure.gravatar.com\\\/avatar\\\/318e234ae94f90d4d629428d6b983c08e31181c28f579e08a021180d759ea651?s=96&d=mm&r=g\",\"url\":\"https:\\\/\\\/secure.gravatar.com\\\/avatar\\\/318e234ae94f90d4d629428d6b983c08e31181c28f579e08a021180d759ea651?s=96&d=mm&r=g\",\"contentUrl\":\"https:\\\/\\\/secure.gravatar.com\\\/avatar\\\/318e234ae94f90d4d629428d6b983c08e31181c28f579e08a021180d759ea651?s=96&d=mm&r=g\",\"caption\":\"admin\"},\"description\":\"Nicolas Laustriat a construit sa sp\u00e9cialit\u00e9 sur un sujet que beaucoup d\u2019organisations d\u00e9couvrent trop tard : ce qui dispara\u00eet quand les gens partent. Dipl\u00f4m\u00e9 en conception de produit industriel, il bifurque vers le digital fin 1996, il couvre les transformations marques, RH, la fid\u00e9lisation, la marque employeur. Sur le terrain, il rep\u00e8re un angle mort r\u00e9current : l\u2019entreprise investit dans le recrutement, la formation, les process\u2026 puis laisse filer le lien au moment du d\u00e9part, avec une perte de savoir et d\u2019influence qui se paie en silence. Il se sp\u00e9cialise alors sur les communaut\u00e9s d\u2019alumni, le mentorat, l\u2019entraide interg\u00e9n\u00e9rationnelle et la transmission d\u2019expertise. Il passe du \u201cconstat\u201d aux m\u00e9thodes : animation, gouvernance, segmentation, rituels, mesure d\u2019engagement, articulation avec la RSE et l\u2019employabilit\u00e9. Il interviewe DRH, responsables formation, directions d\u2019\u00e9coles, associations et fondations, avec une obsession : transformer un r\u00e9seau dormant en m\u00e9canisme utile (cooptation, mentorat, job board, entraide, \u00e9v\u00e9nements, contenus). Son style : direct, orient\u00e9 action, sans folklore. Sa conviction : une communaut\u00e9 n\u2019a pas besoin de bruit, elle a besoin de raisons de revenir.\",\"sameAs\":[\"https:\\\/\\\/www.alumni.space\"]}]}<\/script>\n<!-- \/ Yoast SEO plugin. -->","yoast_head_json":{"title":"Alterspyramide: eine entscheidende Herausforderung f\u00fcr technische Berufe","description":"Entdecken Sie, warum die Alterspyramide in den technischen Berufen eine entscheidende, aber oft verkannte Herausforderung ist. Erkennen Sie die Zukunft Ihrer Teams.","robots":{"index":"index","follow":"follow","max-snippet":"max-snippet:-1","max-image-preview":"max-image-preview:large","max-video-preview":"max-video-preview:-1"},"canonical":"https:\/\/www.alumni.space\/de\/alterspyramide-eine-unterschaetzte-herausforderung-fuer-technische-berufe\/","og_locale":"de_DE","og_type":"article","og_title":"Alterspyramide: eine entscheidende Herausforderung f\u00fcr technische Berufe","og_description":"Entdecken Sie, warum die Alterspyramide in den technischen Berufen eine entscheidende, aber oft verkannte Herausforderung ist. Erkennen Sie die Zukunft Ihrer Teams.","og_url":"https:\/\/www.alumni.space\/de\/alterspyramide-eine-unterschaetzte-herausforderung-fuer-technische-berufe\/","og_site_name":"Alumni.space","article_published_time":"2025-02-18T05:41:11+00:00","article_modified_time":"2026-03-28T10:49:34+00:00","og_image":[{"width":1280,"height":768,"url":"https:\/\/www.alumni.space\/wp-content\/uploads\/2026\/03\/Pyramide-des-ages-un-enjeu-sous-estime-pour-les-metiers-techniques.jpg","type":"image\/jpeg"}],"author":"admin","twitter_card":"summary_large_image","twitter_misc":{"Verfasst von":"admin","Gesch\u00e4tzte Lesezeit":"3\u00a0Minuten"},"schema":{"@context":"https:\/\/schema.org","@graph":[{"@type":"Article","@id":"https:\/\/www.alumni.space\/de\/alterspyramide-eine-unterschaetzte-herausforderung-fuer-technische-berufe\/#article","isPartOf":{"@id":"https:\/\/www.alumni.space\/de\/alterspyramide-eine-unterschaetzte-herausforderung-fuer-technische-berufe\/"},"author":{"name":"admin","@id":"https:\/\/www.alumni.space\/de\/#\/schema\/person\/fede362a57876edda476a61f05ce5b15"},"headline":"Alterspyramide: eine untersch\u00e4tzte Herausforderung f\u00fcr technische Berufe","datePublished":"2025-02-18T05:41:11+00:00","dateModified":"2026-03-28T10:49:34+00:00","mainEntityOfPage":{"@id":"https:\/\/www.alumni.space\/de\/alterspyramide-eine-unterschaetzte-herausforderung-fuer-technische-berufe\/"},"wordCount":619,"image":{"@id":"https:\/\/www.alumni.space\/de\/alterspyramide-eine-unterschaetzte-herausforderung-fuer-technische-berufe\/#primaryimage"},"thumbnailUrl":"https:\/\/www.alumni.space\/wp-content\/uploads\/2026\/03\/Pyramide-des-ages-un-enjeu-sous-estime-pour-les-metiers-techniques.jpg","articleSection":["Personalwesen"],"inLanguage":"de"},{"@type":"WebPage","@id":"https:\/\/www.alumni.space\/de\/alterspyramide-eine-unterschaetzte-herausforderung-fuer-technische-berufe\/","url":"https:\/\/www.alumni.space\/de\/alterspyramide-eine-unterschaetzte-herausforderung-fuer-technische-berufe\/","name":"Alterspyramide: eine entscheidende Herausforderung f\u00fcr technische Berufe","isPartOf":{"@id":"https:\/\/www.alumni.space\/de\/#website"},"primaryImageOfPage":{"@id":"https:\/\/www.alumni.space\/de\/alterspyramide-eine-unterschaetzte-herausforderung-fuer-technische-berufe\/#primaryimage"},"image":{"@id":"https:\/\/www.alumni.space\/de\/alterspyramide-eine-unterschaetzte-herausforderung-fuer-technische-berufe\/#primaryimage"},"thumbnailUrl":"https:\/\/www.alumni.space\/wp-content\/uploads\/2026\/03\/Pyramide-des-ages-un-enjeu-sous-estime-pour-les-metiers-techniques.jpg","datePublished":"2025-02-18T05:41:11+00:00","dateModified":"2026-03-28T10:49:34+00:00","author":{"@id":"https:\/\/www.alumni.space\/de\/#\/schema\/person\/fede362a57876edda476a61f05ce5b15"},"description":"Entdecken Sie, warum die Alterspyramide in den technischen Berufen eine entscheidende, aber oft verkannte Herausforderung ist. Erkennen Sie die Zukunft Ihrer Teams.","breadcrumb":{"@id":"https:\/\/www.alumni.space\/de\/alterspyramide-eine-unterschaetzte-herausforderung-fuer-technische-berufe\/#breadcrumb"},"inLanguage":"de","potentialAction":[{"@type":"ReadAction","target":["https:\/\/www.alumni.space\/de\/alterspyramide-eine-unterschaetzte-herausforderung-fuer-technische-berufe\/"]}]},{"@type":"ImageObject","inLanguage":"de","@id":"https:\/\/www.alumni.space\/de\/alterspyramide-eine-unterschaetzte-herausforderung-fuer-technische-berufe\/#primaryimage","url":"https:\/\/www.alumni.space\/wp-content\/uploads\/2026\/03\/Pyramide-des-ages-un-enjeu-sous-estime-pour-les-metiers-techniques.jpg","contentUrl":"https:\/\/www.alumni.space\/wp-content\/uploads\/2026\/03\/Pyramide-des-ages-un-enjeu-sous-estime-pour-les-metiers-techniques.jpg","width":1280,"height":768,"caption":"Erfahren Sie, warum die Alterspyramide eine entscheidende, aber oft verkannte Herausforderung f\u00fcr technische Berufe darstellt und wie Sie die Herausforderungen im Zusammenhang mit der Erneuerung von Kompetenzen antizipieren k\u00f6nnen."},{"@type":"BreadcrumbList","@id":"https:\/\/www.alumni.space\/de\/alterspyramide-eine-unterschaetzte-herausforderung-fuer-technische-berufe\/#breadcrumb","itemListElement":[{"@type":"ListItem","position":1,"name":"Home","item":"https:\/\/www.alumni.space\/de\/plattform-fuer-die-verwaltung-von-mentoring-und-unternehmensalumni\/"},{"@type":"ListItem","position":2,"name":"Alterspyramide: eine untersch\u00e4tzte Herausforderung f\u00fcr technische Berufe"}]},{"@type":"WebSite","@id":"https:\/\/www.alumni.space\/de\/#website","url":"https:\/\/www.alumni.space\/de\/","name":"Alumni.space","description":"My WordPress Blog","potentialAction":[{"@type":"SearchAction","target":{"@type":"EntryPoint","urlTemplate":"https:\/\/www.alumni.space\/de\/?s={search_term_string}"},"query-input":{"@type":"PropertyValueSpecification","valueRequired":true,"valueName":"search_term_string"}}],"inLanguage":"de"},{"@type":"Person","@id":"https:\/\/www.alumni.space\/de\/#\/schema\/person\/fede362a57876edda476a61f05ce5b15","name":"admin","image":{"@type":"ImageObject","inLanguage":"de","@id":"https:\/\/secure.gravatar.com\/avatar\/318e234ae94f90d4d629428d6b983c08e31181c28f579e08a021180d759ea651?s=96&d=mm&r=g","url":"https:\/\/secure.gravatar.com\/avatar\/318e234ae94f90d4d629428d6b983c08e31181c28f579e08a021180d759ea651?s=96&d=mm&r=g","contentUrl":"https:\/\/secure.gravatar.com\/avatar\/318e234ae94f90d4d629428d6b983c08e31181c28f579e08a021180d759ea651?s=96&d=mm&r=g","caption":"admin"},"description":"Nicolas Laustriat a construit sa sp\u00e9cialit\u00e9 sur un sujet que beaucoup d\u2019organisations d\u00e9couvrent trop tard : ce qui dispara\u00eet quand les gens partent. Dipl\u00f4m\u00e9 en conception de produit industriel, il bifurque vers le digital fin 1996, il couvre les transformations marques, RH, la fid\u00e9lisation, la marque employeur. Sur le terrain, il rep\u00e8re un angle mort r\u00e9current : l\u2019entreprise investit dans le recrutement, la formation, les process\u2026 puis laisse filer le lien au moment du d\u00e9part, avec une perte de savoir et d\u2019influence qui se paie en silence. Il se sp\u00e9cialise alors sur les communaut\u00e9s d\u2019alumni, le mentorat, l\u2019entraide interg\u00e9n\u00e9rationnelle et la transmission d\u2019expertise. Il passe du \u201cconstat\u201d aux m\u00e9thodes : animation, gouvernance, segmentation, rituels, mesure d\u2019engagement, articulation avec la RSE et l\u2019employabilit\u00e9. Il interviewe DRH, responsables formation, directions d\u2019\u00e9coles, associations et fondations, avec une obsession : transformer un r\u00e9seau dormant en m\u00e9canisme utile (cooptation, mentorat, job board, entraide, \u00e9v\u00e9nements, contenus). Son style : direct, orient\u00e9 action, sans folklore. Sa conviction : une communaut\u00e9 n\u2019a pas besoin de bruit, elle a besoin de raisons de revenir.","sameAs":["https:\/\/www.alumni.space"]}]}},"_links":{"self":[{"href":"https:\/\/www.alumni.space\/de\/wp-json\/wp\/v2\/posts\/5660","targetHints":{"allow":["GET"]}}],"collection":[{"href":"https:\/\/www.alumni.space\/de\/wp-json\/wp\/v2\/posts"}],"about":[{"href":"https:\/\/www.alumni.space\/de\/wp-json\/wp\/v2\/types\/post"}],"author":[{"embeddable":true,"href":"https:\/\/www.alumni.space\/de\/wp-json\/wp\/v2\/users\/1"}],"replies":[{"embeddable":true,"href":"https:\/\/www.alumni.space\/de\/wp-json\/wp\/v2\/comments?post=5660"}],"version-history":[{"count":2,"href":"https:\/\/www.alumni.space\/de\/wp-json\/wp\/v2\/posts\/5660\/revisions"}],"predecessor-version":[{"id":6584,"href":"https:\/\/www.alumni.space\/de\/wp-json\/wp\/v2\/posts\/5660\/revisions\/6584"}],"wp:featuredmedia":[{"embeddable":true,"href":"https:\/\/www.alumni.space\/de\/wp-json\/wp\/v2\/media\/5662"}],"wp:attachment":[{"href":"https:\/\/www.alumni.space\/de\/wp-json\/wp\/v2\/media?parent=5660"}],"wp:term":[{"taxonomy":"category","embeddable":true,"href":"https:\/\/www.alumni.space\/de\/wp-json\/wp\/v2\/categories?post=5660"},{"taxonomy":"post_tag","embeddable":true,"href":"https:\/\/www.alumni.space\/de\/wp-json\/wp\/v2\/tags?post=5660"}],"curies":[{"name":"wp","href":"https:\/\/api.w.org\/{rel}","templated":true}]}}