{"id":5601,"date":"2024-09-23T19:09:50","date_gmt":"2024-09-23T19:09:50","guid":{"rendered":"https:\/\/www.alumni.space\/kunsthandwerk-in-gefahr-durch-mangel-an-nachwuchs\/"},"modified":"2026-04-02T12:08:47","modified_gmt":"2026-04-02T12:08:47","slug":"kunsthandwerk-in-gefahr-durch-mangel-an-nachwuchs","status":"publish","type":"post","link":"https:\/\/www.alumni.space\/de\/kunsthandwerk-in-gefahr-durch-mangel-an-nachwuchs\/","title":{"rendered":"Kunsthandwerk in Gefahr durch Mangel an Nachwuchs"},"content":{"rendered":"<p><strong>Das Kunsthandwerk<\/strong> verk\u00f6rpert einen wesentlichen Teil des kulturellen Erbes und spiegelt ein \u00fcberliefertes Know-how wider, das von Generation zu Generation weitergegeben wird. Dennoch ist dieser Sektor mit einem besorgniserregenden <strong>Nachwuchsmangel<\/strong> konfrontiert, der den Fortbestand der traditionellen Berufe und den Erhalt dieser einzigartigen F\u00e4higkeiten gef\u00e4hrdet. Die Weitergabe von Wissen wird dadurch geschw\u00e4cht, w\u00e4hrend der Niedergang der Handwerker zu erheblichen Verlusten f\u00fcr den kulturellen und wirtschaftlichen Reichtum f\u00fchrt.  <\/p><div id=\"ez-toc-container\" class=\"ez-toc-v2_0_82_2 counter-flat ez-toc-counter ez-toc-grey ez-toc-container-direction\">\n<div class=\"ez-toc-title-container\"><p class=\"ez-toc-title\" style=\"cursor:inherit\">Inhalt dieses Artikels:<\/p>\n<\/div><nav><ul class='ez-toc-list ez-toc-list-level-1 ' ><li class='ez-toc-page-1'><a class=\"ez-toc-link ez-toc-heading-1\" href=\"https:\/\/www.alumni.space\/de\/kunsthandwerk-in-gefahr-durch-mangel-an-nachwuchs\/#Die_Herausforderungen_der_Weitergabe_von_Wissen_im_Kunsthandwerk\" >Die Herausforderungen der Weitergabe von Wissen im Kunsthandwerk<\/a><\/li><li class='ez-toc-page-1'><a class=\"ez-toc-link ez-toc-heading-2\" href=\"https:\/\/www.alumni.space\/de\/kunsthandwerk-in-gefahr-durch-mangel-an-nachwuchs\/#Einbeziehung_der_Gemeinden_zur_Staerkung_des_Kunsthandwerks\" >Einbeziehung der Gemeinden zur St\u00e4rkung des Kunsthandwerks<\/a><\/li><li class='ez-toc-page-1'><a class=\"ez-toc-link ez-toc-heading-3\" href=\"https:\/\/www.alumni.space\/de\/kunsthandwerk-in-gefahr-durch-mangel-an-nachwuchs\/#Mobilisierung_von_Entscheidungstraegern_und_Institutionen_zur_Unterstuetzung_der_handwerklichen_Ausbildung\" >Mobilisierung von Entscheidungstr\u00e4gern und Institutionen zur Unterst\u00fctzung der handwerklichen Ausbildung<\/a><\/li><li class='ez-toc-page-1'><a class=\"ez-toc-link ez-toc-heading-4\" href=\"https:\/\/www.alumni.space\/de\/kunsthandwerk-in-gefahr-durch-mangel-an-nachwuchs\/#Von_der_Theorie_zur_Praxis_um_traditionelle_Berufe_zu_erhalten\" >Von der Theorie zur Praxis, um traditionelle Berufe zu erhalten<\/a><\/li><\/ul><\/nav><\/div>\n<h2 class=\"wp-block-heading\"><span class=\"ez-toc-section\" id=\"Die_Herausforderungen_der_Weitergabe_von_Wissen_im_Kunsthandwerk\"><\/span>Die Herausforderungen der Weitergabe von Wissen im Kunsthandwerk<span class=\"ez-toc-section-end\"><\/span><\/h2><p>Kunsthandwerkliche Berufe erfordern eine pr\u00e4zise und oft lange handwerkliche Ausbildung, die es schwer hat, junge Talente anzuziehen. Die Attraktivit\u00e4t handwerklicher Arbeitspl\u00e4tze sinkt zugunsten von Sektoren, die technologischer sind oder als stabiler angesehen werden. Dieses Desinteresse verst\u00e4rkt die Abneigung gegen\u00fcber diesen Berufen, obwohl sie einen unersetzlichen Erfahrungsschatz mit sich bringen. In diesem Zusammenhang sehen sich die Werkst\u00e4tten und Fachschulen mit einem R\u00fcckgang der Anmeldungen konfrontiert, was die Zukunft der traditionellen Berufe selbst gef\u00e4hrdet.   <\/p><figure class=\"wp-block-image size-full\"><img decoding=\"async\" width=\"1280\" height=\"768\" src=\"https:\/\/www.alumni.space\/wp-content\/uploads\/2026\/03\/Lartisanat-dart-en-danger-face-au-manque-de-releve-1.jpg\" data-orig-src=\"https:\/\/www.alumni.space\/wp-content\/uploads\/2026\/03\/Lartisanat-dart-en-danger-face-au-manque-de-releve-1.jpg\" alt=\"Entdecken Sie die Herausforderungen des Kunsthandwerks, das durch den Mangel an Nachwuchs bedroht ist, und die Herausforderungen bei der Erhaltung dieses einzigartigen und wertvollen Erbes.\" class=\"lazyload wp-image-3237\" srcset=\"data:image\/svg+xml,%3Csvg%20xmlns%3D%27http%3A%2F%2Fwww.w3.org%2F2000%2Fsvg%27%20width%3D%271280%27%20height%3D%27768%27%20viewBox%3D%270%200%201280%20768%27%3E%3Crect%20width%3D%271280%27%20height%3D%27768%27%20fill-opacity%3D%220%22%2F%3E%3C%2Fsvg%3E\" data-srcset=\"https:\/\/www.alumni.space\/wp-content\/uploads\/2026\/03\/Lartisanat-dart-en-danger-face-au-manque-de-releve-1-200x120.jpg 200w, https:\/\/www.alumni.space\/wp-content\/uploads\/2026\/03\/Lartisanat-dart-en-danger-face-au-manque-de-releve-1-300x180.jpg 300w, https:\/\/www.alumni.space\/wp-content\/uploads\/2026\/03\/Lartisanat-dart-en-danger-face-au-manque-de-releve-1-400x240.jpg 400w, https:\/\/www.alumni.space\/wp-content\/uploads\/2026\/03\/Lartisanat-dart-en-danger-face-au-manque-de-releve-1-600x360.jpg 600w, https:\/\/www.alumni.space\/wp-content\/uploads\/2026\/03\/Lartisanat-dart-en-danger-face-au-manque-de-releve-1-768x461.jpg 768w, https:\/\/www.alumni.space\/wp-content\/uploads\/2026\/03\/Lartisanat-dart-en-danger-face-au-manque-de-releve-1-800x480.jpg 800w, https:\/\/www.alumni.space\/wp-content\/uploads\/2026\/03\/Lartisanat-dart-en-danger-face-au-manque-de-releve-1-1024x614.jpg 1024w, https:\/\/www.alumni.space\/wp-content\/uploads\/2026\/03\/Lartisanat-dart-en-danger-face-au-manque-de-releve-1-1200x720.jpg 1200w, https:\/\/www.alumni.space\/wp-content\/uploads\/2026\/03\/Lartisanat-dart-en-danger-face-au-manque-de-releve-1.jpg 1280w\" data-sizes=\"auto\" data-orig-sizes=\"(max-width: 1280px) 100vw, 1280px\" \/><\/figure><p>Die Aufwertung von Berufen und die Unterst\u00fctzung von Handwerkern sind unverzichtbare Hebel, um diesen Trend umzukehren. Die Mobilisierung von Netzwerken und Berufsgemeinschaften ist eine strategische Antwort, um die Verbindung zwischen den Generationen zu st\u00e4rken und eine bessere Integration der jungen Handwerker zu gew\u00e4hrleisten. <\/p><h3 class=\"wp-block-heading\"><span class=\"ez-toc-section\" id=\"Einbeziehung_der_Gemeinden_zur_Staerkung_des_Kunsthandwerks\"><\/span>Einbeziehung der Gemeinden zur St\u00e4rkung des Kunsthandwerks<span class=\"ez-toc-section-end\"><\/span><\/h3><p>Die effektive Verwaltung von Alumni- und Mentorennetzwerken im Kunsthandwerk tr\u00e4gt dazu bei, die Weitergabe von Wissen zu dynamisieren. Eine SaaS-Plattform wie alumni.space erleichtert die Strukturierung dieser Gemeinschaften, indem sie Werkzeuge f\u00fcr die Animation, den Austausch von Ressourcen und die Verwaltung von Veranstaltungen bietet. <strong>Die Zusammenf\u00fchrung<\/strong> von Handwerkern f\u00fcr gemeinsame Projekte schafft ein Gef\u00fchl der Zugeh\u00f6rigkeit und f\u00f6rdert die gegenseitige Unterst\u00fctzung. <\/p><p>Diese st\u00e4rkere Verbindung erm\u00f6glicht es auch, die Kooptation und die Organisation von geeigneten Schulungen zu optimieren, indem man sich auf Expertenprofile st\u00fctzt, die f\u00fcr die Begleitung des Nachwuchses zur Verf\u00fcgung stehen. Die Einf\u00fchrung solcher L\u00f6sungen ist eine erfolgreiche Methode, um die <strong>versteckten Kosten<\/strong> des Verlustes von Know-how zu begrenzen und so die Kontinuit\u00e4t und Vitalit\u00e4t des Sektors zu gew\u00e4hrleisten. <\/p><h2 class=\"wp-block-heading\"><span class=\"ez-toc-section\" id=\"Mobilisierung_von_Entscheidungstraegern_und_Institutionen_zur_Unterstuetzung_der_handwerklichen_Ausbildung\"><\/span>Mobilisierung von Entscheidungstr\u00e4gern und Institutionen zur Unterst\u00fctzung der handwerklichen Ausbildung<span class=\"ez-toc-section-end\"><\/span><\/h2><p>Die Einbeziehung der Schl\u00fcsselakteure &#8211; Schulen, Ausbildungszentren, Verb\u00e4nde und Entscheidungstr\u00e4ger im Personalwesen &#8211; bleibt von entscheidender Bedeutung. Sie m\u00fcssen gezielte Strategien entwickeln, die ein dauerhaftes Engagement und die Einf\u00fchrung von Ma\u00dfnahmen f\u00f6rdern, die den Zugang zu traditionellen Berufen erleichtern. Die Einf\u00fchrung von <strong>Ritualen f\u00fcr den Austausch zwischen den Generationen und<\/strong> die konkrete Bewertung der Berufswege durch relevante KPIs tragen zu einer besseren Steuerung des Sektors bei.  <\/p><p>Die Verbindung, die zwischen Bildungseinrichtungen und Berufsverb\u00e4nden geschaffen werden muss, hat direkte Auswirkungen auf die Besch\u00e4ftigung im Handwerk. Beispielsweise st\u00e4rken Mentoring-Initiativen innerhalb von Alumni-Netzwerken die <a href=\"https:\/\/www.alumni.space\/de\/alumni-wie-man-eine-nachhaltige-netzwerkdynamik-schafft\/\">Netzwerkdynamik<\/a>, die f\u00fcr diese R\u00fcckgewinnung erforderlich ist. Die Einrichtung einer Dokumentationsbibliothek und die regelm\u00e4\u00dfige Organisation von Fachveranstaltungen sind weitere Hebel, um die Weitergabe von Wissen zu f\u00f6rdern.  <\/p><h3 class=\"wp-block-heading\"><span class=\"ez-toc-section\" id=\"Von_der_Theorie_zur_Praxis_um_traditionelle_Berufe_zu_erhalten\"><\/span>Von der Theorie zur Praxis, um traditionelle Berufe zu erhalten<span class=\"ez-toc-section-end\"><\/span><\/h3><p>Ein pr\u00e4ziser Zeitplan, der praktische Schritte und klar definierte Rollen enth\u00e4lt, hilft, die \u00dcbergabe zu strukturieren. Der Einsatz von generations\u00fcbergreifenden Paaren, die Organisation von gemeinsamen Arbeitssitzungen und die Gew\u00e4hrleistung einer strengen Kontrolle optimieren den Kompetenzaufbau. Die Nutzung einer Plattform wie alumni.space verhindert, dass Werkzeuge und Daten verstreut werden, was zu Zeitersparnis und einer besseren Kontrolle der Prozesse f\u00fchrt.  <\/p><p>Dieses System unterst\u00fctzt Handwerker bei der Aufwertung ihres Berufes und der Animation ihres Netzwerkes. Das Ziel: Jeder Teilnehmer soll zu einem Botschafter werden, der sich dauerhaft f\u00fcr das kulturelle Erbe einsetzt. Diese Ma\u00dfnahmen tragen dazu bei, den R\u00fcckgang der Handwerker zu begrenzen und gleichzeitig die Weitergabe von Wissen im Herzen der traditionellen Berufe zu st\u00e4rken.  <\/p><p><a href=\"https:\/\/www.alumni.space\/de\/das-risiko-des-verlustes-von-know-how-im-traditionellen-handwerk\/\">Die Entdeckung von M\u00f6glichkeiten zur Verringerung des Verlustes von Know-how<\/a> wird daher zu einer Priorit\u00e4t f\u00fcr Institutionen und Entscheidungstr\u00e4ger, die sich f\u00fcr den Schutz des Kunsthandwerks einsetzen.<\/p>","protected":false},"excerpt":{"rendered":"<p>Das Kunsthandwerk verk\u00f6rpert einen wesentlichen Teil des kulturellen Erbes und  [&#8230;]<\/p>\n","protected":false},"author":1,"featured_media":5603,"comment_status":"closed","ping_status":"closed","sticky":false,"template":"","format":"standard","meta":{"_ayudawp_aiss_exclude":false,"footnotes":""},"categories":[32],"tags":[],"class_list":["post-5601","post","type-post","status-publish","format-standard","has-post-thumbnail","hentry","category-unkategorisiert"],"yoast_head":"<!-- This site is optimized with the Yoast SEO plugin v27.4 - https:\/\/yoast.com\/product\/yoast-seo-wordpress\/ -->\n<title>Kunsthandwerk: Nachwuchs in Gefahr<\/title>\n<meta name=\"description\" content=\"Erfahren Sie, wie das Kunsthandwerk mit der Krise des Nachwuchsmangels k\u00e4mpft und was dies f\u00fcr seine Zukunft und unser Kulturerbe bedeutet.\" \/>\n<meta name=\"robots\" content=\"index, follow, max-snippet:-1, max-image-preview:large, max-video-preview:-1\" \/>\n<link rel=\"canonical\" href=\"https:\/\/www.alumni.space\/de\/kunsthandwerk-in-gefahr-durch-mangel-an-nachwuchs\/\" \/>\n<meta property=\"og:locale\" content=\"de_DE\" \/>\n<meta property=\"og:type\" content=\"article\" \/>\n<meta property=\"og:title\" content=\"Kunsthandwerk: Nachwuchs in Gefahr\" \/>\n<meta property=\"og:description\" content=\"Erfahren Sie, wie das Kunsthandwerk mit der Krise des Nachwuchsmangels k\u00e4mpft und was dies f\u00fcr seine Zukunft und unser Kulturerbe bedeutet.\" \/>\n<meta property=\"og:url\" content=\"https:\/\/www.alumni.space\/de\/kunsthandwerk-in-gefahr-durch-mangel-an-nachwuchs\/\" \/>\n<meta property=\"og:site_name\" content=\"Alumni.space\" \/>\n<meta property=\"article:published_time\" content=\"2024-09-23T19:09:50+00:00\" \/>\n<meta property=\"article:modified_time\" content=\"2026-04-02T12:08:47+00:00\" \/>\n<meta property=\"og:image\" content=\"https:\/\/www.alumni.space\/wp-content\/uploads\/2026\/03\/Lartisanat-dart-en-danger-face-au-manque-de-releve.jpg\" \/>\n\t<meta property=\"og:image:width\" content=\"1280\" \/>\n\t<meta property=\"og:image:height\" content=\"768\" \/>\n\t<meta property=\"og:image:type\" content=\"image\/jpeg\" \/>\n<meta name=\"author\" content=\"admin\" \/>\n<meta name=\"twitter:card\" content=\"summary_large_image\" \/>\n<meta name=\"twitter:label1\" content=\"Verfasst von\" \/>\n\t<meta name=\"twitter:data1\" content=\"admin\" \/>\n\t<meta name=\"twitter:label2\" content=\"Gesch\u00e4tzte Lesezeit\" \/>\n\t<meta name=\"twitter:data2\" content=\"3\u00a0Minuten\" \/>\n<script type=\"application\/ld+json\" class=\"yoast-schema-graph\">{\"@context\":\"https:\\\/\\\/schema.org\",\"@graph\":[{\"@type\":\"Article\",\"@id\":\"https:\\\/\\\/www.alumni.space\\\/de\\\/kunsthandwerk-in-gefahr-durch-mangel-an-nachwuchs\\\/#article\",\"isPartOf\":{\"@id\":\"https:\\\/\\\/www.alumni.space\\\/de\\\/kunsthandwerk-in-gefahr-durch-mangel-an-nachwuchs\\\/\"},\"author\":{\"name\":\"admin\",\"@id\":\"https:\\\/\\\/www.alumni.space\\\/de\\\/#\\\/schema\\\/person\\\/fede362a57876edda476a61f05ce5b15\"},\"headline\":\"Kunsthandwerk in Gefahr durch Mangel an Nachwuchs\",\"datePublished\":\"2024-09-23T19:09:50+00:00\",\"dateModified\":\"2026-04-02T12:08:47+00:00\",\"mainEntityOfPage\":{\"@id\":\"https:\\\/\\\/www.alumni.space\\\/de\\\/kunsthandwerk-in-gefahr-durch-mangel-an-nachwuchs\\\/\"},\"wordCount\":672,\"image\":{\"@id\":\"https:\\\/\\\/www.alumni.space\\\/de\\\/kunsthandwerk-in-gefahr-durch-mangel-an-nachwuchs\\\/#primaryimage\"},\"thumbnailUrl\":\"https:\\\/\\\/www.alumni.space\\\/wp-content\\\/uploads\\\/2026\\\/03\\\/Lartisanat-dart-en-danger-face-au-manque-de-releve.jpg\",\"articleSection\":[\"Unkategorisiert\"],\"inLanguage\":\"de\"},{\"@type\":\"WebPage\",\"@id\":\"https:\\\/\\\/www.alumni.space\\\/de\\\/kunsthandwerk-in-gefahr-durch-mangel-an-nachwuchs\\\/\",\"url\":\"https:\\\/\\\/www.alumni.space\\\/de\\\/kunsthandwerk-in-gefahr-durch-mangel-an-nachwuchs\\\/\",\"name\":\"Kunsthandwerk: Nachwuchs in Gefahr\",\"isPartOf\":{\"@id\":\"https:\\\/\\\/www.alumni.space\\\/de\\\/#website\"},\"primaryImageOfPage\":{\"@id\":\"https:\\\/\\\/www.alumni.space\\\/de\\\/kunsthandwerk-in-gefahr-durch-mangel-an-nachwuchs\\\/#primaryimage\"},\"image\":{\"@id\":\"https:\\\/\\\/www.alumni.space\\\/de\\\/kunsthandwerk-in-gefahr-durch-mangel-an-nachwuchs\\\/#primaryimage\"},\"thumbnailUrl\":\"https:\\\/\\\/www.alumni.space\\\/wp-content\\\/uploads\\\/2026\\\/03\\\/Lartisanat-dart-en-danger-face-au-manque-de-releve.jpg\",\"datePublished\":\"2024-09-23T19:09:50+00:00\",\"dateModified\":\"2026-04-02T12:08:47+00:00\",\"author\":{\"@id\":\"https:\\\/\\\/www.alumni.space\\\/de\\\/#\\\/schema\\\/person\\\/fede362a57876edda476a61f05ce5b15\"},\"description\":\"Erfahren Sie, wie das Kunsthandwerk mit der Krise des Nachwuchsmangels k\u00e4mpft und was dies f\u00fcr seine Zukunft und unser Kulturerbe bedeutet.\",\"breadcrumb\":{\"@id\":\"https:\\\/\\\/www.alumni.space\\\/de\\\/kunsthandwerk-in-gefahr-durch-mangel-an-nachwuchs\\\/#breadcrumb\"},\"inLanguage\":\"de\",\"potentialAction\":[{\"@type\":\"ReadAction\",\"target\":[\"https:\\\/\\\/www.alumni.space\\\/de\\\/kunsthandwerk-in-gefahr-durch-mangel-an-nachwuchs\\\/\"]}]},{\"@type\":\"ImageObject\",\"inLanguage\":\"de\",\"@id\":\"https:\\\/\\\/www.alumni.space\\\/de\\\/kunsthandwerk-in-gefahr-durch-mangel-an-nachwuchs\\\/#primaryimage\",\"url\":\"https:\\\/\\\/www.alumni.space\\\/wp-content\\\/uploads\\\/2026\\\/03\\\/Lartisanat-dart-en-danger-face-au-manque-de-releve.jpg\",\"contentUrl\":\"https:\\\/\\\/www.alumni.space\\\/wp-content\\\/uploads\\\/2026\\\/03\\\/Lartisanat-dart-en-danger-face-au-manque-de-releve.jpg\",\"width\":1280,\"height\":768,\"caption\":\"entdecken Sie die entscheidenden Herausforderungen des Kunsthandwerks, das durch den Mangel an Nachwuchs bedroht ist, und die Bedeutung der Erhaltung dieses einzigartigen Erbes.\"},{\"@type\":\"BreadcrumbList\",\"@id\":\"https:\\\/\\\/www.alumni.space\\\/de\\\/kunsthandwerk-in-gefahr-durch-mangel-an-nachwuchs\\\/#breadcrumb\",\"itemListElement\":[{\"@type\":\"ListItem\",\"position\":1,\"name\":\"Home\",\"item\":\"https:\\\/\\\/www.alumni.space\\\/de\\\/plattform-fuer-die-verwaltung-von-mentoring-und-unternehmensalumni\\\/\"},{\"@type\":\"ListItem\",\"position\":2,\"name\":\"Kunsthandwerk in Gefahr durch Mangel an Nachwuchs\"}]},{\"@type\":\"WebSite\",\"@id\":\"https:\\\/\\\/www.alumni.space\\\/de\\\/#website\",\"url\":\"https:\\\/\\\/www.alumni.space\\\/de\\\/\",\"name\":\"Alumni.space\",\"description\":\"My WordPress Blog\",\"potentialAction\":[{\"@type\":\"SearchAction\",\"target\":{\"@type\":\"EntryPoint\",\"urlTemplate\":\"https:\\\/\\\/www.alumni.space\\\/de\\\/?s={search_term_string}\"},\"query-input\":{\"@type\":\"PropertyValueSpecification\",\"valueRequired\":true,\"valueName\":\"search_term_string\"}}],\"inLanguage\":\"de\"},{\"@type\":\"Person\",\"@id\":\"https:\\\/\\\/www.alumni.space\\\/de\\\/#\\\/schema\\\/person\\\/fede362a57876edda476a61f05ce5b15\",\"name\":\"admin\",\"image\":{\"@type\":\"ImageObject\",\"inLanguage\":\"de\",\"@id\":\"https:\\\/\\\/secure.gravatar.com\\\/avatar\\\/318e234ae94f90d4d629428d6b983c08e31181c28f579e08a021180d759ea651?s=96&d=mm&r=g\",\"url\":\"https:\\\/\\\/secure.gravatar.com\\\/avatar\\\/318e234ae94f90d4d629428d6b983c08e31181c28f579e08a021180d759ea651?s=96&d=mm&r=g\",\"contentUrl\":\"https:\\\/\\\/secure.gravatar.com\\\/avatar\\\/318e234ae94f90d4d629428d6b983c08e31181c28f579e08a021180d759ea651?s=96&d=mm&r=g\",\"caption\":\"admin\"},\"description\":\"Nicolas Laustriat a construit sa sp\u00e9cialit\u00e9 sur un sujet que beaucoup d\u2019organisations d\u00e9couvrent trop tard : ce qui dispara\u00eet quand les gens partent. Dipl\u00f4m\u00e9 en conception de produit industriel, il bifurque vers le digital fin 1996, il couvre les transformations marques, RH, la fid\u00e9lisation, la marque employeur. Sur le terrain, il rep\u00e8re un angle mort r\u00e9current : l\u2019entreprise investit dans le recrutement, la formation, les process\u2026 puis laisse filer le lien au moment du d\u00e9part, avec une perte de savoir et d\u2019influence qui se paie en silence. Il se sp\u00e9cialise alors sur les communaut\u00e9s d\u2019alumni, le mentorat, l\u2019entraide interg\u00e9n\u00e9rationnelle et la transmission d\u2019expertise. Il passe du \u201cconstat\u201d aux m\u00e9thodes : animation, gouvernance, segmentation, rituels, mesure d\u2019engagement, articulation avec la RSE et l\u2019employabilit\u00e9. Il interviewe DRH, responsables formation, directions d\u2019\u00e9coles, associations et fondations, avec une obsession : transformer un r\u00e9seau dormant en m\u00e9canisme utile (cooptation, mentorat, job board, entraide, \u00e9v\u00e9nements, contenus). Son style : direct, orient\u00e9 action, sans folklore. Sa conviction : une communaut\u00e9 n\u2019a pas besoin de bruit, elle a besoin de raisons de revenir.\",\"sameAs\":[\"https:\\\/\\\/www.alumni.space\"]}]}<\/script>\n<!-- \/ Yoast SEO plugin. -->","yoast_head_json":{"title":"Kunsthandwerk: Nachwuchs in Gefahr","description":"Erfahren Sie, wie das Kunsthandwerk mit der Krise des Nachwuchsmangels k\u00e4mpft und was dies f\u00fcr seine Zukunft und unser Kulturerbe bedeutet.","robots":{"index":"index","follow":"follow","max-snippet":"max-snippet:-1","max-image-preview":"max-image-preview:large","max-video-preview":"max-video-preview:-1"},"canonical":"https:\/\/www.alumni.space\/de\/kunsthandwerk-in-gefahr-durch-mangel-an-nachwuchs\/","og_locale":"de_DE","og_type":"article","og_title":"Kunsthandwerk: Nachwuchs in Gefahr","og_description":"Erfahren Sie, wie das Kunsthandwerk mit der Krise des Nachwuchsmangels k\u00e4mpft und was dies f\u00fcr seine Zukunft und unser Kulturerbe bedeutet.","og_url":"https:\/\/www.alumni.space\/de\/kunsthandwerk-in-gefahr-durch-mangel-an-nachwuchs\/","og_site_name":"Alumni.space","article_published_time":"2024-09-23T19:09:50+00:00","article_modified_time":"2026-04-02T12:08:47+00:00","og_image":[{"width":1280,"height":768,"url":"https:\/\/www.alumni.space\/wp-content\/uploads\/2026\/03\/Lartisanat-dart-en-danger-face-au-manque-de-releve.jpg","type":"image\/jpeg"}],"author":"admin","twitter_card":"summary_large_image","twitter_misc":{"Verfasst von":"admin","Gesch\u00e4tzte Lesezeit":"3\u00a0Minuten"},"schema":{"@context":"https:\/\/schema.org","@graph":[{"@type":"Article","@id":"https:\/\/www.alumni.space\/de\/kunsthandwerk-in-gefahr-durch-mangel-an-nachwuchs\/#article","isPartOf":{"@id":"https:\/\/www.alumni.space\/de\/kunsthandwerk-in-gefahr-durch-mangel-an-nachwuchs\/"},"author":{"name":"admin","@id":"https:\/\/www.alumni.space\/de\/#\/schema\/person\/fede362a57876edda476a61f05ce5b15"},"headline":"Kunsthandwerk in Gefahr durch Mangel an Nachwuchs","datePublished":"2024-09-23T19:09:50+00:00","dateModified":"2026-04-02T12:08:47+00:00","mainEntityOfPage":{"@id":"https:\/\/www.alumni.space\/de\/kunsthandwerk-in-gefahr-durch-mangel-an-nachwuchs\/"},"wordCount":672,"image":{"@id":"https:\/\/www.alumni.space\/de\/kunsthandwerk-in-gefahr-durch-mangel-an-nachwuchs\/#primaryimage"},"thumbnailUrl":"https:\/\/www.alumni.space\/wp-content\/uploads\/2026\/03\/Lartisanat-dart-en-danger-face-au-manque-de-releve.jpg","articleSection":["Unkategorisiert"],"inLanguage":"de"},{"@type":"WebPage","@id":"https:\/\/www.alumni.space\/de\/kunsthandwerk-in-gefahr-durch-mangel-an-nachwuchs\/","url":"https:\/\/www.alumni.space\/de\/kunsthandwerk-in-gefahr-durch-mangel-an-nachwuchs\/","name":"Kunsthandwerk: Nachwuchs in Gefahr","isPartOf":{"@id":"https:\/\/www.alumni.space\/de\/#website"},"primaryImageOfPage":{"@id":"https:\/\/www.alumni.space\/de\/kunsthandwerk-in-gefahr-durch-mangel-an-nachwuchs\/#primaryimage"},"image":{"@id":"https:\/\/www.alumni.space\/de\/kunsthandwerk-in-gefahr-durch-mangel-an-nachwuchs\/#primaryimage"},"thumbnailUrl":"https:\/\/www.alumni.space\/wp-content\/uploads\/2026\/03\/Lartisanat-dart-en-danger-face-au-manque-de-releve.jpg","datePublished":"2024-09-23T19:09:50+00:00","dateModified":"2026-04-02T12:08:47+00:00","author":{"@id":"https:\/\/www.alumni.space\/de\/#\/schema\/person\/fede362a57876edda476a61f05ce5b15"},"description":"Erfahren Sie, wie das Kunsthandwerk mit der Krise des Nachwuchsmangels k\u00e4mpft und was dies f\u00fcr seine Zukunft und unser Kulturerbe bedeutet.","breadcrumb":{"@id":"https:\/\/www.alumni.space\/de\/kunsthandwerk-in-gefahr-durch-mangel-an-nachwuchs\/#breadcrumb"},"inLanguage":"de","potentialAction":[{"@type":"ReadAction","target":["https:\/\/www.alumni.space\/de\/kunsthandwerk-in-gefahr-durch-mangel-an-nachwuchs\/"]}]},{"@type":"ImageObject","inLanguage":"de","@id":"https:\/\/www.alumni.space\/de\/kunsthandwerk-in-gefahr-durch-mangel-an-nachwuchs\/#primaryimage","url":"https:\/\/www.alumni.space\/wp-content\/uploads\/2026\/03\/Lartisanat-dart-en-danger-face-au-manque-de-releve.jpg","contentUrl":"https:\/\/www.alumni.space\/wp-content\/uploads\/2026\/03\/Lartisanat-dart-en-danger-face-au-manque-de-releve.jpg","width":1280,"height":768,"caption":"entdecken Sie die entscheidenden Herausforderungen des Kunsthandwerks, das durch den Mangel an Nachwuchs bedroht ist, und die Bedeutung der Erhaltung dieses einzigartigen Erbes."},{"@type":"BreadcrumbList","@id":"https:\/\/www.alumni.space\/de\/kunsthandwerk-in-gefahr-durch-mangel-an-nachwuchs\/#breadcrumb","itemListElement":[{"@type":"ListItem","position":1,"name":"Home","item":"https:\/\/www.alumni.space\/de\/plattform-fuer-die-verwaltung-von-mentoring-und-unternehmensalumni\/"},{"@type":"ListItem","position":2,"name":"Kunsthandwerk in Gefahr durch Mangel an Nachwuchs"}]},{"@type":"WebSite","@id":"https:\/\/www.alumni.space\/de\/#website","url":"https:\/\/www.alumni.space\/de\/","name":"Alumni.space","description":"My WordPress Blog","potentialAction":[{"@type":"SearchAction","target":{"@type":"EntryPoint","urlTemplate":"https:\/\/www.alumni.space\/de\/?s={search_term_string}"},"query-input":{"@type":"PropertyValueSpecification","valueRequired":true,"valueName":"search_term_string"}}],"inLanguage":"de"},{"@type":"Person","@id":"https:\/\/www.alumni.space\/de\/#\/schema\/person\/fede362a57876edda476a61f05ce5b15","name":"admin","image":{"@type":"ImageObject","inLanguage":"de","@id":"https:\/\/secure.gravatar.com\/avatar\/318e234ae94f90d4d629428d6b983c08e31181c28f579e08a021180d759ea651?s=96&d=mm&r=g","url":"https:\/\/secure.gravatar.com\/avatar\/318e234ae94f90d4d629428d6b983c08e31181c28f579e08a021180d759ea651?s=96&d=mm&r=g","contentUrl":"https:\/\/secure.gravatar.com\/avatar\/318e234ae94f90d4d629428d6b983c08e31181c28f579e08a021180d759ea651?s=96&d=mm&r=g","caption":"admin"},"description":"Nicolas Laustriat a construit sa sp\u00e9cialit\u00e9 sur un sujet que beaucoup d\u2019organisations d\u00e9couvrent trop tard : ce qui dispara\u00eet quand les gens partent. Dipl\u00f4m\u00e9 en conception de produit industriel, il bifurque vers le digital fin 1996, il couvre les transformations marques, RH, la fid\u00e9lisation, la marque employeur. Sur le terrain, il rep\u00e8re un angle mort r\u00e9current : l\u2019entreprise investit dans le recrutement, la formation, les process\u2026 puis laisse filer le lien au moment du d\u00e9part, avec une perte de savoir et d\u2019influence qui se paie en silence. Il se sp\u00e9cialise alors sur les communaut\u00e9s d\u2019alumni, le mentorat, l\u2019entraide interg\u00e9n\u00e9rationnelle et la transmission d\u2019expertise. Il passe du \u201cconstat\u201d aux m\u00e9thodes : animation, gouvernance, segmentation, rituels, mesure d\u2019engagement, articulation avec la RSE et l\u2019employabilit\u00e9. Il interviewe DRH, responsables formation, directions d\u2019\u00e9coles, associations et fondations, avec une obsession : transformer un r\u00e9seau dormant en m\u00e9canisme utile (cooptation, mentorat, job board, entraide, \u00e9v\u00e9nements, contenus). Son style : direct, orient\u00e9 action, sans folklore. Sa conviction : une communaut\u00e9 n\u2019a pas besoin de bruit, elle a besoin de raisons de revenir.","sameAs":["https:\/\/www.alumni.space"]}]}},"_links":{"self":[{"href":"https:\/\/www.alumni.space\/de\/wp-json\/wp\/v2\/posts\/5601","targetHints":{"allow":["GET"]}}],"collection":[{"href":"https:\/\/www.alumni.space\/de\/wp-json\/wp\/v2\/posts"}],"about":[{"href":"https:\/\/www.alumni.space\/de\/wp-json\/wp\/v2\/types\/post"}],"author":[{"embeddable":true,"href":"https:\/\/www.alumni.space\/de\/wp-json\/wp\/v2\/users\/1"}],"replies":[{"embeddable":true,"href":"https:\/\/www.alumni.space\/de\/wp-json\/wp\/v2\/comments?post=5601"}],"version-history":[{"count":2,"href":"https:\/\/www.alumni.space\/de\/wp-json\/wp\/v2\/posts\/5601\/revisions"}],"predecessor-version":[{"id":7269,"href":"https:\/\/www.alumni.space\/de\/wp-json\/wp\/v2\/posts\/5601\/revisions\/7269"}],"wp:featuredmedia":[{"embeddable":true,"href":"https:\/\/www.alumni.space\/de\/wp-json\/wp\/v2\/media\/5603"}],"wp:attachment":[{"href":"https:\/\/www.alumni.space\/de\/wp-json\/wp\/v2\/media?parent=5601"}],"wp:term":[{"taxonomy":"category","embeddable":true,"href":"https:\/\/www.alumni.space\/de\/wp-json\/wp\/v2\/categories?post=5601"},{"taxonomy":"post_tag","embeddable":true,"href":"https:\/\/www.alumni.space\/de\/wp-json\/wp\/v2\/tags?post=5601"}],"curies":[{"name":"wp","href":"https:\/\/api.w.org\/{rel}","templated":true}]}}