{"id":5528,"date":"2024-11-12T16:28:29","date_gmt":"2024-11-12T16:28:29","guid":{"rendered":"https:\/\/www.alumni.space\/wie-koennen-personalverantwortliche-die-alterspyramide-antizipieren\/"},"modified":"2026-03-28T10:41:26","modified_gmt":"2026-03-28T10:41:26","slug":"wie-koennen-personalverantwortliche-die-alterspyramide-antizipieren","status":"publish","type":"post","link":"https:\/\/www.alumni.space\/de\/wie-koennen-personalverantwortliche-die-alterspyramide-antizipieren\/","title":{"rendered":"Wie k\u00f6nnen Personalverantwortliche die Alterspyramide antizipieren?"},"content":{"rendered":"<div id=\"ez-toc-container\" class=\"ez-toc-v2_0_82_2 counter-flat ez-toc-counter ez-toc-grey ez-toc-container-direction\">\n<div class=\"ez-toc-title-container\"><p class=\"ez-toc-title\" style=\"cursor:inherit\">Inhalt dieses Artikels:<\/p>\n<\/div><nav><ul class='ez-toc-list ez-toc-list-level-1 ' ><li class='ez-toc-page-1'><a class=\"ez-toc-link ez-toc-heading-1\" href=\"https:\/\/www.alumni.space\/de\/wie-koennen-personalverantwortliche-die-alterspyramide-antizipieren\/#Die_Alterspyramide_fuer_eine_effektive_Beschaeftigungsplanung_verstehen\" >Die Alterspyramide f\u00fcr eine effektive Besch\u00e4ftigungsplanung verstehen<\/a><\/li><li class='ez-toc-page-1'><a class=\"ez-toc-link ez-toc-heading-2\" href=\"https:\/\/www.alumni.space\/de\/wie-koennen-personalverantwortliche-die-alterspyramide-antizipieren\/#Integration_der_demographischen_Analyse_in_die_gesamte_HR-Strategie\" >Integration der demographischen Analyse in die gesamte HR-Strategie<\/a><\/li><li class='ez-toc-page-1'><a class=\"ez-toc-link ez-toc-heading-3\" href=\"https:\/\/www.alumni.space\/de\/wie-koennen-personalverantwortliche-die-alterspyramide-antizipieren\/#Identifizierung_von_Risiken_und_Erstellung_eines_operativen_Aktionsplans_mit_der_Alterspyramide\" >Identifizierung von Risiken und Erstellung eines operativen Aktionsplans mit der Alterspyramide<\/a><\/li><li class='ez-toc-page-1'><a class=\"ez-toc-link ez-toc-heading-4\" href=\"https:\/\/www.alumni.space\/de\/wie-koennen-personalverantwortliche-die-alterspyramide-antizipieren\/#Foerderung_der_Zusammenarbeit_und_des_Wissenstransfers_um_Uebergaenge_zu_antizipieren\" >F\u00f6rderung der Zusammenarbeit und des Wissenstransfers, um \u00dcberg\u00e4nge zu antizipieren<\/a><\/li><\/ul><\/nav><\/div>\n<h2 class=\"wp-block-heading\"><span class=\"ez-toc-section\" id=\"Die_Alterspyramide_fuer_eine_effektive_Beschaeftigungsplanung_verstehen\"><\/span>Die Alterspyramide f\u00fcr eine effektive Besch\u00e4ftigungsplanung verstehen<span class=\"ez-toc-section-end\"><\/span><\/h2><p>Die <strong>Alterspyramide<\/strong> bietet eine visuelle Fotografie der Verteilung der Mitarbeiter nach Altersgruppen, die die interne Dynamik eines Unternehmens aufzeigt. Ihre Nutzung geht \u00fcber die einfache demographische Beobachtung hinaus und wird zu einem strategischen Hebel f\u00fcr das <strong>Talentmanagement<\/strong> und die <strong>Ressourcenplanung<\/strong>. <\/p><p>F\u00fcr die <strong>Personalverantwortlichen<\/strong> beleuchtet dieses Instrument die aktuelle Strukturierung der Teams, zeigt potenzielle Massenabg\u00e4nge aufgrund der <strong>Alterung<\/strong> der Belegschaft auf und antizipiert die Auswirkungen dieser Bewegungen auf die Schl\u00fcsselkompetenzen. Zum Beispiel erfordert eine hohe Konzentration von Mitarbeitern zwischen 45 und 55 Jahren eine erh\u00f6hte Wachsamkeit bei der Vorbereitung von \u00dcbertragungen. <\/p><p>Die Analyse beschr\u00e4nkt sich nicht auf eine statische Feststellung. Sie \u00f6ffnet den Weg f\u00fcr eine bessere Organisation der Einstellungen, gezielte <strong>Schulungsma\u00dfnahmen<\/strong> und die St\u00e4rkung der Systeme zur <strong>Weitergabe von Kompetenzen<\/strong>. Die potenziellen Widerspr\u00fcche zwischen massiven Abg\u00e4ngen und einem Mangel an Nachwuchsprofilen k\u00f6nnen so durch operative Aktionspl\u00e4ne, die mit modernen digitalen Werkzeugen verbunden sind, angegangen werden.  <\/p><figure class=\"wp-block-image size-full\"><img decoding=\"async\" width=\"1280\" height=\"768\" src=\"https:\/\/www.alumni.space\/wp-content\/uploads\/2026\/03\/Comment-les-DRH-peuvent-ils-anticiper-la-pyramide-des-ages-1-1.jpg\" data-orig-src=\"https:\/\/www.alumni.space\/wp-content\/uploads\/2026\/03\/Comment-les-DRH-peuvent-ils-anticiper-la-pyramide-des-ages-1-1.jpg\" alt=\"Erfahren Sie, wie F\u00fchrungskr\u00e4fte die Alterspyramide antizipieren k\u00f6nnen, um Talente besser zu managen, die Personalplanung zu verbessern und den Fortbestand des Unternehmens zu sichern.\" class=\"lazyload wp-image-3258\" srcset=\"data:image\/svg+xml,%3Csvg%20xmlns%3D%27http%3A%2F%2Fwww.w3.org%2F2000%2Fsvg%27%20width%3D%271280%27%20height%3D%27768%27%20viewBox%3D%270%200%201280%20768%27%3E%3Crect%20width%3D%271280%27%20height%3D%27768%27%20fill-opacity%3D%220%22%2F%3E%3C%2Fsvg%3E\" data-srcset=\"https:\/\/www.alumni.space\/wp-content\/uploads\/2026\/03\/Comment-les-DRH-peuvent-ils-anticiper-la-pyramide-des-ages-1-1-200x120.jpg 200w, https:\/\/www.alumni.space\/wp-content\/uploads\/2026\/03\/Comment-les-DRH-peuvent-ils-anticiper-la-pyramide-des-ages-1-1-300x180.jpg 300w, https:\/\/www.alumni.space\/wp-content\/uploads\/2026\/03\/Comment-les-DRH-peuvent-ils-anticiper-la-pyramide-des-ages-1-1-400x240.jpg 400w, https:\/\/www.alumni.space\/wp-content\/uploads\/2026\/03\/Comment-les-DRH-peuvent-ils-anticiper-la-pyramide-des-ages-1-1-600x360.jpg 600w, https:\/\/www.alumni.space\/wp-content\/uploads\/2026\/03\/Comment-les-DRH-peuvent-ils-anticiper-la-pyramide-des-ages-1-1-768x461.jpg 768w, https:\/\/www.alumni.space\/wp-content\/uploads\/2026\/03\/Comment-les-DRH-peuvent-ils-anticiper-la-pyramide-des-ages-1-1-800x480.jpg 800w, https:\/\/www.alumni.space\/wp-content\/uploads\/2026\/03\/Comment-les-DRH-peuvent-ils-anticiper-la-pyramide-des-ages-1-1-1024x614.jpg 1024w, https:\/\/www.alumni.space\/wp-content\/uploads\/2026\/03\/Comment-les-DRH-peuvent-ils-anticiper-la-pyramide-des-ages-1-1-1200x720.jpg 1200w, https:\/\/www.alumni.space\/wp-content\/uploads\/2026\/03\/Comment-les-DRH-peuvent-ils-anticiper-la-pyramide-des-ages-1-1.jpg 1280w\" data-sizes=\"auto\" data-orig-sizes=\"(max-width: 1280px) 100vw, 1280px\" \/><\/figure><h3 class=\"wp-block-heading\"><span class=\"ez-toc-section\" id=\"Integration_der_demographischen_Analyse_in_die_gesamte_HR-Strategie\"><\/span>Integration der demographischen Analyse in die gesamte HR-Strategie<span class=\"ez-toc-section-end\"><\/span><\/h3><p>Das <strong>vorausschauende Management von Arbeitspl\u00e4tzen und Kompetenzen<\/strong> erfordert die regelm\u00e4\u00dfige und genaue Erstellung der Alterspyramide. Die Sammlung von Daten &#8211; Alter, Dienstalter, Abteilung, Beruf &#8211; erm\u00f6glicht die Erstellung eines zuverl\u00e4ssigen Instruments, das eine mehrdimensionale Sicht bietet. Integrierte HRIS-Software automatisiert die Berechnung der Daten und bereichert die demographische Diagnose.  <\/p><p>Die Antizipation von Pensionierungen erfordert eine fr\u00fchzeitige Identifizierung und die Koordination interner Ma\u00dfnahmen. Mit Hilfe des Fachwissens von <a href=\"https:\/\/www.alumni.space\/de\/wie-koennen-personalverantwortliche-die-alterspyramide-antizipieren\/\">alumni.space<\/a> k\u00f6nnen <strong>Personalmanager<\/strong> demographische Analysen mit Indikatoren f\u00fcr Engagement und Kompetenzen verbinden und so die Steuerung der Teams mit pr\u00e4zisen Warnungen und einer vollst\u00e4ndigen Verfolgung der Entwicklungspl\u00e4ne erleichtern. <\/p><p>Dies zeigt sich insbesondere in der Einrichtung von Mentorenprogrammen und der Unterhaltung eines Netzwerks ehemaliger Mitarbeiter, die zum Fortbestand des Humankapitals und zur Kontinuit\u00e4t des organisatorischen Ged\u00e4chtnisses beitragen.<\/p><h2 class=\"wp-block-heading\"><span class=\"ez-toc-section\" id=\"Identifizierung_von_Risiken_und_Erstellung_eines_operativen_Aktionsplans_mit_der_Alterspyramide\"><\/span>Identifizierung von Risiken und Erstellung eines operativen Aktionsplans mit der Alterspyramide<span class=\"ez-toc-section-end\"><\/span><\/h2><p>Die Aufdeckung der Risiken, die mit dem Ungleichgewicht der Generationen verbunden sind, ist ein vorrangiges Anliegen. Eine unausgeglichene Pyramide weist auf einen <strong>Klippeneffekt<\/strong> hin, bei dem eine Welle gleichzeitiger Abg\u00e4nge einen Bruch in der Wissenskette verursachen k\u00f6nnte. Diese Situation erfordert eine schnelle Reaktion auf die Risiken, die mit dem <a href=\"https:\/\/www.alumni.space\/de\/ausscheiden-von-senioren-ein-grosses-risiko-fuer-die-kontinuitaet-des-wissens-im-baugewerbe\/\">Ausscheiden \u00e4lterer Menschen in technischen Bereichen<\/a> verbunden sind und die Kontinuit\u00e4t von Projekten gef\u00e4hrden.  <\/p><p>Dar\u00fcber hinaus k\u00f6nnen in einigen sensiblen technischen Bereichen spezifische Defizite auftreten, die eine Antizipation von Neueinstufungen und eine Verst\u00e4rkung der Integrationswege erfordern. Die Einrichtung eines Systems von Junior-Senior-Paaren f\u00f6rdert die<strong>gegenseitige Unterst\u00fctzung<\/strong>zwischen den Generationen und den langfristigen Transfer von Kompetenzen. <\/p><p>Die Analyse der Pyramide erm\u00f6glicht es au\u00dferdem, einen genauen Zeitplan zu erstellen, der durch folgende Schritte gekennzeichnet ist: Identifizierung von Schl\u00fcsselkompetenzen, Auswahl von aufstrebenden Talenten, Durchf\u00fchrung von gezielten Schulungen. In Verbindung mit leistungsstarken digitalen Tools bietet diese Methode eine rigorose Steuerung der Personalressourcen. <\/p><h3 class=\"wp-block-heading\"><span class=\"ez-toc-section\" id=\"Foerderung_der_Zusammenarbeit_und_des_Wissenstransfers_um_Uebergaenge_zu_antizipieren\"><\/span>F\u00f6rderung der Zusammenarbeit und des Wissenstransfers, um \u00dcberg\u00e4nge zu antizipieren<span class=\"ez-toc-section-end\"><\/span><\/h3><p>Abgesehen von Zahlen und Daten ist die Zusammenarbeit zwischen den Generationen ein wichtiger Aktivposten. Im Jahr 2026 ist die Einf\u00fchrung von Mentoring- und Tutoring-Systemen zur <strong>Weitergabe von Kompetenzen<\/strong> eine wichtige L\u00f6sung, um dem Verlust von Fachwissen entgegenzuwirken. Diese Dynamik st\u00fctzt sich auf die Komplementarit\u00e4t der Generationen und wertet den gegenseitigen Austausch auf.  <\/p><p>Es ist auch wichtig, die <strong>Schulungsmodalit\u00e4ten<\/strong> an die Erwartungen der einzelnen Generationen anzupassen. W\u00e4hrend die \u00c4lteren kurze und pragmatische Lernsequenzen bevorzugen, suchen die J\u00fcngeren nach innovativen und digitalen Formaten. Diese Vielfalt an Ans\u00e4tzen f\u00f6rdert ein dauerhaftes Engagement.  <\/p><p>Gemeinsame Arbeitsr\u00e4ume und thematische Veranstaltungen st\u00e4rken diese Verbindung und tragen zum Zusammenhalt des internen Netzwerks bei. Die Plattform alumni.space bietet eine digitale Grundlage f\u00fcr die Animation der Gemeinschaft, erleichtert die Verwaltung dieses Austauschs und die Mobilisierung der Talente f\u00fcr gemeinsame Projekte oder CSR-Aktionen. <\/p><p>Um diese Strategien zu vertiefen und die Alterspyramide in einen globalen Transformationsprozess zu integrieren, entdecken Sie die verf\u00fcgbaren Ressourcen \u00fcber <a href=\"https:\/\/somanyways.co\/blog\/le-role-de-la-pyramide-des-ages-en-entreprise-pour-la-gestion-des-ressources-humaines\">die Rolle der Pyramide im Unternehmen<\/a>, die Entscheidungstr\u00e4ger bei ihrer HR-Steuerung unterst\u00fctzen.<\/p>","protected":false},"excerpt":{"rendered":"<p>Die Alterspyramide f\u00fcr eine effektive Besch\u00e4ftigungsplanung verstehenDie Alterspyramide bietet eine  [&#8230;]<\/p>\n","protected":false},"author":1,"featured_media":5530,"comment_status":"closed","ping_status":"closed","sticky":false,"template":"","format":"standard","meta":{"_ayudawp_aiss_exclude":false,"footnotes":""},"categories":[60],"tags":[],"class_list":["post-5528","post","type-post","status-publish","format-standard","has-post-thumbnail","hentry","category-personalwesen"],"yoast_head":"<!-- This site is optimized with the Yoast SEO plugin v27.4 - https:\/\/yoast.com\/product\/yoast-seo-wordpress\/ -->\n<title>HRM: Die Alterspyramide antizipieren, um die Zukunft besser zu bew\u00e4ltigen<\/title>\n<meta name=\"description\" content=\"Erfahren Sie, wie Personalverantwortliche die Alterspyramide antizipieren k\u00f6nnen, um die Personalressourcen besser zu verwalten und die Zukunft des Unternehmens vorzubereiten.\" \/>\n<meta name=\"robots\" content=\"index, follow, max-snippet:-1, max-image-preview:large, max-video-preview:-1\" \/>\n<link rel=\"canonical\" href=\"https:\/\/www.alumni.space\/de\/wie-koennen-personalverantwortliche-die-alterspyramide-antizipieren\/\" \/>\n<meta property=\"og:locale\" content=\"de_DE\" \/>\n<meta property=\"og:type\" content=\"article\" \/>\n<meta property=\"og:title\" content=\"HRM: Die Alterspyramide antizipieren, um die Zukunft besser zu bew\u00e4ltigen\" \/>\n<meta property=\"og:description\" content=\"Erfahren Sie, wie Personalverantwortliche die Alterspyramide antizipieren k\u00f6nnen, um die Personalressourcen besser zu verwalten und die Zukunft des Unternehmens vorzubereiten.\" \/>\n<meta property=\"og:url\" content=\"https:\/\/www.alumni.space\/de\/wie-koennen-personalverantwortliche-die-alterspyramide-antizipieren\/\" \/>\n<meta property=\"og:site_name\" content=\"Alumni.space\" \/>\n<meta property=\"article:published_time\" content=\"2024-11-12T16:28:29+00:00\" \/>\n<meta property=\"article:modified_time\" content=\"2026-03-28T10:41:26+00:00\" \/>\n<meta property=\"og:image\" content=\"https:\/\/www.alumni.space\/wp-content\/uploads\/2026\/03\/Comment-les-DRH-peuvent-ils-anticiper-la-pyramide-des-ages-.jpg\" \/>\n\t<meta property=\"og:image:width\" content=\"1280\" \/>\n\t<meta property=\"og:image:height\" content=\"768\" \/>\n\t<meta property=\"og:image:type\" content=\"image\/jpeg\" \/>\n<meta name=\"author\" content=\"admin\" \/>\n<meta name=\"twitter:card\" content=\"summary_large_image\" \/>\n<meta name=\"twitter:label1\" content=\"Verfasst von\" \/>\n\t<meta name=\"twitter:data1\" content=\"admin\" \/>\n\t<meta name=\"twitter:label2\" content=\"Gesch\u00e4tzte Lesezeit\" \/>\n\t<meta name=\"twitter:data2\" content=\"3\u00a0Minuten\" \/>\n<script type=\"application\/ld+json\" class=\"yoast-schema-graph\">{\"@context\":\"https:\\\/\\\/schema.org\",\"@graph\":[{\"@type\":\"Article\",\"@id\":\"https:\\\/\\\/www.alumni.space\\\/de\\\/wie-koennen-personalverantwortliche-die-alterspyramide-antizipieren\\\/#article\",\"isPartOf\":{\"@id\":\"https:\\\/\\\/www.alumni.space\\\/de\\\/wie-koennen-personalverantwortliche-die-alterspyramide-antizipieren\\\/\"},\"author\":{\"name\":\"admin\",\"@id\":\"https:\\\/\\\/www.alumni.space\\\/de\\\/#\\\/schema\\\/person\\\/fede362a57876edda476a61f05ce5b15\"},\"headline\":\"Wie k\u00f6nnen Personalverantwortliche die Alterspyramide antizipieren?\",\"datePublished\":\"2024-11-12T16:28:29+00:00\",\"dateModified\":\"2026-03-28T10:41:26+00:00\",\"mainEntityOfPage\":{\"@id\":\"https:\\\/\\\/www.alumni.space\\\/de\\\/wie-koennen-personalverantwortliche-die-alterspyramide-antizipieren\\\/\"},\"wordCount\":677,\"image\":{\"@id\":\"https:\\\/\\\/www.alumni.space\\\/de\\\/wie-koennen-personalverantwortliche-die-alterspyramide-antizipieren\\\/#primaryimage\"},\"thumbnailUrl\":\"https:\\\/\\\/www.alumni.space\\\/wp-content\\\/uploads\\\/2026\\\/03\\\/Comment-les-DRH-peuvent-ils-anticiper-la-pyramide-des-ages-.jpg\",\"articleSection\":[\"Personalwesen\"],\"inLanguage\":\"de\"},{\"@type\":\"WebPage\",\"@id\":\"https:\\\/\\\/www.alumni.space\\\/de\\\/wie-koennen-personalverantwortliche-die-alterspyramide-antizipieren\\\/\",\"url\":\"https:\\\/\\\/www.alumni.space\\\/de\\\/wie-koennen-personalverantwortliche-die-alterspyramide-antizipieren\\\/\",\"name\":\"HRM: Die Alterspyramide antizipieren, um die Zukunft besser zu bew\u00e4ltigen\",\"isPartOf\":{\"@id\":\"https:\\\/\\\/www.alumni.space\\\/de\\\/#website\"},\"primaryImageOfPage\":{\"@id\":\"https:\\\/\\\/www.alumni.space\\\/de\\\/wie-koennen-personalverantwortliche-die-alterspyramide-antizipieren\\\/#primaryimage\"},\"image\":{\"@id\":\"https:\\\/\\\/www.alumni.space\\\/de\\\/wie-koennen-personalverantwortliche-die-alterspyramide-antizipieren\\\/#primaryimage\"},\"thumbnailUrl\":\"https:\\\/\\\/www.alumni.space\\\/wp-content\\\/uploads\\\/2026\\\/03\\\/Comment-les-DRH-peuvent-ils-anticiper-la-pyramide-des-ages-.jpg\",\"datePublished\":\"2024-11-12T16:28:29+00:00\",\"dateModified\":\"2026-03-28T10:41:26+00:00\",\"author\":{\"@id\":\"https:\\\/\\\/www.alumni.space\\\/de\\\/#\\\/schema\\\/person\\\/fede362a57876edda476a61f05ce5b15\"},\"description\":\"Erfahren Sie, wie Personalverantwortliche die Alterspyramide antizipieren k\u00f6nnen, um die Personalressourcen besser zu verwalten und die Zukunft des Unternehmens vorzubereiten.\",\"breadcrumb\":{\"@id\":\"https:\\\/\\\/www.alumni.space\\\/de\\\/wie-koennen-personalverantwortliche-die-alterspyramide-antizipieren\\\/#breadcrumb\"},\"inLanguage\":\"de\",\"potentialAction\":[{\"@type\":\"ReadAction\",\"target\":[\"https:\\\/\\\/www.alumni.space\\\/de\\\/wie-koennen-personalverantwortliche-die-alterspyramide-antizipieren\\\/\"]}]},{\"@type\":\"ImageObject\",\"inLanguage\":\"de\",\"@id\":\"https:\\\/\\\/www.alumni.space\\\/de\\\/wie-koennen-personalverantwortliche-die-alterspyramide-antizipieren\\\/#primaryimage\",\"url\":\"https:\\\/\\\/www.alumni.space\\\/wp-content\\\/uploads\\\/2026\\\/03\\\/Comment-les-DRH-peuvent-ils-anticiper-la-pyramide-des-ages-.jpg\",\"contentUrl\":\"https:\\\/\\\/www.alumni.space\\\/wp-content\\\/uploads\\\/2026\\\/03\\\/Comment-les-DRH-peuvent-ils-anticiper-la-pyramide-des-ages-.jpg\",\"width\":1280,\"height\":768,\"caption\":\"Erfahren Sie, wie F\u00fchrungskr\u00e4fte die Alterspyramide antizipieren k\u00f6nnen, um Talente besser zu managen und die Zukunft ihres Unternehmens vorzubereiten.\"},{\"@type\":\"BreadcrumbList\",\"@id\":\"https:\\\/\\\/www.alumni.space\\\/de\\\/wie-koennen-personalverantwortliche-die-alterspyramide-antizipieren\\\/#breadcrumb\",\"itemListElement\":[{\"@type\":\"ListItem\",\"position\":1,\"name\":\"Home\",\"item\":\"https:\\\/\\\/www.alumni.space\\\/de\\\/plattform-fuer-die-verwaltung-von-mentoring-und-unternehmensalumni\\\/\"},{\"@type\":\"ListItem\",\"position\":2,\"name\":\"Wie k\u00f6nnen Personalverantwortliche die Alterspyramide antizipieren?\"}]},{\"@type\":\"WebSite\",\"@id\":\"https:\\\/\\\/www.alumni.space\\\/de\\\/#website\",\"url\":\"https:\\\/\\\/www.alumni.space\\\/de\\\/\",\"name\":\"Alumni.space\",\"description\":\"My WordPress Blog\",\"potentialAction\":[{\"@type\":\"SearchAction\",\"target\":{\"@type\":\"EntryPoint\",\"urlTemplate\":\"https:\\\/\\\/www.alumni.space\\\/de\\\/?s={search_term_string}\"},\"query-input\":{\"@type\":\"PropertyValueSpecification\",\"valueRequired\":true,\"valueName\":\"search_term_string\"}}],\"inLanguage\":\"de\"},{\"@type\":\"Person\",\"@id\":\"https:\\\/\\\/www.alumni.space\\\/de\\\/#\\\/schema\\\/person\\\/fede362a57876edda476a61f05ce5b15\",\"name\":\"admin\",\"image\":{\"@type\":\"ImageObject\",\"inLanguage\":\"de\",\"@id\":\"https:\\\/\\\/secure.gravatar.com\\\/avatar\\\/318e234ae94f90d4d629428d6b983c08e31181c28f579e08a021180d759ea651?s=96&d=mm&r=g\",\"url\":\"https:\\\/\\\/secure.gravatar.com\\\/avatar\\\/318e234ae94f90d4d629428d6b983c08e31181c28f579e08a021180d759ea651?s=96&d=mm&r=g\",\"contentUrl\":\"https:\\\/\\\/secure.gravatar.com\\\/avatar\\\/318e234ae94f90d4d629428d6b983c08e31181c28f579e08a021180d759ea651?s=96&d=mm&r=g\",\"caption\":\"admin\"},\"description\":\"Nicolas Laustriat a construit sa sp\u00e9cialit\u00e9 sur un sujet que beaucoup d\u2019organisations d\u00e9couvrent trop tard : ce qui dispara\u00eet quand les gens partent. Dipl\u00f4m\u00e9 en conception de produit industriel, il bifurque vers le digital fin 1996, il couvre les transformations marques, RH, la fid\u00e9lisation, la marque employeur. Sur le terrain, il rep\u00e8re un angle mort r\u00e9current : l\u2019entreprise investit dans le recrutement, la formation, les process\u2026 puis laisse filer le lien au moment du d\u00e9part, avec une perte de savoir et d\u2019influence qui se paie en silence. Il se sp\u00e9cialise alors sur les communaut\u00e9s d\u2019alumni, le mentorat, l\u2019entraide interg\u00e9n\u00e9rationnelle et la transmission d\u2019expertise. Il passe du \u201cconstat\u201d aux m\u00e9thodes : animation, gouvernance, segmentation, rituels, mesure d\u2019engagement, articulation avec la RSE et l\u2019employabilit\u00e9. Il interviewe DRH, responsables formation, directions d\u2019\u00e9coles, associations et fondations, avec une obsession : transformer un r\u00e9seau dormant en m\u00e9canisme utile (cooptation, mentorat, job board, entraide, \u00e9v\u00e9nements, contenus). Son style : direct, orient\u00e9 action, sans folklore. Sa conviction : une communaut\u00e9 n\u2019a pas besoin de bruit, elle a besoin de raisons de revenir.\",\"sameAs\":[\"https:\\\/\\\/www.alumni.space\"]}]}<\/script>\n<!-- \/ Yoast SEO plugin. -->","yoast_head_json":{"title":"HRM: Die Alterspyramide antizipieren, um die Zukunft besser zu bew\u00e4ltigen","description":"Erfahren Sie, wie Personalverantwortliche die Alterspyramide antizipieren k\u00f6nnen, um die Personalressourcen besser zu verwalten und die Zukunft des Unternehmens vorzubereiten.","robots":{"index":"index","follow":"follow","max-snippet":"max-snippet:-1","max-image-preview":"max-image-preview:large","max-video-preview":"max-video-preview:-1"},"canonical":"https:\/\/www.alumni.space\/de\/wie-koennen-personalverantwortliche-die-alterspyramide-antizipieren\/","og_locale":"de_DE","og_type":"article","og_title":"HRM: Die Alterspyramide antizipieren, um die Zukunft besser zu bew\u00e4ltigen","og_description":"Erfahren Sie, wie Personalverantwortliche die Alterspyramide antizipieren k\u00f6nnen, um die Personalressourcen besser zu verwalten und die Zukunft des Unternehmens vorzubereiten.","og_url":"https:\/\/www.alumni.space\/de\/wie-koennen-personalverantwortliche-die-alterspyramide-antizipieren\/","og_site_name":"Alumni.space","article_published_time":"2024-11-12T16:28:29+00:00","article_modified_time":"2026-03-28T10:41:26+00:00","og_image":[{"width":1280,"height":768,"url":"https:\/\/www.alumni.space\/wp-content\/uploads\/2026\/03\/Comment-les-DRH-peuvent-ils-anticiper-la-pyramide-des-ages-.jpg","type":"image\/jpeg"}],"author":"admin","twitter_card":"summary_large_image","twitter_misc":{"Verfasst von":"admin","Gesch\u00e4tzte Lesezeit":"3\u00a0Minuten"},"schema":{"@context":"https:\/\/schema.org","@graph":[{"@type":"Article","@id":"https:\/\/www.alumni.space\/de\/wie-koennen-personalverantwortliche-die-alterspyramide-antizipieren\/#article","isPartOf":{"@id":"https:\/\/www.alumni.space\/de\/wie-koennen-personalverantwortliche-die-alterspyramide-antizipieren\/"},"author":{"name":"admin","@id":"https:\/\/www.alumni.space\/de\/#\/schema\/person\/fede362a57876edda476a61f05ce5b15"},"headline":"Wie k\u00f6nnen Personalverantwortliche die Alterspyramide antizipieren?","datePublished":"2024-11-12T16:28:29+00:00","dateModified":"2026-03-28T10:41:26+00:00","mainEntityOfPage":{"@id":"https:\/\/www.alumni.space\/de\/wie-koennen-personalverantwortliche-die-alterspyramide-antizipieren\/"},"wordCount":677,"image":{"@id":"https:\/\/www.alumni.space\/de\/wie-koennen-personalverantwortliche-die-alterspyramide-antizipieren\/#primaryimage"},"thumbnailUrl":"https:\/\/www.alumni.space\/wp-content\/uploads\/2026\/03\/Comment-les-DRH-peuvent-ils-anticiper-la-pyramide-des-ages-.jpg","articleSection":["Personalwesen"],"inLanguage":"de"},{"@type":"WebPage","@id":"https:\/\/www.alumni.space\/de\/wie-koennen-personalverantwortliche-die-alterspyramide-antizipieren\/","url":"https:\/\/www.alumni.space\/de\/wie-koennen-personalverantwortliche-die-alterspyramide-antizipieren\/","name":"HRM: Die Alterspyramide antizipieren, um die Zukunft besser zu bew\u00e4ltigen","isPartOf":{"@id":"https:\/\/www.alumni.space\/de\/#website"},"primaryImageOfPage":{"@id":"https:\/\/www.alumni.space\/de\/wie-koennen-personalverantwortliche-die-alterspyramide-antizipieren\/#primaryimage"},"image":{"@id":"https:\/\/www.alumni.space\/de\/wie-koennen-personalverantwortliche-die-alterspyramide-antizipieren\/#primaryimage"},"thumbnailUrl":"https:\/\/www.alumni.space\/wp-content\/uploads\/2026\/03\/Comment-les-DRH-peuvent-ils-anticiper-la-pyramide-des-ages-.jpg","datePublished":"2024-11-12T16:28:29+00:00","dateModified":"2026-03-28T10:41:26+00:00","author":{"@id":"https:\/\/www.alumni.space\/de\/#\/schema\/person\/fede362a57876edda476a61f05ce5b15"},"description":"Erfahren Sie, wie Personalverantwortliche die Alterspyramide antizipieren k\u00f6nnen, um die Personalressourcen besser zu verwalten und die Zukunft des Unternehmens vorzubereiten.","breadcrumb":{"@id":"https:\/\/www.alumni.space\/de\/wie-koennen-personalverantwortliche-die-alterspyramide-antizipieren\/#breadcrumb"},"inLanguage":"de","potentialAction":[{"@type":"ReadAction","target":["https:\/\/www.alumni.space\/de\/wie-koennen-personalverantwortliche-die-alterspyramide-antizipieren\/"]}]},{"@type":"ImageObject","inLanguage":"de","@id":"https:\/\/www.alumni.space\/de\/wie-koennen-personalverantwortliche-die-alterspyramide-antizipieren\/#primaryimage","url":"https:\/\/www.alumni.space\/wp-content\/uploads\/2026\/03\/Comment-les-DRH-peuvent-ils-anticiper-la-pyramide-des-ages-.jpg","contentUrl":"https:\/\/www.alumni.space\/wp-content\/uploads\/2026\/03\/Comment-les-DRH-peuvent-ils-anticiper-la-pyramide-des-ages-.jpg","width":1280,"height":768,"caption":"Erfahren Sie, wie F\u00fchrungskr\u00e4fte die Alterspyramide antizipieren k\u00f6nnen, um Talente besser zu managen und die Zukunft ihres Unternehmens vorzubereiten."},{"@type":"BreadcrumbList","@id":"https:\/\/www.alumni.space\/de\/wie-koennen-personalverantwortliche-die-alterspyramide-antizipieren\/#breadcrumb","itemListElement":[{"@type":"ListItem","position":1,"name":"Home","item":"https:\/\/www.alumni.space\/de\/plattform-fuer-die-verwaltung-von-mentoring-und-unternehmensalumni\/"},{"@type":"ListItem","position":2,"name":"Wie k\u00f6nnen Personalverantwortliche die Alterspyramide antizipieren?"}]},{"@type":"WebSite","@id":"https:\/\/www.alumni.space\/de\/#website","url":"https:\/\/www.alumni.space\/de\/","name":"Alumni.space","description":"My WordPress Blog","potentialAction":[{"@type":"SearchAction","target":{"@type":"EntryPoint","urlTemplate":"https:\/\/www.alumni.space\/de\/?s={search_term_string}"},"query-input":{"@type":"PropertyValueSpecification","valueRequired":true,"valueName":"search_term_string"}}],"inLanguage":"de"},{"@type":"Person","@id":"https:\/\/www.alumni.space\/de\/#\/schema\/person\/fede362a57876edda476a61f05ce5b15","name":"admin","image":{"@type":"ImageObject","inLanguage":"de","@id":"https:\/\/secure.gravatar.com\/avatar\/318e234ae94f90d4d629428d6b983c08e31181c28f579e08a021180d759ea651?s=96&d=mm&r=g","url":"https:\/\/secure.gravatar.com\/avatar\/318e234ae94f90d4d629428d6b983c08e31181c28f579e08a021180d759ea651?s=96&d=mm&r=g","contentUrl":"https:\/\/secure.gravatar.com\/avatar\/318e234ae94f90d4d629428d6b983c08e31181c28f579e08a021180d759ea651?s=96&d=mm&r=g","caption":"admin"},"description":"Nicolas Laustriat a construit sa sp\u00e9cialit\u00e9 sur un sujet que beaucoup d\u2019organisations d\u00e9couvrent trop tard : ce qui dispara\u00eet quand les gens partent. Dipl\u00f4m\u00e9 en conception de produit industriel, il bifurque vers le digital fin 1996, il couvre les transformations marques, RH, la fid\u00e9lisation, la marque employeur. Sur le terrain, il rep\u00e8re un angle mort r\u00e9current : l\u2019entreprise investit dans le recrutement, la formation, les process\u2026 puis laisse filer le lien au moment du d\u00e9part, avec une perte de savoir et d\u2019influence qui se paie en silence. Il se sp\u00e9cialise alors sur les communaut\u00e9s d\u2019alumni, le mentorat, l\u2019entraide interg\u00e9n\u00e9rationnelle et la transmission d\u2019expertise. Il passe du \u201cconstat\u201d aux m\u00e9thodes : animation, gouvernance, segmentation, rituels, mesure d\u2019engagement, articulation avec la RSE et l\u2019employabilit\u00e9. Il interviewe DRH, responsables formation, directions d\u2019\u00e9coles, associations et fondations, avec une obsession : transformer un r\u00e9seau dormant en m\u00e9canisme utile (cooptation, mentorat, job board, entraide, \u00e9v\u00e9nements, contenus). Son style : direct, orient\u00e9 action, sans folklore. Sa conviction : une communaut\u00e9 n\u2019a pas besoin de bruit, elle a besoin de raisons de revenir.","sameAs":["https:\/\/www.alumni.space"]}]}},"_links":{"self":[{"href":"https:\/\/www.alumni.space\/de\/wp-json\/wp\/v2\/posts\/5528","targetHints":{"allow":["GET"]}}],"collection":[{"href":"https:\/\/www.alumni.space\/de\/wp-json\/wp\/v2\/posts"}],"about":[{"href":"https:\/\/www.alumni.space\/de\/wp-json\/wp\/v2\/types\/post"}],"author":[{"embeddable":true,"href":"https:\/\/www.alumni.space\/de\/wp-json\/wp\/v2\/users\/1"}],"replies":[{"embeddable":true,"href":"https:\/\/www.alumni.space\/de\/wp-json\/wp\/v2\/comments?post=5528"}],"version-history":[{"count":1,"href":"https:\/\/www.alumni.space\/de\/wp-json\/wp\/v2\/posts\/5528\/revisions"}],"predecessor-version":[{"id":5532,"href":"https:\/\/www.alumni.space\/de\/wp-json\/wp\/v2\/posts\/5528\/revisions\/5532"}],"wp:featuredmedia":[{"embeddable":true,"href":"https:\/\/www.alumni.space\/de\/wp-json\/wp\/v2\/media\/5530"}],"wp:attachment":[{"href":"https:\/\/www.alumni.space\/de\/wp-json\/wp\/v2\/media?parent=5528"}],"wp:term":[{"taxonomy":"category","embeddable":true,"href":"https:\/\/www.alumni.space\/de\/wp-json\/wp\/v2\/categories?post=5528"},{"taxonomy":"post_tag","embeddable":true,"href":"https:\/\/www.alumni.space\/de\/wp-json\/wp\/v2\/tags?post=5528"}],"curies":[{"name":"wp","href":"https:\/\/api.w.org\/{rel}","templated":true}]}}