{"id":5498,"date":"2025-02-02T17:22:38","date_gmt":"2025-02-02T17:22:38","guid":{"rendered":"https:\/\/www.alumni.space\/der-agrar-und-lebensmittelsektor-steht-vor-der-herausforderung-des-transfers-von-kompetenzen\/"},"modified":"2026-03-28T10:41:03","modified_gmt":"2026-03-28T10:41:03","slug":"der-agrar-und-lebensmittelsektor-steht-vor-der-herausforderung-des-transfers-von-kompetenzen","status":"publish","type":"post","link":"https:\/\/www.alumni.space\/de\/der-agrar-und-lebensmittelsektor-steht-vor-der-herausforderung-des-transfers-von-kompetenzen\/","title":{"rendered":"Der Agrar- und Lebensmittelsektor steht vor der Herausforderung des Transfers von Kompetenzen"},"content":{"rendered":"<div id=\"ez-toc-container\" class=\"ez-toc-v2_0_82_2 counter-flat ez-toc-counter ez-toc-grey ez-toc-container-direction\">\n<div class=\"ez-toc-title-container\"><p class=\"ez-toc-title\" style=\"cursor:inherit\">Inhalt dieses Artikels:<\/p>\n<\/div><nav><ul class='ez-toc-list ez-toc-list-level-1 ' ><li class='ez-toc-page-1'><a class=\"ez-toc-link ez-toc-heading-1\" href=\"https:\/\/www.alumni.space\/de\/der-agrar-und-lebensmittelsektor-steht-vor-der-herausforderung-des-transfers-von-kompetenzen\/#Wichtige_Herausforderungen_bei_der_Uebertragung_von_Kompetenzen_in_der_Agrar-_und_Ernaehrungswirtschaft\" >Wichtige Herausforderungen bei der \u00dcbertragung von Kompetenzen in der Agrar- und Ern\u00e4hrungswirtschaft<\/a><\/li><li class='ez-toc-page-1'><a class=\"ez-toc-link ez-toc-heading-2\" href=\"https:\/\/www.alumni.space\/de\/der-agrar-und-lebensmittelsektor-steht-vor-der-herausforderung-des-transfers-von-kompetenzen\/#Versteckte_Kosten_von_Wissensluecken_und_Methoden_zu_ihrer_Vermeidung\" >Versteckte Kosten von Wissensl\u00fccken und Methoden zu ihrer Vermeidung<\/a><\/li><li class='ez-toc-page-1'><a class=\"ez-toc-link ez-toc-heading-3\" href=\"https:\/\/www.alumni.space\/de\/der-agrar-und-lebensmittelsektor-steht-vor-der-herausforderung-des-transfers-von-kompetenzen\/#Optimierung_des_Talentmanagements_zur_Unterstuetzung_des_Transfers_in_der_Agrar-_und_Ernaehrungswirtschaft\" >Optimierung des Talentmanagements zur Unterst\u00fctzung des Transfers in der Agrar- und Ern\u00e4hrungswirtschaft<\/a><\/li><li class='ez-toc-page-1'><a class=\"ez-toc-link ez-toc-heading-4\" href=\"https:\/\/www.alumni.space\/de\/der-agrar-und-lebensmittelsektor-steht-vor-der-herausforderung-des-transfers-von-kompetenzen\/#Operative_Umsetzung_und_bewaehrte_Praktiken\" >Operative Umsetzung und bew\u00e4hrte Praktiken<\/a><\/li><\/ul><\/nav><\/div>\n<h2 class=\"wp-block-heading\"><span class=\"ez-toc-section\" id=\"Wichtige_Herausforderungen_bei_der_Uebertragung_von_Kompetenzen_in_der_Agrar-_und_Ernaehrungswirtschaft\"><\/span>Wichtige Herausforderungen bei der \u00dcbertragung von Kompetenzen in der Agrar- und Ern\u00e4hrungswirtschaft<span class=\"ez-toc-section-end\"><\/span><\/h2><p>Der <strong>Agrar- und Lebensmittelsektor<\/strong> befindet sich in einem tiefgreifenden Wandel, bei dem die Beherrschung traditioneller Fertigkeiten in einen Kontext<strong>technologischer Innovation<\/strong> und <strong>nachhaltiger Entwicklung<\/strong> gestellt wird. Die <strong>\u00dcbertragung von Kompetenzen<\/strong> steht im Mittelpunkt des Talentmanagements, das f\u00fcr die Sicherung der <strong>Qualit\u00e4t der Agrar-<\/strong> und Ern\u00e4hrungswirtschaft und die <strong>Erhaltung des Know-hows<\/strong> unerl\u00e4sslich ist. <\/p><p>Die Unternehmen sehen sich mit einer <strong>Anpassung der Kompetenzen<\/strong> konfrontiert, die aufgrund der Erneuerung der Generationen und des technologischen Wandels erforderlich ist. Dieser Kontext erfordert von den <strong>Personalabteilungen<\/strong> eine rigorose Antizipation, um Unterbrechungen bei der Weitergabe von Wissen zu vermeiden, die f\u00fcr die Kontinuit\u00e4t der Produktion und die Wettbewerbsf\u00e4higkeit von entscheidender Bedeutung sind. <\/p><figure class=\"wp-block-image size-full\"><img decoding=\"async\" width=\"1280\" height=\"768\" src=\"https:\/\/www.alumni.space\/wp-content\/uploads\/2026\/03\/Le-secteur-agroalimentaire-face-au-defi-du-transfert-des-competences-1.jpg\" data-orig-src=\"https:\/\/www.alumni.space\/wp-content\/uploads\/2026\/03\/Le-secteur-agroalimentaire-face-au-defi-du-transfert-des-competences-1.jpg\" alt=\"Erfahren Sie, wie der Agrar- und Lebensmittelsektor die Herausforderung der \u00dcbertragung von Kompetenzen annimmt, um seine Entwicklung und Wettbewerbsf\u00e4higkeit in einem sich st\u00e4ndig ver\u00e4ndernden Markt zu sichern.\" class=\"lazyload wp-image-3255\" srcset=\"data:image\/svg+xml,%3Csvg%20xmlns%3D%27http%3A%2F%2Fwww.w3.org%2F2000%2Fsvg%27%20width%3D%271280%27%20height%3D%27768%27%20viewBox%3D%270%200%201280%20768%27%3E%3Crect%20width%3D%271280%27%20height%3D%27768%27%20fill-opacity%3D%220%22%2F%3E%3C%2Fsvg%3E\" data-srcset=\"https:\/\/www.alumni.space\/wp-content\/uploads\/2026\/03\/Le-secteur-agroalimentaire-face-au-defi-du-transfert-des-competences-1-200x120.jpg 200w, https:\/\/www.alumni.space\/wp-content\/uploads\/2026\/03\/Le-secteur-agroalimentaire-face-au-defi-du-transfert-des-competences-1-300x180.jpg 300w, https:\/\/www.alumni.space\/wp-content\/uploads\/2026\/03\/Le-secteur-agroalimentaire-face-au-defi-du-transfert-des-competences-1-400x240.jpg 400w, https:\/\/www.alumni.space\/wp-content\/uploads\/2026\/03\/Le-secteur-agroalimentaire-face-au-defi-du-transfert-des-competences-1-600x360.jpg 600w, https:\/\/www.alumni.space\/wp-content\/uploads\/2026\/03\/Le-secteur-agroalimentaire-face-au-defi-du-transfert-des-competences-1-768x461.jpg 768w, https:\/\/www.alumni.space\/wp-content\/uploads\/2026\/03\/Le-secteur-agroalimentaire-face-au-defi-du-transfert-des-competences-1-800x480.jpg 800w, https:\/\/www.alumni.space\/wp-content\/uploads\/2026\/03\/Le-secteur-agroalimentaire-face-au-defi-du-transfert-des-competences-1-1024x614.jpg 1024w, https:\/\/www.alumni.space\/wp-content\/uploads\/2026\/03\/Le-secteur-agroalimentaire-face-au-defi-du-transfert-des-competences-1-1200x720.jpg 1200w, https:\/\/www.alumni.space\/wp-content\/uploads\/2026\/03\/Le-secteur-agroalimentaire-face-au-defi-du-transfert-des-competences-1.jpg 1280w\" data-sizes=\"auto\" data-orig-sizes=\"(max-width: 1280px) 100vw, 1280px\" \/><\/figure><h3 class=\"wp-block-heading\"><span class=\"ez-toc-section\" id=\"Versteckte_Kosten_von_Wissensluecken_und_Methoden_zu_ihrer_Vermeidung\"><\/span>Versteckte Kosten von Wissensl\u00fccken und Methoden zu ihrer Vermeidung<span class=\"ez-toc-section-end\"><\/span><\/h3><p>Der Verlust von Erfahrungskapital hat direkte Auswirkungen auf die Leistung: Verz\u00f6gerungen, Fehler, h\u00f6here Kosten, Reputationsrisiko. Dieses Ph\u00e4nomen \u00e4u\u00dfert sich h\u00e4ufig in einer verst\u00e4rkten <strong>Desorganisation<\/strong> und dem Verlust der Verbindung zu bew\u00e4hrten Praktiken. Unternehmen k\u00f6nnen sich auf bew\u00e4hrte Strategien st\u00fctzen, die eine strukturierte \u00dcberwachung der Kompetenzen und einen formalisierten Transfer zwischen den Generationen, insbesondere durch Mentoring, beinhalten.  <\/p><p>Die Einf\u00fchrung regelm\u00e4\u00dfiger Rituale, die dem Produktions- und Berufsbildungszyklus angepasst sind, erleichtert einen pragmatischen Wissensaustausch. Es geht darum, Schl\u00fcsselprofile zu identifizieren, kritische Kompetenzen zu kartografieren und spezielle Werkzeuge zu nutzen, um ein reibungsloses und nachhaltiges Management zu gew\u00e4hrleisten. Dieser Ansatz reduziert zeitlich und finanziell die Auswirkungen, die mit einer <strong>Unterbrechung des Wissens<\/strong> verbunden sind. F\u00fcr weitere Informationen stehen Ressourcen <a href=\"https:\/\/www.alumni.space\/de\/wie-kann-man-angesichts-der-abwanderung-von-experten-einen-wissensbruch-auf-den-baustellen-vermeiden\/\">zum Thema Wissensbruch<\/a> zur Verf\u00fcgung, die den sektoralen Ansatz veranschaulichen.   <\/p><h2 class=\"wp-block-heading\"><span class=\"ez-toc-section\" id=\"Optimierung_des_Talentmanagements_zur_Unterstuetzung_des_Transfers_in_der_Agrar-_und_Ernaehrungswirtschaft\"><\/span>Optimierung des Talentmanagements zur Unterst\u00fctzung des Transfers in der Agrar- und Ern\u00e4hrungswirtschaft<span class=\"ez-toc-section-end\"><\/span><\/h2><p>Die Governance der Humanressourcen muss sich anpassen, um eine Dynamik des<strong>nachhaltigen Engagements<\/strong> der Mitarbeiter zu unterst\u00fctzen. Die Steuerung der Leistungsindikatoren in Bezug auf die berufliche Bildung und die Entwicklung von Kompetenzen erleichtert eine fundierte Entscheidungsfindung. <\/p><p>Die Nutzung einer spezialisierten Plattform wie <a href=\"https:\/\/www.alumni.space\/de\/wie-koennen-personalverantwortliche-die-alterspyramide-antizipieren\/\">alumni.space<\/a> erm\u00f6glicht es, den Prozess der Verwaltung und Animation von internen und externen Gemeinschaften zu industrialisieren. Dieser digitale Hebel erm\u00f6glicht eine effiziente Segmentierung der Profile, die Einrichtung von Mentor-Mentee-Paaren und die Organisation gezielter Veranstaltungen, um die gegenseitige Unterst\u00fctzung und Weitergabe zu stimulieren. Das Dashboard vereinfacht die <strong>\u00dcberwachung der Compliance<\/strong> und <strong>spart Zeit<\/strong>.  <\/p><h3 class=\"wp-block-heading\"><span class=\"ez-toc-section\" id=\"Operative_Umsetzung_und_bewaehrte_Praktiken\"><\/span>Operative Umsetzung und bew\u00e4hrte Praktiken<span class=\"ez-toc-section-end\"><\/span><\/h3><p>Der Erfolg des Kompetenztransfers h\u00e4ngt von der Regelm\u00e4\u00dfigkeit der Ma\u00dfnahmen ab. Ein gut definierter Rhythmus f\u00fcr Schulungen und gemeinsame Sitzungen optimiert den kollektiven Kompetenzaufbau. Eine klare Definition der Rollen, von HR-Managern bis hin zu Mentoren, schafft eine verantwortungsvolle und wohlwollende Governance.  <\/p><p>Die angebotenen Inhalte m\u00fcssen technisches Know-how, gute Qualit\u00e4tspraktiken im Agrar- und Lebensmittelbereich und das Bewusstsein f\u00fcr die Herausforderungen der <strong>nachhaltigen Entwicklung<\/strong> miteinander verbinden. Die Erweiterung einer zug\u00e4nglichen <strong>Dokumentationsbibliothek<\/strong> st\u00e4rkt das organisatorische Ged\u00e4chtnis. Es ist auch vorteilhaft, Initiativen zur Kooptation durch die Gemeinschaft zu verbinden, um die Bindung von Talenten zu f\u00f6rdern.  <\/p><p>Die Entscheidungstr\u00e4ger im Lebensmittelsektor verf\u00fcgen heute \u00fcber einen umfassenden digitalen Hebel, um diesen Anforderungen gerecht zu werden. Um ihr Kompetenzkapital dauerhaft zu erhalten, m\u00fcssen sie einen strukturierten Prozess einleiten, der von Instrumenten begleitet wird, die auf die Besonderheiten des Sektors zugeschnitten sind. Weitere Informationen \u00fcber das Management von handwerklichem Know-how in der Agrar- und Ern\u00e4hrungswirtschaft finden Sie auf <a href=\"https:\/\/www.alumni.space\/de\/wie-kann-das-einzigartige-know-how-der-industriellen-handwerker-bewahrt-werden\/\">alumni.space<\/a>.  <\/p>","protected":false},"excerpt":{"rendered":"<p>Wichtige Herausforderungen bei der \u00dcbertragung von Kompetenzen in der Agrar-  [&#8230;]<\/p>\n","protected":false},"author":1,"featured_media":5500,"comment_status":"closed","ping_status":"closed","sticky":false,"template":"","format":"standard","meta":{"_ayudawp_aiss_exclude":false,"footnotes":""},"categories":[59],"tags":[],"class_list":["post-5498","post","type-post","status-publish","format-standard","has-post-thumbnail","hentry","category-wissensaustausch"],"yoast_head":"<!-- This site is optimized with the Yoast SEO plugin v27.4 - https:\/\/yoast.com\/product\/yoast-seo-wordpress\/ -->\n<title>Lebensmittel- und Getr\u00e4nkeindustrie: Die Herausforderung des Kompetenztransfers annehmen<\/title>\n<meta name=\"description\" content=\"Der Agrar- und Lebensmittelsektor stellt sich der Herausforderung, Kompetenzen zu \u00fcbertragen, um Innovationen zu erzielen und seine Wettbewerbsf\u00e4higkeit angesichts der aktuellen Herausforderungen zu sichern.\" \/>\n<meta name=\"robots\" content=\"index, follow, max-snippet:-1, max-image-preview:large, max-video-preview:-1\" \/>\n<link rel=\"canonical\" href=\"https:\/\/www.alumni.space\/de\/der-agrar-und-lebensmittelsektor-steht-vor-der-herausforderung-des-transfers-von-kompetenzen\/\" \/>\n<meta property=\"og:locale\" content=\"de_DE\" \/>\n<meta property=\"og:type\" content=\"article\" \/>\n<meta property=\"og:title\" content=\"Lebensmittel- und Getr\u00e4nkeindustrie: Die Herausforderung des Kompetenztransfers annehmen\" \/>\n<meta property=\"og:description\" content=\"Der Agrar- und Lebensmittelsektor stellt sich der Herausforderung, Kompetenzen zu \u00fcbertragen, um Innovationen zu erzielen und seine Wettbewerbsf\u00e4higkeit angesichts der aktuellen Herausforderungen zu sichern.\" \/>\n<meta property=\"og:url\" content=\"https:\/\/www.alumni.space\/de\/der-agrar-und-lebensmittelsektor-steht-vor-der-herausforderung-des-transfers-von-kompetenzen\/\" \/>\n<meta property=\"og:site_name\" content=\"Alumni.space\" \/>\n<meta property=\"article:published_time\" content=\"2025-02-02T17:22:38+00:00\" \/>\n<meta property=\"article:modified_time\" content=\"2026-03-28T10:41:03+00:00\" \/>\n<meta property=\"og:image\" content=\"https:\/\/www.alumni.space\/wp-content\/uploads\/2026\/03\/Le-secteur-agroalimentaire-face-au-defi-du-transfert-des-competences.jpg\" \/>\n\t<meta property=\"og:image:width\" content=\"1280\" \/>\n\t<meta property=\"og:image:height\" content=\"768\" \/>\n\t<meta property=\"og:image:type\" content=\"image\/jpeg\" \/>\n<meta name=\"author\" content=\"admin\" \/>\n<meta name=\"twitter:card\" content=\"summary_large_image\" \/>\n<meta name=\"twitter:label1\" content=\"Verfasst von\" \/>\n\t<meta name=\"twitter:data1\" content=\"admin\" \/>\n\t<meta name=\"twitter:label2\" content=\"Gesch\u00e4tzte Lesezeit\" \/>\n\t<meta name=\"twitter:data2\" content=\"3\u00a0Minuten\" \/>\n<script type=\"application\/ld+json\" class=\"yoast-schema-graph\">{\"@context\":\"https:\\\/\\\/schema.org\",\"@graph\":[{\"@type\":\"Article\",\"@id\":\"https:\\\/\\\/www.alumni.space\\\/de\\\/der-agrar-und-lebensmittelsektor-steht-vor-der-herausforderung-des-transfers-von-kompetenzen\\\/#article\",\"isPartOf\":{\"@id\":\"https:\\\/\\\/www.alumni.space\\\/de\\\/der-agrar-und-lebensmittelsektor-steht-vor-der-herausforderung-des-transfers-von-kompetenzen\\\/\"},\"author\":{\"name\":\"admin\",\"@id\":\"https:\\\/\\\/www.alumni.space\\\/de\\\/#\\\/schema\\\/person\\\/fede362a57876edda476a61f05ce5b15\"},\"headline\":\"Der Agrar- und Lebensmittelsektor steht vor der Herausforderung des Transfers von Kompetenzen\",\"datePublished\":\"2025-02-02T17:22:38+00:00\",\"dateModified\":\"2026-03-28T10:41:03+00:00\",\"mainEntityOfPage\":{\"@id\":\"https:\\\/\\\/www.alumni.space\\\/de\\\/der-agrar-und-lebensmittelsektor-steht-vor-der-herausforderung-des-transfers-von-kompetenzen\\\/\"},\"wordCount\":572,\"image\":{\"@id\":\"https:\\\/\\\/www.alumni.space\\\/de\\\/der-agrar-und-lebensmittelsektor-steht-vor-der-herausforderung-des-transfers-von-kompetenzen\\\/#primaryimage\"},\"thumbnailUrl\":\"https:\\\/\\\/www.alumni.space\\\/wp-content\\\/uploads\\\/2026\\\/03\\\/Le-secteur-agroalimentaire-face-au-defi-du-transfert-des-competences.jpg\",\"articleSection\":[\"Wissensaustausch\"],\"inLanguage\":\"de\"},{\"@type\":\"WebPage\",\"@id\":\"https:\\\/\\\/www.alumni.space\\\/de\\\/der-agrar-und-lebensmittelsektor-steht-vor-der-herausforderung-des-transfers-von-kompetenzen\\\/\",\"url\":\"https:\\\/\\\/www.alumni.space\\\/de\\\/der-agrar-und-lebensmittelsektor-steht-vor-der-herausforderung-des-transfers-von-kompetenzen\\\/\",\"name\":\"Lebensmittel- und Getr\u00e4nkeindustrie: Die Herausforderung des Kompetenztransfers annehmen\",\"isPartOf\":{\"@id\":\"https:\\\/\\\/www.alumni.space\\\/de\\\/#website\"},\"primaryImageOfPage\":{\"@id\":\"https:\\\/\\\/www.alumni.space\\\/de\\\/der-agrar-und-lebensmittelsektor-steht-vor-der-herausforderung-des-transfers-von-kompetenzen\\\/#primaryimage\"},\"image\":{\"@id\":\"https:\\\/\\\/www.alumni.space\\\/de\\\/der-agrar-und-lebensmittelsektor-steht-vor-der-herausforderung-des-transfers-von-kompetenzen\\\/#primaryimage\"},\"thumbnailUrl\":\"https:\\\/\\\/www.alumni.space\\\/wp-content\\\/uploads\\\/2026\\\/03\\\/Le-secteur-agroalimentaire-face-au-defi-du-transfert-des-competences.jpg\",\"datePublished\":\"2025-02-02T17:22:38+00:00\",\"dateModified\":\"2026-03-28T10:41:03+00:00\",\"author\":{\"@id\":\"https:\\\/\\\/www.alumni.space\\\/de\\\/#\\\/schema\\\/person\\\/fede362a57876edda476a61f05ce5b15\"},\"description\":\"Der Agrar- und Lebensmittelsektor stellt sich der Herausforderung, Kompetenzen zu \u00fcbertragen, um Innovationen zu erzielen und seine Wettbewerbsf\u00e4higkeit angesichts der aktuellen Herausforderungen zu sichern.\",\"breadcrumb\":{\"@id\":\"https:\\\/\\\/www.alumni.space\\\/de\\\/der-agrar-und-lebensmittelsektor-steht-vor-der-herausforderung-des-transfers-von-kompetenzen\\\/#breadcrumb\"},\"inLanguage\":\"de\",\"potentialAction\":[{\"@type\":\"ReadAction\",\"target\":[\"https:\\\/\\\/www.alumni.space\\\/de\\\/der-agrar-und-lebensmittelsektor-steht-vor-der-herausforderung-des-transfers-von-kompetenzen\\\/\"]}]},{\"@type\":\"ImageObject\",\"inLanguage\":\"de\",\"@id\":\"https:\\\/\\\/www.alumni.space\\\/de\\\/der-agrar-und-lebensmittelsektor-steht-vor-der-herausforderung-des-transfers-von-kompetenzen\\\/#primaryimage\",\"url\":\"https:\\\/\\\/www.alumni.space\\\/wp-content\\\/uploads\\\/2026\\\/03\\\/Le-secteur-agroalimentaire-face-au-defi-du-transfert-des-competences.jpg\",\"contentUrl\":\"https:\\\/\\\/www.alumni.space\\\/wp-content\\\/uploads\\\/2026\\\/03\\\/Le-secteur-agroalimentaire-face-au-defi-du-transfert-des-competences.jpg\",\"width\":1280,\"height\":768,\"caption\":\"Erfahren Sie, wie die Lebensmittel- und Getr\u00e4nkeindustrie die entscheidende Herausforderung der \u00dcbertragung von Kompetenzen angeht, um Innovation und Wettbewerbsf\u00e4higkeit zu gew\u00e4hrleisten.\"},{\"@type\":\"BreadcrumbList\",\"@id\":\"https:\\\/\\\/www.alumni.space\\\/de\\\/der-agrar-und-lebensmittelsektor-steht-vor-der-herausforderung-des-transfers-von-kompetenzen\\\/#breadcrumb\",\"itemListElement\":[{\"@type\":\"ListItem\",\"position\":1,\"name\":\"Home\",\"item\":\"https:\\\/\\\/www.alumni.space\\\/de\\\/plattform-fuer-die-verwaltung-von-mentoring-und-unternehmensalumni\\\/\"},{\"@type\":\"ListItem\",\"position\":2,\"name\":\"Der Agrar- und Lebensmittelsektor steht vor der Herausforderung des Transfers von Kompetenzen\"}]},{\"@type\":\"WebSite\",\"@id\":\"https:\\\/\\\/www.alumni.space\\\/de\\\/#website\",\"url\":\"https:\\\/\\\/www.alumni.space\\\/de\\\/\",\"name\":\"Alumni.space\",\"description\":\"My WordPress Blog\",\"potentialAction\":[{\"@type\":\"SearchAction\",\"target\":{\"@type\":\"EntryPoint\",\"urlTemplate\":\"https:\\\/\\\/www.alumni.space\\\/de\\\/?s={search_term_string}\"},\"query-input\":{\"@type\":\"PropertyValueSpecification\",\"valueRequired\":true,\"valueName\":\"search_term_string\"}}],\"inLanguage\":\"de\"},{\"@type\":\"Person\",\"@id\":\"https:\\\/\\\/www.alumni.space\\\/de\\\/#\\\/schema\\\/person\\\/fede362a57876edda476a61f05ce5b15\",\"name\":\"admin\",\"image\":{\"@type\":\"ImageObject\",\"inLanguage\":\"de\",\"@id\":\"https:\\\/\\\/secure.gravatar.com\\\/avatar\\\/318e234ae94f90d4d629428d6b983c08e31181c28f579e08a021180d759ea651?s=96&d=mm&r=g\",\"url\":\"https:\\\/\\\/secure.gravatar.com\\\/avatar\\\/318e234ae94f90d4d629428d6b983c08e31181c28f579e08a021180d759ea651?s=96&d=mm&r=g\",\"contentUrl\":\"https:\\\/\\\/secure.gravatar.com\\\/avatar\\\/318e234ae94f90d4d629428d6b983c08e31181c28f579e08a021180d759ea651?s=96&d=mm&r=g\",\"caption\":\"admin\"},\"description\":\"Nicolas Laustriat a construit sa sp\u00e9cialit\u00e9 sur un sujet que beaucoup d\u2019organisations d\u00e9couvrent trop tard : ce qui dispara\u00eet quand les gens partent. Dipl\u00f4m\u00e9 en conception de produit industriel, il bifurque vers le digital fin 1996, il couvre les transformations marques, RH, la fid\u00e9lisation, la marque employeur. Sur le terrain, il rep\u00e8re un angle mort r\u00e9current : l\u2019entreprise investit dans le recrutement, la formation, les process\u2026 puis laisse filer le lien au moment du d\u00e9part, avec une perte de savoir et d\u2019influence qui se paie en silence. Il se sp\u00e9cialise alors sur les communaut\u00e9s d\u2019alumni, le mentorat, l\u2019entraide interg\u00e9n\u00e9rationnelle et la transmission d\u2019expertise. Il passe du \u201cconstat\u201d aux m\u00e9thodes : animation, gouvernance, segmentation, rituels, mesure d\u2019engagement, articulation avec la RSE et l\u2019employabilit\u00e9. Il interviewe DRH, responsables formation, directions d\u2019\u00e9coles, associations et fondations, avec une obsession : transformer un r\u00e9seau dormant en m\u00e9canisme utile (cooptation, mentorat, job board, entraide, \u00e9v\u00e9nements, contenus). Son style : direct, orient\u00e9 action, sans folklore. Sa conviction : une communaut\u00e9 n\u2019a pas besoin de bruit, elle a besoin de raisons de revenir.\",\"sameAs\":[\"https:\\\/\\\/www.alumni.space\"]}]}<\/script>\n<!-- \/ Yoast SEO plugin. -->","yoast_head_json":{"title":"Lebensmittel- und Getr\u00e4nkeindustrie: Die Herausforderung des Kompetenztransfers annehmen","description":"Der Agrar- und Lebensmittelsektor stellt sich der Herausforderung, Kompetenzen zu \u00fcbertragen, um Innovationen zu erzielen und seine Wettbewerbsf\u00e4higkeit angesichts der aktuellen Herausforderungen zu sichern.","robots":{"index":"index","follow":"follow","max-snippet":"max-snippet:-1","max-image-preview":"max-image-preview:large","max-video-preview":"max-video-preview:-1"},"canonical":"https:\/\/www.alumni.space\/de\/der-agrar-und-lebensmittelsektor-steht-vor-der-herausforderung-des-transfers-von-kompetenzen\/","og_locale":"de_DE","og_type":"article","og_title":"Lebensmittel- und Getr\u00e4nkeindustrie: Die Herausforderung des Kompetenztransfers annehmen","og_description":"Der Agrar- und Lebensmittelsektor stellt sich der Herausforderung, Kompetenzen zu \u00fcbertragen, um Innovationen zu erzielen und seine Wettbewerbsf\u00e4higkeit angesichts der aktuellen Herausforderungen zu sichern.","og_url":"https:\/\/www.alumni.space\/de\/der-agrar-und-lebensmittelsektor-steht-vor-der-herausforderung-des-transfers-von-kompetenzen\/","og_site_name":"Alumni.space","article_published_time":"2025-02-02T17:22:38+00:00","article_modified_time":"2026-03-28T10:41:03+00:00","og_image":[{"width":1280,"height":768,"url":"https:\/\/www.alumni.space\/wp-content\/uploads\/2026\/03\/Le-secteur-agroalimentaire-face-au-defi-du-transfert-des-competences.jpg","type":"image\/jpeg"}],"author":"admin","twitter_card":"summary_large_image","twitter_misc":{"Verfasst von":"admin","Gesch\u00e4tzte Lesezeit":"3\u00a0Minuten"},"schema":{"@context":"https:\/\/schema.org","@graph":[{"@type":"Article","@id":"https:\/\/www.alumni.space\/de\/der-agrar-und-lebensmittelsektor-steht-vor-der-herausforderung-des-transfers-von-kompetenzen\/#article","isPartOf":{"@id":"https:\/\/www.alumni.space\/de\/der-agrar-und-lebensmittelsektor-steht-vor-der-herausforderung-des-transfers-von-kompetenzen\/"},"author":{"name":"admin","@id":"https:\/\/www.alumni.space\/de\/#\/schema\/person\/fede362a57876edda476a61f05ce5b15"},"headline":"Der Agrar- und Lebensmittelsektor steht vor der Herausforderung des Transfers von Kompetenzen","datePublished":"2025-02-02T17:22:38+00:00","dateModified":"2026-03-28T10:41:03+00:00","mainEntityOfPage":{"@id":"https:\/\/www.alumni.space\/de\/der-agrar-und-lebensmittelsektor-steht-vor-der-herausforderung-des-transfers-von-kompetenzen\/"},"wordCount":572,"image":{"@id":"https:\/\/www.alumni.space\/de\/der-agrar-und-lebensmittelsektor-steht-vor-der-herausforderung-des-transfers-von-kompetenzen\/#primaryimage"},"thumbnailUrl":"https:\/\/www.alumni.space\/wp-content\/uploads\/2026\/03\/Le-secteur-agroalimentaire-face-au-defi-du-transfert-des-competences.jpg","articleSection":["Wissensaustausch"],"inLanguage":"de"},{"@type":"WebPage","@id":"https:\/\/www.alumni.space\/de\/der-agrar-und-lebensmittelsektor-steht-vor-der-herausforderung-des-transfers-von-kompetenzen\/","url":"https:\/\/www.alumni.space\/de\/der-agrar-und-lebensmittelsektor-steht-vor-der-herausforderung-des-transfers-von-kompetenzen\/","name":"Lebensmittel- und Getr\u00e4nkeindustrie: Die Herausforderung des Kompetenztransfers annehmen","isPartOf":{"@id":"https:\/\/www.alumni.space\/de\/#website"},"primaryImageOfPage":{"@id":"https:\/\/www.alumni.space\/de\/der-agrar-und-lebensmittelsektor-steht-vor-der-herausforderung-des-transfers-von-kompetenzen\/#primaryimage"},"image":{"@id":"https:\/\/www.alumni.space\/de\/der-agrar-und-lebensmittelsektor-steht-vor-der-herausforderung-des-transfers-von-kompetenzen\/#primaryimage"},"thumbnailUrl":"https:\/\/www.alumni.space\/wp-content\/uploads\/2026\/03\/Le-secteur-agroalimentaire-face-au-defi-du-transfert-des-competences.jpg","datePublished":"2025-02-02T17:22:38+00:00","dateModified":"2026-03-28T10:41:03+00:00","author":{"@id":"https:\/\/www.alumni.space\/de\/#\/schema\/person\/fede362a57876edda476a61f05ce5b15"},"description":"Der Agrar- und Lebensmittelsektor stellt sich der Herausforderung, Kompetenzen zu \u00fcbertragen, um Innovationen zu erzielen und seine Wettbewerbsf\u00e4higkeit angesichts der aktuellen Herausforderungen zu sichern.","breadcrumb":{"@id":"https:\/\/www.alumni.space\/de\/der-agrar-und-lebensmittelsektor-steht-vor-der-herausforderung-des-transfers-von-kompetenzen\/#breadcrumb"},"inLanguage":"de","potentialAction":[{"@type":"ReadAction","target":["https:\/\/www.alumni.space\/de\/der-agrar-und-lebensmittelsektor-steht-vor-der-herausforderung-des-transfers-von-kompetenzen\/"]}]},{"@type":"ImageObject","inLanguage":"de","@id":"https:\/\/www.alumni.space\/de\/der-agrar-und-lebensmittelsektor-steht-vor-der-herausforderung-des-transfers-von-kompetenzen\/#primaryimage","url":"https:\/\/www.alumni.space\/wp-content\/uploads\/2026\/03\/Le-secteur-agroalimentaire-face-au-defi-du-transfert-des-competences.jpg","contentUrl":"https:\/\/www.alumni.space\/wp-content\/uploads\/2026\/03\/Le-secteur-agroalimentaire-face-au-defi-du-transfert-des-competences.jpg","width":1280,"height":768,"caption":"Erfahren Sie, wie die Lebensmittel- und Getr\u00e4nkeindustrie die entscheidende Herausforderung der \u00dcbertragung von Kompetenzen angeht, um Innovation und Wettbewerbsf\u00e4higkeit zu gew\u00e4hrleisten."},{"@type":"BreadcrumbList","@id":"https:\/\/www.alumni.space\/de\/der-agrar-und-lebensmittelsektor-steht-vor-der-herausforderung-des-transfers-von-kompetenzen\/#breadcrumb","itemListElement":[{"@type":"ListItem","position":1,"name":"Home","item":"https:\/\/www.alumni.space\/de\/plattform-fuer-die-verwaltung-von-mentoring-und-unternehmensalumni\/"},{"@type":"ListItem","position":2,"name":"Der Agrar- und Lebensmittelsektor steht vor der Herausforderung des Transfers von Kompetenzen"}]},{"@type":"WebSite","@id":"https:\/\/www.alumni.space\/de\/#website","url":"https:\/\/www.alumni.space\/de\/","name":"Alumni.space","description":"My WordPress Blog","potentialAction":[{"@type":"SearchAction","target":{"@type":"EntryPoint","urlTemplate":"https:\/\/www.alumni.space\/de\/?s={search_term_string}"},"query-input":{"@type":"PropertyValueSpecification","valueRequired":true,"valueName":"search_term_string"}}],"inLanguage":"de"},{"@type":"Person","@id":"https:\/\/www.alumni.space\/de\/#\/schema\/person\/fede362a57876edda476a61f05ce5b15","name":"admin","image":{"@type":"ImageObject","inLanguage":"de","@id":"https:\/\/secure.gravatar.com\/avatar\/318e234ae94f90d4d629428d6b983c08e31181c28f579e08a021180d759ea651?s=96&d=mm&r=g","url":"https:\/\/secure.gravatar.com\/avatar\/318e234ae94f90d4d629428d6b983c08e31181c28f579e08a021180d759ea651?s=96&d=mm&r=g","contentUrl":"https:\/\/secure.gravatar.com\/avatar\/318e234ae94f90d4d629428d6b983c08e31181c28f579e08a021180d759ea651?s=96&d=mm&r=g","caption":"admin"},"description":"Nicolas Laustriat a construit sa sp\u00e9cialit\u00e9 sur un sujet que beaucoup d\u2019organisations d\u00e9couvrent trop tard : ce qui dispara\u00eet quand les gens partent. Dipl\u00f4m\u00e9 en conception de produit industriel, il bifurque vers le digital fin 1996, il couvre les transformations marques, RH, la fid\u00e9lisation, la marque employeur. Sur le terrain, il rep\u00e8re un angle mort r\u00e9current : l\u2019entreprise investit dans le recrutement, la formation, les process\u2026 puis laisse filer le lien au moment du d\u00e9part, avec une perte de savoir et d\u2019influence qui se paie en silence. Il se sp\u00e9cialise alors sur les communaut\u00e9s d\u2019alumni, le mentorat, l\u2019entraide interg\u00e9n\u00e9rationnelle et la transmission d\u2019expertise. Il passe du \u201cconstat\u201d aux m\u00e9thodes : animation, gouvernance, segmentation, rituels, mesure d\u2019engagement, articulation avec la RSE et l\u2019employabilit\u00e9. Il interviewe DRH, responsables formation, directions d\u2019\u00e9coles, associations et fondations, avec une obsession : transformer un r\u00e9seau dormant en m\u00e9canisme utile (cooptation, mentorat, job board, entraide, \u00e9v\u00e9nements, contenus). Son style : direct, orient\u00e9 action, sans folklore. Sa conviction : une communaut\u00e9 n\u2019a pas besoin de bruit, elle a besoin de raisons de revenir.","sameAs":["https:\/\/www.alumni.space"]}]}},"_links":{"self":[{"href":"https:\/\/www.alumni.space\/de\/wp-json\/wp\/v2\/posts\/5498","targetHints":{"allow":["GET"]}}],"collection":[{"href":"https:\/\/www.alumni.space\/de\/wp-json\/wp\/v2\/posts"}],"about":[{"href":"https:\/\/www.alumni.space\/de\/wp-json\/wp\/v2\/types\/post"}],"author":[{"embeddable":true,"href":"https:\/\/www.alumni.space\/de\/wp-json\/wp\/v2\/users\/1"}],"replies":[{"embeddable":true,"href":"https:\/\/www.alumni.space\/de\/wp-json\/wp\/v2\/comments?post=5498"}],"version-history":[{"count":1,"href":"https:\/\/www.alumni.space\/de\/wp-json\/wp\/v2\/posts\/5498\/revisions"}],"predecessor-version":[{"id":5502,"href":"https:\/\/www.alumni.space\/de\/wp-json\/wp\/v2\/posts\/5498\/revisions\/5502"}],"wp:featuredmedia":[{"embeddable":true,"href":"https:\/\/www.alumni.space\/de\/wp-json\/wp\/v2\/media\/5500"}],"wp:attachment":[{"href":"https:\/\/www.alumni.space\/de\/wp-json\/wp\/v2\/media?parent=5498"}],"wp:term":[{"taxonomy":"category","embeddable":true,"href":"https:\/\/www.alumni.space\/de\/wp-json\/wp\/v2\/categories?post=5498"},{"taxonomy":"post_tag","embeddable":true,"href":"https:\/\/www.alumni.space\/de\/wp-json\/wp\/v2\/tags?post=5498"}],"curies":[{"name":"wp","href":"https:\/\/api.w.org\/{rel}","templated":true}]}}