{"id":5450,"date":"2026-03-07T23:24:32","date_gmt":"2026-03-07T23:24:32","guid":{"rendered":"https:\/\/www.alumni.space\/alumni-und-business-development-eine-erfolgreiche-kombination\/"},"modified":"2026-03-28T10:40:48","modified_gmt":"2026-03-28T10:40:48","slug":"alumni-und-business-development-eine-erfolgreiche-kombination","status":"publish","type":"post","link":"https:\/\/www.alumni.space\/de\/alumni-und-business-development-eine-erfolgreiche-kombination\/","title":{"rendered":"Alumni und Business Development: eine erfolgreiche Kombination"},"content":{"rendered":"<p><strong>Alumni<\/strong> und <strong>Gesch\u00e4ftsentwicklung<\/strong>: Eine Kombination zur Schaffung von <strong>Gesch\u00e4ftsm\u00f6glichkeiten<\/strong> und <strong>Wachstum<\/strong> durch strukturiertes Networking. Pr\u00e4sentation eines operativen Ansatzes f\u00fcr Entscheidungstr\u00e4ger mit messbaren Vorteilen bei der Integration, Kooptation und Loyalit\u00e4t. <\/p><p>Quick Brief: Behalten Sie Ihr Erfahrungskapital, aktivieren Sie das Netzwerk, um qualifizierte Leads zu generieren, und professionalisieren Sie das <strong>Mentoring<\/strong>, um einen Einfluss auf HR und CSR zu haben.<\/p><div id=\"ez-toc-container\" class=\"ez-toc-v2_0_82_2 counter-flat ez-toc-counter ez-toc-grey ez-toc-container-direction\">\n<div class=\"ez-toc-title-container\"><p class=\"ez-toc-title\" style=\"cursor:inherit\">Inhalt dieses Artikels:<\/p>\n<\/div><nav><ul class='ez-toc-list ez-toc-list-level-1 ' ><li class='ez-toc-page-1'><a class=\"ez-toc-link ez-toc-heading-1\" href=\"https:\/\/www.alumni.space\/de\/alumni-und-business-development-eine-erfolgreiche-kombination\/#Alumni_und_Business_Development_Hebel_fuer_kommerzielles_Wachstum\" >Alumni und Business Development: Hebel f\u00fcr kommerzielles Wachstum<\/a><\/li><li class='ez-toc-page-1'><a class=\"ez-toc-link ez-toc-heading-2\" href=\"https:\/\/www.alumni.space\/de\/alumni-und-business-development-eine-erfolgreiche-kombination\/#Methode_zur_Integration_von_Alumni_in_die_Geschaeftsentwicklung\" >Methode zur Integration von Alumni in die Gesch\u00e4ftsentwicklung<\/a><\/li><li class='ez-toc-page-1'><a class=\"ez-toc-link ez-toc-heading-3\" href=\"https:\/\/www.alumni.space\/de\/alumni-und-business-development-eine-erfolgreiche-kombination\/#Animation_des_Alumni-Netzwerks_fuer_Employer_Branding_und_Arbeitsbeziehungen\" >Animation des Alumni-Netzwerks f\u00fcr Employer Branding und Arbeitsbeziehungen<\/a><\/li><li class='ez-toc-page-1'><a class=\"ez-toc-link ez-toc-heading-4\" href=\"https:\/\/www.alumni.space\/de\/alumni-und-business-development-eine-erfolgreiche-kombination\/#Praktische_Umsetzung_Governance_Indikatoren_und_Rituale_fuer_Entscheidungstraeger\" >Praktische Umsetzung: Governance, Indikatoren und Rituale f\u00fcr Entscheidungstr\u00e4ger<\/a><\/li><li class='ez-toc-page-1'><a class=\"ez-toc-link ez-toc-heading-5\" href=\"https:\/\/www.alumni.space\/de\/alumni-und-business-development-eine-erfolgreiche-kombination\/#Anwendungsfall_Kommerzielle_Aktivierung_durch_ein_Alumni-Netzwerk\" >Anwendungsfall: Kommerzielle Aktivierung durch ein Alumni-Netzwerk<\/a><\/li><\/ul><\/nav><\/div>\n<h2 class=\"wp-block-heading\"><span class=\"ez-toc-section\" id=\"Alumni_und_Business_Development_Hebel_fuer_kommerzielles_Wachstum\"><\/span>Alumni und Business Development: Hebel f\u00fcr kommerzielles <strong>Wachstum<\/strong> <span class=\"ez-toc-section-end\"><\/span><\/h2><p>Hintergrund: Konkurrierende M\u00e4rkte, hohe Fluktuation und interne Silos f\u00fchren zu einem allm\u00e4hlichen Verlust von Wissen. Finanzielle Folgen: verlorene Zeit, nicht genutzte Chancen, schlechteres Arbeitgeberimage. <\/p><p>F\u00fcr einen Gesch\u00e4ftsleiter stellt die Mobilisierung von Alumni einen gebrauchsfertigen <strong>Networking-Kanal<\/strong> dar, der die Pipeline durch Empfehlungen und Partnerschaften erweitern kann. Endg\u00fcltige Einsicht: Aktivierung des Alumni-Netzwerks verwandelt diffuse Kontakte in <strong>Gesch\u00e4ftschancen<\/strong>. <\/p><h3 class=\"wp-block-heading\"><span class=\"ez-toc-section\" id=\"Methode_zur_Integration_von_Alumni_in_die_Geschaeftsentwicklung\"><\/span>Methode zur Integration von Alumni in die <strong>Gesch\u00e4ftsentwicklung<\/strong><span class=\"ez-toc-section-end\"><\/span><\/h3><p>Identifizierung relevanter Profile, Segmentierung nach Kompetenzen und bisheriger Zusammenarbeit, Einrichtung eines marktorientierten Mentor-Mentee-Pfades. Empfohlene Rituale: Regelm\u00e4\u00dfige Pitching-Sitzungen, gemeinsame Angebotspools, Nachverfolgung von Referrals. <\/p><p>Industrialisierung \u00fcber eine Plattform Vermeidung von Tabellenkalkulationen und verteilten Tools; Profiling, <strong>Mentoring<\/strong>, Job Board und R\u00fcckverfolgbarkeit von Interaktionen zentralisiert. Endg\u00fcltige Einsicht: Formalisierung des Prozesses reduziert die Time-to-hire und erh\u00f6ht die Kooptationsrate. <\/p><figure class=\"wp-block-image size-full\"><img decoding=\"async\" width=\"1344\" height=\"768\" src=\"https:\/\/www.alumni.space\/wp-content\/uploads\/2026\/03\/Alumni-et-business-development-une-combinaison-gagnante-1.jpg\" data-orig-src=\"https:\/\/www.alumni.space\/wp-content\/uploads\/2026\/03\/Alumni-et-business-development-une-combinaison-gagnante-1.jpg\" alt=\"Entdecken Sie, wie die Verbindung zwischen Alumni und Business Development eine effektive Synergie schafft, um das Wachstum und die beruflichen Chancen zu steigern.\" class=\"lazyload wp-image-3375\" srcset=\"data:image\/svg+xml,%3Csvg%20xmlns%3D%27http%3A%2F%2Fwww.w3.org%2F2000%2Fsvg%27%20width%3D%271344%27%20height%3D%27768%27%20viewBox%3D%270%200%201344%20768%27%3E%3Crect%20width%3D%271344%27%20height%3D%27768%27%20fill-opacity%3D%220%22%2F%3E%3C%2Fsvg%3E\" data-srcset=\"https:\/\/www.alumni.space\/wp-content\/uploads\/2026\/03\/Alumni-et-business-development-une-combinaison-gagnante-1-200x114.jpg 200w, https:\/\/www.alumni.space\/wp-content\/uploads\/2026\/03\/Alumni-et-business-development-une-combinaison-gagnante-1-300x171.jpg 300w, https:\/\/www.alumni.space\/wp-content\/uploads\/2026\/03\/Alumni-et-business-development-une-combinaison-gagnante-1-400x229.jpg 400w, https:\/\/www.alumni.space\/wp-content\/uploads\/2026\/03\/Alumni-et-business-development-une-combinaison-gagnante-1-600x343.jpg 600w, https:\/\/www.alumni.space\/wp-content\/uploads\/2026\/03\/Alumni-et-business-development-une-combinaison-gagnante-1-768x439.jpg 768w, https:\/\/www.alumni.space\/wp-content\/uploads\/2026\/03\/Alumni-et-business-development-une-combinaison-gagnante-1-800x457.jpg 800w, https:\/\/www.alumni.space\/wp-content\/uploads\/2026\/03\/Alumni-et-business-development-une-combinaison-gagnante-1-1024x585.jpg 1024w, https:\/\/www.alumni.space\/wp-content\/uploads\/2026\/03\/Alumni-et-business-development-une-combinaison-gagnante-1-1200x686.jpg 1200w, https:\/\/www.alumni.space\/wp-content\/uploads\/2026\/03\/Alumni-et-business-development-une-combinaison-gagnante-1.jpg 1344w\" data-sizes=\"auto\" data-orig-sizes=\"(max-width: 1344px) 100vw, 1344px\" \/><\/figure><h2 class=\"wp-block-heading\"><span class=\"ez-toc-section\" id=\"Animation_des_Alumni-Netzwerks_fuer_Employer_Branding_und_Arbeitsbeziehungen\"><\/span>Animation des Alumni-Netzwerks f\u00fcr Employer Branding und <strong>Arbeitsbeziehungen<\/strong><span class=\"ez-toc-section-end\"><\/span><\/h2><p>Neu gestaltete CSR-Politik: Verl\u00e4ngerung der organisatorischen Verantwortung \u00fcber den Vertrag hinaus durch Weitergabe von Kompetenzen, intergenerationelle Integration, Unterst\u00fctzung der Besch\u00e4ftigungsf\u00e4higkeit und ehrenamtliches Engagement. Sichtbares Ergebnis: Die Kapitalisierung von Erfahrungen verhindert die Verschwendung von Know-how und st\u00e4rkt das Image des Arbeitgebers. <\/p><p>Im Bereich der Arbeitgebermarke f\u00fchrt ein lebendiges Netzwerk zu glaubw\u00fcrdigen Zeugnissen, einem reibungsloseren Onboarding und transparenteren Karrierewegen. Letztendliche Erkenntnis: Ein gut gef\u00fchrtes Alumni-Programm wird zu einem Argument f\u00fcr die Attraktivit\u00e4t und zu einem Instrument f\u00fcr die Bindung von Mitarbeitern. <\/p><p>Sie sind eine Personalabteilung, eine Schule, ein Verein oder eine Stiftung? <strong>Unsere L\u00f6sung<\/strong> zentralisiert Profile, Veranstaltungen, Angebote und Mentoring, um die Zusammenarbeit und Partnerschaften zu f\u00f6rdern.<\/p><p>N\u00fctzliche Ressource: <a href=\"https:\/\/www.alumni.space\/de\/wie-sie-alumni-in-ihre-unternehmensveranstaltungen-einbeziehen-koennen\/\">Einbeziehung von Alumni bei Veranstaltungen<\/a>, um die Verbindung zu den Teams vor Ort zu beschleunigen.<\/p><h3 class=\"wp-block-heading\"><span class=\"ez-toc-section\" id=\"Praktische_Umsetzung_Governance_Indikatoren_und_Rituale_fuer_Entscheidungstraeger\"><\/span>Praktische Umsetzung: Governance, Indikatoren und Rituale f\u00fcr Entscheidungstr\u00e4ger<span class=\"ez-toc-section-end\"><\/span><\/h3><p>Einfache Governance: engagierter Pilot, strategisches Alumni-Komitee, lokale Chapter, die f\u00fcr die Animation verantwortlich sind. Operativer Rhythmus: viertelj\u00e4hrlicher Veranstaltungskalender, monatliche Mentoring-Sitzungen, viertelj\u00e4hrliche Berichte \u00fcber die Teilnahme. <\/p><p>Priorit\u00e4re KPIs: Adoptionsrate, geleistete Mentoring-Stunden, Anzahl der Referrals, die in Einstellungen umgewandelt werden, Auswirkungen auf den Abgang. Eine SaaS-Plattform zur Industrialisierung verhindert die Streuung der Tools und erleichtert die Steuerung. Endg\u00fcltige Einsicht: Die Messung der Auswirkungen macht die Initiative zu einem Hebel f\u00fcr das Budget.  <\/p><h2 class=\"wp-block-heading\"><span class=\"ez-toc-section\" id=\"Anwendungsfall_Kommerzielle_Aktivierung_durch_ein_Alumni-Netzwerk\"><\/span>Anwendungsfall: Kommerzielle Aktivierung durch ein Alumni-Netzwerk<span class=\"ez-toc-section-end\"><\/span><\/h2><p>Fiktives Unternehmen Novalys, ein mittelst\u00e4ndisches Tech-Unternehmen, das mit einer beschleunigten Rekrutierung und wenig qualifizierten Leads konfrontiert ist. Einrichtung eines Alumni-Clubs, Matching-Sitzungen f\u00fcr Experten und Kunden und Integration eines internen Job Boards. <\/p><p>Beobachtete Ergebnisse: mehr Empfehlungen, Leads von ehemaligen Mitarbeitern, Entstehung von <strong>Partnerschaften<\/strong> und gemeinsamen<strong>Innovationsprojekten<\/strong>. Endg\u00fcltige Einsicht: Eine einfache Governance f\u00fchrt zu schnellen Ergebnissen bei der Akquise und Einstellung von Mitarbeitern. <\/p><p>Zus\u00e4tzliche Ressource: <a href=\"https:\/\/www.alumni.space\/de\/ein-alumni-netzwerk-leiten-fehler-die-sie-vermeiden-sollten\/\">Animieren Sie Ihr Alumni-Netzwerk<\/a>, um Engagement in Gesch\u00e4ftswert umzuwandeln.<\/p><p><strong>Empfohlene Aktivierung in dieser Woche<\/strong>: Definieren Sie einen Pilot, listen Sie 50 vorrangige Alumni auf, planen Sie eine Matchmaking-Veranstaltung und konfigurieren Sie die ersten KPIs f\u00fcr die \u00dcberwachung.<\/p><p><strong>Fordern Sie eine Demo an<\/strong><\/p>","protected":false},"excerpt":{"rendered":"<p>Alumni und Gesch\u00e4ftsentwicklung: Eine Kombination zur Schaffung von Gesch\u00e4ftsm\u00f6glichkeiten und  [&#8230;]<\/p>\n","protected":false},"author":1,"featured_media":5452,"comment_status":"closed","ping_status":"closed","sticky":false,"template":"","format":"standard","meta":{"_ayudawp_aiss_exclude":false,"footnotes":""},"categories":[57],"tags":[],"class_list":["post-5450","post","type-post","status-publish","format-standard","has-post-thumbnail","hentry","category-alumni"],"yoast_head":"<!-- This site is optimized with the Yoast SEO plugin v27.4 - https:\/\/yoast.com\/product\/yoast-seo-wordpress\/ -->\n<title>Alumni und Business Development: ein erfolgreiches Duo<\/title>\n<meta name=\"description\" content=\"Erfahren Sie, wie Alumni die Gesch\u00e4ftsentwicklung ankurbeln und einzigartige M\u00f6glichkeiten f\u00fcr ein erfolgreiches und nachhaltiges Wachstum schaffen.\" \/>\n<meta name=\"robots\" content=\"index, follow, max-snippet:-1, max-image-preview:large, max-video-preview:-1\" \/>\n<link rel=\"canonical\" href=\"https:\/\/www.alumni.space\/de\/alumni-und-business-development-eine-erfolgreiche-kombination\/\" \/>\n<meta property=\"og:locale\" content=\"de_DE\" \/>\n<meta property=\"og:type\" content=\"article\" \/>\n<meta property=\"og:title\" content=\"Alumni und Business Development: ein erfolgreiches Duo\" \/>\n<meta property=\"og:description\" content=\"Erfahren Sie, wie Alumni die Gesch\u00e4ftsentwicklung ankurbeln und einzigartige M\u00f6glichkeiten f\u00fcr ein erfolgreiches und nachhaltiges Wachstum schaffen.\" \/>\n<meta property=\"og:url\" content=\"https:\/\/www.alumni.space\/de\/alumni-und-business-development-eine-erfolgreiche-kombination\/\" \/>\n<meta property=\"og:site_name\" content=\"Alumni.space\" \/>\n<meta property=\"article:published_time\" content=\"2026-03-07T23:24:32+00:00\" \/>\n<meta property=\"article:modified_time\" content=\"2026-03-28T10:40:48+00:00\" \/>\n<meta property=\"og:image\" content=\"https:\/\/www.alumni.space\/wp-content\/uploads\/2026\/03\/Alumni-et-business-development-une-combinaison-gagnante.jpg\" \/>\n\t<meta property=\"og:image:width\" content=\"1344\" \/>\n\t<meta property=\"og:image:height\" content=\"768\" \/>\n\t<meta property=\"og:image:type\" content=\"image\/jpeg\" \/>\n<meta name=\"author\" content=\"admin\" \/>\n<meta name=\"twitter:card\" content=\"summary_large_image\" \/>\n<meta name=\"twitter:label1\" content=\"Verfasst von\" \/>\n\t<meta name=\"twitter:data1\" content=\"admin\" \/>\n\t<meta name=\"twitter:label2\" content=\"Gesch\u00e4tzte Lesezeit\" \/>\n\t<meta name=\"twitter:data2\" content=\"3\u00a0Minuten\" \/>\n<script type=\"application\/ld+json\" class=\"yoast-schema-graph\">{\"@context\":\"https:\\\/\\\/schema.org\",\"@graph\":[{\"@type\":\"Article\",\"@id\":\"https:\\\/\\\/www.alumni.space\\\/de\\\/alumni-und-business-development-eine-erfolgreiche-kombination\\\/#article\",\"isPartOf\":{\"@id\":\"https:\\\/\\\/www.alumni.space\\\/de\\\/alumni-und-business-development-eine-erfolgreiche-kombination\\\/\"},\"author\":{\"name\":\"admin\",\"@id\":\"https:\\\/\\\/www.alumni.space\\\/de\\\/#\\\/schema\\\/person\\\/fede362a57876edda476a61f05ce5b15\"},\"headline\":\"Alumni und Business Development: eine erfolgreiche Kombination\",\"datePublished\":\"2026-03-07T23:24:32+00:00\",\"dateModified\":\"2026-03-28T10:40:48+00:00\",\"mainEntityOfPage\":{\"@id\":\"https:\\\/\\\/www.alumni.space\\\/de\\\/alumni-und-business-development-eine-erfolgreiche-kombination\\\/\"},\"wordCount\":556,\"image\":{\"@id\":\"https:\\\/\\\/www.alumni.space\\\/de\\\/alumni-und-business-development-eine-erfolgreiche-kombination\\\/#primaryimage\"},\"thumbnailUrl\":\"https:\\\/\\\/www.alumni.space\\\/wp-content\\\/uploads\\\/2026\\\/03\\\/Alumni-et-business-development-une-combinaison-gagnante.jpg\",\"articleSection\":[\"Alumni\"],\"inLanguage\":\"de\"},{\"@type\":\"WebPage\",\"@id\":\"https:\\\/\\\/www.alumni.space\\\/de\\\/alumni-und-business-development-eine-erfolgreiche-kombination\\\/\",\"url\":\"https:\\\/\\\/www.alumni.space\\\/de\\\/alumni-und-business-development-eine-erfolgreiche-kombination\\\/\",\"name\":\"Alumni und Business Development: ein erfolgreiches Duo\",\"isPartOf\":{\"@id\":\"https:\\\/\\\/www.alumni.space\\\/de\\\/#website\"},\"primaryImageOfPage\":{\"@id\":\"https:\\\/\\\/www.alumni.space\\\/de\\\/alumni-und-business-development-eine-erfolgreiche-kombination\\\/#primaryimage\"},\"image\":{\"@id\":\"https:\\\/\\\/www.alumni.space\\\/de\\\/alumni-und-business-development-eine-erfolgreiche-kombination\\\/#primaryimage\"},\"thumbnailUrl\":\"https:\\\/\\\/www.alumni.space\\\/wp-content\\\/uploads\\\/2026\\\/03\\\/Alumni-et-business-development-une-combinaison-gagnante.jpg\",\"datePublished\":\"2026-03-07T23:24:32+00:00\",\"dateModified\":\"2026-03-28T10:40:48+00:00\",\"author\":{\"@id\":\"https:\\\/\\\/www.alumni.space\\\/de\\\/#\\\/schema\\\/person\\\/fede362a57876edda476a61f05ce5b15\"},\"description\":\"Erfahren Sie, wie Alumni die Gesch\u00e4ftsentwicklung ankurbeln und einzigartige M\u00f6glichkeiten f\u00fcr ein erfolgreiches und nachhaltiges Wachstum schaffen.\",\"breadcrumb\":{\"@id\":\"https:\\\/\\\/www.alumni.space\\\/de\\\/alumni-und-business-development-eine-erfolgreiche-kombination\\\/#breadcrumb\"},\"inLanguage\":\"de\",\"potentialAction\":[{\"@type\":\"ReadAction\",\"target\":[\"https:\\\/\\\/www.alumni.space\\\/de\\\/alumni-und-business-development-eine-erfolgreiche-kombination\\\/\"]}]},{\"@type\":\"ImageObject\",\"inLanguage\":\"de\",\"@id\":\"https:\\\/\\\/www.alumni.space\\\/de\\\/alumni-und-business-development-eine-erfolgreiche-kombination\\\/#primaryimage\",\"url\":\"https:\\\/\\\/www.alumni.space\\\/wp-content\\\/uploads\\\/2026\\\/03\\\/Alumni-et-business-development-une-combinaison-gagnante.jpg\",\"contentUrl\":\"https:\\\/\\\/www.alumni.space\\\/wp-content\\\/uploads\\\/2026\\\/03\\\/Alumni-et-business-development-une-combinaison-gagnante.jpg\",\"width\":1344,\"height\":768,\"caption\":\"Erfahren Sie, wie das Alumni-Netzwerk die Gesch\u00e4ftsentwicklung f\u00f6rdert, einzigartige M\u00f6glichkeiten schafft und nachhaltiges Wachstum f\u00fcr Unternehmen erm\u00f6glicht.\"},{\"@type\":\"BreadcrumbList\",\"@id\":\"https:\\\/\\\/www.alumni.space\\\/de\\\/alumni-und-business-development-eine-erfolgreiche-kombination\\\/#breadcrumb\",\"itemListElement\":[{\"@type\":\"ListItem\",\"position\":1,\"name\":\"Home\",\"item\":\"https:\\\/\\\/www.alumni.space\\\/de\\\/plattform-fuer-die-verwaltung-von-mentoring-und-unternehmensalumni\\\/\"},{\"@type\":\"ListItem\",\"position\":2,\"name\":\"Alumni und Business Development: eine erfolgreiche Kombination\"}]},{\"@type\":\"WebSite\",\"@id\":\"https:\\\/\\\/www.alumni.space\\\/de\\\/#website\",\"url\":\"https:\\\/\\\/www.alumni.space\\\/de\\\/\",\"name\":\"Alumni.space\",\"description\":\"My WordPress Blog\",\"potentialAction\":[{\"@type\":\"SearchAction\",\"target\":{\"@type\":\"EntryPoint\",\"urlTemplate\":\"https:\\\/\\\/www.alumni.space\\\/de\\\/?s={search_term_string}\"},\"query-input\":{\"@type\":\"PropertyValueSpecification\",\"valueRequired\":true,\"valueName\":\"search_term_string\"}}],\"inLanguage\":\"de\"},{\"@type\":\"Person\",\"@id\":\"https:\\\/\\\/www.alumni.space\\\/de\\\/#\\\/schema\\\/person\\\/fede362a57876edda476a61f05ce5b15\",\"name\":\"admin\",\"image\":{\"@type\":\"ImageObject\",\"inLanguage\":\"de\",\"@id\":\"https:\\\/\\\/secure.gravatar.com\\\/avatar\\\/318e234ae94f90d4d629428d6b983c08e31181c28f579e08a021180d759ea651?s=96&d=mm&r=g\",\"url\":\"https:\\\/\\\/secure.gravatar.com\\\/avatar\\\/318e234ae94f90d4d629428d6b983c08e31181c28f579e08a021180d759ea651?s=96&d=mm&r=g\",\"contentUrl\":\"https:\\\/\\\/secure.gravatar.com\\\/avatar\\\/318e234ae94f90d4d629428d6b983c08e31181c28f579e08a021180d759ea651?s=96&d=mm&r=g\",\"caption\":\"admin\"},\"description\":\"Nicolas Laustriat a construit sa sp\u00e9cialit\u00e9 sur un sujet que beaucoup d\u2019organisations d\u00e9couvrent trop tard : ce qui dispara\u00eet quand les gens partent. Dipl\u00f4m\u00e9 en conception de produit industriel, il bifurque vers le digital fin 1996, il couvre les transformations marques, RH, la fid\u00e9lisation, la marque employeur. Sur le terrain, il rep\u00e8re un angle mort r\u00e9current : l\u2019entreprise investit dans le recrutement, la formation, les process\u2026 puis laisse filer le lien au moment du d\u00e9part, avec une perte de savoir et d\u2019influence qui se paie en silence. Il se sp\u00e9cialise alors sur les communaut\u00e9s d\u2019alumni, le mentorat, l\u2019entraide interg\u00e9n\u00e9rationnelle et la transmission d\u2019expertise. Il passe du \u201cconstat\u201d aux m\u00e9thodes : animation, gouvernance, segmentation, rituels, mesure d\u2019engagement, articulation avec la RSE et l\u2019employabilit\u00e9. Il interviewe DRH, responsables formation, directions d\u2019\u00e9coles, associations et fondations, avec une obsession : transformer un r\u00e9seau dormant en m\u00e9canisme utile (cooptation, mentorat, job board, entraide, \u00e9v\u00e9nements, contenus). Son style : direct, orient\u00e9 action, sans folklore. Sa conviction : une communaut\u00e9 n\u2019a pas besoin de bruit, elle a besoin de raisons de revenir.\",\"sameAs\":[\"https:\\\/\\\/www.alumni.space\"]}]}<\/script>\n<!-- \/ Yoast SEO plugin. -->","yoast_head_json":{"title":"Alumni und Business Development: ein erfolgreiches Duo","description":"Erfahren Sie, wie Alumni die Gesch\u00e4ftsentwicklung ankurbeln und einzigartige M\u00f6glichkeiten f\u00fcr ein erfolgreiches und nachhaltiges Wachstum schaffen.","robots":{"index":"index","follow":"follow","max-snippet":"max-snippet:-1","max-image-preview":"max-image-preview:large","max-video-preview":"max-video-preview:-1"},"canonical":"https:\/\/www.alumni.space\/de\/alumni-und-business-development-eine-erfolgreiche-kombination\/","og_locale":"de_DE","og_type":"article","og_title":"Alumni und Business Development: ein erfolgreiches Duo","og_description":"Erfahren Sie, wie Alumni die Gesch\u00e4ftsentwicklung ankurbeln und einzigartige M\u00f6glichkeiten f\u00fcr ein erfolgreiches und nachhaltiges Wachstum schaffen.","og_url":"https:\/\/www.alumni.space\/de\/alumni-und-business-development-eine-erfolgreiche-kombination\/","og_site_name":"Alumni.space","article_published_time":"2026-03-07T23:24:32+00:00","article_modified_time":"2026-03-28T10:40:48+00:00","og_image":[{"width":1344,"height":768,"url":"https:\/\/www.alumni.space\/wp-content\/uploads\/2026\/03\/Alumni-et-business-development-une-combinaison-gagnante.jpg","type":"image\/jpeg"}],"author":"admin","twitter_card":"summary_large_image","twitter_misc":{"Verfasst von":"admin","Gesch\u00e4tzte Lesezeit":"3\u00a0Minuten"},"schema":{"@context":"https:\/\/schema.org","@graph":[{"@type":"Article","@id":"https:\/\/www.alumni.space\/de\/alumni-und-business-development-eine-erfolgreiche-kombination\/#article","isPartOf":{"@id":"https:\/\/www.alumni.space\/de\/alumni-und-business-development-eine-erfolgreiche-kombination\/"},"author":{"name":"admin","@id":"https:\/\/www.alumni.space\/de\/#\/schema\/person\/fede362a57876edda476a61f05ce5b15"},"headline":"Alumni und Business Development: eine erfolgreiche Kombination","datePublished":"2026-03-07T23:24:32+00:00","dateModified":"2026-03-28T10:40:48+00:00","mainEntityOfPage":{"@id":"https:\/\/www.alumni.space\/de\/alumni-und-business-development-eine-erfolgreiche-kombination\/"},"wordCount":556,"image":{"@id":"https:\/\/www.alumni.space\/de\/alumni-und-business-development-eine-erfolgreiche-kombination\/#primaryimage"},"thumbnailUrl":"https:\/\/www.alumni.space\/wp-content\/uploads\/2026\/03\/Alumni-et-business-development-une-combinaison-gagnante.jpg","articleSection":["Alumni"],"inLanguage":"de"},{"@type":"WebPage","@id":"https:\/\/www.alumni.space\/de\/alumni-und-business-development-eine-erfolgreiche-kombination\/","url":"https:\/\/www.alumni.space\/de\/alumni-und-business-development-eine-erfolgreiche-kombination\/","name":"Alumni und Business Development: ein erfolgreiches Duo","isPartOf":{"@id":"https:\/\/www.alumni.space\/de\/#website"},"primaryImageOfPage":{"@id":"https:\/\/www.alumni.space\/de\/alumni-und-business-development-eine-erfolgreiche-kombination\/#primaryimage"},"image":{"@id":"https:\/\/www.alumni.space\/de\/alumni-und-business-development-eine-erfolgreiche-kombination\/#primaryimage"},"thumbnailUrl":"https:\/\/www.alumni.space\/wp-content\/uploads\/2026\/03\/Alumni-et-business-development-une-combinaison-gagnante.jpg","datePublished":"2026-03-07T23:24:32+00:00","dateModified":"2026-03-28T10:40:48+00:00","author":{"@id":"https:\/\/www.alumni.space\/de\/#\/schema\/person\/fede362a57876edda476a61f05ce5b15"},"description":"Erfahren Sie, wie Alumni die Gesch\u00e4ftsentwicklung ankurbeln und einzigartige M\u00f6glichkeiten f\u00fcr ein erfolgreiches und nachhaltiges Wachstum schaffen.","breadcrumb":{"@id":"https:\/\/www.alumni.space\/de\/alumni-und-business-development-eine-erfolgreiche-kombination\/#breadcrumb"},"inLanguage":"de","potentialAction":[{"@type":"ReadAction","target":["https:\/\/www.alumni.space\/de\/alumni-und-business-development-eine-erfolgreiche-kombination\/"]}]},{"@type":"ImageObject","inLanguage":"de","@id":"https:\/\/www.alumni.space\/de\/alumni-und-business-development-eine-erfolgreiche-kombination\/#primaryimage","url":"https:\/\/www.alumni.space\/wp-content\/uploads\/2026\/03\/Alumni-et-business-development-une-combinaison-gagnante.jpg","contentUrl":"https:\/\/www.alumni.space\/wp-content\/uploads\/2026\/03\/Alumni-et-business-development-une-combinaison-gagnante.jpg","width":1344,"height":768,"caption":"Erfahren Sie, wie das Alumni-Netzwerk die Gesch\u00e4ftsentwicklung f\u00f6rdert, einzigartige M\u00f6glichkeiten schafft und nachhaltiges Wachstum f\u00fcr Unternehmen erm\u00f6glicht."},{"@type":"BreadcrumbList","@id":"https:\/\/www.alumni.space\/de\/alumni-und-business-development-eine-erfolgreiche-kombination\/#breadcrumb","itemListElement":[{"@type":"ListItem","position":1,"name":"Home","item":"https:\/\/www.alumni.space\/de\/plattform-fuer-die-verwaltung-von-mentoring-und-unternehmensalumni\/"},{"@type":"ListItem","position":2,"name":"Alumni und Business Development: eine erfolgreiche Kombination"}]},{"@type":"WebSite","@id":"https:\/\/www.alumni.space\/de\/#website","url":"https:\/\/www.alumni.space\/de\/","name":"Alumni.space","description":"My WordPress Blog","potentialAction":[{"@type":"SearchAction","target":{"@type":"EntryPoint","urlTemplate":"https:\/\/www.alumni.space\/de\/?s={search_term_string}"},"query-input":{"@type":"PropertyValueSpecification","valueRequired":true,"valueName":"search_term_string"}}],"inLanguage":"de"},{"@type":"Person","@id":"https:\/\/www.alumni.space\/de\/#\/schema\/person\/fede362a57876edda476a61f05ce5b15","name":"admin","image":{"@type":"ImageObject","inLanguage":"de","@id":"https:\/\/secure.gravatar.com\/avatar\/318e234ae94f90d4d629428d6b983c08e31181c28f579e08a021180d759ea651?s=96&d=mm&r=g","url":"https:\/\/secure.gravatar.com\/avatar\/318e234ae94f90d4d629428d6b983c08e31181c28f579e08a021180d759ea651?s=96&d=mm&r=g","contentUrl":"https:\/\/secure.gravatar.com\/avatar\/318e234ae94f90d4d629428d6b983c08e31181c28f579e08a021180d759ea651?s=96&d=mm&r=g","caption":"admin"},"description":"Nicolas Laustriat a construit sa sp\u00e9cialit\u00e9 sur un sujet que beaucoup d\u2019organisations d\u00e9couvrent trop tard : ce qui dispara\u00eet quand les gens partent. Dipl\u00f4m\u00e9 en conception de produit industriel, il bifurque vers le digital fin 1996, il couvre les transformations marques, RH, la fid\u00e9lisation, la marque employeur. Sur le terrain, il rep\u00e8re un angle mort r\u00e9current : l\u2019entreprise investit dans le recrutement, la formation, les process\u2026 puis laisse filer le lien au moment du d\u00e9part, avec une perte de savoir et d\u2019influence qui se paie en silence. Il se sp\u00e9cialise alors sur les communaut\u00e9s d\u2019alumni, le mentorat, l\u2019entraide interg\u00e9n\u00e9rationnelle et la transmission d\u2019expertise. Il passe du \u201cconstat\u201d aux m\u00e9thodes : animation, gouvernance, segmentation, rituels, mesure d\u2019engagement, articulation avec la RSE et l\u2019employabilit\u00e9. Il interviewe DRH, responsables formation, directions d\u2019\u00e9coles, associations et fondations, avec une obsession : transformer un r\u00e9seau dormant en m\u00e9canisme utile (cooptation, mentorat, job board, entraide, \u00e9v\u00e9nements, contenus). Son style : direct, orient\u00e9 action, sans folklore. Sa conviction : une communaut\u00e9 n\u2019a pas besoin de bruit, elle a besoin de raisons de revenir.","sameAs":["https:\/\/www.alumni.space"]}]}},"_links":{"self":[{"href":"https:\/\/www.alumni.space\/de\/wp-json\/wp\/v2\/posts\/5450","targetHints":{"allow":["GET"]}}],"collection":[{"href":"https:\/\/www.alumni.space\/de\/wp-json\/wp\/v2\/posts"}],"about":[{"href":"https:\/\/www.alumni.space\/de\/wp-json\/wp\/v2\/types\/post"}],"author":[{"embeddable":true,"href":"https:\/\/www.alumni.space\/de\/wp-json\/wp\/v2\/users\/1"}],"replies":[{"embeddable":true,"href":"https:\/\/www.alumni.space\/de\/wp-json\/wp\/v2\/comments?post=5450"}],"version-history":[{"count":1,"href":"https:\/\/www.alumni.space\/de\/wp-json\/wp\/v2\/posts\/5450\/revisions"}],"predecessor-version":[{"id":5454,"href":"https:\/\/www.alumni.space\/de\/wp-json\/wp\/v2\/posts\/5450\/revisions\/5454"}],"wp:featuredmedia":[{"embeddable":true,"href":"https:\/\/www.alumni.space\/de\/wp-json\/wp\/v2\/media\/5452"}],"wp:attachment":[{"href":"https:\/\/www.alumni.space\/de\/wp-json\/wp\/v2\/media?parent=5450"}],"wp:term":[{"taxonomy":"category","embeddable":true,"href":"https:\/\/www.alumni.space\/de\/wp-json\/wp\/v2\/categories?post=5450"},{"taxonomy":"post_tag","embeddable":true,"href":"https:\/\/www.alumni.space\/de\/wp-json\/wp\/v2\/tags?post=5450"}],"curies":[{"name":"wp","href":"https:\/\/api.w.org\/{rel}","templated":true}]}}