{"id":5193,"date":"2024-09-07T12:34:56","date_gmt":"2024-09-07T12:34:56","guid":{"rendered":"https:\/\/www.alumni.space\/der-mehrwert-eines-alumni-programms-fuer-ihre-arbeitgebermarke\/"},"modified":"2026-04-02T12:07:17","modified_gmt":"2026-04-02T12:07:17","slug":"der-mehrwert-eines-alumni-programms-fuer-ihre-arbeitgebermarke","status":"publish","type":"post","link":"https:\/\/www.alumni.space\/de\/der-mehrwert-eines-alumni-programms-fuer-ihre-arbeitgebermarke\/","title":{"rendered":"Der Mehrwert eines Alumni-Programms f\u00fcr Ihre Arbeitgebermarke"},"content":{"rendered":"<p>Zusammenfassung: Ein Alumni-Programm verwandelt verstreute Beziehungen in ein aktives Netzwerk, das bei der Einstellung von Mitarbeitern, dem Aufbau von Kompetenzen und der Steigerung des Bekanntheitsgrades als Arbeitgeber hilfreich ist. Der folgende Beitrag beschreibt die Herausforderungen, die operative Methode und die Indikatoren, um schnell entscheiden und handeln zu k\u00f6nnen. <\/p><p>Brief: Fokus auf messbare Gewinne f\u00fcr Personalabteilungen, Betriebsr\u00e4te, Schulen, Berufsschulen, Vereine und Stiftungen. Praktische Illustrationen am Ende, mit einem klaren Anreiz, den Schritt zur Industrialisierung \u00fcber eine spezielle Plattform zu gehen. <\/p><div id=\"ez-toc-container\" class=\"ez-toc-v2_0_82_2 counter-flat ez-toc-counter ez-toc-grey ez-toc-container-direction\">\n<div class=\"ez-toc-title-container\"><p class=\"ez-toc-title\" style=\"cursor:inherit\">Inhalt dieses Artikels:<\/p>\n<\/div><nav><ul class='ez-toc-list ez-toc-list-level-1 ' ><li class='ez-toc-page-1'><a class=\"ez-toc-link ez-toc-heading-1\" href=\"https:\/\/www.alumni.space\/de\/der-mehrwert-eines-alumni-programms-fuer-ihre-arbeitgebermarke\/#Auswirkungen_eines_Alumni-Programms_auf_die_Arbeitgebermarke_und_die_Personalbeschaffung\" >Auswirkungen eines Alumni-Programms auf die Arbeitgebermarke und die Personalbeschaffung<\/a><\/li><li class='ez-toc-page-1'><a class=\"ez-toc-link ez-toc-heading-2\" href=\"https:\/\/www.alumni.space\/de\/der-mehrwert-eines-alumni-programms-fuer-ihre-arbeitgebermarke\/#Operative_Umsetzung_fuer_HR_Schulen_und_Verbaende\" >Operative Umsetzung f\u00fcr HR, Schulen und Verb\u00e4nde<\/a><\/li><li class='ez-toc-page-1'><a class=\"ez-toc-link ez-toc-heading-3\" href=\"https:\/\/www.alumni.space\/de\/der-mehrwert-eines-alumni-programms-fuer-ihre-arbeitgebermarke\/#Prioritaere_KPIs_und_direkter_Nutzen_fuer_Entscheidungstraeger\" >Priorit\u00e4re KPIs und direkter Nutzen f\u00fcr Entscheidungstr\u00e4ger<\/a><\/li><li class='ez-toc-page-1'><a class=\"ez-toc-link ez-toc-heading-4\" href=\"https:\/\/www.alumni.space\/de\/der-mehrwert-eines-alumni-programms-fuer-ihre-arbeitgebermarke\/#Fallbeispiel_Deltis_Einfuehrung_in_12_Wochen\" >Fallbeispiel: Deltis, Einf\u00fchrung in 12 Wochen<\/a><\/li><\/ul><\/nav><\/div>\n<h2 class=\"wp-block-heading\"><span class=\"ez-toc-section\" id=\"Auswirkungen_eines_Alumni-Programms_auf_die_Arbeitgebermarke_und_die_Personalbeschaffung\"><\/span>Auswirkungen eines Alumni-Programms auf die Arbeitgebermarke und die Personalbeschaffung<span class=\"ez-toc-section-end\"><\/span><\/h2><p>Der Verlust von Wissen beim Ausscheiden aus dem Unternehmen f\u00fchrt zu versteckten Kosten: l\u00e4ngere Integrationszeiten und die Verw\u00e4sserung des kollektiven Ged\u00e4chtnisses. Ein Alumni-Programm reduziert diese Verschwendung, indem es ein Alumni-Netzwerk aktiviert, das Kompetenzen und Chancen teilt. <\/p><p>Das Vorhandensein eines strukturierten Netzwerks verbessert die <strong>Vernetzung<\/strong> und die <strong>Sichtbarkeit<\/strong> und st\u00e4rkt den <strong>Ruf<\/strong> und <strong>die Loyalit\u00e4t<\/strong>. Das direkte Ergebnis: weniger Fluktuation und mehr qualifizierte Bewerbungen durch Kooptation. <\/p><figure class=\"wp-block-image size-full\"><img decoding=\"async\" width=\"1344\" height=\"768\" src=\"https:\/\/www.alumni.space\/wp-content\/uploads\/2026\/03\/La-valeur-ajoutee-dun-programme-alumni-dans-votre-marque-employeur-1.jpg\" data-orig-src=\"https:\/\/www.alumni.space\/wp-content\/uploads\/2026\/03\/La-valeur-ajoutee-dun-programme-alumni-dans-votre-marque-employeur-1.jpg\" alt=\"Finden Sie heraus, wie ein Alumni-Programm Ihre Arbeitgebermarke st\u00e4rken kann, indem es Ihre ehemaligen Mitarbeiter an sich bindet und Ihr Unternehmen aufwertet.\" class=\"lazyload wp-image-3396\" srcset=\"data:image\/svg+xml,%3Csvg%20xmlns%3D%27http%3A%2F%2Fwww.w3.org%2F2000%2Fsvg%27%20width%3D%271344%27%20height%3D%27768%27%20viewBox%3D%270%200%201344%20768%27%3E%3Crect%20width%3D%271344%27%20height%3D%27768%27%20fill-opacity%3D%220%22%2F%3E%3C%2Fsvg%3E\" data-srcset=\"https:\/\/www.alumni.space\/wp-content\/uploads\/2026\/03\/La-valeur-ajoutee-dun-programme-alumni-dans-votre-marque-employeur-1-200x114.jpg 200w, https:\/\/www.alumni.space\/wp-content\/uploads\/2026\/03\/La-valeur-ajoutee-dun-programme-alumni-dans-votre-marque-employeur-1-300x171.jpg 300w, https:\/\/www.alumni.space\/wp-content\/uploads\/2026\/03\/La-valeur-ajoutee-dun-programme-alumni-dans-votre-marque-employeur-1-400x229.jpg 400w, https:\/\/www.alumni.space\/wp-content\/uploads\/2026\/03\/La-valeur-ajoutee-dun-programme-alumni-dans-votre-marque-employeur-1-600x343.jpg 600w, https:\/\/www.alumni.space\/wp-content\/uploads\/2026\/03\/La-valeur-ajoutee-dun-programme-alumni-dans-votre-marque-employeur-1-768x439.jpg 768w, https:\/\/www.alumni.space\/wp-content\/uploads\/2026\/03\/La-valeur-ajoutee-dun-programme-alumni-dans-votre-marque-employeur-1-800x457.jpg 800w, https:\/\/www.alumni.space\/wp-content\/uploads\/2026\/03\/La-valeur-ajoutee-dun-programme-alumni-dans-votre-marque-employeur-1-1024x585.jpg 1024w, https:\/\/www.alumni.space\/wp-content\/uploads\/2026\/03\/La-valeur-ajoutee-dun-programme-alumni-dans-votre-marque-employeur-1-1200x686.jpg 1200w, https:\/\/www.alumni.space\/wp-content\/uploads\/2026\/03\/La-valeur-ajoutee-dun-programme-alumni-dans-votre-marque-employeur-1.jpg 1344w\" data-sizes=\"auto\" data-orig-sizes=\"(max-width: 1344px) 100vw, 1344px\" \/><\/figure><h3 class=\"wp-block-heading\"><span class=\"ez-toc-section\" id=\"Operative_Umsetzung_fuer_HR_Schulen_und_Verbaende\"><\/span>Operative Umsetzung f\u00fcr HR, Schulen und Verb\u00e4nde<span class=\"ez-toc-section-end\"><\/span><\/h3><p>Empfohlenes Verfahren: Definition eines Pilotprojekts, Segmentierung der Zielgruppen (Alumni nach Jahrgang, Berufen, Standort), Formalisierung von j\u00e4hrlichen Ritualen und Mentoring-Pfaden. Eine Plattform vermeidet verstreute Tabellen und erleichtert die Verwaltung von Profilen, Veranstaltungen, Angeboten und Job Boards. <\/p><p>Die Mitgliedschaft in einem \u00f6rtlichen Club hilft, die <strong>Gemeinschaft<\/strong> und die <strong>Zusammenarbeit<\/strong> zwischen den Generationen zu aktivieren. Einen praktischen Leitfaden finden Sie im Merkblatt zur <a href=\"https:\/\/www.alumni.space\/de\/einrichtung-eines-alumni-clubs-eine-gebrauchsanweisung\/\">Gr\u00fcndung eines Alumni-Clubs<\/a> und im Erfahrungsbericht zur <a href=\"https:\/\/www.alumni.space\/de\/alumni-wie-man-eine-nachhaltige-netzwerkdynamik-schafft\/\">Netzwerkdynamik<\/a>. Empfohlene Rituale: monatliche Lenkungssitzung, viertelj\u00e4hrliche Engagement-Kampagne, \u00dcberwachung der Mentoren\/Mentees.  <\/p><p>Schl\u00fcsselsatz: Die Durchf\u00fchrung eines Pilotprojekts mit 50 ehemaligen Mitarbeitern erm\u00f6glicht es, die Akzeptanz und den Wert innerhalb von sechs Wochen zu bewerten.<\/p><h2 class=\"wp-block-heading\"><span class=\"ez-toc-section\" id=\"Prioritaere_KPIs_und_direkter_Nutzen_fuer_Entscheidungstraeger\"><\/span>Priorit\u00e4re KPIs und direkter Nutzen f\u00fcr Entscheidungstr\u00e4ger<span class=\"ez-toc-section-end\"><\/span><\/h2><p>Indikatoren, die unbedingt \u00fcberwacht werden m\u00fcssen: Teilnahme an Veranstaltungen, Mentoring-Stunden, Anzahl der auf dem Job Board ver\u00f6ffentlichten Stellenangebote, Anteil der Einstellungen durch Kooptation. Diese Messungen f\u00fchren zu konkreten Gewinnen f\u00fcr Governance und Kommunikation. <\/p><p>Im Bereich CSR erweitert eine Alumni-Plattform die soziale Verantwortung der Organisation, indem sie Kompetenztransfer, intergenerationelle Integration, Unterst\u00fctzung der Besch\u00e4ftigungsf\u00e4higkeit und Freiwilligenarbeit sicherstellt. Die Nutzung der Erfahrungen der Alumni reduziert die Verschwendung von Wissen und zeigt eine entwicklungsorientierte <strong>Care-Kultur<\/strong>. Die gesammelten Zahlen (Teilnahme, Mentoring-Stunden, Feedback) bieten eine einheitliche Steuerung f\u00fcr HR, CSR und Kommunikation.  <\/p><p>Weitere Informationen zur Wirkungsmessung finden Sie auf der Seite zur <a href=\"https:\/\/www.alumni.space\/de\/wie-man-die-wirkung-eines-mentoring-programms-in-unternehmen-messen-kann\/\">Messung der Wirkung von Mentoring<\/a> und im ausf\u00fchrlichen Programm zum <a href=\"https:\/\/www.alumni.space\/de\/ein-mentoring-programm-mit-ihren-alumni-einrichten-eine-gebrauchsanweisung\/\">Alumni-Mentoring-Programm<\/a>. Schl\u00fcsselsatz: Einfache KPIs f\u00fchren zu schnellen Entscheidungen. <\/p><h3 class=\"wp-block-heading\"><span class=\"ez-toc-section\" id=\"Fallbeispiel_Deltis_Einfuehrung_in_12_Wochen\"><\/span>Fallbeispiel: Deltis, Einf\u00fchrung in 12 Wochen<span class=\"ez-toc-section-end\"><\/span><\/h3><p>Hintergrund: Ein fiktives Technologie-KMU, das nach mehreren wichtigen Abg\u00e4ngen eine hohe Fluktuation und einen Missbrauch der Verfahren erlebte. Deltis strukturierte einen Alumni-Kurs, der mit Mentoring und Job Boarding verbunden ist, und st\u00fctzte sich dabei auf eine SaaS-Plattform. <\/p><p>Durchgef\u00fchrte Ma\u00dfnahmen: Bildung eines Pilotausschusses, Import von Profilen, lokaler Veranstaltungskalender, Mentoring-Module, die von Berufsreferenten geleitet werden. Beobachtete Ergebnisse: Beschleunigung des Onboarding, erh\u00f6hte <strong>Loyalit\u00e4t<\/strong> der Ehemaligen, erh\u00f6hte Rekrutierung \u00fcber das Netzwerk. Um diese Hebel zu nutzen, lesen Sie bitte die Seite \u00fcber <a href=\"https:\/\/www.alumni.space\/de\/alumni-und-personalbeschaffung-warum-ihre-ehemaligen-mitarbeiter-natuerliche-personalvermittler-sind\/\">die nat\u00fcrliche Rekrutierung \u00fcber das Alumni-Netzwerk<\/a> und die guten Praktiken zur <a href=\"https:\/\/www.alumni.space\/de\/wie-sie-alumni-in-ihre-unternehmensveranstaltungen-einbeziehen-koennen\/\">Einbindung von Alumni in Veranstaltungen<\/a>.  <\/p><p>Schl\u00fcsselsatz: Eine schrittweise Einf\u00fchrung, die von einem HR-Referenten geleitet wird, verwandelt versteckte Kosten in einen messbaren Wettbewerbsvorteil.<\/p><p>Empfohlene Sofortma\u00dfnahmen: Definieren Sie einen 8-12-w\u00f6chigen Pilot, w\u00e4hlen Sie eine Plattform, um die Verwaltung von Profilen, Mentoring, Angeboten und Inhalten zu industrialisieren, automatisieren Sie die Nachfassaktionen und messen Sie drei wichtige KPIs. <a href=\"https:\/\/www.alumni.space\/de\/alumni-programme-ein-starkes-instrument-der-indirekten-kundenbindung\/\">Fordern Sie eine Demo<\/a> an, um den \u00dcbergang von einer Excel-Datei zu einer aktiven Gemeinschaft zu sehen.<\/p>","protected":false},"excerpt":{"rendered":"<p>Zusammenfassung: Ein Alumni-Programm verwandelt verstreute Beziehungen in ein aktives Netzwerk,  [&#8230;]<\/p>\n","protected":false},"author":1,"featured_media":5195,"comment_status":"closed","ping_status":"closed","sticky":false,"template":"","format":"standard","meta":{"_ayudawp_aiss_exclude":false,"footnotes":""},"categories":[57],"tags":[],"class_list":["post-5193","post","type-post","status-publish","format-standard","has-post-thumbnail","hentry","category-alumni"],"yoast_head":"<!-- This site is optimized with the Yoast SEO plugin v27.4 - https:\/\/yoast.com\/product\/yoast-seo-wordpress\/ -->\n<title>Alumni Programm: Steigern Sie Ihre Arbeitgebermarke<\/title>\n<meta name=\"description\" content=\"Erfahren Sie, wie ein Alumni-Programm Ihre Arbeitgebermarke st\u00e4rkt, indem es Talente bindet und Ihr berufliches Netzwerk aufwertet.\" \/>\n<meta name=\"robots\" content=\"index, follow, max-snippet:-1, max-image-preview:large, max-video-preview:-1\" \/>\n<link rel=\"canonical\" href=\"https:\/\/www.alumni.space\/de\/der-mehrwert-eines-alumni-programms-fuer-ihre-arbeitgebermarke\/\" \/>\n<meta property=\"og:locale\" content=\"de_DE\" \/>\n<meta property=\"og:type\" content=\"article\" \/>\n<meta property=\"og:title\" content=\"Alumni Programm: Steigern Sie Ihre Arbeitgebermarke\" \/>\n<meta property=\"og:description\" content=\"Erfahren Sie, wie ein Alumni-Programm Ihre Arbeitgebermarke st\u00e4rkt, indem es Talente bindet und Ihr berufliches Netzwerk aufwertet.\" \/>\n<meta property=\"og:url\" content=\"https:\/\/www.alumni.space\/de\/der-mehrwert-eines-alumni-programms-fuer-ihre-arbeitgebermarke\/\" \/>\n<meta property=\"og:site_name\" content=\"Alumni.space\" \/>\n<meta property=\"article:published_time\" content=\"2024-09-07T12:34:56+00:00\" \/>\n<meta property=\"article:modified_time\" content=\"2026-04-02T12:07:17+00:00\" \/>\n<meta property=\"og:image\" content=\"https:\/\/www.alumni.space\/wp-content\/uploads\/2026\/03\/La-valeur-ajoutee-dun-programme-alumni-dans-votre-marque-employeur.jpg\" \/>\n\t<meta property=\"og:image:width\" content=\"1344\" \/>\n\t<meta property=\"og:image:height\" content=\"768\" \/>\n\t<meta property=\"og:image:type\" content=\"image\/jpeg\" \/>\n<meta name=\"author\" content=\"admin\" \/>\n<meta name=\"twitter:card\" content=\"summary_large_image\" \/>\n<meta name=\"twitter:label1\" content=\"Verfasst von\" \/>\n\t<meta name=\"twitter:data1\" content=\"admin\" \/>\n\t<meta name=\"twitter:label2\" content=\"Gesch\u00e4tzte Lesezeit\" \/>\n\t<meta name=\"twitter:data2\" content=\"3\u00a0Minuten\" \/>\n<script type=\"application\/ld+json\" class=\"yoast-schema-graph\">{\"@context\":\"https:\\\/\\\/schema.org\",\"@graph\":[{\"@type\":\"Article\",\"@id\":\"https:\\\/\\\/www.alumni.space\\\/de\\\/der-mehrwert-eines-alumni-programms-fuer-ihre-arbeitgebermarke\\\/#article\",\"isPartOf\":{\"@id\":\"https:\\\/\\\/www.alumni.space\\\/de\\\/der-mehrwert-eines-alumni-programms-fuer-ihre-arbeitgebermarke\\\/\"},\"author\":{\"name\":\"admin\",\"@id\":\"https:\\\/\\\/www.alumni.space\\\/de\\\/#\\\/schema\\\/person\\\/fede362a57876edda476a61f05ce5b15\"},\"headline\":\"Der Mehrwert eines Alumni-Programms f\u00fcr Ihre Arbeitgebermarke\",\"datePublished\":\"2024-09-07T12:34:56+00:00\",\"dateModified\":\"2026-04-02T12:07:17+00:00\",\"mainEntityOfPage\":{\"@id\":\"https:\\\/\\\/www.alumni.space\\\/de\\\/der-mehrwert-eines-alumni-programms-fuer-ihre-arbeitgebermarke\\\/\"},\"wordCount\":599,\"image\":{\"@id\":\"https:\\\/\\\/www.alumni.space\\\/de\\\/der-mehrwert-eines-alumni-programms-fuer-ihre-arbeitgebermarke\\\/#primaryimage\"},\"thumbnailUrl\":\"https:\\\/\\\/www.alumni.space\\\/wp-content\\\/uploads\\\/2026\\\/03\\\/La-valeur-ajoutee-dun-programme-alumni-dans-votre-marque-employeur.jpg\",\"articleSection\":[\"Alumni\"],\"inLanguage\":\"de\"},{\"@type\":\"WebPage\",\"@id\":\"https:\\\/\\\/www.alumni.space\\\/de\\\/der-mehrwert-eines-alumni-programms-fuer-ihre-arbeitgebermarke\\\/\",\"url\":\"https:\\\/\\\/www.alumni.space\\\/de\\\/der-mehrwert-eines-alumni-programms-fuer-ihre-arbeitgebermarke\\\/\",\"name\":\"Alumni Programm: Steigern Sie Ihre Arbeitgebermarke\",\"isPartOf\":{\"@id\":\"https:\\\/\\\/www.alumni.space\\\/de\\\/#website\"},\"primaryImageOfPage\":{\"@id\":\"https:\\\/\\\/www.alumni.space\\\/de\\\/der-mehrwert-eines-alumni-programms-fuer-ihre-arbeitgebermarke\\\/#primaryimage\"},\"image\":{\"@id\":\"https:\\\/\\\/www.alumni.space\\\/de\\\/der-mehrwert-eines-alumni-programms-fuer-ihre-arbeitgebermarke\\\/#primaryimage\"},\"thumbnailUrl\":\"https:\\\/\\\/www.alumni.space\\\/wp-content\\\/uploads\\\/2026\\\/03\\\/La-valeur-ajoutee-dun-programme-alumni-dans-votre-marque-employeur.jpg\",\"datePublished\":\"2024-09-07T12:34:56+00:00\",\"dateModified\":\"2026-04-02T12:07:17+00:00\",\"author\":{\"@id\":\"https:\\\/\\\/www.alumni.space\\\/de\\\/#\\\/schema\\\/person\\\/fede362a57876edda476a61f05ce5b15\"},\"description\":\"Erfahren Sie, wie ein Alumni-Programm Ihre Arbeitgebermarke st\u00e4rkt, indem es Talente bindet und Ihr berufliches Netzwerk aufwertet.\",\"breadcrumb\":{\"@id\":\"https:\\\/\\\/www.alumni.space\\\/de\\\/der-mehrwert-eines-alumni-programms-fuer-ihre-arbeitgebermarke\\\/#breadcrumb\"},\"inLanguage\":\"de\",\"potentialAction\":[{\"@type\":\"ReadAction\",\"target\":[\"https:\\\/\\\/www.alumni.space\\\/de\\\/der-mehrwert-eines-alumni-programms-fuer-ihre-arbeitgebermarke\\\/\"]}]},{\"@type\":\"ImageObject\",\"inLanguage\":\"de\",\"@id\":\"https:\\\/\\\/www.alumni.space\\\/de\\\/der-mehrwert-eines-alumni-programms-fuer-ihre-arbeitgebermarke\\\/#primaryimage\",\"url\":\"https:\\\/\\\/www.alumni.space\\\/wp-content\\\/uploads\\\/2026\\\/03\\\/La-valeur-ajoutee-dun-programme-alumni-dans-votre-marque-employeur.jpg\",\"contentUrl\":\"https:\\\/\\\/www.alumni.space\\\/wp-content\\\/uploads\\\/2026\\\/03\\\/La-valeur-ajoutee-dun-programme-alumni-dans-votre-marque-employeur.jpg\",\"width\":1344,\"height\":768,\"caption\":\"Entdecken Sie, wie ein Alumni-Programm Ihre Arbeitgebermarke st\u00e4rken kann, indem es Beziehungen aufwertet, Talente an sich bindet und Ihr berufliches Netzwerk belebt.\"},{\"@type\":\"BreadcrumbList\",\"@id\":\"https:\\\/\\\/www.alumni.space\\\/de\\\/der-mehrwert-eines-alumni-programms-fuer-ihre-arbeitgebermarke\\\/#breadcrumb\",\"itemListElement\":[{\"@type\":\"ListItem\",\"position\":1,\"name\":\"Home\",\"item\":\"https:\\\/\\\/www.alumni.space\\\/de\\\/plattform-fuer-die-verwaltung-von-mentoring-und-unternehmensalumni\\\/\"},{\"@type\":\"ListItem\",\"position\":2,\"name\":\"Der Mehrwert eines Alumni-Programms f\u00fcr Ihre Arbeitgebermarke\"}]},{\"@type\":\"WebSite\",\"@id\":\"https:\\\/\\\/www.alumni.space\\\/de\\\/#website\",\"url\":\"https:\\\/\\\/www.alumni.space\\\/de\\\/\",\"name\":\"Alumni.space\",\"description\":\"My WordPress Blog\",\"potentialAction\":[{\"@type\":\"SearchAction\",\"target\":{\"@type\":\"EntryPoint\",\"urlTemplate\":\"https:\\\/\\\/www.alumni.space\\\/de\\\/?s={search_term_string}\"},\"query-input\":{\"@type\":\"PropertyValueSpecification\",\"valueRequired\":true,\"valueName\":\"search_term_string\"}}],\"inLanguage\":\"de\"},{\"@type\":\"Person\",\"@id\":\"https:\\\/\\\/www.alumni.space\\\/de\\\/#\\\/schema\\\/person\\\/fede362a57876edda476a61f05ce5b15\",\"name\":\"admin\",\"image\":{\"@type\":\"ImageObject\",\"inLanguage\":\"de\",\"@id\":\"https:\\\/\\\/secure.gravatar.com\\\/avatar\\\/318e234ae94f90d4d629428d6b983c08e31181c28f579e08a021180d759ea651?s=96&d=mm&r=g\",\"url\":\"https:\\\/\\\/secure.gravatar.com\\\/avatar\\\/318e234ae94f90d4d629428d6b983c08e31181c28f579e08a021180d759ea651?s=96&d=mm&r=g\",\"contentUrl\":\"https:\\\/\\\/secure.gravatar.com\\\/avatar\\\/318e234ae94f90d4d629428d6b983c08e31181c28f579e08a021180d759ea651?s=96&d=mm&r=g\",\"caption\":\"admin\"},\"description\":\"Nicolas Laustriat a construit sa sp\u00e9cialit\u00e9 sur un sujet que beaucoup d\u2019organisations d\u00e9couvrent trop tard : ce qui dispara\u00eet quand les gens partent. Dipl\u00f4m\u00e9 en conception de produit industriel, il bifurque vers le digital fin 1996, il couvre les transformations marques, RH, la fid\u00e9lisation, la marque employeur. Sur le terrain, il rep\u00e8re un angle mort r\u00e9current : l\u2019entreprise investit dans le recrutement, la formation, les process\u2026 puis laisse filer le lien au moment du d\u00e9part, avec une perte de savoir et d\u2019influence qui se paie en silence. Il se sp\u00e9cialise alors sur les communaut\u00e9s d\u2019alumni, le mentorat, l\u2019entraide interg\u00e9n\u00e9rationnelle et la transmission d\u2019expertise. Il passe du \u201cconstat\u201d aux m\u00e9thodes : animation, gouvernance, segmentation, rituels, mesure d\u2019engagement, articulation avec la RSE et l\u2019employabilit\u00e9. Il interviewe DRH, responsables formation, directions d\u2019\u00e9coles, associations et fondations, avec une obsession : transformer un r\u00e9seau dormant en m\u00e9canisme utile (cooptation, mentorat, job board, entraide, \u00e9v\u00e9nements, contenus). Son style : direct, orient\u00e9 action, sans folklore. Sa conviction : une communaut\u00e9 n\u2019a pas besoin de bruit, elle a besoin de raisons de revenir.\",\"sameAs\":[\"https:\\\/\\\/www.alumni.space\"]}]}<\/script>\n<!-- \/ Yoast SEO plugin. -->","yoast_head_json":{"title":"Alumni Programm: Steigern Sie Ihre Arbeitgebermarke","description":"Erfahren Sie, wie ein Alumni-Programm Ihre Arbeitgebermarke st\u00e4rkt, indem es Talente bindet und Ihr berufliches Netzwerk aufwertet.","robots":{"index":"index","follow":"follow","max-snippet":"max-snippet:-1","max-image-preview":"max-image-preview:large","max-video-preview":"max-video-preview:-1"},"canonical":"https:\/\/www.alumni.space\/de\/der-mehrwert-eines-alumni-programms-fuer-ihre-arbeitgebermarke\/","og_locale":"de_DE","og_type":"article","og_title":"Alumni Programm: Steigern Sie Ihre Arbeitgebermarke","og_description":"Erfahren Sie, wie ein Alumni-Programm Ihre Arbeitgebermarke st\u00e4rkt, indem es Talente bindet und Ihr berufliches Netzwerk aufwertet.","og_url":"https:\/\/www.alumni.space\/de\/der-mehrwert-eines-alumni-programms-fuer-ihre-arbeitgebermarke\/","og_site_name":"Alumni.space","article_published_time":"2024-09-07T12:34:56+00:00","article_modified_time":"2026-04-02T12:07:17+00:00","og_image":[{"width":1344,"height":768,"url":"https:\/\/www.alumni.space\/wp-content\/uploads\/2026\/03\/La-valeur-ajoutee-dun-programme-alumni-dans-votre-marque-employeur.jpg","type":"image\/jpeg"}],"author":"admin","twitter_card":"summary_large_image","twitter_misc":{"Verfasst von":"admin","Gesch\u00e4tzte Lesezeit":"3\u00a0Minuten"},"schema":{"@context":"https:\/\/schema.org","@graph":[{"@type":"Article","@id":"https:\/\/www.alumni.space\/de\/der-mehrwert-eines-alumni-programms-fuer-ihre-arbeitgebermarke\/#article","isPartOf":{"@id":"https:\/\/www.alumni.space\/de\/der-mehrwert-eines-alumni-programms-fuer-ihre-arbeitgebermarke\/"},"author":{"name":"admin","@id":"https:\/\/www.alumni.space\/de\/#\/schema\/person\/fede362a57876edda476a61f05ce5b15"},"headline":"Der Mehrwert eines Alumni-Programms f\u00fcr Ihre Arbeitgebermarke","datePublished":"2024-09-07T12:34:56+00:00","dateModified":"2026-04-02T12:07:17+00:00","mainEntityOfPage":{"@id":"https:\/\/www.alumni.space\/de\/der-mehrwert-eines-alumni-programms-fuer-ihre-arbeitgebermarke\/"},"wordCount":599,"image":{"@id":"https:\/\/www.alumni.space\/de\/der-mehrwert-eines-alumni-programms-fuer-ihre-arbeitgebermarke\/#primaryimage"},"thumbnailUrl":"https:\/\/www.alumni.space\/wp-content\/uploads\/2026\/03\/La-valeur-ajoutee-dun-programme-alumni-dans-votre-marque-employeur.jpg","articleSection":["Alumni"],"inLanguage":"de"},{"@type":"WebPage","@id":"https:\/\/www.alumni.space\/de\/der-mehrwert-eines-alumni-programms-fuer-ihre-arbeitgebermarke\/","url":"https:\/\/www.alumni.space\/de\/der-mehrwert-eines-alumni-programms-fuer-ihre-arbeitgebermarke\/","name":"Alumni Programm: Steigern Sie Ihre Arbeitgebermarke","isPartOf":{"@id":"https:\/\/www.alumni.space\/de\/#website"},"primaryImageOfPage":{"@id":"https:\/\/www.alumni.space\/de\/der-mehrwert-eines-alumni-programms-fuer-ihre-arbeitgebermarke\/#primaryimage"},"image":{"@id":"https:\/\/www.alumni.space\/de\/der-mehrwert-eines-alumni-programms-fuer-ihre-arbeitgebermarke\/#primaryimage"},"thumbnailUrl":"https:\/\/www.alumni.space\/wp-content\/uploads\/2026\/03\/La-valeur-ajoutee-dun-programme-alumni-dans-votre-marque-employeur.jpg","datePublished":"2024-09-07T12:34:56+00:00","dateModified":"2026-04-02T12:07:17+00:00","author":{"@id":"https:\/\/www.alumni.space\/de\/#\/schema\/person\/fede362a57876edda476a61f05ce5b15"},"description":"Erfahren Sie, wie ein Alumni-Programm Ihre Arbeitgebermarke st\u00e4rkt, indem es Talente bindet und Ihr berufliches Netzwerk aufwertet.","breadcrumb":{"@id":"https:\/\/www.alumni.space\/de\/der-mehrwert-eines-alumni-programms-fuer-ihre-arbeitgebermarke\/#breadcrumb"},"inLanguage":"de","potentialAction":[{"@type":"ReadAction","target":["https:\/\/www.alumni.space\/de\/der-mehrwert-eines-alumni-programms-fuer-ihre-arbeitgebermarke\/"]}]},{"@type":"ImageObject","inLanguage":"de","@id":"https:\/\/www.alumni.space\/de\/der-mehrwert-eines-alumni-programms-fuer-ihre-arbeitgebermarke\/#primaryimage","url":"https:\/\/www.alumni.space\/wp-content\/uploads\/2026\/03\/La-valeur-ajoutee-dun-programme-alumni-dans-votre-marque-employeur.jpg","contentUrl":"https:\/\/www.alumni.space\/wp-content\/uploads\/2026\/03\/La-valeur-ajoutee-dun-programme-alumni-dans-votre-marque-employeur.jpg","width":1344,"height":768,"caption":"Entdecken Sie, wie ein Alumni-Programm Ihre Arbeitgebermarke st\u00e4rken kann, indem es Beziehungen aufwertet, Talente an sich bindet und Ihr berufliches Netzwerk belebt."},{"@type":"BreadcrumbList","@id":"https:\/\/www.alumni.space\/de\/der-mehrwert-eines-alumni-programms-fuer-ihre-arbeitgebermarke\/#breadcrumb","itemListElement":[{"@type":"ListItem","position":1,"name":"Home","item":"https:\/\/www.alumni.space\/de\/plattform-fuer-die-verwaltung-von-mentoring-und-unternehmensalumni\/"},{"@type":"ListItem","position":2,"name":"Der Mehrwert eines Alumni-Programms f\u00fcr Ihre Arbeitgebermarke"}]},{"@type":"WebSite","@id":"https:\/\/www.alumni.space\/de\/#website","url":"https:\/\/www.alumni.space\/de\/","name":"Alumni.space","description":"My WordPress Blog","potentialAction":[{"@type":"SearchAction","target":{"@type":"EntryPoint","urlTemplate":"https:\/\/www.alumni.space\/de\/?s={search_term_string}"},"query-input":{"@type":"PropertyValueSpecification","valueRequired":true,"valueName":"search_term_string"}}],"inLanguage":"de"},{"@type":"Person","@id":"https:\/\/www.alumni.space\/de\/#\/schema\/person\/fede362a57876edda476a61f05ce5b15","name":"admin","image":{"@type":"ImageObject","inLanguage":"de","@id":"https:\/\/secure.gravatar.com\/avatar\/318e234ae94f90d4d629428d6b983c08e31181c28f579e08a021180d759ea651?s=96&d=mm&r=g","url":"https:\/\/secure.gravatar.com\/avatar\/318e234ae94f90d4d629428d6b983c08e31181c28f579e08a021180d759ea651?s=96&d=mm&r=g","contentUrl":"https:\/\/secure.gravatar.com\/avatar\/318e234ae94f90d4d629428d6b983c08e31181c28f579e08a021180d759ea651?s=96&d=mm&r=g","caption":"admin"},"description":"Nicolas Laustriat a construit sa sp\u00e9cialit\u00e9 sur un sujet que beaucoup d\u2019organisations d\u00e9couvrent trop tard : ce qui dispara\u00eet quand les gens partent. Dipl\u00f4m\u00e9 en conception de produit industriel, il bifurque vers le digital fin 1996, il couvre les transformations marques, RH, la fid\u00e9lisation, la marque employeur. Sur le terrain, il rep\u00e8re un angle mort r\u00e9current : l\u2019entreprise investit dans le recrutement, la formation, les process\u2026 puis laisse filer le lien au moment du d\u00e9part, avec une perte de savoir et d\u2019influence qui se paie en silence. Il se sp\u00e9cialise alors sur les communaut\u00e9s d\u2019alumni, le mentorat, l\u2019entraide interg\u00e9n\u00e9rationnelle et la transmission d\u2019expertise. Il passe du \u201cconstat\u201d aux m\u00e9thodes : animation, gouvernance, segmentation, rituels, mesure d\u2019engagement, articulation avec la RSE et l\u2019employabilit\u00e9. Il interviewe DRH, responsables formation, directions d\u2019\u00e9coles, associations et fondations, avec une obsession : transformer un r\u00e9seau dormant en m\u00e9canisme utile (cooptation, mentorat, job board, entraide, \u00e9v\u00e9nements, contenus). Son style : direct, orient\u00e9 action, sans folklore. Sa conviction : une communaut\u00e9 n\u2019a pas besoin de bruit, elle a besoin de raisons de revenir.","sameAs":["https:\/\/www.alumni.space"]}]}},"_links":{"self":[{"href":"https:\/\/www.alumni.space\/de\/wp-json\/wp\/v2\/posts\/5193","targetHints":{"allow":["GET"]}}],"collection":[{"href":"https:\/\/www.alumni.space\/de\/wp-json\/wp\/v2\/posts"}],"about":[{"href":"https:\/\/www.alumni.space\/de\/wp-json\/wp\/v2\/types\/post"}],"author":[{"embeddable":true,"href":"https:\/\/www.alumni.space\/de\/wp-json\/wp\/v2\/users\/1"}],"replies":[{"embeddable":true,"href":"https:\/\/www.alumni.space\/de\/wp-json\/wp\/v2\/comments?post=5193"}],"version-history":[{"count":4,"href":"https:\/\/www.alumni.space\/de\/wp-json\/wp\/v2\/posts\/5193\/revisions"}],"predecessor-version":[{"id":7124,"href":"https:\/\/www.alumni.space\/de\/wp-json\/wp\/v2\/posts\/5193\/revisions\/7124"}],"wp:featuredmedia":[{"embeddable":true,"href":"https:\/\/www.alumni.space\/de\/wp-json\/wp\/v2\/media\/5195"}],"wp:attachment":[{"href":"https:\/\/www.alumni.space\/de\/wp-json\/wp\/v2\/media?parent=5193"}],"wp:term":[{"taxonomy":"category","embeddable":true,"href":"https:\/\/www.alumni.space\/de\/wp-json\/wp\/v2\/categories?post=5193"},{"taxonomy":"post_tag","embeddable":true,"href":"https:\/\/www.alumni.space\/de\/wp-json\/wp\/v2\/tags?post=5193"}],"curies":[{"name":"wp","href":"https:\/\/api.w.org\/{rel}","templated":true}]}}