{"id":5168,"date":"2025-03-09T12:50:52","date_gmt":"2025-03-09T12:50:52","guid":{"rendered":"https:\/\/www.alumni.space\/ausbildung-oder-mentoring-warum-beides\/"},"modified":"2026-04-02T09:20:53","modified_gmt":"2026-04-02T09:20:53","slug":"ausbildung-oder-mentoring-warum-beides","status":"publish","type":"post","link":"https:\/\/www.alumni.space\/de\/ausbildung-oder-mentoring-warum-beides\/","title":{"rendered":"Ausbildung oder Mentoring: Warum beides?"},"content":{"rendered":"<p>Das Jahr 2026 markiert einen entscheidenden Wendepunkt im Talentmanagement moderner Organisationen. Herk\u00f6mmliche Lernmethoden werden durch ein wachsendes Bed\u00fcrfnis nach menschlicher Bindung und Sinnhaftigkeit ersetzt. Die Kombination von technischer <strong>Ausbildung<\/strong> und <strong>Mentoring<\/strong> ist eine erfolgreiche Strategie, um die<strong>Karriereentwicklung<\/strong> zu beschleunigen. Dieses Duo sorgt f\u00fcr neue <strong>Motivation<\/strong>, indem es theoretisches Wissen in praktische Weisheit umwandelt.   <\/p><div id=\"ez-toc-container\" class=\"ez-toc-v2_0_82_2 counter-flat ez-toc-counter ez-toc-grey ez-toc-container-direction\">\n<div class=\"ez-toc-title-container\"><p class=\"ez-toc-title\" style=\"cursor:inherit\">Inhalt dieses Artikels:<\/p>\n<\/div><nav><ul class='ez-toc-list ez-toc-list-level-1 ' ><li class='ez-toc-page-1'><a class=\"ez-toc-link ez-toc-heading-1\" href=\"https:\/\/www.alumni.space\/de\/ausbildung-oder-mentoring-warum-beides\/#Optimierung_des_Kompetenztransfers_durch_das_Gewinner-Duo\" >Optimierung des Kompetenztransfers durch das Gewinner-Duo<\/a><\/li><li class='ez-toc-page-1'><a class=\"ez-toc-link ez-toc-heading-2\" href=\"https:\/\/www.alumni.space\/de\/ausbildung-oder-mentoring-warum-beides\/#Die_Rolle_der_menschlichen_Bindung_fuer_den_kollektiven_Erfolg\" >Die Rolle der menschlichen Bindung f\u00fcr den kollektiven Erfolg<\/a><\/li><li class='ez-toc-page-1'><a class=\"ez-toc-link ez-toc-heading-3\" href=\"https:\/\/www.alumni.space\/de\/ausbildung-oder-mentoring-warum-beides\/#Gesellschaftliche_Verantwortung_und_Ausstrahlung_der_Arbeitgebermarke\" >Gesellschaftliche Verantwortung und Ausstrahlung der Arbeitgebermarke<\/a><\/li><li class='ez-toc-page-1'><a class=\"ez-toc-link ez-toc-heading-4\" href=\"https:\/\/www.alumni.space\/de\/ausbildung-oder-mentoring-warum-beides\/#Industrialisierung_des_Wohlwollens_mit_einer_speziellen_Plattform\" >Industrialisierung des Wohlwollens mit einer speziellen Plattform<\/a><\/li><\/ul><\/nav><\/div>\n<h2 class=\"wp-block-heading\"><span class=\"ez-toc-section\" id=\"Optimierung_des_Kompetenztransfers_durch_das_Gewinner-Duo\"><\/span>Optimierung des Kompetenztransfers durch das Gewinner-Duo<span class=\"ez-toc-section-end\"><\/span><\/h2><p>Rohes Wissen verpufft, wenn es nicht schnell in die Praxis umgesetzt wird. Das<strong>Lernen<\/strong> wird nur dann beschleunigt, wenn sich die Blicke von Experten und Neulingen kreuzen. Internes <strong>Coaching<\/strong> bietet diesen Spiegel, der f\u00fcr den kontinuierlichen Fortschritt und den Erwerb neuer <strong>F\u00e4higkeiten<\/strong> notwendig ist. Durch die Nutzung von alumni.space automatisieren die Strukturen die Zusammenf\u00fchrung von Paaren, um die Verschwendung von angesammeltem Wissen zu vermeiden.   <\/p><figure class=\"wp-block-image size-full\"><img decoding=\"async\" width=\"1280\" height=\"768\" src=\"https:\/\/www.alumni.space\/wp-content\/uploads\/2026\/03\/Formation-ou-mentorat-pourquoi-choisir-les-deux-1-1.jpg\" data-orig-src=\"https:\/\/www.alumni.space\/wp-content\/uploads\/2026\/03\/Formation-ou-mentorat-pourquoi-choisir-les-deux-1-1.jpg\" alt=\"Finden Sie heraus, warum die Kombination von Ausbildung und Mentoring Ihren Lernerfolg maximieren und Ihren beruflichen Erfolg beschleunigen kann.\" class=\"lazyload wp-image-3522\" srcset=\"data:image\/svg+xml,%3Csvg%20xmlns%3D%27http%3A%2F%2Fwww.w3.org%2F2000%2Fsvg%27%20width%3D%271280%27%20height%3D%27768%27%20viewBox%3D%270%200%201280%20768%27%3E%3Crect%20width%3D%271280%27%20height%3D%27768%27%20fill-opacity%3D%220%22%2F%3E%3C%2Fsvg%3E\" data-srcset=\"https:\/\/www.alumni.space\/wp-content\/uploads\/2026\/03\/Formation-ou-mentorat-pourquoi-choisir-les-deux-1-1-200x120.jpg 200w, https:\/\/www.alumni.space\/wp-content\/uploads\/2026\/03\/Formation-ou-mentorat-pourquoi-choisir-les-deux-1-1-300x180.jpg 300w, https:\/\/www.alumni.space\/wp-content\/uploads\/2026\/03\/Formation-ou-mentorat-pourquoi-choisir-les-deux-1-1-400x240.jpg 400w, https:\/\/www.alumni.space\/wp-content\/uploads\/2026\/03\/Formation-ou-mentorat-pourquoi-choisir-les-deux-1-1-600x360.jpg 600w, https:\/\/www.alumni.space\/wp-content\/uploads\/2026\/03\/Formation-ou-mentorat-pourquoi-choisir-les-deux-1-1-768x461.jpg 768w, https:\/\/www.alumni.space\/wp-content\/uploads\/2026\/03\/Formation-ou-mentorat-pourquoi-choisir-les-deux-1-1-800x480.jpg 800w, https:\/\/www.alumni.space\/wp-content\/uploads\/2026\/03\/Formation-ou-mentorat-pourquoi-choisir-les-deux-1-1-1024x614.jpg 1024w, https:\/\/www.alumni.space\/wp-content\/uploads\/2026\/03\/Formation-ou-mentorat-pourquoi-choisir-les-deux-1-1-1200x720.jpg 1200w, https:\/\/www.alumni.space\/wp-content\/uploads\/2026\/03\/Formation-ou-mentorat-pourquoi-choisir-les-deux-1-1.jpg 1280w\" data-sizes=\"auto\" data-orig-sizes=\"(max-width: 1280px) 100vw, 1280px\" \/><\/figure><h3 class=\"wp-block-heading\"><span class=\"ez-toc-section\" id=\"Die_Rolle_der_menschlichen_Bindung_fuer_den_kollektiven_Erfolg\"><\/span>Die Rolle der menschlichen Bindung f\u00fcr den kollektiven Erfolg<span class=\"ez-toc-section-end\"><\/span><\/h3><p>Die pers\u00f6nliche<strong>Betreuung<\/strong> geht \u00fcber die blo\u00dfe \u00dcbertragung von Anweisungen hinaus. Sie schafft ein starkes Zugeh\u00f6rigkeitsgef\u00fchl innerhalb des Netzwerks. Die <strong>Weitergabe von Wissen<\/strong> wird zu einem Akt der gegenseitigen Gro\u00dfz\u00fcgigkeit, der das Engagement der Mitarbeiter st\u00e4rkt. Die <a href=\"https:\/\/www.alumni.space\/de\/wie-man-die-wirkung-eines-mentoring-programms-in-unternehmen-messen-kann\/\">Messung der Auswirkungen des Mentoring<\/a> zeigt die Rentabilit\u00e4t dieses auf den Menschen ausgerichteten Ansatzes. Die Entscheidungstr\u00e4ger stellen eine st\u00e4rkere Bindung an das Unternehmen und eine viel reibungslosere Integration der neuen Mitarbeiter fest.   <\/p><h2 class=\"wp-block-heading\"><span class=\"ez-toc-section\" id=\"Gesellschaftliche_Verantwortung_und_Ausstrahlung_der_Arbeitgebermarke\"><\/span>Gesellschaftliche Verantwortung und Ausstrahlung der Arbeitgebermarke<span class=\"ez-toc-section-end\"><\/span><\/h2><p>Das gesellschaftliche Engagement eines Unternehmens dr\u00fcckt sich durch die Aufrechterhaltung einer lebendigen Verbindung zu seinen historischen Mitgliedern aus. Durch den Erfahrungsaustausch und die gegenseitige Unterst\u00fctzung zwischen den Generationen wird das immaterielle Erbe aufgewertet und gleichzeitig der technischen Veralterung entgegengewirkt. Dies st\u00e4rkt das Markenimage und macht jeden Mitarbeiter zu einem authentischen Sprecher. Das Onboarding von Neuank\u00f6mmlingen gewinnt durch dieses Sicherheitsnetz an Gelassenheit. Die aktuellen Steuerungsinstrumente \u00fcbersetzen diese Interaktionen in konkrete Daten, die den tats\u00e4chlichen Nutzen der <a href=\"https:\/\/www.alumni.space\/de\/mentoring-in-der-hr-strategie-von-morgen\/\">HR-Strategie<\/a> f\u00fcr die Gesamtleistung belegen.    <\/p><h3 class=\"wp-block-heading\"><span class=\"ez-toc-section\" id=\"Industrialisierung_des_Wohlwollens_mit_einer_speziellen_Plattform\"><\/span>Industrialisierung des Wohlwollens mit einer speziellen Plattform<span class=\"ez-toc-section-end\"><\/span><\/h3><p>Die Verwaltung von Hunderten von Profilen erfordert ein leistungsf\u00e4higes Werkzeug, um verstreute Dateien zu vermeiden. Die SaaS-L\u00f6sung alumni.space zentralisiert Angebote, Veranstaltungen und Jobb\u00f6rsen innerhalb eines einzigen \u00d6kosystems. Die Manager steuern das Netzwerk mit chirurgischer Pr\u00e4zision und f\u00f6rdern gleichzeitig die <strong>berufliche Weiterentwicklung<\/strong>. Das Zusammenbringen, Weitergeben und Wachsen von Talenten bleibt das Herzst\u00fcck dieser digitalen Transformation. Eine Demo anzufordern ist der erste Schritt, um das Potenzial Ihrer Gemeinschaft zu entfalten.    <\/p>","protected":false},"excerpt":{"rendered":"<p>Das Jahr 2026 markiert einen entscheidenden Wendepunkt im Talentmanagement moderner  [&#8230;]<\/p>\n","protected":false},"author":1,"featured_media":5170,"comment_status":"closed","ping_status":"","sticky":false,"template":"","format":"standard","meta":{"_ayudawp_aiss_exclude":false,"footnotes":""},"categories":[58],"tags":[],"class_list":["post-5168","post","type-post","status-publish","format-standard","has-post-thumbnail","hentry","category-mentoring"],"yoast_head":"<!-- This site is optimized with the Yoast SEO plugin v27.4 - https:\/\/yoast.com\/product\/yoast-seo-wordpress\/ -->\n<title>Ausbildung und Mentoring: ein erfolgreiches Duo<\/title>\n<meta name=\"description\" content=\"Entdecken Sie, warum die Kombination von Training und Mentoring Ihr Lernen optimiert und Ihre Karriere f\u00f6rdert. Verbinden Sie Theorie und Praxis auf effektive Weise!\" \/>\n<meta name=\"robots\" content=\"index, follow, max-snippet:-1, max-image-preview:large, max-video-preview:-1\" \/>\n<link rel=\"canonical\" href=\"https:\/\/www.alumni.space\/de\/ausbildung-oder-mentoring-warum-beides\/\" \/>\n<meta property=\"og:locale\" content=\"de_DE\" \/>\n<meta property=\"og:type\" content=\"article\" \/>\n<meta property=\"og:title\" content=\"Ausbildung und Mentoring: ein erfolgreiches Duo\" \/>\n<meta property=\"og:description\" content=\"Entdecken Sie, warum die Kombination von Training und Mentoring Ihr Lernen optimiert und Ihre Karriere f\u00f6rdert. Verbinden Sie Theorie und Praxis auf effektive Weise!\" \/>\n<meta property=\"og:url\" content=\"https:\/\/www.alumni.space\/de\/ausbildung-oder-mentoring-warum-beides\/\" \/>\n<meta property=\"og:site_name\" content=\"Alumni.space\" \/>\n<meta property=\"article:published_time\" content=\"2025-03-09T12:50:52+00:00\" \/>\n<meta property=\"article:modified_time\" content=\"2026-04-02T09:20:53+00:00\" \/>\n<meta property=\"og:image\" content=\"https:\/\/www.alumni.space\/wp-content\/uploads\/2026\/03\/Formation-ou-mentorat-pourquoi-choisir-les-deux-.jpg\" \/>\n\t<meta property=\"og:image:width\" content=\"1280\" \/>\n\t<meta property=\"og:image:height\" content=\"768\" \/>\n\t<meta property=\"og:image:type\" content=\"image\/jpeg\" \/>\n<meta name=\"author\" content=\"admin\" \/>\n<meta name=\"twitter:card\" content=\"summary_large_image\" \/>\n<meta name=\"twitter:label1\" content=\"Verfasst von\" \/>\n\t<meta name=\"twitter:data1\" content=\"admin\" \/>\n\t<meta name=\"twitter:label2\" content=\"Gesch\u00e4tzte Lesezeit\" \/>\n\t<meta name=\"twitter:data2\" content=\"2\u00a0Minuten\" \/>\n<script type=\"application\/ld+json\" class=\"yoast-schema-graph\">{\"@context\":\"https:\\\/\\\/schema.org\",\"@graph\":[{\"@type\":\"Article\",\"@id\":\"https:\\\/\\\/www.alumni.space\\\/de\\\/ausbildung-oder-mentoring-warum-beides\\\/#article\",\"isPartOf\":{\"@id\":\"https:\\\/\\\/www.alumni.space\\\/de\\\/ausbildung-oder-mentoring-warum-beides\\\/\"},\"author\":{\"name\":\"admin\",\"@id\":\"https:\\\/\\\/www.alumni.space\\\/de\\\/#\\\/schema\\\/person\\\/fede362a57876edda476a61f05ce5b15\"},\"headline\":\"Ausbildung oder Mentoring: Warum beides?\",\"datePublished\":\"2025-03-09T12:50:52+00:00\",\"dateModified\":\"2026-04-02T09:20:53+00:00\",\"mainEntityOfPage\":{\"@id\":\"https:\\\/\\\/www.alumni.space\\\/de\\\/ausbildung-oder-mentoring-warum-beides\\\/\"},\"wordCount\":395,\"image\":{\"@id\":\"https:\\\/\\\/www.alumni.space\\\/de\\\/ausbildung-oder-mentoring-warum-beides\\\/#primaryimage\"},\"thumbnailUrl\":\"https:\\\/\\\/www.alumni.space\\\/wp-content\\\/uploads\\\/2026\\\/03\\\/Formation-ou-mentorat-pourquoi-choisir-les-deux-.jpg\",\"articleSection\":[\"Mentoring\"],\"inLanguage\":\"de\"},{\"@type\":\"WebPage\",\"@id\":\"https:\\\/\\\/www.alumni.space\\\/de\\\/ausbildung-oder-mentoring-warum-beides\\\/\",\"url\":\"https:\\\/\\\/www.alumni.space\\\/de\\\/ausbildung-oder-mentoring-warum-beides\\\/\",\"name\":\"Ausbildung und Mentoring: ein erfolgreiches Duo\",\"isPartOf\":{\"@id\":\"https:\\\/\\\/www.alumni.space\\\/de\\\/#website\"},\"primaryImageOfPage\":{\"@id\":\"https:\\\/\\\/www.alumni.space\\\/de\\\/ausbildung-oder-mentoring-warum-beides\\\/#primaryimage\"},\"image\":{\"@id\":\"https:\\\/\\\/www.alumni.space\\\/de\\\/ausbildung-oder-mentoring-warum-beides\\\/#primaryimage\"},\"thumbnailUrl\":\"https:\\\/\\\/www.alumni.space\\\/wp-content\\\/uploads\\\/2026\\\/03\\\/Formation-ou-mentorat-pourquoi-choisir-les-deux-.jpg\",\"datePublished\":\"2025-03-09T12:50:52+00:00\",\"dateModified\":\"2026-04-02T09:20:53+00:00\",\"author\":{\"@id\":\"https:\\\/\\\/www.alumni.space\\\/de\\\/#\\\/schema\\\/person\\\/fede362a57876edda476a61f05ce5b15\"},\"description\":\"Entdecken Sie, warum die Kombination von Training und Mentoring Ihr Lernen optimiert und Ihre Karriere f\u00f6rdert. Verbinden Sie Theorie und Praxis auf effektive Weise!\",\"breadcrumb\":{\"@id\":\"https:\\\/\\\/www.alumni.space\\\/de\\\/ausbildung-oder-mentoring-warum-beides\\\/#breadcrumb\"},\"inLanguage\":\"de\",\"potentialAction\":[{\"@type\":\"ReadAction\",\"target\":[\"https:\\\/\\\/www.alumni.space\\\/de\\\/ausbildung-oder-mentoring-warum-beides\\\/\"]}]},{\"@type\":\"ImageObject\",\"inLanguage\":\"de\",\"@id\":\"https:\\\/\\\/www.alumni.space\\\/de\\\/ausbildung-oder-mentoring-warum-beides\\\/#primaryimage\",\"url\":\"https:\\\/\\\/www.alumni.space\\\/wp-content\\\/uploads\\\/2026\\\/03\\\/Formation-ou-mentorat-pourquoi-choisir-les-deux-.jpg\",\"contentUrl\":\"https:\\\/\\\/www.alumni.space\\\/wp-content\\\/uploads\\\/2026\\\/03\\\/Formation-ou-mentorat-pourquoi-choisir-les-deux-.jpg\",\"width\":1280,\"height\":768,\"caption\":\"Finden Sie heraus, warum eine Kombination aus Ausbildung und Mentoring die beste Strategie ist, um Ihre F\u00e4higkeiten zu entwickeln und Ihre beruflichen Ziele effektiv zu erreichen.\"},{\"@type\":\"BreadcrumbList\",\"@id\":\"https:\\\/\\\/www.alumni.space\\\/de\\\/ausbildung-oder-mentoring-warum-beides\\\/#breadcrumb\",\"itemListElement\":[{\"@type\":\"ListItem\",\"position\":1,\"name\":\"Home\",\"item\":\"https:\\\/\\\/www.alumni.space\\\/de\\\/plattform-fuer-die-verwaltung-von-mentoring-und-unternehmensalumni\\\/\"},{\"@type\":\"ListItem\",\"position\":2,\"name\":\"Ausbildung oder Mentoring: Warum beides?\"}]},{\"@type\":\"WebSite\",\"@id\":\"https:\\\/\\\/www.alumni.space\\\/de\\\/#website\",\"url\":\"https:\\\/\\\/www.alumni.space\\\/de\\\/\",\"name\":\"Alumni.space\",\"description\":\"My WordPress Blog\",\"potentialAction\":[{\"@type\":\"SearchAction\",\"target\":{\"@type\":\"EntryPoint\",\"urlTemplate\":\"https:\\\/\\\/www.alumni.space\\\/de\\\/?s={search_term_string}\"},\"query-input\":{\"@type\":\"PropertyValueSpecification\",\"valueRequired\":true,\"valueName\":\"search_term_string\"}}],\"inLanguage\":\"de\"},{\"@type\":\"Person\",\"@id\":\"https:\\\/\\\/www.alumni.space\\\/de\\\/#\\\/schema\\\/person\\\/fede362a57876edda476a61f05ce5b15\",\"name\":\"admin\",\"image\":{\"@type\":\"ImageObject\",\"inLanguage\":\"de\",\"@id\":\"https:\\\/\\\/secure.gravatar.com\\\/avatar\\\/318e234ae94f90d4d629428d6b983c08e31181c28f579e08a021180d759ea651?s=96&d=mm&r=g\",\"url\":\"https:\\\/\\\/secure.gravatar.com\\\/avatar\\\/318e234ae94f90d4d629428d6b983c08e31181c28f579e08a021180d759ea651?s=96&d=mm&r=g\",\"contentUrl\":\"https:\\\/\\\/secure.gravatar.com\\\/avatar\\\/318e234ae94f90d4d629428d6b983c08e31181c28f579e08a021180d759ea651?s=96&d=mm&r=g\",\"caption\":\"admin\"},\"description\":\"Nicolas Laustriat a construit sa sp\u00e9cialit\u00e9 sur un sujet que beaucoup d\u2019organisations d\u00e9couvrent trop tard : ce qui dispara\u00eet quand les gens partent. Dipl\u00f4m\u00e9 en conception de produit industriel, il bifurque vers le digital fin 1996, il couvre les transformations marques, RH, la fid\u00e9lisation, la marque employeur. Sur le terrain, il rep\u00e8re un angle mort r\u00e9current : l\u2019entreprise investit dans le recrutement, la formation, les process\u2026 puis laisse filer le lien au moment du d\u00e9part, avec une perte de savoir et d\u2019influence qui se paie en silence. Il se sp\u00e9cialise alors sur les communaut\u00e9s d\u2019alumni, le mentorat, l\u2019entraide interg\u00e9n\u00e9rationnelle et la transmission d\u2019expertise. Il passe du \u201cconstat\u201d aux m\u00e9thodes : animation, gouvernance, segmentation, rituels, mesure d\u2019engagement, articulation avec la RSE et l\u2019employabilit\u00e9. Il interviewe DRH, responsables formation, directions d\u2019\u00e9coles, associations et fondations, avec une obsession : transformer un r\u00e9seau dormant en m\u00e9canisme utile (cooptation, mentorat, job board, entraide, \u00e9v\u00e9nements, contenus). Son style : direct, orient\u00e9 action, sans folklore. Sa conviction : une communaut\u00e9 n\u2019a pas besoin de bruit, elle a besoin de raisons de revenir.\",\"sameAs\":[\"https:\\\/\\\/www.alumni.space\"]}]}<\/script>\n<!-- \/ Yoast SEO plugin. -->","yoast_head_json":{"title":"Ausbildung und Mentoring: ein erfolgreiches Duo","description":"Entdecken Sie, warum die Kombination von Training und Mentoring Ihr Lernen optimiert und Ihre Karriere f\u00f6rdert. Verbinden Sie Theorie und Praxis auf effektive Weise!","robots":{"index":"index","follow":"follow","max-snippet":"max-snippet:-1","max-image-preview":"max-image-preview:large","max-video-preview":"max-video-preview:-1"},"canonical":"https:\/\/www.alumni.space\/de\/ausbildung-oder-mentoring-warum-beides\/","og_locale":"de_DE","og_type":"article","og_title":"Ausbildung und Mentoring: ein erfolgreiches Duo","og_description":"Entdecken Sie, warum die Kombination von Training und Mentoring Ihr Lernen optimiert und Ihre Karriere f\u00f6rdert. Verbinden Sie Theorie und Praxis auf effektive Weise!","og_url":"https:\/\/www.alumni.space\/de\/ausbildung-oder-mentoring-warum-beides\/","og_site_name":"Alumni.space","article_published_time":"2025-03-09T12:50:52+00:00","article_modified_time":"2026-04-02T09:20:53+00:00","og_image":[{"width":1280,"height":768,"url":"https:\/\/www.alumni.space\/wp-content\/uploads\/2026\/03\/Formation-ou-mentorat-pourquoi-choisir-les-deux-.jpg","type":"image\/jpeg"}],"author":"admin","twitter_card":"summary_large_image","twitter_misc":{"Verfasst von":"admin","Gesch\u00e4tzte Lesezeit":"2\u00a0Minuten"},"schema":{"@context":"https:\/\/schema.org","@graph":[{"@type":"Article","@id":"https:\/\/www.alumni.space\/de\/ausbildung-oder-mentoring-warum-beides\/#article","isPartOf":{"@id":"https:\/\/www.alumni.space\/de\/ausbildung-oder-mentoring-warum-beides\/"},"author":{"name":"admin","@id":"https:\/\/www.alumni.space\/de\/#\/schema\/person\/fede362a57876edda476a61f05ce5b15"},"headline":"Ausbildung oder Mentoring: Warum beides?","datePublished":"2025-03-09T12:50:52+00:00","dateModified":"2026-04-02T09:20:53+00:00","mainEntityOfPage":{"@id":"https:\/\/www.alumni.space\/de\/ausbildung-oder-mentoring-warum-beides\/"},"wordCount":395,"image":{"@id":"https:\/\/www.alumni.space\/de\/ausbildung-oder-mentoring-warum-beides\/#primaryimage"},"thumbnailUrl":"https:\/\/www.alumni.space\/wp-content\/uploads\/2026\/03\/Formation-ou-mentorat-pourquoi-choisir-les-deux-.jpg","articleSection":["Mentoring"],"inLanguage":"de"},{"@type":"WebPage","@id":"https:\/\/www.alumni.space\/de\/ausbildung-oder-mentoring-warum-beides\/","url":"https:\/\/www.alumni.space\/de\/ausbildung-oder-mentoring-warum-beides\/","name":"Ausbildung und Mentoring: ein erfolgreiches Duo","isPartOf":{"@id":"https:\/\/www.alumni.space\/de\/#website"},"primaryImageOfPage":{"@id":"https:\/\/www.alumni.space\/de\/ausbildung-oder-mentoring-warum-beides\/#primaryimage"},"image":{"@id":"https:\/\/www.alumni.space\/de\/ausbildung-oder-mentoring-warum-beides\/#primaryimage"},"thumbnailUrl":"https:\/\/www.alumni.space\/wp-content\/uploads\/2026\/03\/Formation-ou-mentorat-pourquoi-choisir-les-deux-.jpg","datePublished":"2025-03-09T12:50:52+00:00","dateModified":"2026-04-02T09:20:53+00:00","author":{"@id":"https:\/\/www.alumni.space\/de\/#\/schema\/person\/fede362a57876edda476a61f05ce5b15"},"description":"Entdecken Sie, warum die Kombination von Training und Mentoring Ihr Lernen optimiert und Ihre Karriere f\u00f6rdert. Verbinden Sie Theorie und Praxis auf effektive Weise!","breadcrumb":{"@id":"https:\/\/www.alumni.space\/de\/ausbildung-oder-mentoring-warum-beides\/#breadcrumb"},"inLanguage":"de","potentialAction":[{"@type":"ReadAction","target":["https:\/\/www.alumni.space\/de\/ausbildung-oder-mentoring-warum-beides\/"]}]},{"@type":"ImageObject","inLanguage":"de","@id":"https:\/\/www.alumni.space\/de\/ausbildung-oder-mentoring-warum-beides\/#primaryimage","url":"https:\/\/www.alumni.space\/wp-content\/uploads\/2026\/03\/Formation-ou-mentorat-pourquoi-choisir-les-deux-.jpg","contentUrl":"https:\/\/www.alumni.space\/wp-content\/uploads\/2026\/03\/Formation-ou-mentorat-pourquoi-choisir-les-deux-.jpg","width":1280,"height":768,"caption":"Finden Sie heraus, warum eine Kombination aus Ausbildung und Mentoring die beste Strategie ist, um Ihre F\u00e4higkeiten zu entwickeln und Ihre beruflichen Ziele effektiv zu erreichen."},{"@type":"BreadcrumbList","@id":"https:\/\/www.alumni.space\/de\/ausbildung-oder-mentoring-warum-beides\/#breadcrumb","itemListElement":[{"@type":"ListItem","position":1,"name":"Home","item":"https:\/\/www.alumni.space\/de\/plattform-fuer-die-verwaltung-von-mentoring-und-unternehmensalumni\/"},{"@type":"ListItem","position":2,"name":"Ausbildung oder Mentoring: Warum beides?"}]},{"@type":"WebSite","@id":"https:\/\/www.alumni.space\/de\/#website","url":"https:\/\/www.alumni.space\/de\/","name":"Alumni.space","description":"My WordPress Blog","potentialAction":[{"@type":"SearchAction","target":{"@type":"EntryPoint","urlTemplate":"https:\/\/www.alumni.space\/de\/?s={search_term_string}"},"query-input":{"@type":"PropertyValueSpecification","valueRequired":true,"valueName":"search_term_string"}}],"inLanguage":"de"},{"@type":"Person","@id":"https:\/\/www.alumni.space\/de\/#\/schema\/person\/fede362a57876edda476a61f05ce5b15","name":"admin","image":{"@type":"ImageObject","inLanguage":"de","@id":"https:\/\/secure.gravatar.com\/avatar\/318e234ae94f90d4d629428d6b983c08e31181c28f579e08a021180d759ea651?s=96&d=mm&r=g","url":"https:\/\/secure.gravatar.com\/avatar\/318e234ae94f90d4d629428d6b983c08e31181c28f579e08a021180d759ea651?s=96&d=mm&r=g","contentUrl":"https:\/\/secure.gravatar.com\/avatar\/318e234ae94f90d4d629428d6b983c08e31181c28f579e08a021180d759ea651?s=96&d=mm&r=g","caption":"admin"},"description":"Nicolas Laustriat a construit sa sp\u00e9cialit\u00e9 sur un sujet que beaucoup d\u2019organisations d\u00e9couvrent trop tard : ce qui dispara\u00eet quand les gens partent. Dipl\u00f4m\u00e9 en conception de produit industriel, il bifurque vers le digital fin 1996, il couvre les transformations marques, RH, la fid\u00e9lisation, la marque employeur. Sur le terrain, il rep\u00e8re un angle mort r\u00e9current : l\u2019entreprise investit dans le recrutement, la formation, les process\u2026 puis laisse filer le lien au moment du d\u00e9part, avec une perte de savoir et d\u2019influence qui se paie en silence. Il se sp\u00e9cialise alors sur les communaut\u00e9s d\u2019alumni, le mentorat, l\u2019entraide interg\u00e9n\u00e9rationnelle et la transmission d\u2019expertise. Il passe du \u201cconstat\u201d aux m\u00e9thodes : animation, gouvernance, segmentation, rituels, mesure d\u2019engagement, articulation avec la RSE et l\u2019employabilit\u00e9. Il interviewe DRH, responsables formation, directions d\u2019\u00e9coles, associations et fondations, avec une obsession : transformer un r\u00e9seau dormant en m\u00e9canisme utile (cooptation, mentorat, job board, entraide, \u00e9v\u00e9nements, contenus). Son style : direct, orient\u00e9 action, sans folklore. Sa conviction : une communaut\u00e9 n\u2019a pas besoin de bruit, elle a besoin de raisons de revenir.","sameAs":["https:\/\/www.alumni.space"]}]}},"_links":{"self":[{"href":"https:\/\/www.alumni.space\/de\/wp-json\/wp\/v2\/posts\/5168","targetHints":{"allow":["GET"]}}],"collection":[{"href":"https:\/\/www.alumni.space\/de\/wp-json\/wp\/v2\/posts"}],"about":[{"href":"https:\/\/www.alumni.space\/de\/wp-json\/wp\/v2\/types\/post"}],"author":[{"embeddable":true,"href":"https:\/\/www.alumni.space\/de\/wp-json\/wp\/v2\/users\/1"}],"replies":[{"embeddable":true,"href":"https:\/\/www.alumni.space\/de\/wp-json\/wp\/v2\/comments?post=5168"}],"version-history":[{"count":1,"href":"https:\/\/www.alumni.space\/de\/wp-json\/wp\/v2\/posts\/5168\/revisions"}],"predecessor-version":[{"id":5172,"href":"https:\/\/www.alumni.space\/de\/wp-json\/wp\/v2\/posts\/5168\/revisions\/5172"}],"wp:featuredmedia":[{"embeddable":true,"href":"https:\/\/www.alumni.space\/de\/wp-json\/wp\/v2\/media\/5170"}],"wp:attachment":[{"href":"https:\/\/www.alumni.space\/de\/wp-json\/wp\/v2\/media?parent=5168"}],"wp:term":[{"taxonomy":"category","embeddable":true,"href":"https:\/\/www.alumni.space\/de\/wp-json\/wp\/v2\/categories?post=5168"},{"taxonomy":"post_tag","embeddable":true,"href":"https:\/\/www.alumni.space\/de\/wp-json\/wp\/v2\/tags?post=5168"}],"curies":[{"name":"wp","href":"https:\/\/api.w.org\/{rel}","templated":true}]}}