{"id":5109,"date":"2025-09-08T01:23:00","date_gmt":"2025-09-08T01:23:00","guid":{"rendered":"https:\/\/www.alumni.space\/wie-sie-ihre-ehemaligen-mitarbeiter-in-ihre-ausbildungsstrategie-einbeziehen-koennen\/"},"modified":"2026-03-28T10:46:44","modified_gmt":"2026-03-28T10:46:44","slug":"wie-sie-ihre-ehemaligen-mitarbeiter-in-ihre-ausbildungsstrategie-einbeziehen-koennen","status":"publish","type":"post","link":"https:\/\/www.alumni.space\/de\/wie-sie-ihre-ehemaligen-mitarbeiter-in-ihre-ausbildungsstrategie-einbeziehen-koennen\/","title":{"rendered":"Wie Sie Ihre ehemaligen Mitarbeiter in Ihre Ausbildungsstrategie einbeziehen k\u00f6nnen"},"content":{"rendered":"<p>Die Integration ehemaliger Mitarbeiter in die Ausbildungsstrategie optimiert den Wissenstransfer und die Aufrechterhaltung eines aktiven Netzwerks. Ein handlungsorientierter Text f\u00fcr Personalverantwortliche, Ausbildungsleiter, Schulen und Verb\u00e4nde, mit operativen Methoden und Steuerungsindikatoren. <\/p><div id=\"ez-toc-container\" class=\"ez-toc-v2_0_82_2 counter-flat ez-toc-counter ez-toc-grey ez-toc-container-direction\">\n<div class=\"ez-toc-title-container\"><p class=\"ez-toc-title\" style=\"cursor:inherit\">Inhalt dieses Artikels:<\/p>\n<\/div><nav><ul class='ez-toc-list ez-toc-list-level-1 ' ><li class='ez-toc-page-1'><a class=\"ez-toc-link ez-toc-heading-1\" href=\"https:\/\/www.alumni.space\/de\/wie-sie-ihre-ehemaligen-mitarbeiter-in-ihre-ausbildungsstrategie-einbeziehen-koennen\/#Integration_von_ehemaligen_Mitarbeitern_in_die_Ausbildungsstrategie_Herausforderungen_fuer_Entscheidungstraeger\" >Integration von ehemaligen Mitarbeitern in die Ausbildungsstrategie: Herausforderungen f\u00fcr Entscheidungstr\u00e4ger<\/a><\/li><li class='ez-toc-page-1'><a class=\"ez-toc-link ez-toc-heading-2\" href=\"https:\/\/www.alumni.space\/de\/wie-sie-ihre-ehemaligen-mitarbeiter-in-ihre-ausbildungsstrategie-einbeziehen-koennen\/#Methode_zur_Mobilisierung_ehemaliger_Mitarbeiter_fuerMentoring_undUpskilling\" >Methode zur Mobilisierung ehemaliger Mitarbeiter f\u00fcrMentoring undUpskilling<\/a><\/li><li class='ez-toc-page-1'><a class=\"ez-toc-link ez-toc-heading-3\" href=\"https:\/\/www.alumni.space\/de\/wie-sie-ihre-ehemaligen-mitarbeiter-in-ihre-ausbildungsstrategie-einbeziehen-koennen\/#Betriebsmechanismen_fuer_die_berufliche_Wiedereingliederung_und_das_Recycling_von_Faehigkeiten\" >Betriebsmechanismen f\u00fcr die berufliche Wiedereingliederung und das Recycling von F\u00e4higkeiten<\/a><\/li><li class='ez-toc-page-1'><a class=\"ez-toc-link ez-toc-heading-4\" href=\"https:\/\/www.alumni.space\/de\/wie-sie-ihre-ehemaligen-mitarbeiter-in-ihre-ausbildungsstrategie-einbeziehen-koennen\/#Steuerung_und_KPIs_fuer_Talentmanagement_Mitarbeiterengagement_und_kollektives_Gedaechtnis\" >Steuerung und KPIs f\u00fcr Talentmanagement, Mitarbeiterengagement und kollektives Ged\u00e4chtnis<\/a><\/li><\/ul><\/nav><\/div>\n<h2 class=\"wp-block-heading\"><span class=\"ez-toc-section\" id=\"Integration_von_ehemaligen_Mitarbeitern_in_die_Ausbildungsstrategie_Herausforderungen_fuer_Entscheidungstraeger\"><\/span>Integration von <strong>ehemaligen Mitarbeitern<\/strong> in die <strong>Ausbildungsstrategie<\/strong>: Herausforderungen f\u00fcr Entscheidungstr\u00e4ger<span class=\"ez-toc-section-end\"><\/span><\/h2><p>Versteckte Kosten f\u00fcr die Teams: Abwanderung von Kompetenzen, Verlangsamung kritischer Projekte, Imageverlust bei Talenten. Ein Abgang, der nicht nachvollzogen wird, f\u00fchrt zu einem <strong>Verlust des organisatorischen Ged\u00e4chtnisses<\/strong> und verringert den Fluss der internen Laufbahnen. <\/p><p>Fallstudie: Atelier Nova, ein mittelst\u00e4ndisches Industrieunternehmen, musste mit ansehen, wie ein Werkstattleiter das Unternehmen ohne formelle \u00dcbergabe verlie\u00df. Unmittelbare Folge: ungeschriebene Verfahren, l\u00e4ngere Produktionsunterbrechungen und die Inanspruchnahme teurer Dienstleister. Insight: Nicht dokumentiertes Erfahrungskapital verursacht direkte Betriebskosten.  <\/p><figure class=\"wp-block-image size-full\"><img decoding=\"async\" width=\"1344\" height=\"768\" src=\"https:\/\/www.alumni.space\/wp-content\/uploads\/2026\/03\/Comment-integrer-vos-anciens-salaries-dans-votre-strategie-de-formation-1.jpg\" data-orig-src=\"https:\/\/www.alumni.space\/wp-content\/uploads\/2026\/03\/Comment-integrer-vos-anciens-salaries-dans-votre-strategie-de-formation-1.jpg\" alt=\"Finden Sie heraus, wie Sie Ihre ehemaligen Mitarbeiter effektiv in Ihre Ausbildungsstrategie einbeziehen k\u00f6nnen, um ihre Kompetenzen zu st\u00e4rken und ihre Erfahrung in Ihrem Unternehmen aufzuwerten.\" class=\"lazyload wp-image-3387\" srcset=\"data:image\/svg+xml,%3Csvg%20xmlns%3D%27http%3A%2F%2Fwww.w3.org%2F2000%2Fsvg%27%20width%3D%271344%27%20height%3D%27768%27%20viewBox%3D%270%200%201344%20768%27%3E%3Crect%20width%3D%271344%27%20height%3D%27768%27%20fill-opacity%3D%220%22%2F%3E%3C%2Fsvg%3E\" data-srcset=\"https:\/\/www.alumni.space\/wp-content\/uploads\/2026\/03\/Comment-integrer-vos-anciens-salaries-dans-votre-strategie-de-formation-1-200x114.jpg 200w, https:\/\/www.alumni.space\/wp-content\/uploads\/2026\/03\/Comment-integrer-vos-anciens-salaries-dans-votre-strategie-de-formation-1-300x171.jpg 300w, https:\/\/www.alumni.space\/wp-content\/uploads\/2026\/03\/Comment-integrer-vos-anciens-salaries-dans-votre-strategie-de-formation-1-400x229.jpg 400w, https:\/\/www.alumni.space\/wp-content\/uploads\/2026\/03\/Comment-integrer-vos-anciens-salaries-dans-votre-strategie-de-formation-1-600x343.jpg 600w, https:\/\/www.alumni.space\/wp-content\/uploads\/2026\/03\/Comment-integrer-vos-anciens-salaries-dans-votre-strategie-de-formation-1-768x439.jpg 768w, https:\/\/www.alumni.space\/wp-content\/uploads\/2026\/03\/Comment-integrer-vos-anciens-salaries-dans-votre-strategie-de-formation-1-800x457.jpg 800w, https:\/\/www.alumni.space\/wp-content\/uploads\/2026\/03\/Comment-integrer-vos-anciens-salaries-dans-votre-strategie-de-formation-1-1024x585.jpg 1024w, https:\/\/www.alumni.space\/wp-content\/uploads\/2026\/03\/Comment-integrer-vos-anciens-salaries-dans-votre-strategie-de-formation-1-1200x686.jpg 1200w, https:\/\/www.alumni.space\/wp-content\/uploads\/2026\/03\/Comment-integrer-vos-anciens-salaries-dans-votre-strategie-de-formation-1.jpg 1344w\" data-sizes=\"auto\" data-orig-sizes=\"(max-width: 1344px) 100vw, 1344px\" \/><\/figure><h2 class=\"wp-block-heading\"><span class=\"ez-toc-section\" id=\"Methode_zur_Mobilisierung_ehemaliger_Mitarbeiter_fuerMentoring_undUpskilling\"><\/span>Methode zur Mobilisierung ehemaliger Mitarbeiter f\u00fcr<strong>Mentoring<\/strong> und<strong>Upskilling<\/strong><span class=\"ez-toc-section-end\"><\/span><\/h2><p>Phase 1, Identifizierung: Ermittlung kritischer Kompetenzen und ehemaliger Mitarbeiter, die bereit sind, zu begleiten. Segmentierung nach Berufen, Dienstalter und Verf\u00fcgbarkeit erleichtert die Schaffung gezielter Wege. <\/p><p>Phase 2, Ritualisierung: Mentorenpakt, Kalender mit kurzen Workshops, <strong>Weiterbildungsmodulen<\/strong> und Feedback-Sitzungen. Eine SaaS-Plattform vermeidet den Gebrauch von verstreuten Tabellen und zentralisiert Profile, Veranstaltungen, Angebote und <strong>Jobb\u00f6rsen<\/strong>. Um diese Nutzung zu industrialisieren, konsultieren Sie bitte einen Leitfaden zur <a href=\"https:\/\/www.alumni.space\/de\/wie-kann-der-verlust-von-fachwissen-in-der-industriellen-instandhaltung-verhindert-werden\/\">Vermeidung des Verlustes von Fachwissen<\/a>.  <\/p><p>Fallbeispiel: Eine Hochschule f\u00fchrte monatliche Zweiergruppen zwischen ehemaligen und jungen Absolventen ein, was zu Kooptation und dem Ausgleich von Kompetenzl\u00fccken \u00fcber zwei Semester hinweg f\u00fchrte. Einsicht: Einfache Regeln + regelm\u00e4\u00dfiger Zeitplan f\u00fchren zu einer schnellen \u00dcbernahme. <\/p><h3 class=\"wp-block-heading\"><span class=\"ez-toc-section\" id=\"Betriebsmechanismen_fuer_die_berufliche_Wiedereingliederung_und_das_Recycling_von_Faehigkeiten\"><\/span>Betriebsmechanismen f\u00fcr die <strong>berufliche Wiedereingliederung<\/strong> und das <strong>Recycling von F\u00e4higkeiten<\/strong><span class=\"ez-toc-section-end\"><\/span><\/h3><p>Regelm\u00e4\u00dfige Animation: Themenabende, Berufsworkshops, Masterclasses, die von Ehemaligen geleitet werden. Sichtbarkeit interner Stellenangebote und Kooptation \u00fcber einen speziellen Bereich erh\u00f6ht die interne Mobilit\u00e4t und die Einstellungsrate durch Empfehlungen. <\/p><p>Konkrete Instrumente: Publikationsbereich, Dokumentationsbibliothek, Buddy-System, Angebotsboard. Erfahrungsbericht: Eine Berufsschule, die ein Alumni-Netzwerk aktivierte, beschleunigte das<strong>Upskilling<\/strong> der Auszubildenden und reduzierte die Nutzung externer Rekrutierung, was sich auf die Kosten f\u00fcr die Personalbeschaffung auswirkte. <\/p><p>F\u00fcr einen Rahmen f\u00fcr Mentoring-Programme in Unternehmen lesen Sie die Studie \u00fcber den Erfolg von <a href=\"https:\/\/www.alumni.space\/de\/5-beispiele-fuer-grosse-unternehmen-die-durch-mentoring-erfolgreich-sind\/\">Mentoring in Unternehmen<\/a> und die Auswirkungen auf die Arbeitgebermarke. Insight: Sichtbarkeit der Angebote und Rituale der Animation steigern das Engagement. <\/p><h2 class=\"wp-block-heading\"><span class=\"ez-toc-section\" id=\"Steuerung_und_KPIs_fuer_Talentmanagement_Mitarbeiterengagement_und_kollektives_Gedaechtnis\"><\/span>Steuerung und KPIs f\u00fcr Talentmanagement, <strong>Mitarbeiterengagement<\/strong> und kollektives Ged\u00e4chtnis<span class=\"ez-toc-section-end\"><\/span><\/h2><p>Empfohlene KPIs: Alumni-Einschreibungsquote, geleistete Mentoring-Stunden, Stellenangebote auf dem <strong>Job Board<\/strong>, Kooptationsrate, qualitative Indikatoren aus Erfahrungsberichten. Ein zentrales Dashboard erleichtert die CSR-Governance und Berichterstattung. <\/p><p>N\u00fctzliche Links zur Verfolgung konkreter Auswirkungen: Artikel \u00fcber die Aufwertung des organisatorischen Ged\u00e4chtnisses und die Verwaltung des Erfahrungskapitals <a href=\"https:\/\/www.alumni.space\/de\/die-bedeutung-des-organisatorischen-gedaechtnisses-zur-begrenzung-von-wissensverlusten\/\">hier<\/a> verf\u00fcgbar, sowie eine Ressource \u00fcber die Wiedereinstellung ehemaliger Mitarbeiter <a href=\"https:\/\/www.alumni.space\/de\/stellen-sie-ihre-ehemaligen-mitarbeiter-durch-einmalige-auftraege-wieder-ein\/\">hier verf\u00fcgbar<\/a>. Insight: Einfache Metriken, regelm\u00e4\u00dfiges Monitoring und strukturierte Kommunikation erh\u00f6hen die Attraktivit\u00e4t und die Loyalit\u00e4t. <\/p><p>Was soll diese Woche in Angriff genommen werden: Definition eines Pilotprojekts, Segmentierung von 50 vorrangigen Alumni, Planung von zwei Workshops und Einrichtung eines ersten Mentoring-Programms. Um diese Schritte zu industrialisieren, zentralisiert <strong>alumni.space<\/strong> Profile, Veranstaltungen, Mentoring, Inhalte und Angebote und vermeidet so verstreute Tabellenkalkulationen und mehrere Tools. <\/p><p><strong>Fordern Sie eine Demo an<\/strong><\/p>","protected":false},"excerpt":{"rendered":"<p>Die Integration ehemaliger Mitarbeiter in die Ausbildungsstrategie optimiert den Wissenstransfer  [&#8230;]<\/p>\n","protected":false},"author":1,"featured_media":5111,"comment_status":"closed","ping_status":"closed","sticky":false,"template":"","format":"standard","meta":{"_ayudawp_aiss_exclude":false,"footnotes":""},"categories":[57],"tags":[],"class_list":["post-5109","post","type-post","status-publish","format-standard","has-post-thumbnail","hentry","category-alumni"],"yoast_head":"<!-- This site is optimized with the Yoast SEO plugin v27.4 - https:\/\/yoast.com\/product\/yoast-seo-wordpress\/ -->\n<title>Reintegration ehemaliger Mitarbeiter in Ihre Bildungsstrategie<\/title>\n<meta name=\"description\" content=\"Erfahren Sie, wie Sie Ihre ehemaligen Mitarbeiter effektiv in Ihre Lernstrategie integrieren k\u00f6nnen, um Kompetenzen und Leistung in Ihrem Unternehmen zu steigern.\" \/>\n<meta name=\"robots\" content=\"index, follow, max-snippet:-1, max-image-preview:large, max-video-preview:-1\" \/>\n<link rel=\"canonical\" href=\"https:\/\/www.alumni.space\/de\/wie-sie-ihre-ehemaligen-mitarbeiter-in-ihre-ausbildungsstrategie-einbeziehen-koennen\/\" \/>\n<meta property=\"og:locale\" content=\"de_DE\" \/>\n<meta property=\"og:type\" content=\"article\" \/>\n<meta property=\"og:title\" content=\"Reintegration ehemaliger Mitarbeiter in Ihre Bildungsstrategie\" \/>\n<meta property=\"og:description\" content=\"Erfahren Sie, wie Sie Ihre ehemaligen Mitarbeiter effektiv in Ihre Lernstrategie integrieren k\u00f6nnen, um Kompetenzen und Leistung in Ihrem Unternehmen zu steigern.\" \/>\n<meta property=\"og:url\" content=\"https:\/\/www.alumni.space\/de\/wie-sie-ihre-ehemaligen-mitarbeiter-in-ihre-ausbildungsstrategie-einbeziehen-koennen\/\" \/>\n<meta property=\"og:site_name\" content=\"Alumni.space\" \/>\n<meta property=\"article:published_time\" content=\"2025-09-08T01:23:00+00:00\" \/>\n<meta property=\"article:modified_time\" content=\"2026-03-28T10:46:44+00:00\" \/>\n<meta property=\"og:image\" content=\"https:\/\/www.alumni.space\/wp-content\/uploads\/2026\/03\/Comment-integrer-vos-anciens-salaries-dans-votre-strategie-de-formation.jpg\" \/>\n\t<meta property=\"og:image:width\" content=\"1344\" \/>\n\t<meta property=\"og:image:height\" content=\"768\" \/>\n\t<meta property=\"og:image:type\" content=\"image\/jpeg\" \/>\n<meta name=\"author\" content=\"admin\" \/>\n<meta name=\"twitter:card\" content=\"summary_large_image\" \/>\n<meta name=\"twitter:label1\" content=\"Verfasst von\" \/>\n\t<meta name=\"twitter:data1\" content=\"admin\" \/>\n\t<meta name=\"twitter:label2\" content=\"Gesch\u00e4tzte Lesezeit\" \/>\n\t<meta name=\"twitter:data2\" content=\"2\u00a0Minuten\" \/>\n<script type=\"application\/ld+json\" class=\"yoast-schema-graph\">{\"@context\":\"https:\\\/\\\/schema.org\",\"@graph\":[{\"@type\":\"Article\",\"@id\":\"https:\\\/\\\/www.alumni.space\\\/de\\\/wie-sie-ihre-ehemaligen-mitarbeiter-in-ihre-ausbildungsstrategie-einbeziehen-koennen\\\/#article\",\"isPartOf\":{\"@id\":\"https:\\\/\\\/www.alumni.space\\\/de\\\/wie-sie-ihre-ehemaligen-mitarbeiter-in-ihre-ausbildungsstrategie-einbeziehen-koennen\\\/\"},\"author\":{\"name\":\"admin\",\"@id\":\"https:\\\/\\\/www.alumni.space\\\/de\\\/#\\\/schema\\\/person\\\/fede362a57876edda476a61f05ce5b15\"},\"headline\":\"Wie Sie Ihre ehemaligen Mitarbeiter in Ihre Ausbildungsstrategie einbeziehen k\u00f6nnen\",\"datePublished\":\"2025-09-08T01:23:00+00:00\",\"dateModified\":\"2026-03-28T10:46:44+00:00\",\"mainEntityOfPage\":{\"@id\":\"https:\\\/\\\/www.alumni.space\\\/de\\\/wie-sie-ihre-ehemaligen-mitarbeiter-in-ihre-ausbildungsstrategie-einbeziehen-koennen\\\/\"},\"wordCount\":495,\"image\":{\"@id\":\"https:\\\/\\\/www.alumni.space\\\/de\\\/wie-sie-ihre-ehemaligen-mitarbeiter-in-ihre-ausbildungsstrategie-einbeziehen-koennen\\\/#primaryimage\"},\"thumbnailUrl\":\"https:\\\/\\\/www.alumni.space\\\/wp-content\\\/uploads\\\/2026\\\/03\\\/Comment-integrer-vos-anciens-salaries-dans-votre-strategie-de-formation.jpg\",\"articleSection\":[\"Alumni\"],\"inLanguage\":\"de\"},{\"@type\":\"WebPage\",\"@id\":\"https:\\\/\\\/www.alumni.space\\\/de\\\/wie-sie-ihre-ehemaligen-mitarbeiter-in-ihre-ausbildungsstrategie-einbeziehen-koennen\\\/\",\"url\":\"https:\\\/\\\/www.alumni.space\\\/de\\\/wie-sie-ihre-ehemaligen-mitarbeiter-in-ihre-ausbildungsstrategie-einbeziehen-koennen\\\/\",\"name\":\"Reintegration ehemaliger Mitarbeiter in Ihre Bildungsstrategie\",\"isPartOf\":{\"@id\":\"https:\\\/\\\/www.alumni.space\\\/de\\\/#website\"},\"primaryImageOfPage\":{\"@id\":\"https:\\\/\\\/www.alumni.space\\\/de\\\/wie-sie-ihre-ehemaligen-mitarbeiter-in-ihre-ausbildungsstrategie-einbeziehen-koennen\\\/#primaryimage\"},\"image\":{\"@id\":\"https:\\\/\\\/www.alumni.space\\\/de\\\/wie-sie-ihre-ehemaligen-mitarbeiter-in-ihre-ausbildungsstrategie-einbeziehen-koennen\\\/#primaryimage\"},\"thumbnailUrl\":\"https:\\\/\\\/www.alumni.space\\\/wp-content\\\/uploads\\\/2026\\\/03\\\/Comment-integrer-vos-anciens-salaries-dans-votre-strategie-de-formation.jpg\",\"datePublished\":\"2025-09-08T01:23:00+00:00\",\"dateModified\":\"2026-03-28T10:46:44+00:00\",\"author\":{\"@id\":\"https:\\\/\\\/www.alumni.space\\\/de\\\/#\\\/schema\\\/person\\\/fede362a57876edda476a61f05ce5b15\"},\"description\":\"Erfahren Sie, wie Sie Ihre ehemaligen Mitarbeiter effektiv in Ihre Lernstrategie integrieren k\u00f6nnen, um Kompetenzen und Leistung in Ihrem Unternehmen zu steigern.\",\"breadcrumb\":{\"@id\":\"https:\\\/\\\/www.alumni.space\\\/de\\\/wie-sie-ihre-ehemaligen-mitarbeiter-in-ihre-ausbildungsstrategie-einbeziehen-koennen\\\/#breadcrumb\"},\"inLanguage\":\"de\",\"potentialAction\":[{\"@type\":\"ReadAction\",\"target\":[\"https:\\\/\\\/www.alumni.space\\\/de\\\/wie-sie-ihre-ehemaligen-mitarbeiter-in-ihre-ausbildungsstrategie-einbeziehen-koennen\\\/\"]}]},{\"@type\":\"ImageObject\",\"inLanguage\":\"de\",\"@id\":\"https:\\\/\\\/www.alumni.space\\\/de\\\/wie-sie-ihre-ehemaligen-mitarbeiter-in-ihre-ausbildungsstrategie-einbeziehen-koennen\\\/#primaryimage\",\"url\":\"https:\\\/\\\/www.alumni.space\\\/wp-content\\\/uploads\\\/2026\\\/03\\\/Comment-integrer-vos-anciens-salaries-dans-votre-strategie-de-formation.jpg\",\"contentUrl\":\"https:\\\/\\\/www.alumni.space\\\/wp-content\\\/uploads\\\/2026\\\/03\\\/Comment-integrer-vos-anciens-salaries-dans-votre-strategie-de-formation.jpg\",\"width\":1344,\"height\":768,\"caption\":\"Finden Sie heraus, wie Sie Ihre ehemaligen Mitarbeiter effektiv in Ihre Lernstrategie einbeziehen k\u00f6nnen, um ihre Erfahrung zu nutzen und die Kompetenzen Ihres Teams zu st\u00e4rken.\"},{\"@type\":\"BreadcrumbList\",\"@id\":\"https:\\\/\\\/www.alumni.space\\\/de\\\/wie-sie-ihre-ehemaligen-mitarbeiter-in-ihre-ausbildungsstrategie-einbeziehen-koennen\\\/#breadcrumb\",\"itemListElement\":[{\"@type\":\"ListItem\",\"position\":1,\"name\":\"Home\",\"item\":\"https:\\\/\\\/www.alumni.space\\\/de\\\/plattform-fuer-die-verwaltung-von-mentoring-und-unternehmensalumni\\\/\"},{\"@type\":\"ListItem\",\"position\":2,\"name\":\"Wie Sie Ihre ehemaligen Mitarbeiter in Ihre Ausbildungsstrategie einbeziehen k\u00f6nnen\"}]},{\"@type\":\"WebSite\",\"@id\":\"https:\\\/\\\/www.alumni.space\\\/de\\\/#website\",\"url\":\"https:\\\/\\\/www.alumni.space\\\/de\\\/\",\"name\":\"Alumni.space\",\"description\":\"My WordPress Blog\",\"potentialAction\":[{\"@type\":\"SearchAction\",\"target\":{\"@type\":\"EntryPoint\",\"urlTemplate\":\"https:\\\/\\\/www.alumni.space\\\/de\\\/?s={search_term_string}\"},\"query-input\":{\"@type\":\"PropertyValueSpecification\",\"valueRequired\":true,\"valueName\":\"search_term_string\"}}],\"inLanguage\":\"de\"},{\"@type\":\"Person\",\"@id\":\"https:\\\/\\\/www.alumni.space\\\/de\\\/#\\\/schema\\\/person\\\/fede362a57876edda476a61f05ce5b15\",\"name\":\"admin\",\"image\":{\"@type\":\"ImageObject\",\"inLanguage\":\"de\",\"@id\":\"https:\\\/\\\/secure.gravatar.com\\\/avatar\\\/318e234ae94f90d4d629428d6b983c08e31181c28f579e08a021180d759ea651?s=96&d=mm&r=g\",\"url\":\"https:\\\/\\\/secure.gravatar.com\\\/avatar\\\/318e234ae94f90d4d629428d6b983c08e31181c28f579e08a021180d759ea651?s=96&d=mm&r=g\",\"contentUrl\":\"https:\\\/\\\/secure.gravatar.com\\\/avatar\\\/318e234ae94f90d4d629428d6b983c08e31181c28f579e08a021180d759ea651?s=96&d=mm&r=g\",\"caption\":\"admin\"},\"description\":\"Nicolas Laustriat a construit sa sp\u00e9cialit\u00e9 sur un sujet que beaucoup d\u2019organisations d\u00e9couvrent trop tard : ce qui dispara\u00eet quand les gens partent. Dipl\u00f4m\u00e9 en conception de produit industriel, il bifurque vers le digital fin 1996, il couvre les transformations marques, RH, la fid\u00e9lisation, la marque employeur. Sur le terrain, il rep\u00e8re un angle mort r\u00e9current : l\u2019entreprise investit dans le recrutement, la formation, les process\u2026 puis laisse filer le lien au moment du d\u00e9part, avec une perte de savoir et d\u2019influence qui se paie en silence. Il se sp\u00e9cialise alors sur les communaut\u00e9s d\u2019alumni, le mentorat, l\u2019entraide interg\u00e9n\u00e9rationnelle et la transmission d\u2019expertise. Il passe du \u201cconstat\u201d aux m\u00e9thodes : animation, gouvernance, segmentation, rituels, mesure d\u2019engagement, articulation avec la RSE et l\u2019employabilit\u00e9. Il interviewe DRH, responsables formation, directions d\u2019\u00e9coles, associations et fondations, avec une obsession : transformer un r\u00e9seau dormant en m\u00e9canisme utile (cooptation, mentorat, job board, entraide, \u00e9v\u00e9nements, contenus). Son style : direct, orient\u00e9 action, sans folklore. Sa conviction : une communaut\u00e9 n\u2019a pas besoin de bruit, elle a besoin de raisons de revenir.\",\"sameAs\":[\"https:\\\/\\\/www.alumni.space\"]}]}<\/script>\n<!-- \/ Yoast SEO plugin. -->","yoast_head_json":{"title":"Reintegration ehemaliger Mitarbeiter in Ihre Bildungsstrategie","description":"Erfahren Sie, wie Sie Ihre ehemaligen Mitarbeiter effektiv in Ihre Lernstrategie integrieren k\u00f6nnen, um Kompetenzen und Leistung in Ihrem Unternehmen zu steigern.","robots":{"index":"index","follow":"follow","max-snippet":"max-snippet:-1","max-image-preview":"max-image-preview:large","max-video-preview":"max-video-preview:-1"},"canonical":"https:\/\/www.alumni.space\/de\/wie-sie-ihre-ehemaligen-mitarbeiter-in-ihre-ausbildungsstrategie-einbeziehen-koennen\/","og_locale":"de_DE","og_type":"article","og_title":"Reintegration ehemaliger Mitarbeiter in Ihre Bildungsstrategie","og_description":"Erfahren Sie, wie Sie Ihre ehemaligen Mitarbeiter effektiv in Ihre Lernstrategie integrieren k\u00f6nnen, um Kompetenzen und Leistung in Ihrem Unternehmen zu steigern.","og_url":"https:\/\/www.alumni.space\/de\/wie-sie-ihre-ehemaligen-mitarbeiter-in-ihre-ausbildungsstrategie-einbeziehen-koennen\/","og_site_name":"Alumni.space","article_published_time":"2025-09-08T01:23:00+00:00","article_modified_time":"2026-03-28T10:46:44+00:00","og_image":[{"width":1344,"height":768,"url":"https:\/\/www.alumni.space\/wp-content\/uploads\/2026\/03\/Comment-integrer-vos-anciens-salaries-dans-votre-strategie-de-formation.jpg","type":"image\/jpeg"}],"author":"admin","twitter_card":"summary_large_image","twitter_misc":{"Verfasst von":"admin","Gesch\u00e4tzte Lesezeit":"2\u00a0Minuten"},"schema":{"@context":"https:\/\/schema.org","@graph":[{"@type":"Article","@id":"https:\/\/www.alumni.space\/de\/wie-sie-ihre-ehemaligen-mitarbeiter-in-ihre-ausbildungsstrategie-einbeziehen-koennen\/#article","isPartOf":{"@id":"https:\/\/www.alumni.space\/de\/wie-sie-ihre-ehemaligen-mitarbeiter-in-ihre-ausbildungsstrategie-einbeziehen-koennen\/"},"author":{"name":"admin","@id":"https:\/\/www.alumni.space\/de\/#\/schema\/person\/fede362a57876edda476a61f05ce5b15"},"headline":"Wie Sie Ihre ehemaligen Mitarbeiter in Ihre Ausbildungsstrategie einbeziehen k\u00f6nnen","datePublished":"2025-09-08T01:23:00+00:00","dateModified":"2026-03-28T10:46:44+00:00","mainEntityOfPage":{"@id":"https:\/\/www.alumni.space\/de\/wie-sie-ihre-ehemaligen-mitarbeiter-in-ihre-ausbildungsstrategie-einbeziehen-koennen\/"},"wordCount":495,"image":{"@id":"https:\/\/www.alumni.space\/de\/wie-sie-ihre-ehemaligen-mitarbeiter-in-ihre-ausbildungsstrategie-einbeziehen-koennen\/#primaryimage"},"thumbnailUrl":"https:\/\/www.alumni.space\/wp-content\/uploads\/2026\/03\/Comment-integrer-vos-anciens-salaries-dans-votre-strategie-de-formation.jpg","articleSection":["Alumni"],"inLanguage":"de"},{"@type":"WebPage","@id":"https:\/\/www.alumni.space\/de\/wie-sie-ihre-ehemaligen-mitarbeiter-in-ihre-ausbildungsstrategie-einbeziehen-koennen\/","url":"https:\/\/www.alumni.space\/de\/wie-sie-ihre-ehemaligen-mitarbeiter-in-ihre-ausbildungsstrategie-einbeziehen-koennen\/","name":"Reintegration ehemaliger Mitarbeiter in Ihre Bildungsstrategie","isPartOf":{"@id":"https:\/\/www.alumni.space\/de\/#website"},"primaryImageOfPage":{"@id":"https:\/\/www.alumni.space\/de\/wie-sie-ihre-ehemaligen-mitarbeiter-in-ihre-ausbildungsstrategie-einbeziehen-koennen\/#primaryimage"},"image":{"@id":"https:\/\/www.alumni.space\/de\/wie-sie-ihre-ehemaligen-mitarbeiter-in-ihre-ausbildungsstrategie-einbeziehen-koennen\/#primaryimage"},"thumbnailUrl":"https:\/\/www.alumni.space\/wp-content\/uploads\/2026\/03\/Comment-integrer-vos-anciens-salaries-dans-votre-strategie-de-formation.jpg","datePublished":"2025-09-08T01:23:00+00:00","dateModified":"2026-03-28T10:46:44+00:00","author":{"@id":"https:\/\/www.alumni.space\/de\/#\/schema\/person\/fede362a57876edda476a61f05ce5b15"},"description":"Erfahren Sie, wie Sie Ihre ehemaligen Mitarbeiter effektiv in Ihre Lernstrategie integrieren k\u00f6nnen, um Kompetenzen und Leistung in Ihrem Unternehmen zu steigern.","breadcrumb":{"@id":"https:\/\/www.alumni.space\/de\/wie-sie-ihre-ehemaligen-mitarbeiter-in-ihre-ausbildungsstrategie-einbeziehen-koennen\/#breadcrumb"},"inLanguage":"de","potentialAction":[{"@type":"ReadAction","target":["https:\/\/www.alumni.space\/de\/wie-sie-ihre-ehemaligen-mitarbeiter-in-ihre-ausbildungsstrategie-einbeziehen-koennen\/"]}]},{"@type":"ImageObject","inLanguage":"de","@id":"https:\/\/www.alumni.space\/de\/wie-sie-ihre-ehemaligen-mitarbeiter-in-ihre-ausbildungsstrategie-einbeziehen-koennen\/#primaryimage","url":"https:\/\/www.alumni.space\/wp-content\/uploads\/2026\/03\/Comment-integrer-vos-anciens-salaries-dans-votre-strategie-de-formation.jpg","contentUrl":"https:\/\/www.alumni.space\/wp-content\/uploads\/2026\/03\/Comment-integrer-vos-anciens-salaries-dans-votre-strategie-de-formation.jpg","width":1344,"height":768,"caption":"Finden Sie heraus, wie Sie Ihre ehemaligen Mitarbeiter effektiv in Ihre Lernstrategie einbeziehen k\u00f6nnen, um ihre Erfahrung zu nutzen und die Kompetenzen Ihres Teams zu st\u00e4rken."},{"@type":"BreadcrumbList","@id":"https:\/\/www.alumni.space\/de\/wie-sie-ihre-ehemaligen-mitarbeiter-in-ihre-ausbildungsstrategie-einbeziehen-koennen\/#breadcrumb","itemListElement":[{"@type":"ListItem","position":1,"name":"Home","item":"https:\/\/www.alumni.space\/de\/plattform-fuer-die-verwaltung-von-mentoring-und-unternehmensalumni\/"},{"@type":"ListItem","position":2,"name":"Wie Sie Ihre ehemaligen Mitarbeiter in Ihre Ausbildungsstrategie einbeziehen k\u00f6nnen"}]},{"@type":"WebSite","@id":"https:\/\/www.alumni.space\/de\/#website","url":"https:\/\/www.alumni.space\/de\/","name":"Alumni.space","description":"My WordPress Blog","potentialAction":[{"@type":"SearchAction","target":{"@type":"EntryPoint","urlTemplate":"https:\/\/www.alumni.space\/de\/?s={search_term_string}"},"query-input":{"@type":"PropertyValueSpecification","valueRequired":true,"valueName":"search_term_string"}}],"inLanguage":"de"},{"@type":"Person","@id":"https:\/\/www.alumni.space\/de\/#\/schema\/person\/fede362a57876edda476a61f05ce5b15","name":"admin","image":{"@type":"ImageObject","inLanguage":"de","@id":"https:\/\/secure.gravatar.com\/avatar\/318e234ae94f90d4d629428d6b983c08e31181c28f579e08a021180d759ea651?s=96&d=mm&r=g","url":"https:\/\/secure.gravatar.com\/avatar\/318e234ae94f90d4d629428d6b983c08e31181c28f579e08a021180d759ea651?s=96&d=mm&r=g","contentUrl":"https:\/\/secure.gravatar.com\/avatar\/318e234ae94f90d4d629428d6b983c08e31181c28f579e08a021180d759ea651?s=96&d=mm&r=g","caption":"admin"},"description":"Nicolas Laustriat a construit sa sp\u00e9cialit\u00e9 sur un sujet que beaucoup d\u2019organisations d\u00e9couvrent trop tard : ce qui dispara\u00eet quand les gens partent. Dipl\u00f4m\u00e9 en conception de produit industriel, il bifurque vers le digital fin 1996, il couvre les transformations marques, RH, la fid\u00e9lisation, la marque employeur. Sur le terrain, il rep\u00e8re un angle mort r\u00e9current : l\u2019entreprise investit dans le recrutement, la formation, les process\u2026 puis laisse filer le lien au moment du d\u00e9part, avec une perte de savoir et d\u2019influence qui se paie en silence. Il se sp\u00e9cialise alors sur les communaut\u00e9s d\u2019alumni, le mentorat, l\u2019entraide interg\u00e9n\u00e9rationnelle et la transmission d\u2019expertise. Il passe du \u201cconstat\u201d aux m\u00e9thodes : animation, gouvernance, segmentation, rituels, mesure d\u2019engagement, articulation avec la RSE et l\u2019employabilit\u00e9. Il interviewe DRH, responsables formation, directions d\u2019\u00e9coles, associations et fondations, avec une obsession : transformer un r\u00e9seau dormant en m\u00e9canisme utile (cooptation, mentorat, job board, entraide, \u00e9v\u00e9nements, contenus). Son style : direct, orient\u00e9 action, sans folklore. Sa conviction : une communaut\u00e9 n\u2019a pas besoin de bruit, elle a besoin de raisons de revenir.","sameAs":["https:\/\/www.alumni.space"]}]}},"_links":{"self":[{"href":"https:\/\/www.alumni.space\/de\/wp-json\/wp\/v2\/posts\/5109","targetHints":{"allow":["GET"]}}],"collection":[{"href":"https:\/\/www.alumni.space\/de\/wp-json\/wp\/v2\/posts"}],"about":[{"href":"https:\/\/www.alumni.space\/de\/wp-json\/wp\/v2\/types\/post"}],"author":[{"embeddable":true,"href":"https:\/\/www.alumni.space\/de\/wp-json\/wp\/v2\/users\/1"}],"replies":[{"embeddable":true,"href":"https:\/\/www.alumni.space\/de\/wp-json\/wp\/v2\/comments?post=5109"}],"version-history":[{"count":1,"href":"https:\/\/www.alumni.space\/de\/wp-json\/wp\/v2\/posts\/5109\/revisions"}],"predecessor-version":[{"id":5113,"href":"https:\/\/www.alumni.space\/de\/wp-json\/wp\/v2\/posts\/5109\/revisions\/5113"}],"wp:featuredmedia":[{"embeddable":true,"href":"https:\/\/www.alumni.space\/de\/wp-json\/wp\/v2\/media\/5111"}],"wp:attachment":[{"href":"https:\/\/www.alumni.space\/de\/wp-json\/wp\/v2\/media?parent=5109"}],"wp:term":[{"taxonomy":"category","embeddable":true,"href":"https:\/\/www.alumni.space\/de\/wp-json\/wp\/v2\/categories?post=5109"},{"taxonomy":"post_tag","embeddable":true,"href":"https:\/\/www.alumni.space\/de\/wp-json\/wp\/v2\/tags?post=5109"}],"curies":[{"name":"wp","href":"https:\/\/api.w.org\/{rel}","templated":true}]}}