{"id":4937,"date":"2025-09-02T04:12:42","date_gmt":"2025-09-02T04:12:42","guid":{"rendered":"https:\/\/www.alumni.space\/die-bedeutung-des-organisatorischen-gedaechtnisses-zur-begrenzung-von-wissensverlusten\/"},"modified":"2026-03-28T10:48:52","modified_gmt":"2026-03-28T10:48:52","slug":"die-bedeutung-des-organisatorischen-gedaechtnisses-zur-begrenzung-von-wissensverlusten","status":"publish","type":"post","link":"https:\/\/www.alumni.space\/de\/die-bedeutung-des-organisatorischen-gedaechtnisses-zur-begrenzung-von-wissensverlusten\/","title":{"rendered":"Die Bedeutung des organisatorischen Ged\u00e4chtnisses zur Begrenzung von Wissensverlusten"},"content":{"rendered":"<div id=\"ez-toc-container\" class=\"ez-toc-v2_0_82_2 counter-flat ez-toc-counter ez-toc-grey ez-toc-container-direction\">\n<div class=\"ez-toc-title-container\"><p class=\"ez-toc-title\" style=\"cursor:inherit\">Inhalt dieses Artikels:<\/p>\n<\/div><nav><ul class='ez-toc-list ez-toc-list-level-1 ' ><li class='ez-toc-page-1'><a class=\"ez-toc-link ez-toc-heading-1\" href=\"https:\/\/www.alumni.space\/de\/die-bedeutung-des-organisatorischen-gedaechtnisses-zur-begrenzung-von-wissensverlusten\/#Das_organisatorische_Gedaechtnis_ein_strategischer_Hebel_fuer_die_Erhaltung_des_intellektuellen_Kapitals\" >Das organisatorische Ged\u00e4chtnis: ein strategischer Hebel f\u00fcr die Erhaltung des intellektuellen Kapitals<\/a><\/li><li class='ez-toc-page-1'><a class=\"ez-toc-link ez-toc-heading-2\" href=\"https:\/\/www.alumni.space\/de\/die-bedeutung-des-organisatorischen-gedaechtnisses-zur-begrenzung-von-wissensverlusten\/#Schluesselkomponenten_des_organisatorischen_Gedaechtnisses_um_das_Vergessen_von_Wissen_zu_begrenzen\" >Schl\u00fcsselkomponenten des organisatorischen Ged\u00e4chtnisses, um das Vergessen von Wissen zu begrenzen<\/a><\/li><li class='ez-toc-page-1'><a class=\"ez-toc-link ez-toc-heading-3\" href=\"https:\/\/www.alumni.space\/de\/die-bedeutung-des-organisatorischen-gedaechtnisses-zur-begrenzung-von-wissensverlusten\/#Werkzeuge_und_Methoden_zur_effektiven_Strukturierung_und_Verbreitung_des_Unternehmensgedaechtnisses\" >Werkzeuge und Methoden zur effektiven Strukturierung und Verbreitung des Unternehmensged\u00e4chtnisses<\/a><\/li><li class='ez-toc-page-1'><a class=\"ez-toc-link ez-toc-heading-4\" href=\"https:\/\/www.alumni.space\/de\/die-bedeutung-des-organisatorischen-gedaechtnisses-zur-begrenzung-von-wissensverlusten\/#Integration_und_Animation_von_Gemeinschaften_zur_Staerkung_des_kollektiven_Gedaechtnisses\" >Integration und Animation von Gemeinschaften zur St\u00e4rkung des kollektiven Ged\u00e4chtnisses<\/a><\/li><li class='ez-toc-page-1'><a class=\"ez-toc-link ez-toc-heading-5\" href=\"https:\/\/www.alumni.space\/de\/die-bedeutung-des-organisatorischen-gedaechtnisses-zur-begrenzung-von-wissensverlusten\/#Einen_proaktiven_Ansatz_zur_Sicherung_des_Know-hows_und_zur_Aufwertung_des_Firmengedaechtnisses_verfolgen\" >Einen proaktiven Ansatz zur Sicherung des Know-hows und zur Aufwertung des Firmenged\u00e4chtnisses verfolgen<\/a><\/li><\/ul><\/nav><\/div>\n<h2 class=\"wp-block-heading\"><span class=\"ez-toc-section\" id=\"Das_organisatorische_Gedaechtnis_ein_strategischer_Hebel_fuer_die_Erhaltung_des_intellektuellen_Kapitals\"><\/span>Das organisatorische Ged\u00e4chtnis: ein strategischer Hebel f\u00fcr die Erhaltung des intellektuellen Kapitals<span class=\"ez-toc-section-end\"><\/span><\/h2><p>Das <strong>organisatorische Ged\u00e4chtnis<\/strong> verk\u00f6rpert das gesamte Wissen und <strong>Know-how,<\/strong> das im Laufe der Zeit innerhalb eines Unternehmens angesammelt wurde. Dieses intellektuelle Kapital, das aus<strong>Ereignissen<\/strong>, <strong>Entscheidungen<\/strong> und <strong>Modellen<\/strong> besteht, wird durch die drei S\u00e4ulen Individuen, Struktur und Unternehmenskultur bewahrt. In einem Wettbewerbsumfeld, das von einem beschleunigten Wandel gepr\u00e4gt ist, ist die Bewahrung dieser Errungenschaften von entscheidender Bedeutung, um die <strong>Kontinuit\u00e4t der Aktivit\u00e4ten<\/strong> zu gew\u00e4hrleisten und die versteckten Kosten zu vermeiden, die mit dem <strong>Verlust von Wissen<\/strong> verbunden sind. Viele Organisationen haben immer noch Schwierigkeiten, diese Flut strategischer Informationen effektiv zu verwalten, die oft \u00fcber pers\u00f6nliche Akten, Verfahren oder kollektive Archive verstreut sind.   <\/p><figure class=\"wp-block-image size-full\"><img decoding=\"async\" width=\"1280\" height=\"768\" src=\"https:\/\/www.alumni.space\/wp-content\/uploads\/2026\/03\/Limportance-de-la-memoire-organisationnelle-pour-limiter-les-pertes-de-savoir-1.jpg\" data-orig-src=\"https:\/\/www.alumni.space\/wp-content\/uploads\/2026\/03\/Limportance-de-la-memoire-organisationnelle-pour-limiter-les-pertes-de-savoir-1.jpg\" alt=\"Erfahren Sie, wie das organisatorische Ged\u00e4chtnis eine entscheidende Rolle bei der Bewahrung des Wissens in Unternehmen spielt und den Verlust von Informationen verhindert, die f\u00fcr den reibungslosen Betrieb wichtig sind.\" class=\"lazyload wp-image-3294\" srcset=\"data:image\/svg+xml,%3Csvg%20xmlns%3D%27http%3A%2F%2Fwww.w3.org%2F2000%2Fsvg%27%20width%3D%271280%27%20height%3D%27768%27%20viewBox%3D%270%200%201280%20768%27%3E%3Crect%20width%3D%271280%27%20height%3D%27768%27%20fill-opacity%3D%220%22%2F%3E%3C%2Fsvg%3E\" data-srcset=\"https:\/\/www.alumni.space\/wp-content\/uploads\/2026\/03\/Limportance-de-la-memoire-organisationnelle-pour-limiter-les-pertes-de-savoir-1-200x120.jpg 200w, https:\/\/www.alumni.space\/wp-content\/uploads\/2026\/03\/Limportance-de-la-memoire-organisationnelle-pour-limiter-les-pertes-de-savoir-1-300x180.jpg 300w, https:\/\/www.alumni.space\/wp-content\/uploads\/2026\/03\/Limportance-de-la-memoire-organisationnelle-pour-limiter-les-pertes-de-savoir-1-400x240.jpg 400w, https:\/\/www.alumni.space\/wp-content\/uploads\/2026\/03\/Limportance-de-la-memoire-organisationnelle-pour-limiter-les-pertes-de-savoir-1-600x360.jpg 600w, https:\/\/www.alumni.space\/wp-content\/uploads\/2026\/03\/Limportance-de-la-memoire-organisationnelle-pour-limiter-les-pertes-de-savoir-1-768x461.jpg 768w, https:\/\/www.alumni.space\/wp-content\/uploads\/2026\/03\/Limportance-de-la-memoire-organisationnelle-pour-limiter-les-pertes-de-savoir-1-800x480.jpg 800w, https:\/\/www.alumni.space\/wp-content\/uploads\/2026\/03\/Limportance-de-la-memoire-organisationnelle-pour-limiter-les-pertes-de-savoir-1-1024x614.jpg 1024w, https:\/\/www.alumni.space\/wp-content\/uploads\/2026\/03\/Limportance-de-la-memoire-organisationnelle-pour-limiter-les-pertes-de-savoir-1-1200x720.jpg 1200w, https:\/\/www.alumni.space\/wp-content\/uploads\/2026\/03\/Limportance-de-la-memoire-organisationnelle-pour-limiter-les-pertes-de-savoir-1.jpg 1280w\" data-sizes=\"auto\" data-orig-sizes=\"(max-width: 1280px) 100vw, 1280px\" \/><\/figure><h3 class=\"wp-block-heading\"><span class=\"ez-toc-section\" id=\"Schluesselkomponenten_des_organisatorischen_Gedaechtnisses_um_das_Vergessen_von_Wissen_zu_begrenzen\"><\/span>Schl\u00fcsselkomponenten des organisatorischen Ged\u00e4chtnisses, um das Vergessen von Wissen zu begrenzen<span class=\"ez-toc-section-end\"><\/span><\/h3><p><strong>Wissensmanagement<\/strong> beruht auf der Integration und Strukturierung des Wissens, \u00fcber das die Mitarbeiter verf\u00fcgen. Jeder Mensch tr\u00e4gt ein internes Ged\u00e4chtnis in sich, das beobachtete Fakten, erlebte Erfahrungen und mentale Vorstellungen vereint. Wenn diese individuellen Erinnerungen nicht konsolidiert werden, bleiben sie fragil und gef\u00e4hrden den Fortbestand der Kompetenzen.  <\/p><p>Die Organisationsstruktur spielt eine entscheidende Rolle. Die genaue Definition von Rollen und Verantwortlichkeiten garantiert die <strong>Beibehaltung von Kompetenzen<\/strong>, indem Verhaltensweisen und standardisierte Verfahren festgelegt werden. Diese Regeln, die in kollektiven Archiven und Protokollen festgehalten werden, dienen als Grundlage f\u00fcr den <strong>Erhalt von Informationen<\/strong>.  <\/p><p>Die Unternehmenskultur, die h\u00e4ufig von stillschweigenden Interpretationsmustern gepr\u00e4gt ist, beeinflusst die Art und Weise, wie die Mitglieder das gemeinsame Wissen wahrnehmen und verarbeiten. Ein starkes kulturelles Umfeld erleichtert die Koordination, macht den Wissenstransfer nat\u00fcrlicher und bewahrt das kollektive Ged\u00e4chtnis langfristig. <\/p><h3 class=\"wp-block-heading\"><span class=\"ez-toc-section\" id=\"Werkzeuge_und_Methoden_zur_effektiven_Strukturierung_und_Verbreitung_des_Unternehmensgedaechtnisses\"><\/span>Werkzeuge und Methoden zur effektiven Strukturierung und Verbreitung des Unternehmensged\u00e4chtnisses<span class=\"ez-toc-section-end\"><\/span><\/h3><p>Technologische L\u00f6sungen werden zu unverzichtbaren Katalysatoren f\u00fcr die Industrialisierung der <strong>Vermeidung von Wissensverlust<\/strong>. SaaS-Plattformen wie alumni.space zentralisieren Profile, Stellenangebote, Veranstaltungen und Lerninhalte und bieten einen sicheren Raum f\u00fcr den Austausch und die gegenseitige Unterst\u00fctzung. Sie f\u00f6rdern auch den generations\u00fcbergreifenden <strong>Wissenstransfer<\/strong>, insbesondere durch <a href=\"https:\/\/www.alumni.space\/de\/mentoring-steigerung-des-engagements-und-der-motivation-von-teams\/\">Mentoring<\/a> und Erfahrungspaare.  <\/p><p>Dar\u00fcber hinaus erleichtern strukturierte Methoden wie CommonKADS oder MASK die Analyse und Modellierung des zu kapitalisierenden Wissens. Diese methodischen Ans\u00e4tze erm\u00f6glichen es, die Abschottung des Wissens zu vermeiden, indem die Informationen strukturiert und ihre Verbreitung \u00fcber Intranet, gemeinschaftliche Portale oder RSS-Systeme organisiert werden. <\/p><h2 class=\"wp-block-heading\"><span class=\"ez-toc-section\" id=\"Integration_und_Animation_von_Gemeinschaften_zur_Staerkung_des_kollektiven_Gedaechtnisses\"><\/span>Integration und Animation von Gemeinschaften zur St\u00e4rkung des kollektiven Ged\u00e4chtnisses<span class=\"ez-toc-section-end\"><\/span><\/h2><p>Neben den Werkzeugen bleibt die menschliche Verankerung das Herzst\u00fcck des <strong>organisatorischen Ged\u00e4chtnisses<\/strong>. Alumni-Netzwerkinitiativen, die ehemalige Mitarbeiter und Mentoren zusammenbringen, schaffen ein \u00d6kosystem, das den <strong>Erfahrungsaustausch<\/strong> und die Kooptation f\u00f6rdert. Die Kontinuit\u00e4t der zwischenmenschlichen Beziehungen erleichtert die Verbreitung von implizitem und explizitem Wissen und verringert so das Risiko von Unterbrechungen in der Kompetenzkette.  <\/p><p>Entscheidungstr\u00e4ger, insbesondere in Personalabteilungen, Verb\u00e4nden und Bildungseinrichtungen, profitieren von pr\u00e4zisen Indikatoren f\u00fcr die Einf\u00fchrung von Kapitalisierungspraktiken. Diese KPIs erm\u00f6glichen eine reale Steuerung der eingesparten Zeit und der vermiedenen Kosten. Zur Veranschaulichung: Einige sensible Sektoren wie die Lebensmittelindustrie haben den Mehrwert einer strengen \u00dcberwachung ihres <a href=\"https:\/\/www.alumni.space\/de\/der-agrar-und-lebensmittelsektor-steht-vor-der-herausforderung-des-transfers-von-kompetenzen\/\">Wissenstransfers<\/a> zur Gew\u00e4hrleistung von Sicherheit und Konformit\u00e4t bewiesen.  <\/p><h3 class=\"wp-block-heading\"><span class=\"ez-toc-section\" id=\"Einen_proaktiven_Ansatz_zur_Sicherung_des_Know-hows_und_zur_Aufwertung_des_Firmengedaechtnisses_verfolgen\"><\/span>Einen proaktiven Ansatz zur Sicherung des Know-hows und zur Aufwertung des Firmenged\u00e4chtnisses verfolgen<span class=\"ez-toc-section-end\"><\/span><\/h3><p>Die Einf\u00fchrung regelm\u00e4\u00dfiger Rituale zur Sammlung, Dokumentation und \u00dcberpr\u00fcfung der gemachten Erfahrungen ist eine Notwendigkeit. Die Ernennung von Referenten, die den Wissensfluss begleiten, kombiniert mit einem strengen Zeitplan f\u00fcr den Austausch, f\u00f6rdert eine positive Dynamik. Diese strukturierte Arbeit verringert die Abh\u00e4ngigkeit von Schl\u00fcsselpersonen und sichert das kollektive Ged\u00e4chtnis.  <\/p><p>F\u00fcr Organisationen, die einen Schritt weiter gehen wollen, ist eine digitale Plattform das Mittel der Wahl. Sie beseitigt die Unordnung, die durch die Verwendung mehrerer verstreuter L\u00f6sungen und nicht geteilter Tabellenkalkulationen verursacht wird. Die Steuerung wird transparent, die Ressourcen zug\u00e4nglich und die Akzeptanz bei den Mitarbeitern erh\u00f6ht. In diesem Zusammenhang gewinnt jeder Entscheidungstr\u00e4ger einen besseren \u00dcberblick \u00fcber den Zustand des Erfahrungskapitals seiner Organisation.   <\/p><p>Um das Verst\u00e4ndnis der Herausforderungen und bew\u00e4hrten Praktiken des organisatorischen Ged\u00e4chtnisses zu vertiefen, bietet diese <a href=\"https:\/\/www.questionpro.com\/blog\/fr\/la-memoire-organisationnelle-strategies-de-reussite-et-de-continuite\/\">umfassende Analyse<\/a> bew\u00e4hrte Strategien, die auf verschiedene Sektoren zugeschnitten sind.<\/p>","protected":false},"excerpt":{"rendered":"<p>Das organisatorische Ged\u00e4chtnis: ein strategischer Hebel f\u00fcr die Erhaltung des  [&#8230;]<\/p>\n","protected":false},"author":1,"featured_media":4939,"comment_status":"closed","ping_status":"closed","sticky":false,"template":"","format":"standard","meta":{"_ayudawp_aiss_exclude":false,"footnotes":""},"categories":[59],"tags":[],"class_list":["post-4937","post","type-post","status-publish","format-standard","has-post-thumbnail","hentry","category-wissensaustausch"],"yoast_head":"<!-- This site is optimized with the Yoast SEO plugin v27.4 - https:\/\/yoast.com\/product\/yoast-seo-wordpress\/ -->\n<title>Organisatorisches Ged\u00e4chtnis: Schl\u00fcssel zur Erhaltung des Wissens<\/title>\n<meta name=\"description\" content=\"Erfahren Sie, wie das organisatorische Ged\u00e4chtnis das Wissen bewahrt und Verluste begrenzt, die f\u00fcr die Leistung und den Fortbestand Ihres Unternehmens entscheidend sind.\" \/>\n<meta name=\"robots\" content=\"index, follow, max-snippet:-1, max-image-preview:large, max-video-preview:-1\" \/>\n<link rel=\"canonical\" href=\"https:\/\/www.alumni.space\/de\/die-bedeutung-des-organisatorischen-gedaechtnisses-zur-begrenzung-von-wissensverlusten\/\" \/>\n<meta property=\"og:locale\" content=\"de_DE\" \/>\n<meta property=\"og:type\" content=\"article\" \/>\n<meta property=\"og:title\" content=\"Organisatorisches Ged\u00e4chtnis: Schl\u00fcssel zur Erhaltung des Wissens\" \/>\n<meta property=\"og:description\" content=\"Erfahren Sie, wie das organisatorische Ged\u00e4chtnis das Wissen bewahrt und Verluste begrenzt, die f\u00fcr die Leistung und den Fortbestand Ihres Unternehmens entscheidend sind.\" \/>\n<meta property=\"og:url\" content=\"https:\/\/www.alumni.space\/de\/die-bedeutung-des-organisatorischen-gedaechtnisses-zur-begrenzung-von-wissensverlusten\/\" \/>\n<meta property=\"og:site_name\" content=\"Alumni.space\" \/>\n<meta property=\"article:published_time\" content=\"2025-09-02T04:12:42+00:00\" \/>\n<meta property=\"article:modified_time\" content=\"2026-03-28T10:48:52+00:00\" \/>\n<meta property=\"og:image\" content=\"https:\/\/www.alumni.space\/wp-content\/uploads\/2026\/03\/Limportance-de-la-memoire-organisationnelle-pour-limiter-les-pertes-de-savoir.jpg\" \/>\n\t<meta property=\"og:image:width\" content=\"1280\" \/>\n\t<meta property=\"og:image:height\" content=\"768\" \/>\n\t<meta property=\"og:image:type\" content=\"image\/jpeg\" \/>\n<meta name=\"author\" content=\"admin\" \/>\n<meta name=\"twitter:card\" content=\"summary_large_image\" \/>\n<meta name=\"twitter:label1\" content=\"Verfasst von\" \/>\n\t<meta name=\"twitter:data1\" content=\"admin\" \/>\n\t<meta name=\"twitter:label2\" content=\"Gesch\u00e4tzte Lesezeit\" \/>\n\t<meta name=\"twitter:data2\" content=\"3\u00a0Minuten\" \/>\n<script type=\"application\/ld+json\" class=\"yoast-schema-graph\">{\"@context\":\"https:\\\/\\\/schema.org\",\"@graph\":[{\"@type\":\"Article\",\"@id\":\"https:\\\/\\\/www.alumni.space\\\/de\\\/die-bedeutung-des-organisatorischen-gedaechtnisses-zur-begrenzung-von-wissensverlusten\\\/#article\",\"isPartOf\":{\"@id\":\"https:\\\/\\\/www.alumni.space\\\/de\\\/die-bedeutung-des-organisatorischen-gedaechtnisses-zur-begrenzung-von-wissensverlusten\\\/\"},\"author\":{\"name\":\"admin\",\"@id\":\"https:\\\/\\\/www.alumni.space\\\/de\\\/#\\\/schema\\\/person\\\/fede362a57876edda476a61f05ce5b15\"},\"headline\":\"Die Bedeutung des organisatorischen Ged\u00e4chtnisses zur Begrenzung von Wissensverlusten\",\"datePublished\":\"2025-09-02T04:12:42+00:00\",\"dateModified\":\"2026-03-28T10:48:52+00:00\",\"mainEntityOfPage\":{\"@id\":\"https:\\\/\\\/www.alumni.space\\\/de\\\/die-bedeutung-des-organisatorischen-gedaechtnisses-zur-begrenzung-von-wissensverlusten\\\/\"},\"wordCount\":689,\"image\":{\"@id\":\"https:\\\/\\\/www.alumni.space\\\/de\\\/die-bedeutung-des-organisatorischen-gedaechtnisses-zur-begrenzung-von-wissensverlusten\\\/#primaryimage\"},\"thumbnailUrl\":\"https:\\\/\\\/www.alumni.space\\\/wp-content\\\/uploads\\\/2026\\\/03\\\/Limportance-de-la-memoire-organisationnelle-pour-limiter-les-pertes-de-savoir.jpg\",\"articleSection\":[\"Wissensaustausch\"],\"inLanguage\":\"de\"},{\"@type\":\"WebPage\",\"@id\":\"https:\\\/\\\/www.alumni.space\\\/de\\\/die-bedeutung-des-organisatorischen-gedaechtnisses-zur-begrenzung-von-wissensverlusten\\\/\",\"url\":\"https:\\\/\\\/www.alumni.space\\\/de\\\/die-bedeutung-des-organisatorischen-gedaechtnisses-zur-begrenzung-von-wissensverlusten\\\/\",\"name\":\"Organisatorisches Ged\u00e4chtnis: Schl\u00fcssel zur Erhaltung des Wissens\",\"isPartOf\":{\"@id\":\"https:\\\/\\\/www.alumni.space\\\/de\\\/#website\"},\"primaryImageOfPage\":{\"@id\":\"https:\\\/\\\/www.alumni.space\\\/de\\\/die-bedeutung-des-organisatorischen-gedaechtnisses-zur-begrenzung-von-wissensverlusten\\\/#primaryimage\"},\"image\":{\"@id\":\"https:\\\/\\\/www.alumni.space\\\/de\\\/die-bedeutung-des-organisatorischen-gedaechtnisses-zur-begrenzung-von-wissensverlusten\\\/#primaryimage\"},\"thumbnailUrl\":\"https:\\\/\\\/www.alumni.space\\\/wp-content\\\/uploads\\\/2026\\\/03\\\/Limportance-de-la-memoire-organisationnelle-pour-limiter-les-pertes-de-savoir.jpg\",\"datePublished\":\"2025-09-02T04:12:42+00:00\",\"dateModified\":\"2026-03-28T10:48:52+00:00\",\"author\":{\"@id\":\"https:\\\/\\\/www.alumni.space\\\/de\\\/#\\\/schema\\\/person\\\/fede362a57876edda476a61f05ce5b15\"},\"description\":\"Erfahren Sie, wie das organisatorische Ged\u00e4chtnis das Wissen bewahrt und Verluste begrenzt, die f\u00fcr die Leistung und den Fortbestand Ihres Unternehmens entscheidend sind.\",\"breadcrumb\":{\"@id\":\"https:\\\/\\\/www.alumni.space\\\/de\\\/die-bedeutung-des-organisatorischen-gedaechtnisses-zur-begrenzung-von-wissensverlusten\\\/#breadcrumb\"},\"inLanguage\":\"de\",\"potentialAction\":[{\"@type\":\"ReadAction\",\"target\":[\"https:\\\/\\\/www.alumni.space\\\/de\\\/die-bedeutung-des-organisatorischen-gedaechtnisses-zur-begrenzung-von-wissensverlusten\\\/\"]}]},{\"@type\":\"ImageObject\",\"inLanguage\":\"de\",\"@id\":\"https:\\\/\\\/www.alumni.space\\\/de\\\/die-bedeutung-des-organisatorischen-gedaechtnisses-zur-begrenzung-von-wissensverlusten\\\/#primaryimage\",\"url\":\"https:\\\/\\\/www.alumni.space\\\/wp-content\\\/uploads\\\/2026\\\/03\\\/Limportance-de-la-memoire-organisationnelle-pour-limiter-les-pertes-de-savoir.jpg\",\"contentUrl\":\"https:\\\/\\\/www.alumni.space\\\/wp-content\\\/uploads\\\/2026\\\/03\\\/Limportance-de-la-memoire-organisationnelle-pour-limiter-les-pertes-de-savoir.jpg\",\"width\":1280,\"height\":768,\"caption\":\"Erfahren Sie, wie das organisatorische Ged\u00e4chtnis eine entscheidende Rolle dabei spielt, das Wissen in Ihrem Unternehmen zu bewahren und den Verlust von Schl\u00fcsselinformationen zu begrenzen.\"},{\"@type\":\"BreadcrumbList\",\"@id\":\"https:\\\/\\\/www.alumni.space\\\/de\\\/die-bedeutung-des-organisatorischen-gedaechtnisses-zur-begrenzung-von-wissensverlusten\\\/#breadcrumb\",\"itemListElement\":[{\"@type\":\"ListItem\",\"position\":1,\"name\":\"Home\",\"item\":\"https:\\\/\\\/www.alumni.space\\\/de\\\/plattform-fuer-die-verwaltung-von-mentoring-und-unternehmensalumni\\\/\"},{\"@type\":\"ListItem\",\"position\":2,\"name\":\"Die Bedeutung des organisatorischen Ged\u00e4chtnisses zur Begrenzung von Wissensverlusten\"}]},{\"@type\":\"WebSite\",\"@id\":\"https:\\\/\\\/www.alumni.space\\\/de\\\/#website\",\"url\":\"https:\\\/\\\/www.alumni.space\\\/de\\\/\",\"name\":\"Alumni.space\",\"description\":\"My WordPress Blog\",\"potentialAction\":[{\"@type\":\"SearchAction\",\"target\":{\"@type\":\"EntryPoint\",\"urlTemplate\":\"https:\\\/\\\/www.alumni.space\\\/de\\\/?s={search_term_string}\"},\"query-input\":{\"@type\":\"PropertyValueSpecification\",\"valueRequired\":true,\"valueName\":\"search_term_string\"}}],\"inLanguage\":\"de\"},{\"@type\":\"Person\",\"@id\":\"https:\\\/\\\/www.alumni.space\\\/de\\\/#\\\/schema\\\/person\\\/fede362a57876edda476a61f05ce5b15\",\"name\":\"admin\",\"image\":{\"@type\":\"ImageObject\",\"inLanguage\":\"de\",\"@id\":\"https:\\\/\\\/secure.gravatar.com\\\/avatar\\\/318e234ae94f90d4d629428d6b983c08e31181c28f579e08a021180d759ea651?s=96&d=mm&r=g\",\"url\":\"https:\\\/\\\/secure.gravatar.com\\\/avatar\\\/318e234ae94f90d4d629428d6b983c08e31181c28f579e08a021180d759ea651?s=96&d=mm&r=g\",\"contentUrl\":\"https:\\\/\\\/secure.gravatar.com\\\/avatar\\\/318e234ae94f90d4d629428d6b983c08e31181c28f579e08a021180d759ea651?s=96&d=mm&r=g\",\"caption\":\"admin\"},\"description\":\"Nicolas Laustriat a construit sa sp\u00e9cialit\u00e9 sur un sujet que beaucoup d\u2019organisations d\u00e9couvrent trop tard : ce qui dispara\u00eet quand les gens partent. Dipl\u00f4m\u00e9 en conception de produit industriel, il bifurque vers le digital fin 1996, il couvre les transformations marques, RH, la fid\u00e9lisation, la marque employeur. Sur le terrain, il rep\u00e8re un angle mort r\u00e9current : l\u2019entreprise investit dans le recrutement, la formation, les process\u2026 puis laisse filer le lien au moment du d\u00e9part, avec une perte de savoir et d\u2019influence qui se paie en silence. Il se sp\u00e9cialise alors sur les communaut\u00e9s d\u2019alumni, le mentorat, l\u2019entraide interg\u00e9n\u00e9rationnelle et la transmission d\u2019expertise. Il passe du \u201cconstat\u201d aux m\u00e9thodes : animation, gouvernance, segmentation, rituels, mesure d\u2019engagement, articulation avec la RSE et l\u2019employabilit\u00e9. Il interviewe DRH, responsables formation, directions d\u2019\u00e9coles, associations et fondations, avec une obsession : transformer un r\u00e9seau dormant en m\u00e9canisme utile (cooptation, mentorat, job board, entraide, \u00e9v\u00e9nements, contenus). Son style : direct, orient\u00e9 action, sans folklore. Sa conviction : une communaut\u00e9 n\u2019a pas besoin de bruit, elle a besoin de raisons de revenir.\",\"sameAs\":[\"https:\\\/\\\/www.alumni.space\"]}]}<\/script>\n<!-- \/ Yoast SEO plugin. -->","yoast_head_json":{"title":"Organisatorisches Ged\u00e4chtnis: Schl\u00fcssel zur Erhaltung des Wissens","description":"Erfahren Sie, wie das organisatorische Ged\u00e4chtnis das Wissen bewahrt und Verluste begrenzt, die f\u00fcr die Leistung und den Fortbestand Ihres Unternehmens entscheidend sind.","robots":{"index":"index","follow":"follow","max-snippet":"max-snippet:-1","max-image-preview":"max-image-preview:large","max-video-preview":"max-video-preview:-1"},"canonical":"https:\/\/www.alumni.space\/de\/die-bedeutung-des-organisatorischen-gedaechtnisses-zur-begrenzung-von-wissensverlusten\/","og_locale":"de_DE","og_type":"article","og_title":"Organisatorisches Ged\u00e4chtnis: Schl\u00fcssel zur Erhaltung des Wissens","og_description":"Erfahren Sie, wie das organisatorische Ged\u00e4chtnis das Wissen bewahrt und Verluste begrenzt, die f\u00fcr die Leistung und den Fortbestand Ihres Unternehmens entscheidend sind.","og_url":"https:\/\/www.alumni.space\/de\/die-bedeutung-des-organisatorischen-gedaechtnisses-zur-begrenzung-von-wissensverlusten\/","og_site_name":"Alumni.space","article_published_time":"2025-09-02T04:12:42+00:00","article_modified_time":"2026-03-28T10:48:52+00:00","og_image":[{"width":1280,"height":768,"url":"https:\/\/www.alumni.space\/wp-content\/uploads\/2026\/03\/Limportance-de-la-memoire-organisationnelle-pour-limiter-les-pertes-de-savoir.jpg","type":"image\/jpeg"}],"author":"admin","twitter_card":"summary_large_image","twitter_misc":{"Verfasst von":"admin","Gesch\u00e4tzte Lesezeit":"3\u00a0Minuten"},"schema":{"@context":"https:\/\/schema.org","@graph":[{"@type":"Article","@id":"https:\/\/www.alumni.space\/de\/die-bedeutung-des-organisatorischen-gedaechtnisses-zur-begrenzung-von-wissensverlusten\/#article","isPartOf":{"@id":"https:\/\/www.alumni.space\/de\/die-bedeutung-des-organisatorischen-gedaechtnisses-zur-begrenzung-von-wissensverlusten\/"},"author":{"name":"admin","@id":"https:\/\/www.alumni.space\/de\/#\/schema\/person\/fede362a57876edda476a61f05ce5b15"},"headline":"Die Bedeutung des organisatorischen Ged\u00e4chtnisses zur Begrenzung von Wissensverlusten","datePublished":"2025-09-02T04:12:42+00:00","dateModified":"2026-03-28T10:48:52+00:00","mainEntityOfPage":{"@id":"https:\/\/www.alumni.space\/de\/die-bedeutung-des-organisatorischen-gedaechtnisses-zur-begrenzung-von-wissensverlusten\/"},"wordCount":689,"image":{"@id":"https:\/\/www.alumni.space\/de\/die-bedeutung-des-organisatorischen-gedaechtnisses-zur-begrenzung-von-wissensverlusten\/#primaryimage"},"thumbnailUrl":"https:\/\/www.alumni.space\/wp-content\/uploads\/2026\/03\/Limportance-de-la-memoire-organisationnelle-pour-limiter-les-pertes-de-savoir.jpg","articleSection":["Wissensaustausch"],"inLanguage":"de"},{"@type":"WebPage","@id":"https:\/\/www.alumni.space\/de\/die-bedeutung-des-organisatorischen-gedaechtnisses-zur-begrenzung-von-wissensverlusten\/","url":"https:\/\/www.alumni.space\/de\/die-bedeutung-des-organisatorischen-gedaechtnisses-zur-begrenzung-von-wissensverlusten\/","name":"Organisatorisches Ged\u00e4chtnis: Schl\u00fcssel zur Erhaltung des Wissens","isPartOf":{"@id":"https:\/\/www.alumni.space\/de\/#website"},"primaryImageOfPage":{"@id":"https:\/\/www.alumni.space\/de\/die-bedeutung-des-organisatorischen-gedaechtnisses-zur-begrenzung-von-wissensverlusten\/#primaryimage"},"image":{"@id":"https:\/\/www.alumni.space\/de\/die-bedeutung-des-organisatorischen-gedaechtnisses-zur-begrenzung-von-wissensverlusten\/#primaryimage"},"thumbnailUrl":"https:\/\/www.alumni.space\/wp-content\/uploads\/2026\/03\/Limportance-de-la-memoire-organisationnelle-pour-limiter-les-pertes-de-savoir.jpg","datePublished":"2025-09-02T04:12:42+00:00","dateModified":"2026-03-28T10:48:52+00:00","author":{"@id":"https:\/\/www.alumni.space\/de\/#\/schema\/person\/fede362a57876edda476a61f05ce5b15"},"description":"Erfahren Sie, wie das organisatorische Ged\u00e4chtnis das Wissen bewahrt und Verluste begrenzt, die f\u00fcr die Leistung und den Fortbestand Ihres Unternehmens entscheidend sind.","breadcrumb":{"@id":"https:\/\/www.alumni.space\/de\/die-bedeutung-des-organisatorischen-gedaechtnisses-zur-begrenzung-von-wissensverlusten\/#breadcrumb"},"inLanguage":"de","potentialAction":[{"@type":"ReadAction","target":["https:\/\/www.alumni.space\/de\/die-bedeutung-des-organisatorischen-gedaechtnisses-zur-begrenzung-von-wissensverlusten\/"]}]},{"@type":"ImageObject","inLanguage":"de","@id":"https:\/\/www.alumni.space\/de\/die-bedeutung-des-organisatorischen-gedaechtnisses-zur-begrenzung-von-wissensverlusten\/#primaryimage","url":"https:\/\/www.alumni.space\/wp-content\/uploads\/2026\/03\/Limportance-de-la-memoire-organisationnelle-pour-limiter-les-pertes-de-savoir.jpg","contentUrl":"https:\/\/www.alumni.space\/wp-content\/uploads\/2026\/03\/Limportance-de-la-memoire-organisationnelle-pour-limiter-les-pertes-de-savoir.jpg","width":1280,"height":768,"caption":"Erfahren Sie, wie das organisatorische Ged\u00e4chtnis eine entscheidende Rolle dabei spielt, das Wissen in Ihrem Unternehmen zu bewahren und den Verlust von Schl\u00fcsselinformationen zu begrenzen."},{"@type":"BreadcrumbList","@id":"https:\/\/www.alumni.space\/de\/die-bedeutung-des-organisatorischen-gedaechtnisses-zur-begrenzung-von-wissensverlusten\/#breadcrumb","itemListElement":[{"@type":"ListItem","position":1,"name":"Home","item":"https:\/\/www.alumni.space\/de\/plattform-fuer-die-verwaltung-von-mentoring-und-unternehmensalumni\/"},{"@type":"ListItem","position":2,"name":"Die Bedeutung des organisatorischen Ged\u00e4chtnisses zur Begrenzung von Wissensverlusten"}]},{"@type":"WebSite","@id":"https:\/\/www.alumni.space\/de\/#website","url":"https:\/\/www.alumni.space\/de\/","name":"Alumni.space","description":"My WordPress Blog","potentialAction":[{"@type":"SearchAction","target":{"@type":"EntryPoint","urlTemplate":"https:\/\/www.alumni.space\/de\/?s={search_term_string}"},"query-input":{"@type":"PropertyValueSpecification","valueRequired":true,"valueName":"search_term_string"}}],"inLanguage":"de"},{"@type":"Person","@id":"https:\/\/www.alumni.space\/de\/#\/schema\/person\/fede362a57876edda476a61f05ce5b15","name":"admin","image":{"@type":"ImageObject","inLanguage":"de","@id":"https:\/\/secure.gravatar.com\/avatar\/318e234ae94f90d4d629428d6b983c08e31181c28f579e08a021180d759ea651?s=96&d=mm&r=g","url":"https:\/\/secure.gravatar.com\/avatar\/318e234ae94f90d4d629428d6b983c08e31181c28f579e08a021180d759ea651?s=96&d=mm&r=g","contentUrl":"https:\/\/secure.gravatar.com\/avatar\/318e234ae94f90d4d629428d6b983c08e31181c28f579e08a021180d759ea651?s=96&d=mm&r=g","caption":"admin"},"description":"Nicolas Laustriat a construit sa sp\u00e9cialit\u00e9 sur un sujet que beaucoup d\u2019organisations d\u00e9couvrent trop tard : ce qui dispara\u00eet quand les gens partent. Dipl\u00f4m\u00e9 en conception de produit industriel, il bifurque vers le digital fin 1996, il couvre les transformations marques, RH, la fid\u00e9lisation, la marque employeur. Sur le terrain, il rep\u00e8re un angle mort r\u00e9current : l\u2019entreprise investit dans le recrutement, la formation, les process\u2026 puis laisse filer le lien au moment du d\u00e9part, avec une perte de savoir et d\u2019influence qui se paie en silence. Il se sp\u00e9cialise alors sur les communaut\u00e9s d\u2019alumni, le mentorat, l\u2019entraide interg\u00e9n\u00e9rationnelle et la transmission d\u2019expertise. Il passe du \u201cconstat\u201d aux m\u00e9thodes : animation, gouvernance, segmentation, rituels, mesure d\u2019engagement, articulation avec la RSE et l\u2019employabilit\u00e9. Il interviewe DRH, responsables formation, directions d\u2019\u00e9coles, associations et fondations, avec une obsession : transformer un r\u00e9seau dormant en m\u00e9canisme utile (cooptation, mentorat, job board, entraide, \u00e9v\u00e9nements, contenus). Son style : direct, orient\u00e9 action, sans folklore. Sa conviction : une communaut\u00e9 n\u2019a pas besoin de bruit, elle a besoin de raisons de revenir.","sameAs":["https:\/\/www.alumni.space"]}]}},"_links":{"self":[{"href":"https:\/\/www.alumni.space\/de\/wp-json\/wp\/v2\/posts\/4937","targetHints":{"allow":["GET"]}}],"collection":[{"href":"https:\/\/www.alumni.space\/de\/wp-json\/wp\/v2\/posts"}],"about":[{"href":"https:\/\/www.alumni.space\/de\/wp-json\/wp\/v2\/types\/post"}],"author":[{"embeddable":true,"href":"https:\/\/www.alumni.space\/de\/wp-json\/wp\/v2\/users\/1"}],"replies":[{"embeddable":true,"href":"https:\/\/www.alumni.space\/de\/wp-json\/wp\/v2\/comments?post=4937"}],"version-history":[{"count":2,"href":"https:\/\/www.alumni.space\/de\/wp-json\/wp\/v2\/posts\/4937\/revisions"}],"predecessor-version":[{"id":6571,"href":"https:\/\/www.alumni.space\/de\/wp-json\/wp\/v2\/posts\/4937\/revisions\/6571"}],"wp:featuredmedia":[{"embeddable":true,"href":"https:\/\/www.alumni.space\/de\/wp-json\/wp\/v2\/media\/4939"}],"wp:attachment":[{"href":"https:\/\/www.alumni.space\/de\/wp-json\/wp\/v2\/media?parent=4937"}],"wp:term":[{"taxonomy":"category","embeddable":true,"href":"https:\/\/www.alumni.space\/de\/wp-json\/wp\/v2\/categories?post=4937"},{"taxonomy":"post_tag","embeddable":true,"href":"https:\/\/www.alumni.space\/de\/wp-json\/wp\/v2\/tags?post=4937"}],"curies":[{"name":"wp","href":"https:\/\/api.w.org\/{rel}","templated":true}]}}