{"id":4772,"date":"2025-05-16T13:22:27","date_gmt":"2025-05-16T13:22:27","guid":{"rendered":"https:\/\/www.alumni.space\/ehemalige-mitarbeiter-zur-staerkung-ihres-markenimages\/"},"modified":"2026-04-02T09:20:42","modified_gmt":"2026-04-02T09:20:42","slug":"ehemalige-mitarbeiter-zur-staerkung-ihres-markenimages","status":"publish","type":"post","link":"https:\/\/www.alumni.space\/de\/ehemalige-mitarbeiter-zur-staerkung-ihres-markenimages\/","title":{"rendered":"Ehemalige Mitarbeiter zur St\u00e4rkung Ihres Markenimages"},"content":{"rendered":"<p>Kurzfassung: Mobilisierung <strong>ehemaliger Mitarbeiter<\/strong> als strategischer Hebel zur St\u00e4rkung des<strong>Markenimages<\/strong>, zur Unterst\u00fctzung der Personalbeschaffung und zur Konsolidierung des <strong>Humankapitals<\/strong>.<\/p><div id=\"ez-toc-container\" class=\"ez-toc-v2_0_82_2 counter-flat ez-toc-counter ez-toc-grey ez-toc-container-direction\">\n<div class=\"ez-toc-title-container\"><p class=\"ez-toc-title\" style=\"cursor:inherit\">Inhalt dieses Artikels:<\/p>\n<\/div><nav><ul class='ez-toc-list ez-toc-list-level-1 ' ><li class='ez-toc-page-1'><a class=\"ez-toc-link ez-toc-heading-1\" href=\"https:\/\/www.alumni.space\/de\/ehemalige-mitarbeiter-zur-staerkung-ihres-markenimages\/#Ehemalige_Mitarbeiter_ein_konkreter_Hebel_fuer_das_Markenimage_und_die_Arbeitgebermarke\" >Ehemalige Mitarbeiter: ein konkreter Hebel f\u00fcr das Markenimage und die Arbeitgebermarke<\/a><\/li><li class='ez-toc-page-1'><a class=\"ez-toc-link ez-toc-heading-2\" href=\"https:\/\/www.alumni.space\/de\/ehemalige-mitarbeiter-zur-staerkung-ihres-markenimages\/#Intergenerationelles_Mentoring_Engagement_und_Uebertragung\" >Intergenerationelles Mentoring, Engagement und \u00dcbertragung<\/a><\/li><li class='ez-toc-page-1'><a class=\"ez-toc-link ez-toc-heading-3\" href=\"https:\/\/www.alumni.space\/de\/ehemalige-mitarbeiter-zur-staerkung-ihres-markenimages\/#Positive_Abgaenge_und_Loyalitaet_jeden_Abgang_in_einen_Aktivposten_umwandeln\" >Positive Abg\u00e4nge und Loyalit\u00e4t: jeden Abgang in einen Aktivposten umwandeln<\/a><\/li><li class='ez-toc-page-1'><a class=\"ez-toc-link ez-toc-heading-4\" href=\"https:\/\/www.alumni.space\/de\/ehemalige-mitarbeiter-zur-staerkung-ihres-markenimages\/#Erfahrungsberichte_Fallstudien_und_Steigerung_der_Unternehmensreputation\" >Erfahrungsberichte, Fallstudien und Steigerung der Unternehmensreputation<\/a><\/li><li class='ez-toc-page-1'><a class=\"ez-toc-link ez-toc-heading-5\" href=\"https:\/\/www.alumni.space\/de\/ehemalige-mitarbeiter-zur-staerkung-ihres-markenimages\/#Praktische_Organisation_Rituale_Governance_und_Indikatoren_zur_Steuerung_der_Wirkung\" >Praktische Organisation: Rituale, Governance und Indikatoren zur Steuerung der Wirkung<\/a><\/li><\/ul><\/nav><\/div>\n<h2 class=\"wp-block-heading\"><span class=\"ez-toc-section\" id=\"Ehemalige_Mitarbeiter_ein_konkreter_Hebel_fuer_das_Markenimage_und_die_Arbeitgebermarke\"><\/span>Ehemalige Mitarbeiter: ein konkreter Hebel f\u00fcr das Markenimage und die <strong>Arbeitgebermarke<\/strong><span class=\"ez-toc-section-end\"><\/span><\/h2><p><strong>Ehemalige Mitarbeiter<\/strong> bilden ein lebendiges Netzwerk, das den <strong>Ruf eines Unternehmens<\/strong> \u00fcber die klassischen Kampagnen hinaus vergr\u00f6\u00dfern kann. Ihr beruflicher Aufstieg zeugt von der Qualit\u00e4t der internen Karrierewege und verwandelt jeden individuellen Erfolg in einen glaubw\u00fcrdigen sozialen Beweis. <\/p><p>Atelier Nova, ein fiktives Startup, das hier als Leitfaden dient, hat ein Alumni-Verzeichnis aufgebaut, um die <strong>Vernetzung<\/strong> zwischen aktuellen Teams und Alumni zu f\u00f6rdern. Das beobachtbare Ergebnis: qualifizierte Empfehlungen, Einladungen zu Konferenzen und erh\u00f6htes Interesse von externen Personalvermittlern. <\/p><p>Wichtiger Einblick: Investitionen in die Beziehung nach dem Vertragsabschluss f\u00fchren zu einem sofortigen und dauerhaften Imagegewinn.<\/p><figure class=\"wp-block-image size-full\"><img decoding=\"async\" width=\"1344\" height=\"768\" src=\"https:\/\/www.alumni.space\/wp-content\/uploads\/2026\/03\/Des-anciens-salaries-pour-renforcer-votre-image-de-marque-2-1.jpg\" data-orig-src=\"https:\/\/www.alumni.space\/wp-content\/uploads\/2026\/03\/Des-anciens-salaries-pour-renforcer-votre-image-de-marque-2-1.jpg\" alt=\"Finden Sie heraus, wie ehemalige Mitarbeiter durch ihre Erfahrung und ihr Netzwerk die Glaubw\u00fcrdigkeit und das Markenimage Ihres Unternehmens st\u00e4rken k\u00f6nnen.\" class=\"lazyload wp-image-3429\" srcset=\"data:image\/svg+xml,%3Csvg%20xmlns%3D%27http%3A%2F%2Fwww.w3.org%2F2000%2Fsvg%27%20width%3D%271344%27%20height%3D%27768%27%20viewBox%3D%270%200%201344%20768%27%3E%3Crect%20width%3D%271344%27%20height%3D%27768%27%20fill-opacity%3D%220%22%2F%3E%3C%2Fsvg%3E\" data-srcset=\"https:\/\/www.alumni.space\/wp-content\/uploads\/2026\/03\/Des-anciens-salaries-pour-renforcer-votre-image-de-marque-2-1-200x114.jpg 200w, https:\/\/www.alumni.space\/wp-content\/uploads\/2026\/03\/Des-anciens-salaries-pour-renforcer-votre-image-de-marque-2-1-300x171.jpg 300w, https:\/\/www.alumni.space\/wp-content\/uploads\/2026\/03\/Des-anciens-salaries-pour-renforcer-votre-image-de-marque-2-1-400x229.jpg 400w, https:\/\/www.alumni.space\/wp-content\/uploads\/2026\/03\/Des-anciens-salaries-pour-renforcer-votre-image-de-marque-2-1-600x343.jpg 600w, https:\/\/www.alumni.space\/wp-content\/uploads\/2026\/03\/Des-anciens-salaries-pour-renforcer-votre-image-de-marque-2-1-768x439.jpg 768w, https:\/\/www.alumni.space\/wp-content\/uploads\/2026\/03\/Des-anciens-salaries-pour-renforcer-votre-image-de-marque-2-1-800x457.jpg 800w, https:\/\/www.alumni.space\/wp-content\/uploads\/2026\/03\/Des-anciens-salaries-pour-renforcer-votre-image-de-marque-2-1-1024x585.jpg 1024w, https:\/\/www.alumni.space\/wp-content\/uploads\/2026\/03\/Des-anciens-salaries-pour-renforcer-votre-image-de-marque-2-1-1200x686.jpg 1200w, https:\/\/www.alumni.space\/wp-content\/uploads\/2026\/03\/Des-anciens-salaries-pour-renforcer-votre-image-de-marque-2-1.jpg 1344w\" data-sizes=\"auto\" data-orig-sizes=\"(max-width: 1344px) 100vw, 1344px\" \/><\/figure><h3 class=\"wp-block-heading\"><span class=\"ez-toc-section\" id=\"Intergenerationelles_Mentoring_Engagement_und_Uebertragung\"><\/span>Intergenerationelles Mentoring, <strong>Engagement<\/strong> und \u00dcbertragung<span class=\"ez-toc-section-end\"><\/span><\/h3><p>Mentoring \u00fcber eine strukturierte Plattform ver\u00e4ndert die Erfahrungen von Junioren. Kurze Programme, gezielte Paarungen und Zugang zu Feedback von ehemaligen Mitarbeitern beschleunigen das Onboarding und den Kompetenzaufbau. <\/p><p>Um diese Rituale zu industrialisieren, hilft eine Ressource, die dem <a href=\"https:\/\/www.alumni.space\/de\/die-auswirkungen-des-generationsuebergreifenden-mentorings-mit-ehemaligen-mitarbeitern\/\">generations\u00fcbergreifenden Mentoring<\/a> gewidmet ist, bei der Festlegung von Rhythmus und Wirkungsindikatoren. Eine weitere Referenz zur Formalisierung der Einbindung von <a href=\"https:\/\/www.alumni.space\/de\/ehemalige-mitarbeiter-schluesselfiguren-in-ihrer-einflussstrategie\/\">Alumni findet sich in einem Dossier zur Einflussstrategie, das hier zug\u00e4nglich ist: Plattform alumni.space &#8211; Einflussstrategie<\/a>. <\/p><p>Wichtigste Erkenntnis: Die Strukturierung des Mentoring durch ein Instrument verhindert die Fragmentierung des Austauschs und den Verlust von Wissen.<\/p><h2 class=\"wp-block-heading\"><span class=\"ez-toc-section\" id=\"Positive_Abgaenge_und_Loyalitaet_jeden_Abgang_in_einen_Aktivposten_umwandeln\"><\/span>Positive Abg\u00e4nge und <strong>Loyalit\u00e4t<\/strong>: jeden Abgang in einen Aktivposten umwandeln<span class=\"ez-toc-section-end\"><\/span><\/h2><p>Das Management des Ausscheidens mit Anerkennungsprotokollen und organisierter \u00dcbergabe reduziert das Risiko des Wissensabflusses. Kapitalorientierte Austrittsgespr\u00e4che, \u00dcbergabedokumente und M\u00f6glichkeiten zur beruflichen Reinvestition schaffen einen positiven Kreislauf. <\/p><p>Ein formalisiertes Programm erleichtert das &#8222;Boomerang&#8220;-Feedback und st\u00e4rkt das Vertrauen der bestehenden Teams. F\u00fcr die operative Umsetzung bietet der Erfahrungsbericht einer spezialisierten Firma praktische Anhaltspunkte f\u00fcr <a href=\"https:\/\/www.onerh.fr\/salaries-ambassadeurs-marque-employeur\/\">das One HR Programm<\/a> und die Formate der Ver\u00f6ffentlichungen. <\/p><p>Wichtiger Einblick: Das gefeierte Ausscheiden aus dem Unternehmen wird zum Vektor der Attraktivit\u00e4t und zum Beweis, dass die <strong>Arbeitgebermarke<\/strong> ihren Verpflichtungen nachkommt.<\/p><h3 class=\"wp-block-heading\"><span class=\"ez-toc-section\" id=\"Erfahrungsberichte_Fallstudien_und_Steigerung_der_Unternehmensreputation\"><\/span>Erfahrungsberichte, Fallstudien und Steigerung der <strong>Unternehmensreputation<\/strong><span class=\"ez-toc-section-end\"><\/span><\/h3><p>Erfahrungsberichte von ehemaligen Mitarbeitern, die Schl\u00fcsselpositionen innehaben, sind ein faktischer Beweis f\u00fcr das Potenzial, Verantwortung zu \u00fcbernehmen. Die Aufwertung dieser Werdeg\u00e4nge in kurzen Formaten st\u00e4rkt die <strong>externe Kommunikation<\/strong> und erh\u00f6ht die Glaubw\u00fcrdigkeit von Stellenangeboten. <\/p><p>Ein sektorspezifisches Dossier \u00fcber den Einfluss ehemaliger Mitarbeiter auf den Ruf bietet F\u00fchrungskr\u00e4fte und praktische Fallstudien: <a href=\"https:\/\/corporatealumni.fr\/anciens-collaborateurs-reputation-entreprise\/\">Corporate Alumni Ressource<\/a>. F\u00fcr eine schnelle technische Integration bietet eine SaaS-L\u00f6sung die M\u00f6glichkeit, Profile, Veranstaltungen und Mentoring zu zentralisieren und so verstreute Tabellen zu vermeiden. <\/p><p>Wichtige Einblicke: Soziale Beweise und Fallstudien beschleunigen Einstellungsentscheidungen und das Vertrauen der Investoren.<\/p><h2 class=\"wp-block-heading\"><span class=\"ez-toc-section\" id=\"Praktische_Organisation_Rituale_Governance_und_Indikatoren_zur_Steuerung_der_Wirkung\"><\/span>Praktische Organisation: Rituale, Governance und Indikatoren zur Steuerung der Wirkung<span class=\"ez-toc-section-end\"><\/span><\/h2><p>Die Strukturierung eines Alumni-Netzwerks erfordert die Ernennung eines Leiters, die Segmentierung der Profile und einen Zeitplan f\u00fcr die Animationen. Empfohlene Rituale: viertelj\u00e4hrliche Treffen, thematische Webinare und gezielte Sponsoring-Kampagnen. <\/p><p>Relevante KPIs f\u00fcr Entscheidungstr\u00e4ger: Engagement-Rate, gemeldete Mentoring-Stunden, generierte Kooptationen und qualitatives Feedback zum <strong>Ruf<\/strong> des <strong>Unternehmens<\/strong>. Um diese Metriken zu industrialisieren und HR, CSR und Kommunikation zu verbinden, bietet eine spezielle Plattform zentralisiertes Reporting und automatisierte Workflows, reduzierte Admin-Kosten und die St\u00e4rkung des <strong>Humankapitals<\/strong>. <\/p><p>Eine Checkliste f\u00fcr die Aktivierung und praktische Beispiele finden Sie in einer Ressource zur Aktivierung ehemaliger Mitarbeiter: Ehemalige <a href=\"https:\/\/www.alumni.space\/de\/warum-ihre-ehemaligen-mitarbeiter-ihre-besten-botschafter-und-mentoren-sind\/\">Mitarbeiter als Botschafter<\/a>.<\/p><p>Wichtigste Erkenntnis: Steuerung \u00fcber kurze KPIs h\u00e4lt die Ausrichtung zwischen HR-Zielen und externem Image aufrecht.<\/p><p>Um den Prozess zu industrialisieren und einen Pilotfall zu testen, k\u00f6nnen Sie mit <a href=\"https:\/\/www.alumni.space\/de\/ehemalige-mitarbeiter-schluesselfiguren-in-ihrer-einflussstrategie\/\">Demo anfordern<\/a> Szenarien, Rituale und Dashboards erforschen, die auf den Kontext der Organisation zugeschnitten sind.<\/p>","protected":false},"excerpt":{"rendered":"<p>Kurzfassung: Mobilisierung ehemaliger Mitarbeiter als strategischer Hebel zur St\u00e4rkung desMarkenimages,  [&#8230;]<\/p>\n","protected":false},"author":1,"featured_media":4774,"comment_status":"closed","ping_status":"","sticky":false,"template":"","format":"standard","meta":{"_ayudawp_aiss_exclude":false,"footnotes":""},"categories":[57],"tags":[],"class_list":["post-4772","post","type-post","status-publish","format-standard","has-post-thumbnail","hentry","category-alumni"],"yoast_head":"<!-- This site is optimized with the Yoast SEO plugin v27.4 - https:\/\/yoast.com\/product\/yoast-seo-wordpress\/ -->\n<title>Ehemalige Mitarbeiter - ein Pluspunkt f\u00fcr Ihr Markenimage<\/title>\n<meta name=\"description\" content=\"Steigern Sie Ihr Markenimage durch die Expertise engagierter und motivierter ehemaliger Mitarbeiter, um Ihren Ruf zu verbessern.\" \/>\n<meta name=\"robots\" content=\"index, follow, max-snippet:-1, max-image-preview:large, max-video-preview:-1\" \/>\n<link rel=\"canonical\" href=\"https:\/\/www.alumni.space\/de\/ehemalige-mitarbeiter-zur-staerkung-ihres-markenimages\/\" \/>\n<meta property=\"og:locale\" content=\"de_DE\" \/>\n<meta property=\"og:type\" content=\"article\" \/>\n<meta property=\"og:title\" content=\"Ehemalige Mitarbeiter - ein Pluspunkt f\u00fcr Ihr Markenimage\" \/>\n<meta property=\"og:description\" content=\"Steigern Sie Ihr Markenimage durch die Expertise engagierter und motivierter ehemaliger Mitarbeiter, um Ihren Ruf zu verbessern.\" \/>\n<meta property=\"og:url\" content=\"https:\/\/www.alumni.space\/de\/ehemalige-mitarbeiter-zur-staerkung-ihres-markenimages\/\" \/>\n<meta property=\"og:site_name\" content=\"Alumni.space\" \/>\n<meta property=\"article:published_time\" content=\"2025-05-16T13:22:27+00:00\" \/>\n<meta property=\"article:modified_time\" content=\"2026-04-02T09:20:42+00:00\" \/>\n<meta property=\"og:image\" content=\"https:\/\/www.alumni.space\/wp-content\/uploads\/2026\/03\/Des-anciens-salaries-pour-renforcer-votre-image-de-marque-2.jpg\" \/>\n\t<meta property=\"og:image:width\" content=\"1344\" \/>\n\t<meta property=\"og:image:height\" content=\"768\" \/>\n\t<meta property=\"og:image:type\" content=\"image\/jpeg\" \/>\n<meta name=\"author\" content=\"admin\" \/>\n<meta name=\"twitter:card\" content=\"summary_large_image\" \/>\n<meta name=\"twitter:label1\" content=\"Verfasst von\" \/>\n\t<meta name=\"twitter:data1\" content=\"admin\" \/>\n\t<meta name=\"twitter:label2\" content=\"Gesch\u00e4tzte Lesezeit\" \/>\n\t<meta name=\"twitter:data2\" content=\"3\u00a0Minuten\" \/>\n<script type=\"application\/ld+json\" class=\"yoast-schema-graph\">{\"@context\":\"https:\\\/\\\/schema.org\",\"@graph\":[{\"@type\":\"Article\",\"@id\":\"https:\\\/\\\/www.alumni.space\\\/de\\\/ehemalige-mitarbeiter-zur-staerkung-ihres-markenimages\\\/#article\",\"isPartOf\":{\"@id\":\"https:\\\/\\\/www.alumni.space\\\/de\\\/ehemalige-mitarbeiter-zur-staerkung-ihres-markenimages\\\/\"},\"author\":{\"name\":\"admin\",\"@id\":\"https:\\\/\\\/www.alumni.space\\\/de\\\/#\\\/schema\\\/person\\\/fede362a57876edda476a61f05ce5b15\"},\"headline\":\"Ehemalige Mitarbeiter zur St\u00e4rkung Ihres Markenimages\",\"datePublished\":\"2025-05-16T13:22:27+00:00\",\"dateModified\":\"2026-04-02T09:20:42+00:00\",\"mainEntityOfPage\":{\"@id\":\"https:\\\/\\\/www.alumni.space\\\/de\\\/ehemalige-mitarbeiter-zur-staerkung-ihres-markenimages\\\/\"},\"wordCount\":600,\"image\":{\"@id\":\"https:\\\/\\\/www.alumni.space\\\/de\\\/ehemalige-mitarbeiter-zur-staerkung-ihres-markenimages\\\/#primaryimage\"},\"thumbnailUrl\":\"https:\\\/\\\/www.alumni.space\\\/wp-content\\\/uploads\\\/2026\\\/03\\\/Des-anciens-salaries-pour-renforcer-votre-image-de-marque-2.jpg\",\"articleSection\":[\"Alumni\"],\"inLanguage\":\"de\"},{\"@type\":\"WebPage\",\"@id\":\"https:\\\/\\\/www.alumni.space\\\/de\\\/ehemalige-mitarbeiter-zur-staerkung-ihres-markenimages\\\/\",\"url\":\"https:\\\/\\\/www.alumni.space\\\/de\\\/ehemalige-mitarbeiter-zur-staerkung-ihres-markenimages\\\/\",\"name\":\"Ehemalige Mitarbeiter - ein Pluspunkt f\u00fcr Ihr Markenimage\",\"isPartOf\":{\"@id\":\"https:\\\/\\\/www.alumni.space\\\/de\\\/#website\"},\"primaryImageOfPage\":{\"@id\":\"https:\\\/\\\/www.alumni.space\\\/de\\\/ehemalige-mitarbeiter-zur-staerkung-ihres-markenimages\\\/#primaryimage\"},\"image\":{\"@id\":\"https:\\\/\\\/www.alumni.space\\\/de\\\/ehemalige-mitarbeiter-zur-staerkung-ihres-markenimages\\\/#primaryimage\"},\"thumbnailUrl\":\"https:\\\/\\\/www.alumni.space\\\/wp-content\\\/uploads\\\/2026\\\/03\\\/Des-anciens-salaries-pour-renforcer-votre-image-de-marque-2.jpg\",\"datePublished\":\"2025-05-16T13:22:27+00:00\",\"dateModified\":\"2026-04-02T09:20:42+00:00\",\"author\":{\"@id\":\"https:\\\/\\\/www.alumni.space\\\/de\\\/#\\\/schema\\\/person\\\/fede362a57876edda476a61f05ce5b15\"},\"description\":\"Steigern Sie Ihr Markenimage durch die Expertise engagierter und motivierter ehemaliger Mitarbeiter, um Ihren Ruf zu verbessern.\",\"breadcrumb\":{\"@id\":\"https:\\\/\\\/www.alumni.space\\\/de\\\/ehemalige-mitarbeiter-zur-staerkung-ihres-markenimages\\\/#breadcrumb\"},\"inLanguage\":\"de\",\"potentialAction\":[{\"@type\":\"ReadAction\",\"target\":[\"https:\\\/\\\/www.alumni.space\\\/de\\\/ehemalige-mitarbeiter-zur-staerkung-ihres-markenimages\\\/\"]}]},{\"@type\":\"ImageObject\",\"inLanguage\":\"de\",\"@id\":\"https:\\\/\\\/www.alumni.space\\\/de\\\/ehemalige-mitarbeiter-zur-staerkung-ihres-markenimages\\\/#primaryimage\",\"url\":\"https:\\\/\\\/www.alumni.space\\\/wp-content\\\/uploads\\\/2026\\\/03\\\/Des-anciens-salaries-pour-renforcer-votre-image-de-marque-2.jpg\",\"contentUrl\":\"https:\\\/\\\/www.alumni.space\\\/wp-content\\\/uploads\\\/2026\\\/03\\\/Des-anciens-salaries-pour-renforcer-votre-image-de-marque-2.jpg\",\"width\":1344,\"height\":768,\"caption\":\"Finden Sie heraus, wie ehemalige Mitarbeiter zu wertvollen Botschaftern werden k\u00f6nnen, um das Image Ihrer Marke zu st\u00e4rken und aufzuwerten.\"},{\"@type\":\"BreadcrumbList\",\"@id\":\"https:\\\/\\\/www.alumni.space\\\/de\\\/ehemalige-mitarbeiter-zur-staerkung-ihres-markenimages\\\/#breadcrumb\",\"itemListElement\":[{\"@type\":\"ListItem\",\"position\":1,\"name\":\"Home\",\"item\":\"https:\\\/\\\/www.alumni.space\\\/de\\\/plattform-fuer-die-verwaltung-von-mentoring-und-unternehmensalumni\\\/\"},{\"@type\":\"ListItem\",\"position\":2,\"name\":\"Ehemalige Mitarbeiter zur St\u00e4rkung Ihres Markenimages\"}]},{\"@type\":\"WebSite\",\"@id\":\"https:\\\/\\\/www.alumni.space\\\/de\\\/#website\",\"url\":\"https:\\\/\\\/www.alumni.space\\\/de\\\/\",\"name\":\"Alumni.space\",\"description\":\"My WordPress Blog\",\"potentialAction\":[{\"@type\":\"SearchAction\",\"target\":{\"@type\":\"EntryPoint\",\"urlTemplate\":\"https:\\\/\\\/www.alumni.space\\\/de\\\/?s={search_term_string}\"},\"query-input\":{\"@type\":\"PropertyValueSpecification\",\"valueRequired\":true,\"valueName\":\"search_term_string\"}}],\"inLanguage\":\"de\"},{\"@type\":\"Person\",\"@id\":\"https:\\\/\\\/www.alumni.space\\\/de\\\/#\\\/schema\\\/person\\\/fede362a57876edda476a61f05ce5b15\",\"name\":\"admin\",\"image\":{\"@type\":\"ImageObject\",\"inLanguage\":\"de\",\"@id\":\"https:\\\/\\\/secure.gravatar.com\\\/avatar\\\/318e234ae94f90d4d629428d6b983c08e31181c28f579e08a021180d759ea651?s=96&d=mm&r=g\",\"url\":\"https:\\\/\\\/secure.gravatar.com\\\/avatar\\\/318e234ae94f90d4d629428d6b983c08e31181c28f579e08a021180d759ea651?s=96&d=mm&r=g\",\"contentUrl\":\"https:\\\/\\\/secure.gravatar.com\\\/avatar\\\/318e234ae94f90d4d629428d6b983c08e31181c28f579e08a021180d759ea651?s=96&d=mm&r=g\",\"caption\":\"admin\"},\"description\":\"Nicolas Laustriat a construit sa sp\u00e9cialit\u00e9 sur un sujet que beaucoup d\u2019organisations d\u00e9couvrent trop tard : ce qui dispara\u00eet quand les gens partent. Dipl\u00f4m\u00e9 en conception de produit industriel, il bifurque vers le digital fin 1996, il couvre les transformations marques, RH, la fid\u00e9lisation, la marque employeur. Sur le terrain, il rep\u00e8re un angle mort r\u00e9current : l\u2019entreprise investit dans le recrutement, la formation, les process\u2026 puis laisse filer le lien au moment du d\u00e9part, avec une perte de savoir et d\u2019influence qui se paie en silence. Il se sp\u00e9cialise alors sur les communaut\u00e9s d\u2019alumni, le mentorat, l\u2019entraide interg\u00e9n\u00e9rationnelle et la transmission d\u2019expertise. Il passe du \u201cconstat\u201d aux m\u00e9thodes : animation, gouvernance, segmentation, rituels, mesure d\u2019engagement, articulation avec la RSE et l\u2019employabilit\u00e9. Il interviewe DRH, responsables formation, directions d\u2019\u00e9coles, associations et fondations, avec une obsession : transformer un r\u00e9seau dormant en m\u00e9canisme utile (cooptation, mentorat, job board, entraide, \u00e9v\u00e9nements, contenus). Son style : direct, orient\u00e9 action, sans folklore. Sa conviction : une communaut\u00e9 n\u2019a pas besoin de bruit, elle a besoin de raisons de revenir.\",\"sameAs\":[\"https:\\\/\\\/www.alumni.space\"]}]}<\/script>\n<!-- \/ Yoast SEO plugin. -->","yoast_head_json":{"title":"Ehemalige Mitarbeiter - ein Pluspunkt f\u00fcr Ihr Markenimage","description":"Steigern Sie Ihr Markenimage durch die Expertise engagierter und motivierter ehemaliger Mitarbeiter, um Ihren Ruf zu verbessern.","robots":{"index":"index","follow":"follow","max-snippet":"max-snippet:-1","max-image-preview":"max-image-preview:large","max-video-preview":"max-video-preview:-1"},"canonical":"https:\/\/www.alumni.space\/de\/ehemalige-mitarbeiter-zur-staerkung-ihres-markenimages\/","og_locale":"de_DE","og_type":"article","og_title":"Ehemalige Mitarbeiter - ein Pluspunkt f\u00fcr Ihr Markenimage","og_description":"Steigern Sie Ihr Markenimage durch die Expertise engagierter und motivierter ehemaliger Mitarbeiter, um Ihren Ruf zu verbessern.","og_url":"https:\/\/www.alumni.space\/de\/ehemalige-mitarbeiter-zur-staerkung-ihres-markenimages\/","og_site_name":"Alumni.space","article_published_time":"2025-05-16T13:22:27+00:00","article_modified_time":"2026-04-02T09:20:42+00:00","og_image":[{"width":1344,"height":768,"url":"https:\/\/www.alumni.space\/wp-content\/uploads\/2026\/03\/Des-anciens-salaries-pour-renforcer-votre-image-de-marque-2.jpg","type":"image\/jpeg"}],"author":"admin","twitter_card":"summary_large_image","twitter_misc":{"Verfasst von":"admin","Gesch\u00e4tzte Lesezeit":"3\u00a0Minuten"},"schema":{"@context":"https:\/\/schema.org","@graph":[{"@type":"Article","@id":"https:\/\/www.alumni.space\/de\/ehemalige-mitarbeiter-zur-staerkung-ihres-markenimages\/#article","isPartOf":{"@id":"https:\/\/www.alumni.space\/de\/ehemalige-mitarbeiter-zur-staerkung-ihres-markenimages\/"},"author":{"name":"admin","@id":"https:\/\/www.alumni.space\/de\/#\/schema\/person\/fede362a57876edda476a61f05ce5b15"},"headline":"Ehemalige Mitarbeiter zur St\u00e4rkung Ihres Markenimages","datePublished":"2025-05-16T13:22:27+00:00","dateModified":"2026-04-02T09:20:42+00:00","mainEntityOfPage":{"@id":"https:\/\/www.alumni.space\/de\/ehemalige-mitarbeiter-zur-staerkung-ihres-markenimages\/"},"wordCount":600,"image":{"@id":"https:\/\/www.alumni.space\/de\/ehemalige-mitarbeiter-zur-staerkung-ihres-markenimages\/#primaryimage"},"thumbnailUrl":"https:\/\/www.alumni.space\/wp-content\/uploads\/2026\/03\/Des-anciens-salaries-pour-renforcer-votre-image-de-marque-2.jpg","articleSection":["Alumni"],"inLanguage":"de"},{"@type":"WebPage","@id":"https:\/\/www.alumni.space\/de\/ehemalige-mitarbeiter-zur-staerkung-ihres-markenimages\/","url":"https:\/\/www.alumni.space\/de\/ehemalige-mitarbeiter-zur-staerkung-ihres-markenimages\/","name":"Ehemalige Mitarbeiter - ein Pluspunkt f\u00fcr Ihr Markenimage","isPartOf":{"@id":"https:\/\/www.alumni.space\/de\/#website"},"primaryImageOfPage":{"@id":"https:\/\/www.alumni.space\/de\/ehemalige-mitarbeiter-zur-staerkung-ihres-markenimages\/#primaryimage"},"image":{"@id":"https:\/\/www.alumni.space\/de\/ehemalige-mitarbeiter-zur-staerkung-ihres-markenimages\/#primaryimage"},"thumbnailUrl":"https:\/\/www.alumni.space\/wp-content\/uploads\/2026\/03\/Des-anciens-salaries-pour-renforcer-votre-image-de-marque-2.jpg","datePublished":"2025-05-16T13:22:27+00:00","dateModified":"2026-04-02T09:20:42+00:00","author":{"@id":"https:\/\/www.alumni.space\/de\/#\/schema\/person\/fede362a57876edda476a61f05ce5b15"},"description":"Steigern Sie Ihr Markenimage durch die Expertise engagierter und motivierter ehemaliger Mitarbeiter, um Ihren Ruf zu verbessern.","breadcrumb":{"@id":"https:\/\/www.alumni.space\/de\/ehemalige-mitarbeiter-zur-staerkung-ihres-markenimages\/#breadcrumb"},"inLanguage":"de","potentialAction":[{"@type":"ReadAction","target":["https:\/\/www.alumni.space\/de\/ehemalige-mitarbeiter-zur-staerkung-ihres-markenimages\/"]}]},{"@type":"ImageObject","inLanguage":"de","@id":"https:\/\/www.alumni.space\/de\/ehemalige-mitarbeiter-zur-staerkung-ihres-markenimages\/#primaryimage","url":"https:\/\/www.alumni.space\/wp-content\/uploads\/2026\/03\/Des-anciens-salaries-pour-renforcer-votre-image-de-marque-2.jpg","contentUrl":"https:\/\/www.alumni.space\/wp-content\/uploads\/2026\/03\/Des-anciens-salaries-pour-renforcer-votre-image-de-marque-2.jpg","width":1344,"height":768,"caption":"Finden Sie heraus, wie ehemalige Mitarbeiter zu wertvollen Botschaftern werden k\u00f6nnen, um das Image Ihrer Marke zu st\u00e4rken und aufzuwerten."},{"@type":"BreadcrumbList","@id":"https:\/\/www.alumni.space\/de\/ehemalige-mitarbeiter-zur-staerkung-ihres-markenimages\/#breadcrumb","itemListElement":[{"@type":"ListItem","position":1,"name":"Home","item":"https:\/\/www.alumni.space\/de\/plattform-fuer-die-verwaltung-von-mentoring-und-unternehmensalumni\/"},{"@type":"ListItem","position":2,"name":"Ehemalige Mitarbeiter zur St\u00e4rkung Ihres Markenimages"}]},{"@type":"WebSite","@id":"https:\/\/www.alumni.space\/de\/#website","url":"https:\/\/www.alumni.space\/de\/","name":"Alumni.space","description":"My WordPress Blog","potentialAction":[{"@type":"SearchAction","target":{"@type":"EntryPoint","urlTemplate":"https:\/\/www.alumni.space\/de\/?s={search_term_string}"},"query-input":{"@type":"PropertyValueSpecification","valueRequired":true,"valueName":"search_term_string"}}],"inLanguage":"de"},{"@type":"Person","@id":"https:\/\/www.alumni.space\/de\/#\/schema\/person\/fede362a57876edda476a61f05ce5b15","name":"admin","image":{"@type":"ImageObject","inLanguage":"de","@id":"https:\/\/secure.gravatar.com\/avatar\/318e234ae94f90d4d629428d6b983c08e31181c28f579e08a021180d759ea651?s=96&d=mm&r=g","url":"https:\/\/secure.gravatar.com\/avatar\/318e234ae94f90d4d629428d6b983c08e31181c28f579e08a021180d759ea651?s=96&d=mm&r=g","contentUrl":"https:\/\/secure.gravatar.com\/avatar\/318e234ae94f90d4d629428d6b983c08e31181c28f579e08a021180d759ea651?s=96&d=mm&r=g","caption":"admin"},"description":"Nicolas Laustriat a construit sa sp\u00e9cialit\u00e9 sur un sujet que beaucoup d\u2019organisations d\u00e9couvrent trop tard : ce qui dispara\u00eet quand les gens partent. Dipl\u00f4m\u00e9 en conception de produit industriel, il bifurque vers le digital fin 1996, il couvre les transformations marques, RH, la fid\u00e9lisation, la marque employeur. Sur le terrain, il rep\u00e8re un angle mort r\u00e9current : l\u2019entreprise investit dans le recrutement, la formation, les process\u2026 puis laisse filer le lien au moment du d\u00e9part, avec une perte de savoir et d\u2019influence qui se paie en silence. Il se sp\u00e9cialise alors sur les communaut\u00e9s d\u2019alumni, le mentorat, l\u2019entraide interg\u00e9n\u00e9rationnelle et la transmission d\u2019expertise. Il passe du \u201cconstat\u201d aux m\u00e9thodes : animation, gouvernance, segmentation, rituels, mesure d\u2019engagement, articulation avec la RSE et l\u2019employabilit\u00e9. Il interviewe DRH, responsables formation, directions d\u2019\u00e9coles, associations et fondations, avec une obsession : transformer un r\u00e9seau dormant en m\u00e9canisme utile (cooptation, mentorat, job board, entraide, \u00e9v\u00e9nements, contenus). Son style : direct, orient\u00e9 action, sans folklore. Sa conviction : une communaut\u00e9 n\u2019a pas besoin de bruit, elle a besoin de raisons de revenir.","sameAs":["https:\/\/www.alumni.space"]}]}},"_links":{"self":[{"href":"https:\/\/www.alumni.space\/de\/wp-json\/wp\/v2\/posts\/4772","targetHints":{"allow":["GET"]}}],"collection":[{"href":"https:\/\/www.alumni.space\/de\/wp-json\/wp\/v2\/posts"}],"about":[{"href":"https:\/\/www.alumni.space\/de\/wp-json\/wp\/v2\/types\/post"}],"author":[{"embeddable":true,"href":"https:\/\/www.alumni.space\/de\/wp-json\/wp\/v2\/users\/1"}],"replies":[{"embeddable":true,"href":"https:\/\/www.alumni.space\/de\/wp-json\/wp\/v2\/comments?post=4772"}],"version-history":[{"count":5,"href":"https:\/\/www.alumni.space\/de\/wp-json\/wp\/v2\/posts\/4772\/revisions"}],"predecessor-version":[{"id":6764,"href":"https:\/\/www.alumni.space\/de\/wp-json\/wp\/v2\/posts\/4772\/revisions\/6764"}],"wp:featuredmedia":[{"embeddable":true,"href":"https:\/\/www.alumni.space\/de\/wp-json\/wp\/v2\/media\/4774"}],"wp:attachment":[{"href":"https:\/\/www.alumni.space\/de\/wp-json\/wp\/v2\/media?parent=4772"}],"wp:term":[{"taxonomy":"category","embeddable":true,"href":"https:\/\/www.alumni.space\/de\/wp-json\/wp\/v2\/categories?post=4772"},{"taxonomy":"post_tag","embeddable":true,"href":"https:\/\/www.alumni.space\/de\/wp-json\/wp\/v2\/tags?post=4772"}],"curies":[{"name":"wp","href":"https:\/\/api.w.org\/{rel}","templated":true}]}}