{"id":3841,"date":"2025-03-11T03:40:19","date_gmt":"2025-03-11T03:40:19","guid":{"rendered":"https:\/\/www.alumni.space\/die-staerke-von-alumni-beziehungen-fuer-das-wachstum-von-unternehmen\/"},"modified":"2026-04-02T12:07:22","modified_gmt":"2026-04-02T12:07:22","slug":"die-staerke-von-alumni-beziehungen-fuer-das-wachstum-von-unternehmen","status":"publish","type":"post","link":"https:\/\/www.alumni.space\/de\/die-staerke-von-alumni-beziehungen-fuer-das-wachstum-von-unternehmen\/","title":{"rendered":"Die St\u00e4rke von Alumni-Beziehungen f\u00fcr das Wachstum von Unternehmen"},"content":{"rendered":"<p><strong>Alumni-Beziehungen<\/strong> als strategischer Hebel: Alumni-Netzwerk, das mobilisiert wird, um <strong>Gesch\u00e4ftsm\u00f6glichkeiten<\/strong> zu schaffen, die <strong>Gesch\u00e4ftsentwicklung<\/strong> zu st\u00e4rken und das <strong>Humankapital<\/strong> zu erhalten.<\/p><div id=\"ez-toc-container\" class=\"ez-toc-v2_0_82_2 counter-flat ez-toc-counter ez-toc-grey ez-toc-container-direction\">\n<div class=\"ez-toc-title-container\"><p class=\"ez-toc-title\" style=\"cursor:inherit\">Inhalt dieses Artikels:<\/p>\n<\/div><nav><ul class='ez-toc-list ez-toc-list-level-1 ' ><li class='ez-toc-page-1'><a class=\"ez-toc-link ez-toc-heading-1\" href=\"https:\/\/www.alumni.space\/de\/die-staerke-von-alumni-beziehungen-fuer-das-wachstum-von-unternehmen\/#Die_Rolle_von_Alumni-Beziehungen_fuer_das_Wachstum_von_Unternehmen\" >Die Rolle von Alumni-Beziehungen f\u00fcr das Wachstum von Unternehmen<\/a><\/li><li class='ez-toc-page-1'><a class=\"ez-toc-link ez-toc-heading-2\" href=\"https:\/\/www.alumni.space\/de\/die-staerke-von-alumni-beziehungen-fuer-das-wachstum-von-unternehmen\/#Versteckte_Kosten_des_Wissensverlusts_fuer_HR-Entscheidungstraeger\" >Versteckte Kosten des Wissensverlusts f\u00fcr HR-Entscheidungstr\u00e4ger<\/a><\/li><li class='ez-toc-page-1'><a class=\"ez-toc-link ez-toc-heading-3\" href=\"https:\/\/www.alumni.space\/de\/die-staerke-von-alumni-beziehungen-fuer-das-wachstum-von-unternehmen\/#Aufbau_eines_professionellen_Netzwerks_fuer_eine_messbare_kommerzielle_Wirkung\" >Aufbau eines professionellen Netzwerks f\u00fcr eine messbare kommerzielle Wirkung<\/a><\/li><li class='ez-toc-page-1'><a class=\"ez-toc-link ez-toc-heading-4\" href=\"https:\/\/www.alumni.space\/de\/die-staerke-von-alumni-beziehungen-fuer-das-wachstum-von-unternehmen\/#Mentoring-_und_Treueprogramme_praktische_Umsetzung\" >Mentoring- und Treueprogramme: praktische Umsetzung<\/a><\/li><li class='ez-toc-page-1'><a class=\"ez-toc-link ez-toc-heading-5\" href=\"https:\/\/www.alumni.space\/de\/die-staerke-von-alumni-beziehungen-fuer-das-wachstum-von-unternehmen\/#CSR_Humankapital_und_Attraktivitaet_strategische_Rechtfertigung\" >CSR, Humankapital und Attraktivit\u00e4t: strategische Rechtfertigung<\/a><\/li><li class='ez-toc-page-1'><a class=\"ez-toc-link ez-toc-heading-6\" href=\"https:\/\/www.alumni.space\/de\/die-staerke-von-alumni-beziehungen-fuer-das-wachstum-von-unternehmen\/#Aktivierungsritual_zur_Einleitung_eines_operativen_Prozesses\" >Aktivierungsritual zur Einleitung eines operativen Prozesses<\/a><\/li><\/ul><\/nav><\/div>\n<h2 class=\"wp-block-heading\"><span class=\"ez-toc-section\" id=\"Die_Rolle_von_Alumni-Beziehungen_fuer_das_Wachstum_von_Unternehmen\"><\/span>Die Rolle von Alumni-Beziehungen f\u00fcr das Wachstum von Unternehmen<span class=\"ez-toc-section-end\"><\/span><\/h2><p>Ein lebendiges <strong>professionelles Netzwerk<\/strong> verwandelt Kontakte in konkrete Projekte. Das fiktive KMU <strong>AlphaTech<\/strong> wandelte Alumni-Treffen in technische Partnerschaften und gezielte Einstellungen um und beschleunigte so seine Gesch\u00e4ftsentwicklung. <\/p><p>Die strukturierte Mobilisierung der Alumni unterst\u00fctzt <strong>strategische Partnerschaften<\/strong> und intensiviert das <strong>Networking<\/strong>, das f\u00fcr die Vertriebs- und Personalabteilungen von Nutzen ist. Der Nutzen f\u00fcr die Entscheidungstr\u00e4ger besteht in der Reduzierung von Wissensverlusten und einem reibungsloseren Onboarding. <\/p><figure class=\"wp-block-image size-full\"><img decoding=\"async\" width=\"1344\" height=\"768\" src=\"https:\/\/www.alumni.space\/wp-content\/uploads\/2026\/03\/La-force-des-relations-alumni-dans-la-croissance-des-entreprises-1.jpg\" data-orig-src=\"https:\/\/www.alumni.space\/wp-content\/uploads\/2026\/03\/La-force-des-relations-alumni-dans-la-croissance-des-entreprises-1.jpg\" alt=\"Entdecken Sie, wie die St\u00e4rke der Alumni-Beziehungen dazu beitr\u00e4gt, das Wachstum und den Erfolg von Unternehmen durch ein starkes und nachhaltiges Netzwerk zu beschleunigen.\" class=\"lazyload wp-image-3564\" srcset=\"data:image\/svg+xml,%3Csvg%20xmlns%3D%27http%3A%2F%2Fwww.w3.org%2F2000%2Fsvg%27%20width%3D%271344%27%20height%3D%27768%27%20viewBox%3D%270%200%201344%20768%27%3E%3Crect%20width%3D%271344%27%20height%3D%27768%27%20fill-opacity%3D%220%22%2F%3E%3C%2Fsvg%3E\" data-srcset=\"https:\/\/www.alumni.space\/wp-content\/uploads\/2026\/03\/La-force-des-relations-alumni-dans-la-croissance-des-entreprises-1-200x114.jpg 200w, https:\/\/www.alumni.space\/wp-content\/uploads\/2026\/03\/La-force-des-relations-alumni-dans-la-croissance-des-entreprises-1-300x171.jpg 300w, https:\/\/www.alumni.space\/wp-content\/uploads\/2026\/03\/La-force-des-relations-alumni-dans-la-croissance-des-entreprises-1-400x229.jpg 400w, https:\/\/www.alumni.space\/wp-content\/uploads\/2026\/03\/La-force-des-relations-alumni-dans-la-croissance-des-entreprises-1-600x343.jpg 600w, https:\/\/www.alumni.space\/wp-content\/uploads\/2026\/03\/La-force-des-relations-alumni-dans-la-croissance-des-entreprises-1-768x439.jpg 768w, https:\/\/www.alumni.space\/wp-content\/uploads\/2026\/03\/La-force-des-relations-alumni-dans-la-croissance-des-entreprises-1-800x457.jpg 800w, https:\/\/www.alumni.space\/wp-content\/uploads\/2026\/03\/La-force-des-relations-alumni-dans-la-croissance-des-entreprises-1-1024x585.jpg 1024w, https:\/\/www.alumni.space\/wp-content\/uploads\/2026\/03\/La-force-des-relations-alumni-dans-la-croissance-des-entreprises-1-1200x686.jpg 1200w, https:\/\/www.alumni.space\/wp-content\/uploads\/2026\/03\/La-force-des-relations-alumni-dans-la-croissance-des-entreprises-1.jpg 1344w\" data-sizes=\"auto\" data-orig-sizes=\"(max-width: 1344px) 100vw, 1344px\" \/><\/figure><p><strong>Insight:<\/strong> Ein aktives Alumni-Netzwerk wird eher zu einem <strong>Wachstumskanal f\u00fcr Unternehmen<\/strong> als zu einer blo\u00dfen Datei.<\/p><h3 class=\"wp-block-heading\"><span class=\"ez-toc-section\" id=\"Versteckte_Kosten_des_Wissensverlusts_fuer_HR-Entscheidungstraeger\"><\/span>Versteckte Kosten des Wissensverlusts f\u00fcr HR-Entscheidungstr\u00e4ger<span class=\"ez-toc-section-end\"><\/span><\/h3><p>Der Abfluss von Fachwissen f\u00fchrt zu Verz\u00f6gerungen und Ausbildungskosten. Wenn ein ehemaliger Mitarbeiter eine kritische Position verl\u00e4sst, wird der Zugang zu seiner Erfahrung ohne Archivierungs- und Kontaktm\u00f6glichkeiten erschwert. <\/p><p>Eine klare Steuerung der Alumni-Interaktionen reduziert die betriebliche Fluktuation und f\u00f6rdert die generations\u00fcbergreifende <strong>Zusammenarbeit<\/strong>. Die Nutzung einer dedizierten Plattform vermeidet eine Vielzahl von Tabellen und verteilten Werkzeugen. <\/p><p><strong>Insight:<\/strong> Die Messung der Mentoring-Stunden und der Rate der schnellen Integration liefert einen robusten Entscheidungsindikator f\u00fcr das HR-Management.<\/p><h2 class=\"wp-block-heading\"><span class=\"ez-toc-section\" id=\"Aufbau_eines_professionellen_Netzwerks_fuer_eine_messbare_kommerzielle_Wirkung\"><\/span>Aufbau eines professionellen Netzwerks f\u00fcr eine messbare kommerzielle Wirkung<span class=\"ez-toc-section-end\"><\/span><\/h2><p>Die Strukturierung geht von einem klaren Wertangebot der Gemeinschaft und einer zielorientierten Steuerung aus. Das Modell &#8222;Alumni as a Service&#8220; beschreibt diesen Ansatz im Detail und zeigt Wege auf, wie es f\u00fcr gro\u00dfe Schulen und Organisationen <a href=\"https:\/\/pro.etudiant.lefigaro.fr\/article\/lecosysteme-alumni-as-a-service-un-levier-strategique-pour-les-grandes-ecoles\/\">eingesetzt<\/a> werden kann. <\/p><p>Die sektoralen R\u00fcckmeldungen, auch im Zusammenhang mit der Internationalisierung, zeigen, wie wichtig ein aktives Netzwerk ist, um M\u00e4rkte zu erschlie\u00dfen und Relais im Ausland zu sichern <a href=\"https:\/\/www.lesechos.fr\/thema\/articles\/les-alumni-a-linternational-une-cle-dexpansion-des-pme-et-eti-souvent-negligee-2160476\">Details<\/a>.<\/p><p><strong>Einsicht:<\/strong> Die Priorit\u00e4t auf die Qualit\u00e4t der Mitglieder statt auf die Quantit\u00e4t erh\u00f6ht das Potenzial f\u00fcr die <strong>Gesch\u00e4ftsentwicklung<\/strong>.<\/p><h3 class=\"wp-block-heading\"><span class=\"ez-toc-section\" id=\"Mentoring-_und_Treueprogramme_praktische_Umsetzung\"><\/span><strong>Mentoring-<\/strong> und Treueprogramme: praktische Umsetzung<span class=\"ez-toc-section-end\"><\/span><\/h3><p>Ein formalisiertes Programm organisiert Binome, Rituale und Zeitpl\u00e4ne. Ein strukturiertes Onboarding und eine Benutzercharta kl\u00e4ren die Verpflichtungen und bewahren die Qualit\u00e4t des Austauschs. <\/p><p>Die Steuerung erfolgt anhand klarer Metriken: Aktivierungsrate, Teilnahme an Veranstaltungen und Anzahl der Kontakte, die in Angebote umgewandelt werden. Um die Bem\u00fchungen zu verankern, ist die Einbindung eines engagierten <strong>Community Builders<\/strong> von entscheidender Bedeutung. <\/p><p>Zentrale Verwaltungstools, die f\u00fcr die Animation von Alumni entwickelt wurden, erleichtern die Erstellung eines Veranstaltungskatalogs, die Verwaltung eines <strong>Job Boards<\/strong> und die Aufwertung von Botschaftern. Ein sektorspezifischer Artikel beleuchtet die Hebel zur St\u00e4rkung der Beziehungen zwischen Unternehmen und Schulen &#8211; ein <a href=\"https:\/\/www.eudonet.com\/fr\/ressources\/blog\/reseau-alumni-relations-entreprises\/\">praktischer Ansatz<\/a>. <\/p><p><strong>Einsicht:<\/strong> Die Formalisierung der Rollen von Champions und das Angebot von Unterst\u00fctzungspaketen st\u00e4rkt die Ausstrahlung des Netzwerks.<\/p><h2 class=\"wp-block-heading\"><span class=\"ez-toc-section\" id=\"CSR_Humankapital_und_Attraktivitaet_strategische_Rechtfertigung\"><\/span>CSR, Humankapital und Attraktivit\u00e4t: strategische Rechtfertigung<span class=\"ez-toc-section-end\"><\/span><\/h2><p>Eine Alumni-Plattform in Verbindung mit einem Mentoring-Programm verl\u00e4ngert die soziale Verantwortung der Organisation \u00fcber den Arbeitsvertrag hinaus. Sie erleichtert die Weitergabe von Kompetenzen, den Erfahrungsaustausch zwischen den Generationen und die berufliche Eingliederung junger Menschen. <\/p><p>Die Aktivierung von engagierten Alumni verringert die Streuung von Wissen, indem sie es in einer zug\u00e4nglichen Datenbank kapitalisiert. F\u00fcr die Arbeitgebermarke bedeutet dies, dass die Sichtbarkeit konkreter Erfahrungsberichte die Glaubw\u00fcrdigkeit st\u00e4rkt und gezielt Talente anzieht. <\/p><p>Um diese Initiativen zu strukturieren, verf\u00fcgen die Schulen und Bildungsakteure \u00fcber praktische Ressourcen und spezielle Wege zur Integration von Alumni in die <a href=\"https:\/\/www.alumni.space\/de\/alumni-und-business-development-eine-erfolgreiche-kombination\/\">Gesch\u00e4ftsstrategie<\/a> und zur Einf\u00fchrung von <a href=\"https:\/\/www.alumni.space\/de\/ein-mentoring-programm-mit-ihren-alumni-einrichten-eine-gebrauchsanweisung\/\">Mentoring-Modulen<\/a>.<\/p><p><strong>Insight:<\/strong> Die Ausrichtung von HR, CSR und Kommunikation auf gemeinsame Indikatoren verwandelt Gemeinschaftsaktionen in messbare Hebel.<\/p><h3 class=\"wp-block-heading\"><span class=\"ez-toc-section\" id=\"Aktivierungsritual_zur_Einleitung_eines_operativen_Prozesses\"><\/span>Aktivierungsritual zur Einleitung eines operativen Prozesses<span class=\"ez-toc-section-end\"><\/span><\/h3><p>Phase 1: Definition des gemeinschaftlichen Wertangebots mit Interessengruppen und Zielgruppensegmentierung.<\/p><p>Phase 2: Qualitative Rekrutierung der ersten Botschafter und strukturiertes Onboarding. Phase 3: Redaktioneller Kalender mit exklusiven Inhalten und beruflichen Begegnungen. <\/p><p>Ein fiktiver Fall: AlphaTech begann mit zehn \u00e4lteren Botschaftern, organisierte drei Workshops und besetzte zwei Stellen durch Kooptation in sechs Monaten.<\/p><p><strong>Insight:<\/strong> Klein anfangen, schnell messen, oft iterieren f\u00fchrt zu einem nachhaltigen Trainingseffekt.<\/p><p><a href=\"https:\/\/www.alumni.space\/de\/alumni-und-business-development-eine-erfolgreiche-kombination\/\">Fordern Sie eine Demo an<\/a><\/p>","protected":false},"excerpt":{"rendered":"<p>Alumni-Beziehungen als strategischer Hebel: Alumni-Netzwerk, das mobilisiert wird, um Gesch\u00e4ftsm\u00f6glichkeiten  [&#8230;]<\/p>\n","protected":false},"author":1,"featured_media":3843,"comment_status":"closed","ping_status":"closed","sticky":false,"template":"","format":"standard","meta":{"_ayudawp_aiss_exclude":false,"footnotes":""},"categories":[57],"tags":[],"class_list":["post-3841","post","type-post","status-publish","format-standard","has-post-thumbnail","hentry","category-alumni"],"yoast_head":"<!-- This site is optimized with the Yoast SEO plugin v27.4 - https:\/\/yoast.com\/product\/yoast-seo-wordpress\/ -->\n<title>Alumni-Beziehungen: Schl\u00fcsselfaktor f\u00fcr das Unternehmenswachstum<\/title>\n<meta name=\"description\" content=\"Erfahren Sie, wie die St\u00e4rke der Alumni-Beziehungen das Wachstum von Unternehmen durch ein starkes Netzwerk und nachhaltige M\u00f6glichkeiten f\u00f6rdert.\" \/>\n<meta name=\"robots\" content=\"index, follow, max-snippet:-1, max-image-preview:large, max-video-preview:-1\" \/>\n<link rel=\"canonical\" href=\"https:\/\/www.alumni.space\/de\/die-staerke-von-alumni-beziehungen-fuer-das-wachstum-von-unternehmen\/\" \/>\n<meta property=\"og:locale\" content=\"de_DE\" \/>\n<meta property=\"og:type\" content=\"article\" \/>\n<meta property=\"og:title\" content=\"Alumni-Beziehungen: Schl\u00fcsselfaktor f\u00fcr das Unternehmenswachstum\" \/>\n<meta property=\"og:description\" content=\"Erfahren Sie, wie die St\u00e4rke der Alumni-Beziehungen das Wachstum von Unternehmen durch ein starkes Netzwerk und nachhaltige M\u00f6glichkeiten f\u00f6rdert.\" \/>\n<meta property=\"og:url\" content=\"https:\/\/www.alumni.space\/de\/die-staerke-von-alumni-beziehungen-fuer-das-wachstum-von-unternehmen\/\" \/>\n<meta property=\"og:site_name\" content=\"Alumni.space\" \/>\n<meta property=\"article:published_time\" content=\"2025-03-11T03:40:19+00:00\" \/>\n<meta property=\"article:modified_time\" content=\"2026-04-02T12:07:22+00:00\" \/>\n<meta property=\"og:image\" content=\"https:\/\/www.alumni.space\/wp-content\/uploads\/2026\/03\/La-force-des-relations-alumni-dans-la-croissance-des-entreprises.jpg\" \/>\n\t<meta property=\"og:image:width\" content=\"1344\" \/>\n\t<meta property=\"og:image:height\" content=\"768\" \/>\n\t<meta property=\"og:image:type\" content=\"image\/jpeg\" \/>\n<meta name=\"author\" content=\"admin\" \/>\n<meta name=\"twitter:card\" content=\"summary_large_image\" \/>\n<meta name=\"twitter:label1\" content=\"Verfasst von\" \/>\n\t<meta name=\"twitter:data1\" content=\"admin\" \/>\n\t<meta name=\"twitter:label2\" content=\"Gesch\u00e4tzte Lesezeit\" \/>\n\t<meta name=\"twitter:data2\" content=\"3\u00a0Minuten\" \/>\n<script type=\"application\/ld+json\" class=\"yoast-schema-graph\">{\"@context\":\"https:\\\/\\\/schema.org\",\"@graph\":[{\"@type\":\"Article\",\"@id\":\"https:\\\/\\\/www.alumni.space\\\/de\\\/die-staerke-von-alumni-beziehungen-fuer-das-wachstum-von-unternehmen\\\/#article\",\"isPartOf\":{\"@id\":\"https:\\\/\\\/www.alumni.space\\\/de\\\/die-staerke-von-alumni-beziehungen-fuer-das-wachstum-von-unternehmen\\\/\"},\"author\":{\"name\":\"admin\",\"@id\":\"https:\\\/\\\/www.alumni.space\\\/de\\\/#\\\/schema\\\/person\\\/fede362a57876edda476a61f05ce5b15\"},\"headline\":\"Die St\u00e4rke von Alumni-Beziehungen f\u00fcr das Wachstum von Unternehmen\",\"datePublished\":\"2025-03-11T03:40:19+00:00\",\"dateModified\":\"2026-04-02T12:07:22+00:00\",\"mainEntityOfPage\":{\"@id\":\"https:\\\/\\\/www.alumni.space\\\/de\\\/die-staerke-von-alumni-beziehungen-fuer-das-wachstum-von-unternehmen\\\/\"},\"wordCount\":655,\"image\":{\"@id\":\"https:\\\/\\\/www.alumni.space\\\/de\\\/die-staerke-von-alumni-beziehungen-fuer-das-wachstum-von-unternehmen\\\/#primaryimage\"},\"thumbnailUrl\":\"https:\\\/\\\/www.alumni.space\\\/wp-content\\\/uploads\\\/2026\\\/03\\\/La-force-des-relations-alumni-dans-la-croissance-des-entreprises.jpg\",\"articleSection\":[\"Alumni\"],\"inLanguage\":\"de\"},{\"@type\":\"WebPage\",\"@id\":\"https:\\\/\\\/www.alumni.space\\\/de\\\/die-staerke-von-alumni-beziehungen-fuer-das-wachstum-von-unternehmen\\\/\",\"url\":\"https:\\\/\\\/www.alumni.space\\\/de\\\/die-staerke-von-alumni-beziehungen-fuer-das-wachstum-von-unternehmen\\\/\",\"name\":\"Alumni-Beziehungen: Schl\u00fcsselfaktor f\u00fcr das Unternehmenswachstum\",\"isPartOf\":{\"@id\":\"https:\\\/\\\/www.alumni.space\\\/de\\\/#website\"},\"primaryImageOfPage\":{\"@id\":\"https:\\\/\\\/www.alumni.space\\\/de\\\/die-staerke-von-alumni-beziehungen-fuer-das-wachstum-von-unternehmen\\\/#primaryimage\"},\"image\":{\"@id\":\"https:\\\/\\\/www.alumni.space\\\/de\\\/die-staerke-von-alumni-beziehungen-fuer-das-wachstum-von-unternehmen\\\/#primaryimage\"},\"thumbnailUrl\":\"https:\\\/\\\/www.alumni.space\\\/wp-content\\\/uploads\\\/2026\\\/03\\\/La-force-des-relations-alumni-dans-la-croissance-des-entreprises.jpg\",\"datePublished\":\"2025-03-11T03:40:19+00:00\",\"dateModified\":\"2026-04-02T12:07:22+00:00\",\"author\":{\"@id\":\"https:\\\/\\\/www.alumni.space\\\/de\\\/#\\\/schema\\\/person\\\/fede362a57876edda476a61f05ce5b15\"},\"description\":\"Erfahren Sie, wie die St\u00e4rke der Alumni-Beziehungen das Wachstum von Unternehmen durch ein starkes Netzwerk und nachhaltige M\u00f6glichkeiten f\u00f6rdert.\",\"breadcrumb\":{\"@id\":\"https:\\\/\\\/www.alumni.space\\\/de\\\/die-staerke-von-alumni-beziehungen-fuer-das-wachstum-von-unternehmen\\\/#breadcrumb\"},\"inLanguage\":\"de\",\"potentialAction\":[{\"@type\":\"ReadAction\",\"target\":[\"https:\\\/\\\/www.alumni.space\\\/de\\\/die-staerke-von-alumni-beziehungen-fuer-das-wachstum-von-unternehmen\\\/\"]}]},{\"@type\":\"ImageObject\",\"inLanguage\":\"de\",\"@id\":\"https:\\\/\\\/www.alumni.space\\\/de\\\/die-staerke-von-alumni-beziehungen-fuer-das-wachstum-von-unternehmen\\\/#primaryimage\",\"url\":\"https:\\\/\\\/www.alumni.space\\\/wp-content\\\/uploads\\\/2026\\\/03\\\/La-force-des-relations-alumni-dans-la-croissance-des-entreprises.jpg\",\"contentUrl\":\"https:\\\/\\\/www.alumni.space\\\/wp-content\\\/uploads\\\/2026\\\/03\\\/La-force-des-relations-alumni-dans-la-croissance-des-entreprises.jpg\",\"width\":1344,\"height\":768,\"caption\":\"Entdecken Sie, wie Alumni-Beziehungen das Wachstum von Unternehmen durch die F\u00f6rderung von Networking, Gesch\u00e4ftsm\u00f6glichkeiten und den Austausch von Fachwissen st\u00e4rken.\"},{\"@type\":\"BreadcrumbList\",\"@id\":\"https:\\\/\\\/www.alumni.space\\\/de\\\/die-staerke-von-alumni-beziehungen-fuer-das-wachstum-von-unternehmen\\\/#breadcrumb\",\"itemListElement\":[{\"@type\":\"ListItem\",\"position\":1,\"name\":\"Home\",\"item\":\"https:\\\/\\\/www.alumni.space\\\/de\\\/plattform-fuer-die-verwaltung-von-mentoring-und-unternehmensalumni\\\/\"},{\"@type\":\"ListItem\",\"position\":2,\"name\":\"Die St\u00e4rke von Alumni-Beziehungen f\u00fcr das Wachstum von Unternehmen\"}]},{\"@type\":\"WebSite\",\"@id\":\"https:\\\/\\\/www.alumni.space\\\/de\\\/#website\",\"url\":\"https:\\\/\\\/www.alumni.space\\\/de\\\/\",\"name\":\"Alumni.space\",\"description\":\"My WordPress Blog\",\"potentialAction\":[{\"@type\":\"SearchAction\",\"target\":{\"@type\":\"EntryPoint\",\"urlTemplate\":\"https:\\\/\\\/www.alumni.space\\\/de\\\/?s={search_term_string}\"},\"query-input\":{\"@type\":\"PropertyValueSpecification\",\"valueRequired\":true,\"valueName\":\"search_term_string\"}}],\"inLanguage\":\"de\"},{\"@type\":\"Person\",\"@id\":\"https:\\\/\\\/www.alumni.space\\\/de\\\/#\\\/schema\\\/person\\\/fede362a57876edda476a61f05ce5b15\",\"name\":\"admin\",\"image\":{\"@type\":\"ImageObject\",\"inLanguage\":\"de\",\"@id\":\"https:\\\/\\\/secure.gravatar.com\\\/avatar\\\/318e234ae94f90d4d629428d6b983c08e31181c28f579e08a021180d759ea651?s=96&d=mm&r=g\",\"url\":\"https:\\\/\\\/secure.gravatar.com\\\/avatar\\\/318e234ae94f90d4d629428d6b983c08e31181c28f579e08a021180d759ea651?s=96&d=mm&r=g\",\"contentUrl\":\"https:\\\/\\\/secure.gravatar.com\\\/avatar\\\/318e234ae94f90d4d629428d6b983c08e31181c28f579e08a021180d759ea651?s=96&d=mm&r=g\",\"caption\":\"admin\"},\"description\":\"Nicolas Laustriat a construit sa sp\u00e9cialit\u00e9 sur un sujet que beaucoup d\u2019organisations d\u00e9couvrent trop tard : ce qui dispara\u00eet quand les gens partent. Dipl\u00f4m\u00e9 en conception de produit industriel, il bifurque vers le digital fin 1996, il couvre les transformations marques, RH, la fid\u00e9lisation, la marque employeur. Sur le terrain, il rep\u00e8re un angle mort r\u00e9current : l\u2019entreprise investit dans le recrutement, la formation, les process\u2026 puis laisse filer le lien au moment du d\u00e9part, avec une perte de savoir et d\u2019influence qui se paie en silence. Il se sp\u00e9cialise alors sur les communaut\u00e9s d\u2019alumni, le mentorat, l\u2019entraide interg\u00e9n\u00e9rationnelle et la transmission d\u2019expertise. Il passe du \u201cconstat\u201d aux m\u00e9thodes : animation, gouvernance, segmentation, rituels, mesure d\u2019engagement, articulation avec la RSE et l\u2019employabilit\u00e9. Il interviewe DRH, responsables formation, directions d\u2019\u00e9coles, associations et fondations, avec une obsession : transformer un r\u00e9seau dormant en m\u00e9canisme utile (cooptation, mentorat, job board, entraide, \u00e9v\u00e9nements, contenus). Son style : direct, orient\u00e9 action, sans folklore. Sa conviction : une communaut\u00e9 n\u2019a pas besoin de bruit, elle a besoin de raisons de revenir.\",\"sameAs\":[\"https:\\\/\\\/www.alumni.space\"]}]}<\/script>\n<!-- \/ Yoast SEO plugin. -->","yoast_head_json":{"title":"Alumni-Beziehungen: Schl\u00fcsselfaktor f\u00fcr das Unternehmenswachstum","description":"Erfahren Sie, wie die St\u00e4rke der Alumni-Beziehungen das Wachstum von Unternehmen durch ein starkes Netzwerk und nachhaltige M\u00f6glichkeiten f\u00f6rdert.","robots":{"index":"index","follow":"follow","max-snippet":"max-snippet:-1","max-image-preview":"max-image-preview:large","max-video-preview":"max-video-preview:-1"},"canonical":"https:\/\/www.alumni.space\/de\/die-staerke-von-alumni-beziehungen-fuer-das-wachstum-von-unternehmen\/","og_locale":"de_DE","og_type":"article","og_title":"Alumni-Beziehungen: Schl\u00fcsselfaktor f\u00fcr das Unternehmenswachstum","og_description":"Erfahren Sie, wie die St\u00e4rke der Alumni-Beziehungen das Wachstum von Unternehmen durch ein starkes Netzwerk und nachhaltige M\u00f6glichkeiten f\u00f6rdert.","og_url":"https:\/\/www.alumni.space\/de\/die-staerke-von-alumni-beziehungen-fuer-das-wachstum-von-unternehmen\/","og_site_name":"Alumni.space","article_published_time":"2025-03-11T03:40:19+00:00","article_modified_time":"2026-04-02T12:07:22+00:00","og_image":[{"width":1344,"height":768,"url":"https:\/\/www.alumni.space\/wp-content\/uploads\/2026\/03\/La-force-des-relations-alumni-dans-la-croissance-des-entreprises.jpg","type":"image\/jpeg"}],"author":"admin","twitter_card":"summary_large_image","twitter_misc":{"Verfasst von":"admin","Gesch\u00e4tzte Lesezeit":"3\u00a0Minuten"},"schema":{"@context":"https:\/\/schema.org","@graph":[{"@type":"Article","@id":"https:\/\/www.alumni.space\/de\/die-staerke-von-alumni-beziehungen-fuer-das-wachstum-von-unternehmen\/#article","isPartOf":{"@id":"https:\/\/www.alumni.space\/de\/die-staerke-von-alumni-beziehungen-fuer-das-wachstum-von-unternehmen\/"},"author":{"name":"admin","@id":"https:\/\/www.alumni.space\/de\/#\/schema\/person\/fede362a57876edda476a61f05ce5b15"},"headline":"Die St\u00e4rke von Alumni-Beziehungen f\u00fcr das Wachstum von Unternehmen","datePublished":"2025-03-11T03:40:19+00:00","dateModified":"2026-04-02T12:07:22+00:00","mainEntityOfPage":{"@id":"https:\/\/www.alumni.space\/de\/die-staerke-von-alumni-beziehungen-fuer-das-wachstum-von-unternehmen\/"},"wordCount":655,"image":{"@id":"https:\/\/www.alumni.space\/de\/die-staerke-von-alumni-beziehungen-fuer-das-wachstum-von-unternehmen\/#primaryimage"},"thumbnailUrl":"https:\/\/www.alumni.space\/wp-content\/uploads\/2026\/03\/La-force-des-relations-alumni-dans-la-croissance-des-entreprises.jpg","articleSection":["Alumni"],"inLanguage":"de"},{"@type":"WebPage","@id":"https:\/\/www.alumni.space\/de\/die-staerke-von-alumni-beziehungen-fuer-das-wachstum-von-unternehmen\/","url":"https:\/\/www.alumni.space\/de\/die-staerke-von-alumni-beziehungen-fuer-das-wachstum-von-unternehmen\/","name":"Alumni-Beziehungen: Schl\u00fcsselfaktor f\u00fcr das Unternehmenswachstum","isPartOf":{"@id":"https:\/\/www.alumni.space\/de\/#website"},"primaryImageOfPage":{"@id":"https:\/\/www.alumni.space\/de\/die-staerke-von-alumni-beziehungen-fuer-das-wachstum-von-unternehmen\/#primaryimage"},"image":{"@id":"https:\/\/www.alumni.space\/de\/die-staerke-von-alumni-beziehungen-fuer-das-wachstum-von-unternehmen\/#primaryimage"},"thumbnailUrl":"https:\/\/www.alumni.space\/wp-content\/uploads\/2026\/03\/La-force-des-relations-alumni-dans-la-croissance-des-entreprises.jpg","datePublished":"2025-03-11T03:40:19+00:00","dateModified":"2026-04-02T12:07:22+00:00","author":{"@id":"https:\/\/www.alumni.space\/de\/#\/schema\/person\/fede362a57876edda476a61f05ce5b15"},"description":"Erfahren Sie, wie die St\u00e4rke der Alumni-Beziehungen das Wachstum von Unternehmen durch ein starkes Netzwerk und nachhaltige M\u00f6glichkeiten f\u00f6rdert.","breadcrumb":{"@id":"https:\/\/www.alumni.space\/de\/die-staerke-von-alumni-beziehungen-fuer-das-wachstum-von-unternehmen\/#breadcrumb"},"inLanguage":"de","potentialAction":[{"@type":"ReadAction","target":["https:\/\/www.alumni.space\/de\/die-staerke-von-alumni-beziehungen-fuer-das-wachstum-von-unternehmen\/"]}]},{"@type":"ImageObject","inLanguage":"de","@id":"https:\/\/www.alumni.space\/de\/die-staerke-von-alumni-beziehungen-fuer-das-wachstum-von-unternehmen\/#primaryimage","url":"https:\/\/www.alumni.space\/wp-content\/uploads\/2026\/03\/La-force-des-relations-alumni-dans-la-croissance-des-entreprises.jpg","contentUrl":"https:\/\/www.alumni.space\/wp-content\/uploads\/2026\/03\/La-force-des-relations-alumni-dans-la-croissance-des-entreprises.jpg","width":1344,"height":768,"caption":"Entdecken Sie, wie Alumni-Beziehungen das Wachstum von Unternehmen durch die F\u00f6rderung von Networking, Gesch\u00e4ftsm\u00f6glichkeiten und den Austausch von Fachwissen st\u00e4rken."},{"@type":"BreadcrumbList","@id":"https:\/\/www.alumni.space\/de\/die-staerke-von-alumni-beziehungen-fuer-das-wachstum-von-unternehmen\/#breadcrumb","itemListElement":[{"@type":"ListItem","position":1,"name":"Home","item":"https:\/\/www.alumni.space\/de\/plattform-fuer-die-verwaltung-von-mentoring-und-unternehmensalumni\/"},{"@type":"ListItem","position":2,"name":"Die St\u00e4rke von Alumni-Beziehungen f\u00fcr das Wachstum von Unternehmen"}]},{"@type":"WebSite","@id":"https:\/\/www.alumni.space\/de\/#website","url":"https:\/\/www.alumni.space\/de\/","name":"Alumni.space","description":"My WordPress Blog","potentialAction":[{"@type":"SearchAction","target":{"@type":"EntryPoint","urlTemplate":"https:\/\/www.alumni.space\/de\/?s={search_term_string}"},"query-input":{"@type":"PropertyValueSpecification","valueRequired":true,"valueName":"search_term_string"}}],"inLanguage":"de"},{"@type":"Person","@id":"https:\/\/www.alumni.space\/de\/#\/schema\/person\/fede362a57876edda476a61f05ce5b15","name":"admin","image":{"@type":"ImageObject","inLanguage":"de","@id":"https:\/\/secure.gravatar.com\/avatar\/318e234ae94f90d4d629428d6b983c08e31181c28f579e08a021180d759ea651?s=96&d=mm&r=g","url":"https:\/\/secure.gravatar.com\/avatar\/318e234ae94f90d4d629428d6b983c08e31181c28f579e08a021180d759ea651?s=96&d=mm&r=g","contentUrl":"https:\/\/secure.gravatar.com\/avatar\/318e234ae94f90d4d629428d6b983c08e31181c28f579e08a021180d759ea651?s=96&d=mm&r=g","caption":"admin"},"description":"Nicolas Laustriat a construit sa sp\u00e9cialit\u00e9 sur un sujet que beaucoup d\u2019organisations d\u00e9couvrent trop tard : ce qui dispara\u00eet quand les gens partent. Dipl\u00f4m\u00e9 en conception de produit industriel, il bifurque vers le digital fin 1996, il couvre les transformations marques, RH, la fid\u00e9lisation, la marque employeur. Sur le terrain, il rep\u00e8re un angle mort r\u00e9current : l\u2019entreprise investit dans le recrutement, la formation, les process\u2026 puis laisse filer le lien au moment du d\u00e9part, avec une perte de savoir et d\u2019influence qui se paie en silence. Il se sp\u00e9cialise alors sur les communaut\u00e9s d\u2019alumni, le mentorat, l\u2019entraide interg\u00e9n\u00e9rationnelle et la transmission d\u2019expertise. Il passe du \u201cconstat\u201d aux m\u00e9thodes : animation, gouvernance, segmentation, rituels, mesure d\u2019engagement, articulation avec la RSE et l\u2019employabilit\u00e9. Il interviewe DRH, responsables formation, directions d\u2019\u00e9coles, associations et fondations, avec une obsession : transformer un r\u00e9seau dormant en m\u00e9canisme utile (cooptation, mentorat, job board, entraide, \u00e9v\u00e9nements, contenus). Son style : direct, orient\u00e9 action, sans folklore. Sa conviction : une communaut\u00e9 n\u2019a pas besoin de bruit, elle a besoin de raisons de revenir.","sameAs":["https:\/\/www.alumni.space"]}]}},"_links":{"self":[{"href":"https:\/\/www.alumni.space\/de\/wp-json\/wp\/v2\/posts\/3841","targetHints":{"allow":["GET"]}}],"collection":[{"href":"https:\/\/www.alumni.space\/de\/wp-json\/wp\/v2\/posts"}],"about":[{"href":"https:\/\/www.alumni.space\/de\/wp-json\/wp\/v2\/types\/post"}],"author":[{"embeddable":true,"href":"https:\/\/www.alumni.space\/de\/wp-json\/wp\/v2\/users\/1"}],"replies":[{"embeddable":true,"href":"https:\/\/www.alumni.space\/de\/wp-json\/wp\/v2\/comments?post=3841"}],"version-history":[{"count":3,"href":"https:\/\/www.alumni.space\/de\/wp-json\/wp\/v2\/posts\/3841\/revisions"}],"predecessor-version":[{"id":7130,"href":"https:\/\/www.alumni.space\/de\/wp-json\/wp\/v2\/posts\/3841\/revisions\/7130"}],"wp:featuredmedia":[{"embeddable":true,"href":"https:\/\/www.alumni.space\/de\/wp-json\/wp\/v2\/media\/3843"}],"wp:attachment":[{"href":"https:\/\/www.alumni.space\/de\/wp-json\/wp\/v2\/media?parent=3841"}],"wp:term":[{"taxonomy":"category","embeddable":true,"href":"https:\/\/www.alumni.space\/de\/wp-json\/wp\/v2\/categories?post=3841"},{"taxonomy":"post_tag","embeddable":true,"href":"https:\/\/www.alumni.space\/de\/wp-json\/wp\/v2\/tags?post=3841"}],"curies":[{"name":"wp","href":"https:\/\/api.w.org\/{rel}","templated":true}]}}