{"id":3835,"date":"2024-04-01T22:11:33","date_gmt":"2024-04-01T22:11:33","guid":{"rendered":"https:\/\/www.alumni.space\/mangel-an-fachkraeften-eine-herausforderung-fuer-bauunternehmen\/"},"modified":"2026-04-02T12:07:44","modified_gmt":"2026-04-02T12:07:44","slug":"mangel-an-fachkraeften-eine-herausforderung-fuer-bauunternehmen","status":"publish","type":"post","link":"https:\/\/www.alumni.space\/de\/mangel-an-fachkraeften-eine-herausforderung-fuer-bauunternehmen\/","title":{"rendered":"Mangel an Fachkr\u00e4ften: eine Herausforderung f\u00fcr Bauunternehmen"},"content":{"rendered":"<p><strong>Die Baubranche im Jahr 2026 ist mit einem Mangel an Fachkr\u00e4ften konfrontiert, der sich direkt auf das Wirtschaftswachstum und die Innovationsf\u00e4higkeit von Bauunternehmen auswirkt.<\/strong>  Diese Situation ist das Ergebnis eines signifikanten Anstiegs des Bedarfs an qualifizierten Arbeitskr\u00e4ften, verbunden mit einer zunehmenden Alterung der Belegschaft und ausgepr\u00e4gten Schwierigkeiten bei der Einstellung. Die Herausforderung geht \u00fcber die reine Einstellung hinaus und erfordert ein proaktives Management der Humanressourcen und eine integrierte Strategie f\u00fcr die Berufsausbildung und die Weitergabe von Fachkenntnissen. <\/p><div id=\"ez-toc-container\" class=\"ez-toc-v2_0_82_2 counter-flat ez-toc-counter ez-toc-grey ez-toc-container-direction\">\n<div class=\"ez-toc-title-container\"><p class=\"ez-toc-title\" style=\"cursor:inherit\">Inhalt dieses Artikels:<\/p>\n<\/div><nav><ul class='ez-toc-list ez-toc-list-level-1 ' ><li class='ez-toc-page-1'><a class=\"ez-toc-link ez-toc-heading-1\" href=\"https:\/\/www.alumni.space\/de\/mangel-an-fachkraeften-eine-herausforderung-fuer-bauunternehmen\/#Qualifikationsmangel_in_Bauunternehmen_Strategische_Auswirkungen_auf_die_Personalbeschaffung\" >Qualifikationsmangel in Bauunternehmen: Strategische Auswirkungen auf die Personalbeschaffung<\/a><\/li><li class='ez-toc-page-1'><a class=\"ez-toc-link ez-toc-heading-2\" href=\"https:\/\/www.alumni.space\/de\/mangel-an-fachkraeften-eine-herausforderung-fuer-bauunternehmen\/#Alternde_Belegschaften_und_Herausforderungen_fuer_qualifizierte_Arbeitskraefte\" >Alternde Belegschaften und Herausforderungen f\u00fcr qualifizierte Arbeitskr\u00e4fte<\/a><\/li><li class='ez-toc-page-1'><a class=\"ez-toc-link ez-toc-heading-3\" href=\"https:\/\/www.alumni.space\/de\/mangel-an-fachkraeften-eine-herausforderung-fuer-bauunternehmen\/#Berufsausbildung_und_Hoeherqualifizierung_wesentliche_Hebel_zur_Bewaeltigung_des_Mangels_an_Arbeitskraeften_im_Baugewerbe\" >Berufsausbildung und H\u00f6herqualifizierung: wesentliche Hebel zur Bew\u00e4ltigung des Mangels an Arbeitskr\u00e4ften im Baugewerbe<\/a><\/li><li class='ez-toc-page-1'><a class=\"ez-toc-link ez-toc-heading-4\" href=\"https:\/\/www.alumni.space\/de\/mangel-an-fachkraeften-eine-herausforderung-fuer-bauunternehmen\/#Personalmanagement_Auf_dem_Weg_zu_einer_nachhaltigen_und_engagierten_Unternehmenskultur\" >Personalmanagement: Auf dem Weg zu einer nachhaltigen und engagierten Unternehmenskultur<\/a><\/li><\/ul><\/nav><\/div>\n<h2 class=\"wp-block-heading\"><span class=\"ez-toc-section\" id=\"Qualifikationsmangel_in_Bauunternehmen_Strategische_Auswirkungen_auf_die_Personalbeschaffung\"><\/span><strong>Qualifikationsmangel in Bauunternehmen: Strategische Auswirkungen auf die Personalbeschaffung<\/strong><span class=\"ez-toc-section-end\"><\/span><\/h2><p>Der Bausektor erlebt eine gro\u00dfe Entwicklung bei den Einstellungsprojekten, mit einem Anstieg der Einstellungsabsichten um +51 % seit 2018. Trotz dieser Dynamik haben 80% der Unternehmen mit mehr als 10 Mitarbeitern Schwierigkeiten, geeignete Profile anzuziehen, was zu einer starken Anspannung auf dem Arbeitsmarkt f\u00fchrt. Dieser Mangel an Fachkr\u00e4ften verlangsamt nicht nur die Fertigstellung von Baustellen, sondern f\u00fchrt auch zu organisatorischen Risiken und einem erh\u00f6hten Druck auf die vorhandenen Talente. Diese Herausforderungen untermauern die Bedeutung eines innovativen Ansatzes im Personalmanagement.   <\/p><p>Eine Alumni- und Mentoring-Plattform wie <a href=\"https:\/\/www.alumni.space\/de\/wie-kann-man-den-verlust-von-seltenen-faehigkeiten-im-baugewerbe-antizipieren\/\">alumni.space<\/a> ist ein strategisches Instrument. Sie erleichtert den Transfer von Know-how, f\u00f6rdert die Integration neuer Mitarbeiter und schafft ein dynamisches Netzwerk der gegenseitigen Unterst\u00fctzung. Auf diese Weise kann der mit der Pensionierung verbundene Wissensverlust verringert und die Kontinuit\u00e4t der Schl\u00fcsselkompetenzen innerhalb der Organisationen sichergestellt werden.  <\/p><figure class=\"wp-block-image size-full\"><img decoding=\"async\" width=\"1280\" height=\"768\" src=\"https:\/\/www.alumni.space\/wp-content\/uploads\/2026\/03\/Penurie-de-competences-un-defi-pour-les-entreprises-du-BTP-1.jpg\" data-orig-src=\"https:\/\/www.alumni.space\/wp-content\/uploads\/2026\/03\/Penurie-de-competences-un-defi-pour-les-entreprises-du-BTP-1.jpg\" alt=\"Erfahren Sie, wie sich der Mangel an Fachkr\u00e4ften auf die Bauindustrie auswirkt und welche Strategien Sie verfolgen sollten, um diese gro\u00dfe Herausforderung f\u00fcr die Branche zu meistern.\" class=\"lazyload wp-image-3567\" srcset=\"data:image\/svg+xml,%3Csvg%20xmlns%3D%27http%3A%2F%2Fwww.w3.org%2F2000%2Fsvg%27%20width%3D%271280%27%20height%3D%27768%27%20viewBox%3D%270%200%201280%20768%27%3E%3Crect%20width%3D%271280%27%20height%3D%27768%27%20fill-opacity%3D%220%22%2F%3E%3C%2Fsvg%3E\" data-srcset=\"https:\/\/www.alumni.space\/wp-content\/uploads\/2026\/03\/Penurie-de-competences-un-defi-pour-les-entreprises-du-BTP-1-200x120.jpg 200w, https:\/\/www.alumni.space\/wp-content\/uploads\/2026\/03\/Penurie-de-competences-un-defi-pour-les-entreprises-du-BTP-1-300x180.jpg 300w, https:\/\/www.alumni.space\/wp-content\/uploads\/2026\/03\/Penurie-de-competences-un-defi-pour-les-entreprises-du-BTP-1-400x240.jpg 400w, https:\/\/www.alumni.space\/wp-content\/uploads\/2026\/03\/Penurie-de-competences-un-defi-pour-les-entreprises-du-BTP-1-600x360.jpg 600w, https:\/\/www.alumni.space\/wp-content\/uploads\/2026\/03\/Penurie-de-competences-un-defi-pour-les-entreprises-du-BTP-1-768x461.jpg 768w, https:\/\/www.alumni.space\/wp-content\/uploads\/2026\/03\/Penurie-de-competences-un-defi-pour-les-entreprises-du-BTP-1-800x480.jpg 800w, https:\/\/www.alumni.space\/wp-content\/uploads\/2026\/03\/Penurie-de-competences-un-defi-pour-les-entreprises-du-BTP-1-1024x614.jpg 1024w, https:\/\/www.alumni.space\/wp-content\/uploads\/2026\/03\/Penurie-de-competences-un-defi-pour-les-entreprises-du-BTP-1-1200x720.jpg 1200w, https:\/\/www.alumni.space\/wp-content\/uploads\/2026\/03\/Penurie-de-competences-un-defi-pour-les-entreprises-du-BTP-1.jpg 1280w\" data-sizes=\"auto\" data-orig-sizes=\"(max-width: 1280px) 100vw, 1280px\" \/><\/figure><h3 class=\"wp-block-heading\"><span class=\"ez-toc-section\" id=\"Alternde_Belegschaften_und_Herausforderungen_fuer_qualifizierte_Arbeitskraefte\"><\/span><strong>Alternde Belegschaften und Herausforderungen f\u00fcr qualifizierte Arbeitskr\u00e4fte<\/strong><span class=\"ez-toc-section-end\"><\/span><\/h3><p>Mit fast 49 % der Besch\u00e4ftigten im Hoch- und Tiefbau, die \u00e4lter als 40 Jahre sind, muss der Sektor eine gro\u00dfe Welle von Pensionierungen bew\u00e4ltigen, insbesondere bei den \u00fcber 60-J\u00e4hrigen, die 4,4 % ausmachen. Diese Dynamik versch\u00e4rft den Mangel an technischen F\u00e4higkeiten, die f\u00fcr die Leitung und Sicherheit der Baustellen unerl\u00e4sslich sind.   <\/p><p>Die Unternehmen m\u00fcssen ihren Ansatz erweitern, indem sie die Profile diversifizieren, insbesondere durch die F\u00f6rderung des Frauenanteils, der mit 12,1 % noch niedrig ist. Frauen bringen wertvolle Kommunikations- und Analysef\u00e4higkeiten mit, die f\u00fcr die Optimierung des Managements und der Sicherheit vor Ort von entscheidender Bedeutung sind. Die \u00d6ffnung f\u00fcr unterschiedliche Neuro-Profile und die Wiedereingliederung von arbeitsmarktfernen Personen bietet ebenfalls vielversprechende M\u00f6glichkeiten, um den Talentpool zu bereichern.  <\/p><h2 class=\"wp-block-heading\"><span class=\"ez-toc-section\" id=\"Berufsausbildung_und_Hoeherqualifizierung_wesentliche_Hebel_zur_Bewaeltigung_des_Mangels_an_Arbeitskraeften_im_Baugewerbe\"><\/span><strong>Berufsausbildung und H\u00f6herqualifizierung: wesentliche Hebel zur Bew\u00e4ltigung des Mangels an Arbeitskr\u00e4ften im Baugewerbe<\/strong><span class=\"ez-toc-section-end\"><\/span><\/h2><p>Die Bem\u00fchungen in der beruflichen Bildung sind der Kern der Antwort auf den Mangel an Talenten. Bis 2023 stieg die Zahl der Ausbildungsanf\u00e4nger im Baugewerbe um 5 %, was sich direkt auf die R\u00fcckkehr zu einer dauerhaften Besch\u00e4ftigung auswirkt. Mehr als die H\u00e4lfte der Ausbildungen f\u00fchren zu einem stabilen Arbeitsplatz, was den Zusammenhang zwischen der Verbesserung der Kompetenzen und der Attraktivit\u00e4t des Sektors unterstreicht.  <\/p><p>Stark wachsende Branchen wie Bauwesen und Innenausbau (+26 %), Elektrotechnik (+24 %) oder Organisationsdesign (+17 %) zeigen den Bedarf an neuen technischen F\u00e4higkeiten, aber auch an transversalen Kompetenzen. Teamarbeit, Reaktionsf\u00e4higkeit und Anpassungsf\u00e4higkeit werden gesch\u00e4tzt, um auf die Ver\u00e4nderungen des Marktes zu reagieren, insbesondere angesichts des \u00f6kologischen und digitalen Wandels. <\/p><p>Professionelle Community-Plattformen tragen zur Unterst\u00fctzung dieser Entwicklungen bei. Sie bieten spezialisierte Inhalte, Unterst\u00fctzung durch Mentoren und f\u00f6rdern die Kooptation, wodurch Zeit und Kosten f\u00fcr die Einstellung von Personal reduziert werden. Zur Vertiefung dieser Herausforderungen stehen zahlreiche Ressourcen zur Verf\u00fcgung, darunter detaillierte Analysen <a href=\"https:\/\/fr.editorialge.com\/defis-secteur-construction-france\/\">der Situation des Bausektors in Frankreich<\/a>.  <\/p><h3 class=\"wp-block-heading\"><span class=\"ez-toc-section\" id=\"Personalmanagement_Auf_dem_Weg_zu_einer_nachhaltigen_und_engagierten_Unternehmenskultur\"><\/span><strong>Personalmanagement: Auf dem Weg zu einer nachhaltigen und engagierten Unternehmenskultur<\/strong><span class=\"ez-toc-section-end\"><\/span><\/h3><p>Unternehmen k\u00f6nnen ihre Wettbewerbsf\u00e4higkeit maximieren, wenn sie sich auf eine integrierte HR-Governance st\u00fctzen, die die Arbeitsbedingungen und das Wohlbefinden der Mitarbeiter in den Vordergrund stellt. Die Bereitstellung eines g\u00fcnstigen Umfelds stimuliert das Engagement und f\u00f6rdert die Bindung von Talenten. Die Herausforderung besteht darin, den derzeitigen Mangel in einen Wettbewerbsvorteil umzuwandeln, indem die Unternehmenskultur aufgewertet wird und Rituale eingef\u00fchrt werden, die den kontinuierlichen Austausch von Wissen erm\u00f6glichen.  <\/p><p>Diese Positionierung sichert das berufliche Netzwerk durch die Schaffung dauerhafter Gemeinschaften von Alumni, Mentoren und Neueinsteigern. Dieses Modell reduziert die Fragmentierung der traditionellen Instrumente und erfindet das Kompetenzmanagement in dem komplexen Kontext des Sektors neu. In diesem Zusammenhang ist die Nutzung einer SaaS-L\u00f6sung wie alumni.space erforderlich, um diese kollektive Dynamik zu industrialisieren und die Loyalit\u00e4t der Mitarbeiter zu st\u00e4rken.  <\/p><p>Diese Praktiken zeigen konkret, dass die soziale Verantwortung des Unternehmens \u00fcber den Arbeitsvertrag hinausgeht, indem sie die intergenerationelle \u00dcbertragung und die Unterst\u00fctzung der Besch\u00e4ftigungsf\u00e4higkeit sicherstellen. Auf diese Weise erhalten F\u00fchrungskr\u00e4fte Zugang zu wichtigen Leistungsindikatoren f\u00fcr HR, CSR und Kommunikation, um das Wachstum und die Widerstandsf\u00e4higkeit ihrer Organisation optimal zu steuern. <\/p><p>F\u00fcr eine umfassende Analyse der Berufe und der Herausforderungen, die mit der Einstellung von Arbeitskr\u00e4ften im Baugewerbe verbunden sind, bietet der Bericht \u00fcber die <a href=\"https:\/\/www.francetravail.org\/accueil\/actualites\/infographies\/2024\/les-metiers-du-btp-face-aux-defis-du-recrutement.html?type=article\">Berufe im Baugewerbe und die Herausforderungen bei der Einstellung von Arbeitskr\u00e4ften<\/a> einen unverzichtbaren aktuellen \u00dcberblick.<\/p>","protected":false},"excerpt":{"rendered":"<p>Die Baubranche im Jahr 2026 ist mit einem Mangel an  [&#8230;]<\/p>\n","protected":false},"author":1,"featured_media":3837,"comment_status":"closed","ping_status":"closed","sticky":false,"template":"","format":"standard","meta":{"_ayudawp_aiss_exclude":false,"footnotes":""},"categories":[60],"tags":[],"class_list":["post-3835","post","type-post","status-publish","format-standard","has-post-thumbnail","hentry","category-personalwesen"],"yoast_head":"<!-- This site is optimized with the Yoast SEO plugin v27.4 - https:\/\/yoast.com\/product\/yoast-seo-wordpress\/ -->\n<title>Mangel an Talenten: ein Hemmschuh f\u00fcr den Hoch- und Tiefbau<\/title>\n<meta name=\"description\" content=\"Erfahren Sie, welche Auswirkungen der Mangel an Fachkr\u00e4ften im Baugewerbe hat und wie Unternehmen dieser f\u00fcr ihr Wachstum entscheidenden Herausforderung begegnen k\u00f6nnen.\" \/>\n<meta name=\"robots\" content=\"index, follow, max-snippet:-1, max-image-preview:large, max-video-preview:-1\" \/>\n<link rel=\"canonical\" href=\"https:\/\/www.alumni.space\/de\/mangel-an-fachkraeften-eine-herausforderung-fuer-bauunternehmen\/\" \/>\n<meta property=\"og:locale\" content=\"de_DE\" \/>\n<meta property=\"og:type\" content=\"article\" \/>\n<meta property=\"og:title\" content=\"Mangel an Talenten: ein Hemmschuh f\u00fcr den Hoch- und Tiefbau\" \/>\n<meta property=\"og:description\" content=\"Erfahren Sie, welche Auswirkungen der Mangel an Fachkr\u00e4ften im Baugewerbe hat und wie Unternehmen dieser f\u00fcr ihr Wachstum entscheidenden Herausforderung begegnen k\u00f6nnen.\" \/>\n<meta property=\"og:url\" content=\"https:\/\/www.alumni.space\/de\/mangel-an-fachkraeften-eine-herausforderung-fuer-bauunternehmen\/\" \/>\n<meta property=\"og:site_name\" content=\"Alumni.space\" \/>\n<meta property=\"article:published_time\" content=\"2024-04-01T22:11:33+00:00\" \/>\n<meta property=\"article:modified_time\" content=\"2026-04-02T12:07:44+00:00\" \/>\n<meta property=\"og:image\" content=\"https:\/\/www.alumni.space\/wp-content\/uploads\/2026\/03\/Penurie-de-competences-un-defi-pour-les-entreprises-du-BTP.jpg\" \/>\n\t<meta property=\"og:image:width\" content=\"1280\" \/>\n\t<meta property=\"og:image:height\" content=\"768\" \/>\n\t<meta property=\"og:image:type\" content=\"image\/jpeg\" \/>\n<meta name=\"author\" content=\"admin\" \/>\n<meta name=\"twitter:card\" content=\"summary_large_image\" \/>\n<meta name=\"twitter:label1\" content=\"Verfasst von\" \/>\n\t<meta name=\"twitter:data1\" content=\"admin\" \/>\n\t<meta name=\"twitter:label2\" content=\"Gesch\u00e4tzte Lesezeit\" \/>\n\t<meta name=\"twitter:data2\" content=\"4\u00a0Minuten\" \/>\n<script type=\"application\/ld+json\" class=\"yoast-schema-graph\">{\"@context\":\"https:\\\/\\\/schema.org\",\"@graph\":[{\"@type\":\"Article\",\"@id\":\"https:\\\/\\\/www.alumni.space\\\/de\\\/mangel-an-fachkraeften-eine-herausforderung-fuer-bauunternehmen\\\/#article\",\"isPartOf\":{\"@id\":\"https:\\\/\\\/www.alumni.space\\\/de\\\/mangel-an-fachkraeften-eine-herausforderung-fuer-bauunternehmen\\\/\"},\"author\":{\"name\":\"admin\",\"@id\":\"https:\\\/\\\/www.alumni.space\\\/de\\\/#\\\/schema\\\/person\\\/fede362a57876edda476a61f05ce5b15\"},\"headline\":\"Mangel an Fachkr\u00e4ften: eine Herausforderung f\u00fcr Bauunternehmen\",\"datePublished\":\"2024-04-01T22:11:33+00:00\",\"dateModified\":\"2026-04-02T12:07:44+00:00\",\"mainEntityOfPage\":{\"@id\":\"https:\\\/\\\/www.alumni.space\\\/de\\\/mangel-an-fachkraeften-eine-herausforderung-fuer-bauunternehmen\\\/\"},\"wordCount\":796,\"image\":{\"@id\":\"https:\\\/\\\/www.alumni.space\\\/de\\\/mangel-an-fachkraeften-eine-herausforderung-fuer-bauunternehmen\\\/#primaryimage\"},\"thumbnailUrl\":\"https:\\\/\\\/www.alumni.space\\\/wp-content\\\/uploads\\\/2026\\\/03\\\/Penurie-de-competences-un-defi-pour-les-entreprises-du-BTP.jpg\",\"articleSection\":[\"Personalwesen\"],\"inLanguage\":\"de\"},{\"@type\":\"WebPage\",\"@id\":\"https:\\\/\\\/www.alumni.space\\\/de\\\/mangel-an-fachkraeften-eine-herausforderung-fuer-bauunternehmen\\\/\",\"url\":\"https:\\\/\\\/www.alumni.space\\\/de\\\/mangel-an-fachkraeften-eine-herausforderung-fuer-bauunternehmen\\\/\",\"name\":\"Mangel an Talenten: ein Hemmschuh f\u00fcr den Hoch- und Tiefbau\",\"isPartOf\":{\"@id\":\"https:\\\/\\\/www.alumni.space\\\/de\\\/#website\"},\"primaryImageOfPage\":{\"@id\":\"https:\\\/\\\/www.alumni.space\\\/de\\\/mangel-an-fachkraeften-eine-herausforderung-fuer-bauunternehmen\\\/#primaryimage\"},\"image\":{\"@id\":\"https:\\\/\\\/www.alumni.space\\\/de\\\/mangel-an-fachkraeften-eine-herausforderung-fuer-bauunternehmen\\\/#primaryimage\"},\"thumbnailUrl\":\"https:\\\/\\\/www.alumni.space\\\/wp-content\\\/uploads\\\/2026\\\/03\\\/Penurie-de-competences-un-defi-pour-les-entreprises-du-BTP.jpg\",\"datePublished\":\"2024-04-01T22:11:33+00:00\",\"dateModified\":\"2026-04-02T12:07:44+00:00\",\"author\":{\"@id\":\"https:\\\/\\\/www.alumni.space\\\/de\\\/#\\\/schema\\\/person\\\/fede362a57876edda476a61f05ce5b15\"},\"description\":\"Erfahren Sie, welche Auswirkungen der Mangel an Fachkr\u00e4ften im Baugewerbe hat und wie Unternehmen dieser f\u00fcr ihr Wachstum entscheidenden Herausforderung begegnen k\u00f6nnen.\",\"breadcrumb\":{\"@id\":\"https:\\\/\\\/www.alumni.space\\\/de\\\/mangel-an-fachkraeften-eine-herausforderung-fuer-bauunternehmen\\\/#breadcrumb\"},\"inLanguage\":\"de\",\"potentialAction\":[{\"@type\":\"ReadAction\",\"target\":[\"https:\\\/\\\/www.alumni.space\\\/de\\\/mangel-an-fachkraeften-eine-herausforderung-fuer-bauunternehmen\\\/\"]}]},{\"@type\":\"ImageObject\",\"inLanguage\":\"de\",\"@id\":\"https:\\\/\\\/www.alumni.space\\\/de\\\/mangel-an-fachkraeften-eine-herausforderung-fuer-bauunternehmen\\\/#primaryimage\",\"url\":\"https:\\\/\\\/www.alumni.space\\\/wp-content\\\/uploads\\\/2026\\\/03\\\/Penurie-de-competences-un-defi-pour-les-entreprises-du-BTP.jpg\",\"contentUrl\":\"https:\\\/\\\/www.alumni.space\\\/wp-content\\\/uploads\\\/2026\\\/03\\\/Penurie-de-competences-un-defi-pour-les-entreprises-du-BTP.jpg\",\"width\":1280,\"height\":768,\"caption\":\"Erfahren Sie mehr \u00fcber die Herausforderungen des Fachkr\u00e4ftemangels in der Baubranche und wie Unternehmen dieser f\u00fcr ihre Entwicklung entscheidenden Herausforderung begegnen k\u00f6nnen.\"},{\"@type\":\"BreadcrumbList\",\"@id\":\"https:\\\/\\\/www.alumni.space\\\/de\\\/mangel-an-fachkraeften-eine-herausforderung-fuer-bauunternehmen\\\/#breadcrumb\",\"itemListElement\":[{\"@type\":\"ListItem\",\"position\":1,\"name\":\"Home\",\"item\":\"https:\\\/\\\/www.alumni.space\\\/de\\\/plattform-fuer-die-verwaltung-von-mentoring-und-unternehmensalumni\\\/\"},{\"@type\":\"ListItem\",\"position\":2,\"name\":\"Mangel an Fachkr\u00e4ften: eine Herausforderung f\u00fcr Bauunternehmen\"}]},{\"@type\":\"WebSite\",\"@id\":\"https:\\\/\\\/www.alumni.space\\\/de\\\/#website\",\"url\":\"https:\\\/\\\/www.alumni.space\\\/de\\\/\",\"name\":\"Alumni.space\",\"description\":\"My WordPress Blog\",\"potentialAction\":[{\"@type\":\"SearchAction\",\"target\":{\"@type\":\"EntryPoint\",\"urlTemplate\":\"https:\\\/\\\/www.alumni.space\\\/de\\\/?s={search_term_string}\"},\"query-input\":{\"@type\":\"PropertyValueSpecification\",\"valueRequired\":true,\"valueName\":\"search_term_string\"}}],\"inLanguage\":\"de\"},{\"@type\":\"Person\",\"@id\":\"https:\\\/\\\/www.alumni.space\\\/de\\\/#\\\/schema\\\/person\\\/fede362a57876edda476a61f05ce5b15\",\"name\":\"admin\",\"image\":{\"@type\":\"ImageObject\",\"inLanguage\":\"de\",\"@id\":\"https:\\\/\\\/secure.gravatar.com\\\/avatar\\\/318e234ae94f90d4d629428d6b983c08e31181c28f579e08a021180d759ea651?s=96&d=mm&r=g\",\"url\":\"https:\\\/\\\/secure.gravatar.com\\\/avatar\\\/318e234ae94f90d4d629428d6b983c08e31181c28f579e08a021180d759ea651?s=96&d=mm&r=g\",\"contentUrl\":\"https:\\\/\\\/secure.gravatar.com\\\/avatar\\\/318e234ae94f90d4d629428d6b983c08e31181c28f579e08a021180d759ea651?s=96&d=mm&r=g\",\"caption\":\"admin\"},\"description\":\"Nicolas Laustriat a construit sa sp\u00e9cialit\u00e9 sur un sujet que beaucoup d\u2019organisations d\u00e9couvrent trop tard : ce qui dispara\u00eet quand les gens partent. Dipl\u00f4m\u00e9 en conception de produit industriel, il bifurque vers le digital fin 1996, il couvre les transformations marques, RH, la fid\u00e9lisation, la marque employeur. Sur le terrain, il rep\u00e8re un angle mort r\u00e9current : l\u2019entreprise investit dans le recrutement, la formation, les process\u2026 puis laisse filer le lien au moment du d\u00e9part, avec une perte de savoir et d\u2019influence qui se paie en silence. Il se sp\u00e9cialise alors sur les communaut\u00e9s d\u2019alumni, le mentorat, l\u2019entraide interg\u00e9n\u00e9rationnelle et la transmission d\u2019expertise. Il passe du \u201cconstat\u201d aux m\u00e9thodes : animation, gouvernance, segmentation, rituels, mesure d\u2019engagement, articulation avec la RSE et l\u2019employabilit\u00e9. Il interviewe DRH, responsables formation, directions d\u2019\u00e9coles, associations et fondations, avec une obsession : transformer un r\u00e9seau dormant en m\u00e9canisme utile (cooptation, mentorat, job board, entraide, \u00e9v\u00e9nements, contenus). Son style : direct, orient\u00e9 action, sans folklore. Sa conviction : une communaut\u00e9 n\u2019a pas besoin de bruit, elle a besoin de raisons de revenir.\",\"sameAs\":[\"https:\\\/\\\/www.alumni.space\"]}]}<\/script>\n<!-- \/ Yoast SEO plugin. -->","yoast_head_json":{"title":"Mangel an Talenten: ein Hemmschuh f\u00fcr den Hoch- und Tiefbau","description":"Erfahren Sie, welche Auswirkungen der Mangel an Fachkr\u00e4ften im Baugewerbe hat und wie Unternehmen dieser f\u00fcr ihr Wachstum entscheidenden Herausforderung begegnen k\u00f6nnen.","robots":{"index":"index","follow":"follow","max-snippet":"max-snippet:-1","max-image-preview":"max-image-preview:large","max-video-preview":"max-video-preview:-1"},"canonical":"https:\/\/www.alumni.space\/de\/mangel-an-fachkraeften-eine-herausforderung-fuer-bauunternehmen\/","og_locale":"de_DE","og_type":"article","og_title":"Mangel an Talenten: ein Hemmschuh f\u00fcr den Hoch- und Tiefbau","og_description":"Erfahren Sie, welche Auswirkungen der Mangel an Fachkr\u00e4ften im Baugewerbe hat und wie Unternehmen dieser f\u00fcr ihr Wachstum entscheidenden Herausforderung begegnen k\u00f6nnen.","og_url":"https:\/\/www.alumni.space\/de\/mangel-an-fachkraeften-eine-herausforderung-fuer-bauunternehmen\/","og_site_name":"Alumni.space","article_published_time":"2024-04-01T22:11:33+00:00","article_modified_time":"2026-04-02T12:07:44+00:00","og_image":[{"width":1280,"height":768,"url":"https:\/\/www.alumni.space\/wp-content\/uploads\/2026\/03\/Penurie-de-competences-un-defi-pour-les-entreprises-du-BTP.jpg","type":"image\/jpeg"}],"author":"admin","twitter_card":"summary_large_image","twitter_misc":{"Verfasst von":"admin","Gesch\u00e4tzte Lesezeit":"4\u00a0Minuten"},"schema":{"@context":"https:\/\/schema.org","@graph":[{"@type":"Article","@id":"https:\/\/www.alumni.space\/de\/mangel-an-fachkraeften-eine-herausforderung-fuer-bauunternehmen\/#article","isPartOf":{"@id":"https:\/\/www.alumni.space\/de\/mangel-an-fachkraeften-eine-herausforderung-fuer-bauunternehmen\/"},"author":{"name":"admin","@id":"https:\/\/www.alumni.space\/de\/#\/schema\/person\/fede362a57876edda476a61f05ce5b15"},"headline":"Mangel an Fachkr\u00e4ften: eine Herausforderung f\u00fcr Bauunternehmen","datePublished":"2024-04-01T22:11:33+00:00","dateModified":"2026-04-02T12:07:44+00:00","mainEntityOfPage":{"@id":"https:\/\/www.alumni.space\/de\/mangel-an-fachkraeften-eine-herausforderung-fuer-bauunternehmen\/"},"wordCount":796,"image":{"@id":"https:\/\/www.alumni.space\/de\/mangel-an-fachkraeften-eine-herausforderung-fuer-bauunternehmen\/#primaryimage"},"thumbnailUrl":"https:\/\/www.alumni.space\/wp-content\/uploads\/2026\/03\/Penurie-de-competences-un-defi-pour-les-entreprises-du-BTP.jpg","articleSection":["Personalwesen"],"inLanguage":"de"},{"@type":"WebPage","@id":"https:\/\/www.alumni.space\/de\/mangel-an-fachkraeften-eine-herausforderung-fuer-bauunternehmen\/","url":"https:\/\/www.alumni.space\/de\/mangel-an-fachkraeften-eine-herausforderung-fuer-bauunternehmen\/","name":"Mangel an Talenten: ein Hemmschuh f\u00fcr den Hoch- und Tiefbau","isPartOf":{"@id":"https:\/\/www.alumni.space\/de\/#website"},"primaryImageOfPage":{"@id":"https:\/\/www.alumni.space\/de\/mangel-an-fachkraeften-eine-herausforderung-fuer-bauunternehmen\/#primaryimage"},"image":{"@id":"https:\/\/www.alumni.space\/de\/mangel-an-fachkraeften-eine-herausforderung-fuer-bauunternehmen\/#primaryimage"},"thumbnailUrl":"https:\/\/www.alumni.space\/wp-content\/uploads\/2026\/03\/Penurie-de-competences-un-defi-pour-les-entreprises-du-BTP.jpg","datePublished":"2024-04-01T22:11:33+00:00","dateModified":"2026-04-02T12:07:44+00:00","author":{"@id":"https:\/\/www.alumni.space\/de\/#\/schema\/person\/fede362a57876edda476a61f05ce5b15"},"description":"Erfahren Sie, welche Auswirkungen der Mangel an Fachkr\u00e4ften im Baugewerbe hat und wie Unternehmen dieser f\u00fcr ihr Wachstum entscheidenden Herausforderung begegnen k\u00f6nnen.","breadcrumb":{"@id":"https:\/\/www.alumni.space\/de\/mangel-an-fachkraeften-eine-herausforderung-fuer-bauunternehmen\/#breadcrumb"},"inLanguage":"de","potentialAction":[{"@type":"ReadAction","target":["https:\/\/www.alumni.space\/de\/mangel-an-fachkraeften-eine-herausforderung-fuer-bauunternehmen\/"]}]},{"@type":"ImageObject","inLanguage":"de","@id":"https:\/\/www.alumni.space\/de\/mangel-an-fachkraeften-eine-herausforderung-fuer-bauunternehmen\/#primaryimage","url":"https:\/\/www.alumni.space\/wp-content\/uploads\/2026\/03\/Penurie-de-competences-un-defi-pour-les-entreprises-du-BTP.jpg","contentUrl":"https:\/\/www.alumni.space\/wp-content\/uploads\/2026\/03\/Penurie-de-competences-un-defi-pour-les-entreprises-du-BTP.jpg","width":1280,"height":768,"caption":"Erfahren Sie mehr \u00fcber die Herausforderungen des Fachkr\u00e4ftemangels in der Baubranche und wie Unternehmen dieser f\u00fcr ihre Entwicklung entscheidenden Herausforderung begegnen k\u00f6nnen."},{"@type":"BreadcrumbList","@id":"https:\/\/www.alumni.space\/de\/mangel-an-fachkraeften-eine-herausforderung-fuer-bauunternehmen\/#breadcrumb","itemListElement":[{"@type":"ListItem","position":1,"name":"Home","item":"https:\/\/www.alumni.space\/de\/plattform-fuer-die-verwaltung-von-mentoring-und-unternehmensalumni\/"},{"@type":"ListItem","position":2,"name":"Mangel an Fachkr\u00e4ften: eine Herausforderung f\u00fcr Bauunternehmen"}]},{"@type":"WebSite","@id":"https:\/\/www.alumni.space\/de\/#website","url":"https:\/\/www.alumni.space\/de\/","name":"Alumni.space","description":"My WordPress Blog","potentialAction":[{"@type":"SearchAction","target":{"@type":"EntryPoint","urlTemplate":"https:\/\/www.alumni.space\/de\/?s={search_term_string}"},"query-input":{"@type":"PropertyValueSpecification","valueRequired":true,"valueName":"search_term_string"}}],"inLanguage":"de"},{"@type":"Person","@id":"https:\/\/www.alumni.space\/de\/#\/schema\/person\/fede362a57876edda476a61f05ce5b15","name":"admin","image":{"@type":"ImageObject","inLanguage":"de","@id":"https:\/\/secure.gravatar.com\/avatar\/318e234ae94f90d4d629428d6b983c08e31181c28f579e08a021180d759ea651?s=96&d=mm&r=g","url":"https:\/\/secure.gravatar.com\/avatar\/318e234ae94f90d4d629428d6b983c08e31181c28f579e08a021180d759ea651?s=96&d=mm&r=g","contentUrl":"https:\/\/secure.gravatar.com\/avatar\/318e234ae94f90d4d629428d6b983c08e31181c28f579e08a021180d759ea651?s=96&d=mm&r=g","caption":"admin"},"description":"Nicolas Laustriat a construit sa sp\u00e9cialit\u00e9 sur un sujet que beaucoup d\u2019organisations d\u00e9couvrent trop tard : ce qui dispara\u00eet quand les gens partent. Dipl\u00f4m\u00e9 en conception de produit industriel, il bifurque vers le digital fin 1996, il couvre les transformations marques, RH, la fid\u00e9lisation, la marque employeur. Sur le terrain, il rep\u00e8re un angle mort r\u00e9current : l\u2019entreprise investit dans le recrutement, la formation, les process\u2026 puis laisse filer le lien au moment du d\u00e9part, avec une perte de savoir et d\u2019influence qui se paie en silence. Il se sp\u00e9cialise alors sur les communaut\u00e9s d\u2019alumni, le mentorat, l\u2019entraide interg\u00e9n\u00e9rationnelle et la transmission d\u2019expertise. Il passe du \u201cconstat\u201d aux m\u00e9thodes : animation, gouvernance, segmentation, rituels, mesure d\u2019engagement, articulation avec la RSE et l\u2019employabilit\u00e9. Il interviewe DRH, responsables formation, directions d\u2019\u00e9coles, associations et fondations, avec une obsession : transformer un r\u00e9seau dormant en m\u00e9canisme utile (cooptation, mentorat, job board, entraide, \u00e9v\u00e9nements, contenus). Son style : direct, orient\u00e9 action, sans folklore. Sa conviction : une communaut\u00e9 n\u2019a pas besoin de bruit, elle a besoin de raisons de revenir.","sameAs":["https:\/\/www.alumni.space"]}]}},"_links":{"self":[{"href":"https:\/\/www.alumni.space\/de\/wp-json\/wp\/v2\/posts\/3835","targetHints":{"allow":["GET"]}}],"collection":[{"href":"https:\/\/www.alumni.space\/de\/wp-json\/wp\/v2\/posts"}],"about":[{"href":"https:\/\/www.alumni.space\/de\/wp-json\/wp\/v2\/types\/post"}],"author":[{"embeddable":true,"href":"https:\/\/www.alumni.space\/de\/wp-json\/wp\/v2\/users\/1"}],"replies":[{"embeddable":true,"href":"https:\/\/www.alumni.space\/de\/wp-json\/wp\/v2\/comments?post=3835"}],"version-history":[{"count":2,"href":"https:\/\/www.alumni.space\/de\/wp-json\/wp\/v2\/posts\/3835\/revisions"}],"predecessor-version":[{"id":7165,"href":"https:\/\/www.alumni.space\/de\/wp-json\/wp\/v2\/posts\/3835\/revisions\/7165"}],"wp:featuredmedia":[{"embeddable":true,"href":"https:\/\/www.alumni.space\/de\/wp-json\/wp\/v2\/media\/3837"}],"wp:attachment":[{"href":"https:\/\/www.alumni.space\/de\/wp-json\/wp\/v2\/media?parent=3835"}],"wp:term":[{"taxonomy":"category","embeddable":true,"href":"https:\/\/www.alumni.space\/de\/wp-json\/wp\/v2\/categories?post=3835"},{"taxonomy":"post_tag","embeddable":true,"href":"https:\/\/www.alumni.space\/de\/wp-json\/wp\/v2\/tags?post=3835"}],"curies":[{"name":"wp","href":"https:\/\/api.w.org\/{rel}","templated":true}]}}